{"id":1045,"date":"2016-08-31T23:46:16","date_gmt":"2016-08-31T21:46:16","guid":{"rendered":"http:\/\/menzendorff.de\/?p=1045"},"modified":"2019-04-21T11:43:30","modified_gmt":"2019-04-21T09:43:30","slug":"2016-august-belgien-2","status":"publish","type":"post","link":"http:\/\/menzendorff.de\/?p=1045","title":{"rendered":"2016, August, Belgien 2"},"content":{"rendered":"<p><span style=\"font-size: xx-large;\">Belgien &#8211; Teil 2<\/span><\/p>\n<p>Im August dieses Jahres gelang es mir, zwei Tage f\u00fcr die Templerforschung freizunehmen. Nach dem ich letztes Jahr \u00fcber den Besuch der Stollen s\u00fcdlich von Maastricht (<a href=\"http:\/\/menzendorff.de\/?p=499\" target=\"_blank\" rel=\"noopener\">f\u00fcr den Bericht hier klicken<\/a>!) darauf aufmerksam gemacht wurde, dass es gegen\u00fcber dem Steinbruch auf der rechten Seite der Maas in Vis\u00e9 eine Komturei der Templer g\u00e4be, plante ich diese freien Tage f\u00fcr eine weitere Reise nach Belgien ein. Ich hatte noch vier Templerorte in Belgien &#8222;auf dem Radar&#8220;, die doch recht weit auseinander lagen.<\/p>\n<p>Die Reise sollte mich praktisch durch das ganze Land f\u00fchren:<\/p>\n<p><a href=\"http:\/\/menzendorff.de\/wp-content\/uploads\/2017\/02\/Screenshot-2017-02-02-18.30.03.png\"><img loading=\"lazy\" class=\"aligncenter size-large wp-image-1111\" src=\"http:\/\/menzendorff.de\/wp-content\/uploads\/2017\/02\/Screenshot-2017-02-02-18.30.03-1024x514.png\" alt=\"Screenshot 2017-02-02 18.30.03\" width=\"625\" height=\"314\" srcset=\"http:\/\/menzendorff.de\/wp-content\/uploads\/2017\/02\/Screenshot-2017-02-02-18.30.03-1024x514.png 1024w, http:\/\/menzendorff.de\/wp-content\/uploads\/2017\/02\/Screenshot-2017-02-02-18.30.03-300x151.png 300w, http:\/\/menzendorff.de\/wp-content\/uploads\/2017\/02\/Screenshot-2017-02-02-18.30.03-768x385.png 768w, http:\/\/menzendorff.de\/wp-content\/uploads\/2017\/02\/Screenshot-2017-02-02-18.30.03-624x313.png 624w, http:\/\/menzendorff.de\/wp-content\/uploads\/2017\/02\/Screenshot-2017-02-02-18.30.03.png 1479w\" sizes=\"(max-width: 625px) 100vw, 625px\" \/><\/a><\/p>\n<p><span style=\"font-size: xx-large;\">1 Province de Li\u00e8ge<\/span><\/p>\n<p><span style=\"font-size: xx-large;\">Commanderie de Vis\u00e9<br \/>\n<\/span><\/p>\n<p>Ich begann die Unternehmung gleich in Vis\u00e9, nachdem ich bei Aachen \u00fcber die belgische Grenze in der Province Li\u00e8ge (L\u00fcttich\/Luik) ankam. Die Adresse der Komturei hatte ich zuvor im Internet ausfindig gemacht: <a href=\"http:\/\/www.lavenir.net\/cnt\/dmf20140120_00419867\" target=\"_blank\" rel=\"noopener\">Ferme de Vis\u00e9.<\/a><\/p>\n<p>Es werden dort Kartoffeln und Gem\u00fcse zu Kauf angeboten. Das Geh\u00f6ft ist im Privatbesitz und es wird auch auf der offiziellen Homepage der Stadt Vis\u00e9 gemahnt, die Privatsph\u00e4re der Besucher zu respektieren und eventuelle Besuche vorher telefonisch abzustimmen. <a href=\"http:\/\/www.vise.be\/loisirs\/espace-tourisme\/geographie-histoire\/monuments-et-curiosites\/la-ferme-du-temple\" target=\"_blank\" rel=\"noopener\">(die Telefonnummer finden Sie hier)<\/a><\/p>\n<p style=\"text-align: center;\"><a href=\"http:\/\/menzendorff.de\/wp-content\/uploads\/2017\/02\/DSC_0003.jpg\"><img loading=\"lazy\" class=\"aligncenter size-large wp-image-1166\" src=\"http:\/\/menzendorff.de\/wp-content\/uploads\/2017\/02\/DSC_0003-1024x683.jpg\" alt=\"DSC_0003\" width=\"625\" height=\"417\" srcset=\"http:\/\/menzendorff.de\/wp-content\/uploads\/2017\/02\/DSC_0003.jpg 1024w, http:\/\/menzendorff.de\/wp-content\/uploads\/2017\/02\/DSC_0003-300x200.jpg 300w, http:\/\/menzendorff.de\/wp-content\/uploads\/2017\/02\/DSC_0003-768x512.jpg 768w, http:\/\/menzendorff.de\/wp-content\/uploads\/2017\/02\/DSC_0003-624x416.jpg 624w\" sizes=\"(max-width: 625px) 100vw, 625px\" \/><\/a>Le Temple de <strong>Vis\u00e9, 4600 Vis\u00e9<\/strong>, Li\u00e8ge<\/p>\n<p>Links neben der Zufahrt befand sich ein recht gro\u00dfer Teich. Man darf vermuten, dass der Teich schon von den Templern angelegt worden ist. Die Templer hatten einen verbindlichen Speiseplan einzuhalten, in dem auch regelm\u00e4\u00dfig Fischverzehr aufgetragen wurde. Deswegen geh\u00f6rte ein entsprechend gro\u00dfer Teich praktisch zur Grundausstattung eines Templergeh\u00f6fts. Bei der Bearbeitung dieses Beitrages fiel mir eine frappierende \u00c4hnlichkeit zu einer anderen bekannten ehemaligen Templerfarm auf, die sich im Burgund befindet. Hier wie dort liegt der Templerteich links neben der Zufahrt.<\/p>\n<p style=\"text-align: center;\"><a href=\"http:\/\/menzendorff.de\/wp-content\/uploads\/2017\/02\/Ferme-de-Montmorot.jpg\"><img loading=\"lazy\" class=\"aligncenter size-large wp-image-1174\" src=\"http:\/\/menzendorff.de\/wp-content\/uploads\/2017\/02\/Ferme-de-Montmorot-1024x768.jpg\" alt=\"Ferme de Montmorot\" width=\"625\" height=\"469\" srcset=\"http:\/\/menzendorff.de\/wp-content\/uploads\/2017\/02\/Ferme-de-Montmorot.jpg 1024w, http:\/\/menzendorff.de\/wp-content\/uploads\/2017\/02\/Ferme-de-Montmorot-300x225.jpg 300w, http:\/\/menzendorff.de\/wp-content\/uploads\/2017\/02\/Ferme-de-Montmorot-768x576.jpg 768w, http:\/\/menzendorff.de\/wp-content\/uploads\/2017\/02\/Ferme-de-Montmorot-624x468.jpg 624w\" sizes=\"(max-width: 625px) 100vw, 625px\" \/><\/a>Ferme de <strong>Montmorot<\/strong>, 21580 Salives, C\u00f4te d&#8217;Or<a href=\"http:\/\/menzendorff.de\/wp-content\/uploads\/2017\/02\/DSC_0005.jpg\"><img loading=\"lazy\" class=\"aligncenter size-large wp-image-1167\" src=\"http:\/\/menzendorff.de\/wp-content\/uploads\/2017\/02\/DSC_0005-1024x683.jpg\" alt=\"DSC_0005\" width=\"625\" height=\"417\" srcset=\"http:\/\/menzendorff.de\/wp-content\/uploads\/2017\/02\/DSC_0005.jpg 1024w, http:\/\/menzendorff.de\/wp-content\/uploads\/2017\/02\/DSC_0005-300x200.jpg 300w, http:\/\/menzendorff.de\/wp-content\/uploads\/2017\/02\/DSC_0005-768x512.jpg 768w, http:\/\/menzendorff.de\/wp-content\/uploads\/2017\/02\/DSC_0005-624x416.jpg 624w\" sizes=\"(max-width: 625px) 100vw, 625px\" \/><\/a>commanderie de <strong>4600<\/strong> <strong><em>Vis\u00e9<\/em><\/strong><\/p>\n<p style=\"text-align: left;\">Ich hatte mein Auto schon am Anfang der Zufahrt abgestellt, um die Leute nicht unn\u00f6tig zu st\u00f6ren und n\u00e4herte mich dem Eingang des Geh\u00f6ftes zu Fu\u00df.<\/p>\n<p style=\"text-align: left;\"><a href=\"http:\/\/menzendorff.de\/wp-content\/uploads\/2017\/02\/DSC_0008.jpg\"><img loading=\"lazy\" class=\"aligncenter size-large wp-image-1169\" src=\"http:\/\/menzendorff.de\/wp-content\/uploads\/2017\/02\/DSC_0008-1024x683.jpg\" alt=\"DSC_0008\" width=\"625\" height=\"417\" srcset=\"http:\/\/menzendorff.de\/wp-content\/uploads\/2017\/02\/DSC_0008.jpg 1024w, http:\/\/menzendorff.de\/wp-content\/uploads\/2017\/02\/DSC_0008-300x200.jpg 300w, http:\/\/menzendorff.de\/wp-content\/uploads\/2017\/02\/DSC_0008-768x512.jpg 768w, http:\/\/menzendorff.de\/wp-content\/uploads\/2017\/02\/DSC_0008-624x416.jpg 624w\" sizes=\"(max-width: 625px) 100vw, 625px\" \/><\/a>\u00dcber dem Tor fand sich dieses Malteserkreuz mit Jahreszahl 1719:<\/p>\n<p style=\"text-align: left;\"><a href=\"http:\/\/menzendorff.de\/wp-content\/uploads\/2017\/02\/DSC_0007.jpg\"><img loading=\"lazy\" class=\"aligncenter size-large wp-image-1168\" src=\"http:\/\/menzendorff.de\/wp-content\/uploads\/2017\/02\/DSC_0007-1024x683.jpg\" alt=\"DSC_0007\" width=\"625\" height=\"417\" srcset=\"http:\/\/menzendorff.de\/wp-content\/uploads\/2017\/02\/DSC_0007.jpg 1024w, http:\/\/menzendorff.de\/wp-content\/uploads\/2017\/02\/DSC_0007-300x200.jpg 300w, http:\/\/menzendorff.de\/wp-content\/uploads\/2017\/02\/DSC_0007-768x512.jpg 768w, http:\/\/menzendorff.de\/wp-content\/uploads\/2017\/02\/DSC_0007-624x416.jpg 624w\" sizes=\"(max-width: 625px) 100vw, 625px\" \/><\/a>Ich beschr\u00e4nkte mich bei den Innenaufnahmen auf die \u00f6ffentlich zug\u00e4nglichen Bereiche.<\/p>\n<p style=\"text-align: left;\"><a href=\"http:\/\/menzendorff.de\/wp-content\/uploads\/2017\/02\/DSC_0009.jpg\"><img loading=\"lazy\" class=\"aligncenter size-large wp-image-1170\" src=\"http:\/\/menzendorff.de\/wp-content\/uploads\/2017\/02\/DSC_0009-1024x683.jpg\" alt=\"DSC_0009\" width=\"625\" height=\"417\" srcset=\"http:\/\/menzendorff.de\/wp-content\/uploads\/2017\/02\/DSC_0009.jpg 1024w, http:\/\/menzendorff.de\/wp-content\/uploads\/2017\/02\/DSC_0009-300x200.jpg 300w, http:\/\/menzendorff.de\/wp-content\/uploads\/2017\/02\/DSC_0009-768x512.jpg 768w, http:\/\/menzendorff.de\/wp-content\/uploads\/2017\/02\/DSC_0009-624x416.jpg 624w\" sizes=\"(max-width: 625px) 100vw, 625px\" \/><\/a>Die Jahreszahl auf dem Hauptgeb\u00e4ude weist auf den Ausbauzustand des Jahres 1687 hin. Der <a href=\"http:\/\/www.vise.be\/loisirs\/espace-tourisme\/geographie-histoire\/monuments-et-curiosites\/la-ferme-du-temple\" target=\"_blank\" rel=\"noopener\">Homepage<\/a> der Stadt Vis\u00e9 kann man entnehmen, dass die Komturei im Jahre 1675 von den Armeen des &#8222;Sonnenk\u00f6nigs&#8220; Ludwig\u00a0 XIV zerst\u00f6rt worden war.<\/p>\n<p style=\"text-align: center;\"><a href=\"http:\/\/menzendorff.de\/wp-content\/uploads\/2017\/02\/DSC_0014.jpg\"><img loading=\"lazy\" class=\"aligncenter size-large wp-image-1172\" src=\"http:\/\/menzendorff.de\/wp-content\/uploads\/2017\/02\/DSC_0014-1024x683.jpg\" alt=\"DSC_0014\" width=\"625\" height=\"417\" srcset=\"http:\/\/menzendorff.de\/wp-content\/uploads\/2017\/02\/DSC_0014.jpg 1024w, http:\/\/menzendorff.de\/wp-content\/uploads\/2017\/02\/DSC_0014-300x200.jpg 300w, http:\/\/menzendorff.de\/wp-content\/uploads\/2017\/02\/DSC_0014-768x512.jpg 768w, http:\/\/menzendorff.de\/wp-content\/uploads\/2017\/02\/DSC_0014-624x416.jpg 624w\" sizes=\"(max-width: 625px) 100vw, 625px\" \/><\/a>Der Eingang zum Gem\u00fcseladen (leider gerade Mittagspause).<\/p>\n<p style=\"text-align: left;\"><a href=\"http:\/\/menzendorff.de\/wp-content\/uploads\/2017\/02\/DSC_0013.jpg\"><img loading=\"lazy\" class=\"aligncenter size-large wp-image-1171\" src=\"http:\/\/menzendorff.de\/wp-content\/uploads\/2017\/02\/DSC_0013-1024x683.jpg\" alt=\"DSC_0013\" width=\"625\" height=\"417\" srcset=\"http:\/\/menzendorff.de\/wp-content\/uploads\/2017\/02\/DSC_0013.jpg 1024w, http:\/\/menzendorff.de\/wp-content\/uploads\/2017\/02\/DSC_0013-300x200.jpg 300w, http:\/\/menzendorff.de\/wp-content\/uploads\/2017\/02\/DSC_0013-768x512.jpg 768w, http:\/\/menzendorff.de\/wp-content\/uploads\/2017\/02\/DSC_0013-624x416.jpg 624w\" sizes=\"(max-width: 625px) 100vw, 625px\" \/><\/a>Den Namen dieses Komturs Jacques Laure de Breteuil, der nach <a href=\"https:\/\/fr.wikipedia.org\/wiki\/Jacques-Laure_Le_Tonnelier_de_Breteuil\" target=\"_blank\" rel=\"noopener\">Wikipedia<\/a> auch ein F\u00f6rderer der K\u00fcnste gewesen sein soll, und sein Wappen findet man auch an der Templerkirche von <strong>4550 <a href=\"http:\/\/menzendorff.de\/?p=499\" target=\"_blank\" rel=\"noopener\">Villers-le-Temple<\/a><\/strong>, die etwa 45 Km s\u00fcdwestlich von Vis\u00e9\u00a0 liegt.\u00a0 Jan Hosten schreibt auf S. 224 in seinem Buch De Tempeliers von 2006: &#8222;In <em>Vis\u00e9, <\/em>ten noorden van Luik, bezat de orde een huis met kapel en een flink aantal rechten.&#8220; &#8211; In Vis\u00e9, im Norden von L\u00fcttich, besa\u00df der Orden ein Haus mit Kapelle und eine stattliche Anzahl an Rechten.<\/p>\n<p style=\"text-align: left;\">Im Jahre 1575 soll die Komturei so ausgesehen haben:<\/p>\n<p style=\"text-align: center;\"><a href=\"http:\/\/menzendorff.de\/wp-content\/uploads\/2017\/02\/Vise.png\"><img loading=\"lazy\" class=\"aligncenter size-full wp-image-1181\" src=\"http:\/\/menzendorff.de\/wp-content\/uploads\/2017\/02\/Vise.png\" alt=\"Vise\" width=\"797\" height=\"597\" srcset=\"http:\/\/menzendorff.de\/wp-content\/uploads\/2017\/02\/Vise.png 797w, http:\/\/menzendorff.de\/wp-content\/uploads\/2017\/02\/Vise-300x225.png 300w, http:\/\/menzendorff.de\/wp-content\/uploads\/2017\/02\/Vise-768x575.png 768w, http:\/\/menzendorff.de\/wp-content\/uploads\/2017\/02\/Vise-624x467.png 624w\" sizes=\"(max-width: 797px) 100vw, 797px\" \/><\/a>(Quelle:<a href=\"http:\/\/home.scarlet.be\/hetoudelandvanluik\/templiers3.htm\" target=\"_blank\" rel=\"noopener\"> scarlet.be\/hetoudelandvanluik<\/a>)<\/p>\n<p style=\"text-align: left;\">Ebenfalls nach dieser Quelle sei das aktuelle Geb\u00e4ude unter dem Komtur\u00a0Charles de la Fontaine im Jahre 1628 errichtet worden.<\/p>\n<p style=\"text-align: left;\">Auszug aus dem Aufsatz von Ferdinand Henaux, in Bulletin de l&#8217;Institut Arch\u00e9ologique Li\u00e9gois, Li\u00e8ge, 1852:<\/p>\n<p style=\"text-align: left;\"><a href=\"http:\/\/menzendorff.de\/wp-content\/uploads\/2017\/02\/Seite-340.png\"><img loading=\"lazy\" class=\"aligncenter size-full wp-image-1185\" src=\"http:\/\/menzendorff.de\/wp-content\/uploads\/2017\/02\/Seite-340.png\" alt=\"Seite 340\" width=\"543\" height=\"860\" srcset=\"http:\/\/menzendorff.de\/wp-content\/uploads\/2017\/02\/Seite-340.png 543w, http:\/\/menzendorff.de\/wp-content\/uploads\/2017\/02\/Seite-340-189x300.png 189w\" sizes=\"(max-width: 543px) 100vw, 543px\" \/><\/a>Von den acht H\u00e4usern des Tempels, die sich in unserem Land befinden, ist das von Vis\u00e9 das am wenigsten bekannte. Dieser Tempel (man nimmt den Namen <em>Tempel<\/em> f\u00fcr die H\u00e4user der Templer) liegt im Osten von Vis\u00e9, 10 Minuten von dieser Stadt. Wathi Carot und seine Lebensgef\u00e4hrtin haben ihn den Templern gegen Mitte des 13. Jahrhunderts zum Geschenk gemacht. Der Tempel von Vis\u00e9 war wahrscheinlich bewohnt von einem<\/p>\n<p style=\"text-align: left;\"><a href=\"http:\/\/menzendorff.de\/wp-content\/uploads\/2017\/02\/Seite-341.png\"><img loading=\"lazy\" class=\"aligncenter size-full wp-image-1186\" src=\"http:\/\/menzendorff.de\/wp-content\/uploads\/2017\/02\/Seite-341.png\" alt=\"Seite 341\" width=\"542\" height=\"859\" srcset=\"http:\/\/menzendorff.de\/wp-content\/uploads\/2017\/02\/Seite-341.png 542w, http:\/\/menzendorff.de\/wp-content\/uploads\/2017\/02\/Seite-341-189x300.png 189w\" sizes=\"(max-width: 542px) 100vw, 542px\" \/><\/a>Prior und einigen Rittern. Sie sind in einem Dokument von 1297 als <em>seigneurs<\/em> (Grundherren) benannt worden. Diese Priorei unterstand dem Komtur des Tempels von Villers im Condroz.<\/p>\n<p style=\"text-align: center;\">(Quelle: <a href=\"https:\/\/belgique-insolite-et-occulte.blogspot.de\/search\/label\/TEMPLIERS%20Les%20Templiers%20de%20Vis%C3%A9\" target=\"_blank\" rel=\"noopener\">belgique-insolite-et-occulte.blogspot.de)<\/a><\/p>\n<p><span style=\"font-size: xx-large;\">2 Province du Brabant wallon<br \/>\n<\/span><\/p>\n<p><span style=\"font-size: xx-large;\">Commanderie de Wavre<\/span><\/p>\n<p>Mein n\u00e4chstes Etappenziel liegt s\u00fcd\u00f6stlich von Br\u00fcssel. Die Autofahrt \u00fcber Li\u00e9ge und Namur dauerte etwa eine Stunde. In der Commanderie befindet sich ein Restaurant namens <a href=\"http:\/\/www.latabledestempliers.be\/presentation.php\" target=\"_blank\" rel=\"noopener\">La Table des Templiers<\/a>. Die Adresse wird in der Homepage des Restaurants mit &#8222;Chemin du Temple&#8220; angegeben. Der Link enth\u00e4lt auch eine Anfahrtsskizze, so da\u00df nichts schief gehen konnte.<\/p>\n<p style=\"text-align: center;\"><a href=\"http:\/\/menzendorff.de\/wp-content\/uploads\/2017\/02\/DSC_0019-1.jpg\"><img loading=\"lazy\" class=\"aligncenter size-large wp-image-1197\" src=\"http:\/\/menzendorff.de\/wp-content\/uploads\/2017\/02\/DSC_0019-1-1024x683.jpg\" alt=\"DSC_0019\" width=\"625\" height=\"417\" srcset=\"http:\/\/menzendorff.de\/wp-content\/uploads\/2017\/02\/DSC_0019-1.jpg 1024w, http:\/\/menzendorff.de\/wp-content\/uploads\/2017\/02\/DSC_0019-1-300x200.jpg 300w, http:\/\/menzendorff.de\/wp-content\/uploads\/2017\/02\/DSC_0019-1-768x512.jpg 768w, http:\/\/menzendorff.de\/wp-content\/uploads\/2017\/02\/DSC_0019-1-624x416.jpg 624w\" sizes=\"(max-width: 625px) 100vw, 625px\" \/><\/a>commanderie de Wavre &#8211; Neuve-Court, <strong>1300 Wavre<\/strong><\/p>\n<p style=\"text-align: center;\"><a href=\"http:\/\/menzendorff.de\/wp-content\/uploads\/2017\/02\/DSC_0020.jpg\"><img loading=\"lazy\" class=\"aligncenter size-large wp-image-1198\" src=\"http:\/\/menzendorff.de\/wp-content\/uploads\/2017\/02\/DSC_0020-1024x683.jpg\" alt=\"DSC_0020\" width=\"625\" height=\"417\" srcset=\"http:\/\/menzendorff.de\/wp-content\/uploads\/2017\/02\/DSC_0020.jpg 1024w, http:\/\/menzendorff.de\/wp-content\/uploads\/2017\/02\/DSC_0020-300x200.jpg 300w, http:\/\/menzendorff.de\/wp-content\/uploads\/2017\/02\/DSC_0020-768x512.jpg 768w, http:\/\/menzendorff.de\/wp-content\/uploads\/2017\/02\/DSC_0020-624x416.jpg 624w\" sizes=\"(max-width: 625px) 100vw, 625px\" \/><\/a>Herrenhaus ausserhalb des Geh\u00f6fts<\/p>\n<p style=\"text-align: center;\"><a href=\"http:\/\/menzendorff.de\/wp-content\/uploads\/2017\/02\/DSC_0021.jpg\"><img loading=\"lazy\" class=\"aligncenter size-large wp-image-1199\" src=\"http:\/\/menzendorff.de\/wp-content\/uploads\/2017\/02\/DSC_0021-1024x683.jpg\" alt=\"DSC_0021\" width=\"625\" height=\"417\" srcset=\"http:\/\/menzendorff.de\/wp-content\/uploads\/2017\/02\/DSC_0021.jpg 1024w, http:\/\/menzendorff.de\/wp-content\/uploads\/2017\/02\/DSC_0021-300x200.jpg 300w, http:\/\/menzendorff.de\/wp-content\/uploads\/2017\/02\/DSC_0021-768x512.jpg 768w, http:\/\/menzendorff.de\/wp-content\/uploads\/2017\/02\/DSC_0021-624x416.jpg 624w\" sizes=\"(max-width: 625px) 100vw, 625px\" \/><\/a>Nebeneinfahrt rechts neben dem Empfangsgeb\u00e4ude<\/p>\n<p style=\"text-align: center;\"><a href=\"http:\/\/menzendorff.de\/wp-content\/uploads\/2017\/02\/DSC_0024.jpg\"><img loading=\"lazy\" class=\"aligncenter size-large wp-image-1201\" src=\"http:\/\/menzendorff.de\/wp-content\/uploads\/2017\/02\/DSC_0024-1024x683.jpg\" alt=\"DSC_0024\" width=\"625\" height=\"417\" srcset=\"http:\/\/menzendorff.de\/wp-content\/uploads\/2017\/02\/DSC_0024.jpg 1024w, http:\/\/menzendorff.de\/wp-content\/uploads\/2017\/02\/DSC_0024-300x200.jpg 300w, http:\/\/menzendorff.de\/wp-content\/uploads\/2017\/02\/DSC_0024-768x512.jpg 768w, http:\/\/menzendorff.de\/wp-content\/uploads\/2017\/02\/DSC_0024-624x416.jpg 624w\" sizes=\"(max-width: 625px) 100vw, 625px\" \/><\/a>Wappen \u00fcber dem Haupteingang<\/p>\n<p><a href=\"http:\/\/menzendorff.de\/wp-content\/uploads\/2017\/02\/DSC_0025.jpg\"><img loading=\"lazy\" class=\"aligncenter size-large wp-image-1202\" src=\"http:\/\/menzendorff.de\/wp-content\/uploads\/2017\/02\/DSC_0025-1024x683.jpg\" alt=\"DSC_0025\" width=\"625\" height=\"417\" srcset=\"http:\/\/menzendorff.de\/wp-content\/uploads\/2017\/02\/DSC_0025.jpg 1024w, http:\/\/menzendorff.de\/wp-content\/uploads\/2017\/02\/DSC_0025-300x200.jpg 300w, http:\/\/menzendorff.de\/wp-content\/uploads\/2017\/02\/DSC_0025-768x512.jpg 768w, http:\/\/menzendorff.de\/wp-content\/uploads\/2017\/02\/DSC_0025-624x416.jpg 624w\" sizes=\"(max-width: 625px) 100vw, 625px\" \/><\/a><\/p>\n<p><a href=\"http:\/\/menzendorff.de\/wp-content\/uploads\/2017\/02\/DSC_0026.jpg\"><img loading=\"lazy\" class=\"aligncenter size-large wp-image-1203\" src=\"http:\/\/menzendorff.de\/wp-content\/uploads\/2017\/02\/DSC_0026-1024x683.jpg\" alt=\"DSC_0026\" width=\"625\" height=\"417\" srcset=\"http:\/\/menzendorff.de\/wp-content\/uploads\/2017\/02\/DSC_0026.jpg 1024w, http:\/\/menzendorff.de\/wp-content\/uploads\/2017\/02\/DSC_0026-300x200.jpg 300w, http:\/\/menzendorff.de\/wp-content\/uploads\/2017\/02\/DSC_0026-768x512.jpg 768w, http:\/\/menzendorff.de\/wp-content\/uploads\/2017\/02\/DSC_0026-624x416.jpg 624w\" sizes=\"(max-width: 625px) 100vw, 625px\" \/><\/a><\/p>\n<p style=\"text-align: center;\"><a href=\"http:\/\/menzendorff.de\/wp-content\/uploads\/2017\/02\/DSC_0027.jpg\"><img loading=\"lazy\" class=\"aligncenter size-large wp-image-1204\" src=\"http:\/\/menzendorff.de\/wp-content\/uploads\/2017\/02\/DSC_0027-1024x683.jpg\" alt=\"DSC_0027\" width=\"625\" height=\"417\" srcset=\"http:\/\/menzendorff.de\/wp-content\/uploads\/2017\/02\/DSC_0027.jpg 1024w, http:\/\/menzendorff.de\/wp-content\/uploads\/2017\/02\/DSC_0027-300x200.jpg 300w, http:\/\/menzendorff.de\/wp-content\/uploads\/2017\/02\/DSC_0027-768x512.jpg 768w, http:\/\/menzendorff.de\/wp-content\/uploads\/2017\/02\/DSC_0027-624x416.jpg 624w\" sizes=\"(max-width: 625px) 100vw, 625px\" \/><\/a><em>La cour int\u00e9rieure<\/em><\/p>\n<p style=\"text-align: center;\"><a href=\"http:\/\/menzendorff.de\/wp-content\/uploads\/2017\/02\/DSC_0030.jpg\"><img loading=\"lazy\" class=\"aligncenter size-large wp-image-1205\" src=\"http:\/\/menzendorff.de\/wp-content\/uploads\/2017\/02\/DSC_0030-1024x683.jpg\" alt=\"DSC_0030\" width=\"625\" height=\"417\" srcset=\"http:\/\/menzendorff.de\/wp-content\/uploads\/2017\/02\/DSC_0030.jpg 1024w, http:\/\/menzendorff.de\/wp-content\/uploads\/2017\/02\/DSC_0030-300x200.jpg 300w, http:\/\/menzendorff.de\/wp-content\/uploads\/2017\/02\/DSC_0030-768x512.jpg 768w, http:\/\/menzendorff.de\/wp-content\/uploads\/2017\/02\/DSC_0030-624x416.jpg 624w\" sizes=\"(max-width: 625px) 100vw, 625px\" \/><\/a><em>La cour int\u00e9rieure<\/em><\/p>\n<p style=\"text-align: center;\"><a href=\"http:\/\/menzendorff.de\/wp-content\/uploads\/2017\/02\/DSC_0031.jpg\"><img loading=\"lazy\" class=\"aligncenter size-large wp-image-1206\" src=\"http:\/\/menzendorff.de\/wp-content\/uploads\/2017\/02\/DSC_0031-1024x683.jpg\" alt=\"DSC_0031\" width=\"625\" height=\"417\" srcset=\"http:\/\/menzendorff.de\/wp-content\/uploads\/2017\/02\/DSC_0031.jpg 1024w, http:\/\/menzendorff.de\/wp-content\/uploads\/2017\/02\/DSC_0031-300x200.jpg 300w, http:\/\/menzendorff.de\/wp-content\/uploads\/2017\/02\/DSC_0031-768x512.jpg 768w, http:\/\/menzendorff.de\/wp-content\/uploads\/2017\/02\/DSC_0031-624x416.jpg 624w\" sizes=\"(max-width: 625px) 100vw, 625px\" \/><\/a>Haupttor von innen<\/p>\n<p style=\"text-align: center;\"><a href=\"http:\/\/menzendorff.de\/wp-content\/uploads\/2017\/02\/DSC_0032.jpg\"><img loading=\"lazy\" class=\"aligncenter size-large wp-image-1207\" src=\"http:\/\/menzendorff.de\/wp-content\/uploads\/2017\/02\/DSC_0032-1024x683.jpg\" alt=\"DSC_0032\" width=\"625\" height=\"417\" srcset=\"http:\/\/menzendorff.de\/wp-content\/uploads\/2017\/02\/DSC_0032.jpg 1024w, http:\/\/menzendorff.de\/wp-content\/uploads\/2017\/02\/DSC_0032-300x200.jpg 300w, http:\/\/menzendorff.de\/wp-content\/uploads\/2017\/02\/DSC_0032-768x512.jpg 768w, http:\/\/menzendorff.de\/wp-content\/uploads\/2017\/02\/DSC_0032-624x416.jpg 624w\" sizes=\"(max-width: 625px) 100vw, 625px\" \/><\/a>Scheune rechts vom Haupteingang mit Jahreszahl 1615<\/p>\n<p style=\"text-align: center;\"><a href=\"http:\/\/menzendorff.de\/wp-content\/uploads\/2017\/02\/DSC_0036.jpg\"><img loading=\"lazy\" class=\"aligncenter size-large wp-image-1208\" src=\"http:\/\/menzendorff.de\/wp-content\/uploads\/2017\/02\/DSC_0036-1024x683.jpg\" alt=\"DSC_0036\" width=\"625\" height=\"417\" srcset=\"http:\/\/menzendorff.de\/wp-content\/uploads\/2017\/02\/DSC_0036.jpg 1024w, http:\/\/menzendorff.de\/wp-content\/uploads\/2017\/02\/DSC_0036-300x200.jpg 300w, http:\/\/menzendorff.de\/wp-content\/uploads\/2017\/02\/DSC_0036-768x512.jpg 768w, http:\/\/menzendorff.de\/wp-content\/uploads\/2017\/02\/DSC_0036-624x416.jpg 624w\" sizes=\"(max-width: 625px) 100vw, 625px\" \/><\/a>Detailansicht Innenhof<\/p>\n<p style=\"text-align: center;\"><a href=\"http:\/\/menzendorff.de\/wp-content\/uploads\/2017\/02\/DSC_0037.jpg\"><img loading=\"lazy\" class=\"aligncenter size-large wp-image-1209\" src=\"http:\/\/menzendorff.de\/wp-content\/uploads\/2017\/02\/DSC_0037-1024x683.jpg\" alt=\"DSC_0037\" width=\"625\" height=\"417\" srcset=\"http:\/\/menzendorff.de\/wp-content\/uploads\/2017\/02\/DSC_0037.jpg 1024w, http:\/\/menzendorff.de\/wp-content\/uploads\/2017\/02\/DSC_0037-300x200.jpg 300w, http:\/\/menzendorff.de\/wp-content\/uploads\/2017\/02\/DSC_0037-768x512.jpg 768w, http:\/\/menzendorff.de\/wp-content\/uploads\/2017\/02\/DSC_0037-624x416.jpg 624w\" sizes=\"(max-width: 625px) 100vw, 625px\" \/><\/a>Detailansicht Innenhof<\/p>\n<p>&nbsp;<\/p>\n<p style=\"text-align: center;\"><a href=\"http:\/\/menzendorff.de\/wp-content\/uploads\/2017\/02\/DSC_0023.jpg\"><img loading=\"lazy\" class=\"aligncenter size-large wp-image-1200\" src=\"http:\/\/menzendorff.de\/wp-content\/uploads\/2017\/02\/DSC_0023-1024x683.jpg\" alt=\"DSC_0023\" width=\"625\" height=\"417\" srcset=\"http:\/\/menzendorff.de\/wp-content\/uploads\/2017\/02\/DSC_0023.jpg 1024w, http:\/\/menzendorff.de\/wp-content\/uploads\/2017\/02\/DSC_0023-300x200.jpg 300w, http:\/\/menzendorff.de\/wp-content\/uploads\/2017\/02\/DSC_0023-768x512.jpg 768w, http:\/\/menzendorff.de\/wp-content\/uploads\/2017\/02\/DSC_0023-624x416.jpg 624w\" sizes=\"(max-width: 625px) 100vw, 625px\" \/><\/a>Kapelle von Osten<\/p>\n<p style=\"text-align: center;\"><a href=\"http:\/\/menzendorff.de\/wp-content\/uploads\/2017\/02\/DSC_0039.jpg\"><img loading=\"lazy\" class=\"aligncenter size-large wp-image-1210\" src=\"http:\/\/menzendorff.de\/wp-content\/uploads\/2017\/02\/DSC_0039-1024x683.jpg\" alt=\"DSC_0039\" width=\"625\" height=\"417\" srcset=\"http:\/\/menzendorff.de\/wp-content\/uploads\/2017\/02\/DSC_0039.jpg 1024w, http:\/\/menzendorff.de\/wp-content\/uploads\/2017\/02\/DSC_0039-300x200.jpg 300w, http:\/\/menzendorff.de\/wp-content\/uploads\/2017\/02\/DSC_0039-768x512.jpg 768w, http:\/\/menzendorff.de\/wp-content\/uploads\/2017\/02\/DSC_0039-624x416.jpg 624w\" sizes=\"(max-width: 625px) 100vw, 625px\" \/><\/a>Kapelle von Nordosten<\/p>\n<p>\u00dcber die Commanderie Wavre habe ich in der Literatur nicht sehr viel Material finden k\u00f6nnen:<\/p>\n<p>Jan Hosten schreibt in &#8222;De tempeliers&#8220;, S. 223: &#8222;In <em>Waver<\/em> tenslotte, hadden de tempeliers een huis met kapel, &#8218;Neuve-Court&#8216; genaamd. Er is geen stichtingsakte bewaard, mar Laurent Dailliez dateert de stichting van het huis in 1183.&#8220; &#8211; In <em>Waver<\/em> schlie\u00dflich hatten die Templer ein Haus mit Kapelle, genannt &#8218;Neuhof&#8216;. Es ist keine Stiftungsurkunde erhalten, aber Laurent Dailliez (damit ist das Werk: <span class=\"st\"> <em>Laurent Dailliez \u2014 Les Templiers<\/em> en Flandre, <em>Hainaut<\/em>, <em>Brabant<\/em>, Li\u00e8ge et Luxembourg \u2014 Nice: Alpes-M\u00e9diterrann\u00e9e \u00c9ditions \u2014 Impres-sud, 1978<\/span> gemeint, <strong>der Verf.<\/strong>) datiert die Stiftung dieses Hauses auf 1183.<\/p>\n<p>In seiner Homepage <a href=\"http:\/\/www.tempeliers.be\/artikels\/artikel004.html\" target=\"_blank\" rel=\"noopener\">tempeliers.be<\/a> erg\u00e4nzt Hosten noch: &#8222;la commanderie de Wavre &#8211; Neuve Court (Brabant) date probablement de 1183. Le b\u00e2timent impressionant subsiste jusqu\u2019\u00e0 ce jour, mais il a subi de nombreuses restaurations Hospitaliers. &#8220; &#8211; Die Komturei von <em>Wavre &#8211; Neuve Court (Brabant) <\/em>datiert wahrscheinlich von 1183. Das eindrucksvolle Geb\u00e4ude \u00fcberdauerte bis heute, aber es war zahlreichen Umbauarbeiten durch die Hospitalritter unterzogen worden.<\/p>\n<p>Christophe Staf hingegen schreibt in seiner Homepage <a href=\"http:\/\/www.templiers.org\/wavre.php\" target=\"_blank\" rel=\"noopener\">templiers.org<\/a>: &#8222;L&#8217;existence de la commanderie de la Neuve-Court \u00e0 Wavre est due \u00e0 un don que fit Godefroid 1<sup>er<\/sup>, duc de Brabant, aux Templiers entre 1130 et 1140. Ce domaine, situ\u00e9 au nord de la ville de Wavre, comprenait une centaine d&#8217;hectares de terres, ainsi que des marais et des p\u00e2tures.<br \/>\nLa commanderie que les Templiers install\u00e8rent \u00e0 cet endroit leur permit d&#8217;exploiter et de valoriser toutes ces terres et \u00e9tait d\u00e9pendante de la commanderie de <a href=\"http:\/\/www.templiers.org\/vaillampont.php\">Vaillampont<\/a> pr\u00e8s de Nivelles.&#8220;<\/p>\n<p>Die Existenz der Komturei von Neuhof in Wavre beruht auf einer Schenkung Gottfrieds I, Herzog von Brabant, an die Templer zwischen 1130 und 1140. Die Dom\u00e4ne, die sich n\u00f6rdlich der Stadt Wavre befindet, umfasst einhundert Hektar Ackerboden, aber auch Moore und Weiden. Die Komturei, die die Templer an diesem Ort eingerichtet haben, erlaubte ihnen, alle diese L\u00e4ndereien zu nutzen und verwerten. Sie war der Komturei von Vaillampont unterstellt.<\/p>\n<p>Die Widerspr\u00fcche dieser beiden Autoren zum Gr\u00fcndungsjahr konnte ich bisher noch nicht aufl\u00f6sen.<\/p>\n<p>&nbsp;<\/p>\n<p><span style=\"font-size: xx-large;\">3 Provincie West-Vlaanderen<\/span><\/p>\n<p><span style=\"font-size: xx-large;\">Ieper<\/span><\/p>\n<p>Die n\u00e4chste Etappe brachte mich in die <em>Vlaamse Gemeenschap. <\/em>Mein Ziel war die Stadt <strong>Ieper<\/strong> in West-Vlaanderen. Die Fahrt nach Westen dauerte ca. 1 h 30 min und f\u00fchrte \u00fcber die St\u00e4dte Br\u00fcssel, Gent und Kortrijk. Ieper ist eine Stadt mit ca. 35.000 Einwohnern, die im ersten Weltkrieg durch heftigste K\u00e4mpfe stark zerst\u00f6rt und danach mit sehr viel Feingef\u00fchl und M\u00fche teilweise im Originalzustand wieder aufgebaut wurde. Man mu\u00df schon sehr genau hinschauen, bevor man sich davon \u00fcberzeugt, dass die H\u00e4user viel j\u00fcnger sind, als man vermuten w\u00fcrde.<\/p>\n<p>Wie \u00fcblich \u00fcbernachtete ich in meiner seit Jahren bevorzugten Pension <a href=\"http:\/\/www.sabbajon.be\/public\/en\/index.html\" target=\"_blank\" rel=\"noopener\">saBBajon<\/a>, die ich sehr gerne weiter empfehle, weil die sehr freundliche Inhaberin seit nunmehr 10 Jahren daf\u00fcr nachhaltig sorgt, dass es ihren G\u00e4sten an nichts fehlt. Zudem sind die Zimmer \u00e4u\u00dferst ger\u00e4umig und komfortabel. Die Sanit\u00e4reinrichtungen der \u00fcberaus geschmackvoll und wohnlich eingerichteten Zimmer verdienen eher die Bezeichnung &#8222;Wellness-Oase&#8220; statt &#8222;Nass-Zelle&#8220; und das Fr\u00fchst\u00fcck hat mir immer ausgezeichnet geschmeckt.<\/p>\n<p style=\"text-align: center;\"><a href=\"http:\/\/menzendorff.de\/wp-content\/uploads\/2017\/02\/1.jpg\"><img loading=\"lazy\" class=\"aligncenter size-large wp-image-1215\" src=\"http:\/\/menzendorff.de\/wp-content\/uploads\/2017\/02\/1-1024x576.jpg\" alt=\"1\" width=\"625\" height=\"352\" srcset=\"http:\/\/menzendorff.de\/wp-content\/uploads\/2017\/02\/1.jpg 1024w, http:\/\/menzendorff.de\/wp-content\/uploads\/2017\/02\/1-300x169.jpg 300w, http:\/\/menzendorff.de\/wp-content\/uploads\/2017\/02\/1-768x432.jpg 768w, http:\/\/menzendorff.de\/wp-content\/uploads\/2017\/02\/1-624x351.jpg 624w\" sizes=\"(max-width: 625px) 100vw, 625px\" \/><\/a><strong><em>Tempelierssteen<\/em><\/strong>, Rijselsestraat, <strong>8900 Ieper<\/strong>, West-Vlaanderen<\/p>\n<p><a href=\"http:\/\/menzendorff.de\/wp-content\/uploads\/2017\/02\/3.jpg\"><img loading=\"lazy\" class=\"aligncenter size-large wp-image-1216\" src=\"http:\/\/menzendorff.de\/wp-content\/uploads\/2017\/02\/3-1024x576.jpg\" alt=\"3\" width=\"625\" height=\"352\" srcset=\"http:\/\/menzendorff.de\/wp-content\/uploads\/2017\/02\/3.jpg 1024w, http:\/\/menzendorff.de\/wp-content\/uploads\/2017\/02\/3-300x169.jpg 300w, http:\/\/menzendorff.de\/wp-content\/uploads\/2017\/02\/3-768x432.jpg 768w, http:\/\/menzendorff.de\/wp-content\/uploads\/2017\/02\/3-624x351.jpg 624w\" sizes=\"(max-width: 625px) 100vw, 625px\" \/><\/a>Dieses Geb\u00e4ude war gegen Ende des 19. Jahrhunderts in Verfall geraten. Es wurde von 1898 &#8211; 1908 als Postamt ausgebaut, um nach der offenbar nicht vollst\u00e4ndigen Zerst\u00f6rung im ersten Weltkrieg von 1920 &#8211; 1923 wieder instand gesetzt und bis 1996 als Postgeb\u00e4ude benutzt zu werden. Ein Hotelprojekt soll sich in Planung befinden (<a href=\"https:\/\/nl.wikipedia.org\/wiki\/Tempelierssteen\" target=\"_blank\" rel=\"noopener\">Wikipedia<\/a>).<\/p>\n<p>Nach Jan Hosten &#8211; dessen Beitrag \u00fcber Ieper in seinem Buch &#8218;De tempeliers&#8216; wohl auch deshalb besonders umfassend und detailreich gelang, weil er selbst hier beheimatet ist &#8211; ist die Commanderie von Ieper eine der ersten Stiftungen im Westen Belgiens und verdankt ihre Entstehung einer Schenkung durch Godfried van Sint-Omaars (Godefroy de Saint-Omer), einem Gr\u00fcndungsmitglied des Templerordens in 1118. Im Jahre 1127 wurde von den Templern ein Kloster au\u00dferhalb der Stadt an der Stra\u00dfe nach Poperinge errichtet. (S. 214).<\/p>\n<p style=\"text-align: center;\"><a href=\"http:\/\/menzendorff.de\/wp-content\/uploads\/2017\/02\/Ieper.png\"><img loading=\"lazy\" class=\"aligncenter size-full wp-image-1223\" src=\"http:\/\/menzendorff.de\/wp-content\/uploads\/2017\/02\/Ieper.png\" alt=\"Ieper\" width=\"558\" height=\"504\" srcset=\"http:\/\/menzendorff.de\/wp-content\/uploads\/2017\/02\/Ieper.png 558w, http:\/\/menzendorff.de\/wp-content\/uploads\/2017\/02\/Ieper-300x271.png 300w\" sizes=\"(max-width: 558px) 100vw, 558px\" \/><\/a>Quelle: <a href=\"https:\/\/inventaris.onroerenderfgoed.be\/erfgoedobjecten\/140005\" target=\"_blank\" rel=\"noopener\">Onroerend Erfgoed<\/a><\/p>\n<p>Das sich nach Westen \u00f6ffnende Tor der Stadt Ieper (Poperinge liegt ca. 12 Kilometer westlich) \u00a0 wurde nach diesem historischen Plan <em>&#8222;Porte du Temple&#8220;<\/em> benannt. Im Westen der Altstadt gibt es heute noch eine &#8222;Tempelstraat&#8220;. Hosten beschreibt die Anzahl der Besitzungen der Templer in Ieper als &#8222;enorm&#8220; (S. 215). Die Adressen und Lagen hier einzeln anzugeben, w\u00fcrde den Rahmen dieses Berichts sprengen.<\/p>\n<p>Die N\u00e4he der Stadt Ieper zu ihrem Mitbegr\u00fcnder aus Saint-Omer spiegelt sich noch heute etwa dadurch wieder, dass zwischen der Stadt Ieper und der franz\u00f6sischen Stadt Saint-Omer eine St\u00e4dtepartnerschaft besteht und beide St\u00e4dte das sogenannte <a href=\"https:\/\/de.wikipedia.org\/wiki\/Patriarchenkreuz\" target=\"_blank\" rel=\"noopener\">Patriarchen-<\/a>\u00a0 oder <a href=\"https:\/\/de.wikipedia.org\/wiki\/Lothringerkreuz\" target=\"_blank\" rel=\"noopener\">Lothringerkreuz<\/a>\u00a0 als Bestandteil in ihren jeweiligen Wappen aufgenommen haben.<\/p>\n<p><a href=\"http:\/\/menzendorff.de\/wp-content\/uploads\/2017\/02\/Ieper.jpg.png\"><img loading=\"lazy\" class=\"size-full wp-image-1232 alignleft\" src=\"http:\/\/menzendorff.de\/wp-content\/uploads\/2017\/02\/Ieper.jpg.png\" alt=\"Ieper.jpg\" width=\"303\" height=\"204\" srcset=\"http:\/\/menzendorff.de\/wp-content\/uploads\/2017\/02\/Ieper.jpg.png 303w, http:\/\/menzendorff.de\/wp-content\/uploads\/2017\/02\/Ieper.jpg-300x202.png 300w\" sizes=\"(max-width: 303px) 100vw, 303px\" \/><\/a><a href=\"http:\/\/menzendorff.de\/wp-content\/uploads\/2017\/02\/Omer.png\"><img loading=\"lazy\" class=\"alignright size-full wp-image-1231\" src=\"http:\/\/menzendorff.de\/wp-content\/uploads\/2017\/02\/Omer.png\" alt=\"Omer\" width=\"267\" height=\"297\" \/><\/a><\/p>\n<p>&nbsp;<\/p>\n<p>&nbsp;<\/p>\n<p>&nbsp;<\/p>\n<p>&nbsp;<\/p>\n<p>&nbsp;<\/p>\n<p>&nbsp;<\/p>\n<p>&nbsp;<\/p>\n<p><a href=\"https:\/\/commons.wikimedia.org\/wiki\/File:Flag_of_Ypres.svg#\/media\/File:Flag_of_Ypres.svg\" target=\"_blank\" rel=\"noopener\">Wappen von Ieper (Wikipedia)<\/a>\u00a0 \u00a0 \u00a0 \u00a0 \u00a0 \u00a0 \u00a0 \u00a0 \u00a0 \u00a0 \u00a0 \u00a0 \u00a0 \u00a0 \u00a0 \u00a0 \u00a0 \u00a0 \u00a0 \u00a0 \u00a0 \u00a0 \u00a0 \u00a0<a href=\"http:\/\/www.labelimage.fr\/?p=4597\" target=\"_blank\" rel=\"noopener\">Wappen von St.-Omer (labelimage.fr)<\/a><\/p>\n<p>Die Stadt Saint-Omer befindet sich etwa 40 Km s\u00fcdlich zwischen Calais und Dunkerque (D\u00fcnkirchen) und ca. 60 Km westlich von Ieper. Sie liegt \u00fcbrigens an der fr\u00fchmittelalterlichen <strong><em>via francigena<\/em><\/strong>, auf die wir bereits im Burgund und im letzten Fr\u00fchjahr in Italien gestossen sind. Die <em>via francigena\u00a0 <\/em>f\u00fchrt von Canterbury nach Rom und die Stadt Saint-Omer bildete mithin das erste Etappenziel dieser Fernstrasse auf dem Kontinent.<\/p>\n<p style=\"text-align: center;\"><a href=\"http:\/\/menzendorff.de\/wp-content\/uploads\/2017\/02\/aaa.jpg\"><img loading=\"lazy\" class=\"aligncenter size-large wp-image-1218\" src=\"http:\/\/menzendorff.de\/wp-content\/uploads\/2017\/02\/aaa-1024x530.jpg\" alt=\"aaa\" width=\"625\" height=\"323\" srcset=\"http:\/\/menzendorff.de\/wp-content\/uploads\/2017\/02\/aaa.jpg 1024w, http:\/\/menzendorff.de\/wp-content\/uploads\/2017\/02\/aaa-300x155.jpg 300w, http:\/\/menzendorff.de\/wp-content\/uploads\/2017\/02\/aaa-768x398.jpg 768w, http:\/\/menzendorff.de\/wp-content\/uploads\/2017\/02\/aaa-624x323.jpg 624w\" sizes=\"(max-width: 625px) 100vw, 625px\" \/><\/a>Details der Fassade<\/p>\n<p>Ausschnitt aus einer Stadtchronik der Stadt Ieper<\/p>\n<p><a href=\"http:\/\/menzendorff.de\/wp-content\/uploads\/2017\/02\/7.png\"><img loading=\"lazy\" class=\"aligncenter size-large wp-image-1217\" src=\"http:\/\/menzendorff.de\/wp-content\/uploads\/2017\/02\/7-1024x575.png\" alt=\"7\" width=\"625\" height=\"351\" srcset=\"http:\/\/menzendorff.de\/wp-content\/uploads\/2017\/02\/7-1024x575.png 1024w, http:\/\/menzendorff.de\/wp-content\/uploads\/2017\/02\/7-300x168.png 300w, http:\/\/menzendorff.de\/wp-content\/uploads\/2017\/02\/7-768x431.png 768w, http:\/\/menzendorff.de\/wp-content\/uploads\/2017\/02\/7-624x350.png 624w, http:\/\/menzendorff.de\/wp-content\/uploads\/2017\/02\/7.png 1600w\" sizes=\"(max-width: 625px) 100vw, 625px\" \/><\/a>1307 8 mey wurden alle de templiers die binnen en buyten de Stad waren unde in alle andere plaetsen gedood door liest van den paus Clemens (an) ende den Koning Philippus. in 1320 is het Klooster afgebroken.<\/p>\n<p>1307 8. Mai wurden alle Templer, die innerhalb und au\u00dferhalb der Stadt waren und an allen anderen Orten get\u00f6tet durch List von dem Papst Clemenz und dem K\u00f6nig Philipp. Im Jahre 1320 wurde das Kloster abgebrochen.<\/p>\n<p>&nbsp;<\/p>\n<p><span style=\"font-size: xx-large;\">4 Province du Luxembourg<br \/>\n<\/span><\/p>\n<p><span style=\"font-size: xx-large;\">Commanderie de Hargimont<br \/>\n<\/span><\/p>\n<p>Auf dem R\u00fcckweg nach Frankfurt lag nur noch ein Ziel, die Commanderie von Hargimont in der Provinz Luxembourg. Die Fahrt von Ieper nach dort war mit 2 h 15 min angegeben. Ich w\u00e4hlte den Weg durch die Wallonie, vorbei an Tournai, Mons, Charleroi und Namur, und erreichte die Gemeinde Marche-en Famenne in der Provinz Luxembourg. Am Ortseingang von Hagrimont selbst befindet sich ein stattliches Schloss, das <a href=\"http:\/\/www.chateaujemeppe.eu\/fr\/le-site\/\" target=\"_blank\" rel=\"noopener\">Ch\u00e2teau de Jemeppe. <\/a><\/p>\n<p>Die commanderie der Templer hat die Adresse 31, Rue de la Commanderie, 6900 Hargimont und man findet sie leicht.<\/p>\n<p><a href=\"http:\/\/menzendorff.de\/wp-content\/uploads\/2017\/02\/DSC_0050.jpg\"><img loading=\"lazy\" class=\"alignright size-large wp-image-1244\" src=\"http:\/\/menzendorff.de\/wp-content\/uploads\/2017\/02\/DSC_0050-1024x683.jpg\" alt=\"DSC_0050\" width=\"625\" height=\"417\" srcset=\"http:\/\/menzendorff.de\/wp-content\/uploads\/2017\/02\/DSC_0050.jpg 1024w, http:\/\/menzendorff.de\/wp-content\/uploads\/2017\/02\/DSC_0050-300x200.jpg 300w, http:\/\/menzendorff.de\/wp-content\/uploads\/2017\/02\/DSC_0050-768x512.jpg 768w, http:\/\/menzendorff.de\/wp-content\/uploads\/2017\/02\/DSC_0050-624x416.jpg 624w\" sizes=\"(max-width: 625px) 100vw, 625px\" \/><\/a><\/p>\n<p style=\"text-align: center;\">commanderie de <strong>6900 Hargimont<\/strong><\/p>\n<p>Man hat die Bausubstanz grundlegend saniert und Wohnungen in den Geb\u00e4uden der ehemaligen Komturei eingerichtet. Die Umwandlung eines historischen Denkmals in einen Zweckbau macht es schwierig, zu erkennen, was an der sichtbaren Bausubstanz historisch ist und was nicht. Aber es ist sicher ein wunderbares Ambiente zum Wohnen enstanden und auf diese Weise sind die Geb\u00e4ude \u00fcber die n\u00e4chsten zweihundert Jahre vorerst gerettet worden. Ich denke, wenn da jetzt noch dreissig Jahre &#8222;Patina&#8220; hinzukommt, wird es wieder &#8222;passen&#8220;.<\/p>\n<p style=\"text-align: center;\"><a href=\"http:\/\/menzendorff.de\/wp-content\/uploads\/2017\/02\/DSC_0043.jpg\"><img loading=\"lazy\" class=\"alignright size-large wp-image-1237\" src=\"http:\/\/menzendorff.de\/wp-content\/uploads\/2017\/02\/DSC_0043-1024x683.jpg\" alt=\"DSC_0043\" width=\"625\" height=\"417\" srcset=\"http:\/\/menzendorff.de\/wp-content\/uploads\/2017\/02\/DSC_0043.jpg 1024w, http:\/\/menzendorff.de\/wp-content\/uploads\/2017\/02\/DSC_0043-300x200.jpg 300w, http:\/\/menzendorff.de\/wp-content\/uploads\/2017\/02\/DSC_0043-768x512.jpg 768w, http:\/\/menzendorff.de\/wp-content\/uploads\/2017\/02\/DSC_0043-624x416.jpg 624w\" sizes=\"(max-width: 625px) 100vw, 625px\" \/><\/a><\/p>\n<p style=\"text-align: center;\">Haupttor<\/p>\n<p style=\"text-align: left;\"><a href=\"http:\/\/menzendorff.de\/wp-content\/uploads\/2017\/02\/DSC_0042.jpg\"><img loading=\"lazy\" class=\"alignright size-large wp-image-1236\" src=\"http:\/\/menzendorff.de\/wp-content\/uploads\/2017\/02\/DSC_0042-1024x683.jpg\" alt=\"DSC_0042\" width=\"625\" height=\"417\" srcset=\"http:\/\/menzendorff.de\/wp-content\/uploads\/2017\/02\/DSC_0042.jpg 1024w, http:\/\/menzendorff.de\/wp-content\/uploads\/2017\/02\/DSC_0042-300x200.jpg 300w, http:\/\/menzendorff.de\/wp-content\/uploads\/2017\/02\/DSC_0042-768x512.jpg 768w, http:\/\/menzendorff.de\/wp-content\/uploads\/2017\/02\/DSC_0042-624x416.jpg 624w\" sizes=\"(max-width: 625px) 100vw, 625px\" \/><\/a><\/p>\n<p style=\"text-align: center;\">die Lage an der Rue de la Commanderie<\/p>\n<p style=\"text-align: center;\"><a href=\"http:\/\/menzendorff.de\/wp-content\/uploads\/2017\/02\/DSC_0047.jpg\"><img loading=\"lazy\" class=\"alignright size-large wp-image-1241\" src=\"http:\/\/menzendorff.de\/wp-content\/uploads\/2017\/02\/DSC_0047-1024x683.jpg\" alt=\"DSC_0047\" width=\"625\" height=\"417\" srcset=\"http:\/\/menzendorff.de\/wp-content\/uploads\/2017\/02\/DSC_0047.jpg 1024w, http:\/\/menzendorff.de\/wp-content\/uploads\/2017\/02\/DSC_0047-300x200.jpg 300w, http:\/\/menzendorff.de\/wp-content\/uploads\/2017\/02\/DSC_0047-768x512.jpg 768w, http:\/\/menzendorff.de\/wp-content\/uploads\/2017\/02\/DSC_0047-624x416.jpg 624w\" sizes=\"(max-width: 625px) 100vw, 625px\" \/><\/a><\/p>\n<p style=\"text-align: center;\">Rue de la Commanderie nach Norden<\/p>\n<p style=\"text-align: center;\"><a href=\"http:\/\/menzendorff.de\/wp-content\/uploads\/2017\/02\/DSC_0046.jpg\"><img loading=\"lazy\" class=\"alignright size-large wp-image-1240\" src=\"http:\/\/menzendorff.de\/wp-content\/uploads\/2017\/02\/DSC_0046-1024x683.jpg\" alt=\"DSC_0046\" width=\"625\" height=\"417\" srcset=\"http:\/\/menzendorff.de\/wp-content\/uploads\/2017\/02\/DSC_0046.jpg 1024w, http:\/\/menzendorff.de\/wp-content\/uploads\/2017\/02\/DSC_0046-300x200.jpg 300w, http:\/\/menzendorff.de\/wp-content\/uploads\/2017\/02\/DSC_0046-768x512.jpg 768w, http:\/\/menzendorff.de\/wp-content\/uploads\/2017\/02\/DSC_0046-624x416.jpg 624w\" sizes=\"(max-width: 625px) 100vw, 625px\" \/><\/a><\/p>\n<p style=\"text-align: center;\">Innenbereich, Hof und Wohnungen<\/p>\n<p>Das Schild besagt, dass der Graf von Namur sein Lehen von Hargimont im Jahre 1191 den Templern schenkte, die dort eine Komturei errichteten. Das aktuelle Geb\u00e4ude wurde in der zweiten H\u00e4lfte des achtzehnten Jahrhunderts (aus dem Schutt der Komtureigeb\u00e4ude?) errichtet und sodann im neunzehnten und zwanzigsten Jahrhundert Umbauten unterzogen. Der derzeitige Bauzustand stammt von 1999. Hosten (S. 226) weist darauf hin, dass die Schenkung des Grafen auch die umliegenden Grundst\u00fccke und Forstfl\u00e4chen enthielt.<\/p>\n<p>Viel gab es hier nicht mehr zu sehen oder zu berichten und so machte ich mich wieder auf den Heimweg.<\/p>\n<p>&nbsp;<\/p>\n<p>&nbsp;<\/p>\n","protected":false},"excerpt":{"rendered":"<p>Belgien &#8211; Teil 2 Im August dieses Jahres gelang es mir, zwei Tage f\u00fcr die Templerforschung freizunehmen. Nach dem ich letztes Jahr \u00fcber den Besuch der Stollen s\u00fcdlich von Maastricht (f\u00fcr den Bericht hier klicken!) darauf aufmerksam gemacht wurde, dass es gegen\u00fcber dem Steinbruch auf der rechten Seite der Maas in Vis\u00e9 eine Komturei der [&hellip;]<\/p>\n","protected":false},"author":2,"featured_media":0,"comment_status":"open","ping_status":"open","sticky":false,"template":"","format":"standard","meta":[],"categories":[7],"tags":[],"_links":{"self":[{"href":"http:\/\/menzendorff.de\/index.php?rest_route=\/wp\/v2\/posts\/1045"}],"collection":[{"href":"http:\/\/menzendorff.de\/index.php?rest_route=\/wp\/v2\/posts"}],"about":[{"href":"http:\/\/menzendorff.de\/index.php?rest_route=\/wp\/v2\/types\/post"}],"author":[{"embeddable":true,"href":"http:\/\/menzendorff.de\/index.php?rest_route=\/wp\/v2\/users\/2"}],"replies":[{"embeddable":true,"href":"http:\/\/menzendorff.de\/index.php?rest_route=%2Fwp%2Fv2%2Fcomments&post=1045"}],"version-history":[{"count":53,"href":"http:\/\/menzendorff.de\/index.php?rest_route=\/wp\/v2\/posts\/1045\/revisions"}],"predecessor-version":[{"id":2811,"href":"http:\/\/menzendorff.de\/index.php?rest_route=\/wp\/v2\/posts\/1045\/revisions\/2811"}],"wp:attachment":[{"href":"http:\/\/menzendorff.de\/index.php?rest_route=%2Fwp%2Fv2%2Fmedia&parent=1045"}],"wp:term":[{"taxonomy":"category","embeddable":true,"href":"http:\/\/menzendorff.de\/index.php?rest_route=%2Fwp%2Fv2%2Fcategories&post=1045"},{"taxonomy":"post_tag","embeddable":true,"href":"http:\/\/menzendorff.de\/index.php?rest_route=%2Fwp%2Fv2%2Ftags&post=1045"}],"curies":[{"name":"wp","href":"https:\/\/api.w.org\/{rel}","templated":true}]}}