{"id":1048,"date":"2016-10-23T23:37:58","date_gmt":"2016-10-23T21:37:58","guid":{"rendered":"http:\/\/menzendorff.de\/?p=1048"},"modified":"2019-04-21T11:42:26","modified_gmt":"2019-04-21T09:42:26","slug":"2016-oktober-catalunya-teil-3","status":"publish","type":"post","link":"http:\/\/menzendorff.de\/?p=1048","title":{"rendered":"2016, Oktober, Catalunya Teil 3"},"content":{"rendered":"<p><span style=\"font-size: xx-large;\">Catalunya &#8211; Teil 3<\/span><\/p>\n<p>Im Oktober 2016 bot sich nochmals die Chance, Ferien in dem sch\u00f6nen Haus in Masos de Pals zu verbringen. Weil es uns im Mai dieses Jahres dort so ausnehmend gut gefiel (siehe <a href=\"http:\/\/menzendorff.de\/?p=988\" target=\"_blank\" rel=\"noopener\">Templerreise Mai 2016<\/a>) , liessen wir uns das nicht zweimal sagen und\u00a0 brachen voller Vorfreude auf. Die Strapazen der sicherlich nicht gerade kurzen Anreise war sp\u00e4testens am n\u00e4chsten Morgen vollends verflogen, als wir auf der sonnen\u00fcberfluteten Terrasse die frisch gekauften Croissants und Avocados zum Fr\u00fchstuck geniessen konnten. Die erste Woche verbrachten wir mit Ausfl\u00fcgen in die Umgebung, besuchten M\u00e4rkte in verschiedenen Orten in der N\u00e4he und genossen das mediterrane Leben. Der Pool war auch noch ertr\u00e4glich temperiert. Inzwischen gab es hier eine gute Internetanbindung, die mir half, die Reisen vor Ort noch viel genauer zu planen.<\/p>\n<p><span style=\"font-size: xx-large;\">1.1 Comarca <span class=\"st\">Vall\u00e8s Occidental<\/span><\/span><\/p>\n<p><span style=\"font-size: xx-large;\">Palau-solit\u00e0 i Plegamans<\/span><\/p>\n<p>Im Mai war ich an dieser Station mehr oder weniger gescheitert. Wir hatten zwar an mehreren Stellen mittelalterliche Geb\u00e4udereste ausfindig gemacht, die auch den Templern zuzuordnen sein d\u00fcrften, aber die Templerkapelle haben wir verpasst. Um diese &#8222;Scharte auszuwetzen&#8220; , durchsuchte ich das Internet auf einen Lageplan der ehemaligen Komturei von Palau. Auf der Homepage <a href=\"https:\/\/cosasdelvalles.wordpress.com\/2015\/09\/12\/la-comanda-templaria-de-palau-de-plegamans\/\" target=\"_blank\" rel=\"noopener\">cosasdelvalles<\/a> wurde ich f\u00fcndig:<\/p>\n<p style=\"text-align: center;\"><a href=\"http:\/\/menzendorff.de\/wp-content\/uploads\/2017\/02\/palau.jpg.png\"><img loading=\"lazy\" class=\"aligncenter wp-image-1261\" src=\"http:\/\/menzendorff.de\/wp-content\/uploads\/2017\/02\/palau.jpg.png\" alt=\"palau.jpg\" width=\"400\" height=\"585\" srcset=\"http:\/\/menzendorff.de\/wp-content\/uploads\/2017\/02\/palau.jpg.png 316w, http:\/\/menzendorff.de\/wp-content\/uploads\/2017\/02\/palau.jpg-205x300.png 205w\" sizes=\"(max-width: 400px) 100vw, 400px\" \/><\/a>Quelle: cosasdelvalles<\/p>\n<p>Leider war die Beschriftung der Skizze nur schwer zu entziffern. Strassennamen waren nicht angegeben. Das Gew\u00e4sser <em>Riera de Caldes<\/em>, das auf der Skizze breiten Raum einnimmt, erwies sich <em>in natura <\/em>eher als Bach. Die Kirche <a href=\"http:\/\/menzendorff.de\/?p=988\" target=\"_blank\" rel=\"noopener\">Santa Maria<\/a>, die ich im M\u00e4rz besucht hatte, war jedenfalls die Pfarrkirche von Palau. Sie mu\u00df sich deshalb in dem schwarz hinterlegten Bereich oben links auf der Skizze befinden, denn dessen Beschriftung lautet <em>Parroquia de Palau-solit\u00e0 <\/em>und<em> Parroquia <\/em>heisst Pfarrei. Die Beschriftung des schraffierten Bereiches rechts von der Mitte der Skizze lautet <em>Antic recinte templer<\/em> und links neben der Stelle steht <em>Nucli<\/em> de St. Magdalena. <em>Nucli<\/em> bedeutet Kern, Zentrum. Die kreisf\u00f6rmige Struktur &#8222;<em>El Fernot<\/em>&#8220; soll die Stelle bezeichnen, an der sich einst eine M\u00fchle befunden hat. Ich hatte mich an den Bach erinnert, aber der bot keine Orientierungshilfe, weil man dessen Verlauf und seine Kr\u00fcmmungen vom Auto aus nicht sieht. Ich musste also versuchen, auf google maps die Stelle zu finden. Es gelang:<\/p>\n<p style=\"text-align: center;\"><a href=\"http:\/\/menzendorff.de\/wp-content\/uploads\/2016\/10\/palaumap.jpg.png\"><img loading=\"lazy\" class=\"aligncenter wp-image-1267\" src=\"http:\/\/menzendorff.de\/wp-content\/uploads\/2016\/10\/palaumap.jpg.png\" alt=\"palaumap.jpg\" width=\"400\" height=\"564\" srcset=\"http:\/\/menzendorff.de\/wp-content\/uploads\/2016\/10\/palaumap.jpg.png 657w, http:\/\/menzendorff.de\/wp-content\/uploads\/2016\/10\/palaumap.jpg-213x300.png 213w, http:\/\/menzendorff.de\/wp-content\/uploads\/2016\/10\/palaumap.jpg-624x880.png 624w\" sizes=\"(max-width: 400px) 100vw, 400px\" \/><\/a>google maps<\/p>\n<p>Oben sieht man die Pfarrkirche Sta. Maria sowie die <em>Carrer Templers, <\/em>unten erkennt man die <em>Carrer Templer Guido\u00a0 <\/em>nach S\u00fcden aus dem Kartenauschnitt hinauslaufen. Mit dieser Skizze und der daraus gewonnenen Erkenntnisse wurde ich nunmehr auch vor Ort f\u00fcndig.<\/p>\n<p><a href=\"http:\/\/menzendorff.de\/wp-content\/uploads\/2016\/10\/DSC_0002.jpg\"><img loading=\"lazy\" class=\"alignright size-large wp-image-1271\" src=\"http:\/\/menzendorff.de\/wp-content\/uploads\/2016\/10\/DSC_0002-1024x683.jpg\" alt=\"DSC_0002\" width=\"625\" height=\"417\" srcset=\"http:\/\/menzendorff.de\/wp-content\/uploads\/2016\/10\/DSC_0002.jpg 1024w, http:\/\/menzendorff.de\/wp-content\/uploads\/2016\/10\/DSC_0002-300x200.jpg 300w, http:\/\/menzendorff.de\/wp-content\/uploads\/2016\/10\/DSC_0002-768x512.jpg 768w, http:\/\/menzendorff.de\/wp-content\/uploads\/2016\/10\/DSC_0002-624x416.jpg 624w\" sizes=\"(max-width: 625px) 100vw, 625px\" \/><\/a><\/p>\n<p style=\"text-align: center;\">Ansicht der Komturei von der Carrer Pompeu Fabra<\/p>\n<p><a href=\"http:\/\/menzendorff.de\/wp-content\/uploads\/2016\/10\/DSC_0005.jpg\"><img loading=\"lazy\" class=\"alignright size-large wp-image-1273\" src=\"http:\/\/menzendorff.de\/wp-content\/uploads\/2016\/10\/DSC_0005-1024x683.jpg\" alt=\"DSC_0005\" width=\"625\" height=\"417\" srcset=\"http:\/\/menzendorff.de\/wp-content\/uploads\/2016\/10\/DSC_0005.jpg 1024w, http:\/\/menzendorff.de\/wp-content\/uploads\/2016\/10\/DSC_0005-300x200.jpg 300w, http:\/\/menzendorff.de\/wp-content\/uploads\/2016\/10\/DSC_0005-768x512.jpg 768w, http:\/\/menzendorff.de\/wp-content\/uploads\/2016\/10\/DSC_0005-624x416.jpg 624w\" sizes=\"(max-width: 625px) 100vw, 625px\" \/><\/a><\/p>\n<p>Nach dieser Tafel handelt es sich bei dieser Anlage, die im Privatbesitz steht, um ein Kulturgut von nationalem Rang. Es ist danach offensichtlich gestattet, das Geh\u00f6ft auch zu betreten. Die Eigent\u00fcmer betreiben hier Landwirtschaft und verkaufen ihre Erzeugnisse vom Hof. Ich klingelte vorsorglich, weil ich mich nicht wie ein Eindringling f\u00fchlen wollte. Die Inhaberin nahm an, ich wollte etwas kaufen. Als ich ihr sagte, ich wollte nur fotografieren, sagte sie, das w\u00e4re v\u00f6llig in Ordnung. Und so gelang mir endlich der heiss ersehnte Fototermin mit Santa Magdalena:<\/p>\n<p><a href=\"http:\/\/menzendorff.de\/wp-content\/uploads\/2016\/10\/DSC_0007.jpg\"><img loading=\"lazy\" class=\"alignright size-large wp-image-1274\" src=\"http:\/\/menzendorff.de\/wp-content\/uploads\/2016\/10\/DSC_0007-1024x683.jpg\" alt=\"DSC_0007\" width=\"625\" height=\"417\" srcset=\"http:\/\/menzendorff.de\/wp-content\/uploads\/2016\/10\/DSC_0007.jpg 1024w, http:\/\/menzendorff.de\/wp-content\/uploads\/2016\/10\/DSC_0007-300x200.jpg 300w, http:\/\/menzendorff.de\/wp-content\/uploads\/2016\/10\/DSC_0007-768x512.jpg 768w, http:\/\/menzendorff.de\/wp-content\/uploads\/2016\/10\/DSC_0007-624x416.jpg 624w\" sizes=\"(max-width: 625px) 100vw, 625px\" \/><\/a><\/p>\n<p style=\"text-align: center;\">comanda Santa Magdalena de <strong>Palau de Vall\u00e8s<\/strong><\/p>\n<p style=\"text-align: left;\"><a href=\"http:\/\/menzendorff.de\/wp-content\/uploads\/2016\/10\/DSC_0009.jpg\"><img loading=\"lazy\" class=\"alignright size-large wp-image-1275\" src=\"http:\/\/menzendorff.de\/wp-content\/uploads\/2016\/10\/DSC_0009-1024x683.jpg\" alt=\"DSC_0009\" width=\"625\" height=\"417\" srcset=\"http:\/\/menzendorff.de\/wp-content\/uploads\/2016\/10\/DSC_0009.jpg 1024w, http:\/\/menzendorff.de\/wp-content\/uploads\/2016\/10\/DSC_0009-300x200.jpg 300w, http:\/\/menzendorff.de\/wp-content\/uploads\/2016\/10\/DSC_0009-768x512.jpg 768w, http:\/\/menzendorff.de\/wp-content\/uploads\/2016\/10\/DSC_0009-624x416.jpg 624w\" sizes=\"(max-width: 625px) 100vw, 625px\" \/><\/a><\/p>\n<p>Die Kapelle ist aus dem fr\u00fchen 12. Jahrhundert. Sie war offenbar lange als Stall genutzt.<\/p>\n<p><a href=\"http:\/\/menzendorff.de\/wp-content\/uploads\/2016\/10\/DSC_0012.jpg\"><img loading=\"lazy\" class=\"alignright size-large wp-image-1276\" src=\"http:\/\/menzendorff.de\/wp-content\/uploads\/2016\/10\/DSC_0012-1024x683.jpg\" alt=\"DSC_0012\" width=\"625\" height=\"417\" srcset=\"http:\/\/menzendorff.de\/wp-content\/uploads\/2016\/10\/DSC_0012.jpg 1024w, http:\/\/menzendorff.de\/wp-content\/uploads\/2016\/10\/DSC_0012-300x200.jpg 300w, http:\/\/menzendorff.de\/wp-content\/uploads\/2016\/10\/DSC_0012-768x512.jpg 768w, http:\/\/menzendorff.de\/wp-content\/uploads\/2016\/10\/DSC_0012-624x416.jpg 624w\" sizes=\"(max-width: 625px) 100vw, 625px\" \/><\/a><\/p>\n<p>Auf dem Geh\u00f6ft selbst war nur die Kapelle f\u00fcr meine Studien interessant. Die \u00fcbrigen Geb\u00e4ude sind zumeist modern und dienen als Abstellr\u00e4ume f\u00fcr Alltagsgegenst\u00e4nde. Zudem wollte ich die Privatsph\u00e4re der Eigent\u00fcmer nicht unn\u00f6tig beeintr\u00e4chtigen.<\/p>\n<p><a href=\"http:\/\/menzendorff.de\/wp-content\/uploads\/2016\/10\/DSC_0013.jpg\"><img loading=\"lazy\" class=\"alignright size-large wp-image-1277\" src=\"http:\/\/menzendorff.de\/wp-content\/uploads\/2016\/10\/DSC_0013-683x1024.jpg\" alt=\"DSC_0013\" width=\"625\" height=\"937\" srcset=\"http:\/\/menzendorff.de\/wp-content\/uploads\/2016\/10\/DSC_0013.jpg 683w, http:\/\/menzendorff.de\/wp-content\/uploads\/2016\/10\/DSC_0013-200x300.jpg 200w, http:\/\/menzendorff.de\/wp-content\/uploads\/2016\/10\/DSC_0013-624x936.jpg 624w\" sizes=\"(max-width: 625px) 100vw, 625px\" \/><\/a><\/p>\n<p>Ich verlie\u00df den Hof wieder und machte ausserhalb dieses vollst\u00e4ndig ummauerten Innenbereiches noch einige Aufnahmen.<\/p>\n<p><a href=\"http:\/\/menzendorff.de\/wp-content\/uploads\/2016\/10\/DSC_0023.jpg\"><img loading=\"lazy\" class=\"alignright size-large wp-image-1280\" src=\"http:\/\/menzendorff.de\/wp-content\/uploads\/2016\/10\/DSC_0023-1024x683.jpg\" alt=\"DSC_0023\" width=\"625\" height=\"417\" srcset=\"http:\/\/menzendorff.de\/wp-content\/uploads\/2016\/10\/DSC_0023.jpg 1024w, http:\/\/menzendorff.de\/wp-content\/uploads\/2016\/10\/DSC_0023-300x200.jpg 300w, http:\/\/menzendorff.de\/wp-content\/uploads\/2016\/10\/DSC_0023-768x512.jpg 768w, http:\/\/menzendorff.de\/wp-content\/uploads\/2016\/10\/DSC_0023-624x416.jpg 624w\" sizes=\"(max-width: 625px) 100vw, 625px\" \/><\/a><\/p>\n<p>&nbsp;<\/p>\n<p>&nbsp;<\/p>\n<p>Westliche Aussenmauer des Geh\u00f6fts. F\u00fcr meine Begriffe ist das der Originalzustand aus dem Mittelalter.<\/p>\n<p><a href=\"http:\/\/menzendorff.de\/wp-content\/uploads\/2016\/10\/DSC_0022.jpg\"><img loading=\"lazy\" class=\"alignright size-large wp-image-1279\" src=\"http:\/\/menzendorff.de\/wp-content\/uploads\/2016\/10\/DSC_0022-1024x683.jpg\" alt=\"DSC_0022\" width=\"625\" height=\"417\" srcset=\"http:\/\/menzendorff.de\/wp-content\/uploads\/2016\/10\/DSC_0022.jpg 1024w, http:\/\/menzendorff.de\/wp-content\/uploads\/2016\/10\/DSC_0022-300x200.jpg 300w, http:\/\/menzendorff.de\/wp-content\/uploads\/2016\/10\/DSC_0022-768x512.jpg 768w, http:\/\/menzendorff.de\/wp-content\/uploads\/2016\/10\/DSC_0022-624x416.jpg 624w\" sizes=\"(max-width: 625px) 100vw, 625px\" \/><\/a><\/p>\n<p>Geb\u00e4ude ausserhalb der s\u00fcdwestlichen Ecke des Geh\u00f6fts, teilweise unter Verwendung mittelalterlicher Steine errichtet. (M\u00f6glicherweise auch Originialzustand?)<\/p>\n<p><a href=\"http:\/\/menzendorff.de\/wp-content\/uploads\/2016\/10\/DSC_0004.jpg\"><img loading=\"lazy\" class=\"alignright size-large wp-image-1272\" src=\"http:\/\/menzendorff.de\/wp-content\/uploads\/2016\/10\/DSC_0004-1024x683.jpg\" alt=\"DSC_0004\" width=\"625\" height=\"417\" srcset=\"http:\/\/menzendorff.de\/wp-content\/uploads\/2016\/10\/DSC_0004.jpg 1024w, http:\/\/menzendorff.de\/wp-content\/uploads\/2016\/10\/DSC_0004-300x200.jpg 300w, http:\/\/menzendorff.de\/wp-content\/uploads\/2016\/10\/DSC_0004-768x512.jpg 768w, http:\/\/menzendorff.de\/wp-content\/uploads\/2016\/10\/DSC_0004-624x416.jpg 624w\" sizes=\"(max-width: 625px) 100vw, 625px\" \/><\/a><\/p>\n<p>Ein letztes Foto noch von einem links neben dem Haupteingang befindlichen Schuppen und mit diesem Blick verabschiedete ich mich aus Palau-solit\u00e0 und fuhr zur\u00fcck nach Pals. Zum Abendessen wagte ich mich an die Zubereitung der ersten Paella meines Lebens. Damit sie auch zu den Eindr\u00fccken des Tages passte, wurde es eine Templer-Paella:<\/p>\n<p><a href=\"http:\/\/menzendorff.de\/wp-content\/uploads\/2016\/10\/20161018_192410.jpg\"><img loading=\"lazy\" class=\"alignright size-large wp-image-1303\" src=\"http:\/\/menzendorff.de\/wp-content\/uploads\/2016\/10\/20161018_192410-1024x576.jpg\" alt=\"20161018_192410\" width=\"625\" height=\"352\" srcset=\"http:\/\/menzendorff.de\/wp-content\/uploads\/2016\/10\/20161018_192410.jpg 1024w, http:\/\/menzendorff.de\/wp-content\/uploads\/2016\/10\/20161018_192410-300x169.jpg 300w, http:\/\/menzendorff.de\/wp-content\/uploads\/2016\/10\/20161018_192410-768x432.jpg 768w, http:\/\/menzendorff.de\/wp-content\/uploads\/2016\/10\/20161018_192410-624x351.jpg 624w\" sizes=\"(max-width: 625px) 100vw, 625px\" \/><\/a><\/p>\n<p>&nbsp;<\/p>\n<p><span style=\"font-size: xx-large;\">2 Provincia de Lleida<\/span><\/p>\n<p><span style=\"font-size: xx-large;\">Gardeny, Lleida<br \/>\n<\/span><\/p>\n<p>F\u00fcr den n\u00e4chsten Tag hatte ich mir vorgenommen auf der sogenannten &#8222;ruta del Temple&#8220; soviele der ber\u00fchmtesten Templerburgen Spaniens &#8211; oder besser gesagt, des damaligen K\u00f6nigreichs Aragon &#8211; wie m\u00f6glich zu besuchen. Diese Burgenstrasse zieht sich von Monz\u00f3n im Nordwesten bis nach Peniscola im S\u00fcden hin. W\u00e4hrend wir bisher in Katalonien &#8211; mit der Ausnahme von Barber\u00e0 de la Conca &#8211; nur die Kapellen der Templer vorgefunden hatten, standen hier nun m\u00e4chtige Trutzburgen als wahre &#8222;Bollwerke der Christenheit&#8220; gegen das inzwischen schon um einige hundert Kilometer nach S\u00fcden zur\u00fcckgedr\u00e4ngte &#8222;Al Andalus&#8220; , die es zu erforschen galt.<\/p>\n<p style=\"text-align: center;\"><a href=\"http:\/\/menzendorff.de\/wp-content\/uploads\/2016\/10\/Screenshot-2017-02-25-10.59.45.png\"><img loading=\"lazy\" class=\"size-full wp-image-1284 aligncenter\" src=\"http:\/\/menzendorff.de\/wp-content\/uploads\/2016\/10\/Screenshot-2017-02-25-10.59.45.png\" alt=\"Screenshot 2017-02-25 10.59.45\" width=\"283\" height=\"670\" srcset=\"http:\/\/menzendorff.de\/wp-content\/uploads\/2016\/10\/Screenshot-2017-02-25-10.59.45.png 283w, http:\/\/menzendorff.de\/wp-content\/uploads\/2016\/10\/Screenshot-2017-02-25-10.59.45-127x300.png 127w\" sizes=\"(max-width: 283px) 100vw, 283px\" \/><\/a>Quelle: <a href=\"http:\/\/www.ebreguia.com\/rutadeltemple\/paginas\/ruta.htm\" target=\"_blank\" rel=\"noopener\">La Ruta del Temple<\/a><\/p>\n<p>Von Pals nach Gardeny in der Stadt Lleida waren es schon knapp drei Stunden. Nach Monz\u00f3n h\u00e4tte ich noch eine weitere halbe Stunde gebraucht. Das erschien mir zu weit und so entschied ich mich, in Lleida zu beginnen und dann vor Ort zu entscheiden, was mir an diesem Tag sonst noch gelingen w\u00fcrde.<\/p>\n<p><a href=\"http:\/\/menzendorff.de\/wp-content\/uploads\/2016\/10\/Screenshot-2017-02-25-10.58.52.png\"><img loading=\"lazy\" class=\"alignright size-full wp-image-1287\" src=\"http:\/\/menzendorff.de\/wp-content\/uploads\/2016\/10\/Screenshot-2017-02-25-10.58.52.png\" alt=\"Screenshot 2017-02-25 10.58.52\" width=\"697\" height=\"942\" srcset=\"http:\/\/menzendorff.de\/wp-content\/uploads\/2016\/10\/Screenshot-2017-02-25-10.58.52.png 697w, http:\/\/menzendorff.de\/wp-content\/uploads\/2016\/10\/Screenshot-2017-02-25-10.58.52-222x300.png 222w, http:\/\/menzendorff.de\/wp-content\/uploads\/2016\/10\/Screenshot-2017-02-25-10.58.52-624x843.png 624w\" sizes=\"(max-width: 697px) 100vw, 697px\" \/><\/a><\/p>\n<p style=\"text-align: center;\">Quelle: <a href=\"http:\/\/www.ebreguia.com\/rutadeltemple\/paginas\/cartulario.htm\" target=\"_blank\" rel=\"noopener\">ebreguia.com<\/a><\/p>\n<p>Die Templerburg in Lleida hei\u00dft Castell de Gardeny. Und ich hielt es f\u00fcr eine extrem schlaue Idee, meinen Navi auf das Ziel: Carrer del Castell de Gardeny einzustellen. Damit begann eine neue trial-and-error Tournee durch Spanien. Leider gelang mein Aufbruch in Pals nicht vor 9:00 Uhr soda\u00df Lleida erst um 11:45 Uhr erreicht werden konnte. Ich hatte mich der Stadt von S\u00fcden gen\u00e4hert und die Br\u00fccke \u00fcber den Flu\u00df Segre passiert. Als ich auf einer sehr belebten Hauptstrasse in die Stadt hineinfuhr, meinte ich, ein nach links weisendes Schild mit der Aufschrift &#8222;Gardeny&#8220; wahrgenommen zu haben. Der wuselnde Verkehr auf der vielspurigen Einfallstrasse verlangte aber meine ganze Konzentration und mein Navi zeigte mir, dass noch einige Kilometer vor mir liegen w\u00fcrden. H\u00e4tte ich nur nicht auf mein Navi geh\u00f6rt. H\u00e4tte, h\u00e4tte, Fahradkette!<\/p>\n<p>Ich durchquerte also die ganze Stadt. Lleida hat immerhin ca. 140.000 Einwohner. Ich hatte schon den nord\u00f6stlichen Stadtrand erreicht, aber von einem H\u00fcgel mit einer Burg war nichts zu sehen. Am &#8222;Ziel&#8220; stellte sich heraus, da\u00df die Carrer del Castell de Gardeny in einer Wohnsiedlung liegt und nur den Zugang zu reizenden Bungalows am Stadtrand erschlie\u00dft. Also wieder zur\u00fcck zu dem Punkt, an dem ich das Verkehrsschild wahrnahm. Es war ab dort \u00fcberhaupt kein Problem, die Templerburg nach den Schildern zu finden. Ich fuhr den Burgberg hinauf, fand einen riesigen Parkplatz, machte mit vor Jagdfieber zitternden H\u00e4nden die Kamera klar und &#8211; erlebte den Frust meines Lebens! Es war zu. Das Kassenh\u00e4uschen war nur bis um 12:00 besetzt. Die Anlage ist eingez\u00e4unt. Rien ne va plus! Fin de partie!<\/p>\n<p><a href=\"http:\/\/menzendorff.de\/wp-content\/uploads\/2016\/10\/DSC_0024.jpg\"><img loading=\"lazy\" class=\"alignright size-large wp-image-1304\" src=\"http:\/\/menzendorff.de\/wp-content\/uploads\/2016\/10\/DSC_0024-1024x683.jpg\" alt=\"DSC_0024\" width=\"625\" height=\"417\" srcset=\"http:\/\/menzendorff.de\/wp-content\/uploads\/2016\/10\/DSC_0024.jpg 1024w, http:\/\/menzendorff.de\/wp-content\/uploads\/2016\/10\/DSC_0024-300x200.jpg 300w, http:\/\/menzendorff.de\/wp-content\/uploads\/2016\/10\/DSC_0024-768x512.jpg 768w, http:\/\/menzendorff.de\/wp-content\/uploads\/2016\/10\/DSC_0024-624x416.jpg 624w\" sizes=\"(max-width: 625px) 100vw, 625px\" \/><\/a><\/p>\n<p>Ich hetzte r\u00fcber zu Kassenh\u00e4uschen, weil ich dort eine Bewegung bemerkte. Es war gerade 5 Minuten nach zw\u00f6lf und zwei Mitarbeiterinnen unterhielten sich noch beim Zuschliessen. Alles Beteuern, dass ich drei Stunden unterwegs war, um die Anlage zu besichtigen, half nichts. Man h\u00e4tte Anweisung und es sei nichts mehr zu machen. Nicht einmal f\u00fcr f\u00fcnf Minuten. W\u00e4re ich gleich hierher gefahren, h\u00e4tte ich es gerade noch geschafft. So blieb mir nichts anderes \u00fcbrig, als durch den Zaun zu fotografieren.<\/p>\n<p><a href=\"http:\/\/menzendorff.de\/wp-content\/uploads\/2016\/10\/DSC_0034.jpg\"><img loading=\"lazy\" class=\"alignright size-large wp-image-1307\" src=\"http:\/\/menzendorff.de\/wp-content\/uploads\/2016\/10\/DSC_0034-1024x683.jpg\" alt=\"DSC_0034\" width=\"625\" height=\"417\" srcset=\"http:\/\/menzendorff.de\/wp-content\/uploads\/2016\/10\/DSC_0034.jpg 1024w, http:\/\/menzendorff.de\/wp-content\/uploads\/2016\/10\/DSC_0034-300x200.jpg 300w, http:\/\/menzendorff.de\/wp-content\/uploads\/2016\/10\/DSC_0034-768x512.jpg 768w, http:\/\/menzendorff.de\/wp-content\/uploads\/2016\/10\/DSC_0034-624x416.jpg 624w\" sizes=\"(max-width: 625px) 100vw, 625px\" \/><\/a><\/p>\n<p style=\"text-align: center;\">Haupteingang<\/p>\n<p><a href=\"http:\/\/menzendorff.de\/wp-content\/uploads\/2016\/10\/DSC_0035.jpg\"><img loading=\"lazy\" class=\"alignright size-large wp-image-1308\" src=\"http:\/\/menzendorff.de\/wp-content\/uploads\/2016\/10\/DSC_0035-1024x683.jpg\" alt=\"DSC_0035\" width=\"625\" height=\"417\" srcset=\"http:\/\/menzendorff.de\/wp-content\/uploads\/2016\/10\/DSC_0035.jpg 1024w, http:\/\/menzendorff.de\/wp-content\/uploads\/2016\/10\/DSC_0035-300x200.jpg 300w, http:\/\/menzendorff.de\/wp-content\/uploads\/2016\/10\/DSC_0035-768x512.jpg 768w, http:\/\/menzendorff.de\/wp-content\/uploads\/2016\/10\/DSC_0035-624x416.jpg 624w\" sizes=\"(max-width: 625px) 100vw, 625px\" \/><\/a><\/p>\n<p style=\"text-align: center;\">beeindruckendes Portal aus der N\u00e4he<\/p>\n<p style=\"text-align: left;\"><a href=\"http:\/\/menzendorff.de\/wp-content\/uploads\/2016\/10\/DSC_0029.jpg\"><img loading=\"lazy\" class=\"alignright size-large wp-image-1305\" src=\"http:\/\/menzendorff.de\/wp-content\/uploads\/2016\/10\/DSC_0029-1024x683.jpg\" alt=\"DSC_0029\" width=\"625\" height=\"417\" srcset=\"http:\/\/menzendorff.de\/wp-content\/uploads\/2016\/10\/DSC_0029.jpg 1024w, http:\/\/menzendorff.de\/wp-content\/uploads\/2016\/10\/DSC_0029-300x200.jpg 300w, http:\/\/menzendorff.de\/wp-content\/uploads\/2016\/10\/DSC_0029-768x512.jpg 768w, http:\/\/menzendorff.de\/wp-content\/uploads\/2016\/10\/DSC_0029-624x416.jpg 624w\" sizes=\"(max-width: 625px) 100vw, 625px\" \/><\/a><\/p>\n<p style=\"text-align: center;\">nach Norden weisender Wachturm mit Blick auf Lleida<\/p>\n<p><a href=\"http:\/\/menzendorff.de\/wp-content\/uploads\/2016\/10\/DSC_0036.jpg\"><img loading=\"lazy\" class=\"alignright size-large wp-image-1309\" src=\"http:\/\/menzendorff.de\/wp-content\/uploads\/2016\/10\/DSC_0036-1024x683.jpg\" alt=\"DSC_0036\" width=\"625\" height=\"417\" srcset=\"http:\/\/menzendorff.de\/wp-content\/uploads\/2016\/10\/DSC_0036.jpg 1024w, http:\/\/menzendorff.de\/wp-content\/uploads\/2016\/10\/DSC_0036-300x200.jpg 300w, http:\/\/menzendorff.de\/wp-content\/uploads\/2016\/10\/DSC_0036-768x512.jpg 768w, http:\/\/menzendorff.de\/wp-content\/uploads\/2016\/10\/DSC_0036-624x416.jpg 624w\" sizes=\"(max-width: 625px) 100vw, 625px\" \/><\/a><\/p>\n<p style=\"text-align: center;\">Westfassade der Kapelle, die ziemlich genau nach Osten ausgerichtet ist<\/p>\n<p style=\"text-align: left;\"><a href=\"http:\/\/menzendorff.de\/wp-content\/uploads\/2016\/10\/DSC_0030-1.jpg\"><img loading=\"lazy\" class=\"alignright size-large wp-image-1315\" src=\"http:\/\/menzendorff.de\/wp-content\/uploads\/2016\/10\/DSC_0030-1-1024x913.jpg\" alt=\"DSC_0030\" width=\"625\" height=\"557\" srcset=\"http:\/\/menzendorff.de\/wp-content\/uploads\/2016\/10\/DSC_0030-1-1024x913.jpg 1024w, http:\/\/menzendorff.de\/wp-content\/uploads\/2016\/10\/DSC_0030-1-300x267.jpg 300w, http:\/\/menzendorff.de\/wp-content\/uploads\/2016\/10\/DSC_0030-1-768x685.jpg 768w, http:\/\/menzendorff.de\/wp-content\/uploads\/2016\/10\/DSC_0030-1-624x556.jpg 624w\" sizes=\"(max-width: 625px) 100vw, 625px\" \/><\/a><\/p>\n<p style=\"text-align: left;\">Nach dem Hinweisschild erbauten die Templer die Anlage im Jahre 1156, nachdem der Graf von Barcelona, Ramon Berenguer IV ihnen diesen H\u00fcgel \u00fcbereignet hatte.<\/p>\n<p style=\"text-align: left;\">Kurz bevor ich wieder zum n\u00e4chsten Ziel aufbrechen wollte, gelang es mir noch, eine interessante Entdeckung zu machen:<\/p>\n<p style=\"text-align: left;\"><a href=\"http:\/\/menzendorff.de\/wp-content\/uploads\/2016\/10\/DSC_0027.jpg\"><img loading=\"lazy\" class=\"alignright size-large wp-image-1318\" src=\"http:\/\/menzendorff.de\/wp-content\/uploads\/2016\/10\/DSC_0027-1024x683.jpg\" alt=\"DSC_0027\" width=\"625\" height=\"417\" srcset=\"http:\/\/menzendorff.de\/wp-content\/uploads\/2016\/10\/DSC_0027.jpg 1024w, http:\/\/menzendorff.de\/wp-content\/uploads\/2016\/10\/DSC_0027-300x200.jpg 300w, http:\/\/menzendorff.de\/wp-content\/uploads\/2016\/10\/DSC_0027-768x512.jpg 768w, http:\/\/menzendorff.de\/wp-content\/uploads\/2016\/10\/DSC_0027-624x416.jpg 624w\" sizes=\"(max-width: 625px) 100vw, 625px\" \/><\/a><\/p>\n<p style=\"text-align: left;\">Im Erdreich versteckt tauchte eine Gew\u00f6lbedecke auf, die eindeutig mit r\u00f6mischen Flachziegeln errichtet war. Ich w\u00fcrde nocheinmal hier her kommen m\u00fcssen, um alle Vers\u00e4umnisse nach zu holen und jetzt machte ich mich auf zu meiner zweiten Etappe.<\/p>\n<p><span style=\"font-size: xx-large;\">3 Provincia de Tarragona<\/span><\/p>\n<p><span style=\"font-size: xx-large;\">3.1 Comarca Ribera d&#8217;Ebre<\/span><\/p>\n<p><span style=\"font-size: xx-large;\">Miravet<\/span><\/p>\n<p>Ich entschied mich dagegen, noch weiter n\u00f6rdlich zu fahren und liess Montz\u00f3n f\u00fcr dieses Jahr aus. Die Strecke zum n\u00e4chsten Etappenziel Miravet betr\u00e4gt ca. 85 Km in s\u00fcdlicher Richtung. Sie dauerte aber einiges \u00fcber eine Stunde, denn die Strecke besteht nur aus Landstrassen. Das Ziel war nur noch 2,3 Kilometer entfernt, da tauchte ein kleines Verkehrschild nach Miravet auf und ging es von der Fernstrasse j\u00e4h nach rechts eine B\u00f6schung hinunter. Ich stand unvermittelt an den Gestaden des Ebro, des l\u00e4ngsten spanischen Flusses. Die F\u00e4hre war ein echtes Abenteuer!<\/p>\n<p><a href=\"http:\/\/menzendorff.de\/wp-content\/uploads\/2016\/10\/Miravet-F\u00e4hre.jpg\"><img loading=\"lazy\" class=\"alignright size-large wp-image-1323\" src=\"http:\/\/menzendorff.de\/wp-content\/uploads\/2016\/10\/Miravet-F\u00e4hre-1024x576.jpg\" alt=\"Miravet F\u00e4hre\" width=\"625\" height=\"352\" srcset=\"http:\/\/menzendorff.de\/wp-content\/uploads\/2016\/10\/Miravet-F\u00e4hre.jpg 1024w, http:\/\/menzendorff.de\/wp-content\/uploads\/2016\/10\/Miravet-F\u00e4hre-300x169.jpg 300w, http:\/\/menzendorff.de\/wp-content\/uploads\/2016\/10\/Miravet-F\u00e4hre-768x432.jpg 768w, http:\/\/menzendorff.de\/wp-content\/uploads\/2016\/10\/Miravet-F\u00e4hre-624x351.jpg 624w\" sizes=\"(max-width: 625px) 100vw, 625px\" \/><\/a><\/p>\n<p>Es dauerte ungew\u00f6hnlich lang, bis sie vom anderen Ufer losgemacht wurde. Es haben nur maximal 2 Fahrzeuge Platz. Die F\u00e4hre hat KEINEN MOTOR!! Sie wird allein durch die Str\u00f6mung und die jeweilige Stellung des Ruders fortbewegt, wenn sie erstmal vom Ufer abgelegt hat. Die F\u00e4hrleute m\u00fcssen beim An- und Ablegen ganz schon schuften. Denn die F\u00e4hre mu\u00df mit langen Staken erst jeweils in die richtige Position gebracht werden, damit die Str\u00f6mung sie dann auch in die gew\u00fcnschte Richtung fortbewegt. Als mein 2 Tonnen schweres Fahrzeug auf die F\u00e4hre rollte, wurde sie zun\u00e4chst be\u00e4ngstigend tief herabgedr\u00fcckt. Aber es ging schlie\u00dflich alles gut.<\/p>\n<p>Und dann durfte ich mich auf einen wahrlich erhabenen Anblick freuen, den ich jetzt gleich mit Ihnen teilen werde. Ich hatte erst erwogen, zu den Bildern schlaue Kommentare zu verfassen. Aber schlie\u00dflich siegte Idee, die Macht der Bilder einfach f\u00fcr sich sprechen zu lassen. Hier ist sie, meine erste richtige Templerburg <strong>Miravet<\/strong>:<\/p>\n<p><a href=\"http:\/\/menzendorff.de\/wp-content\/uploads\/2016\/10\/DSC_0045.jpg\"><img loading=\"lazy\" class=\"alignright size-large wp-image-1325\" src=\"http:\/\/menzendorff.de\/wp-content\/uploads\/2016\/10\/DSC_0045-1024x683.jpg\" alt=\"DSC_0045\" width=\"625\" height=\"417\" srcset=\"http:\/\/menzendorff.de\/wp-content\/uploads\/2016\/10\/DSC_0045.jpg 1024w, http:\/\/menzendorff.de\/wp-content\/uploads\/2016\/10\/DSC_0045-300x200.jpg 300w, http:\/\/menzendorff.de\/wp-content\/uploads\/2016\/10\/DSC_0045-768x512.jpg 768w, http:\/\/menzendorff.de\/wp-content\/uploads\/2016\/10\/DSC_0045-624x416.jpg 624w\" sizes=\"(max-width: 625px) 100vw, 625px\" \/><\/a><\/p>\n<p>&nbsp;<\/p>\n<p><a href=\"http:\/\/menzendorff.de\/wp-content\/uploads\/2016\/10\/DSC_0047.jpg\"><img loading=\"lazy\" class=\"alignright size-large wp-image-1326\" src=\"http:\/\/menzendorff.de\/wp-content\/uploads\/2016\/10\/DSC_0047-1024x683.jpg\" alt=\"DSC_0047\" width=\"625\" height=\"417\" srcset=\"http:\/\/menzendorff.de\/wp-content\/uploads\/2016\/10\/DSC_0047.jpg 1024w, http:\/\/menzendorff.de\/wp-content\/uploads\/2016\/10\/DSC_0047-300x200.jpg 300w, http:\/\/menzendorff.de\/wp-content\/uploads\/2016\/10\/DSC_0047-768x512.jpg 768w, http:\/\/menzendorff.de\/wp-content\/uploads\/2016\/10\/DSC_0047-624x416.jpg 624w\" sizes=\"(max-width: 625px) 100vw, 625px\" \/><\/a><\/p>\n<p>&nbsp;<\/p>\n<p><a href=\"http:\/\/menzendorff.de\/wp-content\/uploads\/2016\/10\/DSC_0053.jpg\"><img loading=\"lazy\" class=\"alignright size-large wp-image-1328\" src=\"http:\/\/menzendorff.de\/wp-content\/uploads\/2016\/10\/DSC_0053-1024x683.jpg\" alt=\"DSC_0053\" width=\"625\" height=\"417\" srcset=\"http:\/\/menzendorff.de\/wp-content\/uploads\/2016\/10\/DSC_0053.jpg 1024w, http:\/\/menzendorff.de\/wp-content\/uploads\/2016\/10\/DSC_0053-300x200.jpg 300w, http:\/\/menzendorff.de\/wp-content\/uploads\/2016\/10\/DSC_0053-768x512.jpg 768w, http:\/\/menzendorff.de\/wp-content\/uploads\/2016\/10\/DSC_0053-624x416.jpg 624w\" sizes=\"(max-width: 625px) 100vw, 625px\" \/><\/a><\/p>\n<p style=\"text-align: center;\"><em>castell dels templers, <\/em><strong>43747 Miravet, <\/strong>Tarragona<\/p>\n<p>Die Burg ist nicht von den Templern errichtet worden. Sie entstand vielmehr durch Umbauten und Erweiterungen der bereits im sechsten Jahrhundert angelegten andalusischen Burg gegen Ende des 11. und Beginn des 12. Jahrhunderts (Quelle: Leaflet des Museu d&#8217;Hist\u00f2ria de Catalunya). Am 24. August 1153 gelang es Ram\u00f3n Berenguer IV, dem Grafen von Barcelona, die starkbefestigte Burg von Miravet einzunehmen und dauerhaft zu besetzen (Fuguet, S. 99).\u00a0 Auf Grundlage sogenannter Vertr\u00e4ge von Girona \u00fcbertrug der Graf die Burg zusammen mit umfangreichen L\u00e4ndereien an die Templer und dazu sogar den Ort Miravet selbst (a.a.0., S. 100), der sich am Fu\u00dfe der Burg befindet. Die Templer bauten dann ab der zweiten H\u00e4lfte des 12. Jahrhunderts und im 13. Jahrhundert die Burg f\u00fcr ihre Zwecke weiter um (Leaflet).<\/p>\n<p>Die nachstehende Skizze gibt einen \u00dcberblick \u00fcber die Bauphasen. Die Erweiterungen der Templer sind gr\u00fcn eingezeichnet.<\/p>\n<p style=\"text-align: center;\"><a href=\"http:\/\/menzendorff.de\/wp-content\/uploads\/2016\/10\/Plan.jpg\"><img loading=\"lazy\" class=\"wp-image-1332 aligncenter\" src=\"http:\/\/menzendorff.de\/wp-content\/uploads\/2016\/10\/Plan-633x1024.jpg\" alt=\"Plan\" width=\"450\" height=\"728\" srcset=\"http:\/\/menzendorff.de\/wp-content\/uploads\/2016\/10\/Plan.jpg 633w, http:\/\/menzendorff.de\/wp-content\/uploads\/2016\/10\/Plan-185x300.jpg 185w, http:\/\/menzendorff.de\/wp-content\/uploads\/2016\/10\/Plan-624x1009.jpg 624w\" sizes=\"(max-width: 450px) 100vw, 450px\" \/><\/a>(Quelle: Leaflet Museu d&#8217;Hist\u00f2ria de Catalunya)<\/p>\n<p>Sind Sie neugierig auf das Innere der Burg geworden? Ja? Kann ich gut verstehen. Das ging mir auch so. Hier sind die Aufnahmen mit kurzen Erl\u00e4uterungen.<\/p>\n<p><a href=\"http:\/\/menzendorff.de\/wp-content\/uploads\/2016\/10\/DSC_0062.jpg\"><img loading=\"lazy\" class=\"alignright size-large wp-image-1334\" src=\"http:\/\/menzendorff.de\/wp-content\/uploads\/2016\/10\/DSC_0062-1024x683.jpg\" alt=\"DSC_0062\" width=\"625\" height=\"417\" srcset=\"http:\/\/menzendorff.de\/wp-content\/uploads\/2016\/10\/DSC_0062.jpg 1024w, http:\/\/menzendorff.de\/wp-content\/uploads\/2016\/10\/DSC_0062-300x200.jpg 300w, http:\/\/menzendorff.de\/wp-content\/uploads\/2016\/10\/DSC_0062-768x512.jpg 768w, http:\/\/menzendorff.de\/wp-content\/uploads\/2016\/10\/DSC_0062-624x416.jpg 624w\" sizes=\"(max-width: 625px) 100vw, 625px\" \/><\/a><\/p>\n<p style=\"text-align: center;\">Blick auf den Ebro, flussabw\u00e4rts (Richtung Tortosa)<\/p>\n<p><a href=\"http:\/\/menzendorff.de\/wp-content\/uploads\/2016\/10\/DSC_0067.jpg\"><img loading=\"lazy\" class=\"alignright size-large wp-image-1335\" src=\"http:\/\/menzendorff.de\/wp-content\/uploads\/2016\/10\/DSC_0067-1024x683.jpg\" alt=\"DSC_0067\" width=\"625\" height=\"417\" srcset=\"http:\/\/menzendorff.de\/wp-content\/uploads\/2016\/10\/DSC_0067.jpg 1024w, http:\/\/menzendorff.de\/wp-content\/uploads\/2016\/10\/DSC_0067-300x200.jpg 300w, http:\/\/menzendorff.de\/wp-content\/uploads\/2016\/10\/DSC_0067-768x512.jpg 768w, http:\/\/menzendorff.de\/wp-content\/uploads\/2016\/10\/DSC_0067-624x416.jpg 624w\" sizes=\"(max-width: 625px) 100vw, 625px\" \/><\/a><\/p>\n<p style=\"text-align: center;\">Refektorium von aussen (Nr.11) Blick nach Nordosten<\/p>\n<p><a href=\"http:\/\/menzendorff.de\/wp-content\/uploads\/2016\/10\/DSC_0068.jpg\"><img loading=\"lazy\" class=\"alignright size-large wp-image-1336\" src=\"http:\/\/menzendorff.de\/wp-content\/uploads\/2016\/10\/DSC_0068-1024x683.jpg\" alt=\"DSC_0068\" width=\"625\" height=\"417\" srcset=\"http:\/\/menzendorff.de\/wp-content\/uploads\/2016\/10\/DSC_0068.jpg 1024w, http:\/\/menzendorff.de\/wp-content\/uploads\/2016\/10\/DSC_0068-300x200.jpg 300w, http:\/\/menzendorff.de\/wp-content\/uploads\/2016\/10\/DSC_0068-768x512.jpg 768w, http:\/\/menzendorff.de\/wp-content\/uploads\/2016\/10\/DSC_0068-624x416.jpg 624w\" sizes=\"(max-width: 625px) 100vw, 625px\" \/><\/a><\/p>\n<p style=\"text-align: center;\">Waffenhof (Nr. 9)<\/p>\n<p><a href=\"http:\/\/menzendorff.de\/wp-content\/uploads\/2016\/10\/DSC_0071.jpg\"><img loading=\"lazy\" class=\"alignright size-large wp-image-1337\" src=\"http:\/\/menzendorff.de\/wp-content\/uploads\/2016\/10\/DSC_0071-1024x683.jpg\" alt=\"DSC_0071\" width=\"625\" height=\"417\" srcset=\"http:\/\/menzendorff.de\/wp-content\/uploads\/2016\/10\/DSC_0071.jpg 1024w, http:\/\/menzendorff.de\/wp-content\/uploads\/2016\/10\/DSC_0071-300x200.jpg 300w, http:\/\/menzendorff.de\/wp-content\/uploads\/2016\/10\/DSC_0071-768x512.jpg 768w, http:\/\/menzendorff.de\/wp-content\/uploads\/2016\/10\/DSC_0071-624x416.jpg 624w\" sizes=\"(max-width: 625px) 100vw, 625px\" \/><\/a><\/p>\n<p style=\"text-align: center;\">\u00a0Refektorium (Speisesaal, Nr. 11)<\/p>\n<p style=\"text-align: center;\"><a href=\"http:\/\/menzendorff.de\/wp-content\/uploads\/2016\/10\/DSC_0078.jpg\"><img loading=\"lazy\" class=\"alignright size-large wp-image-1339\" src=\"http:\/\/menzendorff.de\/wp-content\/uploads\/2016\/10\/DSC_0078-1024x683.jpg\" alt=\"DSC_0078\" width=\"625\" height=\"417\" srcset=\"http:\/\/menzendorff.de\/wp-content\/uploads\/2016\/10\/DSC_0078.jpg 1024w, http:\/\/menzendorff.de\/wp-content\/uploads\/2016\/10\/DSC_0078-300x200.jpg 300w, http:\/\/menzendorff.de\/wp-content\/uploads\/2016\/10\/DSC_0078-768x512.jpg 768w, http:\/\/menzendorff.de\/wp-content\/uploads\/2016\/10\/DSC_0078-624x416.jpg 624w\" sizes=\"(max-width: 625px) 100vw, 625px\" \/><\/a><\/p>\n<p style=\"text-align: center;\">Eingang in den Kornspeicher (Nr. 12)<\/p>\n<p style=\"text-align: center;\"><a href=\"http:\/\/menzendorff.de\/wp-content\/uploads\/2016\/10\/DSC_0084.jpg\"><img loading=\"lazy\" class=\"alignright size-large wp-image-1340\" src=\"http:\/\/menzendorff.de\/wp-content\/uploads\/2016\/10\/DSC_0084-1024x683.jpg\" alt=\"DSC_0084\" width=\"625\" height=\"417\" srcset=\"http:\/\/menzendorff.de\/wp-content\/uploads\/2016\/10\/DSC_0084.jpg 1024w, http:\/\/menzendorff.de\/wp-content\/uploads\/2016\/10\/DSC_0084-300x200.jpg 300w, http:\/\/menzendorff.de\/wp-content\/uploads\/2016\/10\/DSC_0084-768x512.jpg 768w, http:\/\/menzendorff.de\/wp-content\/uploads\/2016\/10\/DSC_0084-624x416.jpg 624w\" sizes=\"(max-width: 625px) 100vw, 625px\" \/><\/a><\/p>\n<p style=\"text-align: center;\">Weinkeller (Nr.14)<\/p>\n<p style=\"text-align: center;\"><a href=\"http:\/\/menzendorff.de\/wp-content\/uploads\/2016\/10\/DSC_0086.jpg\"><img loading=\"lazy\" class=\"alignright size-large wp-image-1341\" src=\"http:\/\/menzendorff.de\/wp-content\/uploads\/2016\/10\/DSC_0086-1024x683.jpg\" alt=\"DSC_0086\" width=\"625\" height=\"417\" srcset=\"http:\/\/menzendorff.de\/wp-content\/uploads\/2016\/10\/DSC_0086.jpg 1024w, http:\/\/menzendorff.de\/wp-content\/uploads\/2016\/10\/DSC_0086-300x200.jpg 300w, http:\/\/menzendorff.de\/wp-content\/uploads\/2016\/10\/DSC_0086-768x512.jpg 768w, http:\/\/menzendorff.de\/wp-content\/uploads\/2016\/10\/DSC_0086-624x416.jpg 624w\" sizes=\"(max-width: 625px) 100vw, 625px\" \/><\/a><\/p>\n<p style=\"text-align: center;\">Lager (Nr. 13)<\/p>\n<p style=\"text-align: center;\"><a href=\"http:\/\/menzendorff.de\/wp-content\/uploads\/2016\/10\/DSC_0093.jpg\"><img loading=\"lazy\" class=\"alignright size-large wp-image-1342\" src=\"http:\/\/menzendorff.de\/wp-content\/uploads\/2016\/10\/DSC_0093-1024x683.jpg\" alt=\"DSC_0093\" width=\"625\" height=\"417\" srcset=\"http:\/\/menzendorff.de\/wp-content\/uploads\/2016\/10\/DSC_0093.jpg 1024w, http:\/\/menzendorff.de\/wp-content\/uploads\/2016\/10\/DSC_0093-300x200.jpg 300w, http:\/\/menzendorff.de\/wp-content\/uploads\/2016\/10\/DSC_0093-768x512.jpg 768w, http:\/\/menzendorff.de\/wp-content\/uploads\/2016\/10\/DSC_0093-624x416.jpg 624w\" sizes=\"(max-width: 625px) 100vw, 625px\" \/><\/a><\/p>\n<p style=\"text-align: center;\">Kirchenschiff, Blickrichtung nach Osten (Nr. 16)<\/p>\n<p style=\"text-align: left;\">Die Burg von Miravet sollte vor allem in der Zeit nach der grossen Verhaftungswelle der Templer noch eine bedeutende Rolle spielen. Der K\u00f6nig von Frankreich, Philipp IV, genannt &#8218;le Bel&#8216; hatte Anweisung gegeben, am Freitag den 13. Oktober 1307 alle Templer zu verhaften. Die \u00fcbrigen L\u00e4nder &#8211; etwa &#8211; England, taten dem nicht gleich und warteten auf Signale vom Papst. Auch der Papst Clemenz V war zun\u00e4chst nicht einverstanden mit dieser eigenm\u00e4chtigen Ma\u00dfnahme des franz\u00f6sichen K\u00f6nigs (Demurger, S. 244) . Nachdem durch Philipps Verh\u00f6rmethoden jedoch rasch erste &#8222;Gest\u00e4ndnisse&#8220; \u00fcber vermeintliche Ketzereien von den Inhaftierten erlangt worden waren, begann der Papst, seine Haltung zu \u00fcberdenken und mit ihm auch andere europ\u00e4ische Herrscher. Die f\u00fcnf spanischen K\u00f6nigreiche reagierten auch untereinander unterschiedlich. Jaume II, Graf von Barcelona und K\u00f6nig von Aragon, z\u00f6gerte zuerst, obwohl er \u00fcber den gemeinsamen Gro\u00dfvater Jaume I, den Eroberer, mit dem franz\u00f6sichen K\u00f6nig Philipp verwandt ist. Er hatte den Templern einiges zu verdanken, konnte und wollte sich aber auch keinen Bruch mit dem Papst leisten. Er handelte erst ab dem 1. Dezember 1307. Verhaftungen gelangen ihm aber zun\u00e4chst nur in Valencia (a.a.0). Im Norden von Aragon machten die Templer Schwierigkeiten. Sie widersetzten sich den Verhaftungen und verschanzten sich &#8211; unter der F\u00fchrung des Pr\u00e4zeptors der <a href=\"http:\/\/menzendorff.de\/?p=46\" target=\"_blank\" rel=\"noopener\">Komturei Mas Deu<\/a> Raymund Sa Guardia, der den Rang eines <em>Lieutenant du Ma\u00eetre du Temple pour la province d&#8217;Aragon<\/em> innehatte (Abb\u00e9 <a href=\"http:\/\/www.mediterranees.net\/biographies\/capeille\/saguardia.html\" target=\"_blank\" rel=\"noopener\">Capeille<\/a>, Dictionaire de Biographies Roussillonaises, S. 251) &#8211; in den Burgen von Miravet, Asco und Montz\u00f3n (aaO, S. 245).\u00a0 Ab dem 8. Dezember1307 schrieb Sa Guardia zahlreiche Briefe an den K\u00f6nig Jaume II von Aragon und versuchte, um diesen davon zu \u00fcberzeugen, dass seine Templer aufrechte Christen und alle H\u00e4resievorw\u00fcrfe gegen den Orden Erfindungen und Verleumdungen sind. (Robert Vinas, Le Proc\u00e8s des Templiers du Roussillon, S. 55ff).<\/p>\n<p>Die Haltung des K\u00f6nigs in diesem Konflikt l\u00e4\u00dft sich recht deutlich aus einem knappen und staatsm\u00e4nnisch distanzierten Brief des K\u00f6nigs an Sa Guardia vom 15. Dezember 1307 ablesen: &#8222;Ihnen, Ramon Saguardia, antworte ich, da\u00df ich sehr gut wei\u00df, dass die Templer von meinen Vorg\u00e4ngern viele G\u00fcter und Gef\u00e4lligkeiten erhalten haben. Die Templer haben zu zahlreichen Gelegenheiten den meinen und auch mir selbst gut gedient.&#8220; Seine jetzigen Handlungen gegen die Templer erkl\u00e4rte der K\u00f6nig so: &#8222;Ich handele, wie ein katholischer Prinz handeln muss &#8230; ich werde der Wahrheit und der Justiz folgen.&#8220;\u00a0 (aaO, S. 56). In der Folge belagerte der K\u00f6nig von Aragon die Burgen und parallel gef\u00fchrten Verhandlungen zogen sich bis August 2008 hin (Demurger, S. 245). Miravet kapitulierte erst im November 2008 (a.a.O) und die \u00dcbergabe wurde am 12.12.1308 vollzogen.\u00a0 Zuvor, am 7.12.1308, hatte Jaume II dem Templer noch geschrieben, da\u00df er sich in allen seinen Handlungen oder Unterlassungen an die Vorschriftes des Papstes halten w\u00fcre. Er endete diesen Brief mit der Wendung: &#8222;Sie sollen dennoch wissen, dass ich Sie g\u00fctig behandeln werde.&#8220; Um seine W\u00fcrde zu erhalten, lieferte Ramon Saguardia sich nicht selbst aus. Die Soldaten des K\u00f6nigs fanden ihn schlie\u00dflich zwei Tage sp\u00e4ter beim Gebet (Vinas, S. 74). Sa Guardia wurde schlie\u00dflich in das zum K\u00f6nigreich Mallorca geh\u00f6rende Rousillon ausgeliefert. Auch der K\u00f6nig von Mallorca konnte sich dem Druck des franz\u00f6sischen K\u00f6nigs nicht dauerhaft widersetzen und verhaftete schlie\u00dflich die dort befindlichen Temple. Nach\u00a0<a href=\"http:\/\/www.templerlexikon.uni-hamburg.de\/TDF-G2.html\" target=\"_blank\" rel=\"noopener\"> Napp, Templerlexikon<\/a>\u00a0 erkl\u00e4rte Sa Guardia Im Verh\u00f6r durch den Bischof von Elne, die Anschuldigungen seien &#8222;&#8218;entsetzlich, schamlos und diabolisch&#8216; [<em>horribles, extraordinairement affreux et diaboliques, vgl. Dictionnaire <\/em><i>de biographies roussillonnaises<\/i> <em>de l&#8217;abb\u00e9 Capeille (1914)<\/em>], und bekannte, da\u00df die Aufnahme der Br\u00fcder nach dem durch die Regel vorgeschriebenen Ritus und gem\u00e4\u00df dem Glauben der Kirche erfolge.&#8220; (Napp, aaO). Der Erzbischof von Tarragona\u00a0 erkl\u00e4rte ihn daraufhin f\u00fcr unschuldig\u00a0 und straffrei und wies ihm eine lebensl\u00e4nge Rente zu (<a href=\"http:\/\/www.mediterranees.net\/biographies\/capeille\/saguardia.html\" target=\"_blank\" rel=\"noopener\"><em>D<\/em><i>ictionnaire de biographies roussillonnaises<\/i><\/a> de l&#8217;abb\u00e9 Capeille (1914). Nach Arnaudi\u00e8s, Les templiers en Roussillon, S. 33, betrug die Rente 350 livres, die Sa Guardia auf seinem ehemaligen Sitz, der commanderie von <strong>Mas Deu <\/strong>noch bis ins Jahr 1319 geniessen konnte.<\/p>\n<p><span style=\"font-size: xx-large;\">3 Provincia de Tarragona<\/span><\/p>\n<p><span style=\"font-size: xx-large;\">3.2 Comarca Baix Ebre<\/span><\/p>\n<p><span style=\"font-size: xx-large;\">Tortosa<\/span><\/p>\n<p>Ich stieg also wieder die Burg von Miravet hinab und hoffte, auf dem R\u00fcckweg nicht mehr mit der F\u00e4hre fahren zu m\u00fcssen. Der Umweg w\u00e4re aber betr\u00e4chtlich gewesen, sodass mir leider keine Wahl blieb, als nochmal den F\u00e4hrmann qu\u00e4len zu m\u00fcssen. Er pries sein Fahrzeug stolz als die umweltfreundlichste F\u00e4hre, die es g\u00e4be und er hatte sichtlich Spa\u00df an seinem Job. Auf seine Gelassenheit kann man nur neidisch sein. Es war eine ungeheuer archaisch anmutende Erfahrung. Ich bezahlte, wie es alter Brauch ist, erst am anderen Ufer, schaute mich kurz wehm\u00fctig um und steuerte &#8211; noch nichts ahnend &#8211; auf mein n\u00e4chstes Scheitern zu.<\/p>\n<p>Die Strecke bis Tortosa war nicht weit, knapp 50 km. Ich wollte in die Altstadt gelangen und hatte gehofft, dass dort vielleicht steinerne Zeugen der Templerzeit von Tortosa mit Hinweisschildern angezeigt werden w\u00fcrden. Ich hatte mich wieder mal nicht richtig vorbereitet, und diesmal r\u00e4chte sich das richtig. Ich wu\u00dfte nicht, dass es erstens im Stadtbereich nur eine einzige Br\u00fccke gibt, die Pont de l&#8217;Estat, die aber zweitens wegen Bauarbeiten derzeit gesperrt ist. Und so zockelte ich im einsetzenden Berufsverkehr erst mal eine ganze Weile hin und her, bis sich schlie\u00dflich &#8211; weit ausserhalb der Stadt &#8211; eine Br\u00fccke fand. Damit war ich aber noch nicht am Ziel. Tortosa ist nicht sehr gro\u00df, es hat 34.000 Einwohner, aber gro\u00df genug, um un\u00fcbersichtlich zu sein. Die Altstadt erwies sich teilweise als etwas eng\u00a0 f\u00fcr mein Auto und ich hatte keine Ahnung, wonach genau ich eigentlich suchen sollte. Die Burg aus dem 10. Jahrhundert hat mit den Templern nichts zu tun, au\u00dferdem hat man sie in ein Hotel verwandelt. Ich wu\u00dfte, dass die Templer in Tortosa ganze Stadtbezirke beherrscht hatten. Allerdings hatte ich keine Erinnerung daran, wo diese sich befunden haben und in wieweit davon heute noch etwas \u00fcbriggeblieben ist. Ich hatte mir im Internet einige T\u00fcrme angesehen, die den Templern zuzuordnen w\u00e4ren und naiv gehofft, diese w\u00fcrden vielleicht beschildert sein. Also fuhr ich auch in der Altstadt mehr oder weniger planlos durch enge Gassen ohne Parkm\u00f6glichkeiten, in denen zudem spontan nichts mittelalterliches zu entdecken war. So langsam bekam ich Hunger und wollte einfach nur noch heim.<\/p>\n<p style=\"text-align: left;\">Pl\u00f6tzlich tauchte ein ger\u00e4umiger Platz vor mir auf, nachdem ich gerade wieder einer engen Sttrasse entkommen war. Und ich fand dort einen freien Parkplatz. Ausserdem hatte ich mittelalterliche Gem\u00e4uer ersp\u00e4ht. Also den Foto herausgeholt, um die &#8222;Jagdbeute&#8220; einzufangen.<\/p>\n<p style=\"text-align: left;\"><a href=\"http:\/\/menzendorff.de\/wp-content\/uploads\/2016\/10\/DSC_0097.jpg\"><img loading=\"lazy\" class=\"alignright size-large wp-image-1355\" src=\"http:\/\/menzendorff.de\/wp-content\/uploads\/2016\/10\/DSC_0097-1024x683.jpg\" alt=\"DSC_0097\" width=\"625\" height=\"417\" srcset=\"http:\/\/menzendorff.de\/wp-content\/uploads\/2016\/10\/DSC_0097.jpg 1024w, http:\/\/menzendorff.de\/wp-content\/uploads\/2016\/10\/DSC_0097-300x200.jpg 300w, http:\/\/menzendorff.de\/wp-content\/uploads\/2016\/10\/DSC_0097-768x512.jpg 768w, http:\/\/menzendorff.de\/wp-content\/uploads\/2016\/10\/DSC_0097-624x416.jpg 624w\" sizes=\"(max-width: 625px) 100vw, 625px\" \/><\/a><\/p>\n<p style=\"text-align: center;\">\u00a0Teile der Stadtmauer im Nordosten von Tortosa,<strong><br \/>\nPla\u00e7a de Moss\u00e8n Sol<\/strong><\/p>\n<p style=\"text-align: left;\">Hinter mir erhob sich eine m\u00e4chtige mittelalterliche Mauer ohne Fenster. Es war vor Ort nicht ersichtlich, zu welchem Geb\u00e4ude diese Mauer geh\u00f6rte. Ich tippte auf eine Kirche, was sich bei der Nachbearbeitung als zutreffend herausstellte.<\/p>\n<p style=\"text-align: left;\"><a href=\"http:\/\/menzendorff.de\/wp-content\/uploads\/2016\/10\/DSC_0098.jpg\"><img loading=\"lazy\" class=\"alignright size-large wp-image-1356\" src=\"http:\/\/menzendorff.de\/wp-content\/uploads\/2016\/10\/DSC_0098-1024x683.jpg\" alt=\"DSC_0098\" width=\"625\" height=\"417\" srcset=\"http:\/\/menzendorff.de\/wp-content\/uploads\/2016\/10\/DSC_0098.jpg 1024w, http:\/\/menzendorff.de\/wp-content\/uploads\/2016\/10\/DSC_0098-300x200.jpg 300w, http:\/\/menzendorff.de\/wp-content\/uploads\/2016\/10\/DSC_0098-768x512.jpg 768w, http:\/\/menzendorff.de\/wp-content\/uploads\/2016\/10\/DSC_0098-624x416.jpg 624w\" sizes=\"(max-width: 625px) 100vw, 625px\" \/><\/a><\/p>\n<p style=\"text-align: center;\">Tortosa, <strong>Carrer de la Mare de D\u00e9u de la Providencia<\/strong><\/p>\n<p style=\"text-align: left;\">Sp\u00e4tere Nachforschungen ergaben, dass es sich bei der Mauer um die S\u00fcdfassade der Kirche Sant Dom\u00e8nec handelt, die offenbar teilweise unter Verwendung der Stadtmauer von 1370 im Jahre 1585 errichtet wurde (<a href=\"http:\/\/tortosaantiga.blogspot.de\/2011\/09\/sant-domenec.html\" target=\"_blank\" rel=\"noopener\">tortosa antiga<\/a>).<\/p>\n<p style=\"text-align: left;\">Da keine Schilder oder sonstige Hinweise vorhanden waren und ich auch noch drei Stunden R\u00fcckfahrt vor mir hatte,\u00a0 brach ich mein erfolgloses Herumsuchen hier ab und stellte fest, dass ich hier noch einmal w\u00fcrde herkommen m\u00fcssen. Aber nicht ohne mich umfassend vorzubereiten.<\/p>\n<p style=\"text-align: left;\">In Pals angekommen, beschaffte ich mir erst einmal altes Kartenmaterial von Tortosa. Auf der Verkaufsseite f\u00fcr alte Stiche und Landkarten www.frame.es wurde ich fundig:<\/p>\n<p style=\"text-align: left;\"><a href=\"http:\/\/menzendorff.de\/wp-content\/uploads\/2016\/10\/Screenshot-2017-02-25-12.04.49.png\"><img loading=\"lazy\" class=\"alignright size-full wp-image-1358\" src=\"http:\/\/menzendorff.de\/wp-content\/uploads\/2016\/10\/Screenshot-2017-02-25-12.04.49.png\" alt=\"Screenshot 2017-02-25 12.04.49\" width=\"815\" height=\"645\" srcset=\"http:\/\/menzendorff.de\/wp-content\/uploads\/2016\/10\/Screenshot-2017-02-25-12.04.49.png 815w, http:\/\/menzendorff.de\/wp-content\/uploads\/2016\/10\/Screenshot-2017-02-25-12.04.49-300x237.png 300w, http:\/\/menzendorff.de\/wp-content\/uploads\/2016\/10\/Screenshot-2017-02-25-12.04.49-768x608.png 768w, http:\/\/menzendorff.de\/wp-content\/uploads\/2016\/10\/Screenshot-2017-02-25-12.04.49-624x494.png 624w\" sizes=\"(max-width: 815px) 100vw, 815px\" \/><\/a><\/p>\n<p style=\"text-align: center;\">Quelle: <a href=\"http:\/\/www.frame.es\/catalogo\/mapa.php?id=12640&amp;lit=Plan+de+Tortose+(Tortosa)&amp;t=Planos&amp;a=Beaulieu%2C+Sebastian+de++Pontault%2C+Chevalier+de&amp;s=Mapas\" target=\"_blank\" rel=\"noopener\">www.frame.es<\/a><\/p>\n<p style=\"text-align: left;\">Rechts im Bild sieht man recht deutlich die Markierung <strong><em>Porte du Temple<\/em><\/strong>. Die Karte ist aber nicht nach norden ausgerichtet. Die (heute noch vorhandene) Strasse, die die Stadt hier nach rechts verl\u00e4\u00dft, f\u00fchrt in der Realit\u00e4t nach S\u00fcden. Auch in dem Buch von Fuguet und Plaza befindet sich eine Karte, die noch sehr viel mehr Details zeigte:<\/p>\n<p style=\"text-align: left;\"><a href=\"http:\/\/menzendorff.de\/wp-content\/uploads\/2016\/10\/Fuguet-Tortosa.jpg\"><img loading=\"lazy\" class=\"alignright size-large wp-image-1360\" src=\"http:\/\/menzendorff.de\/wp-content\/uploads\/2016\/10\/Fuguet-Tortosa-1024x832.jpg\" alt=\"Fuguet Tortosa\" width=\"625\" height=\"508\" srcset=\"http:\/\/menzendorff.de\/wp-content\/uploads\/2016\/10\/Fuguet-Tortosa-1024x832.jpg 1024w, http:\/\/menzendorff.de\/wp-content\/uploads\/2016\/10\/Fuguet-Tortosa-300x244.jpg 300w, http:\/\/menzendorff.de\/wp-content\/uploads\/2016\/10\/Fuguet-Tortosa-768x624.jpg 768w, http:\/\/menzendorff.de\/wp-content\/uploads\/2016\/10\/Fuguet-Tortosa-624x507.jpg 624w\" sizes=\"(max-width: 625px) 100vw, 625px\" \/><\/a><\/p>\n<p style=\"text-align: center;\">Quelle: Joan Fuguet<\/p>\n<p style=\"text-align: left;\">Mit dem Auto w\u00fcrde es keinen Sinn machen, die schraffierten Bereiche untersuchen und ich \u00fcberlegte, beim n\u00e4chsten Besuch von Tortosa eventuelle Geb\u00e4udereste auf Spazierg\u00e4ngen zu identifizieren. Doch dann las ich bei Fuguet eine Seite weiter einen einzigen, irgendwie\u00a0 deprimierenden Satz, der mir diese M\u00fche abnehmen w\u00fcrde: <em>&#8222;No se conserva <strong>nada<\/strong> de la sede del Temple en la ciudad, que, como en las villas importantes, ha sucumbido al poder de la especulaci\u00f3n urbana&#8220;. <\/em>Es ist <strong>nichts<\/strong> mehr \u00fcbrig geblieben von der Niederlassung der Templer in der Stadt. Wie in wichtigen St\u00e4dten sind diese der Macht der st\u00e4dtischen Spekulation erlegen (Fuguet, S.98). Fuguet beschreibt aber drei T\u00fcrme der Templer aus dem 13. Jahrhundert. Diese befinden sich z.T. weit ausserhalb der Stadt:<\/p>\n<ol>\n<li style=\"text-align: left;\">Torre del Prior, 3 km n\u00f6rdlich<\/li>\n<li style=\"text-align: left;\">Torre de Campred\u00f3, 13 km s\u00fcd\u00f6stlich und<\/li>\n<li style=\"text-align: left;\">Torre de Burjass\u00e8nia, 16 km s\u00fcd\u00f6stlich.<\/li>\n<\/ol>\n<p>Alle diese T\u00fcrme stehen am Flu\u00dflauf des Ebro strategisch g\u00fcnstig, dass sowohl die Fernstrassen, als auch der Flu\u00df selbst, st\u00e4ndig \u00fcberwacht werden konnten. Der Turm von Campred\u00f3 steht zudem auf einem H\u00fcgel\u00a0 (<strong>Localitzaci\u00f3<\/strong>: N 40 44 46 E 00 34 46. Altitud 32 m. , Ricard Ballo, <a href=\"http:\/\/Localitzaci\u00f3: N 40 44 46 E 00 34 46. Altitud 32 m.\" target=\"_blank\" rel=\"noopener\">Catalunya Medieval<\/a>) . Die Legende will, dass zwischen diesem Turm und einem auf dem anderen Flu\u00dfufer befindlichen Hospital eine Kette gespannt war, mit dem man das Einlaufen von Schiffen kontrollieren konnte (Fuguet, S. 98). Meine Nachforschungen haben inzwischen ergeben, dass der <a href=\"http:\/\/torredelprior.cat\/\" target=\"_blank\" rel=\"noopener\">Torre del Prior <\/a>heute als Ferienunterkunft ausgebaut ist und gleich meine Familie und mich gleich erstmal\u00a0 f\u00fcr Herbst 2017 dort eingebucht. Ich bat Ricard Ballo, seine hervorragenden Fotos vom Torre de Campred\u00f3 f\u00fcr diesen Bericht verwenden zu d\u00fcrfen. Er hat mir das &#8211; wie stets &#8211; freundlich gestattet und mir hoch aufgel\u00f6ste Bilder zur Verf\u00fcgung gestellt. Ich bitte Sie, der Seite <a href=\"http:\/\/www.catalunyamedieval.es\/\" target=\"_blank\" rel=\"noopener\">catalunya medieval<\/a> zur Vorbereitung Ihrer Urlaubsreisen in die Region Ihren Besuch abzustatten. Sie finden auf der Startseite durch Anklicken Ihrer Zielregion f\u00fcr jede <em>comarca<\/em> hervorragende Fotos von Burgen, T\u00fcrmen und mittelalterlichen Geb\u00e4uden. Das kann dazu beitragen, Ihren Urlaub besonders unvergesslich zu machen. Vorsicht: Es kann s\u00fcchtig machen&#8230;..<\/p>\n<div id=\"attachment_1371\" style=\"width: 635px\" class=\"wp-caption alignright\"><a href=\"http:\/\/menzendorff.de\/wp-content\/uploads\/2016\/10\/12-Torre-de-Campred\u00f3-Tortosa-080301_04BIS.jpg\"><img aria-describedby=\"caption-attachment-1371\" loading=\"lazy\" class=\"size-large wp-image-1371\" src=\"http:\/\/menzendorff.de\/wp-content\/uploads\/2016\/10\/12-Torre-de-Campred\u00f3-Tortosa-080301_04BIS-1024x768.jpg\" alt=\"OLYMPUS DIGITAL CAMERA\" width=\"625\" height=\"469\" srcset=\"http:\/\/menzendorff.de\/wp-content\/uploads\/2016\/10\/12-Torre-de-Campred\u00f3-Tortosa-080301_04BIS.jpg 1024w, http:\/\/menzendorff.de\/wp-content\/uploads\/2016\/10\/12-Torre-de-Campred\u00f3-Tortosa-080301_04BIS-300x225.jpg 300w, http:\/\/menzendorff.de\/wp-content\/uploads\/2016\/10\/12-Torre-de-Campred\u00f3-Tortosa-080301_04BIS-768x576.jpg 768w, http:\/\/menzendorff.de\/wp-content\/uploads\/2016\/10\/12-Torre-de-Campred\u00f3-Tortosa-080301_04BIS-624x468.jpg 624w\" sizes=\"(max-width: 625px) 100vw, 625px\" \/><\/a><p id=\"caption-attachment-1371\" class=\"wp-caption-text\">OLYMPUS DIGITAL CAMERA copyright Ricard Ballo, used with kind permission of the holder<\/p><\/div>\n<p style=\"text-align: center;\">Torre de <strong>Campred\u00f3<\/strong>, Tarragona, copyright Ricard Ballo<\/p>\n<p><a href=\"http:\/\/menzendorff.de\/wp-content\/uploads\/2016\/10\/11-Torre-de-Campred\u00f3-Tortosa-080301_508.jpg\"><img loading=\"lazy\" class=\"alignright size-large wp-image-1372\" src=\"http:\/\/menzendorff.de\/wp-content\/uploads\/2016\/10\/11-Torre-de-Campred\u00f3-Tortosa-080301_508-1024x768.jpg\" alt=\"11-Torre de Campred\u00f3-Tortosa 080301_508\" width=\"625\" height=\"469\" srcset=\"http:\/\/menzendorff.de\/wp-content\/uploads\/2016\/10\/11-Torre-de-Campred\u00f3-Tortosa-080301_508.jpg 1024w, http:\/\/menzendorff.de\/wp-content\/uploads\/2016\/10\/11-Torre-de-Campred\u00f3-Tortosa-080301_508-300x225.jpg 300w, http:\/\/menzendorff.de\/wp-content\/uploads\/2016\/10\/11-Torre-de-Campred\u00f3-Tortosa-080301_508-768x576.jpg 768w, http:\/\/menzendorff.de\/wp-content\/uploads\/2016\/10\/11-Torre-de-Campred\u00f3-Tortosa-080301_508-624x468.jpg 624w\" sizes=\"(max-width: 625px) 100vw, 625px\" \/><\/a><\/p>\n<p>Beim Anblick gerade dieses Bildes wurde mir urpl\u00f6tzlich die <strong>besondere<\/strong> strategische Situation der Stadt Tortosa \u00fcberdeutlich: Der zweitl\u00e4ngste Flu\u00df der iberischen Halbinsel (=der l\u00e4ngste Flu\u00df Spaniens) verbindet hier das Hinterland Spaniens \u00fcber den wichtigen Seehafen Tortosas (vg. <a href=\"http:\/\/www.terresdelebre.travel\/deu\/PlanificadorDeViatge\/recurso.php?id=1200\" target=\"_blank\" rel=\"noopener\">Terres de l&#8217;Ebre<\/a>) mit dem Mittelmeer. Es liegt auf der Hand, dass\u00a0 &#8211; auch seit vorr\u00f6mischer Zeit &#8211; f\u00fcr Fernstrassentrassen besonders die Flu\u00dfl\u00e4ufe bevorzugt wurden (vgl. etwa Donau, Rhein, Seine, Loire, Rh\u00f4ne), nicht zuletzt um unn\u00f6tige Steigungen zu vermeiden und die Beherbergungsstationen doppelt effektiv zu machen. Das galt nat\u00fcrlich besonders auch f\u00fcr den Ebro, zumal das K\u00fcstenhinterland Kataloniens sehr h\u00fcgelig ist. Der Flu\u00df verbindet die K\u00fcste direkt mit Zaragoza (Saragossa) und indirekt \u00fcber den Segre, der bei Mequinenza in den Ebro m\u00fcndet, auch mit Lleida und den Templerbesitzungen in der <a href=\"http:\/\/menzendorff.de\/?p=988\" target=\"_blank\" rel=\"noopener\">Comarca Segria<\/a>. Auf diese Weise sicherten sich die Templer den raschen Abtransport der in Ihren Komtureien daf\u00fcr bestimmungsgem\u00e4\u00df erzeugten Produkte ins heilige Land.<\/p>\n<p>Aber das war noch nicht alles. Der Verkehrsknotenpunkt s\u00fcdlich von Tortosa verbindet das spanische Hinterland und den Seeweg zus\u00e4tzlich mit der K\u00fcstenstrasse von Narbonne \u00fcber Girona, Barcelona und Tarragona bis nach Peniscola. Das heisst, die Templert\u00fcrme um Tortosa dienten auch zur \u00dcberwachung des Fernverkehrs auf der K\u00fcstenstrasse. Die ber\u00fchmte R\u00f6merstrasse Frankreichs, die <em>via domitia,\u00a0<\/em> die im Languedoc als K\u00fcstenstrasse die St\u00e4dte Nimes, Montpelllier, Beziers und Narbonne verbindet, setzt sich \u00fcber die Pyren\u00e4en fort.<\/p>\n<p>Es war an der Zeit, mal eine Karte der R\u00f6merstrassen zu Rate zu ziehen:<\/p>\n<p><a href=\"http:\/\/menzendorff.de\/wp-content\/uploads\/2016\/10\/R\u00f6merstrasse.jpg.png\"><img loading=\"lazy\" class=\"alignright size-large wp-image-1379\" src=\"http:\/\/menzendorff.de\/wp-content\/uploads\/2016\/10\/R\u00f6merstrasse.jpg-1024x564.png\" alt=\"R\u00f6merstrasse.jpg\" width=\"625\" height=\"344\" srcset=\"http:\/\/menzendorff.de\/wp-content\/uploads\/2016\/10\/R\u00f6merstrasse.jpg-1024x564.png 1024w, http:\/\/menzendorff.de\/wp-content\/uploads\/2016\/10\/R\u00f6merstrasse.jpg-300x165.png 300w, http:\/\/menzendorff.de\/wp-content\/uploads\/2016\/10\/R\u00f6merstrasse.jpg-768x423.png 768w, http:\/\/menzendorff.de\/wp-content\/uploads\/2016\/10\/R\u00f6merstrasse.jpg-624x344.png 624w, http:\/\/menzendorff.de\/wp-content\/uploads\/2016\/10\/R\u00f6merstrasse.jpg.png 1033w\" sizes=\"(max-width: 625px) 100vw, 625px\" \/><\/a><\/p>\n<p>&nbsp;<\/p>\n<p style=\"text-align: center;\">Quelle: <a href=\"https:\/\/upload.wikimedia.org\/wikipedia\/commons\/e\/e8\/Roman_Empire_125_de.svg\" target=\"_blank\" rel=\"noopener\">Wikimedia<\/a><\/p>\n<p>Reduzieren wir den Kartenausschnitt von Spanien, wird die besondere Bedeutung des Verkehrsknotenpunktes noch deutlicher:<\/p>\n<p><a href=\"http:\/\/menzendorff.de\/wp-content\/uploads\/2016\/10\/Ebro-R\u00f6merstrasse.png\"><img loading=\"lazy\" class=\"alignright size-full wp-image-1382\" src=\"http:\/\/menzendorff.de\/wp-content\/uploads\/2016\/10\/Ebro-R\u00f6merstrasse.png\" alt=\"Ebro R\u00f6merstrasse\" width=\"614\" height=\"321\" srcset=\"http:\/\/menzendorff.de\/wp-content\/uploads\/2016\/10\/Ebro-R\u00f6merstrasse.png 614w, http:\/\/menzendorff.de\/wp-content\/uploads\/2016\/10\/Ebro-R\u00f6merstrasse-300x157.png 300w\" sizes=\"(max-width: 614px) 100vw, 614px\" \/><\/a><\/p>\n<p style=\"text-align: center;\">Quelle: Wikimedia<\/p>\n<p>Tarraco = <strong>Tarragona<\/strong>, Caesaraugusta = <strong>Saragossa<\/strong>, Castra Legionis = <strong>Leon<\/strong>, Brigantum = <strong>La Coru\u00f1a.<br \/>\n<\/strong><\/p>\n<p>Der Kartenausschnitt zeigt, dass die alte R\u00f6merstrasse <strong><em>Via Domitia<\/em><\/strong> sich \u00fcber Tarragona hinaus bis zur Ebro-M\u00fcndung &#8211; also bis Tortosa, wo die R\u00f6mer schon einen Hafen betrieben haben k\u00f6nnten (<a href=\"https:\/\/books.google.de\/books?id=dZPoBQAAQBAJ&amp;pg=PA435&amp;lpg=PA435&amp;dq=Tortosa+R%C3%B6merzeit&amp;source=bl&amp;ots=yrd-_p8IzG&amp;sig=ySVy5Ic9tSBj2eA9DnbbTF0XnSA&amp;hl=de&amp;sa=X&amp;ved=0ahUKEwiIjaLcyr_SAhXmO5oKHbaHDNAQ6AEIKzAE#v=onepage&amp;q=Tortosa%20R%C3%B6merzeit&amp;f=false\" target=\"_blank\" rel=\"noopener\">Wawrzinek, In portum navigare<\/a>) &#8211; fortsetzt. Von Saragossa erschlie\u00dft das R\u00f6merstrassennetz zudem gleich drei wichtige Atlantikh\u00e4fen Lissabon, La Coru\u00f1a und Bordeaux, was den Warenaustausch mit England betr\u00e4chtlich erleichtert haben d\u00fcrfte. Ab Tortosa nannte man die R\u00f6merstrasse <strong>V<em>ia Herculea. <\/em><\/strong>In Galizien und Leon waren die Templer auch beg\u00fctert und in Saragossa reichlich, sodass davon auszugehen ist, dass die alten Verkehrswege der R\u00f6mer auch in der Templerzeit ihre Bedeutung noch nicht verloren haben werden. Nach S\u00fcden hatten sich die Templer bis nach Peniscola und Xivert ausgebreitet. Die Stadt Tortosa d\u00fcrfte damit als Hauptverkehrsknotenpunkt eine der wichtigsten Gr\u00fcndungen der Templer auf der spanischen Halbinsel dargestellt haben.<\/p>\n<p>Ich werde die Region bald wieder bereisen d\u00fcrfen, und zwar im Mai und im Oktober 2017. Freuen Sie sich mit mir auf hoffentlich viele spannende Berichte aus dem Jahr 2017.<\/p>\n<p>&nbsp;<\/p>\n<p>&nbsp;<\/p>\n<p>&nbsp;<\/p>\n<p>&nbsp;<\/p>\n<p>&nbsp;<\/p>\n<p>&nbsp;<\/p>\n<p>&nbsp;<\/p>\n","protected":false},"excerpt":{"rendered":"<p>Catalunya &#8211; Teil 3 Im Oktober 2016 bot sich nochmals die Chance, Ferien in dem sch\u00f6nen Haus in Masos de Pals zu verbringen. Weil es uns im Mai dieses Jahres dort so ausnehmend gut gefiel (siehe Templerreise Mai 2016) , liessen wir uns das nicht zweimal sagen und\u00a0 brachen voller Vorfreude auf. Die Strapazen der [&hellip;]<\/p>\n","protected":false},"author":2,"featured_media":0,"comment_status":"open","ping_status":"open","sticky":false,"template":"","format":"standard","meta":[],"categories":[9],"tags":[],"_links":{"self":[{"href":"http:\/\/menzendorff.de\/index.php?rest_route=\/wp\/v2\/posts\/1048"}],"collection":[{"href":"http:\/\/menzendorff.de\/index.php?rest_route=\/wp\/v2\/posts"}],"about":[{"href":"http:\/\/menzendorff.de\/index.php?rest_route=\/wp\/v2\/types\/post"}],"author":[{"embeddable":true,"href":"http:\/\/menzendorff.de\/index.php?rest_route=\/wp\/v2\/users\/2"}],"replies":[{"embeddable":true,"href":"http:\/\/menzendorff.de\/index.php?rest_route=%2Fwp%2Fv2%2Fcomments&post=1048"}],"version-history":[{"count":83,"href":"http:\/\/menzendorff.de\/index.php?rest_route=\/wp\/v2\/posts\/1048\/revisions"}],"predecessor-version":[{"id":2810,"href":"http:\/\/menzendorff.de\/index.php?rest_route=\/wp\/v2\/posts\/1048\/revisions\/2810"}],"wp:attachment":[{"href":"http:\/\/menzendorff.de\/index.php?rest_route=%2Fwp%2Fv2%2Fmedia&parent=1048"}],"wp:term":[{"taxonomy":"category","embeddable":true,"href":"http:\/\/menzendorff.de\/index.php?rest_route=%2Fwp%2Fv2%2Fcategories&post=1048"},{"taxonomy":"post_tag","embeddable":true,"href":"http:\/\/menzendorff.de\/index.php?rest_route=%2Fwp%2Fv2%2Ftags&post=1048"}],"curies":[{"name":"wp","href":"https:\/\/api.w.org\/{rel}","templated":true}]}}