{"id":108,"date":"2013-10-13T15:06:00","date_gmt":"2013-10-13T13:06:00","guid":{"rendered":"http:\/\/menzendorff.de\/?p=108"},"modified":"2019-04-21T14:33:44","modified_gmt":"2019-04-21T12:33:44","slug":"2013-champagne","status":"publish","type":"post","link":"http:\/\/menzendorff.de\/?p=108","title":{"rendered":"2013 Champagne"},"content":{"rendered":"<p>Im April bot sich anl\u00e4\u00dflich einer Reise nach Reims die Gelegenheit, weitere Templerorte in der Champagne aufzusuchen. Reims selbst ist immer eine Reise wert, schon wegen der beeindruckenden Kathedrale:<\/p>\n<p style=\"text-align: left;\"><!-- [if gte mso 9]><xml>\n<w:WordDocument>\n<w:View>Normal<\/w:View>\n<w:Zoom>0<\/w:Zoom>\n<w:HyphenationZone>21<\/w:HyphenationZone>\n<w:PunctuationKerning\/>\n<w:ValidateAgainstSchemas\/>\n<w:SaveIfXMLInvalid>false<\/w:SaveIfXMLInvalid>\n<w:IgnoreMixedContent>false<\/w:IgnoreMixedContent>\n<w:AlwaysShowPlaceholderText>false<\/w:AlwaysShowPlaceholderText>\n<w:Compatibility>\n<w:BreakWrappedTables\/>\n<w:SnapToGridInCell\/>\n<w:WrapTextWithPunct\/>\n<w:UseAsianBreakRules\/>\n<w:DontGrowAutofit\/>\n<\/w:Compatibility>\n<w:BrowserLevel>MicrosoftInternetExplorer4<\/w:BrowserLevel>\n<\/w:WordDocument>\n<\/xml><![endif]--><\/p>\n<p><a href=\"http:\/\/menzendorff.de\/wp-content\/uploads\/2013\/10\/Reims.jpg\"><img loading=\"lazy\" class=\"size-full wp-image-139 alignleft\" src=\"http:\/\/menzendorff.de\/wp-content\/uploads\/2013\/10\/Reims.jpg\" alt=\"Reims\" width=\"2592\" height=\"1944\" srcset=\"http:\/\/menzendorff.de\/wp-content\/uploads\/2013\/10\/Reims.jpg 2592w, http:\/\/menzendorff.de\/wp-content\/uploads\/2013\/10\/Reims-300x225.jpg 300w, http:\/\/menzendorff.de\/wp-content\/uploads\/2013\/10\/Reims-1024x768.jpg 1024w, http:\/\/menzendorff.de\/wp-content\/uploads\/2013\/10\/Reims-624x468.jpg 624w\" sizes=\"(max-width: 2592px) 100vw, 2592px\" \/><\/a><\/p>\n<p>&nbsp;<\/p>\n<p><!-- [if gte mso 9]><xml>\n<w:WordDocument>\n<w:View>Normal<\/w:View>\n<w:Zoom>0<\/w:Zoom>\n<w:HyphenationZone>21<\/w:HyphenationZone>\n<w:PunctuationKerning\/>\n<w:ValidateAgainstSchemas\/>\n<w:SaveIfXMLInvalid>false<\/w:SaveIfXMLInvalid>\n<w:IgnoreMixedContent>false<\/w:IgnoreMixedContent>\n<w:AlwaysShowPlaceholderText>false<\/w:AlwaysShowPlaceholderText>\n<w:Compatibility>\n<w:BreakWrappedTables\/>\n<w:SnapToGridInCell\/>\n<w:WrapTextWithPunct\/>\n<w:UseAsianBreakRules\/>\n<w:DontGrowAutofit\/>\n<\/w:Compatibility>\n<w:BrowserLevel>MicrosoftInternetExplorer4<\/w:BrowserLevel>\n<\/w:WordDocument>\n<\/xml><![endif]--><\/p>\n<p>Ein Detail an der Westfassade hat es mir ganz besonders angetan. Der ber\u00fchmte lachende Engel. Ein Meisterwerk gotischer Bildhauerkunst. Es scheint, man habe der Plastik irgendwie Leben eingehaucht. Das ist ein absolutes Novum in der Bildhauerkunst. Bis dahin waren der Gesichtsausdruck solcher Statuen leblos, starr und bedr\u00fcckend (S\u00e4ulenheilige). Er hier ist wohl gerade durch prickelnden Champagner in das Geheimnis irdischer Gl\u00fcckseligkeit eingeweiht worden, so scheint es:<\/p>\n<p>&nbsp;<\/p>\n<p><a href=\"http:\/\/menzendorff.de\/wp-content\/uploads\/2013\/10\/KathedralenTour-0261.jpg\"><img loading=\"lazy\" class=\"aligncenter size-full wp-image-134\" src=\"http:\/\/menzendorff.de\/wp-content\/uploads\/2013\/10\/KathedralenTour-0261.jpg\" alt=\"KathedralenTour 026\" width=\"2592\" height=\"1944\" srcset=\"http:\/\/menzendorff.de\/wp-content\/uploads\/2013\/10\/KathedralenTour-0261.jpg 2592w, http:\/\/menzendorff.de\/wp-content\/uploads\/2013\/10\/KathedralenTour-0261-300x225.jpg 300w, http:\/\/menzendorff.de\/wp-content\/uploads\/2013\/10\/KathedralenTour-0261-1024x768.jpg 1024w, http:\/\/menzendorff.de\/wp-content\/uploads\/2013\/10\/KathedralenTour-0261-624x468.jpg 624w\" sizes=\"(max-width: 2592px) 100vw, 2592px\" \/><\/a><\/p>\n<p>Schon auf dem Weg nach Reims findet man auf den Schildern an der Autobahn vielversprechende Ortsnamen, wie St. Hilaire-au-Temple oder Dampierre-au-Temple. Wer sich jedoch davon zu einem Abstecher in diese Orte verlocken l\u00e4sst, wird entt\u00e4uscht. Mehr als einschl\u00e4gige Strassennamen wie etwa &#8222;Rue de la Commanderie&#8220; ist nicht mehr zu entdecken.<\/p>\n<p>Im Mittelalter war nicht Reims, sondern Troyes die Hauptstadt der Champagne. Die Templer haben dem Konzil von Troyes 1128 die Modali\u00e4ten f\u00fcr ihre zuk\u00fcnftige Entwicklung und ihre offiziellen Regeln erhalten. Insoweit gilt die Champagne wohl zurecht als Geburtsort der Templer. In Troyes hatten die Templer bis zu 25 H\u00e4user. Es ist im heutigen Troyes davon nichts \u00fcbriggeblieben. Auch rund um Troyes, im Departement 10 Aube,<\/p>\n<p><a href=\"http:\/\/menzendorff.de\/wp-content\/uploads\/2013\/10\/DSC09293.jpg\"><img loading=\"lazy\" class=\"aligncenter size-full wp-image-148\" src=\"http:\/\/menzendorff.de\/wp-content\/uploads\/2013\/10\/DSC09293.jpg\" alt=\"SONY DSC\" width=\"614\" height=\"430\" srcset=\"http:\/\/menzendorff.de\/wp-content\/uploads\/2013\/10\/DSC09293.jpg 614w, http:\/\/menzendorff.de\/wp-content\/uploads\/2013\/10\/DSC09293-300x210.jpg 300w\" sizes=\"(max-width: 614px) 100vw, 614px\" \/><\/a><\/p>\n<p style=\"text-align: center;\">(das Foto ist ein Ausschnitt von der offiziellen Hinweistafel der Gemeinde Mesnil-Saint-Loup)<\/p>\n<p>gibt es heute leider wenige noch sichtbare Hinterlassenschaften des Ordens. Diesmal wollte ich mir unbedingt die Kapelle von Mesnil-Saint-Loup ansehen, die ich in meinen letzten Reisen in die Champagne vers\u00e4umt hatte.<\/p>\n<p><a href=\"http:\/\/menzendorff.de\/wp-content\/uploads\/2013\/10\/DSC09292.jpg\"><img loading=\"lazy\" class=\"aligncenter size-full wp-image-147\" src=\"http:\/\/menzendorff.de\/wp-content\/uploads\/2013\/10\/DSC09292.jpg\" alt=\"SONY DSC\" width=\"2896\" height=\"1936\" srcset=\"http:\/\/menzendorff.de\/wp-content\/uploads\/2013\/10\/DSC09292.jpg 2896w, http:\/\/menzendorff.de\/wp-content\/uploads\/2013\/10\/DSC09292-300x200.jpg 300w, http:\/\/menzendorff.de\/wp-content\/uploads\/2013\/10\/DSC09292-1024x684.jpg 1024w, http:\/\/menzendorff.de\/wp-content\/uploads\/2013\/10\/DSC09292-624x417.jpg 624w\" sizes=\"(max-width: 2896px) 100vw, 2896px\" \/><\/a><\/p>\n<p style=\"text-align: center;\">Westfassade, Templerkapelle in 10190 Mesnil-Saint-Loup<\/p>\n<p style=\"text-align: left;\"><a href=\"http:\/\/menzendorff.de\/wp-content\/uploads\/2013\/10\/DSC093011.jpg\"><img loading=\"lazy\" class=\"aligncenter size-full wp-image-149\" src=\"http:\/\/menzendorff.de\/wp-content\/uploads\/2013\/10\/DSC093011.jpg\" alt=\"SONY DSC\" width=\"2896\" height=\"1936\" srcset=\"http:\/\/menzendorff.de\/wp-content\/uploads\/2013\/10\/DSC093011.jpg 2896w, http:\/\/menzendorff.de\/wp-content\/uploads\/2013\/10\/DSC093011-300x200.jpg 300w, http:\/\/menzendorff.de\/wp-content\/uploads\/2013\/10\/DSC093011-1024x684.jpg 1024w, http:\/\/menzendorff.de\/wp-content\/uploads\/2013\/10\/DSC093011-624x417.jpg 624w\" sizes=\"(max-width: 2896px) 100vw, 2896px\" \/><\/a><\/p>\n<p style=\"text-align: center;\">Chorapsis von S\u00fcdosten<\/p>\n<p style=\"text-align: left;\">Die Kapelle stammt aus 1144. (Aubarbier, p. 41)<\/p>\n<p style=\"text-align: left;\"><a href=\"http:\/\/menzendorff.de\/wp-content\/uploads\/2013\/10\/DSC09305.jpg\"><img loading=\"lazy\" class=\"aligncenter size-full wp-image-150\" src=\"http:\/\/menzendorff.de\/wp-content\/uploads\/2013\/10\/DSC09305.jpg\" alt=\"SONY DSC\" width=\"2896\" height=\"1936\" srcset=\"http:\/\/menzendorff.de\/wp-content\/uploads\/2013\/10\/DSC09305.jpg 2896w, http:\/\/menzendorff.de\/wp-content\/uploads\/2013\/10\/DSC09305-300x200.jpg 300w, http:\/\/menzendorff.de\/wp-content\/uploads\/2013\/10\/DSC09305-1024x684.jpg 1024w, http:\/\/menzendorff.de\/wp-content\/uploads\/2013\/10\/DSC09305-624x417.jpg 624w\" sizes=\"(max-width: 2896px) 100vw, 2896px\" \/><\/a><\/p>\n<p style=\"text-align: center;\">Detail der Innenansicht des Chors<\/p>\n<p style=\"text-align: center;\"><a href=\"http:\/\/menzendorff.de\/wp-content\/uploads\/2013\/10\/DSC09310.jpg\"><img loading=\"lazy\" class=\"aligncenter size-full wp-image-151\" src=\"http:\/\/menzendorff.de\/wp-content\/uploads\/2013\/10\/DSC09310.jpg\" alt=\"SONY DSC\" width=\"2896\" height=\"1936\" srcset=\"http:\/\/menzendorff.de\/wp-content\/uploads\/2013\/10\/DSC09310.jpg 2896w, http:\/\/menzendorff.de\/wp-content\/uploads\/2013\/10\/DSC09310-300x200.jpg 300w, http:\/\/menzendorff.de\/wp-content\/uploads\/2013\/10\/DSC09310-1024x684.jpg 1024w, http:\/\/menzendorff.de\/wp-content\/uploads\/2013\/10\/DSC09310-624x417.jpg 624w\" sizes=\"(max-width: 2896px) 100vw, 2896px\" \/><\/a>800 Jahre alte Holzdecke, faszinierend!<\/p>\n<p style=\"text-align: left;\">Etwa 77 Km nordwestlich befand sich die Templerkapelle von 77113 Chevru im Departement Seine-et-Marne\u00a0 (immer noch\u00a0 R\u00e9gion Champagne-Ardennes) , es lag fast auf dem Weg und erforderte nur einen kleinen Abstecher.\u00a0 Die liess ich mir nicht nehmen.<\/p>\n<p style=\"text-align: center;\"><a href=\"http:\/\/menzendorff.de\/wp-content\/uploads\/2013\/10\/DSC09288.jpg\"><img loading=\"lazy\" class=\"aligncenter size-full wp-image-146\" src=\"http:\/\/menzendorff.de\/wp-content\/uploads\/2013\/10\/DSC09288.jpg\" alt=\"SONY DSC\" width=\"2896\" height=\"1936\" srcset=\"http:\/\/menzendorff.de\/wp-content\/uploads\/2013\/10\/DSC09288.jpg 2896w, http:\/\/menzendorff.de\/wp-content\/uploads\/2013\/10\/DSC09288-300x200.jpg 300w, http:\/\/menzendorff.de\/wp-content\/uploads\/2013\/10\/DSC09288-1024x684.jpg 1024w, http:\/\/menzendorff.de\/wp-content\/uploads\/2013\/10\/DSC09288-624x417.jpg 624w\" sizes=\"(max-width: 2896px) 100vw, 2896px\" \/><\/a><\/p>\n<p style=\"text-align: center;\">Templerkapelle von 77113 Chevru<\/p>\n<p style=\"text-align: left;\">Gegr\u00fcndet 1202, aufgrund einer Stiftung der Gr\u00e4fin Blanche von Troyes, wurde diese Kapelle Johannes dem T\u00e4ufer geweiht. Die Kirche erhielt die drei bei Templerkirchen traditionell vorgesehenen Pforten, den f\u00fcr die Ritter, den f\u00fcr die Laien und ein Ausgang zum Friedhof (Aubarbier, p. 49).\u00a0 Der Ostchor zeigt die ebenfalls traditionnellen 3 Fenster:<\/p>\n<p style=\"text-align: left;\"><a href=\"http:\/\/menzendorff.de\/wp-content\/uploads\/2013\/10\/DSC09289.jpg\"><img loading=\"lazy\" class=\"aligncenter size-full wp-image-158\" src=\"http:\/\/menzendorff.de\/wp-content\/uploads\/2013\/10\/DSC09289.jpg\" alt=\"SONY DSC\" width=\"2896\" height=\"1936\" srcset=\"http:\/\/menzendorff.de\/wp-content\/uploads\/2013\/10\/DSC09289.jpg 2896w, http:\/\/menzendorff.de\/wp-content\/uploads\/2013\/10\/DSC09289-300x200.jpg 300w, http:\/\/menzendorff.de\/wp-content\/uploads\/2013\/10\/DSC09289-1024x684.jpg 1024w, http:\/\/menzendorff.de\/wp-content\/uploads\/2013\/10\/DSC09289-624x417.jpg 624w\" sizes=\"(max-width: 2896px) 100vw, 2896px\" \/><\/a><\/p>\n<p style=\"text-align: left;\">PS. Die Templerkapelle ganz unten auf der kleinen Landkarte des Departements Aube habe ich bereits im Jahr 2007 besucht und abgelichtet in dem Beitrag 2007 Alsace, Lorraine und Bourgogne<\/p>\n<p style=\"text-align: center;\"><a href=\"http:\/\/menzendorff.de\/wp-content\/uploads\/2013\/10\/Burgund-225.jpg\"><img loading=\"lazy\" class=\"aligncenter size-full wp-image-160\" src=\"http:\/\/menzendorff.de\/wp-content\/uploads\/2013\/10\/Burgund-225.jpg\" alt=\"Burgund 225\" width=\"448\" height=\"336\" srcset=\"http:\/\/menzendorff.de\/wp-content\/uploads\/2013\/10\/Burgund-225.jpg 448w, http:\/\/menzendorff.de\/wp-content\/uploads\/2013\/10\/Burgund-225-300x224.jpg 300w\" sizes=\"(max-width: 448px) 100vw, 448px\" \/><\/a>Commanderie\u00a0<b>Avalleur<\/b>, Bar-sur-Seine, 10 Aube, Champagne-Ardennes<\/p>\n<p style=\"text-align: left;\">Der dazugeh\u00f6rige Beitrag befindet sich dort:<\/p>\n<p style=\"text-align: left;\"><a href=\"http:\/\/menzendorff.de\/?p=11\">Reise in die Champagne 2013<\/a><\/p>\n","protected":false},"excerpt":{"rendered":"<p>Im April bot sich anl\u00e4\u00dflich einer Reise nach Reims die Gelegenheit, weitere Templerorte in der Champagne aufzusuchen. Reims selbst ist immer eine Reise wert, schon wegen der beeindruckenden Kathedrale: &nbsp; Ein Detail an der Westfassade hat es mir ganz besonders angetan. Der ber\u00fchmte lachende Engel. Ein Meisterwerk gotischer Bildhauerkunst. Es scheint, man habe der Plastik [&hellip;]<\/p>\n","protected":false},"author":2,"featured_media":0,"comment_status":"open","ping_status":"open","sticky":false,"template":"","format":"standard","meta":[],"categories":[11],"tags":[],"_links":{"self":[{"href":"http:\/\/menzendorff.de\/index.php?rest_route=\/wp\/v2\/posts\/108"}],"collection":[{"href":"http:\/\/menzendorff.de\/index.php?rest_route=\/wp\/v2\/posts"}],"about":[{"href":"http:\/\/menzendorff.de\/index.php?rest_route=\/wp\/v2\/types\/post"}],"author":[{"embeddable":true,"href":"http:\/\/menzendorff.de\/index.php?rest_route=\/wp\/v2\/users\/2"}],"replies":[{"embeddable":true,"href":"http:\/\/menzendorff.de\/index.php?rest_route=%2Fwp%2Fv2%2Fcomments&post=108"}],"version-history":[{"count":16,"href":"http:\/\/menzendorff.de\/index.php?rest_route=\/wp\/v2\/posts\/108\/revisions"}],"predecessor-version":[{"id":1650,"href":"http:\/\/menzendorff.de\/index.php?rest_route=\/wp\/v2\/posts\/108\/revisions\/1650"}],"wp:attachment":[{"href":"http:\/\/menzendorff.de\/index.php?rest_route=%2Fwp%2Fv2%2Fmedia&parent=108"}],"wp:term":[{"taxonomy":"category","embeddable":true,"href":"http:\/\/menzendorff.de\/index.php?rest_route=%2Fwp%2Fv2%2Fcategories&post=108"},{"taxonomy":"post_tag","embeddable":true,"href":"http:\/\/menzendorff.de\/index.php?rest_route=%2Fwp%2Fv2%2Ftags&post=108"}],"curies":[{"name":"wp","href":"https:\/\/api.w.org\/{rel}","templated":true}]}}