{"id":1398,"date":"2017-02-10T19:51:17","date_gmt":"2017-02-10T17:51:17","guid":{"rendered":"http:\/\/menzendorff.de\/?p=1398"},"modified":"2019-04-21T14:35:04","modified_gmt":"2019-04-21T12:35:04","slug":"2017-lothringen-champagne-und-burgund","status":"publish","type":"post","link":"http:\/\/menzendorff.de\/?p=1398","title":{"rendered":"2017, Lothringen, Champagne und Burgund"},"content":{"rendered":"<p><span style=\"font-size: xx-large;\">1. Metz, Dept. Moselle, R\u00e9gion Grand-Est<\/span><\/p>\n<p>Am 01.01.2016 wurden die R\u00e9gions in Frankreich neu organisiert und zu gr\u00f6\u00dferen Einheiten zusammengelegt. Die fr\u00fchere R\u00e9gion Lorraine wurde mit der R\u00e9gion Champagne-Ardennes und der R\u00e9gion Alsace zusammengefasst und heisst jetzt Grand-Est. Man wird sich daran gew\u00f6hnen m\u00fcssen.<\/p>\n<p>Als ich das erste Mal im Jahre 2006 die Templerkapelle in Metz aufsuchte, lag Metz jedenfalls noch in Lothringen. Rund um die Templerkapelle waren aber zu meiner grossen Entt\u00e4uschung damals l\u00e4rmende und staubende Bauarbeiten im Gange.\u00a0 Die Fotos waren deshalb fast alle unbrauchbar, soda\u00df ein weiterer Besuch schon l\u00e4nger auf meiner Agenda stand und bei der ersten Gelegenheit im Jahre 2017 realisiert werden konnte.<\/p>\n<p>In den 11 Jahren hatte sich einiges ver\u00e4ndert. Die Rue de la Citadelle ist inzwischen f\u00fcr den Verkehr gesperrt, womit es keine M\u00f6glichkeit mehr gibt, in der N\u00e4he der Kapelle zu parken. Es empfiehlt sich, das Arsenal \u00fcber den Boulevard Poincar\u00e9 anzufahren und die neue Tiefgarage unter dem Einkaufszentrum zu benutzen. Der kurze Spaziergang lohnte sich. Schon von weitem hatte ich freie Sicht auf mein Ziel, das Wetter war wunderbar und der Platz vor dem Arsenal diesmal menschenleer. Bei strahlendem Wetter gelangen mir endlich sch\u00f6ne und ungest\u00f6rte Aufnahmen der Templerkapelle von Metz.<\/p>\n<p><a href=\"http:\/\/menzendorff.de\/wp-content\/uploads\/2018\/01\/DSC_0101.jpg\"><img loading=\"lazy\" class=\"alignright size-large wp-image-1401\" src=\"http:\/\/menzendorff.de\/wp-content\/uploads\/2018\/01\/DSC_0101-1024x683.jpg\" alt=\"DSC_0101\" width=\"625\" height=\"417\" srcset=\"http:\/\/menzendorff.de\/wp-content\/uploads\/2018\/01\/DSC_0101.jpg 1024w, http:\/\/menzendorff.de\/wp-content\/uploads\/2018\/01\/DSC_0101-300x200.jpg 300w, http:\/\/menzendorff.de\/wp-content\/uploads\/2018\/01\/DSC_0101-768x512.jpg 768w, http:\/\/menzendorff.de\/wp-content\/uploads\/2018\/01\/DSC_0101-624x416.jpg 624w\" sizes=\"(max-width: 625px) 100vw, 625px\" \/><\/a><\/p>\n<p style=\"text-align: center;\">Templerkapelle, <strong>57000 Metz<\/strong><\/p>\n<p>Die Hinweis-Tafel verr\u00e4t, dass dieses Bauwerk zwischen 1180 und 1220 als eines der ersten Templergeb\u00e4ude auf dem Gebiet des hl. r\u00f6mischen Reiches errichtet wurde. Nach der Aufl\u00f6sung des Templerordens im Jahre 1312 ging die Kommende in den Besitz des Deutschen Ordens \u00fcber.\u00a0 In der Folgezeit wurde die Kapelle als Munitionsdepot benutzt und erst 1840 unter Denkmalschutz gestellt und restauriert.<\/p>\n<p style=\"text-align: center;\"><a href=\"http:\/\/menzendorff.de\/wp-content\/uploads\/2018\/01\/DSC_0114.jpg\"><img loading=\"lazy\" class=\"alignright size-large wp-image-1403\" src=\"http:\/\/menzendorff.de\/wp-content\/uploads\/2018\/01\/DSC_0114-683x1024.jpg\" alt=\"DSC_0114\" width=\"625\" height=\"937\" srcset=\"http:\/\/menzendorff.de\/wp-content\/uploads\/2018\/01\/DSC_0114.jpg 683w, http:\/\/menzendorff.de\/wp-content\/uploads\/2018\/01\/DSC_0114-200x300.jpg 200w, http:\/\/menzendorff.de\/wp-content\/uploads\/2018\/01\/DSC_0114-624x936.jpg 624w\" sizes=\"(max-width: 625px) 100vw, 625px\" \/><\/a>Ansicht von Westen<\/p>\n<p style=\"text-align: center;\"><a href=\"http:\/\/menzendorff.de\/wp-content\/uploads\/2018\/01\/DSC_0111.jpg\"><img loading=\"lazy\" class=\"alignright size-large wp-image-1402\" src=\"http:\/\/menzendorff.de\/wp-content\/uploads\/2018\/01\/DSC_0111-1024x683.jpg\" alt=\"DSC_0111\" width=\"625\" height=\"417\" srcset=\"http:\/\/menzendorff.de\/wp-content\/uploads\/2018\/01\/DSC_0111.jpg 1024w, http:\/\/menzendorff.de\/wp-content\/uploads\/2018\/01\/DSC_0111-300x200.jpg 300w, http:\/\/menzendorff.de\/wp-content\/uploads\/2018\/01\/DSC_0111-768x512.jpg 768w, http:\/\/menzendorff.de\/wp-content\/uploads\/2018\/01\/DSC_0111-624x416.jpg 624w\" sizes=\"(max-width: 625px) 100vw, 625px\" \/><\/a>Templerkreuz im Tympanon<\/p>\n<p style=\"text-align: left;\">Es ist vielfach zu lesen, dass man von diesem Bauwerk eine &#8222;typische Architektur der Templer&#8220; ableiten k\u00f6nne. Dabei wird regelm\u00e4ssig auch auf die <a href=\"http:\/\/menzendorff.de\/?p=1\" target=\"_blank\" rel=\"noopener\">Templerkapelle in Laon<\/a> hingewiesen, die bekanntlich ebenfalls einen achteckigen Grundriss hat. Allerdings trifft das Gegenteil zu: Es gibt weder eine typische Templerarchitektur, noch haben die Templer oktogonale oder runde Zentralbauten erfunden. Die gab es schon lange vorher (vgl. Pfalzkapelle in Aachen). Die \u00fcberw\u00e4ltigende Mehrzahl der Templerkapellen hat in Wahrheit vielmehr einen einfachen rechteckigen Grundriss, zumeist mit geraden Chorschluss (frz. chevet plat). Das konnte ich in meinen Reisen immer wieder best\u00e4tigt finden. Lambert (L&#8216; Architecture des Templiers, S. 164). weist daraufhin, dass die kleinen Kapellen von Laon und wohl auch von Metz als Friedhofskapellen angesehen werden m\u00fcssen, die es so \u00e4hnlich auch vielfach in Einrichtungen der Johanniter gegeben h\u00e4tte (a.a.O). Typisch f\u00fcr Templerkirchen ist allerdings, dass sie regelm\u00e4ssig drei Fenster im Chorschluss oder der Apsis aufweisen, so wie auch diese hier.<\/p>\n<p style=\"text-align: left;\"><a href=\"http:\/\/menzendorff.de\/wp-content\/uploads\/2018\/01\/DSC_0120.jpg\"><img loading=\"lazy\" class=\"alignright size-large wp-image-1404\" src=\"http:\/\/menzendorff.de\/wp-content\/uploads\/2018\/01\/DSC_0120-1024x683.jpg\" alt=\"DSC_0120\" width=\"625\" height=\"417\" srcset=\"http:\/\/menzendorff.de\/wp-content\/uploads\/2018\/01\/DSC_0120.jpg 1024w, http:\/\/menzendorff.de\/wp-content\/uploads\/2018\/01\/DSC_0120-300x200.jpg 300w, http:\/\/menzendorff.de\/wp-content\/uploads\/2018\/01\/DSC_0120-768x512.jpg 768w, http:\/\/menzendorff.de\/wp-content\/uploads\/2018\/01\/DSC_0120-624x416.jpg 624w\" sizes=\"(max-width: 625px) 100vw, 625px\" \/><\/a><\/p>\n<p style=\"text-align: center;\">Der Ostchor und die anspruchsvolle Dachkonstruktion<\/p>\n<p style=\"text-align: left;\">Die Kapelle war &#8211; wie meist &#8211; verschlossen. F\u00fcr die Innereien interessiere ich mich auch nicht sonderlich, da von dem Urzustand kaum noch etwas vorhanden ist. Meine Mission hier in Metz war so gut wie beendet. Auf dem R\u00fcckweg zum Parkhaus wurde ich auf ein Geb\u00e4ude aufmerksam, das noch aus der R\u00f6merzeit von Metz (Divodurum metriomatricorum)\u00a0 stammt.<\/p>\n<p style=\"text-align: center;\"><a href=\"http:\/\/menzendorff.de\/wp-content\/uploads\/2018\/01\/DSC_0124.jpg\"><img loading=\"lazy\" class=\"alignright size-large wp-image-1405\" src=\"http:\/\/menzendorff.de\/wp-content\/uploads\/2018\/01\/DSC_0124-1024x683.jpg\" alt=\"DSC_0124\" width=\"625\" height=\"417\" srcset=\"http:\/\/menzendorff.de\/wp-content\/uploads\/2018\/01\/DSC_0124.jpg 1024w, http:\/\/menzendorff.de\/wp-content\/uploads\/2018\/01\/DSC_0124-300x200.jpg 300w, http:\/\/menzendorff.de\/wp-content\/uploads\/2018\/01\/DSC_0124-768x512.jpg 768w, http:\/\/menzendorff.de\/wp-content\/uploads\/2018\/01\/DSC_0124-624x416.jpg 624w\" sizes=\"(max-width: 625px) 100vw, 625px\" \/><\/a> \u00a0\u00a0 \u00c9glise Saint-Pierre-aux-Nonnains, Metz<\/p>\n<p style=\"text-align: left;\">Ich zitiere aus <a href=\"https:\/\/de.wikipedia.org\/wiki\/St-Pierre-aux-Nonnains\">Wikipedia<\/a>: Das Bauwerk ist gallo-r\u00f6mischen Ursprungs. Es wurde im 4. nachchristlichen Jahrhundert errichtet und war zun\u00e4chst Teil r\u00f6mischer Thermen. Im 7. Jahrhundert wurde es zur Kirche eines Benediktinerinnen-Klosters geweiht, dessen erste \u00c4btissin Walrada von St. Pierre war. Wenig sp\u00e4ter wurde dem Geb\u00e4ude eine <a title=\"Chor (Architektur)\" href=\"https:\/\/de.wikipedia.org\/wiki\/Chor_(Architektur)\">Chorapsis<\/a> angef\u00fcgt. Weitere \u00c4nderungen erfuhr die Kirche im zehnten, 15. und 16. Jahrhundert. Im 16. Jahrhundert erhielt das Kirchenschiff gotische Gew\u00f6lbe.<\/p>\n<p style=\"text-align: left;\">Nun musste ich mich aber aufmachen, denn Ich hatte f\u00fcr diesen ersten Tag noch einen weiteren, sehr geheimnisvollen Templerort vorgenommen. Dazu war eine Fahrt ins n\u00f6rdliche Burgund erforderlich und ich wollte dort noch vor Einbruch der Dunkelheit eintreffen.<\/p>\n<p>&nbsp;<\/p>\n<p><span style=\"font-size: xx-large;\">2. Commanderie de Coulours, Dept. Yonne, R\u00e9gion Bourgogne-Franche-Comt\u00e9<br \/>\n<\/span><\/p>\n<p>Nach einer knapp dreist\u00fcndigen Autofahrt \u00fcber Ch\u00e2lons-en-Champagne und Troyes erreichte ich gegen 17:00 mein Ziel. Es war noch hell genug, um gute Fotos zu gestatten. Coulours liegt etwa auf halbem Weg zwischen Troyes und Sens, keine 5 km hinter der Grenze des Departements 10 Aube mit dem Departement 89 Yonne und geh\u00f6rt damit nicht mehr in die R\u00e9gion Champagne. Es ist nicht ganz einfach, diesen Ort mit Google Maps zu finden. Wer damit Schwierigkeiten hat, sucht den Canton Cerisiers im Yonne und l\u00e4sst sich dann eine Route nach Coulours ausgeben. Um mir die Suche vor Ort zu erleichtern, habe ich alte Lagepl\u00e4ne aus dem Buch von Michel Miguet, Les Templiers en Bourgogne, herauskopiert<\/p>\n<p><a href=\"http:\/\/menzendorff.de\/wp-content\/uploads\/2018\/01\/Miguet-Karten.jpg\"><img loading=\"lazy\" class=\"alignright size-full wp-image-1429\" src=\"http:\/\/menzendorff.de\/wp-content\/uploads\/2018\/01\/Miguet-Karten.jpg\" alt=\"Miguet Karten\" width=\"978\" height=\"768\" srcset=\"http:\/\/menzendorff.de\/wp-content\/uploads\/2018\/01\/Miguet-Karten.jpg 978w, http:\/\/menzendorff.de\/wp-content\/uploads\/2018\/01\/Miguet-Karten-300x236.jpg 300w, http:\/\/menzendorff.de\/wp-content\/uploads\/2018\/01\/Miguet-Karten-768x603.jpg 768w, http:\/\/menzendorff.de\/wp-content\/uploads\/2018\/01\/Miguet-Karten-624x490.jpg 624w\" sizes=\"(max-width: 978px) 100vw, 978px\" \/><\/a><\/p>\n<p style=\"text-align: center;\">(Copyright Michel Miguet)<\/p>\n<p>und mit dem Kartenausschnitt von google maps verglichen.<\/p>\n<p><a href=\"http:\/\/menzendorff.de\/wp-content\/uploads\/2018\/01\/couloursmap.jpg\"><img loading=\"lazy\" class=\"alignright size-large wp-image-1418\" src=\"http:\/\/menzendorff.de\/wp-content\/uploads\/2018\/01\/couloursmap-1024x659.jpg\" alt=\"couloursmap\" width=\"625\" height=\"402\" srcset=\"http:\/\/menzendorff.de\/wp-content\/uploads\/2018\/01\/couloursmap.jpg 1024w, http:\/\/menzendorff.de\/wp-content\/uploads\/2018\/01\/couloursmap-300x193.jpg 300w, http:\/\/menzendorff.de\/wp-content\/uploads\/2018\/01\/couloursmap-768x494.jpg 768w, http:\/\/menzendorff.de\/wp-content\/uploads\/2018\/01\/couloursmap-624x402.jpg 624w\" sizes=\"(max-width: 625px) 100vw, 625px\" \/><\/a><\/p>\n<p style=\"text-align: center;\">(Copyright google maps)<\/p>\n<p>Die Rue de l&#8217;\u00c9glise war mit dem Navi ohne Probleme zu finden und auch die Stelle, an der rechts der Weg in das Gel\u00e4nde der ehemaligen Commanderie abzweigte.<\/p>\n<p><a href=\"http:\/\/menzendorff.de\/wp-content\/uploads\/2018\/01\/DSC_0131.jpg\"><img loading=\"lazy\" class=\"alignright size-large wp-image-1420\" src=\"http:\/\/menzendorff.de\/wp-content\/uploads\/2018\/01\/DSC_0131-1024x683.jpg\" alt=\"DSC_0131\" width=\"625\" height=\"417\" srcset=\"http:\/\/menzendorff.de\/wp-content\/uploads\/2018\/01\/DSC_0131.jpg 1024w, http:\/\/menzendorff.de\/wp-content\/uploads\/2018\/01\/DSC_0131-300x200.jpg 300w, http:\/\/menzendorff.de\/wp-content\/uploads\/2018\/01\/DSC_0131-768x512.jpg 768w, http:\/\/menzendorff.de\/wp-content\/uploads\/2018\/01\/DSC_0131-624x416.jpg 624w\" sizes=\"(max-width: 625px) 100vw, 625px\" \/><\/a><\/p>\n<p>&nbsp;<\/p>\n<p>Wie man sieht, hat sich die Vorbereitung gelohnt. Der Weg schien \u00f6ffentlich zu sein. Kein Schild untersagte das Betreten des Gel\u00e4ndes. Ich fuhr also auf den Haupteingang zu<\/p>\n<p><a href=\"http:\/\/menzendorff.de\/wp-content\/uploads\/2018\/01\/DSC_0133.jpg\"><img loading=\"lazy\" class=\"alignright size-large wp-image-1421\" src=\"http:\/\/menzendorff.de\/wp-content\/uploads\/2018\/01\/DSC_0133-1024x683.jpg\" alt=\"DSC_0133\" width=\"625\" height=\"417\" srcset=\"http:\/\/menzendorff.de\/wp-content\/uploads\/2018\/01\/DSC_0133.jpg 1024w, http:\/\/menzendorff.de\/wp-content\/uploads\/2018\/01\/DSC_0133-300x200.jpg 300w, http:\/\/menzendorff.de\/wp-content\/uploads\/2018\/01\/DSC_0133-768x512.jpg 768w, http:\/\/menzendorff.de\/wp-content\/uploads\/2018\/01\/DSC_0133-624x416.jpg 624w\" sizes=\"(max-width: 625px) 100vw, 625px\" \/><\/a><\/p>\n<p>&nbsp;<\/p>\n<p>und hielt vor dem verschlossenen Tor.<\/p>\n<p><a href=\"http:\/\/menzendorff.de\/wp-content\/uploads\/2018\/01\/DSC_0135.jpg\"><img loading=\"lazy\" class=\"alignright size-large wp-image-1423\" src=\"http:\/\/menzendorff.de\/wp-content\/uploads\/2018\/01\/DSC_0135-1024x683.jpg\" alt=\"DSC_0135\" width=\"625\" height=\"417\" srcset=\"http:\/\/menzendorff.de\/wp-content\/uploads\/2018\/01\/DSC_0135.jpg 1024w, http:\/\/menzendorff.de\/wp-content\/uploads\/2018\/01\/DSC_0135-300x200.jpg 300w, http:\/\/menzendorff.de\/wp-content\/uploads\/2018\/01\/DSC_0135-768x512.jpg 768w, http:\/\/menzendorff.de\/wp-content\/uploads\/2018\/01\/DSC_0135-624x416.jpg 624w\" sizes=\"(max-width: 625px) 100vw, 625px\" \/><\/a><\/p>\n<p>Ich klopfte, aber es regte sich nichts. Ich wollte auch die Privatsph\u00e4re der Eigent\u00fcmer nicht st\u00f6ren, also beschr\u00e4nkte ich mich auf Aussenaufnahmen. Zun\u00e4chst wandte ich mich der Westflanke zu, also dem Bereich links neben der Hauptpforte<\/p>\n<p><a href=\"http:\/\/menzendorff.de\/wp-content\/uploads\/2018\/01\/DSC_0134.jpg\"><img loading=\"lazy\" class=\"alignright size-large wp-image-1422\" src=\"http:\/\/menzendorff.de\/wp-content\/uploads\/2018\/01\/DSC_0134-1024x683.jpg\" alt=\"DSC_0134\" width=\"625\" height=\"417\" srcset=\"http:\/\/menzendorff.de\/wp-content\/uploads\/2018\/01\/DSC_0134.jpg 1024w, http:\/\/menzendorff.de\/wp-content\/uploads\/2018\/01\/DSC_0134-300x200.jpg 300w, http:\/\/menzendorff.de\/wp-content\/uploads\/2018\/01\/DSC_0134-768x512.jpg 768w, http:\/\/menzendorff.de\/wp-content\/uploads\/2018\/01\/DSC_0134-624x416.jpg 624w\" sizes=\"(max-width: 625px) 100vw, 625px\" \/><\/a><\/p>\n<p>Sodann fuhr ich wieder hinaus und stellte mein Fahrzeug an dem Commanderie-Schild ab, denn ich blockierte die Zufahrt. Anschliessend lief ich die Rue de l&#8217;\u00c9glise hinab und bog nach links in die Rue Saint-Abdon ein, um von dort auf den Pfad zu gelangen, der an der Ostflanke der Commanderie entlangf\u00fchrt.<\/p>\n<p><a href=\"http:\/\/menzendorff.de\/wp-content\/uploads\/2018\/01\/DSC_0146.jpg\"><img loading=\"lazy\" class=\"alignright size-large wp-image-1424\" src=\"http:\/\/menzendorff.de\/wp-content\/uploads\/2018\/01\/DSC_0146-1024x683.jpg\" alt=\"DSC_0146\" width=\"625\" height=\"417\" srcset=\"http:\/\/menzendorff.de\/wp-content\/uploads\/2018\/01\/DSC_0146.jpg 1024w, http:\/\/menzendorff.de\/wp-content\/uploads\/2018\/01\/DSC_0146-300x200.jpg 300w, http:\/\/menzendorff.de\/wp-content\/uploads\/2018\/01\/DSC_0146-768x512.jpg 768w, http:\/\/menzendorff.de\/wp-content\/uploads\/2018\/01\/DSC_0146-624x416.jpg 624w\" sizes=\"(max-width: 625px) 100vw, 625px\" \/><\/a><\/p>\n<p>In der Bildmitte sieht man die ehemaligen Kapelle der Commanderie, die seit langer Zeit als Scheune benutzt wird. Die Mauer und der Baumbewuchs verhinderten bessere Aufnahmen der Kapelle.<\/p>\n<p><a href=\"http:\/\/menzendorff.de\/wp-content\/uploads\/2018\/01\/DSC_0150.jpg\"><img loading=\"lazy\" class=\"alignright size-large wp-image-1425\" src=\"http:\/\/menzendorff.de\/wp-content\/uploads\/2018\/01\/DSC_0150-1024x683.jpg\" alt=\"DSC_0150\" width=\"625\" height=\"417\" srcset=\"http:\/\/menzendorff.de\/wp-content\/uploads\/2018\/01\/DSC_0150.jpg 1024w, http:\/\/menzendorff.de\/wp-content\/uploads\/2018\/01\/DSC_0150-300x200.jpg 300w, http:\/\/menzendorff.de\/wp-content\/uploads\/2018\/01\/DSC_0150-768x512.jpg 768w, http:\/\/menzendorff.de\/wp-content\/uploads\/2018\/01\/DSC_0150-624x416.jpg 624w\" sizes=\"(max-width: 625px) 100vw, 625px\" \/><\/a><\/p>\n<p>Nur ein Foto verschaffte eine Ahnung von dem Aussehen des Geb\u00e4udes. Die beste Gesamt\u00fcbersicht gelang mir von der Rue Saint-Abdon.<\/p>\n<p><a href=\"http:\/\/menzendorff.de\/wp-content\/uploads\/2018\/01\/DSC_0165.jpg\"><img loading=\"lazy\" class=\"alignright size-large wp-image-1428\" src=\"http:\/\/menzendorff.de\/wp-content\/uploads\/2018\/01\/DSC_0165-1024x683.jpg\" alt=\"DSC_0165\" width=\"625\" height=\"417\" srcset=\"http:\/\/menzendorff.de\/wp-content\/uploads\/2018\/01\/DSC_0165.jpg 1024w, http:\/\/menzendorff.de\/wp-content\/uploads\/2018\/01\/DSC_0165-300x200.jpg 300w, http:\/\/menzendorff.de\/wp-content\/uploads\/2018\/01\/DSC_0165-768x512.jpg 768w, http:\/\/menzendorff.de\/wp-content\/uploads\/2018\/01\/DSC_0165-624x416.jpg 624w\" sizes=\"(max-width: 625px) 100vw, 625px\" \/><\/a><\/p>\n<p style=\"text-align: center;\">Commanderie des Templiers, <strong>89120 Coulours<\/strong><\/p>\n<p style=\"text-align: left;\">Die Kirche von Coulours hatte eine recht interessante Fassade. Ich konnte nicht widerstehen<\/p>\n<p style=\"text-align: left;\"><a href=\"http:\/\/menzendorff.de\/wp-content\/uploads\/2018\/01\/DSC_0163.jpg\"><img loading=\"lazy\" class=\"alignright size-large wp-image-1427\" src=\"http:\/\/menzendorff.de\/wp-content\/uploads\/2018\/01\/DSC_0163-1024x683.jpg\" alt=\"DSC_0163\" width=\"625\" height=\"417\" srcset=\"http:\/\/menzendorff.de\/wp-content\/uploads\/2018\/01\/DSC_0163.jpg 1024w, http:\/\/menzendorff.de\/wp-content\/uploads\/2018\/01\/DSC_0163-300x200.jpg 300w, http:\/\/menzendorff.de\/wp-content\/uploads\/2018\/01\/DSC_0163-768x512.jpg 768w, http:\/\/menzendorff.de\/wp-content\/uploads\/2018\/01\/DSC_0163-624x416.jpg 624w\" sizes=\"(max-width: 625px) 100vw, 625px\" \/><\/a><\/p>\n<p style=\"text-align: left;\">Von Nordosten wirkte sie nicht mehr so klotzig und bedrohlich<\/p>\n<p style=\"text-align: left;\"><a href=\"http:\/\/menzendorff.de\/wp-content\/uploads\/2018\/01\/DSC_0161.jpg\"><img loading=\"lazy\" class=\"alignright size-large wp-image-1426\" src=\"http:\/\/menzendorff.de\/wp-content\/uploads\/2018\/01\/DSC_0161-1024x683.jpg\" alt=\"DSC_0161\" width=\"625\" height=\"417\" srcset=\"http:\/\/menzendorff.de\/wp-content\/uploads\/2018\/01\/DSC_0161.jpg 1024w, http:\/\/menzendorff.de\/wp-content\/uploads\/2018\/01\/DSC_0161-300x200.jpg 300w, http:\/\/menzendorff.de\/wp-content\/uploads\/2018\/01\/DSC_0161-768x512.jpg 768w, http:\/\/menzendorff.de\/wp-content\/uploads\/2018\/01\/DSC_0161-624x416.jpg 624w\" sizes=\"(max-width: 625px) 100vw, 625px\" \/><\/a><\/p>\n<p style=\"text-align: left;\">und mit dieser letzten Aufnahme verabschiedete ich mich von der 142-Seelen-Gemeinde Coulours und fuhr in die Champagne zur\u00fcck. Genauer gesagt, nach Piney, einer kleinen Ortschaft 30 km westlich von Troyes und freute mich auf mein \u00fcppiges Abendessen in dem entz\u00fcckenden Hotel <a href=\"http:\/\/www.le-tadorne.com\/galerie-photos-hotel-restaurant-le-tadorne.html\" target=\"_blank\" rel=\"noopener\">Le Tadorne<\/a>, das wir schon seit mehr als 10 Jahren immer wieder einmal aufsuchen. Piney war selbst einst ein Templerort, aber es findet sich nichts mehr davon in der Bausubstanz. Von hier aus kann man den For\u00eat d&#8217;Orient und den Lac du Temple erkunden und wird auch dort leider von den einst extrem zahlreichen Niederlassungen der Templer so gut wie nichts mehr entdecken. Daf\u00fcr ist das Essen im Le Tadorne ausgezeichnet.<\/p>\n<p style=\"text-align: left;\"><span style=\"font-size: xx-large;\">3. Commanderie Templi\u00e8re d&#8217;Avalleur, 10110 Bar-sur-Seine, Aube, Grand-Est<br \/>\n<\/span><\/p>\n<p style=\"text-align: left;\">Nach einem sehr ruhigen Nacht und einem ausgiebigen Fr\u00fchst\u00fcck brach ich nach S\u00fcden auf. Die Fahrt nach Avalleur (Gemeinde Bar-sur-Seine) verlief zun\u00e4chst auf der D1 durch den For\u00eat d&#8217;Orient nach Geraudot. Mir war bewu\u00dft, dass auf diesem Abschnitt ehemalige, zum Teil besonders bedeutsame Templerfarmen im Wald versteckt liegen. Allerdings habe ich bisher noch keine Anzeichen oder Quellen daf\u00fcr gefunden, ob und in wieweit auf den heute noch existierenden Geh\u00f6ften Bausubstanz aus der Templerzeit \u00fcbrig geblieben ist. Auf seiner Webseite <a href=\"http:\/\/www.templiers.net\/departements\/index.php?page=10#1\" target=\"_blank\" rel=\"noopener\">Templiers.net<\/a> listet und beschreibt Jack Bocar die Pl\u00e4tze der ehemaligen Geh\u00f6ftpl\u00e4tze um die Commanderie de Bonlieu (es existiert dort heute ein Landwirtschaftsbetrieb unter dem Namen Earl de Bonlieu).<\/p>\n<p style=\"text-align: left;\"><a href=\"http:\/\/menzendorff.de\/wp-content\/uploads\/2018\/01\/Bonlieu.png\"><img loading=\"lazy\" class=\"alignright size-full wp-image-1437\" src=\"http:\/\/menzendorff.de\/wp-content\/uploads\/2018\/01\/Bonlieu.png\" alt=\"Bonlieu\" width=\"937\" height=\"419\" srcset=\"http:\/\/menzendorff.de\/wp-content\/uploads\/2018\/01\/Bonlieu.png 937w, http:\/\/menzendorff.de\/wp-content\/uploads\/2018\/01\/Bonlieu-300x134.png 300w, http:\/\/menzendorff.de\/wp-content\/uploads\/2018\/01\/Bonlieu-768x343.png 768w, http:\/\/menzendorff.de\/wp-content\/uploads\/2018\/01\/Bonlieu-624x279.png 624w\" sizes=\"(max-width: 937px) 100vw, 937px\" \/><\/a><\/p>\n<p style=\"text-align: center;\">(Copyright: Jack Bocar, www.Templers.net)<\/p>\n<p style=\"text-align: left;\">Auf dem Ausschnitt aus der sog. Carte de Cassini (1747-1818) erkennt man die Templerorte <strong>Bonlieu<\/strong>, <strong>La Loge-Madame<\/strong> und <strong>La Commanderie du Temple de l&#8217;H\u00f4pital<\/strong>. Und diese drei Geh\u00f6fte kann man heute noch auf dem Satellitenbild erkennen.<\/p>\n<p style=\"text-align: left;\"><a href=\"http:\/\/menzendorff.de\/wp-content\/uploads\/2018\/01\/Bonlieu2.jpg\"><img loading=\"lazy\" class=\"alignright size-large wp-image-1450\" src=\"http:\/\/menzendorff.de\/wp-content\/uploads\/2018\/01\/Bonlieu2-1024x709.jpg\" alt=\"Bonlieu2\" width=\"625\" height=\"433\" srcset=\"http:\/\/menzendorff.de\/wp-content\/uploads\/2018\/01\/Bonlieu2.jpg 1024w, http:\/\/menzendorff.de\/wp-content\/uploads\/2018\/01\/Bonlieu2-300x208.jpg 300w, http:\/\/menzendorff.de\/wp-content\/uploads\/2018\/01\/Bonlieu2-768x532.jpg 768w, http:\/\/menzendorff.de\/wp-content\/uploads\/2018\/01\/Bonlieu2-624x432.jpg 624w\" sizes=\"(max-width: 625px) 100vw, 625px\" \/><\/a><\/p>\n<p style=\"text-align: center;\">(Google Maps)<\/p>\n<p style=\"text-align: left;\">Um den Nahbereich um den Lac du Temple n\u00e4her zu untersuchen, w\u00fcrde ich einen ganze Tag ben\u00f6tigen, denn die Liste der Templerorte ist noch um einiges l\u00e4nger. Diese Recherchereise sollte jedoch einem anderen Zweck dienen:<\/p>\n<p style=\"text-align: left;\">Ich forsche &#8211; besonders im Burgund und der Champagne &#8211; seit l\u00e4ngerem danach, ob sich eine Verbindung von Templerp\u00e4senz mit einem mittelalterlichen Fernstrassennetz nachweisen l\u00e4sst. Die Commanderie von Avalleur hatte ich aus zwei Gr\u00fcnden auf meiner Agenda. Zum einen hatte ich bei meinem ersten <a href=\"http:\/\/menzendorff.de\/?p=11\" target=\"_blank\" rel=\"noopener\">Besuch von Avalleur im Jahre 2007<\/a> Pech mit dem Wetter, denn es schneite.<\/p>\n<p style=\"text-align: left;\">Zum anderen war mir beim Markieren von Templerorten in Landkarten aufgefallen, dass in Bar-sur-Seine (in dessen Gemeindegebiet sich Avalleur befindet)\u00a0 eine ganze Reihe von Fernstrecken aus bedeutsamen St\u00e4dten fast sternf\u00f6rmig zusammen zu laufen schienen, an denen sich jeweils mehr oder weniger dicht gedr\u00e4ngt Templerorte aneinander reihten. Es ist noch zu fr\u00fch, um Zuf\u00e4lligkeiten auszuschliessen, aber folgende Beobachtungen m\u00f6chte ich hier einmal vorl\u00e4ufig festhalten:<\/p>\n<p style=\"text-align: left;\">Verl\u00e4\u00dft man <strong>Avalleur<\/strong> nach Westen, erreicht man nach 60 Km (zwei Tagesetappen?) die Commanderie von <strong>Coulours<\/strong>. Von Coulours geht es nordwestlich \u00fcber <strong>Savigny-le-Temple<\/strong> zum S\u00fcden von Paris und s\u00fcd\u00f6stlich \u00fcber die Templerorte <strong>Fontenay-pres-Chablis<\/strong>, <strong>Nuits-St. Marc<\/strong> und Montbard nach Dijon.<\/p>\n<p style=\"text-align: left;\"><a href=\"http:\/\/menzendorff.de\/wp-content\/uploads\/2018\/01\/Savigny-Dijon.png\"><img loading=\"lazy\" class=\"alignright size-large wp-image-1442\" src=\"http:\/\/menzendorff.de\/wp-content\/uploads\/2018\/01\/Savigny-Dijon-1024x707.png\" alt=\"Savigny Dijon\" width=\"625\" height=\"432\" srcset=\"http:\/\/menzendorff.de\/wp-content\/uploads\/2018\/01\/Savigny-Dijon-1024x707.png 1024w, http:\/\/menzendorff.de\/wp-content\/uploads\/2018\/01\/Savigny-Dijon-300x207.png 300w, http:\/\/menzendorff.de\/wp-content\/uploads\/2018\/01\/Savigny-Dijon-768x530.png 768w, http:\/\/menzendorff.de\/wp-content\/uploads\/2018\/01\/Savigny-Dijon-624x431.png 624w, http:\/\/menzendorff.de\/wp-content\/uploads\/2018\/01\/Savigny-Dijon.png 1295w\" sizes=\"(max-width: 625px) 100vw, 625px\" \/><\/a><\/p>\n<p style=\"text-align: center;\">(Copyright: Google Maps)<\/p>\n<p style=\"text-align: left;\">Reist man von <strong>Avalleur<\/strong> in nordwestliche Richtung, erreicht man bereits nach ca. 25 Km den Templerort <strong>Villers-les-Verri\u00e8res<\/strong> und sodann \u00fcber die weiter ziemlich gerade in einer Reihe liegenden Templerorte <strong>Troyes<\/strong>, <strong>Payns<\/strong>, <strong>Fresnoy<\/strong> (10400 Montpothier), <strong>Chevru<\/strong>, <strong>Coulommiers<\/strong> und <strong>Crecy-la-Chapelle<\/strong> schlie\u00dflich den Osten von Paris.<\/p>\n<p style=\"text-align: left;\"><a href=\"http:\/\/menzendorff.de\/wp-content\/uploads\/2018\/01\/Avalleur-Chevru.png\"><img loading=\"lazy\" class=\"alignright size-full wp-image-1441\" src=\"http:\/\/menzendorff.de\/wp-content\/uploads\/2018\/01\/Avalleur-Chevru.png\" alt=\"Avalleur Chevru\" width=\"1002\" height=\"687\" srcset=\"http:\/\/menzendorff.de\/wp-content\/uploads\/2018\/01\/Avalleur-Chevru.png 1002w, http:\/\/menzendorff.de\/wp-content\/uploads\/2018\/01\/Avalleur-Chevru-300x206.png 300w, http:\/\/menzendorff.de\/wp-content\/uploads\/2018\/01\/Avalleur-Chevru-768x527.png 768w, http:\/\/menzendorff.de\/wp-content\/uploads\/2018\/01\/Avalleur-Chevru-624x428.png 624w\" sizes=\"(max-width: 1002px) 100vw, 1002px\" \/><\/a><\/p>\n<p style=\"text-align: center;\">(Copyright: Google Maps)<\/p>\n<p style=\"text-align: left;\">Wendet man sich von Avalleur nach Nordosten, gelangt man \u00fcber die Templerorte <strong>Bar-sur-Aube<\/strong> (Hier kreuzt die Via Francigena und f\u00fchrt \u00fcber Langres, Besan\u00e7on und Pontarlier nach Lausanne !), <strong>Dagonville<\/strong> und <strong>Doncourt-aux-Templiers<\/strong> nach Metz.<\/p>\n<p style=\"text-align: left;\"><a href=\"http:\/\/menzendorff.de\/wp-content\/uploads\/2018\/01\/Avalleur-Metz.png\"><img loading=\"lazy\" class=\"alignright size-large wp-image-1447\" src=\"http:\/\/menzendorff.de\/wp-content\/uploads\/2018\/01\/Avalleur-Metz-1024x758.png\" alt=\"Avalleur-Metz\" width=\"625\" height=\"463\" srcset=\"http:\/\/menzendorff.de\/wp-content\/uploads\/2018\/01\/Avalleur-Metz-1024x758.png 1024w, http:\/\/menzendorff.de\/wp-content\/uploads\/2018\/01\/Avalleur-Metz-300x222.png 300w, http:\/\/menzendorff.de\/wp-content\/uploads\/2018\/01\/Avalleur-Metz-768x569.png 768w, http:\/\/menzendorff.de\/wp-content\/uploads\/2018\/01\/Avalleur-Metz-624x462.png 624w, http:\/\/menzendorff.de\/wp-content\/uploads\/2018\/01\/Avalleur-Metz.png 1105w\" sizes=\"(max-width: 625px) 100vw, 625px\" \/><\/a><\/p>\n<p style=\"text-align: center;\">(Copyright: Google Maps)<\/p>\n<p style=\"text-align: left;\">Wendet man sich nach S\u00fcds\u00fcdost, gelangt man in 35 Kilometern nach <strong>Ch\u00e2tillon-sur-Seine<\/strong>. Dort beginnt bekanntlich die von mir erstmals von mir nachgewiesene <a href=\"http:\/\/menzendorff.de\/?p=11\" target=\"_blank\" rel=\"noopener\">&#8222;Templerstrasse&#8220;<\/a> \u00fcber die Templerorte <strong>Voulaines-les-Templiers,<\/strong> <strong>Bure-les-Templiers,\u00a0 Busserotte-et-Montenaille, Selongey\u00a0<\/strong>und\u00a0<strong>Autrey-l\u00e8s-Gray<\/strong> nach Gray an der Sa\u00f4ne. In Gray gab es schon im Mittelalter eine Br\u00fccke \u00fcber die Sa\u00f4ne. Die Templerstrasse vereinigt sich\u00a0 wohl aus diesem Grund in dem Ort Gray mit der Via Francigena, die dort von Langres aus eintrifft und anschliessend nach Besan\u00e7on weiterf\u00fchrt.<\/p>\n<p style=\"text-align: left;\"><a href=\"http:\/\/menzendorff.de\/wp-content\/uploads\/2018\/01\/Avalleur-Gray.jpg\"><img loading=\"lazy\" class=\"alignright size-full wp-image-1451\" src=\"http:\/\/menzendorff.de\/wp-content\/uploads\/2018\/01\/Avalleur-Gray.jpg\" alt=\"Avalleur Gray\" width=\"1019\" height=\"768\" srcset=\"http:\/\/menzendorff.de\/wp-content\/uploads\/2018\/01\/Avalleur-Gray.jpg 1019w, http:\/\/menzendorff.de\/wp-content\/uploads\/2018\/01\/Avalleur-Gray-300x226.jpg 300w, http:\/\/menzendorff.de\/wp-content\/uploads\/2018\/01\/Avalleur-Gray-768x579.jpg 768w, http:\/\/menzendorff.de\/wp-content\/uploads\/2018\/01\/Avalleur-Gray-624x470.jpg 624w\" sizes=\"(max-width: 1019px) 100vw, 1019px\" \/><\/a><\/p>\n<p style=\"text-align: center;\">(Copyright: Google Maps)<\/p>\n<p>Nach diesen halbgaren, theoretischen Erw\u00e4gungen oder Spekulationen m\u00f6chte ich Ihnen aber auch nicht mehr l\u00e4nger die Bilder von Avalleur vorenthalten. Vor Ort habe ich zu meiner gr\u00f6ssten Freude und \u00dcberraschung festgestellt, dass man inzwischen ernsthaft damit begonnen hat, die Gesamtanlage einer gr\u00fcndlichen Restaurierung zu unterziehen. Die Freude dar\u00fcber war gr\u00f6\u00dfer als die Entt\u00e4uschung, dass ich wegen der Bauarbeiten den Vorplatz vor der Kapelle nicht betreten durfte und so konnte ich vom aktuellen baulichen Zustand nur Aufnahmen von ausserhalb des Gel\u00e4ndes mitbringen.<\/p>\n<p><a href=\"http:\/\/menzendorff.de\/wp-content\/uploads\/2018\/01\/DSC_0191.jpg\"><img loading=\"lazy\" class=\"alignright size-large wp-image-1456\" src=\"http:\/\/menzendorff.de\/wp-content\/uploads\/2018\/01\/DSC_0191-1024x683.jpg\" alt=\"DSC_0191\" width=\"625\" height=\"417\" srcset=\"http:\/\/menzendorff.de\/wp-content\/uploads\/2018\/01\/DSC_0191.jpg 1024w, http:\/\/menzendorff.de\/wp-content\/uploads\/2018\/01\/DSC_0191-300x200.jpg 300w, http:\/\/menzendorff.de\/wp-content\/uploads\/2018\/01\/DSC_0191-768x512.jpg 768w, http:\/\/menzendorff.de\/wp-content\/uploads\/2018\/01\/DSC_0191-624x416.jpg 624w\" sizes=\"(max-width: 625px) 100vw, 625px\" \/><\/a><\/p>\n<p style=\"text-align: center;\">Chapelle des Templiers, <strong>Avalleur<\/strong>, 10110 Bar-sur-Aube, 2017<\/p>\n<p>Die Kapelle befand sich auch 2007 schon in einem ganz ordentlichen Zustand, aber die profanen Geb\u00e4ude der Commanderie waren doch schon recht heruntergekommen.<\/p>\n<p><a href=\"http:\/\/menzendorff.de\/wp-content\/uploads\/2018\/01\/Burgund-230.jpg\"><img loading=\"lazy\" class=\"alignright size-large wp-image-1455\" src=\"http:\/\/menzendorff.de\/wp-content\/uploads\/2018\/01\/Burgund-230-1024x768.jpg\" alt=\"Burgund 230\" width=\"625\" height=\"469\" srcset=\"http:\/\/menzendorff.de\/wp-content\/uploads\/2018\/01\/Burgund-230.jpg 1024w, http:\/\/menzendorff.de\/wp-content\/uploads\/2018\/01\/Burgund-230-300x225.jpg 300w, http:\/\/menzendorff.de\/wp-content\/uploads\/2018\/01\/Burgund-230-768x576.jpg 768w, http:\/\/menzendorff.de\/wp-content\/uploads\/2018\/01\/Burgund-230-624x468.jpg 624w\" sizes=\"(max-width: 625px) 100vw, 625px\" \/><\/a><\/p>\n<p style=\"text-align: center;\">Maison du commandeur, 2007<\/p>\n<p>Ich bin dem Reiz erlegen, in diesem Beitrag Bilder von 2007 mit denen von 2017 zu vergleichen. Hier ein Blick auf die S\u00fcdflanke (Die Kapelle zeigt indes nicht exakt nach Osten sondern nach Osts\u00fcdost. Die Blickrichtung auf das Geb\u00e4ude ist also eher aus S\u00fcds\u00fcdwest.)<\/p>\n<p style=\"text-align: left;\"><a href=\"http:\/\/menzendorff.de\/wp-content\/uploads\/2018\/01\/Burgund-241.jpg\"><img loading=\"lazy\" class=\"alignright size-large wp-image-1458\" src=\"http:\/\/menzendorff.de\/wp-content\/uploads\/2018\/01\/Burgund-241-1024x674.jpg\" alt=\"Burgund 241\" width=\"625\" height=\"411\" srcset=\"http:\/\/menzendorff.de\/wp-content\/uploads\/2018\/01\/Burgund-241.jpg 1024w, http:\/\/menzendorff.de\/wp-content\/uploads\/2018\/01\/Burgund-241-300x197.jpg 300w, http:\/\/menzendorff.de\/wp-content\/uploads\/2018\/01\/Burgund-241-768x506.jpg 768w, http:\/\/menzendorff.de\/wp-content\/uploads\/2018\/01\/Burgund-241-624x411.jpg 624w\" sizes=\"(max-width: 625px) 100vw, 625px\" \/><\/a><\/p>\n<p style=\"text-align: center;\">Commanderie Avalleur, S\u00fcdseite, 2007<\/p>\n<p><a href=\"http:\/\/menzendorff.de\/wp-content\/uploads\/2018\/01\/DSC_0183.jpg\"><img loading=\"lazy\" class=\"alignright size-large wp-image-1459\" src=\"http:\/\/menzendorff.de\/wp-content\/uploads\/2018\/01\/DSC_0183-1024x599.jpg\" alt=\"DSC_0183\" width=\"625\" height=\"366\" srcset=\"http:\/\/menzendorff.de\/wp-content\/uploads\/2018\/01\/DSC_0183.jpg 1024w, http:\/\/menzendorff.de\/wp-content\/uploads\/2018\/01\/DSC_0183-300x175.jpg 300w, http:\/\/menzendorff.de\/wp-content\/uploads\/2018\/01\/DSC_0183-768x449.jpg 768w, http:\/\/menzendorff.de\/wp-content\/uploads\/2018\/01\/DSC_0183-624x365.jpg 624w\" sizes=\"(max-width: 625px) 100vw, 625px\" \/><\/a><\/p>\n<p style=\"text-align: center;\">Commanderie Avalleur, S\u00fcdseite, 2017<\/p>\n<p>Finden Sie die 10 Unterschiede? \ud83d\ude42 Noch gravierender haben sich die Renovierungsarbeiten an der Nordflanke ausgewirkt:<\/p>\n<p><a href=\"http:\/\/menzendorff.de\/wp-content\/uploads\/2018\/01\/Avalleur-Tripadvisor.jpg\"><img loading=\"lazy\" class=\"alignright size-large wp-image-1461\" src=\"http:\/\/menzendorff.de\/wp-content\/uploads\/2018\/01\/Avalleur-Tripadvisor-1024x683.jpg\" alt=\"Avalleur Tripadvisor\" width=\"625\" height=\"417\" srcset=\"http:\/\/menzendorff.de\/wp-content\/uploads\/2018\/01\/Avalleur-Tripadvisor.jpg 1024w, http:\/\/menzendorff.de\/wp-content\/uploads\/2018\/01\/Avalleur-Tripadvisor-300x200.jpg 300w, http:\/\/menzendorff.de\/wp-content\/uploads\/2018\/01\/Avalleur-Tripadvisor-768x512.jpg 768w, http:\/\/menzendorff.de\/wp-content\/uploads\/2018\/01\/Avalleur-Tripadvisor-624x416.jpg 624w\" sizes=\"(max-width: 625px) 100vw, 625px\" \/><\/a><\/p>\n<p style=\"text-align: center;\">(Copyright: <a href=\"https:\/\/www.tripadvisor.de\/Attraction_Review-g187138-d3850582-Reviews-Commanderie_d_Avalleur-Troyes_Aube_Grand_Est.html\" target=\"_blank\" rel=\"noopener\">Tripadvisor<\/a>)<\/p>\n<p><a href=\"http:\/\/menzendorff.de\/wp-content\/uploads\/2018\/01\/DSC_0177.jpg\"><img loading=\"lazy\" class=\"alignright size-large wp-image-1462\" src=\"http:\/\/menzendorff.de\/wp-content\/uploads\/2018\/01\/DSC_0177-1024x736.jpg\" alt=\"DSC_0177\" width=\"625\" height=\"449\" srcset=\"http:\/\/menzendorff.de\/wp-content\/uploads\/2018\/01\/DSC_0177.jpg 1024w, http:\/\/menzendorff.de\/wp-content\/uploads\/2018\/01\/DSC_0177-300x216.jpg 300w, http:\/\/menzendorff.de\/wp-content\/uploads\/2018\/01\/DSC_0177-768x552.jpg 768w, http:\/\/menzendorff.de\/wp-content\/uploads\/2018\/01\/DSC_0177-624x449.jpg 624w\" sizes=\"(max-width: 625px) 100vw, 625px\" \/><\/a><\/p>\n<p style=\"text-align: center;\">Und aus \u00e4hnlichem Blickwinkel mein Foto von 2017<\/p>\n<p><span style=\"font-size: xx-large;\">4. Commanderie d&#8217;\u00c9pailly, 21520 Courban, C\u00f4te-d&#8217;Or, Bourgogne-Franche-Comt\u00e9<br \/>\n<\/span><\/p>\n<p>Von Avalleur bis zu meiner n\u00e4chsten Etappe \u00c9pailly waren es ca. 40 km in s\u00fcd\u00f6stlicher Richtung. Ich bemerkte, dass die Ortsnamen, die ich passierte, h\u00e4ufig den Zusatz &#8222;sur-Ource&#8220; enthielten. Ich wu\u00dfte, dass <strong>Voulaines-les-Templiers<\/strong> an eine Flu\u00df dieses Namens liegt. Mir war aber nicht klar, dass ich mich so nah an dieser &#8222;Templerstrasse&#8220; von Ch\u00e2tillon-sur-Seine nach Gray befand. Ich w\u00e4hnte diese tief unten im Burgund und mich noch halb in der Champagne. Tats\u00e4chlich passiert man etwa auf halber Strecke die Grenze zwischen den Departements Aube und C\u00f4te-d&#8217;Or, mithin auch die Grenzen der R\u00e9gions Grand-Est und Bourgogne-Franche-Comt\u00e9.<\/p>\n<p>Nach Aubarbier, S. 75, entstand die Commanderie von \u00c9pailly im Jahr 1209 aufgrund einer Spende des Grafen von Bar-sur-Seine. Die Templer erhielten zudem mehr als 60 G\u00fcter in der Umgebung, u.a. auch in dem Ort Courban.<\/p>\n<p><a href=\"http:\/\/menzendorff.de\/wp-content\/uploads\/2018\/01\/DSC_0207.jpg\"><img loading=\"lazy\" class=\"alignright size-large wp-image-1468\" src=\"http:\/\/menzendorff.de\/wp-content\/uploads\/2018\/01\/DSC_0207-1024x683.jpg\" alt=\"DSC_0207\" width=\"625\" height=\"417\" srcset=\"http:\/\/menzendorff.de\/wp-content\/uploads\/2018\/01\/DSC_0207.jpg 1024w, http:\/\/menzendorff.de\/wp-content\/uploads\/2018\/01\/DSC_0207-300x200.jpg 300w, http:\/\/menzendorff.de\/wp-content\/uploads\/2018\/01\/DSC_0207-768x512.jpg 768w, http:\/\/menzendorff.de\/wp-content\/uploads\/2018\/01\/DSC_0207-624x416.jpg 624w\" sizes=\"(max-width: 625px) 100vw, 625px\" \/><\/a><\/p>\n<p style=\"text-align: center;\"><strong>Commanderie d&#8217;Epailly<\/strong>, 21520 Courban<\/p>\n<p>Die Commanderie hat gewaltige Ausmasse. Die in s\u00fcd\u00f6stlicher Richtung verlaufende Aussenmauer d\u00fcrfte ca. 100 m lang sein.<\/p>\n<p><a href=\"http:\/\/menzendorff.de\/wp-content\/uploads\/2018\/01\/DSC_0219.jpg\"><img loading=\"lazy\" class=\"alignright size-large wp-image-1469\" src=\"http:\/\/menzendorff.de\/wp-content\/uploads\/2018\/01\/DSC_0219-1024x683.jpg\" alt=\"DSC_0219\" width=\"625\" height=\"417\" srcset=\"http:\/\/menzendorff.de\/wp-content\/uploads\/2018\/01\/DSC_0219.jpg 1024w, http:\/\/menzendorff.de\/wp-content\/uploads\/2018\/01\/DSC_0219-300x200.jpg 300w, http:\/\/menzendorff.de\/wp-content\/uploads\/2018\/01\/DSC_0219-768x512.jpg 768w, http:\/\/menzendorff.de\/wp-content\/uploads\/2018\/01\/DSC_0219-624x416.jpg 624w\" sizes=\"(max-width: 625px) 100vw, 625px\" \/><\/a><\/p>\n<p style=\"text-align: center;\">Chapelle des Templiers<\/p>\n<p><a href=\"http:\/\/menzendorff.de\/wp-content\/uploads\/2018\/01\/DSC_0222.jpg\"><img loading=\"lazy\" class=\"alignright size-large wp-image-1470\" src=\"http:\/\/menzendorff.de\/wp-content\/uploads\/2018\/01\/DSC_0222-1024x683.jpg\" alt=\"DSC_0222\" width=\"625\" height=\"417\" srcset=\"http:\/\/menzendorff.de\/wp-content\/uploads\/2018\/01\/DSC_0222.jpg 1024w, http:\/\/menzendorff.de\/wp-content\/uploads\/2018\/01\/DSC_0222-300x200.jpg 300w, http:\/\/menzendorff.de\/wp-content\/uploads\/2018\/01\/DSC_0222-768x512.jpg 768w, http:\/\/menzendorff.de\/wp-content\/uploads\/2018\/01\/DSC_0222-624x416.jpg 624w\" sizes=\"(max-width: 625px) 100vw, 625px\" \/><\/a><\/p>\n<p style=\"text-align: center;\">Commanderiegel\u00e4nde von Osten<\/p>\n<p style=\"text-align: left;\">Es f\u00e4llt auf, dass diese riesige Kapelle fast exakt nach Osten ausgerichtet ist. Das erkl\u00e4rt auch den Winkel der Kapelle zur Aussenmauer.<\/p>\n<p style=\"text-align: left;\"><a href=\"http:\/\/menzendorff.de\/wp-content\/uploads\/2018\/01\/Burgund-135.jpg\"><img loading=\"lazy\" class=\"alignright size-large wp-image-1472\" src=\"http:\/\/menzendorff.de\/wp-content\/uploads\/2018\/01\/Burgund-135-1024x768.jpg\" alt=\"Burgund 135\" width=\"625\" height=\"469\" srcset=\"http:\/\/menzendorff.de\/wp-content\/uploads\/2018\/01\/Burgund-135.jpg 1024w, http:\/\/menzendorff.de\/wp-content\/uploads\/2018\/01\/Burgund-135-300x225.jpg 300w, http:\/\/menzendorff.de\/wp-content\/uploads\/2018\/01\/Burgund-135-768x576.jpg 768w, http:\/\/menzendorff.de\/wp-content\/uploads\/2018\/01\/Burgund-135-624x468.jpg 624w\" sizes=\"(max-width: 625px) 100vw, 625px\" \/><\/a><\/p>\n<p style=\"text-align: center;\">Westfassade (2010, Foto Thorsten Stute)<\/p>\n<p style=\"text-align: left;\">Ich h\u00e4tte die Kapelle sehr gerne aus der N\u00e4he angesehen. Der Verwalter, mit dem ich mich diesmal bestimmt eine halbe Stunde in ein Gespr\u00e4ch verstrickt habe, h\u00e4tte es mir von Herzen gerne gestattet. Er sah sich aber daran gehindert, weil der B\u00fcrgermeister von Courban vom Zutritt von Besuchern dringend abgeraten h\u00e4tte. Die Kapelle sei nicht sicher, es k\u00f6nnten Steine vom Dach herabst\u00fcrzen. Seine Chefin, eine Deutsche, w\u00fcrde bei mir vielleicht eine Ausnahme machen aber sie sei nicht da und er habe Anweisung, niemanden n\u00e4her treten zu lassen.<\/p>\n<p style=\"text-align: center;\"><a href=\"http:\/\/menzendorff.de\/wp-content\/uploads\/2018\/01\/DSC_0204.jpg\"><img loading=\"lazy\" class=\"alignright size-large wp-image-1473\" src=\"http:\/\/menzendorff.de\/wp-content\/uploads\/2018\/01\/DSC_0204-1024x683.jpg\" alt=\"DSC_0204\" width=\"625\" height=\"417\" srcset=\"http:\/\/menzendorff.de\/wp-content\/uploads\/2018\/01\/DSC_0204.jpg 1024w, http:\/\/menzendorff.de\/wp-content\/uploads\/2018\/01\/DSC_0204-300x200.jpg 300w, http:\/\/menzendorff.de\/wp-content\/uploads\/2018\/01\/DSC_0204-768x512.jpg 768w, http:\/\/menzendorff.de\/wp-content\/uploads\/2018\/01\/DSC_0204-624x416.jpg 624w\" sizes=\"(max-width: 625px) 100vw, 625px\" \/><\/a><\/p>\n<p style=\"text-align: center;\">Blick auf die Nordwestecke von Westen<\/p>\n<p style=\"text-align: center;\"><a href=\"http:\/\/menzendorff.de\/wp-content\/uploads\/2018\/01\/DSC_0205-1.jpg\"><img loading=\"lazy\" class=\"alignright size-large wp-image-1475\" src=\"http:\/\/menzendorff.de\/wp-content\/uploads\/2018\/01\/DSC_0205-1-1024x572.jpg\" alt=\"DSC_0205\" width=\"625\" height=\"349\" srcset=\"http:\/\/menzendorff.de\/wp-content\/uploads\/2018\/01\/DSC_0205-1.jpg 1024w, http:\/\/menzendorff.de\/wp-content\/uploads\/2018\/01\/DSC_0205-1-300x168.jpg 300w, http:\/\/menzendorff.de\/wp-content\/uploads\/2018\/01\/DSC_0205-1-768x429.jpg 768w, http:\/\/menzendorff.de\/wp-content\/uploads\/2018\/01\/DSC_0205-1-624x349.jpg 624w\" sizes=\"(max-width: 625px) 100vw, 625px\" \/><\/a><\/p>\n<p style=\"text-align: left;\">Detail an der Fassade: Fenstersturz aus dem sechzehnten Jahrhundert, typisch f\u00fcr Bauten der Johanniter. Solche Fensterst\u00fcrze gibt es sonst noch an den Profangeb\u00e4uden der Templerkommenden von Villemoison, Avalleur, Penmarc&#8217;h, Loc Amand u.v.m.<\/p>\n<p style=\"text-align: left;\">Zum Schluss zeige ich noch eine \u00dcbersicht \u00fcber die m\u00e4chtige Commanderie aus der Satellitenperspektive:<\/p>\n<p style=\"text-align: center;\"><a href=\"http:\/\/menzendorff.de\/wp-content\/uploads\/2018\/01\/Epailly.jpg\"><img loading=\"lazy\" class=\"alignright size-full wp-image-1476\" src=\"http:\/\/menzendorff.de\/wp-content\/uploads\/2018\/01\/Epailly.jpg\" alt=\"Epailly\" width=\"932\" height=\"768\" srcset=\"http:\/\/menzendorff.de\/wp-content\/uploads\/2018\/01\/Epailly.jpg 932w, http:\/\/menzendorff.de\/wp-content\/uploads\/2018\/01\/Epailly-300x247.jpg 300w, http:\/\/menzendorff.de\/wp-content\/uploads\/2018\/01\/Epailly-768x633.jpg 768w, http:\/\/menzendorff.de\/wp-content\/uploads\/2018\/01\/Epailly-624x514.jpg 624w\" sizes=\"(max-width: 932px) 100vw, 932px\" \/><\/a><\/p>\n<p style=\"text-align: center;\"><strong>Commanderie d&#8217;Epailly<\/strong> (copyright: Google maps)<\/p>\n<p style=\"text-align: left;\">Es d\u00fcrfte die einzige Commanderie mit Hubschrauberlandeplatz sein. Und ich habe so f\u00fcr mich gedacht, an welcher Stelle ich in meinem Leben falsch abgebogen bin \ud83d\ude42<\/p>\n<p style=\"text-align: left;\"><span style=\"font-size: xx-large;\">5. Commanderie de Nuits-Saint-Marc, 89390 Nuits-sous-Ravi\u00e8res, Yonne, R\u00e9gion Bourgogne-Franche-Comt\u00e9<\/span><\/p>\n<p style=\"text-align: left;\">Als n\u00e4chstes Etappenziel hatte ich mir einen Ort im D\u00e9partement Yonne ausgesucht. Dazu musste ich 50 Km s\u00fcdwestlich fahren und traf dort gegen 13:00 Uhr ein. Die Commanderie liegt ca. 500 Meter n\u00f6rdlich des Ortes Nuits-sous-Ravi\u00e8res sehr malerisch am linken Ufer einer Schleife des Flusses <span class=\"st\">Arman\u00e7on. <\/span><\/p>\n<p style=\"text-align: left;\"><a href=\"http:\/\/menzendorff.de\/wp-content\/uploads\/2018\/01\/Nuits.jpg\"><img loading=\"lazy\" class=\"alignright size-large wp-image-1489\" src=\"http:\/\/menzendorff.de\/wp-content\/uploads\/2018\/01\/Nuits-1024x626.jpg\" alt=\"Nuits\" width=\"625\" height=\"382\" srcset=\"http:\/\/menzendorff.de\/wp-content\/uploads\/2018\/01\/Nuits.jpg 1024w, http:\/\/menzendorff.de\/wp-content\/uploads\/2018\/01\/Nuits-300x183.jpg 300w, http:\/\/menzendorff.de\/wp-content\/uploads\/2018\/01\/Nuits-768x470.jpg 768w, http:\/\/menzendorff.de\/wp-content\/uploads\/2018\/01\/Nuits-624x381.jpg 624w\" sizes=\"(max-width: 625px) 100vw, 625px\" \/><\/a><\/p>\n<p style=\"text-align: center;\"><strong>Commanderie Nuits-Saint-Marc<\/strong>, (copyright: google maps)<\/p>\n<p style=\"text-align: left;\"><span class=\"st\">Sie wird erstmals im Jahre 1186 in einer Urkunde des Bischofs Manass\u00e9s von Langres erw\u00e4hnt (Maximilien Quantin, Histoire des Ordres religieux et militaires dans le D\u00e9partement de l&#8217;Yonne, 1882, S. 249.)<br \/>\n<\/span><\/p>\n<p style=\"text-align: left;\"><a href=\"http:\/\/menzendorff.de\/wp-content\/uploads\/2018\/01\/DSC_0238.jpg\"><img loading=\"lazy\" class=\"alignright size-large wp-image-1481\" src=\"http:\/\/menzendorff.de\/wp-content\/uploads\/2018\/01\/DSC_0238-1024x683.jpg\" alt=\"DSC_0238\" width=\"625\" height=\"417\" srcset=\"http:\/\/menzendorff.de\/wp-content\/uploads\/2018\/01\/DSC_0238.jpg 1024w, http:\/\/menzendorff.de\/wp-content\/uploads\/2018\/01\/DSC_0238-300x200.jpg 300w, http:\/\/menzendorff.de\/wp-content\/uploads\/2018\/01\/DSC_0238-768x512.jpg 768w, http:\/\/menzendorff.de\/wp-content\/uploads\/2018\/01\/DSC_0238-624x416.jpg 624w\" sizes=\"(max-width: 625px) 100vw, 625px\" \/><\/a><\/p>\n<p style=\"text-align: center;\">Commanderie <strong>Nuits-Saint-Marc,<\/strong> Anfahrt von S\u00fcden<\/p>\n<p style=\"text-align: left;\"><a href=\"http:\/\/menzendorff.de\/wp-content\/uploads\/2018\/01\/DSC_0240.jpg\"><img loading=\"lazy\" class=\"alignright size-large wp-image-1483\" src=\"http:\/\/menzendorff.de\/wp-content\/uploads\/2018\/01\/DSC_0240-1024x683.jpg\" alt=\"DSC_0240\" width=\"625\" height=\"417\" srcset=\"http:\/\/menzendorff.de\/wp-content\/uploads\/2018\/01\/DSC_0240.jpg 1024w, http:\/\/menzendorff.de\/wp-content\/uploads\/2018\/01\/DSC_0240-300x200.jpg 300w, http:\/\/menzendorff.de\/wp-content\/uploads\/2018\/01\/DSC_0240-768x512.jpg 768w, http:\/\/menzendorff.de\/wp-content\/uploads\/2018\/01\/DSC_0240-624x416.jpg 624w\" sizes=\"(max-width: 625px) 100vw, 625px\" \/><\/a><\/p>\n<p style=\"text-align: left;\">Die Kapelle der Commanderie ist aus dem 12. Jahrhundert und offensichtlich sehr gut erhalten. Sie ist 15,70 m lang und 6,50 m breit (Quantin, a.a.O).<\/p>\n<p style=\"text-align: left;\"><a href=\"http:\/\/menzendorff.de\/wp-content\/uploads\/2018\/01\/DSC_0249.jpg\"><img loading=\"lazy\" class=\"alignright size-large wp-image-1484\" src=\"http:\/\/menzendorff.de\/wp-content\/uploads\/2018\/01\/DSC_0249-1024x683.jpg\" alt=\"DSC_0249\" width=\"625\" height=\"417\" srcset=\"http:\/\/menzendorff.de\/wp-content\/uploads\/2018\/01\/DSC_0249.jpg 1024w, http:\/\/menzendorff.de\/wp-content\/uploads\/2018\/01\/DSC_0249-300x200.jpg 300w, http:\/\/menzendorff.de\/wp-content\/uploads\/2018\/01\/DSC_0249-768x512.jpg 768w, http:\/\/menzendorff.de\/wp-content\/uploads\/2018\/01\/DSC_0249-624x416.jpg 624w\" sizes=\"(max-width: 625px) 100vw, 625px\" \/><\/a><\/p>\n<p style=\"text-align: center;\">Geb\u00e4ude an der Ostseite der Commanderie<\/p>\n<p style=\"text-align: left;\"><a href=\"http:\/\/menzendorff.de\/wp-content\/uploads\/2018\/01\/DSC_0239.jpg\"><img loading=\"lazy\" class=\"alignright size-large wp-image-1482\" src=\"http:\/\/menzendorff.de\/wp-content\/uploads\/2018\/01\/DSC_0239-1024x683.jpg\" alt=\"DSC_0239\" width=\"625\" height=\"417\" srcset=\"http:\/\/menzendorff.de\/wp-content\/uploads\/2018\/01\/DSC_0239.jpg 1024w, http:\/\/menzendorff.de\/wp-content\/uploads\/2018\/01\/DSC_0239-300x200.jpg 300w, http:\/\/menzendorff.de\/wp-content\/uploads\/2018\/01\/DSC_0239-768x512.jpg 768w, http:\/\/menzendorff.de\/wp-content\/uploads\/2018\/01\/DSC_0239-624x416.jpg 624w\" sizes=\"(max-width: 625px) 100vw, 625px\" \/><\/a><\/p>\n<p style=\"text-align: center;\">Nordwestflanke, Stallungen?<\/p>\n<p style=\"text-align: left;\">Mit dieser Aufnahme verabschiedete ich mich von Nuits-Saint-Marc. Mein n\u00e4chstes Ziel lag in n\u00f6rdlicher Richtung, nur etwa 7 Km flu\u00dfabw\u00e4rts.<\/p>\n<p style=\"text-align: left;\"><span style=\"font-size: xx-large;\">6. \u00c9glise Saint-Jean Baptiste, 89160 Chassignelles, Yonne<\/span><\/p>\n<p style=\"text-align: left;\">Chassignelles befindet sich am rechten Ufer des <span class=\"st\">Arman\u00e7on. Die Domaine du Temple de Chassignelles wurde nach <a href=\"http:\/\/www.templiers.net\/departements\/index.php?page=89#1\" target=\"_blank\" rel=\"noopener\">Jack Bocar<\/a> im Jahre 1246 als Nebenstelle der Commanderie St. Marc beigeordnet. Die Kapelle Saint-Jean Baptiste, die streng nach Osten ausgerichtet ist,\u00a0 wurde\u00a0 in mehreren Abschnitten zwischen 1150 und 1300 erbaut und befindet sich weit ausserhalb \u00f6stlich des Ortes, weshalb Bocar (<a href=\"http:\/\/www.templiers.net\/departements\/index.php?page=89#1\" target=\"_blank\" rel=\"noopener\">a.a.O<\/a>) annimmt, dass sie vormals als Friedhofskapelle gedient habe.<\/span><\/p>\n<p style=\"text-align: left;\"><a href=\"http:\/\/menzendorff.de\/wp-content\/uploads\/2018\/01\/DSC_0252.jpg\"><img loading=\"lazy\" class=\"alignright size-large wp-image-1490\" src=\"http:\/\/menzendorff.de\/wp-content\/uploads\/2018\/01\/DSC_0252-1024x683.jpg\" alt=\"DSC_0252\" width=\"625\" height=\"417\" srcset=\"http:\/\/menzendorff.de\/wp-content\/uploads\/2018\/01\/DSC_0252.jpg 1024w, http:\/\/menzendorff.de\/wp-content\/uploads\/2018\/01\/DSC_0252-300x200.jpg 300w, http:\/\/menzendorff.de\/wp-content\/uploads\/2018\/01\/DSC_0252-768x512.jpg 768w, http:\/\/menzendorff.de\/wp-content\/uploads\/2018\/01\/DSC_0252-624x416.jpg 624w\" sizes=\"(max-width: 625px) 100vw, 625px\" \/><\/a><\/p>\n<p style=\"text-align: center;\">Saint-Jean-Baptiste, <strong>89160 Chassignelles,<\/strong> Blick vom Ort aus nach Osten<\/p>\n<p style=\"text-align: left;\"><a href=\"http:\/\/menzendorff.de\/wp-content\/uploads\/2018\/01\/DSC_0264.jpg\"><img loading=\"lazy\" class=\"alignright size-large wp-image-1494\" src=\"http:\/\/menzendorff.de\/wp-content\/uploads\/2018\/01\/DSC_0264-1024x683.jpg\" alt=\"DSC_0264\" width=\"625\" height=\"417\" srcset=\"http:\/\/menzendorff.de\/wp-content\/uploads\/2018\/01\/DSC_0264.jpg 1024w, http:\/\/menzendorff.de\/wp-content\/uploads\/2018\/01\/DSC_0264-300x200.jpg 300w, http:\/\/menzendorff.de\/wp-content\/uploads\/2018\/01\/DSC_0264-768x512.jpg 768w, http:\/\/menzendorff.de\/wp-content\/uploads\/2018\/01\/DSC_0264-624x416.jpg 624w\" sizes=\"(max-width: 625px) 100vw, 625px\" \/><\/a><\/p>\n<p style=\"text-align: center;\">Der Blick S\u00fcdosten auf die Kapelle l\u00e4\u00dft die unterschiedlichen Ausbaustufen erahnen&#8230;<\/p>\n<p style=\"text-align: left;\"><a href=\"http:\/\/menzendorff.de\/wp-content\/uploads\/2018\/01\/DSC_0261.jpg\"><img loading=\"lazy\" class=\"alignright size-large wp-image-1493\" src=\"http:\/\/menzendorff.de\/wp-content\/uploads\/2018\/01\/DSC_0261-1024x683.jpg\" alt=\"DSC_0261\" width=\"625\" height=\"417\" srcset=\"http:\/\/menzendorff.de\/wp-content\/uploads\/2018\/01\/DSC_0261.jpg 1024w, http:\/\/menzendorff.de\/wp-content\/uploads\/2018\/01\/DSC_0261-300x200.jpg 300w, http:\/\/menzendorff.de\/wp-content\/uploads\/2018\/01\/DSC_0261-768x512.jpg 768w, http:\/\/menzendorff.de\/wp-content\/uploads\/2018\/01\/DSC_0261-624x416.jpg 624w\" sizes=\"(max-width: 625px) 100vw, 625px\" \/><\/a><\/p>\n<p style=\"text-align: center;\">&#8230; und zeigt den geraden Chorabschlu\u00df (chevet plat) mit den f\u00fcr die Templer typischen drei Fenstern<\/p>\n<p style=\"text-align: left;\"><a href=\"http:\/\/menzendorff.de\/wp-content\/uploads\/2018\/01\/DSC_0260.jpg\"><img loading=\"lazy\" class=\"alignright size-large wp-image-1492\" src=\"http:\/\/menzendorff.de\/wp-content\/uploads\/2018\/01\/DSC_0260-1024x683.jpg\" alt=\"DSC_0260\" width=\"625\" height=\"417\" srcset=\"http:\/\/menzendorff.de\/wp-content\/uploads\/2018\/01\/DSC_0260.jpg 1024w, http:\/\/menzendorff.de\/wp-content\/uploads\/2018\/01\/DSC_0260-300x200.jpg 300w, http:\/\/menzendorff.de\/wp-content\/uploads\/2018\/01\/DSC_0260-768x512.jpg 768w, http:\/\/menzendorff.de\/wp-content\/uploads\/2018\/01\/DSC_0260-624x416.jpg 624w\" sizes=\"(max-width: 625px) 100vw, 625px\" \/><\/a><\/p>\n<p style=\"text-align: center;\">Bei diesen Geb\u00e4uden, die ein paar Schritte weiter in s\u00fcd\u00f6stlicher Richtung hinter der Kapelle liegen, k\u00f6nnte es sich um die <em>ferme <\/em>der Templer gehandelt haben.<\/p>\n<p style=\"text-align: left;\"><a href=\"http:\/\/menzendorff.de\/wp-content\/uploads\/2018\/01\/DSC_0253.jpg\"><img loading=\"lazy\" class=\"alignright size-large wp-image-1491\" src=\"http:\/\/menzendorff.de\/wp-content\/uploads\/2018\/01\/DSC_0253-1024x683.jpg\" alt=\"DSC_0253\" width=\"625\" height=\"417\" srcset=\"http:\/\/menzendorff.de\/wp-content\/uploads\/2018\/01\/DSC_0253.jpg 1024w, http:\/\/menzendorff.de\/wp-content\/uploads\/2018\/01\/DSC_0253-300x200.jpg 300w, http:\/\/menzendorff.de\/wp-content\/uploads\/2018\/01\/DSC_0253-768x512.jpg 768w, http:\/\/menzendorff.de\/wp-content\/uploads\/2018\/01\/DSC_0253-624x416.jpg 624w\" sizes=\"(max-width: 625px) 100vw, 625px\" \/><\/a><\/p>\n<p style=\"text-align: center;\">Blick von der Kapelle nach Westen auf den Ort Chassignelles, hier das erste Geh\u00f6ft, das anscheinend Teile der Schutzmauer des Ortes beinhaltet.<\/p>\n<p style=\"text-align: left;\">Die auch von Aubarbier S. 70 gest\u00fctzte Annahme Bocars, dass die Templer in Chassignelles G\u00fcter oder Rechte besassen, beruht auf den Angaben Maximilien Quantins, 1882, S. 25.\u00a0 Hingegen findet sich weder bei Michel Miguet, Les Templiers en Bourgogne, noch bei Delphine Marie, Les Templiers dans le Dioc\u00e8se de Langres ein entsprechender Hinweis auf diesen Ort.<\/p>\n<p style=\"text-align: left;\"><span style=\"font-size: xx-large;\">7. 89160 Ancy-le-Franc, Yonne<\/span><\/p>\n<p style=\"text-align: left;\">Umso genauer sind jedoch die Hinweise von Delphine Marie zu den\u00a0 Rechten der Templer in Ancy-le-Franc, eine 1000-Seelen-Gemeinde 2 Km weiter n\u00f6rdlich flu\u00dfabw\u00e4rts. Dort gibt es ein prachtvolles <a href=\"https:\/\/fr.wikipedia.org\/wiki\/Ch%C3%A2teau_d%27Ancy-le-Franc\" target=\"_blank\" rel=\"noopener\">Rennaissance-Schlo\u00df<\/a> (1536), dem ein befestigter Vorg\u00e4ngerbau aus dem 12. Jahrhundert weichen mu\u00dfte (<a href=\"https:\/\/fr.wikipedia.org\/wiki\/Ch%C3%A2teau_d%27Ancy-le-Franc\" target=\"_blank\" rel=\"noopener\">Wikipedia, a.a.O<\/a>). Die \u00c9glise-Sainte-Colombe zeigt sich heute in <a href=\"http:\/\/ww.petit-patrimoine.com\/fiche-petit-patrimoine.php?id_pp=89005_3\" target=\"_blank\" rel=\"noopener\">ihrem Zustand seit 1885<\/a>, jedoch geht auch dieses Geb\u00e4ude auf einen Ursprung im 13. Jahrhundert <a href=\"http:\/\/photos-eglises.fr\/Bourgogne\/89\/AncyFranc\/eglise.htm\" target=\"_blank\" rel=\"noopener\">zur\u00fcck<\/a>. Ein direkter Bezug zum Templerorden besteht ersichtlich nicht, wenngleich die Mitglieder des Ordens diese Kirche in Ermangelung einer eigenen mitbesucht haben d\u00fcrften (vgl. Demurger, Aufstieg und Untergang, S. 164).<\/p>\n<p style=\"text-align: left;\"><a href=\"http:\/\/menzendorff.de\/wp-content\/uploads\/2018\/01\/DSC_0265.jpg\"><img loading=\"lazy\" class=\"alignright size-large wp-image-1498\" src=\"http:\/\/menzendorff.de\/wp-content\/uploads\/2018\/01\/DSC_0265-1024x683.jpg\" alt=\"DSC_0265\" width=\"625\" height=\"417\" srcset=\"http:\/\/menzendorff.de\/wp-content\/uploads\/2018\/01\/DSC_0265.jpg 1024w, http:\/\/menzendorff.de\/wp-content\/uploads\/2018\/01\/DSC_0265-300x200.jpg 300w, http:\/\/menzendorff.de\/wp-content\/uploads\/2018\/01\/DSC_0265-768x512.jpg 768w, http:\/\/menzendorff.de\/wp-content\/uploads\/2018\/01\/DSC_0265-624x416.jpg 624w\" sizes=\"(max-width: 625px) 100vw, 625px\" \/><\/a><\/p>\n<p style=\"text-align: center;\">\u00c9glise-Sainte-Colombe, 89160 <strong>Ancy-le-Franc<\/strong><\/p>\n<p style=\"text-align: left;\">Nach Delphine Marie, S. 136, besassen die Templer in und um Ancy-le-Franc L\u00e4ndereien, die sie bestellten, sowie ab 1211 Rechte an der M\u00fchle des Ortes. Im Jahre 1224 wurde ihnen gestattet, eine Scheune zum Einzug der Steuern (grange aux d\u00eemes) zu bauen. Im Ort gibt es enorm viele Mauern und Geb\u00e4ude, die mit Steinen aus fr\u00fcheren Epochen offenbar neu errichtet worden sind (vgl. etwa das Schuppengeb\u00e4ude links im obigen Bild. Es ist daher vor Ort nicht auszumachen gewesen, an welcher Stelle die Grange des Templi\u00e9rs einstmals gestanden haben mag.<\/p>\n<p style=\"text-align: left;\">Zuf\u00e4llig viel mein Blick beim Herumfahren im Ort auf folgendes Geb\u00e4ude:<\/p>\n<p style=\"text-align: left;\"><a href=\"http:\/\/menzendorff.de\/wp-content\/uploads\/2018\/01\/DSC_0293.jpg\"><img loading=\"lazy\" class=\"alignright size-large wp-image-1499\" src=\"http:\/\/menzendorff.de\/wp-content\/uploads\/2018\/01\/DSC_0293-683x1024.jpg\" alt=\"DSC_0293\" width=\"625\" height=\"937\" srcset=\"http:\/\/menzendorff.de\/wp-content\/uploads\/2018\/01\/DSC_0293.jpg 683w, http:\/\/menzendorff.de\/wp-content\/uploads\/2018\/01\/DSC_0293-200x300.jpg 200w, http:\/\/menzendorff.de\/wp-content\/uploads\/2018\/01\/DSC_0293-624x936.jpg 624w\" sizes=\"(max-width: 625px) 100vw, 625px\" \/><\/a><\/p>\n<p style=\"text-align: center;\">38, Grand Rue, 89160 Ancy-le-Franc<\/p>\n<p style=\"text-align: left;\">Das gro\u00dfe Tor scheint zum Einfahren von Fuhrwerken gebraucht worden zu sein. Auch scheint die H\u00f6he des Geb\u00e4udes f\u00fcr eine Zehntscheune zu sprechen (Eine Bildauswahl f\u00fcr granges d\u00eemi\u00e8res finden Sie <a href=\"https:\/\/www.google.de\/search?q=grange+aux+dimes&amp;client=firefox-b&amp;dcr=0&amp;source=lnms&amp;tbm=isch&amp;sa=X&amp;ved=0ahUKEwjejaC73p3ZAhViI8AKHU_0BWMQ_AUICygC&amp;biw=1760&amp;bih=886#imgrc=ERmGmyOru8oO4M:\" target=\"_blank\" rel=\"noopener\">hier<\/a>). Ein Hinweisschild gab es jedoch nicht. Ich war hier im D\u00e9partement Yonne vorerst fertig. F\u00fcr die zweite \u00dcbernachtung hatte ich mir ein Hotel in Dijon gebucht. Bevor ich jedoch ans Abendessen auch nur denken durfte, lagen jedoch noch weitere 100 Km Weg vor mir, zur\u00fcck ins D\u00e9partement C\u00f4te-d&#8217;Or.<\/p>\n<p style=\"text-align: left;\"><span style=\"font-size: xx-large;\">8. Commanderie de Fontenotte, 21120 Til-Ch\u00e2tel, C\u00f4te-d&#8217;Or<br \/>\n<\/span><\/p>\n<p style=\"text-align: left;\">Die ferme de Fontenotte liegt etwa 3 Km s\u00fcd\u00f6stlich von Til-Ch\u00e2tel. Man erreicht sie, indem man die D974 von Til-Ch\u00e2tel nach Dijon bef\u00e4hrt und auf folgendes Schild achtet:<\/p>\n<p style=\"text-align: left;\"><a href=\"http:\/\/menzendorff.de\/wp-content\/uploads\/2018\/01\/DSC_0309.jpg\"><img loading=\"lazy\" class=\"alignright size-large wp-image-1512\" src=\"http:\/\/menzendorff.de\/wp-content\/uploads\/2018\/01\/DSC_0309-1024x683.jpg\" alt=\"DSC_0309\" width=\"625\" height=\"417\" srcset=\"http:\/\/menzendorff.de\/wp-content\/uploads\/2018\/01\/DSC_0309.jpg 1024w, http:\/\/menzendorff.de\/wp-content\/uploads\/2018\/01\/DSC_0309-300x200.jpg 300w, http:\/\/menzendorff.de\/wp-content\/uploads\/2018\/01\/DSC_0309-768x512.jpg 768w, http:\/\/menzendorff.de\/wp-content\/uploads\/2018\/01\/DSC_0309-624x416.jpg 624w\" sizes=\"(max-width: 625px) 100vw, 625px\" \/><\/a><\/p>\n<p style=\"text-align: left;\">Man verl\u00e4\u00dft die D974 auf einem rechtwinklig nach links abbiegenden Schotterweg, auf dem man ca. einen Kilometer bis zu einem Waldst\u00fcck entlang f\u00e4hrt. Ich traf hier um ca. 16:15 Uhr ein. Das Wetter hatte sich im Laufe des Nachmitags noch verschlechtert.<\/p>\n<p style=\"text-align: left;\"><a href=\"http:\/\/menzendorff.de\/wp-content\/uploads\/2018\/01\/DSC_0308.jpg\"><img loading=\"lazy\" class=\"alignright size-large wp-image-1511\" src=\"http:\/\/menzendorff.de\/wp-content\/uploads\/2018\/01\/DSC_0308-1024x683.jpg\" alt=\"DSC_0308\" width=\"625\" height=\"417\" srcset=\"http:\/\/menzendorff.de\/wp-content\/uploads\/2018\/01\/DSC_0308.jpg 1024w, http:\/\/menzendorff.de\/wp-content\/uploads\/2018\/01\/DSC_0308-300x200.jpg 300w, http:\/\/menzendorff.de\/wp-content\/uploads\/2018\/01\/DSC_0308-768x512.jpg 768w, http:\/\/menzendorff.de\/wp-content\/uploads\/2018\/01\/DSC_0308-624x416.jpg 624w\" sizes=\"(max-width: 625px) 100vw, 625px\" \/><\/a><\/p>\n<p style=\"text-align: left;\">Man n\u00e4hert sich dem ehemaligen Commanderie-Gel\u00e4nde von Nordwesten. Im Wald knickt der Schotterweg nach links ab und f\u00fchrt auf das Haupttor, das mit Kameras bewacht wird.<\/p>\n<p style=\"text-align: left;\"><a href=\"http:\/\/menzendorff.de\/wp-content\/uploads\/2018\/01\/Screenshot-2018-02-11-13.29.04.jpg\"><img loading=\"lazy\" class=\"alignright size-large wp-image-1513\" src=\"http:\/\/menzendorff.de\/wp-content\/uploads\/2018\/01\/Screenshot-2018-02-11-13.29.04-1024x637.jpg\" alt=\"Screenshot 2018-02-11 13.29.04\" width=\"625\" height=\"389\" srcset=\"http:\/\/menzendorff.de\/wp-content\/uploads\/2018\/01\/Screenshot-2018-02-11-13.29.04.jpg 1024w, http:\/\/menzendorff.de\/wp-content\/uploads\/2018\/01\/Screenshot-2018-02-11-13.29.04-300x187.jpg 300w, http:\/\/menzendorff.de\/wp-content\/uploads\/2018\/01\/Screenshot-2018-02-11-13.29.04-768x478.jpg 768w, http:\/\/menzendorff.de\/wp-content\/uploads\/2018\/01\/Screenshot-2018-02-11-13.29.04-624x388.jpg 624w\" sizes=\"(max-width: 625px) 100vw, 625px\" \/><\/a><\/p>\n<p style=\"text-align: center;\">Ferme de <strong>Fontenotte<\/strong>, (copyright: google maps)<\/p>\n<p style=\"text-align: left;\">Vor dem Haupttor biegt der Weg wieder nach rechts ab und man steht vor der mit \u00fcbermannshohen Mauern gesch\u00fctzten<\/p>\n<p style=\"text-align: left;\"><a href=\"http:\/\/menzendorff.de\/wp-content\/uploads\/2018\/01\/DSC_0306.jpg\"><img loading=\"lazy\" class=\"alignright size-large wp-image-1509\" src=\"http:\/\/menzendorff.de\/wp-content\/uploads\/2018\/01\/DSC_0306-1024x683.jpg\" alt=\"DSC_0306\" width=\"625\" height=\"417\" srcset=\"http:\/\/menzendorff.de\/wp-content\/uploads\/2018\/01\/DSC_0306.jpg 1024w, http:\/\/menzendorff.de\/wp-content\/uploads\/2018\/01\/DSC_0306-300x200.jpg 300w, http:\/\/menzendorff.de\/wp-content\/uploads\/2018\/01\/DSC_0306-768x512.jpg 768w, http:\/\/menzendorff.de\/wp-content\/uploads\/2018\/01\/DSC_0306-624x416.jpg 624w\" sizes=\"(max-width: 625px) 100vw, 625px\" \/><\/a><\/p>\n<p style=\"text-align: center;\">S\u00fcdflanke der Ferme de Fontenotte<\/p>\n<p style=\"text-align: left;\"><a href=\"http:\/\/menzendorff.de\/wp-content\/uploads\/2018\/01\/DSC_0305.jpg\"><img loading=\"lazy\" class=\"alignright size-large wp-image-1508\" src=\"http:\/\/menzendorff.de\/wp-content\/uploads\/2018\/01\/DSC_0305-1024x683.jpg\" alt=\"DSC_0305\" width=\"625\" height=\"417\" srcset=\"http:\/\/menzendorff.de\/wp-content\/uploads\/2018\/01\/DSC_0305.jpg 1024w, http:\/\/menzendorff.de\/wp-content\/uploads\/2018\/01\/DSC_0305-300x200.jpg 300w, http:\/\/menzendorff.de\/wp-content\/uploads\/2018\/01\/DSC_0305-768x512.jpg 768w, http:\/\/menzendorff.de\/wp-content\/uploads\/2018\/01\/DSC_0305-624x416.jpg 624w\" sizes=\"(max-width: 625px) 100vw, 625px\" \/><\/a><\/p>\n<p style=\"text-align: center;\">Wieder nach links abgebogen steht man vor der Ostflanke.<\/p>\n<p style=\"text-align: left;\">Der Turm geh\u00f6rt zum Treppenhaus des Herrenhauses (Le logis), wie ich sp\u00e4ter bei Miguet, S. V.\u00a0 nachschlagen konnte. Hier biegt der Weg wieder nach rechts ab.<\/p>\n<p style=\"text-align: left;\"><a href=\"http:\/\/menzendorff.de\/wp-content\/uploads\/2018\/01\/DSC_0297.jpg\"><img loading=\"lazy\" class=\"alignright size-large wp-image-1504\" src=\"http:\/\/menzendorff.de\/wp-content\/uploads\/2018\/01\/DSC_0297-1024x683.jpg\" alt=\"DSC_0297\" width=\"625\" height=\"417\" srcset=\"http:\/\/menzendorff.de\/wp-content\/uploads\/2018\/01\/DSC_0297.jpg 1024w, http:\/\/menzendorff.de\/wp-content\/uploads\/2018\/01\/DSC_0297-300x200.jpg 300w, http:\/\/menzendorff.de\/wp-content\/uploads\/2018\/01\/DSC_0297-768x512.jpg 768w, http:\/\/menzendorff.de\/wp-content\/uploads\/2018\/01\/DSC_0297-624x416.jpg 624w\" sizes=\"(max-width: 625px) 100vw, 625px\" \/><\/a><\/p>\n<p style=\"text-align: center;\">Blick von Osten<\/p>\n<p style=\"text-align: center;\"><a href=\"http:\/\/menzendorff.de\/wp-content\/uploads\/2018\/01\/DSC_0303.jpg\"><img loading=\"lazy\" class=\"alignright size-large wp-image-1507\" src=\"http:\/\/menzendorff.de\/wp-content\/uploads\/2018\/01\/DSC_0303-1024x683.jpg\" alt=\"DSC_0303\" width=\"625\" height=\"417\" srcset=\"http:\/\/menzendorff.de\/wp-content\/uploads\/2018\/01\/DSC_0303.jpg 1024w, http:\/\/menzendorff.de\/wp-content\/uploads\/2018\/01\/DSC_0303-300x200.jpg 300w, http:\/\/menzendorff.de\/wp-content\/uploads\/2018\/01\/DSC_0303-768x512.jpg 768w, http:\/\/menzendorff.de\/wp-content\/uploads\/2018\/01\/DSC_0303-624x416.jpg 624w\" sizes=\"(max-width: 625px) 100vw, 625px\" \/><\/a><\/p>\n<p style=\"text-align: center;\">Osttor, Nahaufnahme.<\/p>\n<p style=\"text-align: left;\">Nach Miguet kann man hier auch eine mittelalterliche Scheune bestaunen, aber hierzu h\u00e4tte ich mir Einlass verschaffen m\u00fcssen. Es war aber niemand da, den ich darum h\u00e4tte bitten k\u00f6nnen.<\/p>\n<p style=\"text-align: left;\">Eine Kapelle gibt es auf diesem Gel\u00e4nde nicht mehr. Ich hatte schon vor einigen Jahren bei Julien Frizot, Sur le pas des Templiers en terre de France, S.102f, gelesen, dass die 15 m auf 6 m gro\u00dfe Kapelle dort im Jahr 1960 Stein-f\u00fcr-Stein abgebrochen und anschliessend etwas au\u00dferhalb von Dijon, der Hauptstadt des Burgund, ebenso wieder aufgebaut wurde. Diese Location war also mein n\u00e4chstes Ziel.<\/p>\n<p style=\"text-align: left;\"><span style=\"font-size: xx-large;\">9. La chapelle de La Bergerie, 21000 Dijon<br \/>\n<\/span><\/p>\n<p style=\"text-align: left;\">Ich erreichte nach ca. einer halben Stunde, gegen 17:00 die Hauptstadt des Burgund, die etwa 30 Km s\u00fcdwestlich von Fontenotte liegt. Man verl\u00e4\u00dft Dijon auf der Route de Corcelles (D108G) in s\u00fcdwestliche Richtung und\u00a0 erreicht nach wenigen hundert Metern den Parc de la Combe Saint-Joseph und ein Hinweisschild La Bergerie, welches nach links weist.<\/p>\n<p style=\"text-align: left;\"><a href=\"http:\/\/menzendorff.de\/wp-content\/uploads\/2017\/02\/Screenshot-2018-02-11-14.43.19.png\"><img loading=\"lazy\" class=\"alignright size-large wp-image-1519\" src=\"http:\/\/menzendorff.de\/wp-content\/uploads\/2017\/02\/Screenshot-2018-02-11-14.43.19-1024x713.png\" alt=\"Screenshot 2018-02-11 14.43.19\" width=\"625\" height=\"435\" srcset=\"http:\/\/menzendorff.de\/wp-content\/uploads\/2017\/02\/Screenshot-2018-02-11-14.43.19-1024x713.png 1024w, http:\/\/menzendorff.de\/wp-content\/uploads\/2017\/02\/Screenshot-2018-02-11-14.43.19-300x209.png 300w, http:\/\/menzendorff.de\/wp-content\/uploads\/2017\/02\/Screenshot-2018-02-11-14.43.19-768x535.png 768w, http:\/\/menzendorff.de\/wp-content\/uploads\/2017\/02\/Screenshot-2018-02-11-14.43.19-624x435.png 624w, http:\/\/menzendorff.de\/wp-content\/uploads\/2017\/02\/Screenshot-2018-02-11-14.43.19.png 1169w\" sizes=\"(max-width: 625px) 100vw, 625px\" \/><\/a><\/p>\n<p style=\"text-align: center;\">(Copyright: google maps)<\/p>\n<p style=\"text-align: left;\">Die Kapelle wurde beim Neuaufbau 1962 nicht nach Osten ausgerichtet. Der Chor zeigt nach Norden.<\/p>\n<p style=\"text-align: center;\"><a href=\"http:\/\/menzendorff.de\/wp-content\/uploads\/2017\/02\/DSC_0310.jpg\"><img loading=\"lazy\" class=\"alignright size-large wp-image-1520\" src=\"http:\/\/menzendorff.de\/wp-content\/uploads\/2017\/02\/DSC_0310-1024x683.jpg\" alt=\"DSC_0310\" width=\"625\" height=\"417\" srcset=\"http:\/\/menzendorff.de\/wp-content\/uploads\/2017\/02\/DSC_0310.jpg 1024w, http:\/\/menzendorff.de\/wp-content\/uploads\/2017\/02\/DSC_0310-300x200.jpg 300w, http:\/\/menzendorff.de\/wp-content\/uploads\/2017\/02\/DSC_0310-768x512.jpg 768w, http:\/\/menzendorff.de\/wp-content\/uploads\/2017\/02\/DSC_0310-624x416.jpg 624w\" sizes=\"(max-width: 625px) 100vw, 625px\" \/><\/a><\/p>\n<p style=\"text-align: center;\">Chapelle <strong>Fontenotte,<\/strong> La Bergerie, 21000 Dijon<\/p>\n<p style=\"text-align: center;\"><a href=\"http:\/\/menzendorff.de\/wp-content\/uploads\/2017\/02\/DSC_0312.jpg\"><img loading=\"lazy\" class=\"alignright size-large wp-image-1521\" src=\"http:\/\/menzendorff.de\/wp-content\/uploads\/2017\/02\/DSC_0312-1024x683.jpg\" alt=\"DSC_0312\" width=\"625\" height=\"417\" srcset=\"http:\/\/menzendorff.de\/wp-content\/uploads\/2017\/02\/DSC_0312.jpg 1024w, http:\/\/menzendorff.de\/wp-content\/uploads\/2017\/02\/DSC_0312-300x200.jpg 300w, http:\/\/menzendorff.de\/wp-content\/uploads\/2017\/02\/DSC_0312-768x512.jpg 768w, http:\/\/menzendorff.de\/wp-content\/uploads\/2017\/02\/DSC_0312-624x416.jpg 624w\" sizes=\"(max-width: 625px) 100vw, 625px\" \/><\/a><\/p>\n<p style=\"text-align: center;\">chevet plat, 3 Fenster<\/p>\n<p style=\"text-align: center;\"><a href=\"http:\/\/menzendorff.de\/wp-content\/uploads\/2017\/02\/DSC_0314.jpg\"><img loading=\"lazy\" class=\"alignright size-large wp-image-1522\" src=\"http:\/\/menzendorff.de\/wp-content\/uploads\/2017\/02\/DSC_0314-1024x683.jpg\" alt=\"DSC_0314\" width=\"625\" height=\"417\" srcset=\"http:\/\/menzendorff.de\/wp-content\/uploads\/2017\/02\/DSC_0314.jpg 1024w, http:\/\/menzendorff.de\/wp-content\/uploads\/2017\/02\/DSC_0314-300x200.jpg 300w, http:\/\/menzendorff.de\/wp-content\/uploads\/2017\/02\/DSC_0314-768x512.jpg 768w, http:\/\/menzendorff.de\/wp-content\/uploads\/2017\/02\/DSC_0314-624x416.jpg 624w\" sizes=\"(max-width: 625px) 100vw, 625px\" \/><\/a><\/p>\n<p style=\"text-align: center;\">niedriger Seiteneingang mit Templerkreuz<\/p>\n<p style=\"text-align: center;\"><a href=\"http:\/\/menzendorff.de\/wp-content\/uploads\/2017\/02\/DSC_0315.jpg\"><img loading=\"lazy\" class=\"alignright size-large wp-image-1523\" src=\"http:\/\/menzendorff.de\/wp-content\/uploads\/2017\/02\/DSC_0315-1024x683.jpg\" alt=\"DSC_0315\" width=\"625\" height=\"417\" srcset=\"http:\/\/menzendorff.de\/wp-content\/uploads\/2017\/02\/DSC_0315.jpg 1024w, http:\/\/menzendorff.de\/wp-content\/uploads\/2017\/02\/DSC_0315-300x200.jpg 300w, http:\/\/menzendorff.de\/wp-content\/uploads\/2017\/02\/DSC_0315-768x512.jpg 768w, http:\/\/menzendorff.de\/wp-content\/uploads\/2017\/02\/DSC_0315-624x416.jpg 624w\" sizes=\"(max-width: 625px) 100vw, 625px\" \/><\/a><\/p>\n<p style=\"text-align: center;\">Hinweisschild von 1962<\/p>\n<p style=\"text-align: left;\"><a href=\"http:\/\/menzendorff.de\/wp-content\/uploads\/2017\/02\/DSC_0320.jpg\"><img loading=\"lazy\" class=\"alignright size-large wp-image-1524\" src=\"http:\/\/menzendorff.de\/wp-content\/uploads\/2017\/02\/DSC_0320-1024x683.jpg\" alt=\"DSC_0320\" width=\"625\" height=\"417\" srcset=\"http:\/\/menzendorff.de\/wp-content\/uploads\/2017\/02\/DSC_0320.jpg 1024w, http:\/\/menzendorff.de\/wp-content\/uploads\/2017\/02\/DSC_0320-300x200.jpg 300w, http:\/\/menzendorff.de\/wp-content\/uploads\/2017\/02\/DSC_0320-768x512.jpg 768w, http:\/\/menzendorff.de\/wp-content\/uploads\/2017\/02\/DSC_0320-624x416.jpg 624w\" sizes=\"(max-width: 625px) 100vw, 625px\" \/><\/a><\/p>\n<p style=\"text-align: center;\">&#8222;Westfassade&#8220; von S\u00fcden, mit Haupteingang<\/p>\n<p style=\"text-align: left;\">Jetzt durfte ich mich langsam auf mein Abendessen freuen. Mein Nachtquartier war im <a href=\"http:\/\/www.hoteldesducs.com\/de-de\" target=\"_blank\" rel=\"noopener\">H\u00f4tel des Ducs<\/a> gebucht. Ich mu\u00dfte nur noch dort einchecken und das Auto unterstellen. Das Hotel ist nur ein paar Schritte von der Place de la Lib\u00e9ration entfernt. Dort suchte ich mir ein Restaurant gegen\u00fcber dem Palast der Herz\u00f6ge von Burgund. Es schmeckte entsprechend f\u00fcrstlich und die Anstrengungen des Tages gerieten so schnell in Vergessenheit.<\/p>\n<p style=\"text-align: left;\"><span style=\"font-size: xx-large;\">10. Chapelle Saint-Jacques, 21200 Beaune<\/span><\/p>\n<p style=\"text-align: left;\">Offenbar war auch das Fr\u00fchst\u00fcck in meinem Hotel f\u00fcrstlich, denn ich erreichte meine erstes Etappenziel f\u00fcr diesen dritten Tag meiner Reise erst gegen 11:00. Beaune liegt ca. 45 Km s\u00fcdwestlich von Dijon. Das Wetter hatte sich zusehends gebessert, es gab ein wenig Sonnenschein und der Dauerregen hatte aufgeh\u00f6rt.<\/p>\n<p style=\"text-align: left;\">Bei Beaune liegt ein wichtiger Verkehrsknotenpunkt Frankreichs. Hier trifft die A 36 &#8222;La Comtoise&#8220; von Basel und Mulhouse auf die A 6 &#8222;Autoroute du Soleil&#8220; von Paris nach Lyon. Wie ich noch zeigen werde, spielte dieser Verkehrsknotenpunkt auch im Mittelalter eine wohl \u00fcberragende Rolle. Jedenfalls beginnt in Beaune eine regelrechte &#8222;Templerstrasse&#8220; in Richtung S\u00fcden. Die Templerh\u00e4user dr\u00e4ngen sich hier nun dicht an dicht aneinander. In dem Bereich der 50 Km zwischen Chalon-sur-Sa\u00f4ne und M\u00e2con, in dem die Fernstrasse fast direkt an der Sa\u00f4ne entlangf\u00fchrt, existierten &#8211;\u00a0 sage und schreibe &#8211; 9 Templerorte in einem Abstand von jeweils ca. 5 Km in einer Reihe.<\/p>\n<p style=\"text-align: left;\"><a href=\"http:\/\/menzendorff.de\/wp-content\/uploads\/2017\/02\/BeauneMontbellet-map.jpg\"><img loading=\"lazy\" class=\"alignright size-full wp-image-1531\" src=\"http:\/\/menzendorff.de\/wp-content\/uploads\/2017\/02\/BeauneMontbellet-map.jpg\" alt=\"BeauneMontbellet map\" width=\"881\" height=\"768\" srcset=\"http:\/\/menzendorff.de\/wp-content\/uploads\/2017\/02\/BeauneMontbellet-map.jpg 881w, http:\/\/menzendorff.de\/wp-content\/uploads\/2017\/02\/BeauneMontbellet-map-300x262.jpg 300w, http:\/\/menzendorff.de\/wp-content\/uploads\/2017\/02\/BeauneMontbellet-map-768x669.jpg 768w, http:\/\/menzendorff.de\/wp-content\/uploads\/2017\/02\/BeauneMontbellet-map-624x544.jpg 624w\" sizes=\"(max-width: 881px) 100vw, 881px\" \/><\/a><\/p>\n<p style=\"text-align: left;\">(Mit ausdr\u00fccklicher schriftlicher Genehmigung von Jean-Luc Aubarbier, La France des Templi\u00e8rs)<\/p>\n<p style=\"text-align: left;\">Die Sa\u00f4ne ist hier schon lange zu einem breiten Strom angewachsen. Es d\u00fcrfte spannend werden, zu untersuchen, ob die Templer eventuell auch Hafenanlagen unterhielten, so wie in Mainz (vgl. Mainzer Templertor).<\/p>\n<p style=\"text-align: left;\">Um die ehemalige Commanderie zu erreichen, wendet man sich in Beaune nach S\u00fcden in den Stadtteil (Faubourg) Saint-Jacques, begibt sich in die nach dem letzten Grossmeister des Tempelordens benannte Rue Jacques de Molay und f\u00e4hrt diese nach S\u00fcdwesten bis zur Rue du Faubourg Saint-Jacques. Am dortigen Kreisel nimmt man die dritte Ausfahrt nach S\u00fcdosten und sucht sich sofort einen Parkplatz, denn gleich hier f\u00fchrt ein Schotterweg von der Rue du Faubourg Saint-Jacques (Hausnummer 25) zur Templerkapelle.<\/p>\n<p style=\"text-align: left;\"><a href=\"http:\/\/menzendorff.de\/wp-content\/uploads\/2017\/02\/DSC_0331.jpg\"><img loading=\"lazy\" class=\"alignright size-large wp-image-1535\" src=\"http:\/\/menzendorff.de\/wp-content\/uploads\/2017\/02\/DSC_0331-1024x683.jpg\" alt=\"DSC_0331\" width=\"625\" height=\"417\" srcset=\"http:\/\/menzendorff.de\/wp-content\/uploads\/2017\/02\/DSC_0331.jpg 1024w, http:\/\/menzendorff.de\/wp-content\/uploads\/2017\/02\/DSC_0331-300x200.jpg 300w, http:\/\/menzendorff.de\/wp-content\/uploads\/2017\/02\/DSC_0331-768x512.jpg 768w, http:\/\/menzendorff.de\/wp-content\/uploads\/2017\/02\/DSC_0331-624x416.jpg 624w\" sizes=\"(max-width: 625px) 100vw, 625px\" \/><\/a><\/p>\n<p style=\"text-align: center;\">Hinweistafel am Geb\u00e4ude<\/p>\n<p style=\"text-align: left;\">Vier Orte in Frankreich tragen den Namen Molay, aber zwei lassen sich leicht aussondern, weil sie im Calvados und im Yonne liegen. Denn man wei\u00df sicher, dass Molay weder in der Normandie noch im franz\u00f6sichen <strong>Herzogtum<\/strong> <strong>Burgund<\/strong> zur Welt kam, sondern velmehr in der damals noch zum deutschen Kaiserreich geh\u00f6renden <strong>Freigrafschaft<\/strong> <strong>Burgund<\/strong> (Franche-Comt\u00e9). Demurger hat sich die M\u00fche gemacht, das F\u00fcr und Wieder f\u00fcr die beiden, weiter noch in Frage kommenden Ortschaften abzuw\u00e4gen und neigt &#8211; wie ich finde, mit guten Gr\u00fcnden &#8211; dazu,\u00a0 die Ortschaft 70120 Molay im Kanton Vitry (Dept. Haute-Sa\u00f4ne) als Geburtsort vorzuziehen (Demurger, Der Letzte Templer, S. 22f.). Einvernehmen besteht, dass de Molay im Jahre 1265 durch den General-Visitator von Frankreich in den Orden der Templer aufgenommen wurde, und zwar in dieser Kapelle in Beaune (Demurger, S. 48).<\/p>\n<p style=\"text-align: left;\"><a href=\"http:\/\/menzendorff.de\/wp-content\/uploads\/2017\/02\/DSC_0333.jpg\"><img loading=\"lazy\" class=\"alignright size-large wp-image-1536\" src=\"http:\/\/menzendorff.de\/wp-content\/uploads\/2017\/02\/DSC_0333-1024x683.jpg\" alt=\"DSC_0333\" width=\"625\" height=\"417\" srcset=\"http:\/\/menzendorff.de\/wp-content\/uploads\/2017\/02\/DSC_0333.jpg 1024w, http:\/\/menzendorff.de\/wp-content\/uploads\/2017\/02\/DSC_0333-300x200.jpg 300w, http:\/\/menzendorff.de\/wp-content\/uploads\/2017\/02\/DSC_0333-768x512.jpg 768w, http:\/\/menzendorff.de\/wp-content\/uploads\/2017\/02\/DSC_0333-624x416.jpg 624w\" sizes=\"(max-width: 625px) 100vw, 625px\" \/><\/a><\/p>\n<p style=\"text-align: center;\">Chapelle des Templi\u00e8rs, <strong>21200 Beaune, <\/strong>Westfassade<\/p>\n<p style=\"text-align: left;\">Die Kapelle ist heute sehr schwer fotografisch einzufangen. Auf dem Nachbargrundst\u00fcck ist vor nicht allzulanger Zeit ein Gewerbebetrieb errichtet worden. Von dessen Parkplatz hat man zwar noch immer eine gute Sicht, aber ein Zaun st\u00f6rt auf den Fotos. Wenn man sich vor den Zaun stellt, reicht der Platz nicht f\u00fcr einen g\u00fcnstigen Winkel.<\/p>\n<p style=\"text-align: left;\"><a href=\"http:\/\/menzendorff.de\/wp-content\/uploads\/2017\/02\/DSC_0340.jpg\"><img loading=\"lazy\" class=\"alignright size-large wp-image-1538\" src=\"http:\/\/menzendorff.de\/wp-content\/uploads\/2017\/02\/DSC_0340-1024x683.jpg\" alt=\"DSC_0340\" width=\"625\" height=\"417\" srcset=\"http:\/\/menzendorff.de\/wp-content\/uploads\/2017\/02\/DSC_0340.jpg 1024w, http:\/\/menzendorff.de\/wp-content\/uploads\/2017\/02\/DSC_0340-300x200.jpg 300w, http:\/\/menzendorff.de\/wp-content\/uploads\/2017\/02\/DSC_0340-768x512.jpg 768w, http:\/\/menzendorff.de\/wp-content\/uploads\/2017\/02\/DSC_0340-624x416.jpg 624w\" sizes=\"(max-width: 625px) 100vw, 625px\" \/><\/a><\/p>\n<p style=\"text-align: center;\">Blick auf die Nordflanke mit Hauptportal<\/p>\n<p style=\"text-align: left;\">Wie man auf diesem Bild gut erkennen kann, wird die Kapelle an beiden Enden von neueren schuppen\u00e4hnlichen Geb\u00e4uden flankiert. Die Kapelle ist aus der Ost-West-Achse etwas herausgedreht und zeigt eher nach Osts\u00fcdost.<\/p>\n<p style=\"text-align: left;\"><a href=\"http:\/\/menzendorff.de\/wp-content\/uploads\/2017\/02\/DSC_0338.jpg\"><img loading=\"lazy\" class=\"alignright size-large wp-image-1537\" src=\"http:\/\/menzendorff.de\/wp-content\/uploads\/2017\/02\/DSC_0338-1024x683.jpg\" alt=\"DSC_0338\" width=\"625\" height=\"417\" srcset=\"http:\/\/menzendorff.de\/wp-content\/uploads\/2017\/02\/DSC_0338.jpg 1024w, http:\/\/menzendorff.de\/wp-content\/uploads\/2017\/02\/DSC_0338-300x200.jpg 300w, http:\/\/menzendorff.de\/wp-content\/uploads\/2017\/02\/DSC_0338-768x512.jpg 768w, http:\/\/menzendorff.de\/wp-content\/uploads\/2017\/02\/DSC_0338-624x416.jpg 624w\" sizes=\"(max-width: 625px) 100vw, 625px\" \/><\/a><\/p>\n<p style=\"text-align: center;\">Blick von Nordost auf das Hauptportal<\/p>\n<p style=\"text-align: left;\">Das Hauptportal war einst aufwendig verziert. Der Portalvorbau wurde jedoch entweder 1919 (Aubarbier, S. 79) oder 1923 (Miguet, S. 38) demontiert und an eine Neo-Templergesellschaft in Boston verkauft (Aubarbier aaO). Miguet hat ausfindig gemacht, dass der Portalvorbau heute im Cloister Museum von New York ausgestellt wird. Dort wurde ich auch f\u00fcndig:<\/p>\n<p style=\"text-align: center;\"><a href=\"https:\/\/www.metmuseum.org\/art\/collection\/search\/471178\" target=\"_blank\" rel=\"noopener\"><img loading=\"lazy\" class=\"size-full wp-image-1544 aligncenter\" src=\"http:\/\/menzendorff.de\/wp-content\/uploads\/2017\/02\/Screenshot-2018-02-13-17.39.58.png\" alt=\"Screenshot 2018-02-13 17.39.58\" width=\"492\" height=\"622\" srcset=\"http:\/\/menzendorff.de\/wp-content\/uploads\/2017\/02\/Screenshot-2018-02-13-17.39.58.png 492w, http:\/\/menzendorff.de\/wp-content\/uploads\/2017\/02\/Screenshot-2018-02-13-17.39.58-237x300.png 237w\" sizes=\"(max-width: 492px) 100vw, 492px\" \/>Public domain, Copyright Metropolitan Museum of Arts<\/a><\/p>\n<p style=\"text-align: left;\"><a href=\"http:\/\/menzendorff.de\/wp-content\/uploads\/2017\/02\/DSC_0341.jpg\"><img loading=\"lazy\" class=\"alignright size-large wp-image-1539\" src=\"http:\/\/menzendorff.de\/wp-content\/uploads\/2017\/02\/DSC_0341-1024x683.jpg\" alt=\"DSC_0341\" width=\"625\" height=\"417\" srcset=\"http:\/\/menzendorff.de\/wp-content\/uploads\/2017\/02\/DSC_0341.jpg 1024w, http:\/\/menzendorff.de\/wp-content\/uploads\/2017\/02\/DSC_0341-300x200.jpg 300w, http:\/\/menzendorff.de\/wp-content\/uploads\/2017\/02\/DSC_0341-768x512.jpg 768w, http:\/\/menzendorff.de\/wp-content\/uploads\/2017\/02\/DSC_0341-624x416.jpg 624w\" sizes=\"(max-width: 625px) 100vw, 625px\" \/><\/a><\/p>\n<p style=\"text-align: center;\">Detailansicht Nordseite<\/p>\n<p style=\"text-align: left;\"><a href=\"http:\/\/menzendorff.de\/wp-content\/uploads\/2017\/02\/DSC_0333.jpg\"><img loading=\"lazy\" class=\"alignright size-large wp-image-1536\" src=\"http:\/\/menzendorff.de\/wp-content\/uploads\/2017\/02\/DSC_0333-1024x683.jpg\" alt=\"DSC_0333\" width=\"625\" height=\"417\" srcset=\"http:\/\/menzendorff.de\/wp-content\/uploads\/2017\/02\/DSC_0333.jpg 1024w, http:\/\/menzendorff.de\/wp-content\/uploads\/2017\/02\/DSC_0333-300x200.jpg 300w, http:\/\/menzendorff.de\/wp-content\/uploads\/2017\/02\/DSC_0333-768x512.jpg 768w, http:\/\/menzendorff.de\/wp-content\/uploads\/2017\/02\/DSC_0333-624x416.jpg 624w\" sizes=\"(max-width: 625px) 100vw, 625px\" \/><\/a><\/p>\n<p style=\"text-align: center;\">westlicher Giebel mit Templerkreuz und Schuppenvorbau<\/p>\n<p style=\"text-align: left;\">Der letzte Gro\u00dfmeister der Templer Jacques de Molay endete auf dramatische Weise nach einem der gr\u00f6\u00dften Justizskandale des Mittelalters auf dem Scheiterhaufen. Es w\u00fcrde den Rahmen dieses Reiseberichts sprengen, sich den Hintergr\u00fcnden und Umst\u00e4nden der Prozesse hier n\u00e4her anzunehmen. Ich wage aber den Versuch, den Konflikt und die Akteure mit einigen S\u00e4tzen zu skizzieren:<\/p>\n<p style=\"text-align: left;\">K\u00f6nig Phillip IV von Frankreich, genannt &#8222;le Bel&#8220;, wollte den Orden aus verschiedenen Gr\u00fcnden vernichten. Sein Gegenspieler, Papst Clemenz V, war nicht stark genug, sich mit aller Macht seines Amtes gegen seinen \u00fcberehrgeizigen Widersacher zu stellen. Er h\u00e4tte ihn ohne weiteres exkommunizieren k\u00f6nnen aber er f\u00fcrchtete sich vor diesem Schritt, damit es ihm nicht erginge, wie dem fr\u00fcheren Papst Bonifatius VIII. Dieser wurde vom Berater K\u00f6nig Phillips, Guillaume de Nogaret, so hart attackiert, dass er schliesslich verstarb. Es war auch de Nogaret, der durch fragw\u00fcrdige Zeugen allerlei widerw\u00e4rtige Ger\u00fcchte \u00fcber ketzerisches Benehmen der Templer ins Spiel brachte. Letztlich f\u00fchrte das zu der bekannten Verhaftungswelle am Freitag, den 13.10.1307. Durch Folter erzielten die Beamten des K\u00f6nigs recht schnell &#8222;Beweise&#8220; f\u00fcr die Gottesl\u00e4sterungen des Ordens, die aber den Papst nicht \u00fcberzeugten. Der Templerorden unterlag der Gerichtsbarkeit des Papstes, aber der K\u00f6nig bestand darauf, die weltliche Gerichtsbarkeit \u00fcber die Einzelpersonen des Ordens auszu\u00fcben.<\/p>\n<p style=\"text-align: left;\">Wohl unter Folter und wohl auch wahrheitswidrig gab de Molay am 24.10.1307 zu, bei seiner Aufnahme in dieser Kapelle in Beaune auf Anweisung und widerwillig neben das Kreuz gespuckt zu haben. Von weiteren anst\u00f6ssigen Praktiken bei der Aufnahme wisse er nichts (Demurger, S. 248.)\u00a0 Am 27.12.1307 widerrief de Molay sein Gest\u00e4ndnis und beklagte sich vor einer p\u00e4pstlichen Kommission in N\u00f4tre-Dame \u00fcber Folter und schlechte Behandlung\u00a0 (aaO, s. 249f.). In der Folge verlangte er, nur noch mit dem Papst pers\u00f6nlich zu sprechen, was ihm aber nicht gew\u00e4hrt wurde. Also schwieg er ab jetzt.<\/p>\n<p style=\"text-align: left;\">Das juristische Tauziehen zwischen dem \u00e4ngstlichen Papst und dem ehrgeizigen K\u00f6nig k\u00fcrze ich hier ab. Man verst\u00e4ndigte sich immerhin darauf, dass der Proze\u00df gegen den Orden der p\u00e4pstlichen Gerichtsbarkeit understand, w\u00e4hren die Justizorgane des K\u00f6nigs \u00fcber die pers\u00f6nliche Schuld und Strafe der einzelnen Mitglieder des Ordens zu richten hatten. Der Proze\u00df gegen den Orden fand bereits im Jahre 1312 vor dem Konzil von Vienne sein Ende: Am 06. Mai 1312 verk\u00fcndete der Papst die Aufl\u00f6sung des Ordens, die Einziehung seiner G\u00fcter und die \u00dcbertragung derselben auf den Johanniterorden und zwar nicht, weil er den Orden f\u00fcr schuldig hielt, sondern weil sein Ansehen durch die jahrelangen Beschuldigungen und Prozesse schon zu sehr gelitten habe (Demurger, S. 266).<\/p>\n<p style=\"text-align: left;\">De Molay schwieg auch noch im M\u00e4rz 1314, als drei Kardin\u00e4le in Paris das Urteil \u00fcber ihn sprechen sollten. De Molay wu\u00dfte, dass ein Widerruf seines Gest\u00e4ndnisses vor Beamten des K\u00f6nigs als &#8222;R\u00fcckfall zur Ketzerei&#8220; angesehen und so seinen sicheren Tod bedeuten w\u00fcrde. Er hoffte offenbar auf ein mildes Urteil, weil er ja nur Lappalien gestanden hatte. Um so zorniger war er, als er nach dem Schauproze\u00df auf dem KIrchplatz vor N\u00f4tre-Dame am 18.03.2014\u00a0 sein Urteil h\u00f6rte, das auf lebenslange Haft lautete. Er widerrief daraufhin s\u00e4mtliche Gest\u00e4ndnisse. Der K\u00f6nig fackelte nicht lange. Noch am gleichen Tag lie\u00df Phillipp IV die beiden W\u00fcrdentr\u00e4ger de Molay und de Charney auf einer damals vorhandenen kleinen Insel vor der Spitze der \u00cele-de-la-Cit\u00e9 (heute: Square du Vert Galant) auf dem Scheiterhaufen verbrennen.<\/p>\n<p style=\"text-align: center;\"><a href=\"http:\/\/menzendorff.de\/wp-content\/uploads\/2017\/02\/Screenshot-2018-02-14-22.07.57.png\"><img loading=\"lazy\" class=\"aligncenter wp-image-1549 size-full\" src=\"http:\/\/menzendorff.de\/wp-content\/uploads\/2017\/02\/Screenshot-2018-02-14-22.07.57.png\" alt=\"Screenshot 2018-02-14 22.07.57\" width=\"339\" height=\"317\" srcset=\"http:\/\/menzendorff.de\/wp-content\/uploads\/2017\/02\/Screenshot-2018-02-14-22.07.57.png 339w, http:\/\/menzendorff.de\/wp-content\/uploads\/2017\/02\/Screenshot-2018-02-14-22.07.57-300x281.png 300w\" sizes=\"(max-width: 339px) 100vw, 339px\" \/><\/a>frz. Miniatur, 15 Jh. Copyright Wikipedia commons<\/p>\n<p style=\"text-align: left;\"><a href=\"http:\/\/menzendorff.de\/wp-content\/uploads\/2017\/02\/Screenshot-2018-02-14-22.08.21.png\"><img loading=\"lazy\" class=\"alignright size-large wp-image-1550\" src=\"http:\/\/menzendorff.de\/wp-content\/uploads\/2017\/02\/Screenshot-2018-02-14-22.08.21-1024x595.png\" alt=\"Screenshot 2018-02-14 22.08.21\" width=\"625\" height=\"363\" srcset=\"http:\/\/menzendorff.de\/wp-content\/uploads\/2017\/02\/Screenshot-2018-02-14-22.08.21-1024x595.png 1024w, http:\/\/menzendorff.de\/wp-content\/uploads\/2017\/02\/Screenshot-2018-02-14-22.08.21-300x174.png 300w, http:\/\/menzendorff.de\/wp-content\/uploads\/2017\/02\/Screenshot-2018-02-14-22.08.21-768x446.png 768w, http:\/\/menzendorff.de\/wp-content\/uploads\/2017\/02\/Screenshot-2018-02-14-22.08.21-624x363.png 624w, http:\/\/menzendorff.de\/wp-content\/uploads\/2017\/02\/Screenshot-2018-02-14-22.08.21.png 1074w\" sizes=\"(max-width: 625px) 100vw, 625px\" \/><\/a><\/p>\n<p style=\"text-align: center;\">Hinweistafel auf dem Square du Vert Galant, copyright Wikipedia commons<\/p>\n<p style=\"text-align: left;\">Beide Darstellungen unterliegen den Regeln des\u00a0 <a class=\"extiw\" title=\"w:en:Creative Commons\" href=\"https:\/\/en.wikipedia.org\/wiki\/en:Creative_Commons\">Creative Commons<\/a> <a class=\"external text\" href=\"https:\/\/creativecommons.org\/licenses\/by-sa\/4.0\/deed.en\" rel=\"nofollow\">Attribution-Share Alike 4.0 International<\/a> und stammen aus dem <a href=\"https:\/\/de.wikipedia.org\/wiki\/Jacques_de_Molay\" target=\"_blank\" rel=\"noopener\">Wikipedia-Eintrag<\/a> \u00fcber Jacques de Molay.<\/p>\n<p style=\"text-align: left;\">K\u00f6nig Philipp hatte nicht lange Zeit, sich \u00fcber sein Werk zu freuen. Er starb am 29.11.1314 an einem Jagdunfall. Auch der Papst Clemenz \u00fcberlebte den letzten Grossmeister nur um etwas mehr als einen Monat: Er starb am 20.04.1314 in Roquemaure (bei Avignon), wie es hei\u00dft, nach langer und schwerer Krankheit (Barber, Die Templer, S. 278.) Einige Chronisten kamen wohl deshalb auf die Idee, de Molay habe seine Feinde auf dem Scheiterhaufen verflucht (aaO).<\/p>\n<p style=\"text-align: left;\"><span style=\"font-size: xx-large;\">11. Chapelle Sainte Catherine, 71260 Montbellet, Sa\u00f4ne-et-Loire<br \/>\n<\/span><\/p>\n<p style=\"text-align: left;\">Mein n\u00e4chstes Ziel war gleichzeitig das letzte auf dieser Reise. Ich mu\u00dfte ca. 70 km s\u00fcdlich fahren. Das Wetter wurde immer sonniger und ich erreichte nach einer wundersch\u00f6nen Fahrt am rechten Ufer der Sa\u00f4ne entlang Montbellet gegen 12:30. Ich hatte noch nie zuvor die Landstrasse am Sa\u00f4ne-Ufer benutzt und von der Autobahn A 6 nimmt man die Sch\u00f6nheit der Strecke nicht so deutlich war. Nach Westen erheben sich sanfte H\u00fcgel. Das Sa\u00f4ne-Tal bietet ideale Bedingungen f\u00fcr die Platzierung strategisch wichtiger Stationen. Die Fernstrasse war nicht nur zur Zeit der Templer wichtig. Miguet (S. 66) weist darauf hin, dass schon zur Zeiten der R\u00f6mer die Trasse der A6 f\u00fcr ihre Via Agrippa verwendet wurde und dass die Platzauswahl der Templer hier keineswegs zuf\u00e4llig getroffen wurde.<\/p>\n<p style=\"text-align: left;\"><a href=\"http:\/\/menzendorff.de\/wp-content\/uploads\/2017\/02\/Screenshot-2018-02-15-20.37.21.png\"><img loading=\"lazy\" class=\"alignright size-full wp-image-1554\" src=\"http:\/\/menzendorff.de\/wp-content\/uploads\/2017\/02\/Screenshot-2018-02-15-20.37.21.png\" alt=\"Screenshot 2018-02-15 20.37.21\" width=\"667\" height=\"615\" srcset=\"http:\/\/menzendorff.de\/wp-content\/uploads\/2017\/02\/Screenshot-2018-02-15-20.37.21.png 667w, http:\/\/menzendorff.de\/wp-content\/uploads\/2017\/02\/Screenshot-2018-02-15-20.37.21-300x277.png 300w, http:\/\/menzendorff.de\/wp-content\/uploads\/2017\/02\/Screenshot-2018-02-15-20.37.21-624x575.png 624w\" sizes=\"(max-width: 667px) 100vw, 667px\" \/><\/a><\/p>\n<p style=\"text-align: center;\">Copyright <a href=\"https:\/\/de.wikipedia.org\/wiki\/Via_Agrippa\" target=\"_blank\" rel=\"noopener\">Wikipedia<\/a><\/p>\n<p style=\"text-align: left;\">Man sieht, dass die oben angesprochene Templerstrasse s\u00fcdlich von Chalon-sur-Saone (= lat.\u00a0 Cavillonum) sich an der zuvor schon vorhandenen Trasse der R\u00f6merstrasse orientiert. Das ist bisher der klarste Beweis, den ich f\u00fcr die These gefunden habe, dass die Templer ihre Stationen regelm\u00e4ssig entlang bereits vorhandener Fernstrassenstrecken installiert haben. Das stand bei dieser Reise im Vordergrund und ich bin mit dem gefundenen Zwischenergebnis sehr zufrieden.<\/p>\n<p style=\"text-align: left;\">Montbellet ist recht klein und so hatte ich mich mal wieder nicht ausreichend vorbereitet in der Hoffnung, dass ich die Templerkapelle vor Ort ohne weiteres finden konnte. Ich mu\u00dfte aber bei der Mairie nachfragen und man druckte mir eine Karte f\u00fcr den Weg aus, denn die Commanderie liegt in einem \u00d6rtchen namens Mercey ausserhalb von Montbellet. Der Weg nahm nur ein paar Minuten in Anspruch. Und das Ziel erwies sich als atemberaubend.<\/p>\n<p style=\"text-align: left;\"><a href=\"http:\/\/menzendorff.de\/wp-content\/uploads\/2017\/02\/DSC_0347.jpg\"><img loading=\"lazy\" class=\"alignright size-large wp-image-1555\" src=\"http:\/\/menzendorff.de\/wp-content\/uploads\/2017\/02\/DSC_0347-1024x683.jpg\" alt=\"DSC_0347\" width=\"625\" height=\"417\" srcset=\"http:\/\/menzendorff.de\/wp-content\/uploads\/2017\/02\/DSC_0347.jpg 1024w, http:\/\/menzendorff.de\/wp-content\/uploads\/2017\/02\/DSC_0347-300x200.jpg 300w, http:\/\/menzendorff.de\/wp-content\/uploads\/2017\/02\/DSC_0347-768x512.jpg 768w, http:\/\/menzendorff.de\/wp-content\/uploads\/2017\/02\/DSC_0347-624x416.jpg 624w\" sizes=\"(max-width: 625px) 100vw, 625px\" \/><\/a><\/p>\n<p style=\"text-align: center;\">Anfahrt von S\u00fcden, man erkennt einen Gew\u00e4sserlauf vor der Commanderie<\/p>\n<p style=\"text-align: left;\"><a href=\"http:\/\/menzendorff.de\/wp-content\/uploads\/2017\/02\/DSC_0350.jpg\"><img loading=\"lazy\" class=\"alignright size-large wp-image-1556\" src=\"http:\/\/menzendorff.de\/wp-content\/uploads\/2017\/02\/DSC_0350-1024x683.jpg\" alt=\"DSC_0350\" width=\"625\" height=\"417\" srcset=\"http:\/\/menzendorff.de\/wp-content\/uploads\/2017\/02\/DSC_0350.jpg 1024w, http:\/\/menzendorff.de\/wp-content\/uploads\/2017\/02\/DSC_0350-300x200.jpg 300w, http:\/\/menzendorff.de\/wp-content\/uploads\/2017\/02\/DSC_0350-768x512.jpg 768w, http:\/\/menzendorff.de\/wp-content\/uploads\/2017\/02\/DSC_0350-624x416.jpg 624w\" sizes=\"(max-width: 625px) 100vw, 625px\" \/><\/a><\/p>\n<p style=\"text-align: center;\">Chapelle des Templi\u00e8rs Sainte-Catherine, 71260 <strong>Montbellet<\/strong><\/p>\n<p style=\"text-align: left;\">Miguet weist darauf hin, dass diese Kapelle r\u00e4tselhafterweise nicht wie \u00fcblich nach Osten sondern nach Nordenausgerichtet ist.<\/p>\n<p style=\"text-align: left;\"><a href=\"http:\/\/menzendorff.de\/wp-content\/uploads\/2017\/02\/DSC_0351.jpg\"><img loading=\"lazy\" class=\"alignright size-large wp-image-1557\" src=\"http:\/\/menzendorff.de\/wp-content\/uploads\/2017\/02\/DSC_0351-1024x683.jpg\" alt=\"DSC_0351\" width=\"625\" height=\"417\" srcset=\"http:\/\/menzendorff.de\/wp-content\/uploads\/2017\/02\/DSC_0351.jpg 1024w, http:\/\/menzendorff.de\/wp-content\/uploads\/2017\/02\/DSC_0351-300x200.jpg 300w, http:\/\/menzendorff.de\/wp-content\/uploads\/2017\/02\/DSC_0351-768x512.jpg 768w, http:\/\/menzendorff.de\/wp-content\/uploads\/2017\/02\/DSC_0351-624x416.jpg 624w\" sizes=\"(max-width: 625px) 100vw, 625px\" \/><\/a><\/p>\n<p style=\"text-align: center;\">Nordfassade<\/p>\n<p style=\"text-align: left;\">Die heilige Katharina wurde auch und besonders von den Kreuzrittern zur Schutzheiligen ausgew\u00e4hlt (Nachweis: <a href=\"https:\/\/www.vierzehnheiligen.de\/vierzehnheiligen\/gnadenaltar\/heilige-katharina\/\" target=\"_blank\" rel=\"noopener\">Vierzehnheilige<\/a>). Sie wird mit einem Rad (Folterinstrument) abgebildet.<\/p>\n<p style=\"text-align: left;\">Mit diesen sch\u00f6nen Bildern endete meine Reise und auch der Beitrag hier. Ich bedanke mich f\u00fcr Ihr Interesse.<\/p>\n<p style=\"text-align: left;\">\n","protected":false},"excerpt":{"rendered":"<p>1. Metz, Dept. Moselle, R\u00e9gion Grand-Est Am 01.01.2016 wurden die R\u00e9gions in Frankreich neu organisiert und zu gr\u00f6\u00dferen Einheiten zusammengelegt. Die fr\u00fchere R\u00e9gion Lorraine wurde mit der R\u00e9gion Champagne-Ardennes und der R\u00e9gion Alsace zusammengefasst und heisst jetzt Grand-Est. Man wird sich daran gew\u00f6hnen m\u00fcssen. Als ich das erste Mal im Jahre 2006 die Templerkapelle in [&hellip;]<\/p>\n","protected":false},"author":2,"featured_media":0,"comment_status":"open","ping_status":"open","sticky":false,"template":"","format":"standard","meta":[],"categories":[11],"tags":[],"_links":{"self":[{"href":"http:\/\/menzendorff.de\/index.php?rest_route=\/wp\/v2\/posts\/1398"}],"collection":[{"href":"http:\/\/menzendorff.de\/index.php?rest_route=\/wp\/v2\/posts"}],"about":[{"href":"http:\/\/menzendorff.de\/index.php?rest_route=\/wp\/v2\/types\/post"}],"author":[{"embeddable":true,"href":"http:\/\/menzendorff.de\/index.php?rest_route=\/wp\/v2\/users\/2"}],"replies":[{"embeddable":true,"href":"http:\/\/menzendorff.de\/index.php?rest_route=%2Fwp%2Fv2%2Fcomments&post=1398"}],"version-history":[{"count":76,"href":"http:\/\/menzendorff.de\/index.php?rest_route=\/wp\/v2\/posts\/1398\/revisions"}],"predecessor-version":[{"id":2827,"href":"http:\/\/menzendorff.de\/index.php?rest_route=\/wp\/v2\/posts\/1398\/revisions\/2827"}],"wp:attachment":[{"href":"http:\/\/menzendorff.de\/index.php?rest_route=%2Fwp%2Fv2%2Fmedia&parent=1398"}],"wp:term":[{"taxonomy":"category","embeddable":true,"href":"http:\/\/menzendorff.de\/index.php?rest_route=%2Fwp%2Fv2%2Fcategories&post=1398"},{"taxonomy":"post_tag","embeddable":true,"href":"http:\/\/menzendorff.de\/index.php?rest_route=%2Fwp%2Fv2%2Ftags&post=1398"}],"curies":[{"name":"wp","href":"https:\/\/api.w.org\/{rel}","templated":true}]}}