{"id":1562,"date":"2017-05-31T15:49:35","date_gmt":"2017-05-31T13:49:35","guid":{"rendered":"http:\/\/menzendorff.de\/?p=1562"},"modified":"2019-04-21T14:36:10","modified_gmt":"2019-04-21T12:36:10","slug":"2017-picardie-brie-champagne","status":"publish","type":"post","link":"http:\/\/menzendorff.de\/?p=1562","title":{"rendered":"2017, Picardie, Brie, Champagne"},"content":{"rendered":"<p><span style=\"font-size: xx-large;\">1. R\u00e9gion Hauts-de-France (Picardie), D\u00e9partement Aisne<\/span><\/p>\n<p>Die Recherchereise im Mai 2017 f\u00fchrte mich in den Nordosten Frankreichs. Ich hatte einige mir nur aus B\u00fcchern bekannte Templerorte ausgesucht, die m\u00f6glichst gut erhaltene Geb\u00e4udereste boten und nicht zuweit auseinander lagen. Zum einen wollte ich meine Galerie vervollst\u00e4ndigen, zum anderen begann ich um diese Zeit, den Verlauf der schon mehrfach erw\u00e4hnten<em><strong> via francigena<\/strong><\/em> im Norden Frankreichs darauf zu untersuchen, ob sich auch hier in signifikanter Dichte Templerniederlassungen entlang der Strecke finden lassen w\u00fcrden. Um das Ergebnis vorweg zunehmen: Meine zun\u00e4chst nur vagen Vermutungen sollten mehr als \u00fcbertroffen werden. Aber urteilen Sie bitte selbst!<\/p>\n<p><span style=\"font-size: xx-large;\">1.1 Ferme des Templi\u00e8rs, 02613 Pontavert<\/span><\/p>\n<p>Die erste \u00dcbernachtung hatte ich in der Stadt Soissons (D\u00e9partement Aisne) gebucht. Ich war gegen 10:00 aufgebrochen und erreichte das Soissonais gegen 14:30. Das erste Ziel auf meine Liste dort war die ehemalige Commanderie von Pontavert. Man f\u00e4hrt auf der D925 bis zur Ortsmitte, biegt bei dem Ortschild\u00a0 &#8222;le Temple&#8220; nach rechts ab und f\u00e4hrt ca. 2 Km auf der D19 nach Norden. Dann steht man vor des ehemaligen Templerhofes:<\/p>\n<p><a href=\"http:\/\/menzendorff.de\/wp-content\/uploads\/2018\/02\/DSC_0009.jpg\"><img loading=\"lazy\" class=\"alignright size-large wp-image-1569\" src=\"http:\/\/menzendorff.de\/wp-content\/uploads\/2018\/02\/DSC_0009-1024x683.jpg\" alt=\"DSC_0009\" width=\"625\" height=\"417\" srcset=\"http:\/\/menzendorff.de\/wp-content\/uploads\/2018\/02\/DSC_0009.jpg 1024w, http:\/\/menzendorff.de\/wp-content\/uploads\/2018\/02\/DSC_0009-300x200.jpg 300w, http:\/\/menzendorff.de\/wp-content\/uploads\/2018\/02\/DSC_0009-768x512.jpg 768w, http:\/\/menzendorff.de\/wp-content\/uploads\/2018\/02\/DSC_0009-624x416.jpg 624w\" sizes=\"(max-width: 625px) 100vw, 625px\" \/><\/a><\/p>\n<p style=\"text-align: center;\">Anblick von S\u00fcden<\/p>\n<p style=\"text-align: left;\">Die Erwartungen wurden beim Anblick dieser modernen Geb\u00e4ude etwas ged\u00e4mpft. Es gab nichts mehr aus der Templerzeit zu sehen. Dennoch konnte man die Dimensionen der ehemaligen Commanderie im wahrsten Sinne des Wortes &#8222;abschreiten&#8220; und dadurch unmittelbarer erfassen. Ich stellte mein Menzomobil am Nordrand des Hofs ab und dort gelang dieses Bild:<\/p>\n<p><a href=\"http:\/\/menzendorff.de\/wp-content\/uploads\/2018\/02\/DSC_0002.jpg\"><img loading=\"lazy\" class=\"alignright size-large wp-image-1567\" src=\"http:\/\/menzendorff.de\/wp-content\/uploads\/2018\/02\/DSC_0002-1024x683.jpg\" alt=\"DSC_0002\" width=\"625\" height=\"417\" srcset=\"http:\/\/menzendorff.de\/wp-content\/uploads\/2018\/02\/DSC_0002.jpg 1024w, http:\/\/menzendorff.de\/wp-content\/uploads\/2018\/02\/DSC_0002-300x200.jpg 300w, http:\/\/menzendorff.de\/wp-content\/uploads\/2018\/02\/DSC_0002-768x512.jpg 768w, http:\/\/menzendorff.de\/wp-content\/uploads\/2018\/02\/DSC_0002-624x416.jpg 624w\" sizes=\"(max-width: 625px) 100vw, 625px\" \/><\/a><\/p>\n<p style=\"text-align: center;\">Blick von Norden<\/p>\n<p>Das Wohnhaus in Bildmitte befindet sich an der Stelle der abgebrochenen Kapelle.<\/p>\n<p><a href=\"http:\/\/menzendorff.de\/wp-content\/uploads\/2018\/02\/DSC_0004.jpg\"><img loading=\"lazy\" class=\"alignright size-large wp-image-1568\" src=\"http:\/\/menzendorff.de\/wp-content\/uploads\/2018\/02\/DSC_0004-1024x683.jpg\" alt=\"DSC_0004\" width=\"625\" height=\"417\" srcset=\"http:\/\/menzendorff.de\/wp-content\/uploads\/2018\/02\/DSC_0004.jpg 1024w, http:\/\/menzendorff.de\/wp-content\/uploads\/2018\/02\/DSC_0004-300x200.jpg 300w, http:\/\/menzendorff.de\/wp-content\/uploads\/2018\/02\/DSC_0004-768x512.jpg 768w, http:\/\/menzendorff.de\/wp-content\/uploads\/2018\/02\/DSC_0004-624x416.jpg 624w\" sizes=\"(max-width: 625px) 100vw, 625px\" \/><\/a><\/p>\n<p style=\"text-align: center;\">Ostflanke der Ferme von Pontavert<\/p>\n<p><a href=\"http:\/\/menzendorff.de\/wp-content\/uploads\/2018\/02\/DSC_0007.jpg\"><img loading=\"lazy\" class=\"alignright size-large wp-image-1574\" src=\"http:\/\/menzendorff.de\/wp-content\/uploads\/2018\/02\/DSC_0007-1024x683.jpg\" alt=\"DSC_0007\" width=\"625\" height=\"417\" srcset=\"http:\/\/menzendorff.de\/wp-content\/uploads\/2018\/02\/DSC_0007.jpg 1024w, http:\/\/menzendorff.de\/wp-content\/uploads\/2018\/02\/DSC_0007-300x200.jpg 300w, http:\/\/menzendorff.de\/wp-content\/uploads\/2018\/02\/DSC_0007-768x512.jpg 768w, http:\/\/menzendorff.de\/wp-content\/uploads\/2018\/02\/DSC_0007-624x416.jpg 624w\" sizes=\"(max-width: 625px) 100vw, 625px\" \/><\/a><\/p>\n<p style=\"text-align: left;\">Blick von Osten auf die Westflanke. Rechts das Wohnhaus, links im Bild Geb\u00e4ude auf der S\u00fcdseite. Die Nebengeb\u00e4ude scheinen teilweise unter Verwendung der alten Steine wieder errichtet worden zu sein.<\/p>\n<p>Auf einer Zeichnung von 1877 pr\u00e4sentierte die &#8222;Ferme du Temple&#8220; sich noch so:<\/p>\n<p><a href=\"http:\/\/menzendorff.de\/wp-content\/uploads\/2018\/02\/Screenshot-2018-01-17-20.35.04.png\"><img loading=\"lazy\" class=\"alignright size-full wp-image-1571\" src=\"http:\/\/menzendorff.de\/wp-content\/uploads\/2018\/02\/Screenshot-2018-01-17-20.35.04.png\" alt=\"Screenshot 2018-01-17 20.35.04\" width=\"765\" height=\"582\" srcset=\"http:\/\/menzendorff.de\/wp-content\/uploads\/2018\/02\/Screenshot-2018-01-17-20.35.04.png 765w, http:\/\/menzendorff.de\/wp-content\/uploads\/2018\/02\/Screenshot-2018-01-17-20.35.04-300x228.png 300w, http:\/\/menzendorff.de\/wp-content\/uploads\/2018\/02\/Screenshot-2018-01-17-20.35.04-624x475.png 624w\" sizes=\"(max-width: 765px) 100vw, 765px\" \/><\/a><\/p>\n<p>Am linken Bildrand erkennt man einen Schuppen, der etwas ver\u00e4ndert heute noch dort steht.<\/p>\n<p><a href=\"http:\/\/menzendorff.de\/wp-content\/uploads\/2018\/02\/Screenshot-2018-01-17-20.35.53.png\"><img loading=\"lazy\" class=\"alignright size-full wp-image-1572\" src=\"http:\/\/menzendorff.de\/wp-content\/uploads\/2018\/02\/Screenshot-2018-01-17-20.35.53.png\" alt=\"Screenshot 2018-01-17 20.35.53\" width=\"757\" height=\"497\" srcset=\"http:\/\/menzendorff.de\/wp-content\/uploads\/2018\/02\/Screenshot-2018-01-17-20.35.53.png 757w, http:\/\/menzendorff.de\/wp-content\/uploads\/2018\/02\/Screenshot-2018-01-17-20.35.53-300x197.png 300w, http:\/\/menzendorff.de\/wp-content\/uploads\/2018\/02\/Screenshot-2018-01-17-20.35.53-624x410.png 624w\" sizes=\"(max-width: 757px) 100vw, 757px\" \/><\/a><\/p>\n<p style=\"text-align: center;\">Postkarte der Ferme du Temple vor 1917<\/p>\n<p>Im Jahre 1917 hat offenbar eine erhebliche kriegerische Auseinandersetzung in und um Pontavert stattgefunden. Man spricht von einer Offensive eines Generals Nivelle auf dem <a href=\"http:\/\/www.picardie1418.com\/fr\/decouvrir\/cimetiere-militaire-francais-de-pontavert.php\" target=\"_blank\" rel=\"noopener\">&#8222;Chemin des Dames&#8220;<\/a>.\u00a0 An der D925 befindet sich ein Soldatenfriedhof und die Kirche Saint- M\u00e9dard wurde in diesem Jahr komplett zerst\u00f6rt:<\/p>\n<p><a href=\"http:\/\/menzendorff.de\/wp-content\/uploads\/2018\/02\/1449528038-Ponthavert-eglise-2.jpg\"><img loading=\"lazy\" class=\"alignright size-full wp-image-1582\" src=\"http:\/\/menzendorff.de\/wp-content\/uploads\/2018\/02\/1449528038-Ponthavert-eglise-2.jpg\" alt=\"1449528038-Ponthavert-eglise-2\" width=\"820\" height=\"520\" srcset=\"http:\/\/menzendorff.de\/wp-content\/uploads\/2018\/02\/1449528038-Ponthavert-eglise-2.jpg 820w, http:\/\/menzendorff.de\/wp-content\/uploads\/2018\/02\/1449528038-Ponthavert-eglise-2-300x190.jpg 300w, http:\/\/menzendorff.de\/wp-content\/uploads\/2018\/02\/1449528038-Ponthavert-eglise-2-768x487.jpg 768w, http:\/\/menzendorff.de\/wp-content\/uploads\/2018\/02\/1449528038-Ponthavert-eglise-2-624x396.jpg 624w\" sizes=\"(max-width: 820px) 100vw, 820px\" \/><\/a><\/p>\n<p style=\"text-align: center;\">Saint M\u00e9dard, Pontavert, 1917<\/p>\n<p style=\"text-align: left;\">Ich gehe davon aus, dass die Templerkapelle auch durch Kriegseinwirkungen zerst\u00f6rt wurde.<\/p>\n<p><a href=\"http:\/\/menzendorff.de\/wp-content\/uploads\/2018\/02\/Screenshot-2018-02-18-15.25.05.png\"><img loading=\"lazy\" class=\"alignright size-full wp-image-1575\" src=\"http:\/\/menzendorff.de\/wp-content\/uploads\/2018\/02\/Screenshot-2018-02-18-15.25.05.png\" alt=\"Screenshot 2018-02-18 15.25.05\" width=\"788\" height=\"724\" srcset=\"http:\/\/menzendorff.de\/wp-content\/uploads\/2018\/02\/Screenshot-2018-02-18-15.25.05.png 788w, http:\/\/menzendorff.de\/wp-content\/uploads\/2018\/02\/Screenshot-2018-02-18-15.25.05-300x276.png 300w, http:\/\/menzendorff.de\/wp-content\/uploads\/2018\/02\/Screenshot-2018-02-18-15.25.05-768x706.png 768w, http:\/\/menzendorff.de\/wp-content\/uploads\/2018\/02\/Screenshot-2018-02-18-15.25.05-624x573.png 624w\" sizes=\"(max-width: 788px) 100vw, 788px\" \/><\/a><\/p>\n<p style=\"text-align: center;\">Draufsicht auf die <strong>ferme du Temple<\/strong> (Copyright: google maps)<\/p>\n<p style=\"text-align: center;\"><a href=\"http:\/\/menzendorff.de\/wp-content\/uploads\/2018\/02\/Screenshot-2017-03-18-22.30.00.png\"><img loading=\"lazy\" class=\"alignright size-full wp-image-1570\" src=\"http:\/\/menzendorff.de\/wp-content\/uploads\/2018\/02\/Screenshot-2017-03-18-22.30.00.png\" alt=\"Screenshot 2017-03-18 22.30.00\" width=\"812\" height=\"513\" srcset=\"http:\/\/menzendorff.de\/wp-content\/uploads\/2018\/02\/Screenshot-2017-03-18-22.30.00.png 812w, http:\/\/menzendorff.de\/wp-content\/uploads\/2018\/02\/Screenshot-2017-03-18-22.30.00-300x190.png 300w, http:\/\/menzendorff.de\/wp-content\/uploads\/2018\/02\/Screenshot-2017-03-18-22.30.00-768x485.png 768w, http:\/\/menzendorff.de\/wp-content\/uploads\/2018\/02\/Screenshot-2017-03-18-22.30.00-624x394.png 624w\" sizes=\"(max-width: 812px) 100vw, 812px\" \/><\/a><\/p>\n<p style=\"text-align: left;\">Der Auszug aus der Cassini-Karte 1774-1814 (Copyright: <a href=\"http:\/\/www.templiers.net\/\" target=\"_blank\" rel=\"noopener\">Templiers.net<\/a>) zeigt die Entfernung der Ferme von der Ortsmitte. Auch die heute noch existierende Wegkreuzung in Pontavert ist zu erkennen. Pontavert befindet sich 5 Km westlich von der D1044, die heute Laon mit Reims verbindet. Die Stadt Laon liegt 26 Km nordwestlich und Reims 25km s\u00fcd\u00f6stlich.<\/p>\n<p><span style=\"font-size: xx-large;\">1.2 Ferme Catillon-du-Temple, 02270 Nouvion-et-Catillon<\/span><\/p>\n<p>Mein n\u00e4chstes Ziel lag ca. 50 Km nordwestlich von Pontavert. Leider habe ich mir nicht die Zeit genommen, meine Aufzeichnungen vor Ort nochmal zu kontrollieren, sondern stattdessen einfach vor der Mairie geparkt und die erstbeste mittelalterliche Kirche geknipst in der Hoffnung, sie k\u00f6nne etwas mit den Templern zu tun haben.<\/p>\n<p><a href=\"http:\/\/menzendorff.de\/wp-content\/uploads\/2018\/02\/DSC_0029.jpg\"><img loading=\"lazy\" class=\"alignright size-large wp-image-1586\" src=\"http:\/\/menzendorff.de\/wp-content\/uploads\/2018\/02\/DSC_0029-1024x683.jpg\" alt=\"DSC_0029\" width=\"625\" height=\"417\" srcset=\"http:\/\/menzendorff.de\/wp-content\/uploads\/2018\/02\/DSC_0029.jpg 1024w, http:\/\/menzendorff.de\/wp-content\/uploads\/2018\/02\/DSC_0029-300x200.jpg 300w, http:\/\/menzendorff.de\/wp-content\/uploads\/2018\/02\/DSC_0029-768x512.jpg 768w, http:\/\/menzendorff.de\/wp-content\/uploads\/2018\/02\/DSC_0029-624x416.jpg 624w\" sizes=\"(max-width: 625px) 100vw, 625px\" \/><\/a><\/p>\n<p style=\"text-align: center;\">\u00c9glise Saint-Remi de Nouvion-et-Catillon<\/p>\n<p style=\"text-align: left;\"><a href=\"http:\/\/menzendorff.de\/wp-content\/uploads\/2018\/02\/DSC_0035.jpg\"><img loading=\"lazy\" class=\"alignright size-large wp-image-1587\" src=\"http:\/\/menzendorff.de\/wp-content\/uploads\/2018\/02\/DSC_0035-1024x683.jpg\" alt=\"DSC_0035\" width=\"625\" height=\"417\" srcset=\"http:\/\/menzendorff.de\/wp-content\/uploads\/2018\/02\/DSC_0035.jpg 1024w, http:\/\/menzendorff.de\/wp-content\/uploads\/2018\/02\/DSC_0035-300x200.jpg 300w, http:\/\/menzendorff.de\/wp-content\/uploads\/2018\/02\/DSC_0035-768x512.jpg 768w, http:\/\/menzendorff.de\/wp-content\/uploads\/2018\/02\/DSC_0035-624x416.jpg 624w\" sizes=\"(max-width: 625px) 100vw, 625px\" \/><\/a><\/p>\n<p style=\"text-align: center;\">Nordseite<\/p>\n<p style=\"text-align: left;\"><a href=\"http:\/\/menzendorff.de\/wp-content\/uploads\/2018\/02\/DSC_0021.jpg\"><img loading=\"lazy\" class=\"alignright size-large wp-image-1589\" src=\"http:\/\/menzendorff.de\/wp-content\/uploads\/2018\/02\/DSC_0021-1024x683.jpg\" alt=\"DSC_0021\" width=\"625\" height=\"417\" srcset=\"http:\/\/menzendorff.de\/wp-content\/uploads\/2018\/02\/DSC_0021.jpg 1024w, http:\/\/menzendorff.de\/wp-content\/uploads\/2018\/02\/DSC_0021-300x200.jpg 300w, http:\/\/menzendorff.de\/wp-content\/uploads\/2018\/02\/DSC_0021-768x512.jpg 768w, http:\/\/menzendorff.de\/wp-content\/uploads\/2018\/02\/DSC_0021-624x416.jpg 624w\" sizes=\"(max-width: 625px) 100vw, 625px\" \/><\/a><\/p>\n<p style=\"text-align: center;\">S\u00fcdseite<\/p>\n<p style=\"text-align: left;\"><a href=\"http:\/\/menzendorff.de\/wp-content\/uploads\/2018\/02\/DSC_0015.jpg\"><img loading=\"lazy\" class=\"alignright size-large wp-image-1588\" src=\"http:\/\/menzendorff.de\/wp-content\/uploads\/2018\/02\/DSC_0015-1024x683.jpg\" alt=\"DSC_0015\" width=\"625\" height=\"417\" srcset=\"http:\/\/menzendorff.de\/wp-content\/uploads\/2018\/02\/DSC_0015.jpg 1024w, http:\/\/menzendorff.de\/wp-content\/uploads\/2018\/02\/DSC_0015-300x200.jpg 300w, http:\/\/menzendorff.de\/wp-content\/uploads\/2018\/02\/DSC_0015-768x512.jpg 768w, http:\/\/menzendorff.de\/wp-content\/uploads\/2018\/02\/DSC_0015-624x416.jpg 624w\" sizes=\"(max-width: 625px) 100vw, 625px\" \/><\/a><\/p>\n<p style=\"text-align: center;\">Hatte dieses an die Kirche anschliessende Geh\u00f6ft etwas mit den Templern zu tun?<\/p>\n<p style=\"text-align: left;\">Erst nach meiner R\u00fcckkehr bei der Nachbearbeitung ist mir wieder eingefallen, dass die Commanderie <strong>Catillon-du-Temple<\/strong> einige Kilometer ausserhalb des Ortes liegt und dass von der Templerkapelle nur noch die Westfassade steht. Es hilft nichts, da mu\u00df ich nochmal hin. Der Besuch dieses Ortes hat trotzdem nicht geschadet. Die Kirche ist f\u00fcr ein Dorf mit 500 Einwohnern viel zu gro\u00df! Das kann nur bedeuten, da\u00df hier viele Reisende mitversorgt werden mu\u00dften. Man kennt solche \u00fcberdimensionierten Kirchen in sonst kleinen Ortschaften vor allem an Pilgerrouten, etwa den zahlreichen sog. Jakobswegen quer durch Europa.<\/p>\n<p style=\"text-align: left;\">Kleiner Exkurs \u00fcber 120 Km nach S\u00fcdosten:<\/p>\n<p style=\"text-align: left;\">Dabei mu\u00dfte ich augenblicklich an die kleine Ortschaft L&#8217;\u00c9pine ein paar Kilometer \u00f6stlich von Ch\u00e2lons-en-Champagne denken. Auch dort befindet sich eine geradezu bombastische Kirche in einem 600-Seelen-Dorf:<\/p>\n<p style=\"text-align: left;\"><a href=\"http:\/\/menzendorff.de\/wp-content\/uploads\/2018\/02\/Troyes-und-Chartres-001.jpg\"><img loading=\"lazy\" class=\"alignright size-large wp-image-1592\" src=\"http:\/\/menzendorff.de\/wp-content\/uploads\/2018\/02\/Troyes-und-Chartres-001-1024x768.jpg\" alt=\"Troyes und Chartres 001\" width=\"625\" height=\"469\" srcset=\"http:\/\/menzendorff.de\/wp-content\/uploads\/2018\/02\/Troyes-und-Chartres-001.jpg 1024w, http:\/\/menzendorff.de\/wp-content\/uploads\/2018\/02\/Troyes-und-Chartres-001-300x225.jpg 300w, http:\/\/menzendorff.de\/wp-content\/uploads\/2018\/02\/Troyes-und-Chartres-001-768x576.jpg 768w, http:\/\/menzendorff.de\/wp-content\/uploads\/2018\/02\/Troyes-und-Chartres-001-624x468.jpg 624w\" sizes=\"(max-width: 625px) 100vw, 625px\" \/><\/a><\/p>\n<p style=\"text-align: center;\">Notre Dame de L&#8217;\u00c9pine, 2006<\/p>\n<p style=\"text-align: center;\"><a href=\"http:\/\/menzendorff.de\/wp-content\/uploads\/2018\/02\/Screenshot-2018-02-20-20.46.56-1.png\"><img loading=\"lazy\" class=\"alignright size-full wp-image-1600\" src=\"http:\/\/menzendorff.de\/wp-content\/uploads\/2018\/02\/Screenshot-2018-02-20-20.46.56-1.png\" alt=\"Screenshot 2018-02-20 20.46.56\" width=\"750\" height=\"768\" srcset=\"http:\/\/menzendorff.de\/wp-content\/uploads\/2018\/02\/Screenshot-2018-02-20-20.46.56-1.png 750w, http:\/\/menzendorff.de\/wp-content\/uploads\/2018\/02\/Screenshot-2018-02-20-20.46.56-1-293x300.png 293w, http:\/\/menzendorff.de\/wp-content\/uploads\/2018\/02\/Screenshot-2018-02-20-20.46.56-1-624x639.png 624w\" sizes=\"(max-width: 750px) 100vw, 750px\" \/><\/a><\/p>\n<p style=\"text-align: left;\">Das Dorf L&#8217;\u00c9pine ist kein Templerort, aber wie man an dem obigen Kartenausschnitt erkennt, liegt es sehr auff\u00e4llig am Ende einer Linie mit den drei Templerorten <strong>Saint-Hilaire-au-Temple<\/strong>, <strong>Dampierre-au-Temple<\/strong> und <strong>Saint-\u00c9tienne-au-Temple<\/strong> etwas s\u00fcd\u00f6stlich von Reims. Der Weg weist von Nordwest bis S\u00fcdost. Ich hatte schon damals den Eindruck, dass diese Kirche\u00a0 so gro\u00df gebaut wurde, um erforderlichenfalls Pilgergruppen aufnehmen zu k\u00f6nnen. Nunmehr begann ich mich zu fragen, ob es sich bei der hier zu vermutenden Pilgerstrasse um nicht mehr und nicht weniger als die <strong>Via Francigena<\/strong> handeln k\u00f6nnte:<\/p>\n<p style=\"text-align: center;\"><a href=\"http:\/\/menzendorff.de\/wp-content\/uploads\/2018\/02\/Arras-Bar.png\"><img loading=\"lazy\" class=\"size-full wp-image-1597 aligncenter\" src=\"http:\/\/menzendorff.de\/wp-content\/uploads\/2018\/02\/Arras-Bar.png\" alt=\"Arras Bar\" width=\"528\" height=\"316\" srcset=\"http:\/\/menzendorff.de\/wp-content\/uploads\/2018\/02\/Arras-Bar.png 528w, http:\/\/menzendorff.de\/wp-content\/uploads\/2018\/02\/Arras-Bar-300x180.png 300w\" sizes=\"(max-width: 528px) 100vw, 528px\" \/><\/a>Via Francigena, hier der Abschnitt von Canterbury nach Bar-sur-Aube (<a href=\"http:\/\/www.camminodiassisi.it\/DE\/Via-francigena.html\" target=\"_blank\" rel=\"noopener\">Copyright cammino di Assisi<\/a>)<\/p>\n<p style=\"text-align: left;\">Die Lage s\u00fcd\u00f6stlich von Reims und der Verlauf von Nordwest nach S\u00fcdost stimmte schonmal. Diese Route ist wohl kein Fernweg aus der R\u00f6merzeit, sondern aus dem fr\u00fchen Mittelalter:<\/p>\n<p style=\"text-align: left;\">Unter den vielen Verbindungen zwischen Mittel- und Nordeuropa und Rom hat sich insbesondere f\u00fcr eine Strecke die Bezeichnung &#8222;Via Francigena&#8220; eingeb\u00fcrgert. Es handelt sich dabei um den Weg von <a title=\"Canterbury\" href=\"https:\/\/de.wikipedia.org\/wiki\/Canterbury\">Canterbury<\/a> nach <a title=\"Rom\" href=\"https:\/\/de.wikipedia.org\/wiki\/Rom\">Rom<\/a>, der in den Aufzeichnungen des <a title=\"Erzbischof\" href=\"https:\/\/de.wikipedia.org\/wiki\/Erzbischof\">Erzbischofs<\/a> <a title=\"Sigerich der Ernste\" href=\"https:\/\/de.wikipedia.org\/wiki\/Sigerich_der_Ernste\">Sigerich der Ernste<\/a> von Canterbury (994) beschrieben wurde. Er reiste im Jahr 990 von Canterbury nach Rom, um vom Papst das <a title=\"Pallium\" href=\"https:\/\/de.wikipedia.org\/wiki\/Pallium\">Pallium<\/a> zu erhalten, einen Wollschal als Zeichen seiner Ernennung zum Erzbischof. (Zitat: <a href=\"https:\/\/de.wikipedia.org\/wiki\/Via_Francigena\" target=\"_blank\" rel=\"noopener\">Wikipedia<\/a>)<\/p>\n<p>Kehren wir wieder an den Ausgang der \u00dcberlegungen zur\u00fcck, n\u00e4mlich 120 Km nordwestlich nach Nouvion-et-Catillon mit seiner Pilgerkirche:<\/p>\n<p style=\"text-align: center;\"><a href=\"http:\/\/menzendorff.de\/wp-content\/uploads\/2018\/02\/Screenshot-2018-02-20-21.41.06.png\"><img loading=\"lazy\" class=\"wp-image-1601 size-medium aligncenter\" src=\"http:\/\/menzendorff.de\/wp-content\/uploads\/2018\/02\/Screenshot-2018-02-20-21.41.06-281x300.png\" alt=\"Screenshot 2018-02-20 21.41.06\" width=\"281\" height=\"300\" srcset=\"http:\/\/menzendorff.de\/wp-content\/uploads\/2018\/02\/Screenshot-2018-02-20-21.41.06-281x300.png 281w, http:\/\/menzendorff.de\/wp-content\/uploads\/2018\/02\/Screenshot-2018-02-20-21.41.06-624x667.png 624w, http:\/\/menzendorff.de\/wp-content\/uploads\/2018\/02\/Screenshot-2018-02-20-21.41.06.png 666w\" sizes=\"(max-width: 281px) 100vw, 281px\" \/><\/a>(Google maps)<\/p>\n<p style=\"text-align: left;\">Wie man sieht, geht die Strecke in ziemlich gerader Linie erst durch <strong>Reims<\/strong> (zahlreiche Templerh\u00e4user) und anschlie\u00dfend <strong>Laon<\/strong> (die ber\u00fcmte Templer-Kapelle) hindurch, beides\u00a0 erwiesene\u00a0 Stationen der via francigena. Aber es kommt noch besser:<\/p>\n<p style=\"text-align: left;\"><a href=\"http:\/\/menzendorff.de\/wp-content\/uploads\/2018\/02\/Screenshot-2018-02-19-22.09.48-1.png\"><img loading=\"lazy\" class=\"alignright size-full wp-image-1599\" src=\"http:\/\/menzendorff.de\/wp-content\/uploads\/2018\/02\/Screenshot-2018-02-19-22.09.48-1.png\" alt=\"Screenshot 2018-02-19 22.09.48\" width=\"944\" height=\"849\" srcset=\"http:\/\/menzendorff.de\/wp-content\/uploads\/2018\/02\/Screenshot-2018-02-19-22.09.48-1.png 944w, http:\/\/menzendorff.de\/wp-content\/uploads\/2018\/02\/Screenshot-2018-02-19-22.09.48-1-300x270.png 300w, http:\/\/menzendorff.de\/wp-content\/uploads\/2018\/02\/Screenshot-2018-02-19-22.09.48-1-768x691.png 768w, http:\/\/menzendorff.de\/wp-content\/uploads\/2018\/02\/Screenshot-2018-02-19-22.09.48-1-624x561.png 624w\" sizes=\"(max-width: 944px) 100vw, 944px\" \/><\/a><\/p>\n<p style=\"text-align: left;\">Die Commanderie <strong>Pontavert<\/strong>, die erste Station meiner Reise, liegt ebenfalls genau auf der Strecke. Und <strong>Arras<\/strong> (eine &#8222;Templerhochburg&#8220;) gilt auch als Station der via francigena. Nahe bei Calais unterhielten die Templer Seeh\u00e4fen in <strong>Wissant<\/strong> (Jan Hosten, S. 231) und in <strong>Berck-sur-Mer <\/strong>(Aubarbier, S. 111f). In Kent konnten die englischen Pilger in der Templerkapelle von <strong>Dover<\/strong> auf ihr Schiff warten und auf dem Weg von und nach Canterbury zus\u00e4tzlich noch in <a href=\"http:\/\/menzendorff.de\/?p=49\" target=\"_blank\" rel=\"noopener\"><strong>Temple Ewell<\/strong> <\/a>Station machen. Es spricht also viel daf\u00fcr, dass meine beiden zun\u00e4chst nur zuf\u00e4llig angesteuerten Ziele tats\u00e4chlich jeweils Stationen dieser Pilgerstrecke darstellten. Insoweit war mein Irrtum, in Nouvion-et-Catillon die falsche Kirche besucht zu haben, letzlich die Ursache, dass mir diese Entdeckung gelang! H\u00e4tte ich nicht \u00fcber die unpassende Gr\u00f6\u00dfe der Kirche nachgedacht, w\u00e4re ich auf diese Zusammenh\u00e4nge wohl nicht oder nicht so schnell gekommen. Alles hat seinen tieferen Sinn, sagt man. Offenbar auch Irrt\u00fcmer.<\/p>\n<p>Die Annahme, dass all die Templerorte nicht nur zuf\u00e4llig auf der Strecke liegen, sondern vielmehr systematisch dort angelegt worden sind, wird\u00a0 weiter durch eine gewisse Regelm\u00e4ssigkeit der Distanzen gest\u00fctzt. Von <strong>Arras<\/strong> zum Templerort <strong>\u00c9tricourt-Manancourt<\/strong> sind es\u00a0 35 Km. Von letzterem nach <strong>St. Quentin<\/strong> (ebenfalls Templerort) mu\u00df man ebenfalls 35 Km zur\u00fccklegen. <strong>Catillon-du-Temple<\/strong> liegt 25 Km s\u00fcd\u00f6stlich davon und <strong>Laon<\/strong> weitere 22 Km. Von <strong>Laon<\/strong> braucht man 26 Km nach <strong>Pontavert<\/strong> und von diesem Ort weitere 25 nach<strong> Reims<\/strong>. Alles in allem sieht das doch recht nach geplanten Tagesetappen aus, wobei 25 Km f\u00fcr die Menschen im Mittelalter zu Fu\u00df wohl eher noch bequem waren. 35 Km sind f\u00fcr eine Tagesetappe aus Sicht der heutigen Jakobsweg-Pilger eher anspruchsvoll, aber nicht unm\u00f6glich. F\u00fcr Pferde und Kutschen d\u00fcrfte das damals jedenfalls kein Problem gewesen sein. Von den Infanterie-Soldaten der r\u00f6mischen Armee wurden Tagesm\u00e4rsche von 32 Km mit 20 Kg Gep\u00e4ck abverlangt (<a href=\"http:\/\/geschichte-wissen.de\/blog\/die-roemische-armee-teil-2-die-armee-unterwegs\/\" target=\"_blank\" rel=\"noopener\">Geschichte-Wissen-Blog<\/a>).<\/p>\n<p><span style=\"font-size: xx-large;\"> 1.3 Commanderie Mont-de-Soissons, 02220 Serches<br \/>\n<\/span><\/p>\n<p>Ich war im Jahr 2006 schon mal im Soissonais, aber meine Bilder sind damals recht dunkel und unsch\u00f6n geworden, weil ich erst recht sp\u00e4t am Tag dort eintraf. Ich wollte auch diesen Ort schon seit l\u00e4ngerem nochmal aufsuchen mit mehr Ruhe und mehr Licht. Diesmal hatte ich auch insofern Gl\u00fcck, dass ich einen der beiden Miteigent\u00fcmer des Geh\u00f6ftes vor Ort antraf. Er war sichtlich erfreut \u00fcber mein Interesse, als er erfuhr, dass ich eine Anreise von 600 Km auf mich genommen habe, um Templerorte zu untersuchen. Nein, ich w\u00fcrde ihn durchaus nicht st\u00f6ren, er bedauerte nur, dass er eilig weg m\u00fcsse, sonst h\u00e4tte er mich gerne auch herum gef\u00fchrt. Sein Tor sei offen, ich m\u00f6ge so lange hier verweilen und fotografieren, wie es mir gefiele. Das lie\u00df ich mir nicht zweimal sagen. Ich hatte die m\u00e4chtige Commanderie nun f\u00fcr mich alleine. Und ich <strong>durfte <\/strong>hier sein! Vor elf Jahren hatte ich mich eher wie ein Eindringling gef\u00fchlt. Das Tor war zwar auch damals schon weit offen, aber es\u00a0 war niemand da und man hat schon ein ungutes Gef\u00fchl, auf fremdem Grund umherzuschleichen, wenn man nicht ausdr\u00fccklich willkommen geheissen wird.<\/p>\n<p><a href=\"http:\/\/menzendorff.de\/wp-content\/uploads\/2018\/02\/DSC_0077.jpg\"><img loading=\"lazy\" class=\"alignright size-large wp-image-1610\" src=\"http:\/\/menzendorff.de\/wp-content\/uploads\/2018\/02\/DSC_0077-1024x683.jpg\" alt=\"DSC_0077\" width=\"625\" height=\"417\" srcset=\"http:\/\/menzendorff.de\/wp-content\/uploads\/2018\/02\/DSC_0077.jpg 1024w, http:\/\/menzendorff.de\/wp-content\/uploads\/2018\/02\/DSC_0077-300x200.jpg 300w, http:\/\/menzendorff.de\/wp-content\/uploads\/2018\/02\/DSC_0077-768x512.jpg 768w, http:\/\/menzendorff.de\/wp-content\/uploads\/2018\/02\/DSC_0077-624x416.jpg 624w\" sizes=\"(max-width: 625px) 100vw, 625px\" \/><\/a><\/p>\n<p style=\"text-align: center;\"><strong>Mont-de-Soissons<\/strong>, Blick vom Innenhof zum Haupttor nach S\u00fcdosten<\/p>\n<p><a href=\"http:\/\/menzendorff.de\/wp-content\/uploads\/2018\/02\/Screenshot-2018-02-22-18.47.44.png\"><img loading=\"lazy\" class=\"alignright size-full wp-image-1620\" src=\"http:\/\/menzendorff.de\/wp-content\/uploads\/2018\/02\/Screenshot-2018-02-22-18.47.44.png\" alt=\"Screenshot 2018-02-22 18.47.44\" width=\"844\" height=\"666\" srcset=\"http:\/\/menzendorff.de\/wp-content\/uploads\/2018\/02\/Screenshot-2018-02-22-18.47.44.png 844w, http:\/\/menzendorff.de\/wp-content\/uploads\/2018\/02\/Screenshot-2018-02-22-18.47.44-300x237.png 300w, http:\/\/menzendorff.de\/wp-content\/uploads\/2018\/02\/Screenshot-2018-02-22-18.47.44-768x606.png 768w, http:\/\/menzendorff.de\/wp-content\/uploads\/2018\/02\/Screenshot-2018-02-22-18.47.44-624x492.png 624w\" sizes=\"(max-width: 844px) 100vw, 844px\" \/><\/a><\/p>\n<p style=\"text-align: center;\">Quelle: google maps<\/p>\n<p style=\"text-align: left;\">Die Ausma\u00dfe dieser Commanderie sind gigantisch. Die Kanten des &#8222;Vierecks&#8220; sind ca. 120 Meter lang. F\u00fcr mich ist das eine der gr\u00f6\u00dften Commanderien der Templer, die ich kenne.<\/p>\n<p style=\"text-align: left;\">Bei dieser Gelegenheit wollte ich nochmal darauf hinweisen, dass die Commanderie 12 Km ausserhalb und s\u00fcd\u00f6stlich der Stadt Soissons gesucht werden mu\u00df. Man f\u00e4hrt erst zu einem Ort namens Serches und ab dort ist <strong>Mont de Soissons<\/strong> beschildert.<\/p>\n<p><a href=\"http:\/\/menzendorff.de\/wp-content\/uploads\/2018\/02\/DSC_0047.jpg\"><img loading=\"lazy\" class=\"alignright size-large wp-image-1606\" src=\"http:\/\/menzendorff.de\/wp-content\/uploads\/2018\/02\/DSC_0047-1024x683.jpg\" alt=\"DSC_0047\" width=\"625\" height=\"417\" srcset=\"http:\/\/menzendorff.de\/wp-content\/uploads\/2018\/02\/DSC_0047.jpg 1024w, http:\/\/menzendorff.de\/wp-content\/uploads\/2018\/02\/DSC_0047-300x200.jpg 300w, http:\/\/menzendorff.de\/wp-content\/uploads\/2018\/02\/DSC_0047-768x512.jpg 768w, http:\/\/menzendorff.de\/wp-content\/uploads\/2018\/02\/DSC_0047-624x416.jpg 624w\" sizes=\"(max-width: 625px) 100vw, 625px\" \/><\/a><\/p>\n<p style=\"text-align: center;\">Stallungen entlang der S\u00fcdostflanke aus der Zeit der Johanniter (16. Jh?)<\/p>\n<p><a href=\"http:\/\/menzendorff.de\/wp-content\/uploads\/2018\/02\/DSC_0044.jpg\"><img loading=\"lazy\" class=\"alignright size-large wp-image-1605\" src=\"http:\/\/menzendorff.de\/wp-content\/uploads\/2018\/02\/DSC_0044-1024x683.jpg\" alt=\"DSC_0044\" width=\"625\" height=\"417\" srcset=\"http:\/\/menzendorff.de\/wp-content\/uploads\/2018\/02\/DSC_0044.jpg 1024w, http:\/\/menzendorff.de\/wp-content\/uploads\/2018\/02\/DSC_0044-300x200.jpg 300w, http:\/\/menzendorff.de\/wp-content\/uploads\/2018\/02\/DSC_0044-768x512.jpg 768w, http:\/\/menzendorff.de\/wp-content\/uploads\/2018\/02\/DSC_0044-624x416.jpg 624w\" sizes=\"(max-width: 625px) 100vw, 625px\" \/><\/a><\/p>\n<p style=\"text-align: center;\">Sicht vom Haupttor auf einen n\u00f6rdlichen Quertrakt mit Taubenturm<\/p>\n<p><a href=\"http:\/\/menzendorff.de\/wp-content\/uploads\/2018\/02\/DSC_0063.jpg\"><img loading=\"lazy\" class=\"alignright size-large wp-image-1609\" src=\"http:\/\/menzendorff.de\/wp-content\/uploads\/2018\/02\/DSC_0063-1024x683.jpg\" alt=\"DSC_0063\" width=\"625\" height=\"417\" srcset=\"http:\/\/menzendorff.de\/wp-content\/uploads\/2018\/02\/DSC_0063.jpg 1024w, http:\/\/menzendorff.de\/wp-content\/uploads\/2018\/02\/DSC_0063-300x200.jpg 300w, http:\/\/menzendorff.de\/wp-content\/uploads\/2018\/02\/DSC_0063-768x512.jpg 768w, http:\/\/menzendorff.de\/wp-content\/uploads\/2018\/02\/DSC_0063-624x416.jpg 624w\" sizes=\"(max-width: 625px) 100vw, 625px\" \/><\/a><\/p>\n<p style=\"text-align: center;\">Kapelle von S\u00fcdwesten und Taubenturm<\/p>\n<p><a href=\"http:\/\/menzendorff.de\/wp-content\/uploads\/2018\/02\/DSC_0058.jpg\"><img loading=\"lazy\" class=\"alignright size-large wp-image-1607\" src=\"http:\/\/menzendorff.de\/wp-content\/uploads\/2018\/02\/DSC_0058-1024x683.jpg\" alt=\"DSC_0058\" width=\"625\" height=\"417\" srcset=\"http:\/\/menzendorff.de\/wp-content\/uploads\/2018\/02\/DSC_0058.jpg 1024w, http:\/\/menzendorff.de\/wp-content\/uploads\/2018\/02\/DSC_0058-300x200.jpg 300w, http:\/\/menzendorff.de\/wp-content\/uploads\/2018\/02\/DSC_0058-768x512.jpg 768w, http:\/\/menzendorff.de\/wp-content\/uploads\/2018\/02\/DSC_0058-624x416.jpg 624w\" sizes=\"(max-width: 625px) 100vw, 625px\" \/><\/a><\/p>\n<p style=\"text-align: center;\">Westfassade<\/p>\n<p style=\"text-align: left;\">Nach <a href=\"http:\/\/www.templiers.net\/departements\/index.php?page=02#1\" target=\"_blank\" rel=\"noopener\">Templiers.net<\/a> ist das Anwesen eines der \u00e4ltesten Besitz\u00fcmer des Templerordens \u00fcberhaupt. Es sei den Templern bereits im Jahre 1133, also 15 Jahre nach ihrer Gr\u00fcndung vom\u00a0 Bischof von Soissons vermacht worden. Soissons selbst hat eine wunderbare gotische Kathedrale, deren Bau 1180 begonnen wurde.<\/p>\n<p style=\"text-align: left;\"><a href=\"http:\/\/menzendorff.de\/wp-content\/uploads\/2018\/02\/KathedralenTour-138.jpg\"><img loading=\"lazy\" class=\"alignright size-large wp-image-1622\" src=\"http:\/\/menzendorff.de\/wp-content\/uploads\/2018\/02\/KathedralenTour-138-1024x768.jpg\" alt=\"KathedralenTour 138\" width=\"625\" height=\"469\" srcset=\"http:\/\/menzendorff.de\/wp-content\/uploads\/2018\/02\/KathedralenTour-138.jpg 1024w, http:\/\/menzendorff.de\/wp-content\/uploads\/2018\/02\/KathedralenTour-138-300x225.jpg 300w, http:\/\/menzendorff.de\/wp-content\/uploads\/2018\/02\/KathedralenTour-138-768x576.jpg 768w, http:\/\/menzendorff.de\/wp-content\/uploads\/2018\/02\/KathedralenTour-138-624x468.jpg 624w\" sizes=\"(max-width: 625px) 100vw, 625px\" \/><\/a><\/p>\n<p style=\"text-align: center;\">Kathedrale Saint-Gervais-et-Saint-Protais, Soissons, 2006<\/p>\n<p><span style=\"font-size: xx-large;\">1.4 Domaine du Temple d&#8217;Ambrief, 02200 Ambrief<br \/>\n<\/span><\/p>\n<p>In unmittelbarer N\u00e4he von Mont-de-Soissons, ca 4 Km s\u00fcdwestlich findet sich bereits die n\u00e4chste Besitzung der Templer, die Domaine von <strong>Ambrief<\/strong>, die seit 1163 urkundlich belegt ist (Templiers.net aaO). Bei der Adresse 2, rue de Soissons wird man zun\u00e4chst nur dieser gewaltigen Scheune ansichtig:<\/p>\n<p><a href=\"http:\/\/menzendorff.de\/wp-content\/uploads\/2018\/02\/DSC_0079.jpg\"><img loading=\"lazy\" class=\"alignright size-large wp-image-1612\" src=\"http:\/\/menzendorff.de\/wp-content\/uploads\/2018\/02\/DSC_0079-1024x683.jpg\" alt=\"DSC_0079\" width=\"625\" height=\"417\" srcset=\"http:\/\/menzendorff.de\/wp-content\/uploads\/2018\/02\/DSC_0079.jpg 1024w, http:\/\/menzendorff.de\/wp-content\/uploads\/2018\/02\/DSC_0079-300x200.jpg 300w, http:\/\/menzendorff.de\/wp-content\/uploads\/2018\/02\/DSC_0079-768x512.jpg 768w, http:\/\/menzendorff.de\/wp-content\/uploads\/2018\/02\/DSC_0079-624x416.jpg 624w\" sizes=\"(max-width: 625px) 100vw, 625px\" \/><\/a><\/p>\n<p style=\"text-align: center;\">Grange des Templi\u00e8rs, <strong>Ambrief<\/strong><\/p>\n<p style=\"text-align: left;\">Erst wenn man sich am Scheunentor nach links wendet und einen schmalen Weg hinabsteigt, sieht man die Reste des Herrenhauses dieser Domaine. Den Zweck der Geb\u00e4ude konnte ich nicht erahnen. Das Gel\u00e4nde ist unzug\u00e4nglich und man kommt hier nicht n\u00e4her an die Reste heran. Der Turm scheint mir nicht mittelelterlich zu sein. Ich sch\u00e4tze sechzehntes Jahrhundert.<\/p>\n<p><a href=\"http:\/\/menzendorff.de\/wp-content\/uploads\/2018\/02\/DSC_0095.jpg\"><img loading=\"lazy\" class=\"alignright size-large wp-image-1614\" src=\"http:\/\/menzendorff.de\/wp-content\/uploads\/2018\/02\/DSC_0095-1024x683.jpg\" alt=\"DSC_0095\" width=\"625\" height=\"417\" srcset=\"http:\/\/menzendorff.de\/wp-content\/uploads\/2018\/02\/DSC_0095.jpg 1024w, http:\/\/menzendorff.de\/wp-content\/uploads\/2018\/02\/DSC_0095-300x200.jpg 300w, http:\/\/menzendorff.de\/wp-content\/uploads\/2018\/02\/DSC_0095-768x512.jpg 768w, http:\/\/menzendorff.de\/wp-content\/uploads\/2018\/02\/DSC_0095-624x416.jpg 624w\" sizes=\"(max-width: 625px) 100vw, 625px\" \/><\/a><\/p>\n<p style=\"text-align: center;\">Domaine du Templi\u00e8rs, <strong>Ambrief<\/strong><\/p>\n<p>Ab Jetzt durfte ich mich auf mein Abendessen freuen. Ich checkte im Hotel Terminus ein und lief anschlie\u00dfend die Avenue du G\u00e9n\u00e9ral de Gaulle hinab bis zur<\/p>\n<p><a href=\"http:\/\/menzendorff.de\/wp-content\/uploads\/2018\/02\/20170524_185821.jpg\"><img loading=\"lazy\" class=\"alignright size-large wp-image-1624\" src=\"http:\/\/menzendorff.de\/wp-content\/uploads\/2018\/02\/20170524_185821-1024x768.jpg\" alt=\"20170524_185821\" width=\"625\" height=\"469\" srcset=\"http:\/\/menzendorff.de\/wp-content\/uploads\/2018\/02\/20170524_185821.jpg 1024w, http:\/\/menzendorff.de\/wp-content\/uploads\/2018\/02\/20170524_185821-300x225.jpg 300w, http:\/\/menzendorff.de\/wp-content\/uploads\/2018\/02\/20170524_185821-768x576.jpg 768w, http:\/\/menzendorff.de\/wp-content\/uploads\/2018\/02\/20170524_185821-624x468.jpg 624w\" sizes=\"(max-width: 625px) 100vw, 625px\" \/><\/a><\/p>\n<p style=\"text-align: center;\">Place de la Republique, Soissons<\/p>\n<p style=\"text-align: left;\">wo sich mein Lieblingsrestaurant von Soissons befindet. Ich hatte einen wunderbaren Tag erleben d\u00fcrfen, tolle Sachen gesehen und &#8211; wie man sieht &#8211; das allerbeste Wetter f\u00fcr mein Vorhaben genossen. Und jetzt auch noch ein hervorragendes Essen. Was will man mehr?<\/p>\n<p><span style=\"font-size: xx-large;\">1.5 Commanderie de Moisy-le-Temple, 02810 Montigny l&#8217;Allier<br \/>\n<\/span><\/p>\n<p>Mein n\u00e4chstes Ziel lag 40 Km s\u00fcdwestlich von Soissons, im &#8222;Dreil\u00e4ndereck&#8220; mit den beiden benachbarten D\u00e9partements Oise und Seine-et-Marne. Das Fr\u00fchst\u00fcck in Soissons war offenbar nicht so \u00fcppig. Das schlie\u00dfe ich daraus, weil ich &#8211; nach dem Zeitstempel der Fotos &#8211; schon um 08:54 hier eintraf. Die Commanderie hat die postalische Adresse <span class=\"nowrap\">73, rue<\/span> de la Commanderie in Montigny, befindet sich westlich und etwas ausserhalb des Ortes in dem &#8211; von zahlreichen Wasserl\u00e4ufen durchzogenen &#8211; M\u00fcndungsgebiet des Clignon in den Ourcq, keine 100 Meter von n\u00f6rdlich der Grenze von 77 Seine-et-Marne.<\/p>\n<p>Nach Frizot, Sur les pas des Templiers en terre de France, S. 56, haben die Templer die Kapelle im Jahre 1158 vom Kloster Saint-Jean-des-Vignes, Soissons, \u00fcbernommen. Dies sei, wie im Falle der Marais in Paris, ein weiteres Beispiel daf\u00fcr, dass die Templer Geschick darin zeigten, sumpfige Gel\u00e4nde zu entw\u00e4ssern und brauchbar zu machen. Das Wort <em>moisi<\/em> bedeutet &#8222;modrig&#8220; und k\u00f6nnte als Namensbestandteil des Ortes den fr\u00fcheren Zustand fortgeschrieben haben. Entgegen der Annahme Frizots (aaO) ist das kein seltener Vorgang gewesen. Auch in der Charente haben die Templer sumpfiges Gel\u00e4nde geerbt und der Name der Commanderie <a href=\"http:\/\/menzendorff.de\/?p=21\" target=\"_blank\" rel=\"noopener\"><strong>Villemoison<\/strong><\/a> an der Loire im D\u00e9partement Ni\u00e8vre scheint \u00e4hnliches zu verraten.<\/p>\n<p>Als ich langsam aus \u00f6stlicher Richtung der Kapelle n\u00e4herkam, verschlug es mir fast den Atem. Denn ich hatte eine heruntergekommene Kapelle mit zerst\u00f6rten oder zugemauerten Fenstern und mit aus den Mauern sprie\u00dfendem Gr\u00fcnzeug erwartet, etwa so:<\/p>\n<p><a href=\"http:\/\/menzendorff.de\/wp-content\/uploads\/2018\/02\/2.png\"><img loading=\"lazy\" class=\"alignright size-large wp-image-1672\" src=\"http:\/\/menzendorff.de\/wp-content\/uploads\/2018\/02\/2-1024x665.png\" alt=\"2\" width=\"625\" height=\"406\" srcset=\"http:\/\/menzendorff.de\/wp-content\/uploads\/2018\/02\/2.png 1024w, http:\/\/menzendorff.de\/wp-content\/uploads\/2018\/02\/2-300x195.png 300w, http:\/\/menzendorff.de\/wp-content\/uploads\/2018\/02\/2-768x499.png 768w, http:\/\/menzendorff.de\/wp-content\/uploads\/2018\/02\/2-624x405.png 624w\" sizes=\"(max-width: 625px) 100vw, 625px\" \/><\/a><\/p>\n<p style=\"text-align: center;\">(Quelle: Google maps), aber das ist wohl lange Zeit her, denn jetzt sieht sie so aus:<\/p>\n<p style=\"text-align: left;\"><a href=\"http:\/\/menzendorff.de\/wp-content\/uploads\/2018\/02\/1.jpg\"><img loading=\"lazy\" class=\"alignright size-large wp-image-1673\" src=\"http:\/\/menzendorff.de\/wp-content\/uploads\/2018\/02\/1-1024x683.jpg\" alt=\"1\" width=\"625\" height=\"417\" srcset=\"http:\/\/menzendorff.de\/wp-content\/uploads\/2018\/02\/1.jpg 1024w, http:\/\/menzendorff.de\/wp-content\/uploads\/2018\/02\/1-300x200.jpg 300w, http:\/\/menzendorff.de\/wp-content\/uploads\/2018\/02\/1-768x512.jpg 768w, http:\/\/menzendorff.de\/wp-content\/uploads\/2018\/02\/1-624x416.jpg 624w\" sizes=\"(max-width: 625px) 100vw, 625px\" \/><\/a><\/p>\n<p style=\"text-align: center;\"><strong>Moisy-le-Temple<\/strong>, Montigny l&#8217;Allier, Mai 2017<\/p>\n<p><a href=\"http:\/\/menzendorff.de\/wp-content\/uploads\/2018\/02\/DSC_0112.jpg\"><img loading=\"lazy\" class=\"alignright size-large wp-image-1632\" src=\"http:\/\/menzendorff.de\/wp-content\/uploads\/2018\/02\/DSC_0112-1024x683.jpg\" alt=\"DSC_0112\" width=\"625\" height=\"417\" srcset=\"http:\/\/menzendorff.de\/wp-content\/uploads\/2018\/02\/DSC_0112.jpg 1024w, http:\/\/menzendorff.de\/wp-content\/uploads\/2018\/02\/DSC_0112-300x200.jpg 300w, http:\/\/menzendorff.de\/wp-content\/uploads\/2018\/02\/DSC_0112-768x512.jpg 768w, http:\/\/menzendorff.de\/wp-content\/uploads\/2018\/02\/DSC_0112-624x416.jpg 624w\" sizes=\"(max-width: 625px) 100vw, 625px\" \/><\/a><\/p>\n<p>Die Bauarbeiten sind noch in vollem Gange. Die Kapelle wurde wohl als erstes in Angriff genommen. Derzeit arbeitet man an dem Herrenhaus aus dem 16. Jahrhundert, das leider einger\u00fcstet war.<\/p>\n<p><a href=\"http:\/\/menzendorff.de\/wp-content\/uploads\/2018\/02\/DSC_0123.jpg\"><img loading=\"lazy\" class=\"alignright size-large wp-image-1635\" src=\"http:\/\/menzendorff.de\/wp-content\/uploads\/2018\/02\/DSC_0123-1024x683.jpg\" alt=\"DSC_0123\" width=\"625\" height=\"417\" srcset=\"http:\/\/menzendorff.de\/wp-content\/uploads\/2018\/02\/DSC_0123.jpg 1024w, http:\/\/menzendorff.de\/wp-content\/uploads\/2018\/02\/DSC_0123-300x200.jpg 300w, http:\/\/menzendorff.de\/wp-content\/uploads\/2018\/02\/DSC_0123-768x512.jpg 768w, http:\/\/menzendorff.de\/wp-content\/uploads\/2018\/02\/DSC_0123-624x416.jpg 624w\" sizes=\"(max-width: 625px) 100vw, 625px\" \/><\/a><\/p>\n<p style=\"text-align: center;\">Westflanke der Commanderie<\/p>\n<p><a href=\"http:\/\/menzendorff.de\/wp-content\/uploads\/2018\/02\/DSC_0126.jpg\"><img loading=\"lazy\" class=\"alignright size-large wp-image-1636\" src=\"http:\/\/menzendorff.de\/wp-content\/uploads\/2018\/02\/DSC_0126-1024x683.jpg\" alt=\"DSC_0126\" width=\"625\" height=\"417\" srcset=\"http:\/\/menzendorff.de\/wp-content\/uploads\/2018\/02\/DSC_0126.jpg 1024w, http:\/\/menzendorff.de\/wp-content\/uploads\/2018\/02\/DSC_0126-300x200.jpg 300w, http:\/\/menzendorff.de\/wp-content\/uploads\/2018\/02\/DSC_0126-768x512.jpg 768w, http:\/\/menzendorff.de\/wp-content\/uploads\/2018\/02\/DSC_0126-624x416.jpg 624w\" sizes=\"(max-width: 625px) 100vw, 625px\" \/><\/a><\/p>\n<p style=\"text-align: center;\">Blick auf den Innenhof aus S\u00fcdwesten<\/p>\n<p><a href=\"http:\/\/menzendorff.de\/wp-content\/uploads\/2018\/02\/DSC_0116.jpg\"><img loading=\"lazy\" class=\"alignright size-large wp-image-1630\" src=\"http:\/\/menzendorff.de\/wp-content\/uploads\/2018\/02\/DSC_0116-1024x683.jpg\" alt=\"DSC_0116\" width=\"625\" height=\"417\" srcset=\"http:\/\/menzendorff.de\/wp-content\/uploads\/2018\/02\/DSC_0116.jpg 1024w, http:\/\/menzendorff.de\/wp-content\/uploads\/2018\/02\/DSC_0116-300x200.jpg 300w, http:\/\/menzendorff.de\/wp-content\/uploads\/2018\/02\/DSC_0116-768x512.jpg 768w, http:\/\/menzendorff.de\/wp-content\/uploads\/2018\/02\/DSC_0116-624x416.jpg 624w\" sizes=\"(max-width: 625px) 100vw, 625px\" \/><\/a><\/p>\n<p style=\"text-align: center;\">Nordflanke, von Westen<\/p>\n<p>Zum Abschied ein kleines Bilderr\u00e4tsel. Erkennen Sie die 10 Unterschiede?<\/p>\n<p><a href=\"http:\/\/menzendorff.de\/wp-content\/uploads\/2018\/02\/DSC_0118-1.jpg\"><img loading=\"lazy\" class=\"alignright size-full wp-image-1675\" src=\"http:\/\/menzendorff.de\/wp-content\/uploads\/2018\/02\/DSC_0118-1.jpg\" alt=\"DSC_0118\" width=\"924\" height=\"544\" srcset=\"http:\/\/menzendorff.de\/wp-content\/uploads\/2018\/02\/DSC_0118-1.jpg 924w, http:\/\/menzendorff.de\/wp-content\/uploads\/2018\/02\/DSC_0118-1-300x177.jpg 300w, http:\/\/menzendorff.de\/wp-content\/uploads\/2018\/02\/DSC_0118-1-768x452.jpg 768w, http:\/\/menzendorff.de\/wp-content\/uploads\/2018\/02\/DSC_0118-1-624x367.jpg 624w\" sizes=\"(max-width: 924px) 100vw, 924px\" \/><\/a><\/p>\n<p>&nbsp;<\/p>\n<p><a href=\"http:\/\/menzendorff.de\/wp-content\/uploads\/2018\/02\/3.png\"><img loading=\"lazy\" class=\"alignright size-full wp-image-1674\" src=\"http:\/\/menzendorff.de\/wp-content\/uploads\/2018\/02\/3.png\" alt=\"3\" width=\"952\" height=\"539\" srcset=\"http:\/\/menzendorff.de\/wp-content\/uploads\/2018\/02\/3.png 952w, http:\/\/menzendorff.de\/wp-content\/uploads\/2018\/02\/3-300x170.png 300w, http:\/\/menzendorff.de\/wp-content\/uploads\/2018\/02\/3-768x435.png 768w, http:\/\/menzendorff.de\/wp-content\/uploads\/2018\/02\/3-624x353.png 624w\" sizes=\"(max-width: 952px) 100vw, 952px\" \/><\/a><\/p>\n<p style=\"text-align: center;\">Copyright: <a href=\"https:\/\/fr.wikipedia.org\/wiki\/Commanderie_de_Moisy-le-Temple\">Wikipedia Commons<\/a><\/p>\n<p style=\"text-align: left;\">Ein paar hundert Meter weiter \u00f6stlich befindet sich die Gemeindekirche des Ortes Montigny l&#8217;Allier, ein beeindruckendes Bauwerk aus der \u00dcbergangszeit zwischen Romanik und Gotik.<\/p>\n<p style=\"text-align: center;\"><a href=\"http:\/\/menzendorff.de\/wp-content\/uploads\/2018\/02\/DSC_0136.jpg\"><img loading=\"lazy\" class=\"size-full wp-image-1676 aligncenter\" src=\"http:\/\/menzendorff.de\/wp-content\/uploads\/2018\/02\/DSC_0136.jpg\" alt=\"DSC_0136\" width=\"593\" height=\"581\" srcset=\"http:\/\/menzendorff.de\/wp-content\/uploads\/2018\/02\/DSC_0136.jpg 593w, http:\/\/menzendorff.de\/wp-content\/uploads\/2018\/02\/DSC_0136-300x294.jpg 300w\" sizes=\"(max-width: 593px) 100vw, 593px\" \/><\/a>\u00c9glise Saint-Martin de Montigny l&#8217;Allier<\/p>\n<p><span style=\"font-size: xx-large;\">1.5 Commanderie Viffort, 02540 Viffort<br \/>\n<\/span><\/p>\n<p>Als mein n\u00e4chstes Etappenziel hatte ich mir die Commanderie <strong>Viffort<\/strong> ausgesucht. Sie befindet sich etwa 35 Km s\u00fcd\u00f6stlich von meinem letzten Ziel ind der N\u00e4he der Grenze zum D\u00e9partement Marne. Wann die Templer die Commanderie genau gegr\u00fcndet haben, ob Ende des 12. oder Anfang des 13. Jahrhunderts, ist nicht bekannt. Sie wird jedenfalls erstmals im Jahre 1229 in einem Schiedsspruch urkundlich erw\u00e4hnt. (<a href=\"http:\/\/www.templiers.org\/viffort.php\" target=\"_blank\" rel=\"noopener\">Proj\u00e9t Beauceant<\/a>).<\/p>\n<p><a href=\"http:\/\/menzendorff.de\/wp-content\/uploads\/2018\/02\/DSC_0141-1.jpg\"><img loading=\"lazy\" class=\"alignright size-large wp-image-1638\" src=\"http:\/\/menzendorff.de\/wp-content\/uploads\/2018\/02\/DSC_0141-1-1024x683.jpg\" alt=\"DSC_0141\" width=\"625\" height=\"417\" srcset=\"http:\/\/menzendorff.de\/wp-content\/uploads\/2018\/02\/DSC_0141-1.jpg 1024w, http:\/\/menzendorff.de\/wp-content\/uploads\/2018\/02\/DSC_0141-1-300x200.jpg 300w, http:\/\/menzendorff.de\/wp-content\/uploads\/2018\/02\/DSC_0141-1-768x512.jpg 768w, http:\/\/menzendorff.de\/wp-content\/uploads\/2018\/02\/DSC_0141-1-624x416.jpg 624w\" sizes=\"(max-width: 625px) 100vw, 625px\" \/><\/a><\/p>\n<p style=\"text-align: center;\">Blick von Osten bei der Ortseinfahrt<\/p>\n<p><a href=\"http:\/\/menzendorff.de\/wp-content\/uploads\/2018\/02\/DSC_0147.jpg\"><img loading=\"lazy\" class=\"alignright size-large wp-image-1639\" src=\"http:\/\/menzendorff.de\/wp-content\/uploads\/2018\/02\/DSC_0147-1024x683.jpg\" alt=\"DSC_0147\" width=\"625\" height=\"417\" srcset=\"http:\/\/menzendorff.de\/wp-content\/uploads\/2018\/02\/DSC_0147.jpg 1024w, http:\/\/menzendorff.de\/wp-content\/uploads\/2018\/02\/DSC_0147-300x200.jpg 300w, http:\/\/menzendorff.de\/wp-content\/uploads\/2018\/02\/DSC_0147-768x512.jpg 768w, http:\/\/menzendorff.de\/wp-content\/uploads\/2018\/02\/DSC_0147-624x416.jpg 624w\" sizes=\"(max-width: 625px) 100vw, 625px\" \/><\/a><\/p>\n<p style=\"text-align: center;\">\u00c9glise de la Nativit\u00e9 de la Sainte Vierge, 02540 <strong>Viffort<\/strong><\/p>\n<p><a href=\"http:\/\/menzendorff.de\/wp-content\/uploads\/2018\/02\/DSC_0148.jpg\"><img loading=\"lazy\" class=\"alignright size-large wp-image-1640\" src=\"http:\/\/menzendorff.de\/wp-content\/uploads\/2018\/02\/DSC_0148-1024x683.jpg\" alt=\"DSC_0148\" width=\"625\" height=\"417\" srcset=\"http:\/\/menzendorff.de\/wp-content\/uploads\/2018\/02\/DSC_0148.jpg 1024w, http:\/\/menzendorff.de\/wp-content\/uploads\/2018\/02\/DSC_0148-300x200.jpg 300w, http:\/\/menzendorff.de\/wp-content\/uploads\/2018\/02\/DSC_0148-768x512.jpg 768w, http:\/\/menzendorff.de\/wp-content\/uploads\/2018\/02\/DSC_0148-624x416.jpg 624w\" sizes=\"(max-width: 625px) 100vw, 625px\" \/><\/a><\/p>\n<p style=\"text-align: center;\">Blick von S\u00fcdwesten<\/p>\n<p><a href=\"http:\/\/menzendorff.de\/wp-content\/uploads\/2018\/02\/DSC_0149-1.jpg\"><img loading=\"lazy\" class=\"alignright size-large wp-image-1642\" src=\"http:\/\/menzendorff.de\/wp-content\/uploads\/2018\/02\/DSC_0149-1-1024x683.jpg\" alt=\"DSC_0149\" width=\"625\" height=\"417\" srcset=\"http:\/\/menzendorff.de\/wp-content\/uploads\/2018\/02\/DSC_0149-1.jpg 1024w, http:\/\/menzendorff.de\/wp-content\/uploads\/2018\/02\/DSC_0149-1-300x200.jpg 300w, http:\/\/menzendorff.de\/wp-content\/uploads\/2018\/02\/DSC_0149-1-768x512.jpg 768w, http:\/\/menzendorff.de\/wp-content\/uploads\/2018\/02\/DSC_0149-1-624x416.jpg 624w\" sizes=\"(max-width: 625px) 100vw, 625px\" \/><\/a><\/p>\n<p style=\"text-align: center;\">Blick aus n\u00f6rdlicher Richtung<\/p>\n<p style=\"text-align: left;\">Von den Geb\u00e4uden der Templer und Johanniter ist seit dem 18. Jahrhundert nichts mehr \u00fcbrig (<a href=\"http:\/\/www.templiers.org\/viffort.php\" target=\"_blank\" rel=\"noopener\">Proj\u00e9t Beauceant, templiers.org aaO<\/a>) und ich habe bisher noch keinen Beleg daf\u00fcr gefunden, ob die Templer an der Errichtung dieser Kirche mitgewirkt haben. Sie stammt ersichtlich aus dem 12. Jahrhundert, also werden sie sie auch besucht haben. Sie hatten aber auch eine eigene Kapelle, St. Georges. In deren Altarraum sollen Einweihungszeremonien stattgefunden haben\u00a0 <a href=\"http:\/\/www.templiers.net\/departements\/index.php?page=02#1\" target=\"_blank\" rel=\"noopener\">(templiers.net)<\/a>.<\/p>\n<p style=\"text-align: left;\">Angesteckt durch die oben angestellten \u00dcberlegungen mit den Tagesetappen habe ich einmal mehr mit google.maps experimentiert und die Commanderie von <strong>Viffort<\/strong> in Bezug zu umliegenden Templereinrichtungen gesetzt. <strong>Provins<\/strong> war f\u00fcr den Templerorden von enorm wichtiger Bedeutung. Es gab zwei Commanderien und circa 70 H\u00e4user in der Stadt. In Reims kreuzt sich die <strong>via francigena<\/strong> mit der Strecke Metz &#8211; Paris<\/p>\n<p style=\"text-align: center;\"><a href=\"http:\/\/menzendorff.de\/wp-content\/uploads\/2018\/02\/Screenshot-2018-02-25-16.30.15.png\"><img loading=\"lazy\" class=\"alignright size-full wp-image-1681\" src=\"http:\/\/menzendorff.de\/wp-content\/uploads\/2018\/02\/Screenshot-2018-02-25-16.30.15.png\" alt=\"Screenshot 2018-02-25 16.30.15\" width=\"624\" height=\"600\" srcset=\"http:\/\/menzendorff.de\/wp-content\/uploads\/2018\/02\/Screenshot-2018-02-25-16.30.15.png 624w, http:\/\/menzendorff.de\/wp-content\/uploads\/2018\/02\/Screenshot-2018-02-25-16.30.15-300x288.png 300w\" sizes=\"(max-width: 624px) 100vw, 624px\" \/><\/a><\/p>\n<p style=\"text-align: left;\">Die Strecke von Provins nach <strong>Saint-Martin-des-Champs<\/strong> (La Fert\u00e9-Gaucher) betr\u00e4gt 26 Km. Von dort nach<strong> Viffort<\/strong> sind es ebenfalls 26 Km, von Viffort nach <strong>Scai-du-Temple <\/strong>(Passy) 31 Km und von dort nach Reims ebenfalls 31 Km. Ich will das nur einstweilen hier festhalten. Ein &#8222;Anfangsverdacht&#8220; f\u00fcr eine strategische Planung ergibt sich daraus aber schon. Zuf\u00e4llig ist das wohl eher nicht.<\/p>\n<p style=\"text-align: left;\">Hier gabs nicht mehr zu sehen, also konnte ich mich meinem n\u00e4chsten Ziel zuwenden. Das Wetter h\u00e4tte nicht besser sein k\u00f6nnen und es war noch fr\u00fch am Tag.<\/p>\n<p style=\"text-align: left;\"><span style=\"font-size: xx-large;\">2. \u00cele-de-France, D\u00e9partement Seine-et-Marne<br \/>\n<\/span><\/p>\n<p style=\"text-align: left;\">Mein n\u00e4chstes Ziel lag ca 40 Km s\u00fcdwestlich von Viffort. Hierzu mu\u00dfte ich nicht nur das D\u00e9partement\u00a0 Aisne sondern auch die R\u00e9gion Hauts-de-France verlassen.<\/p>\n<p style=\"text-align: left;\"><span style=\"font-size: xx-large;\">2.1 Commanderie de Chevru, 77320 Chevru<br \/>\n<\/span><\/p>\n<p style=\"text-align: left;\">\u00a0In <a href=\"http:\/\/menzendorff.de\/?p=108\" target=\"_blank\" rel=\"noopener\">Chevru<\/a> war ich schon mal im Jahr 2013 und habe diese merkw\u00fcrdige Kapelle fotografiert. Was genau mich an deren Anblick st\u00f6rte oder wunderte, hatte ich noch gar nicht richtig erfasst. Sie sieht irgendwie h\u00e4sslich aus und man versteht nicht so recht, warum das Dach &#8211; jedenfalls auf einer Seite &#8211; so tief herabgezogen war.<\/p>\n<p><a href=\"http:\/\/menzendorff.de\/wp-content\/uploads\/2018\/02\/DSC09288.jpg\"><img loading=\"lazy\" class=\"size-large wp-image-1651\" src=\"http:\/\/menzendorff.de\/wp-content\/uploads\/2018\/02\/DSC09288-1024x685.jpg\" alt=\"SONY DSC\" width=\"625\" height=\"418\" srcset=\"http:\/\/menzendorff.de\/wp-content\/uploads\/2018\/02\/DSC09288.jpg 1024w, http:\/\/menzendorff.de\/wp-content\/uploads\/2018\/02\/DSC09288-300x201.jpg 300w, http:\/\/menzendorff.de\/wp-content\/uploads\/2018\/02\/DSC09288-768x514.jpg 768w, http:\/\/menzendorff.de\/wp-content\/uploads\/2018\/02\/DSC09288-624x417.jpg 624w\" sizes=\"(max-width: 625px) 100vw, 625px\" \/><\/a><\/p>\n<p>Als ich dieses Mal vor der Kirche stand, fiel es mir wie Schuppen von den Augen. Das Haupt-portal zeigte nach Westen! Das ist mir bisher nur bei einer Templerkirche untergekommen, n\u00e4mlich bei der Commanderie<a href=\"http:\/\/menzendorff.de\/?p=1\" target=\"_blank\" rel=\"noopener\"><strong> Sainte-Eulalie-de-Cernon<\/strong> <\/a>im Larzac, Departement Aveyron. Dort haben die Johanniter die Kirche der Templer um 180 Grad &#8222;gewendet&#8220; und den Haupteingang zur Ortsmitte verlegt, damit auch die Einwohner des Ortes am Gottesdienst teilnehmen konnten. Ich werde dar\u00fcber nachforschen, warum das hier wohl so gemacht wurde und Ihnen zu gegebener Zeit hoffentlich etwas berichten k\u00f6nnen.<\/p>\n<p style=\"text-align: left;\">Dar\u00fcberhinaus mu\u00dfte ich bei der Nachbereitung der letzten Reise erfahren, dass es auch eine Commanderie in Chevru gab, die ich damals \u00fcbersehen hatte, weil sie ausserhalb des Ortes liegt. Diesmal hatte ich mich besser vorbereitet. Die Commanderie liegt ca. 1 Km westlich der Ortschaft. Man gelangt dorthin, indem man rechts an der Kirche vorbei auf der Rue M\u00e9d\u00e9ric Charot den Ort verl\u00e4\u00dft und sodann die zweite Strasse nach links abbiegt, die Rue de la Commanderie.<\/p>\n<p style=\"text-align: left;\"><a href=\"http:\/\/menzendorff.de\/wp-content\/uploads\/2018\/02\/DSC_0162.jpg\"><img loading=\"lazy\" class=\"alignright size-large wp-image-1647\" src=\"http:\/\/menzendorff.de\/wp-content\/uploads\/2018\/02\/DSC_0162-1024x683.jpg\" alt=\"DSC_0162\" width=\"625\" height=\"417\" srcset=\"http:\/\/menzendorff.de\/wp-content\/uploads\/2018\/02\/DSC_0162.jpg 1024w, http:\/\/menzendorff.de\/wp-content\/uploads\/2018\/02\/DSC_0162-300x200.jpg 300w, http:\/\/menzendorff.de\/wp-content\/uploads\/2018\/02\/DSC_0162-768x512.jpg 768w, http:\/\/menzendorff.de\/wp-content\/uploads\/2018\/02\/DSC_0162-624x416.jpg 624w\" sizes=\"(max-width: 625px) 100vw, 625px\" \/><\/a><\/p>\n<p style=\"text-align: center;\">Die Ostflanke der Commanderie <strong>Chevru<\/strong>, Blick nach Norden<\/p>\n<p style=\"text-align: left;\"><a href=\"http:\/\/menzendorff.de\/wp-content\/uploads\/2018\/02\/DSC_0165.jpg\"><img loading=\"lazy\" class=\"alignright size-large wp-image-1648\" src=\"http:\/\/menzendorff.de\/wp-content\/uploads\/2018\/02\/DSC_0165-1024x683.jpg\" alt=\"DSC_0165\" width=\"625\" height=\"417\" srcset=\"http:\/\/menzendorff.de\/wp-content\/uploads\/2018\/02\/DSC_0165.jpg 1024w, http:\/\/menzendorff.de\/wp-content\/uploads\/2018\/02\/DSC_0165-300x200.jpg 300w, http:\/\/menzendorff.de\/wp-content\/uploads\/2018\/02\/DSC_0165-768x512.jpg 768w, http:\/\/menzendorff.de\/wp-content\/uploads\/2018\/02\/DSC_0165-624x416.jpg 624w\" sizes=\"(max-width: 625px) 100vw, 625px\" \/><\/a><\/p>\n<p style=\"text-align: center;\">Blick an der Ostflanke entlang in umgekehrter Richtung<\/p>\n<p style=\"text-align: left;\"><a href=\"http:\/\/menzendorff.de\/wp-content\/uploads\/2018\/02\/DSC_0161.jpg\"><img loading=\"lazy\" class=\"alignright size-large wp-image-1646\" src=\"http:\/\/menzendorff.de\/wp-content\/uploads\/2018\/02\/DSC_0161-1024x683.jpg\" alt=\"DSC_0161\" width=\"625\" height=\"417\" srcset=\"http:\/\/menzendorff.de\/wp-content\/uploads\/2018\/02\/DSC_0161.jpg 1024w, http:\/\/menzendorff.de\/wp-content\/uploads\/2018\/02\/DSC_0161-300x200.jpg 300w, http:\/\/menzendorff.de\/wp-content\/uploads\/2018\/02\/DSC_0161-768x512.jpg 768w, http:\/\/menzendorff.de\/wp-content\/uploads\/2018\/02\/DSC_0161-624x416.jpg 624w\" sizes=\"(max-width: 625px) 100vw, 625px\" \/><\/a><\/p>\n<p style=\"text-align: center;\">Blick durch das Haupttor auf die Kapelle<a href=\"http:\/\/menzendorff.de\/wp-content\/uploads\/2018\/02\/DSC_0156.jpg\"><img loading=\"lazy\" class=\"alignright size-large wp-image-1645\" src=\"http:\/\/menzendorff.de\/wp-content\/uploads\/2018\/02\/DSC_0156-1024x683.jpg\" alt=\"DSC_0156\" width=\"625\" height=\"417\" srcset=\"http:\/\/menzendorff.de\/wp-content\/uploads\/2018\/02\/DSC_0156.jpg 1024w, http:\/\/menzendorff.de\/wp-content\/uploads\/2018\/02\/DSC_0156-300x200.jpg 300w, http:\/\/menzendorff.de\/wp-content\/uploads\/2018\/02\/DSC_0156-768x512.jpg 768w, http:\/\/menzendorff.de\/wp-content\/uploads\/2018\/02\/DSC_0156-624x416.jpg 624w\" sizes=\"(max-width: 625px) 100vw, 625px\" \/><\/a><\/p>\n<p style=\"text-align: center;\">Kapelle in der Totalen von S\u00fcden<\/p>\n<p>Auch hier hatte ich grosses Gl\u00fcck, den Eigent\u00fcmer vor Ort anzutreffen. Leider hatte er den Schl\u00fcssel f\u00fcr das S\u00fcdtor nicht zur Verf\u00fcgung. Er h\u00e4tte mir gerne die Kapelle aus der N\u00e4he gezeigt. Die besten Bilder von der Kapelle bek\u00e4me man aber ohnehin von der S\u00fcdseite und die sei frei zug\u00e4nglich. Er sollte recht haben.<\/p>\n<p style=\"text-align: left;\"><span style=\"font-size: xx-large;\">2.2 Saint-Martin des Champs<br \/>\n<\/span><\/p>\n<p style=\"text-align: left;\">In aller K\u00fcrze: Das n\u00e4chste Ziel wurde wieder ein Flop. Ich suchte die Kapelle Saint-Martin-des Champs, von der man viele Bilder im Netz kennt. Man sieht zumeist Aufnahmen aus grosser Distanz. Sie m\u00fc\u00dfte weithin sichtbar ausserhalb eines Ortes auf einem Feld stehen, umrahmt von landwirtschaftlichen Geb\u00e4uden und in schlechtem Zustand. Nach meiner Planung sollte diese recht nah bei Chevru zu finden sein und so st\u00f6rte ich mich nicht daran, dass das Navi nach Eingabe von &#8222;Saint-Martin-des-Champs&#8220; eine Reisedistanz von 20 Km ermittelte. Dort war wirklich eine mittelalterliche Kapelle an einer Scheune. Auch befand sie sich in schlechtem Zustand. Aber vieles stimmte einfach nicht.<\/p>\n<p style=\"text-align: left;\"><a href=\"http:\/\/menzendorff.de\/wp-content\/uploads\/2018\/02\/DSC_0172.jpg\"><img loading=\"lazy\" class=\"alignright size-large wp-image-1656\" src=\"http:\/\/menzendorff.de\/wp-content\/uploads\/2018\/02\/DSC_0172-1024x683.jpg\" alt=\"DSC_0172\" width=\"625\" height=\"417\" srcset=\"http:\/\/menzendorff.de\/wp-content\/uploads\/2018\/02\/DSC_0172.jpg 1024w, http:\/\/menzendorff.de\/wp-content\/uploads\/2018\/02\/DSC_0172-300x200.jpg 300w, http:\/\/menzendorff.de\/wp-content\/uploads\/2018\/02\/DSC_0172-768x512.jpg 768w, http:\/\/menzendorff.de\/wp-content\/uploads\/2018\/02\/DSC_0172-624x416.jpg 624w\" sizes=\"(max-width: 625px) 100vw, 625px\" \/><\/a><\/p>\n<p style=\"text-align: center;\">Saint-Martin des Champs, 77560 Voulton<\/p>\n<p style=\"text-align: left;\">Diese Kapelle von Saint-Martin-des-Champs sah anders aus und stand direkt an einer Strasse. Sie war auch nicht von landwirtschaftlichen Geb\u00e4uden umgeben, sondern von Bungalows. Ausserdem fehlte das Templert\u00fcrmchen an der Westfassade. Ich hatte die falsche Martinskapelle erwischt. Auch hier w\u00fcrde ich nochmal hinm\u00fcssen.<\/p>\n<p style=\"text-align: left;\">Ich habe zuhause erst ermittelt, da\u00df ich hier den Ortsteil St. Martin der Gemeinde 77560 Voulton erwischt hatte. Die gesuchte Kapelle liegt 20 Km weiter n\u00f6rdlich in dem Ortsteil St. Martin der Gemeinde 77320<strong> La Fert\u00e9-Gaucher<\/strong>. Der eine Ort war im Ortsverzeichnis meines Navis eingetragen, der andere offenbar nicht. Diese Kapelle hier hat ersichtlich nichts mit den Templern zu tun.<\/p>\n<p style=\"text-align: left;\"><span style=\"font-size: xx-large;\">2.3 Commanderie de Vulaines-les-Provins<br \/>\n<\/span><\/p>\n<p style=\"text-align: left;\">Aber auch dieser Irrtum sollte sich auf unerwartete Weise bezahlt machen. W\u00e4re ich nicht irrig nach S\u00fcden gefahren, h\u00e4tte ich wohl nicht in <strong>Vulaines-les-Provins<\/strong>, das etwa 5 Km westlich von Provins liegt, auf dem Parkplatz vor einem merkw\u00fcrdigen Geb\u00e4ude halt gemacht. Mein Templer-Instinkt wurde durch drei Fakten geweckt. Im Burgund hatten die Templer eine Commanderie <a href=\"http:\/\/menzendorff.de\/?p=11\" target=\"_blank\" rel=\"noopener\"><strong>Voulaines-les-Templiers<\/strong><\/a>.\u00a0 Die Kirche ist aus dem 12. oder 13. Jahrhundert. Die Templer waren in und um Provins sehr zahlreich beg\u00fctert. Und wenn ich falsch liegen w\u00fcrde, h\u00e4tte es auch nicht geschadet, hier einen Halt einzulegen. Denn das Bauwerk war kurios. Eine Kapelle direkt an die Mairie geklebt:<\/p>\n<p style=\"text-align: left;\"><a href=\"http:\/\/menzendorff.de\/wp-content\/uploads\/2018\/02\/DSC_0193.jpg\"><img loading=\"lazy\" class=\"alignright size-large wp-image-1653\" src=\"http:\/\/menzendorff.de\/wp-content\/uploads\/2018\/02\/DSC_0193-1024x683.jpg\" alt=\"DSC_0193\" width=\"625\" height=\"417\" srcset=\"http:\/\/menzendorff.de\/wp-content\/uploads\/2018\/02\/DSC_0193.jpg 1024w, http:\/\/menzendorff.de\/wp-content\/uploads\/2018\/02\/DSC_0193-300x200.jpg 300w, http:\/\/menzendorff.de\/wp-content\/uploads\/2018\/02\/DSC_0193-768x512.jpg 768w, http:\/\/menzendorff.de\/wp-content\/uploads\/2018\/02\/DSC_0193-624x416.jpg 624w\" sizes=\"(max-width: 625px) 100vw, 625px\" \/><\/a><\/p>\n<p style=\"text-align: center;\">77160 <strong>Vulaines-l\u00e8s-Provins<\/strong><a href=\"http:\/\/menzendorff.de\/wp-content\/uploads\/2018\/02\/DSC_0194.jpg\"><img loading=\"lazy\" class=\"alignright size-large wp-image-1654\" src=\"http:\/\/menzendorff.de\/wp-content\/uploads\/2018\/02\/DSC_0194-1024x683.jpg\" alt=\"DSC_0194\" width=\"625\" height=\"417\" srcset=\"http:\/\/menzendorff.de\/wp-content\/uploads\/2018\/02\/DSC_0194.jpg 1024w, http:\/\/menzendorff.de\/wp-content\/uploads\/2018\/02\/DSC_0194-300x200.jpg 300w, http:\/\/menzendorff.de\/wp-content\/uploads\/2018\/02\/DSC_0194-768x512.jpg 768w, http:\/\/menzendorff.de\/wp-content\/uploads\/2018\/02\/DSC_0194-624x416.jpg 624w\" sizes=\"(max-width: 625px) 100vw, 625px\" \/><\/a><\/p>\n<p style=\"text-align: left;\">Auch baulich sprach sehr viel daf\u00fcr, dass es sich hier um eine Templerkapelle handelt. Es fehlt ein hoher Glockenturm. Eine gew\u00f6hnliche Gemeinde-Kirche sollte zudem nicht direkt baulich mit Profanbauten verbunden sein. Das w\u00fcrde die \u00d6ffentlichkeit verst\u00f6rt haben, denn diese erwartete schlie\u00dflich, dass eine Kirche als Haus Gottes abgesondert stehen m\u00fcsste. Auch die Gr\u00f6\u00dfe sprach eher f\u00fcr eine Ordenskapelle. Interessant sind die Strukturen im Gem\u00e4uer. Hier schlossen sich noch andere Geb\u00e4ude mit Gew\u00f6lbed\u00e4chern an. Man konnte auch hineinsehen, aber f\u00fcr gelungene Fotos fand ich keine Perspektive.<\/p>\n<p style=\"text-align: left;\">Zuhause habe ich dann festgestellt, dass <strong>Vulaines-l\u00e8s-Provins<\/strong> tats\u00e4chlich als Templerort gelistet wird (<a href=\"http:\/\/www.templiers.net\/commanderies\/index.php?page=commanderies_V\" target=\"_blank\" rel=\"noopener\">Templiers.net<\/a>) .<\/p>\n<p style=\"text-align: left;\"><span style=\"font-size: xx-large;\">2.4 Commanderie de Rampillon<br \/>\n<\/span><\/p>\n<p style=\"text-align: left;\">Das n\u00e4chste Ziel war 12 Km weiter westlich. Nach Aubarbier, S. 49, ist Rampillon ein Templerort. Auch Gaillard, Les Hauts-Lieux Templiers, S. 442, vertritt diese Ansicht, ebenso wie die Gemeindeverwaltung. Das Ortswappen wird von drei Templerkreuzen geziert. An der Kirche befindet sich ein offizielles Hinweisschild, das die Templer als Bauherren der Kirche benennt.<\/p>\n<p style=\"text-align: left;\"><a href=\"http:\/\/menzendorff.de\/wp-content\/uploads\/2017\/05\/DSC_0222.jpg\"><img loading=\"lazy\" class=\"alignright size-large wp-image-1695\" src=\"http:\/\/menzendorff.de\/wp-content\/uploads\/2017\/05\/DSC_0222-1024x683.jpg\" alt=\"DSC_0222\" width=\"625\" height=\"417\" srcset=\"http:\/\/menzendorff.de\/wp-content\/uploads\/2017\/05\/DSC_0222.jpg 1024w, http:\/\/menzendorff.de\/wp-content\/uploads\/2017\/05\/DSC_0222-300x200.jpg 300w, http:\/\/menzendorff.de\/wp-content\/uploads\/2017\/05\/DSC_0222-768x512.jpg 768w, http:\/\/menzendorff.de\/wp-content\/uploads\/2017\/05\/DSC_0222-624x416.jpg 624w\" sizes=\"(max-width: 625px) 100vw, 625px\" \/><\/a><\/p>\n<p style=\"text-align: center;\">Hinweistafel<\/p>\n<p style=\"text-align: left;\"><a href=\"http:\/\/menzendorff.de\/wp-content\/uploads\/2018\/02\/DSC_0198.jpg\"><img loading=\"lazy\" class=\"alignright size-large wp-image-1659\" src=\"http:\/\/menzendorff.de\/wp-content\/uploads\/2018\/02\/DSC_0198-1024x683.jpg\" alt=\"DSC_0198\" width=\"625\" height=\"417\" srcset=\"http:\/\/menzendorff.de\/wp-content\/uploads\/2018\/02\/DSC_0198.jpg 1024w, http:\/\/menzendorff.de\/wp-content\/uploads\/2018\/02\/DSC_0198-300x200.jpg 300w, http:\/\/menzendorff.de\/wp-content\/uploads\/2018\/02\/DSC_0198-768x512.jpg 768w, http:\/\/menzendorff.de\/wp-content\/uploads\/2018\/02\/DSC_0198-624x416.jpg 624w\" sizes=\"(max-width: 625px) 100vw, 625px\" \/><\/a><\/p>\n<p style=\"text-align: center;\">Auch das Strassenschild scheint zu beweisen, das wir hier richtig sind.<\/p>\n<p style=\"text-align: left;\">Die Kirche in Rampillon ist m\u00e4chtig und hat einen gewaltigen Kirchturm. Das ist eher untypisch f\u00fcr die Templer. Diese hatten zwar auch Kirchen unter Ordenspatronat (Sarnowski, Die Templer, S. 86), aber die meisten Templerkapellen, die ich kenne, haben allenfalls ein kleines T\u00fcrmchen, was anzeigt, dass sie nur f\u00fcr Ordensmitglieder bestimmt sind.<\/p>\n<p style=\"text-align: left;\"><a href=\"http:\/\/menzendorff.de\/wp-content\/uploads\/2018\/02\/DSC_0200.jpg\"><img loading=\"lazy\" class=\"alignright size-large wp-image-1660\" src=\"http:\/\/menzendorff.de\/wp-content\/uploads\/2018\/02\/DSC_0200-1024x683.jpg\" alt=\"DSC_0200\" width=\"625\" height=\"417\" srcset=\"http:\/\/menzendorff.de\/wp-content\/uploads\/2018\/02\/DSC_0200.jpg 1024w, http:\/\/menzendorff.de\/wp-content\/uploads\/2018\/02\/DSC_0200-300x200.jpg 300w, http:\/\/menzendorff.de\/wp-content\/uploads\/2018\/02\/DSC_0200-768x512.jpg 768w, http:\/\/menzendorff.de\/wp-content\/uploads\/2018\/02\/DSC_0200-624x416.jpg 624w\" sizes=\"(max-width: 625px) 100vw, 625px\" \/><\/a><\/p>\n<p style=\"text-align: center;\">\u00c9glise Saint-\u00c9liphe, 77370 Rampillon, S\u00fcdseite<\/p>\n<p style=\"text-align: left;\"><a href=\"http:\/\/menzendorff.de\/wp-content\/uploads\/2018\/02\/DSC_0204.jpg\"><img loading=\"lazy\" class=\"alignright size-large wp-image-1662\" src=\"http:\/\/menzendorff.de\/wp-content\/uploads\/2018\/02\/DSC_0204-1024x683.jpg\" alt=\"DSC_0204\" width=\"625\" height=\"417\" srcset=\"http:\/\/menzendorff.de\/wp-content\/uploads\/2018\/02\/DSC_0204.jpg 1024w, http:\/\/menzendorff.de\/wp-content\/uploads\/2018\/02\/DSC_0204-300x200.jpg 300w, http:\/\/menzendorff.de\/wp-content\/uploads\/2018\/02\/DSC_0204-768x512.jpg 768w, http:\/\/menzendorff.de\/wp-content\/uploads\/2018\/02\/DSC_0204-624x416.jpg 624w\" sizes=\"(max-width: 625px) 100vw, 625px\" \/><\/a><\/p>\n<p style=\"text-align: center;\">S\u00fcd-Portal Saint-\u00c9liphe<\/p>\n<p style=\"text-align: left;\"><a href=\"http:\/\/menzendorff.de\/wp-content\/uploads\/2018\/02\/DSC_0206.jpg\"><img loading=\"lazy\" class=\"alignright size-large wp-image-1663\" src=\"http:\/\/menzendorff.de\/wp-content\/uploads\/2018\/02\/DSC_0206-1024x683.jpg\" alt=\"DSC_0206\" width=\"625\" height=\"417\" srcset=\"http:\/\/menzendorff.de\/wp-content\/uploads\/2018\/02\/DSC_0206.jpg 1024w, http:\/\/menzendorff.de\/wp-content\/uploads\/2018\/02\/DSC_0206-300x200.jpg 300w, http:\/\/menzendorff.de\/wp-content\/uploads\/2018\/02\/DSC_0206-768x512.jpg 768w, http:\/\/menzendorff.de\/wp-content\/uploads\/2018\/02\/DSC_0206-624x416.jpg 624w\" sizes=\"(max-width: 625px) 100vw, 625px\" \/><\/a><\/p>\n<p style=\"text-align: left;\">Solche &#8222;Torh\u00fcterfiguren&#8220; (vgl. Christina Berns, Chapelle Templi\u00e8re du Saulce d&#8217;Island, academia edu) gibt es an Templerkapellen oft (La Saulce d&#8217;Island, Templecombe u.a.) aber auch an Deutschordenskirchen (M\u00fcnnerstadt). M\u00f6glicherweise ist das nicht einmal typisch f\u00fcr Ordenskirchen, sondern auch bei &#8222;gew\u00f6hnlichen&#8220; Kirchen anzutreffen, was ich noch nicht \u00fcberpr\u00fcft habe.<\/p>\n<p style=\"text-align: left;\"><a href=\"http:\/\/menzendorff.de\/wp-content\/uploads\/2018\/02\/DSC_0209.jpg\"><img loading=\"lazy\" class=\"alignright size-large wp-image-1664\" src=\"http:\/\/menzendorff.de\/wp-content\/uploads\/2018\/02\/DSC_0209-1024x683.jpg\" alt=\"DSC_0209\" width=\"625\" height=\"417\" srcset=\"http:\/\/menzendorff.de\/wp-content\/uploads\/2018\/02\/DSC_0209.jpg 1024w, http:\/\/menzendorff.de\/wp-content\/uploads\/2018\/02\/DSC_0209-300x200.jpg 300w, http:\/\/menzendorff.de\/wp-content\/uploads\/2018\/02\/DSC_0209-768x512.jpg 768w, http:\/\/menzendorff.de\/wp-content\/uploads\/2018\/02\/DSC_0209-624x416.jpg 624w\" sizes=\"(max-width: 625px) 100vw, 625px\" \/><\/a><\/p>\n<p style=\"text-align: center;\">Westportal Saint \u00c9liphe<\/p>\n<p style=\"text-align: left;\"><a href=\"http:\/\/menzendorff.de\/wp-content\/uploads\/2018\/02\/DSC_0214.jpg\"><img loading=\"lazy\" class=\"alignright size-large wp-image-1665\" src=\"http:\/\/menzendorff.de\/wp-content\/uploads\/2018\/02\/DSC_0214-1024x683.jpg\" alt=\"DSC_0214\" width=\"625\" height=\"417\" srcset=\"http:\/\/menzendorff.de\/wp-content\/uploads\/2018\/02\/DSC_0214.jpg 1024w, http:\/\/menzendorff.de\/wp-content\/uploads\/2018\/02\/DSC_0214-300x200.jpg 300w, http:\/\/menzendorff.de\/wp-content\/uploads\/2018\/02\/DSC_0214-768x512.jpg 768w, http:\/\/menzendorff.de\/wp-content\/uploads\/2018\/02\/DSC_0214-624x416.jpg 624w\" sizes=\"(max-width: 625px) 100vw, 625px\" \/><\/a><\/p>\n<p style=\"text-align: center;\">Detail, links<\/p>\n<p style=\"text-align: left;\"><a href=\"http:\/\/menzendorff.de\/wp-content\/uploads\/2018\/02\/DSC_0215.jpg\"><img loading=\"lazy\" class=\"alignright size-large wp-image-1666\" src=\"http:\/\/menzendorff.de\/wp-content\/uploads\/2018\/02\/DSC_0215-1024x683.jpg\" alt=\"DSC_0215\" width=\"625\" height=\"417\" srcset=\"http:\/\/menzendorff.de\/wp-content\/uploads\/2018\/02\/DSC_0215.jpg 1024w, http:\/\/menzendorff.de\/wp-content\/uploads\/2018\/02\/DSC_0215-300x200.jpg 300w, http:\/\/menzendorff.de\/wp-content\/uploads\/2018\/02\/DSC_0215-768x512.jpg 768w, http:\/\/menzendorff.de\/wp-content\/uploads\/2018\/02\/DSC_0215-624x416.jpg 624w\" sizes=\"(max-width: 625px) 100vw, 625px\" \/><\/a><\/p>\n<p style=\"text-align: center;\">Detail, rechts<\/p>\n<p style=\"text-align: left;\"><a href=\"http:\/\/menzendorff.de\/wp-content\/uploads\/2018\/02\/DSC_0216.jpg\"><img loading=\"lazy\" class=\"alignright size-large wp-image-1667\" src=\"http:\/\/menzendorff.de\/wp-content\/uploads\/2018\/02\/DSC_0216-1024x683.jpg\" alt=\"DSC_0216\" width=\"625\" height=\"417\" srcset=\"http:\/\/menzendorff.de\/wp-content\/uploads\/2018\/02\/DSC_0216.jpg 1024w, http:\/\/menzendorff.de\/wp-content\/uploads\/2018\/02\/DSC_0216-300x200.jpg 300w, http:\/\/menzendorff.de\/wp-content\/uploads\/2018\/02\/DSC_0216-768x512.jpg 768w, http:\/\/menzendorff.de\/wp-content\/uploads\/2018\/02\/DSC_0216-624x416.jpg 624w\" sizes=\"(max-width: 625px) 100vw, 625px\" \/><\/a><\/p>\n<p style=\"text-align: center;\">Detail links unten, unbekleidete K\u00f6rper erheben sich aus S\u00e4rgen<\/p>\n<p style=\"text-align: left;\"><a href=\"http:\/\/menzendorff.de\/wp-content\/uploads\/2018\/02\/DSC_0217.jpg\"><img loading=\"lazy\" class=\"alignright size-large wp-image-1668\" src=\"http:\/\/menzendorff.de\/wp-content\/uploads\/2018\/02\/DSC_0217-1024x683.jpg\" alt=\"DSC_0217\" width=\"625\" height=\"417\" srcset=\"http:\/\/menzendorff.de\/wp-content\/uploads\/2018\/02\/DSC_0217.jpg 1024w, http:\/\/menzendorff.de\/wp-content\/uploads\/2018\/02\/DSC_0217-300x200.jpg 300w, http:\/\/menzendorff.de\/wp-content\/uploads\/2018\/02\/DSC_0217-768x512.jpg 768w, http:\/\/menzendorff.de\/wp-content\/uploads\/2018\/02\/DSC_0217-624x416.jpg 624w\" sizes=\"(max-width: 625px) 100vw, 625px\" \/><\/a><\/p>\n<p style=\"text-align: center;\">Unten rechts, eine feine Dame \u00f6ffnet ihren Sarg<\/p>\n<p style=\"text-align: left;\"><a href=\"http:\/\/menzendorff.de\/wp-content\/uploads\/2018\/02\/DSC_0220.jpg\"><img loading=\"lazy\" class=\"alignright size-large wp-image-1669\" src=\"http:\/\/menzendorff.de\/wp-content\/uploads\/2018\/02\/DSC_0220-1024x683.jpg\" alt=\"DSC_0220\" width=\"625\" height=\"417\" srcset=\"http:\/\/menzendorff.de\/wp-content\/uploads\/2018\/02\/DSC_0220.jpg 1024w, http:\/\/menzendorff.de\/wp-content\/uploads\/2018\/02\/DSC_0220-300x200.jpg 300w, http:\/\/menzendorff.de\/wp-content\/uploads\/2018\/02\/DSC_0220-768x512.jpg 768w, http:\/\/menzendorff.de\/wp-content\/uploads\/2018\/02\/DSC_0220-624x416.jpg 624w\" sizes=\"(max-width: 625px) 100vw, 625px\" \/><\/a><\/p>\n<p style=\"text-align: center;\">Diese Abbildung stellt wohl den Kopf eines Ritters dar.<\/p>\n<p style=\"text-align: left;\">F\u00fcr eine Templerkapelle sind aufw\u00e4ndige Verzierungen und gotische Pracht sehr fremd. Bernhard von Clairvaux, der geistige Ziehvater der Templer, lehnte die Pracht gotischer Kathedralen ausdr\u00fccklich ab. Dieser geistigen Tradition folgend, sind die Templerkapellen ganz \u00fcberwiegend schlichte Rechteckbauten mit wenigen Skulpturen und sparsam bemalt, bis auf Montsaun\u00e8s, Cressac und Perugia.<\/p>\n<p style=\"text-align: left;\">Nach<a href=\"http:\/\/www.templiers.net\/commanderies\/index.php?page=commanderies_R\" target=\"_blank\" rel=\"noopener\"> Jack Bocar<\/a> und <a href=\"https:\/\/de.wikipedia.org\/wiki\/St-%C3%89liphe_(Rampillon)\" target=\"_blank\" rel=\"noopener\">Wikipedia<\/a>\u00a0 sind die Johanniter die Gr\u00fcnder dieser Kirche. Mit h\u00f6renswerten, aber nicht immer voll \u00fcberzeugenden Argumenten wird auf der Webseite der Organisation <a href=\"https:\/\/www.templedeparis.fr\/2015\/01\/20\/rampillon-la-v%C3%A9ritable-origine-de-la-commanderie\/\" target=\"_blank\" rel=\"noopener\">Temple de Paris<\/a> ausf\u00fchrlich dargelegt, dass es an der Zeit w\u00e4re, sich von dem bisherigen Irrglauben, es handele sich hier um eine Templerkirche, abzuwenden. Ich vermag den Meinungsstreit an dieser Stelle nicht zu entscheiden und finde, dass die Meinung des Temple de Paris mit meinem Bauchgef\u00fchl \u00fcbereinstimmt. Ich habe noch keine derart dekorierte Kirche von den Templern gesehen. Die Johanniter schreckten bei ihren Bauwerken jedoch nicht vor gotischer Pracht zur\u00fcck (Neckarelz, Bad Mergentheim). Das n\u00e4chste Ziel, bitte sehr:<\/p>\n<p style=\"text-align: left;\"><span style=\"font-size: xx-large;\">2.5 Commanderie de Savigny-le-Temple<\/span><\/p>\n<p style=\"text-align: left;\">F\u00fcr mein letztes Tagesziel musste ich 40 Km nach Westen zur\u00fccklegen. <strong>Savigny-le-Temple<\/strong> ist schon in Reichweite des Nahverkehrssystems RER (S-Bahn) und damit als Vorort von Paris zu bezeichnen. Pulsierendes Leben und moderne Strassenschluchten katapultierten mich augenblicklich in eine andere Welt, ganz weit weg von der l\u00e4ndlichen Idylle, die mich bisher umgeben hatte. Savigny-le-Temple liegt ein paar Kilometer n\u00f6rdlich von Melun und auf halbem Weg zwischen Fontainebleau und Cr\u00e9teil am rechten Ufer der Seine, eingebettet zwischen der A 6 im Westen und der hier parallel dazu verlaufenden A 5 im Osten. Wie man der Cassini-Karte von 1774 &#8211; 1814 entnehmen kann, ging vor ca. 200 Jahren die Fernstrasse nach Paris mitten durch den Ort, was die Bedeutung des Ortes unterstreicht. Wir wissen aus dem Bericht von Februar 2017, dass diese Fernstrasse bis ins Burgund und letztlich bis nach Marseille f\u00fchrte.<\/p>\n<p style=\"text-align: left;\"><a href=\"http:\/\/menzendorff.de\/wp-content\/uploads\/2017\/05\/Screenshot-2018-02-28-19.06.07.png\"><img loading=\"lazy\" class=\"alignright size-full wp-image-1711\" src=\"http:\/\/menzendorff.de\/wp-content\/uploads\/2017\/05\/Screenshot-2018-02-28-19.06.07.png\" alt=\"Screenshot 2018-02-28 19.06.07\" width=\"925\" height=\"294\" srcset=\"http:\/\/menzendorff.de\/wp-content\/uploads\/2017\/05\/Screenshot-2018-02-28-19.06.07.png 925w, http:\/\/menzendorff.de\/wp-content\/uploads\/2017\/05\/Screenshot-2018-02-28-19.06.07-300x95.png 300w, http:\/\/menzendorff.de\/wp-content\/uploads\/2017\/05\/Screenshot-2018-02-28-19.06.07-768x244.png 768w, http:\/\/menzendorff.de\/wp-content\/uploads\/2017\/05\/Screenshot-2018-02-28-19.06.07-624x198.png 624w\" sizes=\"(max-width: 925px) 100vw, 925px\" \/><\/a><\/p>\n<p style=\"text-align: center;\">Carte Cassini Copyright <a href=\"http:\/\/www.templiers.net\/departements\/index.php?page=77#1\" target=\"_blank\" rel=\"noopener\">Templiers.net<\/a><\/p>\n<p style=\"text-align: left;\"><a href=\"http:\/\/menzendorff.de\/wp-content\/uploads\/2017\/05\/DSC_0257.jpg\"><img loading=\"lazy\" class=\"alignright size-large wp-image-1705\" src=\"http:\/\/menzendorff.de\/wp-content\/uploads\/2017\/05\/DSC_0257-1024x683.jpg\" alt=\"DSC_0257\" width=\"625\" height=\"417\" srcset=\"http:\/\/menzendorff.de\/wp-content\/uploads\/2017\/05\/DSC_0257.jpg 1024w, http:\/\/menzendorff.de\/wp-content\/uploads\/2017\/05\/DSC_0257-300x200.jpg 300w, http:\/\/menzendorff.de\/wp-content\/uploads\/2017\/05\/DSC_0257-768x512.jpg 768w, http:\/\/menzendorff.de\/wp-content\/uploads\/2017\/05\/DSC_0257-624x416.jpg 624w\" sizes=\"(max-width: 625px) 100vw, 625px\" \/><\/a><\/p>\n<p style=\"text-align: center;\">Templerkirche Saint-Germain d&#8217;Auxerre, <strong>77176 Savigny-le-Temple<\/strong><\/p>\n<p style=\"text-align: left;\"><a href=\"http:\/\/menzendorff.de\/wp-content\/uploads\/2017\/05\/DSC_0261.jpg\"><img loading=\"lazy\" class=\"alignright size-large wp-image-1706\" src=\"http:\/\/menzendorff.de\/wp-content\/uploads\/2017\/05\/DSC_0261-1024x683.jpg\" alt=\"DSC_0261\" width=\"625\" height=\"417\" srcset=\"http:\/\/menzendorff.de\/wp-content\/uploads\/2017\/05\/DSC_0261.jpg 1024w, http:\/\/menzendorff.de\/wp-content\/uploads\/2017\/05\/DSC_0261-300x200.jpg 300w, http:\/\/menzendorff.de\/wp-content\/uploads\/2017\/05\/DSC_0261-768x512.jpg 768w, http:\/\/menzendorff.de\/wp-content\/uploads\/2017\/05\/DSC_0261-624x416.jpg 624w\" sizes=\"(max-width: 625px) 100vw, 625px\" \/><\/a><\/p>\n<p style=\"text-align: center;\">Ansicht von S\u00fcden<\/p>\n<p style=\"text-align: left;\"><a href=\"http:\/\/menzendorff.de\/wp-content\/uploads\/2017\/05\/DSC_0242.jpg\"><img loading=\"lazy\" class=\"alignright size-large wp-image-1702\" src=\"http:\/\/menzendorff.de\/wp-content\/uploads\/2017\/05\/DSC_0242-1024x683.jpg\" alt=\"DSC_0242\" width=\"625\" height=\"417\" srcset=\"http:\/\/menzendorff.de\/wp-content\/uploads\/2017\/05\/DSC_0242.jpg 1024w, http:\/\/menzendorff.de\/wp-content\/uploads\/2017\/05\/DSC_0242-300x200.jpg 300w, http:\/\/menzendorff.de\/wp-content\/uploads\/2017\/05\/DSC_0242-768x512.jpg 768w, http:\/\/menzendorff.de\/wp-content\/uploads\/2017\/05\/DSC_0242-624x416.jpg 624w\" sizes=\"(max-width: 625px) 100vw, 625px\" \/><\/a><\/p>\n<p style=\"text-align: center;\">Blick vom Vorplatz der Commanderie auf die Kirche<\/p>\n<p style=\"text-align: left;\">Die L\u00e4ndereien erhielten die Templer im Jahre 1149 von K\u00f6nig Louis VII nach seiner R\u00fcckkehr aus dem heiligen Land als Dank f\u00fcr ihre Dienste auf seinem Kreuzzug: <em>concessimus villam nostram que appellatur Saviniacum<\/em> (Quelle: <a href=\"http:\/\/www.templiers.net\/departements\/index.php?page=77#1\" target=\"_blank\" rel=\"noopener\">Templiers.net<\/a> m.w.N.).<\/p>\n<p style=\"text-align: left;\"><a href=\"http:\/\/menzendorff.de\/wp-content\/uploads\/2017\/05\/DSC_0236.jpg\"><img loading=\"lazy\" class=\"alignright size-large wp-image-1700\" src=\"http:\/\/menzendorff.de\/wp-content\/uploads\/2017\/05\/DSC_0236-1024x683.jpg\" alt=\"DSC_0236\" width=\"625\" height=\"417\" srcset=\"http:\/\/menzendorff.de\/wp-content\/uploads\/2017\/05\/DSC_0236.jpg 1024w, http:\/\/menzendorff.de\/wp-content\/uploads\/2017\/05\/DSC_0236-300x200.jpg 300w, http:\/\/menzendorff.de\/wp-content\/uploads\/2017\/05\/DSC_0236-768x512.jpg 768w, http:\/\/menzendorff.de\/wp-content\/uploads\/2017\/05\/DSC_0236-624x416.jpg 624w\" sizes=\"(max-width: 625px) 100vw, 625px\" \/><\/a><\/p>\n<p style=\"text-align: center;\">Nordflanke der Commanderie<\/p>\n<p style=\"text-align: left;\"><a href=\"http:\/\/menzendorff.de\/wp-content\/uploads\/2017\/05\/DSC_0235.jpg\"><img loading=\"lazy\" class=\"alignright size-large wp-image-1699\" src=\"http:\/\/menzendorff.de\/wp-content\/uploads\/2017\/05\/DSC_0235-1024x683.jpg\" alt=\"DSC_0235\" width=\"625\" height=\"417\" srcset=\"http:\/\/menzendorff.de\/wp-content\/uploads\/2017\/05\/DSC_0235.jpg 1024w, http:\/\/menzendorff.de\/wp-content\/uploads\/2017\/05\/DSC_0235-300x200.jpg 300w, http:\/\/menzendorff.de\/wp-content\/uploads\/2017\/05\/DSC_0235-768x512.jpg 768w, http:\/\/menzendorff.de\/wp-content\/uploads\/2017\/05\/DSC_0235-624x416.jpg 624w\" sizes=\"(max-width: 625px) 100vw, 625px\" \/><\/a><\/p>\n<p style=\"text-align: center;\">Ostflanke von Nord nach S\u00fcd<\/p>\n<p style=\"text-align: left;\"><a href=\"http:\/\/menzendorff.de\/wp-content\/uploads\/2017\/05\/DSC_0232.jpg\"><img loading=\"lazy\" class=\"alignright size-large wp-image-1698\" src=\"http:\/\/menzendorff.de\/wp-content\/uploads\/2017\/05\/DSC_0232-1024x683.jpg\" alt=\"DSC_0232\" width=\"625\" height=\"417\" srcset=\"http:\/\/menzendorff.de\/wp-content\/uploads\/2017\/05\/DSC_0232.jpg 1024w, http:\/\/menzendorff.de\/wp-content\/uploads\/2017\/05\/DSC_0232-300x200.jpg 300w, http:\/\/menzendorff.de\/wp-content\/uploads\/2017\/05\/DSC_0232-768x512.jpg 768w, http:\/\/menzendorff.de\/wp-content\/uploads\/2017\/05\/DSC_0232-624x416.jpg 624w\" sizes=\"(max-width: 625px) 100vw, 625px\" \/><\/a><\/p>\n<p style=\"text-align: center;\">Haupttor im Norden<\/p>\n<p style=\"text-align: left;\">Eine Hinweistafel an diesem Tor verr\u00e4t, dass sich an dieser Stelle bereits in der Antike ein gallisch-r\u00f6mischer Gutshof befunden hat.<\/p>\n<p style=\"text-align: left;\"><a href=\"http:\/\/menzendorff.de\/wp-content\/uploads\/2017\/05\/DSC_0243.jpg\"><img loading=\"lazy\" class=\"alignright size-large wp-image-1703\" src=\"http:\/\/menzendorff.de\/wp-content\/uploads\/2017\/05\/DSC_0243-1024x683.jpg\" alt=\"DSC_0243\" width=\"625\" height=\"417\" srcset=\"http:\/\/menzendorff.de\/wp-content\/uploads\/2017\/05\/DSC_0243.jpg 1024w, http:\/\/menzendorff.de\/wp-content\/uploads\/2017\/05\/DSC_0243-300x200.jpg 300w, http:\/\/menzendorff.de\/wp-content\/uploads\/2017\/05\/DSC_0243-768x512.jpg 768w, http:\/\/menzendorff.de\/wp-content\/uploads\/2017\/05\/DSC_0243-624x416.jpg 624w\" sizes=\"(max-width: 625px) 100vw, 625px\" \/><\/a><\/p>\n<p style=\"text-align: center;\">Wasserlauf vor dem Haupttor<\/p>\n<p style=\"text-align: left;\">Nun war aber Feierabend f\u00fcr heute. Ich hatte genug sch\u00f6ne Sachen gesehen und es befand sich auch heute nichts mehr auf dem Programm. F\u00fcr morgen stand nur noch eine Position auf der To-do-Liste. Dazu mu\u00dfte ich aber erst nach Osten in die Champagne fahren. Ich verlie\u00df also Savigny-le-Temple gegen halb vier und erreichte gegen 17:00 meinen Lieblingsort am Lac-du-Temple, Piney. Leider war kein Zimmer mehr frei, aber man besorgte mir ein Hotelzimmer am Ostrand von Troyes und ich stellte fest, dass man fast \u00fcberall in Frankreich was richtig gutes zu essen bekommt, wenn man die richtigen Leute fragt. Gl\u00fccklich, satt und zufrieden beschloss ich diesen wunderbaren und interessanten Tag.<\/p>\n<p style=\"text-align: left;\"><span style=\"font-size: xx-large;\">3. R\u00e9gion Grand-Est, D\u00e9pt. Marne, 51120 Barbonne-Fayel<\/span><\/p>\n<p style=\"text-align: left;\">Die Templerkirche von Barbonne-Fayel stand noch als letztes Ziel auf dem Programm, weil sie\u00a0 Etappenziel einer von mir gerade untersuchten Templerstrasse von Paris \u00fcber <strong>Coulommiers<\/strong> nach <strong>Troyes<\/strong>\u00a0 sein k\u00f6nnte. Ich konnte sie auf dem Nachhauseweg einplanen und es dauerte von Troyes knapp eine Stunde. Die L\u00e4ndereien f\u00fcr diesen St\u00fctzpunkt wurden den Templern im Jahre 1143 von einem Rosselin de S\u00e9zanne \u00fcbertragen. Die Commanderie wurde 1295 in Urkunden als bedeutend erw\u00e4hnt (<a href=\"https:\/\/fr.wikipedia.org\/wiki\/Commanderie_de_Barbonne\" target=\"_blank\" rel=\"noopener\">wikipedia<\/a>).<\/p>\n<p style=\"text-align: left;\"><a href=\"http:\/\/menzendorff.de\/wp-content\/uploads\/2017\/05\/DSC_0265.jpg\"><img loading=\"lazy\" class=\"alignright size-large wp-image-1715\" src=\"http:\/\/menzendorff.de\/wp-content\/uploads\/2017\/05\/DSC_0265-1024x683.jpg\" alt=\"DSC_0265\" width=\"625\" height=\"417\" srcset=\"http:\/\/menzendorff.de\/wp-content\/uploads\/2017\/05\/DSC_0265.jpg 1024w, http:\/\/menzendorff.de\/wp-content\/uploads\/2017\/05\/DSC_0265-300x200.jpg 300w, http:\/\/menzendorff.de\/wp-content\/uploads\/2017\/05\/DSC_0265-768x512.jpg 768w, http:\/\/menzendorff.de\/wp-content\/uploads\/2017\/05\/DSC_0265-624x416.jpg 624w\" sizes=\"(max-width: 625px) 100vw, 625px\" \/><\/a><\/p>\n<p style=\"text-align: center;\">\u00c9glise Saint-Pere-et-Sain-Paul, 51120 <strong>Barbonne-Fayel<\/strong><\/p>\n<p style=\"text-align: left;\"><a href=\"http:\/\/menzendorff.de\/wp-content\/uploads\/2017\/05\/DSC_0269.jpg\"><img loading=\"lazy\" class=\"alignright size-large wp-image-1716\" src=\"http:\/\/menzendorff.de\/wp-content\/uploads\/2017\/05\/DSC_0269-1024x683.jpg\" alt=\"DSC_0269\" width=\"625\" height=\"417\" srcset=\"http:\/\/menzendorff.de\/wp-content\/uploads\/2017\/05\/DSC_0269.jpg 1024w, http:\/\/menzendorff.de\/wp-content\/uploads\/2017\/05\/DSC_0269-300x200.jpg 300w, http:\/\/menzendorff.de\/wp-content\/uploads\/2017\/05\/DSC_0269-768x512.jpg 768w, http:\/\/menzendorff.de\/wp-content\/uploads\/2017\/05\/DSC_0269-624x416.jpg 624w\" sizes=\"(max-width: 625px) 100vw, 625px\" \/><\/a><\/p>\n<p style=\"text-align: center;\">Blick von Osten<\/p>\n<p style=\"text-align: left;\"><a href=\"http:\/\/menzendorff.de\/wp-content\/uploads\/2017\/05\/DSC_0271.jpg\"><img loading=\"lazy\" class=\"alignright size-large wp-image-1717\" src=\"http:\/\/menzendorff.de\/wp-content\/uploads\/2017\/05\/DSC_0271-1024x683.jpg\" alt=\"DSC_0271\" width=\"625\" height=\"417\" srcset=\"http:\/\/menzendorff.de\/wp-content\/uploads\/2017\/05\/DSC_0271.jpg 1024w, http:\/\/menzendorff.de\/wp-content\/uploads\/2017\/05\/DSC_0271-300x200.jpg 300w, http:\/\/menzendorff.de\/wp-content\/uploads\/2017\/05\/DSC_0271-768x512.jpg 768w, http:\/\/menzendorff.de\/wp-content\/uploads\/2017\/05\/DSC_0271-624x416.jpg 624w\" sizes=\"(max-width: 625px) 100vw, 625px\" \/><\/a><\/p>\n<p style=\"text-align: center;\">Die beiden Seitenkapellen sind von den Johannitern im 14. oder 15 Jh. angebracht worden.<\/p>\n<p style=\"text-align: left;\"><a href=\"http:\/\/menzendorff.de\/wp-content\/uploads\/2017\/05\/DSC_0276.jpg\"><img loading=\"lazy\" class=\"alignright size-large wp-image-1718\" src=\"http:\/\/menzendorff.de\/wp-content\/uploads\/2017\/05\/DSC_0276-1024x683.jpg\" alt=\"DSC_0276\" width=\"625\" height=\"417\" srcset=\"http:\/\/menzendorff.de\/wp-content\/uploads\/2017\/05\/DSC_0276.jpg 1024w, http:\/\/menzendorff.de\/wp-content\/uploads\/2017\/05\/DSC_0276-300x200.jpg 300w, http:\/\/menzendorff.de\/wp-content\/uploads\/2017\/05\/DSC_0276-768x512.jpg 768w, http:\/\/menzendorff.de\/wp-content\/uploads\/2017\/05\/DSC_0276-624x416.jpg 624w\" sizes=\"(max-width: 625px) 100vw, 625px\" \/><\/a><\/p>\n<p style=\"text-align: center;\">mittelalterlicher Teil der Nordwand<\/p>\n<p style=\"text-align: left;\">Rechts im Bild oben sieht man das im 18. Jh. angebrachte Hauptschiff. Auch das Westportal ist modern. Sie k\u00f6nnen es <a href=\"http:\/\/www.communes.com\/champagne-ardenne\/marne\/barbonne-fayel_51120\/photos,316671.html\" target=\"_blank\" rel=\"noopener\">hier<\/a> betrachten.<\/p>\n<p style=\"text-align: left;\"><a href=\"http:\/\/menzendorff.de\/wp-content\/uploads\/2017\/05\/DSC_0281.jpg\"><img loading=\"lazy\" class=\"alignright size-large wp-image-1719\" src=\"http:\/\/menzendorff.de\/wp-content\/uploads\/2017\/05\/DSC_0281-1024x683.jpg\" alt=\"DSC_0281\" width=\"625\" height=\"417\" srcset=\"http:\/\/menzendorff.de\/wp-content\/uploads\/2017\/05\/DSC_0281.jpg 1024w, http:\/\/menzendorff.de\/wp-content\/uploads\/2017\/05\/DSC_0281-300x200.jpg 300w, http:\/\/menzendorff.de\/wp-content\/uploads\/2017\/05\/DSC_0281-768x512.jpg 768w, http:\/\/menzendorff.de\/wp-content\/uploads\/2017\/05\/DSC_0281-624x416.jpg 624w\" sizes=\"(max-width: 625px) 100vw, 625px\" \/><\/a><\/p>\n<p style=\"text-align: center;\">Chorapsis aus der Templerzeit<\/p>\n<p style=\"text-align: left;\">Mit diesen Eindr\u00fccken verabschiedete ich mich aus der Champagne mit der Gewissheit, dass ich schon sehr bald wieder hier in der Gegend sein w\u00fcrde. 11 Templerorte in drei Tagen abgehakt, einschliesslich An- und Abreise.\u00a0 Versuch und Irrtum waren auch wieder meine Begleiter, aber die Bilanz war eindeutig positiv. Ist man auf Reisen, kommen einem Tage wie Wochen vor. Eine ungeheure Bilderflut besch\u00e4ftigte meine Gedanken auf der R\u00fcckfahhrt bei allersch\u00f6nstem Wetter. Es hatte sich gelohnt. Ich hoffe, auch ein bisschen f\u00fcr Sie. Ich danke f\u00fcr Ihr Interesse.<\/p>\n","protected":false},"excerpt":{"rendered":"<p>1. R\u00e9gion Hauts-de-France (Picardie), D\u00e9partement Aisne Die Recherchereise im Mai 2017 f\u00fchrte mich in den Nordosten Frankreichs. Ich hatte einige mir nur aus B\u00fcchern bekannte Templerorte ausgesucht, die m\u00f6glichst gut erhaltene Geb\u00e4udereste boten und nicht zuweit auseinander lagen. Zum einen wollte ich meine Galerie vervollst\u00e4ndigen, zum anderen begann ich um diese Zeit, den Verlauf der [&hellip;]<\/p>\n","protected":false},"author":2,"featured_media":0,"comment_status":"open","ping_status":"open","sticky":false,"template":"","format":"standard","meta":[],"categories":[15],"tags":[],"_links":{"self":[{"href":"http:\/\/menzendorff.de\/index.php?rest_route=\/wp\/v2\/posts\/1562"}],"collection":[{"href":"http:\/\/menzendorff.de\/index.php?rest_route=\/wp\/v2\/posts"}],"about":[{"href":"http:\/\/menzendorff.de\/index.php?rest_route=\/wp\/v2\/types\/post"}],"author":[{"embeddable":true,"href":"http:\/\/menzendorff.de\/index.php?rest_route=\/wp\/v2\/users\/2"}],"replies":[{"embeddable":true,"href":"http:\/\/menzendorff.de\/index.php?rest_route=%2Fwp%2Fv2%2Fcomments&post=1562"}],"version-history":[{"count":67,"href":"http:\/\/menzendorff.de\/index.php?rest_route=\/wp\/v2\/posts\/1562\/revisions"}],"predecessor-version":[{"id":2828,"href":"http:\/\/menzendorff.de\/index.php?rest_route=\/wp\/v2\/posts\/1562\/revisions\/2828"}],"wp:attachment":[{"href":"http:\/\/menzendorff.de\/index.php?rest_route=%2Fwp%2Fv2%2Fmedia&parent=1562"}],"wp:term":[{"taxonomy":"category","embeddable":true,"href":"http:\/\/menzendorff.de\/index.php?rest_route=%2Fwp%2Fv2%2Fcategories&post=1562"},{"taxonomy":"post_tag","embeddable":true,"href":"http:\/\/menzendorff.de\/index.php?rest_route=%2Fwp%2Fv2%2Ftags&post=1562"}],"curies":[{"name":"wp","href":"https:\/\/api.w.org\/{rel}","templated":true}]}}