{"id":162,"date":"2013-10-28T20:25:54","date_gmt":"2013-10-28T18:25:54","guid":{"rendered":"http:\/\/menzendorff.de\/?p=162"},"modified":"2019-04-21T14:36:53","modified_gmt":"2019-04-21T12:36:53","slug":"2013-elsass","status":"publish","type":"post","link":"http:\/\/menzendorff.de\/?p=162","title":{"rendered":"2013, September, Elsass"},"content":{"rendered":"<p>&nbsp;<\/p>\n<p>Im September war wieder eine Elsassreise f\u00e4llig. Wir kommen dort mehrmals im Jahr in einer privat gef\u00fchrten M\u00fchle unter, die sich einige hundert Meter von einem Dorf im sogenannten Pays d&#8217;Hanau &#8211; ca 20 Km westlich von Haguenau &#8211; in einem Wald befindet. Nein, einen Lageplan und eine genauere Beschreibung gibts nicht. Ich d\u00fcrfte da sonst nicht mehr hin \ud83d\ude42<\/p>\n<p>Ich habe schon einige Templertrips von da aus gestartet, aber im Elsass selbt steht fast kein Templerstein mehr auf dem anderen.<\/p>\n<p><strong>1. Bouxwiller<\/strong><\/p>\n<p><span class=\"sb_messagebody\">Nach Jean-Luc Aubarbier (p. 61)\u00a0 und vielen Templer-Listen im Internet soll es in Bouxwiller, 67 Bas-Rhin, auch eine Templerst\u00e4tte gegeben haben. Ich hatte da bisher nichts n\u00e4heres gefunden. In der Neuerscheinung von Aubarbiers Buch aus 2007 wird er pr\u00e4ziser. Es handele sich um einen fr\u00fcheren Donjon der Templer, aus dem sp\u00e4ter der Kirchturm einer Friedhofskirche gemacht wurde. Ich h\u00e4tte den Turm nicht gefunden, wenn ihn mein Navi nicht irrt\u00fcmlich als Ortsmitte bezeichnet h\u00e4tte, denn der Friedhof lag sehr dezentral.<\/span><\/p>\n<p style=\"text-align: center;\"><a href=\"http:\/\/menzendorff.de\/wp-content\/uploads\/2013\/10\/Bouxwiller.jpg\"><img loading=\"lazy\" class=\"aligncenter size-full wp-image-166\" src=\"http:\/\/menzendorff.de\/wp-content\/uploads\/2013\/10\/Bouxwiller.jpg\" alt=\"\" width=\"663\" height=\"498\" srcset=\"http:\/\/menzendorff.de\/wp-content\/uploads\/2013\/10\/Bouxwiller.jpg 663w, http:\/\/menzendorff.de\/wp-content\/uploads\/2013\/10\/Bouxwiller-300x225.jpg 300w, http:\/\/menzendorff.de\/wp-content\/uploads\/2013\/10\/Bouxwiller-624x468.jpg 624w\" sizes=\"(max-width: 663px) 100vw, 663px\" \/><\/a><strong>Kirchtturm der Friedhofskirche von 67330 Bouxwiller, Bas-Rhin<br \/>\n<\/strong><\/p>\n<p>Aubarbier (a.a.O) listet sonst noch Bergheim, Andlau, Dorlisheim, Ottrott u.a. f\u00fcr die R\u00e9gion Elsass.<\/p>\n<p><strong>2. Ottrott<\/strong><\/p>\n<p>Also, auf nach Ottrott. Das ist ein Wein-Ort am Fusse des Odilenberges. Es ist davon auszugehen, dass das Odilienkloster schon im Mittelalter eine ber\u00fchmte Wallfahrtsst\u00e4tte war. Die Templer werden sich den Touristenanstrom (Pilger) genauso zunutze gemacht haben, wie die hervorragenden Weinanbaueigenschaften der Gegend.<\/p>\n<p>In Ottrot gibt es nur noch\u00a0 eine Templerstrasse und einen Ortsteil, der Templer-M\u00fchle genannt wird.<\/p>\n<p><a href=\"http:\/\/menzendorff.de\/wp-content\/uploads\/2013\/10\/Templkap-135.jpg\"><img loading=\"lazy\" class=\"aligncenter size-full wp-image-172\" src=\"http:\/\/menzendorff.de\/wp-content\/uploads\/2013\/10\/Templkap-135.jpg\" alt=\"\" width=\"2592\" height=\"1944\" srcset=\"http:\/\/menzendorff.de\/wp-content\/uploads\/2013\/10\/Templkap-135.jpg 2592w, http:\/\/menzendorff.de\/wp-content\/uploads\/2013\/10\/Templkap-135-300x225.jpg 300w, http:\/\/menzendorff.de\/wp-content\/uploads\/2013\/10\/Templkap-135-1024x768.jpg 1024w, http:\/\/menzendorff.de\/wp-content\/uploads\/2013\/10\/Templkap-135-624x468.jpg 624w\" sizes=\"(max-width: 2592px) 100vw, 2592px\" \/><\/a><\/p>\n<p style=\"text-align: center;\">Ich habe noch nicht herausfinden k\u00f6nnen, was das els\u00e4ssische Wort &#8222;Pfarichel&#8220; bedeutet. Ich sch\u00e4tze, es bedeutet vielleicht Pfarrei. <a href=\"http:\/\/menzendorff.de\/wp-content\/uploads\/2013\/10\/Templkap-130.jpg\"><img loading=\"lazy\" class=\"aligncenter size-full wp-image-170\" src=\"http:\/\/menzendorff.de\/wp-content\/uploads\/2013\/10\/Templkap-130.jpg\" alt=\"\" width=\"2592\" height=\"1944\" srcset=\"http:\/\/menzendorff.de\/wp-content\/uploads\/2013\/10\/Templkap-130.jpg 2592w, http:\/\/menzendorff.de\/wp-content\/uploads\/2013\/10\/Templkap-130-300x225.jpg 300w, http:\/\/menzendorff.de\/wp-content\/uploads\/2013\/10\/Templkap-130-1024x768.jpg 1024w, http:\/\/menzendorff.de\/wp-content\/uploads\/2013\/10\/Templkap-130-624x468.jpg 624w\" sizes=\"(max-width: 2592px) 100vw, 2592px\" \/><\/a> (offizieller Ortsplan der Gemeinde, Ausschnitt)<\/p>\n<p>Zu sehen ist dort &#8211; ausser einem Haufen alter behauener Steine &#8211; nichts mehr . Kein einziges intaktes Geb\u00e4ude aus dem Mittelalter. Die Steine lagen m.E. an der Rue de Boersch und k\u00f6nnten tats\u00e4chlich den Rest einer Ruine aus dem Mittelalter abgeben. Sie sind behauen.<\/p>\n<p><a href=\"http:\/\/menzendorff.de\/wp-content\/uploads\/2013\/10\/Templkap-132.jpg\"><img loading=\"lazy\" class=\"aligncenter size-full wp-image-171\" src=\"http:\/\/menzendorff.de\/wp-content\/uploads\/2013\/10\/Templkap-132.jpg\" alt=\"\" width=\"2592\" height=\"1944\" srcset=\"http:\/\/menzendorff.de\/wp-content\/uploads\/2013\/10\/Templkap-132.jpg 2592w, http:\/\/menzendorff.de\/wp-content\/uploads\/2013\/10\/Templkap-132-300x225.jpg 300w, http:\/\/menzendorff.de\/wp-content\/uploads\/2013\/10\/Templkap-132-1024x768.jpg 1024w, http:\/\/menzendorff.de\/wp-content\/uploads\/2013\/10\/Templkap-132-624x468.jpg 624w\" sizes=\"(max-width: 2592px) 100vw, 2592px\" \/><\/a><\/p>\n<p>Ich verlie\u00df Ottrot, um den Odilienberg mit ausreichend PS zu erklimmen und sah per Zufall an einer Anh\u00f6he eine Klosterruine. Leider konnte man die nur zu Fu\u00df erreichen. Aber die Anstrengung lohnte sich. Das war absolut malerisch und bewegend:<a href=\"http:\/\/menzendorff.de\/wp-content\/uploads\/2013\/10\/Templkap-167.jpg\"><img loading=\"lazy\" class=\"aligncenter size-full wp-image-174\" src=\"http:\/\/menzendorff.de\/wp-content\/uploads\/2013\/10\/Templkap-167.jpg\" alt=\"\" width=\"2592\" height=\"1944\" srcset=\"http:\/\/menzendorff.de\/wp-content\/uploads\/2013\/10\/Templkap-167.jpg 2592w, http:\/\/menzendorff.de\/wp-content\/uploads\/2013\/10\/Templkap-167-300x225.jpg 300w, http:\/\/menzendorff.de\/wp-content\/uploads\/2013\/10\/Templkap-167-1024x768.jpg 1024w, http:\/\/menzendorff.de\/wp-content\/uploads\/2013\/10\/Templkap-167-624x468.jpg 624w\" sizes=\"(max-width: 2592px) 100vw, 2592px\" \/><\/a><\/p>\n<p>Eine geheimnisvolle, geradezu beklemmende Stimmung lastete \u00fcber der Ruine. Es gab keinerlei Hinweisschilder. Besucher erschienen nicht willkommen. Es gab ein Geh\u00f6ft in unmittelbarer Nachbarschaft. Aber auch dort war niemand weit und breit.<\/p>\n<p style=\"text-align: center;\"><a href=\"http:\/\/menzendorff.de\/wp-content\/uploads\/2013\/10\/Templkap-161.jpg\"><img loading=\"lazy\" class=\"aligncenter size-full wp-image-173\" src=\"http:\/\/menzendorff.de\/wp-content\/uploads\/2013\/10\/Templkap-161.jpg\" alt=\"\" width=\"2592\" height=\"1944\" srcset=\"http:\/\/menzendorff.de\/wp-content\/uploads\/2013\/10\/Templkap-161.jpg 2592w, http:\/\/menzendorff.de\/wp-content\/uploads\/2013\/10\/Templkap-161-300x225.jpg 300w, http:\/\/menzendorff.de\/wp-content\/uploads\/2013\/10\/Templkap-161-1024x768.jpg 1024w, http:\/\/menzendorff.de\/wp-content\/uploads\/2013\/10\/Templkap-161-624x468.jpg 624w\" sizes=\"(max-width: 2592px) 100vw, 2592px\" \/><\/a><strong>Klosterruine Niedermunster, bei Ottrott<\/strong><\/p>\n<p>Wie ich zuhause herausfand, handelt es sich um die Reste des Klosters Niederm\u00fcnster. Zwischen dieser Einrichtung und dem Odilienkloster fanden regelrecht kriegerische Ausseinandersetzungen statt. Offenbar hat Niederm\u00fcnster verloren :).<\/p>\n<p><strong>3. Andlau<\/strong><\/p>\n<p>Ein knappes Dutzend Kilometer s\u00fcdlich von Ottrot reiht sich die n\u00e4chste &#8222;Templerei&#8220; wie ein Kettenglied auf der Strecke ein: Andlau, unsere n\u00e4chste Etappe. Jack Bocar zitiert in seiner Webseite<\/p>\n<p><a href=\"http:\/\/www.templiers.net\/departements\/index.php?page=67\">http:\/\/www.templiers.net\/departements\/index.php?page=67<\/a><\/p>\n<p>\u00fcber Andlau folgendes:<\/p>\n<p><em>En face de l&#8217;abbaye-chapitre d&#8217;Andlau les Templiers avaient b\u00e2ti au XIIIe si\u00e8cle une commanderie, qui poss\u00e9dait les meilleurs vignes du pays situ\u00e9es sur le Castelberg.<\/em><\/p>\n<p><em> En 1312 les chevaliers Teutoniques prirent la place des Templiers, et transport\u00e8rent leur \u00e9tablissement dans un faubourg de la ville.<\/em><br \/>\n(Sources: Nouvelles Oeuvres In\u00e9dites de Grandidier &#8211; Ordres Militaires et M\u00e9langes Historiques &#8211; Strasbourg. Editeur-Libraire H. Huffel &#8211; M.D.CCCC. Colmar)<\/p>\n<p>\u00dcbersetzung:<\/p>\n<p>&#8222;Die Templer haben im 13. Jahrhundert gegen\u00fcber dem Abtei-Kapitel eine Komturei gebaut, die auf dem Castelberg die besten Weine des Landes besass.<\/p>\n<p>Im Jahre 1312 namen die Deutschordensritter den Platz der Templer ein und sie zogen mit ihrer Niederlassung in einen Vorort der Stadt.&#8220;<\/p>\n<p>Diese Niederlassung befindet sich in der Rue de la Commanderie, etwas ausserhalb der Altstadt. Das Geb\u00e4ude stammt aus dem 18. Jahrhundert.<\/p>\n<p><a href=\"http:\/\/menzendorff.de\/wp-content\/uploads\/2013\/10\/6.jpg\"><img loading=\"lazy\" class=\"aligncenter size-full wp-image-186\" src=\"http:\/\/menzendorff.de\/wp-content\/uploads\/2013\/10\/6.jpg\" alt=\"SONY DSC\" width=\"2896\" height=\"1936\" srcset=\"http:\/\/menzendorff.de\/wp-content\/uploads\/2013\/10\/6.jpg 2896w, http:\/\/menzendorff.de\/wp-content\/uploads\/2013\/10\/6-300x200.jpg 300w, http:\/\/menzendorff.de\/wp-content\/uploads\/2013\/10\/6-1024x684.jpg 1024w, http:\/\/menzendorff.de\/wp-content\/uploads\/2013\/10\/6-624x417.jpg 624w\" sizes=\"(max-width: 2896px) 100vw, 2896px\" \/><\/a><\/p>\n<p style=\"text-align: center;\"><strong>ehem. Deutschordenskomturei Andlau<\/strong><\/p>\n<p>Zoomen wir kurz auf die T\u00fcr. Dort prangt &#8211; wie zum Beweis der Herkunft &#8211; heute noch ein Templerkreuz.<\/p>\n<p><a href=\"http:\/\/menzendorff.de\/wp-content\/uploads\/2013\/10\/7.jpg\"><img loading=\"lazy\" class=\"aligncenter size-full wp-image-187\" src=\"http:\/\/menzendorff.de\/wp-content\/uploads\/2013\/10\/7.jpg\" alt=\"SONY DSC\" width=\"2896\" height=\"1936\" srcset=\"http:\/\/menzendorff.de\/wp-content\/uploads\/2013\/10\/7.jpg 2896w, http:\/\/menzendorff.de\/wp-content\/uploads\/2013\/10\/7-300x200.jpg 300w, http:\/\/menzendorff.de\/wp-content\/uploads\/2013\/10\/7-1024x684.jpg 1024w, http:\/\/menzendorff.de\/wp-content\/uploads\/2013\/10\/7-624x417.jpg 624w\" sizes=\"(max-width: 2896px) 100vw, 2896px\" \/><\/a><\/p>\n<p>Die spannende Frage war danach, ob es vielleicht noch von der urspr\u00fcnglichen Templerei noch irgendwelche Reste geben w\u00fcrde. Diese mussten wir in der N\u00e4he der alten Abtei suchen.<\/p>\n<p>Die Abteikirche Andlau wurde bereits im Jahre 880 gegr\u00fcndet. Die Krypta soll nach Wikipedia<\/p>\n<p><a href=\"http:\/\/de.wikipedia.org\/wiki\/Abtei_Andlau\">http:\/\/de.wikipedia.org\/wiki\/Abtei_Andlau<\/a><\/p>\n<p>der \u00e4lteste Teil der ehemals der St. Richardis geweihten Stiftskirche (heute St. Peter und Paul) sein.<\/p>\n<p style=\"text-align: center;\"><a href=\"http:\/\/menzendorff.de\/wp-content\/uploads\/2013\/10\/11.jpg\"><img loading=\"lazy\" class=\"aligncenter size-full wp-image-191\" src=\"http:\/\/menzendorff.de\/wp-content\/uploads\/2013\/10\/11.jpg\" alt=\"SONY DSC\" width=\"2896\" height=\"1936\" srcset=\"http:\/\/menzendorff.de\/wp-content\/uploads\/2013\/10\/11.jpg 2896w, http:\/\/menzendorff.de\/wp-content\/uploads\/2013\/10\/11-300x200.jpg 300w, http:\/\/menzendorff.de\/wp-content\/uploads\/2013\/10\/11-1024x684.jpg 1024w, http:\/\/menzendorff.de\/wp-content\/uploads\/2013\/10\/11-624x417.jpg 624w\" sizes=\"(max-width: 2896px) 100vw, 2896px\" \/><\/a>(Krypta der Pfarrkirche St. Peter und Paul)<\/p>\n<p>Ein Reliquienschrein unterstreicht die besondere Bedeutung dieses Klosters. Es handelt sich immerhin um einen sehr prominenten Heiligen, dem dieser Sch\u00e4del zugeschrieben wird.<\/p>\n<p><a href=\"http:\/\/menzendorff.de\/wp-content\/uploads\/2013\/10\/12.jpg\"><img loading=\"lazy\" class=\"aligncenter size-full wp-image-192\" src=\"http:\/\/menzendorff.de\/wp-content\/uploads\/2013\/10\/12.jpg\" alt=\"SONY DSC\" width=\"2896\" height=\"1936\" srcset=\"http:\/\/menzendorff.de\/wp-content\/uploads\/2013\/10\/12.jpg 2896w, http:\/\/menzendorff.de\/wp-content\/uploads\/2013\/10\/12-300x200.jpg 300w, http:\/\/menzendorff.de\/wp-content\/uploads\/2013\/10\/12-1024x684.jpg 1024w, http:\/\/menzendorff.de\/wp-content\/uploads\/2013\/10\/12-624x417.jpg 624w\" sizes=\"(max-width: 2896px) 100vw, 2896px\" \/><\/a>Die Echtheit von Reliquien ist h\u00e4ufig sehr fraglich. Lazarus soll u.a. in Larnaka auf der Insel Zypern bestattet sein.<\/p>\n<p>Die ehemalige Richardiskirche wurde gegen 1130 von der \u00c4btissin Hadewig (Wikipedia)\u00a0 aussen mit aufw\u00e4ndiger Verzierung ausgestattet.\u00a0 Es finden sich zahlreiche Darstellungen von Rittern, m\u00f6glicherweise Kreuzfahrern. Es w\u00fcrde den Rahmen hier sprengen, diese ganz zu zeigen.<\/p>\n<p><a href=\"http:\/\/menzendorff.de\/wp-content\/uploads\/2013\/10\/10.jpg\"><img loading=\"lazy\" class=\"aligncenter size-full wp-image-190\" src=\"http:\/\/menzendorff.de\/wp-content\/uploads\/2013\/10\/10.jpg\" alt=\"SONY DSC\" width=\"2896\" height=\"1936\" srcset=\"http:\/\/menzendorff.de\/wp-content\/uploads\/2013\/10\/10.jpg 2896w, http:\/\/menzendorff.de\/wp-content\/uploads\/2013\/10\/10-300x200.jpg 300w, http:\/\/menzendorff.de\/wp-content\/uploads\/2013\/10\/10-1024x684.jpg 1024w, http:\/\/menzendorff.de\/wp-content\/uploads\/2013\/10\/10-624x417.jpg 624w\" sizes=\"(max-width: 2896px) 100vw, 2896px\" \/><\/a>Und noch ein paar Ritter in Aktion:<\/p>\n<p><a href=\"http:\/\/menzendorff.de\/wp-content\/uploads\/2013\/10\/9.jpg\"><img loading=\"lazy\" class=\"aligncenter size-full wp-image-189\" src=\"http:\/\/menzendorff.de\/wp-content\/uploads\/2013\/10\/9.jpg\" alt=\"SONY DSC\" width=\"2896\" height=\"1936\" srcset=\"http:\/\/menzendorff.de\/wp-content\/uploads\/2013\/10\/9.jpg 2896w, http:\/\/menzendorff.de\/wp-content\/uploads\/2013\/10\/9-300x200.jpg 300w, http:\/\/menzendorff.de\/wp-content\/uploads\/2013\/10\/9-1024x684.jpg 1024w, http:\/\/menzendorff.de\/wp-content\/uploads\/2013\/10\/9-624x417.jpg 624w\" sizes=\"(max-width: 2896px) 100vw, 2896px\" \/><\/a><\/p>\n<p>&nbsp;<\/p>\n<p>Dieses Bauwerk stammt nicht von den Templern, diese sollen gegen\u00fcber gebaut haben. Einen Hinweis gab es darauf nicht. Aber meine Sp\u00fcrnase entdeckte das:<\/p>\n<p>&nbsp;<\/p>\n<p style=\"text-align: center;\"><a href=\"http:\/\/menzendorff.de\/wp-content\/uploads\/2013\/10\/8.jpg\"><img loading=\"lazy\" class=\"aligncenter size-full wp-image-188\" src=\"http:\/\/menzendorff.de\/wp-content\/uploads\/2013\/10\/8.jpg\" alt=\"SONY DSC\" width=\"2896\" height=\"1936\" srcset=\"http:\/\/menzendorff.de\/wp-content\/uploads\/2013\/10\/8.jpg 2896w, http:\/\/menzendorff.de\/wp-content\/uploads\/2013\/10\/8-300x200.jpg 300w, http:\/\/menzendorff.de\/wp-content\/uploads\/2013\/10\/8-1024x684.jpg 1024w, http:\/\/menzendorff.de\/wp-content\/uploads\/2013\/10\/8-624x417.jpg 624w\" sizes=\"(max-width: 2896px) 100vw, 2896px\" \/><\/a><em>commanderie des Templiers (?), <\/em><strong>Andlau<\/strong><\/p>\n<p>Drei romanische Fenster, eine romanische T\u00fcr, freigelegt in der Fassade eines Fachwerkhauses. F\u00fcr mich sieht das nach einem Volltreffer aus. Ich vermute, das sind Reste der Templerei von Andlau. Wenn jemand mehr dazu weiss, bitte bei mir melden.<\/p>\n<p>&nbsp;<\/p>\n<p><strong>4. Bergheim<\/strong><\/p>\n<p>Ferdinand Wilcke listete in seinem Buch von 1860 \u00fcber den Templerorden einen Ort &#8222;Berchheim&#8220; im Elsass. Es muss sich dabei um Bergheim im Oberelsass handeln, der sich als n\u00e4chstes auf unserer Liste befand.<\/p>\n<p style=\"text-align: center;\"><a href=\"http:\/\/menzendorff.de\/wp-content\/uploads\/2013\/10\/1.jpg\"><img loading=\"lazy\" class=\"aligncenter size-full wp-image-181\" src=\"http:\/\/menzendorff.de\/wp-content\/uploads\/2013\/10\/1.jpg\" alt=\"SONY DSC\" width=\"2896\" height=\"1936\" srcset=\"http:\/\/menzendorff.de\/wp-content\/uploads\/2013\/10\/1.jpg 2896w, http:\/\/menzendorff.de\/wp-content\/uploads\/2013\/10\/1-300x200.jpg 300w, http:\/\/menzendorff.de\/wp-content\/uploads\/2013\/10\/1-1024x684.jpg 1024w, http:\/\/menzendorff.de\/wp-content\/uploads\/2013\/10\/1-624x417.jpg 624w\" sizes=\"(max-width: 2896px) 100vw, 2896px\" \/><\/a><strong>Ansicht des Haupttores der Gemeinde 68028 Bergheim, Haut-Rhin<\/strong><\/p>\n<p>&nbsp;<\/p>\n<p style=\"text-align: center;\"><a href=\"http:\/\/menzendorff.de\/wp-content\/uploads\/2013\/10\/2.jpg\"><img loading=\"lazy\" class=\"size-full wp-image-182 alignleft\" src=\"http:\/\/menzendorff.de\/wp-content\/uploads\/2013\/10\/2.jpg\" alt=\"SONY DSC\" width=\"2896\" height=\"1936\" srcset=\"http:\/\/menzendorff.de\/wp-content\/uploads\/2013\/10\/2.jpg 2896w, http:\/\/menzendorff.de\/wp-content\/uploads\/2013\/10\/2-300x200.jpg 300w, http:\/\/menzendorff.de\/wp-content\/uploads\/2013\/10\/2-1024x684.jpg 1024w, http:\/\/menzendorff.de\/wp-content\/uploads\/2013\/10\/2-624x417.jpg 624w\" sizes=\"(max-width: 2896px) 100vw, 2896px\" \/><\/a>Spaziergang auf den <em>Remparts<\/em>, der alten Stadtbefestigung<\/p>\n<p style=\"text-align: left;\">Die Templerei von Bergheim liegt nicht im Ort, ich hatte sie dort schon mal vergeblich gesucht, sondern ein paar hundert Meter ausserhalb des Ortes, an der <em>Rue de Thannenkirch<\/em>. Wenn man sich der Position von der Landstrasse aus n\u00e4hert, sieht man rechts am Fahrbahnrand die \u00dcberreste einer sehr alten Einfassungsmauer.<\/p>\n<p><a href=\"http:\/\/menzendorff.de\/wp-content\/uploads\/2013\/10\/3.jpg\"><img loading=\"lazy\" class=\"aligncenter size-full wp-image-183\" src=\"http:\/\/menzendorff.de\/wp-content\/uploads\/2013\/10\/3.jpg\" alt=\"SONY DSC\" width=\"2896\" height=\"1936\" srcset=\"http:\/\/menzendorff.de\/wp-content\/uploads\/2013\/10\/3.jpg 2896w, http:\/\/menzendorff.de\/wp-content\/uploads\/2013\/10\/3-300x200.jpg 300w, http:\/\/menzendorff.de\/wp-content\/uploads\/2013\/10\/3-1024x684.jpg 1024w, http:\/\/menzendorff.de\/wp-content\/uploads\/2013\/10\/3-624x417.jpg 624w\" sizes=\"(max-width: 2896px) 100vw, 2896px\" \/><\/a><\/p>\n<p>Noch ein paar Meter weiter und dann rechts in die Einfahrt, Auto abstellen, Luft anhalten, Augen-zu-und-umdrehen und &#8211; TADAAA hier ist die Templerei von Bergheim, endlich! &#8211;\u00a0 oder besser, was davon heute noch zu sehen ist:<\/p>\n<p style=\"text-align: center;\">\u00a0<a href=\"http:\/\/menzendorff.de\/wp-content\/uploads\/2013\/10\/4.jpg\"><img loading=\"lazy\" class=\"aligncenter size-full wp-image-184\" src=\"http:\/\/menzendorff.de\/wp-content\/uploads\/2013\/10\/4.jpg\" alt=\"SONY DSC\" width=\"2896\" height=\"1936\" srcset=\"http:\/\/menzendorff.de\/wp-content\/uploads\/2013\/10\/4.jpg 2896w, http:\/\/menzendorff.de\/wp-content\/uploads\/2013\/10\/4-300x200.jpg 300w, http:\/\/menzendorff.de\/wp-content\/uploads\/2013\/10\/4-1024x684.jpg 1024w, http:\/\/menzendorff.de\/wp-content\/uploads\/2013\/10\/4-624x417.jpg 624w\" sizes=\"(max-width: 2896px) 100vw, 2896px\" \/><\/a><strong>Der Tempelhof &#8211; <em>cour des templiers<\/em> &#8211; Bergheim<\/strong><\/p>\n<p>Herr Mayer, der Eigent\u00fcmer des Hauses, empfing uns sehr nett. Er betreibt dort einen Campingplatz (Adresse 1, route de Thannenkirch). Er freut sich aber sehr, wenn man Interesse an der Historie dieses Weingutes \u00e4ussert. Er sagt, die Templer h\u00e4tten den Kanzelberg, auf dem er selbst heute noch Wein anbaut, schon zum intensiven Weinanbau genutzt.<\/p>\n<p>Das Geb\u00e4ude ist &#8211; wie man schon von weitem sieht &#8211; lange nicht mehr im Originalzustand. Herr Mayer bat uns sogar hinein und zeigte uns eine wundersch\u00f6ne, m\u00e4chtige und alte T\u00fcr mit einem Wappen, vermutlich aus dem 16. Jahrhundert.<\/p>\n<p><a href=\"http:\/\/menzendorff.de\/wp-content\/uploads\/2013\/10\/DSC09362.jpg\"><img loading=\"lazy\" class=\"aligncenter size-full wp-image-217\" src=\"http:\/\/menzendorff.de\/wp-content\/uploads\/2013\/10\/DSC09362.jpg\" alt=\"SONY DSC\" width=\"2896\" height=\"1936\" srcset=\"http:\/\/menzendorff.de\/wp-content\/uploads\/2013\/10\/DSC09362.jpg 2896w, http:\/\/menzendorff.de\/wp-content\/uploads\/2013\/10\/DSC09362-300x200.jpg 300w, http:\/\/menzendorff.de\/wp-content\/uploads\/2013\/10\/DSC09362-1024x684.jpg 1024w, http:\/\/menzendorff.de\/wp-content\/uploads\/2013\/10\/DSC09362-624x417.jpg 624w\" sizes=\"(max-width: 2896px) 100vw, 2896px\" \/><\/a><\/p>\n<p>Ein Balken tr\u00e4gt das Datum des Komplettumbaues dieses Hauses, 1557.<\/p>\n<p><a href=\"http:\/\/menzendorff.de\/wp-content\/uploads\/2013\/10\/DSC09363.jpg\"><img loading=\"lazy\" class=\"aligncenter size-full wp-image-219\" src=\"http:\/\/menzendorff.de\/wp-content\/uploads\/2013\/10\/DSC09363.jpg\" alt=\"SONY DSC\" width=\"2896\" height=\"1936\" srcset=\"http:\/\/menzendorff.de\/wp-content\/uploads\/2013\/10\/DSC09363.jpg 2896w, http:\/\/menzendorff.de\/wp-content\/uploads\/2013\/10\/DSC09363-300x200.jpg 300w, http:\/\/menzendorff.de\/wp-content\/uploads\/2013\/10\/DSC09363-1024x684.jpg 1024w, http:\/\/menzendorff.de\/wp-content\/uploads\/2013\/10\/DSC09363-624x417.jpg 624w\" sizes=\"(max-width: 2896px) 100vw, 2896px\" \/><\/a><\/p>\n<p>&nbsp;<\/p>\n<p>Mir scheint, das Ornament am Fu\u00dfe dieser T\u00fcr k\u00f6nnte aus einer fr\u00fcheren Epoche stammen, eventuell aus der Templerzeit.<\/p>\n<p>&nbsp;<\/p>\n<p><a href=\"http:\/\/menzendorff.de\/wp-content\/uploads\/2013\/10\/DSC09364.jpg\"><img loading=\"lazy\" class=\"aligncenter size-full wp-image-220\" src=\"http:\/\/menzendorff.de\/wp-content\/uploads\/2013\/10\/DSC09364.jpg\" alt=\"SONY DSC\" width=\"2896\" height=\"1936\" srcset=\"http:\/\/menzendorff.de\/wp-content\/uploads\/2013\/10\/DSC09364.jpg 2896w, http:\/\/menzendorff.de\/wp-content\/uploads\/2013\/10\/DSC09364-300x200.jpg 300w, http:\/\/menzendorff.de\/wp-content\/uploads\/2013\/10\/DSC09364-1024x684.jpg 1024w, http:\/\/menzendorff.de\/wp-content\/uploads\/2013\/10\/DSC09364-624x417.jpg 624w\" sizes=\"(max-width: 2896px) 100vw, 2896px\" \/><\/a><\/p>\n<p>S\u00e4ule, eventuell aus dem Vorg\u00e4ngerbauwerk:<\/p>\n<p><a href=\"http:\/\/menzendorff.de\/wp-content\/uploads\/2013\/10\/DSC09365.jpg\"><img loading=\"lazy\" class=\"aligncenter size-full wp-image-221\" src=\"http:\/\/menzendorff.de\/wp-content\/uploads\/2013\/10\/DSC09365.jpg\" alt=\"SONY DSC\" width=\"1936\" height=\"2896\" srcset=\"http:\/\/menzendorff.de\/wp-content\/uploads\/2013\/10\/DSC09365.jpg 1936w, http:\/\/menzendorff.de\/wp-content\/uploads\/2013\/10\/DSC09365-200x300.jpg 200w, http:\/\/menzendorff.de\/wp-content\/uploads\/2013\/10\/DSC09365-684x1024.jpg 684w, http:\/\/menzendorff.de\/wp-content\/uploads\/2013\/10\/DSC09365-624x933.jpg 624w\" sizes=\"(max-width: 1936px) 100vw, 1936px\" \/><\/a><\/p>\n<p>Ganz zum Schluss noch ein absolutes Highlight dieser Reise in die Vergangenheit. Wir durften auch in den Keller und dort gab es noch jede Menge aus der Templerzeit zu bestaunen, Steins\u00e4ulen und gotische T\u00fcrst\u00fcrze vom feinsten:<\/p>\n<p>&nbsp;<\/p>\n<p><a href=\"http:\/\/menzendorff.de\/wp-content\/uploads\/2013\/10\/5.jpg\"><img loading=\"lazy\" class=\"aligncenter size-full wp-image-185\" src=\"http:\/\/menzendorff.de\/wp-content\/uploads\/2013\/10\/5.jpg\" alt=\"SONY DSC\" width=\"2896\" height=\"1936\" srcset=\"http:\/\/menzendorff.de\/wp-content\/uploads\/2013\/10\/5.jpg 2896w, http:\/\/menzendorff.de\/wp-content\/uploads\/2013\/10\/5-300x200.jpg 300w, http:\/\/menzendorff.de\/wp-content\/uploads\/2013\/10\/5-1024x684.jpg 1024w, http:\/\/menzendorff.de\/wp-content\/uploads\/2013\/10\/5-624x417.jpg 624w\" sizes=\"(max-width: 2896px) 100vw, 2896px\" \/><\/a><strong>Komtureikeller der Templer von Bergheim, heute wie damals zum Weinbau verwendet.<\/strong><\/p>\n","protected":false},"excerpt":{"rendered":"<p>&nbsp; Im September war wieder eine Elsassreise f\u00e4llig. Wir kommen dort mehrmals im Jahr in einer privat gef\u00fchrten M\u00fchle unter, die sich einige hundert Meter von einem Dorf im sogenannten Pays d&#8217;Hanau &#8211; ca 20 Km westlich von Haguenau &#8211; in einem Wald befindet. Nein, einen Lageplan und eine genauere Beschreibung gibts nicht. Ich d\u00fcrfte [&hellip;]<\/p>\n","protected":false},"author":2,"featured_media":0,"comment_status":"open","ping_status":"open","sticky":false,"template":"","format":"standard","meta":[],"categories":[11],"tags":[],"_links":{"self":[{"href":"http:\/\/menzendorff.de\/index.php?rest_route=\/wp\/v2\/posts\/162"}],"collection":[{"href":"http:\/\/menzendorff.de\/index.php?rest_route=\/wp\/v2\/posts"}],"about":[{"href":"http:\/\/menzendorff.de\/index.php?rest_route=\/wp\/v2\/types\/post"}],"author":[{"embeddable":true,"href":"http:\/\/menzendorff.de\/index.php?rest_route=\/wp\/v2\/users\/2"}],"replies":[{"embeddable":true,"href":"http:\/\/menzendorff.de\/index.php?rest_route=%2Fwp%2Fv2%2Fcomments&post=162"}],"version-history":[{"count":29,"href":"http:\/\/menzendorff.de\/index.php?rest_route=\/wp\/v2\/posts\/162\/revisions"}],"predecessor-version":[{"id":2829,"href":"http:\/\/menzendorff.de\/index.php?rest_route=\/wp\/v2\/posts\/162\/revisions\/2829"}],"wp:attachment":[{"href":"http:\/\/menzendorff.de\/index.php?rest_route=%2Fwp%2Fv2%2Fmedia&parent=162"}],"wp:term":[{"taxonomy":"category","embeddable":true,"href":"http:\/\/menzendorff.de\/index.php?rest_route=%2Fwp%2Fv2%2Fcategories&post=162"},{"taxonomy":"post_tag","embeddable":true,"href":"http:\/\/menzendorff.de\/index.php?rest_route=%2Fwp%2Fv2%2Ftags&post=162"}],"curies":[{"name":"wp","href":"https:\/\/api.w.org\/{rel}","templated":true}]}}