{"id":1727,"date":"2017-06-30T20:47:10","date_gmt":"2017-06-30T18:47:10","guid":{"rendered":"http:\/\/menzendorff.de\/?p=1727"},"modified":"2019-04-21T15:03:00","modified_gmt":"2019-04-21T13:03:00","slug":"2017-juni-ile-de-france","status":"publish","type":"post","link":"http:\/\/menzendorff.de\/?p=1727","title":{"rendered":"2017, Juni, \u00cele-de-France"},"content":{"rendered":"<p><span style=\"font-size: xx-large;\">R\u00e9gion \u00cele-de-France<br \/>\n<\/span><\/p>\n<p>Am 15.\u00a0 Juni 2017 ging es wieder nach Frankreich. Die heutige R\u00e9gion \u00cele-de-France entspricht in etwa dem fr\u00fcheren Kernland des K\u00f6nigreichs Frankreich und der historischen Region \u00cele-de-France bis zur franz\u00f6sischen Revolution. Die Stadt Paris mit dem D\u00e9partement 75 liegt in ihrem Mittelpunkt. Die f\u00fcr diese Fahrt ausgesuchten Templerorte lagen \u00fcberwiegend im D\u00e9partement 77, Seine-et-Marne \u00f6stlich von Paris, das mit der historischen Region Brie \u00fcbereinstimmt. Hier kommt nat\u00fcrlich auch der weltber\u00fchmte Brie-K\u00e4se her. Ein nicht minder bekannter Vertreter dieser Spezialit\u00e4t ist der Coulommiers. Er stammt aus dem gleichnamigen <a href=\"http:\/\/menzendorff.de\/?p=27\" target=\"_blank\" rel=\"noopener\">Templerort.<\/a><\/p>\n<p><span style=\"font-size: xx-large;\">1. D\u00e9partement Seine-et-Marne \u00a0 \u00a0 \u00a0 \u00a0 \u00a0 \u00a0 \u00a0 1.1 Choisy-le-Temple, 77410 Charny<\/span><\/p>\n<p>Auf <strong>Coulommiers<\/strong> werden wir sp\u00e4ter noch zur\u00fcckkommen. Als erstes Ziel hatte ich mir die Commanderie <strong>Choisy-le-Temple<\/strong> ausgesucht, die im Norden dieses Departements zu finden ist, und zwar in der N\u00e4he des Flughafens Charles-de-Gaulle. Die N\u00e4he zu Paris sp\u00fcrt man hier noch nicht. Man mu\u00df immer etwas Acht geben beim Auffinden von Templerorten in Landkarten. Viele franz\u00f6sische Orte &#8211; besonders Templerorte &#8211; haben \u00e4hnliche oder identische Namen (etwa Villedieu). Ein Choisy gibt es mindestens noch einmal im gleichen Departement, ca 50 km s\u00fcdwestlich. Es handelt sich dabei auch um einen Templerort, n\u00e4mlich <strong>Choisy-en-Brie<\/strong>\u00a0 mit der Postleitzahl 77320. Die kam mir sehr bekannt vor! Dieselbe Postleitzahl hat <strong>Saint Martin-des-Champs. <\/strong>Die Commanderie <strong>Choisy-en-Brie<\/strong> liegt zwischen den beiden Commanderien <strong>Chevru<\/strong> und <strong>Saint-Martin des Champs<\/strong>, jeweils nur ein paar Kilometer entfernt, in Spaziergangdistanz. Aber zu sp\u00e4t, da mu\u00df ich halt auch noch mal hin. Die To-do-Liste wird lang und l\u00e4nger. Die Commanderie von Choisy-le-Temple liegt ca. 2 Km s\u00fcdwestlich der Gemeinde Charny.<\/p>\n<p><a href=\"http:\/\/menzendorff.de\/wp-content\/uploads\/2018\/03\/Screenshot-2018-03-08-20.31.33.png\"><img loading=\"lazy\" class=\"alignright size-full wp-image-1753\" src=\"http:\/\/menzendorff.de\/wp-content\/uploads\/2018\/03\/Screenshot-2018-03-08-20.31.33.png\" alt=\"\" width=\"823\" height=\"397\" srcset=\"http:\/\/menzendorff.de\/wp-content\/uploads\/2018\/03\/Screenshot-2018-03-08-20.31.33.png 823w, http:\/\/menzendorff.de\/wp-content\/uploads\/2018\/03\/Screenshot-2018-03-08-20.31.33-300x145.png 300w, http:\/\/menzendorff.de\/wp-content\/uploads\/2018\/03\/Screenshot-2018-03-08-20.31.33-768x370.png 768w, http:\/\/menzendorff.de\/wp-content\/uploads\/2018\/03\/Screenshot-2018-03-08-20.31.33-624x301.png 624w\" sizes=\"(max-width: 823px) 100vw, 823px\" \/><\/a><\/p>\n<p style=\"text-align: center;\">Carte Cassini, copyright IGN und Jack Bocar, <a href=\"http:\/\/www.templiers.net\/commanderies\/index.php?page=commanderies_C\" target=\"_blank\" rel=\"noopener\">templiers.net<\/a><\/p>\n<p><a href=\"http:\/\/menzendorff.de\/wp-content\/uploads\/2018\/03\/Screenshot-2018-03-08-19.53.35.png\"><img loading=\"lazy\" class=\"alignright size-full wp-image-1754\" src=\"http:\/\/menzendorff.de\/wp-content\/uploads\/2018\/03\/Screenshot-2018-03-08-19.53.35.png\" alt=\"\" width=\"720\" height=\"681\" srcset=\"http:\/\/menzendorff.de\/wp-content\/uploads\/2018\/03\/Screenshot-2018-03-08-19.53.35.png 720w, http:\/\/menzendorff.de\/wp-content\/uploads\/2018\/03\/Screenshot-2018-03-08-19.53.35-300x284.png 300w, http:\/\/menzendorff.de\/wp-content\/uploads\/2018\/03\/Screenshot-2018-03-08-19.53.35-624x590.png 624w\" sizes=\"(max-width: 720px) 100vw, 720px\" \/><\/a><\/p>\n<p style=\"text-align: center;\">Quelle google maps<\/p>\n<p>Vor Ort fand ich ein landwirtschaftliches Geh\u00f6ft neben einem Ferien-G\u00e4stehaus genannt &#8222;le Temple&#8220;.<\/p>\n<p><a href=\"http:\/\/menzendorff.de\/wp-content\/uploads\/2018\/03\/ChampagneJuni-2017I-001.jpg\"><img loading=\"lazy\" class=\"alignright size-large wp-image-1732\" src=\"http:\/\/menzendorff.de\/wp-content\/uploads\/2018\/03\/ChampagneJuni-2017I-001-1024x683.jpg\" alt=\"Champagne,Juni 2017I 001\" width=\"625\" height=\"417\" srcset=\"http:\/\/menzendorff.de\/wp-content\/uploads\/2018\/03\/ChampagneJuni-2017I-001.jpg 1024w, http:\/\/menzendorff.de\/wp-content\/uploads\/2018\/03\/ChampagneJuni-2017I-001-300x200.jpg 300w, http:\/\/menzendorff.de\/wp-content\/uploads\/2018\/03\/ChampagneJuni-2017I-001-768x512.jpg 768w, http:\/\/menzendorff.de\/wp-content\/uploads\/2018\/03\/ChampagneJuni-2017I-001-624x416.jpg 624w\" sizes=\"(max-width: 625px) 100vw, 625px\" \/><\/a><\/p>\n<p>Die Gemeinde, die die Zeichen der Templer und deren Rechtsnachfolger, der Johanniter, noch heute stolz im Wappen f\u00fchrt, zeigt ihren Besuchern mit diesem Hinweisschild an, dass ihre Suche ein gutes Ende gefunden hat. Es waren Adlige aus Charny, die den Templern dieses Anwesen vermachten: Haton et Simon de Charny, donn\u00e9rent, en 1181, \u00e0 la maison du Temple de Choisy, \u00ab domui Templi de Soisy \u00bb, Quelle: <a href=\"http:\/\/www.templiers.net\/commanderies\/index.php?page=commanderies_C\" target=\"_blank\" rel=\"noopener\">templiers.net<\/a><\/p>\n<p><a href=\"http:\/\/menzendorff.de\/wp-content\/uploads\/2018\/03\/ChampagneJuni-2017I-009.jpg\"><img loading=\"lazy\" class=\"alignright size-large wp-image-1733\" src=\"http:\/\/menzendorff.de\/wp-content\/uploads\/2018\/03\/ChampagneJuni-2017I-009-1024x683.jpg\" alt=\"Champagne,Juni 2017I 009\" width=\"625\" height=\"417\" srcset=\"http:\/\/menzendorff.de\/wp-content\/uploads\/2018\/03\/ChampagneJuni-2017I-009.jpg 1024w, http:\/\/menzendorff.de\/wp-content\/uploads\/2018\/03\/ChampagneJuni-2017I-009-300x200.jpg 300w, http:\/\/menzendorff.de\/wp-content\/uploads\/2018\/03\/ChampagneJuni-2017I-009-768x512.jpg 768w, http:\/\/menzendorff.de\/wp-content\/uploads\/2018\/03\/ChampagneJuni-2017I-009-624x416.jpg 624w\" sizes=\"(max-width: 625px) 100vw, 625px\" \/><\/a><\/p>\n<p>Die meisten Geb\u00e4ude sind moderne Zweckbauten. Das jedoch gilt nicht f\u00fcr dieses Geb\u00e4ude, das noch aus dem Mittelalter stammen d\u00fcrfte. War es die Kapelle oder eine Scheune?<a href=\"http:\/\/menzendorff.de\/wp-content\/uploads\/2018\/03\/ChampagneJuni-2017I-012.jpg\"><img loading=\"lazy\" class=\"alignright size-large wp-image-1734\" src=\"http:\/\/menzendorff.de\/wp-content\/uploads\/2018\/03\/ChampagneJuni-2017I-012-1024x683.jpg\" alt=\"Champagne,Juni 2017I 012\" width=\"625\" height=\"417\" srcset=\"http:\/\/menzendorff.de\/wp-content\/uploads\/2018\/03\/ChampagneJuni-2017I-012.jpg 1024w, http:\/\/menzendorff.de\/wp-content\/uploads\/2018\/03\/ChampagneJuni-2017I-012-300x200.jpg 300w, http:\/\/menzendorff.de\/wp-content\/uploads\/2018\/03\/ChampagneJuni-2017I-012-768x512.jpg 768w, http:\/\/menzendorff.de\/wp-content\/uploads\/2018\/03\/ChampagneJuni-2017I-012-624x416.jpg 624w\" sizes=\"(max-width: 625px) 100vw, 625px\" \/><\/a><\/p>\n<p style=\"text-align: center;\">Blick vom G\u00e4stehaus auf die S\u00fcdflanke dieses Geb\u00e4udes<\/p>\n<p><a href=\"http:\/\/menzendorff.de\/wp-content\/uploads\/2018\/03\/ChampagneJuni-2017I-015.jpg\"><img loading=\"lazy\" class=\"alignright size-large wp-image-1736\" src=\"http:\/\/menzendorff.de\/wp-content\/uploads\/2018\/03\/ChampagneJuni-2017I-015-1024x683.jpg\" alt=\"Champagne,Juni 2017I 015\" width=\"625\" height=\"417\" srcset=\"http:\/\/menzendorff.de\/wp-content\/uploads\/2018\/03\/ChampagneJuni-2017I-015.jpg 1024w, http:\/\/menzendorff.de\/wp-content\/uploads\/2018\/03\/ChampagneJuni-2017I-015-300x200.jpg 300w, http:\/\/menzendorff.de\/wp-content\/uploads\/2018\/03\/ChampagneJuni-2017I-015-768x512.jpg 768w, http:\/\/menzendorff.de\/wp-content\/uploads\/2018\/03\/ChampagneJuni-2017I-015-624x416.jpg 624w\" sizes=\"(max-width: 625px) 100vw, 625px\" \/><\/a><\/p>\n<p style=\"text-align: left;\">Bei diesem Fl\u00fcgel auf der Nordseite hatte ich den Verdacht, dass es sich um das Herrenhaus aus der Johanniterzeit handeln k\u00f6nnte. Ich wollte aber die Privatsph\u00e4re der Leute nicht st\u00f6ren und so verzichtete ich darauf, tiefer in den bewohnten Bereich vorzudringen. Auf zum n\u00e4chsten Ziel, nur 20 Km nach S\u00fcdwesten, wo das Drama begann: Der Anfang vom Ende meines hei\u00dfgeliebten Menzomobils, welches hier nach fast einer halben Million Kilometer, davon 200.000 Km im Dienste der Templer, das erste und zugleich vorletzte Mal in Rauch aufging.<\/p>\n<p><span style=\"font-size: xx-large;\">1.2 77580 Cr\u00e9cy-la-Chapelle<\/span><\/p>\n<p>Etwa 30 Km s\u00fcd\u00f6stlich von Choisy-le-Temple lag die n\u00e4chste Templerstation, die ich mir vorgenommen hatte. Ich vermute hier eine Strasse, die von Paris nach Troyes f\u00fchrt. Meine Vorplanungen haben ergeben, dass ca. alle zwanzig Kilometer ein Templerort liegt.<\/p>\n<p>Das Menzomobil hatte die ganze Strecke von Frankfurt gut geschafft und keinerlei Probleme bereitet. Es war zuvor wegen eines K\u00fchlerdefekts in der Werkstatt, aber der schien nun wieder behoben. Dachte ich. Bis hierher.<\/p>\n<p>Ich hatte den Ort Cr\u00e9cy-la-Chapelle noch m\u00fchelos erreicht und bei der Einfahrt festgestellt, dass dies wohl ein recht charmanter Ort sein m\u00fc\u00dfte. Es gab Br\u00fccken \u00fcber einen kleineren Flu\u00df, der sich durch die H\u00e4userzeilen wand. Etwas templerisches war soweit nicht zu entdecken und so fragte ich mich nach der Kapelle durch. Ich geriet jedoch unversehens in einen Auflauf von mehreren hundert Sch\u00fclern, die \u00fcber die Strassen und Pl\u00e4tze verteilt nach ihren Schulbussen strebten und landete schliesslich auch noch ungewollt auf einem Schulparkplatz, der f\u00fcr PKWs zu dem Zeitpunkt gesperrt war. Eine Beamtin hatte &#8211; nachdem sie erst pflichtgem\u00e4\u00df ihre Schimpfkanonade auf mich niederregnen lie\u00df &#8211; sodann daf\u00fcr gesorgt, dass ich aus diesem Wirrwarr wieder herauskam und mich dazu noch mit einer pr\u00e4zisen Beschreibung meines Weges ausgestattet.\u00a0 Ich konzentrierte mich so sehr auf die vielen Sch\u00fcler, den st\u00e4rker gewordenen Verkehr und meinen Weg, dass ich die Temperaturanzeige meines Autos au\u00dfer acht lie\u00df. Ich war etwa noch 500 Meter von meinem Ziel entfernt und hatte gerade die Ausfallstrasse erreicht, als das Menzomobil mit einem lauten Knall aufgab. Der K\u00fchler war zum zweiten Mal geplatzt.<\/p>\n<p>Nun stand ich mit dem schweren Wagen auf der Landstrasse und die genervten Autofahrer schienen ernstlich zu hoffen, dass sie mich durch permanentes Hupen von der Strasse wegfegen k\u00f6nnten. Das ging eine ganze Weile so. Irgendwann half mir ein Kraftfahrer, das Auto an die Seite schieben.\u00a0 Dort konnte es allerdings nicht auf Dauer bleiben. Nach einer Abk\u00fchlungspause gelang es mir, den Motor noch mal zu starten. Wenige hundert Meter weiter tauchte die Kapelle vor mir auf und es gab einen gro\u00dfen freien Parkplatz direkt davor:<\/p>\n<p><a href=\"http:\/\/menzendorff.de\/wp-content\/uploads\/2018\/03\/ChampagneJuni-2017I-019.jpg\"><img loading=\"lazy\" class=\"alignright size-large wp-image-1739\" src=\"http:\/\/menzendorff.de\/wp-content\/uploads\/2018\/03\/ChampagneJuni-2017I-019-1024x683.jpg\" alt=\"Champagne,Juni 2017I 019\" width=\"625\" height=\"417\" srcset=\"http:\/\/menzendorff.de\/wp-content\/uploads\/2018\/03\/ChampagneJuni-2017I-019.jpg 1024w, http:\/\/menzendorff.de\/wp-content\/uploads\/2018\/03\/ChampagneJuni-2017I-019-300x200.jpg 300w, http:\/\/menzendorff.de\/wp-content\/uploads\/2018\/03\/ChampagneJuni-2017I-019-768x512.jpg 768w, http:\/\/menzendorff.de\/wp-content\/uploads\/2018\/03\/ChampagneJuni-2017I-019-624x416.jpg 624w\" sizes=\"(max-width: 625px) 100vw, 625px\" \/><\/a><\/p>\n<p style=\"text-align: center;\">\u00c9glise Notre-Dame-de-l&#8217;Assomption, <strong>77580 Cr\u00e9cy-la-Chapelle<\/strong><\/p>\n<p><a href=\"http:\/\/menzendorff.de\/wp-content\/uploads\/2018\/03\/ChampagneJuni-2017I-024.jpg\"><img loading=\"lazy\" class=\"alignright size-large wp-image-1742\" src=\"http:\/\/menzendorff.de\/wp-content\/uploads\/2018\/03\/ChampagneJuni-2017I-024-1024x683.jpg\" alt=\"Champagne,Juni 2017I 024\" width=\"625\" height=\"417\" srcset=\"http:\/\/menzendorff.de\/wp-content\/uploads\/2018\/03\/ChampagneJuni-2017I-024.jpg 1024w, http:\/\/menzendorff.de\/wp-content\/uploads\/2018\/03\/ChampagneJuni-2017I-024-300x200.jpg 300w, http:\/\/menzendorff.de\/wp-content\/uploads\/2018\/03\/ChampagneJuni-2017I-024-768x512.jpg 768w, http:\/\/menzendorff.de\/wp-content\/uploads\/2018\/03\/ChampagneJuni-2017I-024-624x416.jpg 624w\" sizes=\"(max-width: 625px) 100vw, 625px\" \/><\/a><\/p>\n<p>Wo ich schon mal hier war, umrundete ich diese wunderbare gotische Kirche, deren Baubeginn auf das Jahr 1220 zur\u00fcckgeht (<a href=\"https:\/\/de.wikipedia.org\/wiki\/Notre-Dame-de-l%E2%80%99Assomption_(Cr%C3%A9cy-la-Chapelle)\" target=\"_blank\" rel=\"noopener\">Wikipedkia<\/a>). Mit den Templern hatte die Kirche wohl nichts zu tun.<\/p>\n<p>Im Jahre 1185 erhielten die Templer hier im Ort ein Maison\u00a0 (<a href=\"http:\/\/www.templiers.net\/departements\/index.php?page=77#1\">Templiers.net Jack Bocar<\/a>). Davon ist offenbar heute nichts mehr zu sehen. Aber es gab dennoch einen Beweis f\u00fcr die Bedeutung des Ordens:<\/p>\n<p><a href=\"http:\/\/menzendorff.de\/wp-content\/uploads\/2018\/03\/ChampagneJuni-2017I-026.jpg\"><img loading=\"lazy\" class=\"alignright size-large wp-image-1743\" src=\"http:\/\/menzendorff.de\/wp-content\/uploads\/2018\/03\/ChampagneJuni-2017I-026-1024x683.jpg\" alt=\"Champagne,Juni 2017I 026\" width=\"625\" height=\"417\" srcset=\"http:\/\/menzendorff.de\/wp-content\/uploads\/2018\/03\/ChampagneJuni-2017I-026.jpg 1024w, http:\/\/menzendorff.de\/wp-content\/uploads\/2018\/03\/ChampagneJuni-2017I-026-300x200.jpg 300w, http:\/\/menzendorff.de\/wp-content\/uploads\/2018\/03\/ChampagneJuni-2017I-026-768x512.jpg 768w, http:\/\/menzendorff.de\/wp-content\/uploads\/2018\/03\/ChampagneJuni-2017I-026-624x416.jpg 624w\" sizes=\"(max-width: 625px) 100vw, 625px\" \/><\/a><\/p>\n<p style=\"text-align: center;\">Ein Templerkreuz im Giebelfenster auf der S\u00fcdseite.<\/p>\n<p>Direkt an der Kirche lief auch der Flu\u00df entlang, den ich im Ortskern schon mal bemerkt hatte.<\/p>\n<p>Von diesem Befund beschwingt, schnappte ich mir den Koffer aus dem Auto und lief zur\u00fcck in den Ortskern. Ab jetzt begann wieder meine Gl\u00fccksstr\u00e4hne. Ich kam genau 5 Minuten vor Dienstende im <em>Office de tourisme<\/em> an. Dessen Mitarbeiter bot sich an, f\u00fcr mich ein Quartier\u00a0 in einem nahegelegenen Golfhotel\u00a0 <a href=\"https:\/\/www.domainedecrecy.com\/en\/\" target=\"_blank\" rel=\"noopener\">Domaine de Cr\u00e9cy<\/a>\u00a0 zu einem absoluten Sonderpreis klarzumachen. Und er fuhr mich dann auch noch dahin! Ich erhielt dort eines der besten Abendessen meines Lebens und werde den Abend vermutlich nie mehr vergessen.<\/p>\n<p><a href=\"http:\/\/menzendorff.de\/wp-content\/uploads\/2018\/03\/Screenshot-2018-07-21-22.37.13.png\"><img loading=\"lazy\" class=\"alignright size-large wp-image-2214\" src=\"http:\/\/menzendorff.de\/wp-content\/uploads\/2018\/03\/Screenshot-2018-07-21-22.37.13-1024x568.png\" alt=\"\" width=\"625\" height=\"347\" srcset=\"http:\/\/menzendorff.de\/wp-content\/uploads\/2018\/03\/Screenshot-2018-07-21-22.37.13-1024x568.png 1024w, http:\/\/menzendorff.de\/wp-content\/uploads\/2018\/03\/Screenshot-2018-07-21-22.37.13-300x166.png 300w, http:\/\/menzendorff.de\/wp-content\/uploads\/2018\/03\/Screenshot-2018-07-21-22.37.13-768x426.png 768w, http:\/\/menzendorff.de\/wp-content\/uploads\/2018\/03\/Screenshot-2018-07-21-22.37.13-624x346.png 624w, http:\/\/menzendorff.de\/wp-content\/uploads\/2018\/03\/Screenshot-2018-07-21-22.37.13.png 1431w\" sizes=\"(max-width: 625px) 100vw, 625px\" \/><\/a><\/p>\n<p style=\"text-align: center;\">Mein Blick von der Terasse des Restaurants<\/p>\n<p><a href=\"http:\/\/menzendorff.de\/wp-content\/uploads\/2018\/03\/Screenshot-2018-07-21-22.36.11.png\"><img loading=\"lazy\" class=\"alignright size-large wp-image-2213\" src=\"http:\/\/menzendorff.de\/wp-content\/uploads\/2018\/03\/Screenshot-2018-07-21-22.36.11-1024x580.png\" alt=\"\" width=\"625\" height=\"354\" srcset=\"http:\/\/menzendorff.de\/wp-content\/uploads\/2018\/03\/Screenshot-2018-07-21-22.36.11-1024x580.png 1024w, http:\/\/menzendorff.de\/wp-content\/uploads\/2018\/03\/Screenshot-2018-07-21-22.36.11-300x170.png 300w, http:\/\/menzendorff.de\/wp-content\/uploads\/2018\/03\/Screenshot-2018-07-21-22.36.11-768x435.png 768w, http:\/\/menzendorff.de\/wp-content\/uploads\/2018\/03\/Screenshot-2018-07-21-22.36.11-624x354.png 624w, http:\/\/menzendorff.de\/wp-content\/uploads\/2018\/03\/Screenshot-2018-07-21-22.36.11.png 1428w\" sizes=\"(max-width: 625px) 100vw, 625px\" \/><\/a><\/p>\n<p style=\"text-align: center;\"><span class=\" UFICommentActorAndBody\"><span data-ft=\"{&quot;tn&quot;:&quot;K&quot;}\"><span class=\"UFICommentBody\">Vorspeise: Foie gras mit Sesam- und Honig-Chips, Popcorn und einem Apfel-Schaum-Sorbet<\/span><\/span><\/span><\/p>\n<p>Noch am Abend fand ich heraus, dass der Flu\u00df durch den Ort hier &#8222;Grand Morin&#8220; hei\u00dft, ca. 80 Km weiter westlich in der Champagne entspringt und weiter \u00f6stlich in die Marne m\u00fcndet.<\/p>\n<p>Am n\u00e4chsten Morgen g\u00f6nnte ich mir noch ein fantastisches Fr\u00fchst\u00fcck und fuhr dann mit einem Taxi zur n\u00e4chstgelegenen Mietwagenstation in Chessy. Direkt beim Disneyland Paris!<\/p>\n<p><span style=\"font-size: xx-large;\">1.3 Saint-Martin-des-Champs, 77320 La Fert\u00e9-Gaucher<\/span><\/p>\n<p style=\"text-align: left;\">Von <strong>Cr\u00e9cy-la-Chapelle<\/strong> sind es 15 Km zum Templerort <strong>Coulommiers<\/strong> und etwa nochmal so weit zu meinem n\u00e4chsten Templerort <strong>Saint-Martin-des-Champs<\/strong> bei La-Fert\u00e9-Gaucher. Die <strong>Commanderie de Coutran,<\/strong>\u00a0oder auch <strong>Saint-Martin-des-Champs<\/strong> genannt, befindet sich einige hundert Meter westlich von La-Fert\u00e9-Gaucher. Ein Schild macht auf die Abfahrt aufmerksam.<\/p>\n<p><a href=\"http:\/\/menzendorff.de\/wp-content\/uploads\/2018\/03\/ChampagneJuni-2017I-031.jpg\"><img loading=\"lazy\" class=\"alignright size-large wp-image-1745\" src=\"http:\/\/menzendorff.de\/wp-content\/uploads\/2018\/03\/ChampagneJuni-2017I-031-1024x683.jpg\" alt=\"Champagne,Juni 2017I 031\" width=\"625\" height=\"417\" srcset=\"http:\/\/menzendorff.de\/wp-content\/uploads\/2018\/03\/ChampagneJuni-2017I-031.jpg 1024w, http:\/\/menzendorff.de\/wp-content\/uploads\/2018\/03\/ChampagneJuni-2017I-031-300x200.jpg 300w, http:\/\/menzendorff.de\/wp-content\/uploads\/2018\/03\/ChampagneJuni-2017I-031-768x512.jpg 768w, http:\/\/menzendorff.de\/wp-content\/uploads\/2018\/03\/ChampagneJuni-2017I-031-624x416.jpg 624w\" sizes=\"(max-width: 625px) 100vw, 625px\" \/><\/a><\/p>\n<p style=\"text-align: center;\">Ausfahrtszeichen auf der D14, Rue de la Vigne, zwischen den Gemeinden La Fert\u00e9 Gaucher und Saint-Martin-des-Champs<\/p>\n<p><a href=\"http:\/\/menzendorff.de\/wp-content\/uploads\/2018\/03\/ChampagneJuni-2017I-032.jpg\"><img loading=\"lazy\" class=\"alignright size-large wp-image-1746\" src=\"http:\/\/menzendorff.de\/wp-content\/uploads\/2018\/03\/ChampagneJuni-2017I-032-1024x683.jpg\" alt=\"Champagne,Juni 2017I 032\" width=\"625\" height=\"417\" srcset=\"http:\/\/menzendorff.de\/wp-content\/uploads\/2018\/03\/ChampagneJuni-2017I-032.jpg 1024w, http:\/\/menzendorff.de\/wp-content\/uploads\/2018\/03\/ChampagneJuni-2017I-032-300x200.jpg 300w, http:\/\/menzendorff.de\/wp-content\/uploads\/2018\/03\/ChampagneJuni-2017I-032-768x512.jpg 768w, http:\/\/menzendorff.de\/wp-content\/uploads\/2018\/03\/ChampagneJuni-2017I-032-624x416.jpg 624w\" sizes=\"(max-width: 625px) 100vw, 625px\" \/><\/a><\/p>\n<p style=\"text-align: center;\">Anfahrt von S\u00fcden auf die ehem. Commanderie<\/p>\n<p><a href=\"http:\/\/menzendorff.de\/wp-content\/uploads\/2018\/03\/ChampagneJuni-2017I-037.jpg\"><img loading=\"lazy\" class=\"alignright size-large wp-image-1748\" src=\"http:\/\/menzendorff.de\/wp-content\/uploads\/2018\/03\/ChampagneJuni-2017I-037-1024x683.jpg\" alt=\"Champagne,Juni 2017I 037\" width=\"625\" height=\"417\" srcset=\"http:\/\/menzendorff.de\/wp-content\/uploads\/2018\/03\/ChampagneJuni-2017I-037.jpg 1024w, http:\/\/menzendorff.de\/wp-content\/uploads\/2018\/03\/ChampagneJuni-2017I-037-300x200.jpg 300w, http:\/\/menzendorff.de\/wp-content\/uploads\/2018\/03\/ChampagneJuni-2017I-037-768x512.jpg 768w, http:\/\/menzendorff.de\/wp-content\/uploads\/2018\/03\/ChampagneJuni-2017I-037-624x416.jpg 624w\" sizes=\"(max-width: 625px) 100vw, 625px\" \/><\/a><\/p>\n<p style=\"text-align: left;\">Wie man auch aus der Distanz gut erkennen kann, ist die Kapelle Saint-Martin recht bauf\u00e4llig, aber doch auch teilweise instandgehalten worden. N\u00e4heres zu dem Bauwerk finden Sie auf der Seite des <a href=\"https:\/\/www.templedeparis.fr\/actualit%C3%A9s-1\/chapelle-de-la-fert%C3%A9-gaucher\/\" target=\"_blank\" rel=\"noopener\">Temple de Paris<\/a>.<\/p>\n<p><a href=\"http:\/\/menzendorff.de\/wp-content\/uploads\/2018\/03\/ChampagneJuni-2017I-033.jpg\"><img loading=\"lazy\" class=\"alignright size-large wp-image-1747\" src=\"http:\/\/menzendorff.de\/wp-content\/uploads\/2018\/03\/ChampagneJuni-2017I-033-1024x712.jpg\" alt=\"Champagne,Juni 2017I 033\" width=\"625\" height=\"435\" srcset=\"http:\/\/menzendorff.de\/wp-content\/uploads\/2018\/03\/ChampagneJuni-2017I-033.jpg 1024w, http:\/\/menzendorff.de\/wp-content\/uploads\/2018\/03\/ChampagneJuni-2017I-033-300x209.jpg 300w, http:\/\/menzendorff.de\/wp-content\/uploads\/2018\/03\/ChampagneJuni-2017I-033-768x534.jpg 768w, http:\/\/menzendorff.de\/wp-content\/uploads\/2018\/03\/ChampagneJuni-2017I-033-624x434.jpg 624w\" sizes=\"(max-width: 625px) 100vw, 625px\" \/><\/a><\/p>\n<p style=\"text-align: center;\">Diese Einstellung gelang nur mittels Nachbearbeitung am Computer durch Vergr\u00f6\u00dferung. In der Realit\u00e4t kommt man so nah nicht heran, ohne Gesetze zu verletzen.<\/p>\n<p><a href=\"http:\/\/menzendorff.de\/wp-content\/uploads\/2018\/03\/ChampagneJuni-2017I-042.jpg\"><img loading=\"lazy\" class=\"alignright size-full wp-image-1749\" src=\"http:\/\/menzendorff.de\/wp-content\/uploads\/2018\/03\/ChampagneJuni-2017I-042.jpg\" alt=\"Champagne,Juni 2017I 042\" width=\"975\" height=\"768\" srcset=\"http:\/\/menzendorff.de\/wp-content\/uploads\/2018\/03\/ChampagneJuni-2017I-042.jpg 975w, http:\/\/menzendorff.de\/wp-content\/uploads\/2018\/03\/ChampagneJuni-2017I-042-300x236.jpg 300w, http:\/\/menzendorff.de\/wp-content\/uploads\/2018\/03\/ChampagneJuni-2017I-042-768x605.jpg 768w, http:\/\/menzendorff.de\/wp-content\/uploads\/2018\/03\/ChampagneJuni-2017I-042-624x492.jpg 624w\" sizes=\"(max-width: 975px) 100vw, 975px\" \/><\/a><\/p>\n<p style=\"text-align: left;\">N\u00e4her als f\u00fcr diese Einstellung habe ich mich nicht herangetraut. Es waren nicht \u00fcbersehbare Schilder angebracht, dass der Zutritt zu dem Gel\u00e4nde verboten ist. Dieses Geb\u00e4ude ist das einzige, was ebenfalls aus der Zeit der Templer herr\u00fchren d\u00fcrfte. Im \u00dcbrigen wurde die Commanderie im sog. hundertj\u00e4hrigen Krieg zerst\u00f6rt.<\/p>\n<p><span style=\"font-size: xx-large;\">1.4 Prieur\u00e9 de Saint-Martin, 77320 La Fert\u00e9-Gaucher<\/span><\/p>\n<p>Sowohl die Commanderie de Coutran als auch die Nachbarstadt La Fert\u00e9-Gaucher liegen ebenfalls an dem Flu\u00df Grand-Morin. Direkt nach der Br\u00fccke der Rue de S\u00e9zanne \u00fcber den Grand-Morin biegt links eine Sackgasse namens Rue de Prieur\u00e9 ab. Dort befindet sich ein mittelalterliches Geb\u00e4ude aus dem 12. Jahrhundert. Ein Bezug zum Templerorden ist nicht ersichtlich (<a href=\"http:\/\/www.patrimoine-religieux.fr\/eglises_edifices\/77-Seine-et-Marne\/77182-Ferte-Gaucher\/171320-AncienneegliseduprieureSaint-Martin\" target=\"_blank\" rel=\"noopener\">Observatoire du Patrimonie Religieux<\/a>).<\/p>\n<p><a href=\"http:\/\/menzendorff.de\/wp-content\/uploads\/2018\/03\/ChampagneJuni-2017I-045.jpg\"><img loading=\"lazy\" class=\"alignright size-large wp-image-2218\" src=\"http:\/\/menzendorff.de\/wp-content\/uploads\/2018\/03\/ChampagneJuni-2017I-045-1024x683.jpg\" alt=\"\" width=\"625\" height=\"417\" srcset=\"http:\/\/menzendorff.de\/wp-content\/uploads\/2018\/03\/ChampagneJuni-2017I-045.jpg 1024w, http:\/\/menzendorff.de\/wp-content\/uploads\/2018\/03\/ChampagneJuni-2017I-045-300x200.jpg 300w, http:\/\/menzendorff.de\/wp-content\/uploads\/2018\/03\/ChampagneJuni-2017I-045-768x512.jpg 768w, http:\/\/menzendorff.de\/wp-content\/uploads\/2018\/03\/ChampagneJuni-2017I-045-624x416.jpg 624w\" sizes=\"(max-width: 625px) 100vw, 625px\" \/><\/a><\/p>\n<p>&nbsp;<\/p>\n<p style=\"text-align: center;\">Ancienne \u00e9glise du prieur\u00e9 Saint-Martin, La Fert\u00e9-Gaucher<\/p>\n<p>Es bleibt noch nachzutragen, dass sich zwischen La Fert\u00e9-Gaucher und der Commanderie Saint-Martin einige versumpfte oder ausgetrocknete Wasserbecken befinden, auf die ein Weg namens &#8222;<em>Chemin des Marais<\/em>&#8220; zuf\u00fchrt.<\/p>\n<p><a href=\"http:\/\/menzendorff.de\/wp-content\/uploads\/2018\/03\/Commanderie-Ferte.png\"><img loading=\"lazy\" class=\"alignright size-full wp-image-2223\" src=\"http:\/\/menzendorff.de\/wp-content\/uploads\/2018\/03\/Commanderie-Ferte.png\" alt=\"\" width=\"1008\" height=\"607\" srcset=\"http:\/\/menzendorff.de\/wp-content\/uploads\/2018\/03\/Commanderie-Ferte.png 1008w, http:\/\/menzendorff.de\/wp-content\/uploads\/2018\/03\/Commanderie-Ferte-300x181.png 300w, http:\/\/menzendorff.de\/wp-content\/uploads\/2018\/03\/Commanderie-Ferte-768x462.png 768w, http:\/\/menzendorff.de\/wp-content\/uploads\/2018\/03\/Commanderie-Ferte-624x376.png 624w\" sizes=\"(max-width: 1008px) 100vw, 1008px\" \/><\/a><\/p>\n<p>Das scheint mir ein erneuter Hinweis f\u00fcr meine These, dass man den Templern h\u00e4ufig und gerne Moorgebiete und Feuchtwiesen \u00fcberlassen hat, weil diese an mehreren Orten schon ihr Geschick bewiesen hatten, solche L\u00e4ndereien urbar zu machen, wie etwa bei ihrem Hauptsitz, dem Temple du Paris im <em>Quartier du Marais <\/em>(=Moor).<em><br \/>\n<\/em><\/p>\n<p>Das liefert mir zugleich das Stichwort f\u00fcr die Ausgangsfrage, ob hier eine &#8222;Templerstrasse&#8220; von Paris nach Provins nachzuweisen w\u00e4re. Der Temple du Paris lag bekanntlich an der Rue du Temple, die nordwestlich aus Paris herausf\u00fchrt. Der n\u00e4chste Templerort in nordwestlicher Richtung ist <strong>93390 Clichy-sous-Bois<\/strong>\u00a0 im D\u00e9partement Seine-St. Denis. Die Entfernung betr\u00e4gt 15 Kilometer. Geb\u00e4udereste sind dort nicht mehr erhalten. Von Clichy-sous-Bois sind es 19 Km zu dem ersten Ort dieses Beitrages, <strong>Choisy-le-Temple<\/strong> und von dort wiederum ca. 20 Km nach <strong>Cr\u00e9cy-la-Chapelle<\/strong>. Von hier geht es weiter s\u00fcdwestlich und man erreicht in 15 Km den Templerort <strong>Coulommiers<\/strong>. Von hier sind es &#8211; entlang des Ufers des Grand-Morin &#8211; ca. 20 Kilometer bis <strong>Saint-Martin-des-Champs<\/strong> bei La Fert\u00e9-Gaucher.<\/p>\n<p><a href=\"http:\/\/menzendorff.de\/wp-content\/uploads\/2018\/03\/Karte-Fernstr..png\"><img loading=\"lazy\" class=\"alignright size-large wp-image-2226\" src=\"http:\/\/menzendorff.de\/wp-content\/uploads\/2018\/03\/Karte-Fernstr.-1024x569.png\" alt=\"\" width=\"625\" height=\"347\" srcset=\"http:\/\/menzendorff.de\/wp-content\/uploads\/2018\/03\/Karte-Fernstr.-1024x569.png 1024w, http:\/\/menzendorff.de\/wp-content\/uploads\/2018\/03\/Karte-Fernstr.-300x167.png 300w, http:\/\/menzendorff.de\/wp-content\/uploads\/2018\/03\/Karte-Fernstr.-768x427.png 768w, http:\/\/menzendorff.de\/wp-content\/uploads\/2018\/03\/Karte-Fernstr.-624x347.png 624w, http:\/\/menzendorff.de\/wp-content\/uploads\/2018\/03\/Karte-Fernstr..png 1413w\" sizes=\"(max-width: 625px) 100vw, 625px\" \/><\/a><\/p>\n<p style=\"text-align: center;\">Sechs Templerorte wie Perlen an einer Kette im Abstand von 15 bis 20 Km<\/p>\n<p>Der &#8222;Buckel&#8220; dieser Linie nach Norden scheint dem Verlauf der Marne und des Flusses Grand-Morin geschuldet zu sein. Man kann heute noch zahlreiche Gew\u00e4sser rechts und links neben diesen beiden Fl\u00fcssen erkennen, die fr\u00fcher einmal Altarme gewesen sein m\u00f6gen. Das Marnetal ist recht breit und man wird hier wie im Rheintal im Mittelalter Schwierigkeiten bekommen haben, in Flu\u00dfn\u00e4he eine dauerhafte Strassenverbindung zu unterhalten. Das w\u00e4re noch n\u00e4her abzukl\u00e4ren.<\/p>\n<h1>1.5 77160 Provins<\/h1>\n<p>Die Stadt Provins, einst die &#8222;zweite Hauptstadt der Grafen der Champagne&#8220; (<a href=\"https:\/\/www.deutschlandfunk.de\/frankreich-besuch-im-mittelalterlichen-provins.1242.de.html?dram:article_id=272095\" target=\"_blank\" rel=\"noopener\">Deutschlandfunk<\/a>) und ein wichtiger Handelsplatz und Verkehrsknotenpunkt von Fernstrassen in alle Himmelsrichtungen (<a href=\"https:\/\/de.wikipedia.org\/wiki\/Provins\" target=\"_blank\" rel=\"noopener\">Wikipedia<\/a>), ist ein zu jeder Jahreszeit au\u00dferordentlich lohnendes Reiseziel, auch wenn man sich f\u00fcr den Templerorden nicht interessiert. Die Stadt pr\u00e4sentiert sich mit ihrer gut erhaltenen Stadtmauer mit 22 T\u00fcrmen, beachtlichen mittelalterlichen Bauwerken, Fachwerk\u00e4usern und kilometerlangen unterirdischen G\u00e4ngen als Touristenziel erster Klasse.<\/p>\n<p>Die Templer besassen in Provins fast siebzig Maisons (Aubarbier, S. 47) und unterhielten hier gleich zwei Commanderien, <strong>Val-de-Provins<\/strong> (au\u00dferhalb der Stadt) und <strong>la Madeleine<\/strong>. Von der erstgenannten ist nur noch ein Brunnen \u00fcbrig. <strong>La Madeleine<\/strong> pr\u00e4sentiert sich jedoch heute noch in alter Pracht und recht komplett:<\/p>\n<p><a href=\"http:\/\/menzendorff.de\/wp-content\/uploads\/2018\/03\/ChampagneJuni-2017I-063.jpg\"><img loading=\"lazy\" class=\"alignright size-large wp-image-2231\" src=\"http:\/\/menzendorff.de\/wp-content\/uploads\/2018\/03\/ChampagneJuni-2017I-063-1024x683.jpg\" alt=\"\" width=\"625\" height=\"417\" srcset=\"http:\/\/menzendorff.de\/wp-content\/uploads\/2018\/03\/ChampagneJuni-2017I-063.jpg 1024w, http:\/\/menzendorff.de\/wp-content\/uploads\/2018\/03\/ChampagneJuni-2017I-063-300x200.jpg 300w, http:\/\/menzendorff.de\/wp-content\/uploads\/2018\/03\/ChampagneJuni-2017I-063-768x512.jpg 768w, http:\/\/menzendorff.de\/wp-content\/uploads\/2018\/03\/ChampagneJuni-2017I-063-624x416.jpg 624w\" sizes=\"(max-width: 625px) 100vw, 625px\" \/><\/a><\/p>\n<p style=\"text-align: center;\">Commanderie des templi\u00e8rs <strong>la Madeleine<\/strong>, 77160 Provins<\/p>\n<p>Die Commanderie befindet sich in unmittelbarer N\u00e4he einer der besterhaltensten mittelalterlichen Stadttore der Stadt, der sogenannten<\/p>\n<p><a href=\"http:\/\/menzendorff.de\/wp-content\/uploads\/2018\/03\/ChampagneJuni-2017I-054.jpg\"><img loading=\"lazy\" class=\"alignright size-large wp-image-2230\" src=\"http:\/\/menzendorff.de\/wp-content\/uploads\/2018\/03\/ChampagneJuni-2017I-054-1024x683.jpg\" alt=\"\" width=\"625\" height=\"417\" srcset=\"http:\/\/menzendorff.de\/wp-content\/uploads\/2018\/03\/ChampagneJuni-2017I-054.jpg 1024w, http:\/\/menzendorff.de\/wp-content\/uploads\/2018\/03\/ChampagneJuni-2017I-054-300x200.jpg 300w, http:\/\/menzendorff.de\/wp-content\/uploads\/2018\/03\/ChampagneJuni-2017I-054-768x512.jpg 768w, http:\/\/menzendorff.de\/wp-content\/uploads\/2018\/03\/ChampagneJuni-2017I-054-624x416.jpg 624w\" sizes=\"(max-width: 625px) 100vw, 625px\" \/><\/a><\/p>\n<p style=\"text-align: center;\">Porte de Juoy, Provins<\/p>\n<p>Man findet das Commenderiegeb\u00e4ude, in dem man in die erste Strasse hinter diesem Tor nach rechts in die Rue de la Madeleine abbiegt. In der N\u00e4he befindet sich eine Rue la Chapelle Saint-Jean, aber eine Kapelle steht dort nicht mehr. Auf der Rue de Juoy befindet sich noch ein mittelalterliches Krankenhaus, das<\/p>\n<p><a href=\"http:\/\/menzendorff.de\/wp-content\/uploads\/2018\/03\/ChampagneJuni-2017I-072.jpg\"><img loading=\"lazy\" class=\"alignright size-large wp-image-2232\" src=\"http:\/\/menzendorff.de\/wp-content\/uploads\/2018\/03\/ChampagneJuni-2017I-072-1024x683.jpg\" alt=\"\" width=\"625\" height=\"417\" srcset=\"http:\/\/menzendorff.de\/wp-content\/uploads\/2018\/03\/ChampagneJuni-2017I-072.jpg 1024w, http:\/\/menzendorff.de\/wp-content\/uploads\/2018\/03\/ChampagneJuni-2017I-072-300x200.jpg 300w, http:\/\/menzendorff.de\/wp-content\/uploads\/2018\/03\/ChampagneJuni-2017I-072-768x512.jpg 768w, http:\/\/menzendorff.de\/wp-content\/uploads\/2018\/03\/ChampagneJuni-2017I-072-624x416.jpg 624w\" sizes=\"(max-width: 625px) 100vw, 625px\" \/><\/a><\/p>\n<p style=\"text-align: center;\">H\u00f4pital du Saint-Esprit aus dem Jahre 1177 (lt. Tafel neben dem Eingang<\/p>\n<p>Die Behandlung der Kranken fand in ausgedehnten unterirdischen Halle und Gew\u00f6lben statt, von denen Provins durchzogen ist.<\/p>\n<p><a href=\"http:\/\/menzendorff.de\/wp-content\/uploads\/2018\/03\/ChampagneJuni-2017I-109.jpg\"><img loading=\"lazy\" class=\"alignright size-large wp-image-2234\" src=\"http:\/\/menzendorff.de\/wp-content\/uploads\/2018\/03\/ChampagneJuni-2017I-109-1024x683.jpg\" alt=\"\" width=\"625\" height=\"417\" srcset=\"http:\/\/menzendorff.de\/wp-content\/uploads\/2018\/03\/ChampagneJuni-2017I-109.jpg 1024w, http:\/\/menzendorff.de\/wp-content\/uploads\/2018\/03\/ChampagneJuni-2017I-109-300x200.jpg 300w, http:\/\/menzendorff.de\/wp-content\/uploads\/2018\/03\/ChampagneJuni-2017I-109-768x512.jpg 768w, http:\/\/menzendorff.de\/wp-content\/uploads\/2018\/03\/ChampagneJuni-2017I-109-624x416.jpg 624w\" sizes=\"(max-width: 625px) 100vw, 625px\" \/><\/a><\/p>\n<p style=\"text-align: center;\">Ein Beispiel: Dieser Gew\u00f6lbekeller beherbergt heute eine Buchhandlung<\/p>\n<p>Es g\u00e4be noch viele sch\u00f6ne Fotos \u00fcber mittelalterliche Geb\u00e4ude der Stadt, aber das w\u00fcrde den Rahmen des Berichtes sprengen. Zu, Abschied aus Provins zeige ich noch die \u00e4lteste Kirche der Stadt, die auf das Jahr 996 a.D. zur\u00fcckgeht:<\/p>\n<p><a href=\"http:\/\/menzendorff.de\/wp-content\/uploads\/2017\/06\/DSC_0182.jpg\"><img loading=\"lazy\" class=\"alignright size-large wp-image-2238\" src=\"http:\/\/menzendorff.de\/wp-content\/uploads\/2017\/06\/DSC_0182-1024x683.jpg\" alt=\"\" width=\"625\" height=\"417\" srcset=\"http:\/\/menzendorff.de\/wp-content\/uploads\/2017\/06\/DSC_0182.jpg 1024w, http:\/\/menzendorff.de\/wp-content\/uploads\/2017\/06\/DSC_0182-300x200.jpg 300w, http:\/\/menzendorff.de\/wp-content\/uploads\/2017\/06\/DSC_0182-768x512.jpg 768w, http:\/\/menzendorff.de\/wp-content\/uploads\/2017\/06\/DSC_0182-624x416.jpg 624w\" sizes=\"(max-width: 625px) 100vw, 625px\" \/><\/a><\/p>\n<p style=\"text-align: center;\">\u00c8glise Saint-Ayoul de Provins<\/p>\n<h1>2. D\u00e9partement Yvelines<\/h1>\n<p>F\u00fcr mein n\u00e4chstes und letztes Ziel dieser Reise musste ich zun\u00e4chst 111 Km nach Westen in das Departement Yvelines fahren, das am s\u00fcdwestlichen Ende der R\u00e9gion \u00cele-de-France liegt. Die Commanderie Villedieu-les-Maurepas liegt 35 Km s\u00fcdwestlich von der Rue du Temple in Paris, genau auf der Strecke von Paris nach Chartres. Sie ist die erste Etappe einer Templerstrasse von Paris nach La Rochelle. Ich werde hierzu demn\u00e4chst meinen Aufsatz aus dem Jahre 2009 ver\u00f6ffentlichen.<\/p>\n<p><a href=\"http:\/\/menzendorff.de\/wp-content\/uploads\/2017\/06\/ChampagneJuni-2017I-127.jpg\"><img loading=\"lazy\" class=\"alignright size-large wp-image-2244\" src=\"http:\/\/menzendorff.de\/wp-content\/uploads\/2017\/06\/ChampagneJuni-2017I-127-1024x683.jpg\" alt=\"\" width=\"625\" height=\"417\" srcset=\"http:\/\/menzendorff.de\/wp-content\/uploads\/2017\/06\/ChampagneJuni-2017I-127.jpg 1024w, http:\/\/menzendorff.de\/wp-content\/uploads\/2017\/06\/ChampagneJuni-2017I-127-300x200.jpg 300w, http:\/\/menzendorff.de\/wp-content\/uploads\/2017\/06\/ChampagneJuni-2017I-127-768x512.jpg 768w, http:\/\/menzendorff.de\/wp-content\/uploads\/2017\/06\/ChampagneJuni-2017I-127-624x416.jpg 624w\" sizes=\"(max-width: 625px) 100vw, 625px\" \/><\/a><\/p>\n<p style=\"text-align: center;\">Kapelle der <em>commanderie<\/em> <strong>La Villedieu<\/strong><\/p>\n<p><a href=\"http:\/\/menzendorff.de\/wp-content\/uploads\/2017\/06\/Screenshot-2018-07-25-15.36.41.png\"><img loading=\"lazy\" class=\"alignright size-full wp-image-2246\" src=\"http:\/\/menzendorff.de\/wp-content\/uploads\/2017\/06\/Screenshot-2018-07-25-15.36.41.png\" alt=\"\" width=\"935\" height=\"581\" srcset=\"http:\/\/menzendorff.de\/wp-content\/uploads\/2017\/06\/Screenshot-2018-07-25-15.36.41.png 935w, http:\/\/menzendorff.de\/wp-content\/uploads\/2017\/06\/Screenshot-2018-07-25-15.36.41-300x186.png 300w, http:\/\/menzendorff.de\/wp-content\/uploads\/2017\/06\/Screenshot-2018-07-25-15.36.41-768x477.png 768w, http:\/\/menzendorff.de\/wp-content\/uploads\/2017\/06\/Screenshot-2018-07-25-15.36.41-624x388.png 624w\" sizes=\"(max-width: 935px) 100vw, 935px\" \/><\/a><\/p>\n<p style=\"text-align: center;\">alte Ansichtskarte der Kapelle<\/p>\n<p><a href=\"http:\/\/menzendorff.de\/wp-content\/uploads\/2017\/06\/ChampagneJuni-2017I-116.jpg\"><img loading=\"lazy\" class=\"alignright size-large wp-image-2240\" src=\"http:\/\/menzendorff.de\/wp-content\/uploads\/2017\/06\/ChampagneJuni-2017I-116-1024x683.jpg\" alt=\"\" width=\"625\" height=\"417\" srcset=\"http:\/\/menzendorff.de\/wp-content\/uploads\/2017\/06\/ChampagneJuni-2017I-116.jpg 1024w, http:\/\/menzendorff.de\/wp-content\/uploads\/2017\/06\/ChampagneJuni-2017I-116-300x200.jpg 300w, http:\/\/menzendorff.de\/wp-content\/uploads\/2017\/06\/ChampagneJuni-2017I-116-768x512.jpg 768w, http:\/\/menzendorff.de\/wp-content\/uploads\/2017\/06\/ChampagneJuni-2017I-116-624x416.jpg 624w\" sizes=\"(max-width: 625px) 100vw, 625px\" \/><\/a><\/p>\n<p style=\"text-align: center;\">Haupteingang der Commanderie<\/p>\n<p><a href=\"http:\/\/menzendorff.de\/wp-content\/uploads\/2017\/06\/Screenshot-2018-07-25-15.37.14.png\"><img loading=\"lazy\" class=\"alignright size-full wp-image-2247\" src=\"http:\/\/menzendorff.de\/wp-content\/uploads\/2017\/06\/Screenshot-2018-07-25-15.37.14.png\" alt=\"\" width=\"907\" height=\"579\" srcset=\"http:\/\/menzendorff.de\/wp-content\/uploads\/2017\/06\/Screenshot-2018-07-25-15.37.14.png 907w, http:\/\/menzendorff.de\/wp-content\/uploads\/2017\/06\/Screenshot-2018-07-25-15.37.14-300x192.png 300w, http:\/\/menzendorff.de\/wp-content\/uploads\/2017\/06\/Screenshot-2018-07-25-15.37.14-768x490.png 768w, http:\/\/menzendorff.de\/wp-content\/uploads\/2017\/06\/Screenshot-2018-07-25-15.37.14-624x398.png 624w\" sizes=\"(max-width: 907px) 100vw, 907px\" \/><\/a><\/p>\n<p style=\"text-align: center;\">Haupteingang, von Osten<\/p>\n<p><a href=\"http:\/\/menzendorff.de\/wp-content\/uploads\/2017\/06\/ChampagneJuni-2017I-121.jpg\"><img loading=\"lazy\" class=\"alignright size-large wp-image-2243\" src=\"http:\/\/menzendorff.de\/wp-content\/uploads\/2017\/06\/ChampagneJuni-2017I-121-1024x683.jpg\" alt=\"\" width=\"625\" height=\"417\" srcset=\"http:\/\/menzendorff.de\/wp-content\/uploads\/2017\/06\/ChampagneJuni-2017I-121.jpg 1024w, http:\/\/menzendorff.de\/wp-content\/uploads\/2017\/06\/ChampagneJuni-2017I-121-300x200.jpg 300w, http:\/\/menzendorff.de\/wp-content\/uploads\/2017\/06\/ChampagneJuni-2017I-121-768x512.jpg 768w, http:\/\/menzendorff.de\/wp-content\/uploads\/2017\/06\/ChampagneJuni-2017I-121-624x416.jpg 624w\" sizes=\"(max-width: 625px) 100vw, 625px\" \/><\/a><\/p>\n<p style=\"text-align: center;\">Der Weiher, der in keiner Commanderie fehlen darf<\/p>\n<p><a href=\"http:\/\/menzendorff.de\/wp-content\/uploads\/2017\/06\/ChampagneJuni-2017I-120.jpg\"><img loading=\"lazy\" class=\"alignright size-large wp-image-2242\" src=\"http:\/\/menzendorff.de\/wp-content\/uploads\/2017\/06\/ChampagneJuni-2017I-120-1024x683.jpg\" alt=\"\" width=\"625\" height=\"417\" srcset=\"http:\/\/menzendorff.de\/wp-content\/uploads\/2017\/06\/ChampagneJuni-2017I-120.jpg 1024w, http:\/\/menzendorff.de\/wp-content\/uploads\/2017\/06\/ChampagneJuni-2017I-120-300x200.jpg 300w, http:\/\/menzendorff.de\/wp-content\/uploads\/2017\/06\/ChampagneJuni-2017I-120-768x512.jpg 768w, http:\/\/menzendorff.de\/wp-content\/uploads\/2017\/06\/ChampagneJuni-2017I-120-624x416.jpg 624w\" sizes=\"(max-width: 625px) 100vw, 625px\" \/><\/a><\/p>\n<p style=\"text-align: center;\">Zentralhof und Nordflanke<\/p>\n<p><a href=\"http:\/\/menzendorff.de\/wp-content\/uploads\/2017\/06\/ChampagneJuni-2017I-117.jpg\"><img loading=\"lazy\" class=\"alignright size-large wp-image-2241\" src=\"http:\/\/menzendorff.de\/wp-content\/uploads\/2017\/06\/ChampagneJuni-2017I-117-1024x683.jpg\" alt=\"\" width=\"625\" height=\"417\" srcset=\"http:\/\/menzendorff.de\/wp-content\/uploads\/2017\/06\/ChampagneJuni-2017I-117.jpg 1024w, http:\/\/menzendorff.de\/wp-content\/uploads\/2017\/06\/ChampagneJuni-2017I-117-300x200.jpg 300w, http:\/\/menzendorff.de\/wp-content\/uploads\/2017\/06\/ChampagneJuni-2017I-117-768x512.jpg 768w, http:\/\/menzendorff.de\/wp-content\/uploads\/2017\/06\/ChampagneJuni-2017I-117-624x416.jpg 624w\" sizes=\"(max-width: 625px) 100vw, 625px\" \/><\/a><\/p>\n<p style=\"text-align: center;\">Detail La Villedieu<\/p>\n<p>Folgender Beitrag aus (<a href=\"https:\/\/fr.wikipedia.org\/wiki\/Commanderie_de_la_Villedieu\" target=\"_blank\" rel=\"noopener\">wikipedia<\/a>) beschreibt den Standort kurz und treffend:<\/p>\n<h3><span id=\"La_commanderie_templi\u00e8re\" class=\"mw-headline\">La commanderie templi\u00e8re<\/span><\/h3>\n<p>Au <abbr class=\"abbr\" title=\"13\u1d49 si\u00e8cle\"><span class=\"romain\">XIII<\/span><sup>e<\/sup><\/abbr>\u00a0si\u00e8cle, l&#8216;<a title=\"Ordre du Temple\" href=\"https:\/\/fr.wikipedia.org\/wiki\/Ordre_du_Temple\">ordre du Temple<\/a> poss\u00e8de environ 3\u00a0000\u00a0commanderies en Europe, dont pr\u00e8s de 700\u00a0en\u00a0France. La commanderie de La Villedieu ob\u00e9it au m\u00eame sch\u00e9ma d&#8217;organisation que les autres sites<sup id=\"cite_ref-4\" class=\"reference\"><a href=\"https:\/\/fr.wikipedia.org\/wiki\/Commanderie_de_la_Villedieu#cite_note-4\">4<\/a><\/sup>. Ils se composent g\u00e9n\u00e9ralement, dans la partie nord de la France, de b\u00e2timents \u00e0 usage divers dispos\u00e9s autour d&#8217;une cour centrale dot\u00e9e d&#8217;une pi\u00e8ce d&#8217;eau. Ces lieux polyvalents abritaient notamment des activit\u00e9s militaires, agricoles, financi\u00e8res et religieuses.<\/p>\n<p>Im 13. Jahrhundert besa\u00df der Templerorden etwa 3.000 Komtureien in Europa, davon etwa 700 in Frankreich. Die Komturei von La Villedieu gehorcht dem gleichen Organisationsschema wie andere Standorte. Im Norden Frankreichs setzen sie sich im Allgemeinen aus Geb\u00e4uden mit verschiedenen Verwendungszecken zusammen, die um einen zentralen, mit einem Teich ausgestatteten Hof angelegt sind. Diese Mehrzweck-Orte er\u00f6ffnen milit\u00e4rische, landwirtschaftliche, finanzielle und religi\u00f6se Aktivit\u00e4ten.<\/p>\n<p>&nbsp;<\/p>\n<p>&nbsp;<\/p>\n","protected":false},"excerpt":{"rendered":"<p>R\u00e9gion \u00cele-de-France Am 15.\u00a0 Juni 2017 ging es wieder nach Frankreich. Die heutige R\u00e9gion \u00cele-de-France entspricht in etwa dem fr\u00fcheren Kernland des K\u00f6nigreichs Frankreich und der historischen Region \u00cele-de-France bis zur franz\u00f6sischen Revolution. Die Stadt Paris mit dem D\u00e9partement 75 liegt in ihrem Mittelpunkt. Die f\u00fcr diese Fahrt ausgesuchten Templerorte lagen \u00fcberwiegend im D\u00e9partement 77, [&hellip;]<\/p>\n","protected":false},"author":2,"featured_media":0,"comment_status":"open","ping_status":"open","sticky":false,"template":"","format":"standard","meta":[],"categories":[10],"tags":[],"_links":{"self":[{"href":"http:\/\/menzendorff.de\/index.php?rest_route=\/wp\/v2\/posts\/1727"}],"collection":[{"href":"http:\/\/menzendorff.de\/index.php?rest_route=\/wp\/v2\/posts"}],"about":[{"href":"http:\/\/menzendorff.de\/index.php?rest_route=\/wp\/v2\/types\/post"}],"author":[{"embeddable":true,"href":"http:\/\/menzendorff.de\/index.php?rest_route=\/wp\/v2\/users\/2"}],"replies":[{"embeddable":true,"href":"http:\/\/menzendorff.de\/index.php?rest_route=%2Fwp%2Fv2%2Fcomments&post=1727"}],"version-history":[{"count":35,"href":"http:\/\/menzendorff.de\/index.php?rest_route=\/wp\/v2\/posts\/1727\/revisions"}],"predecessor-version":[{"id":2252,"href":"http:\/\/menzendorff.de\/index.php?rest_route=\/wp\/v2\/posts\/1727\/revisions\/2252"}],"wp:attachment":[{"href":"http:\/\/menzendorff.de\/index.php?rest_route=%2Fwp%2Fv2%2Fmedia&parent=1727"}],"wp:term":[{"taxonomy":"category","embeddable":true,"href":"http:\/\/menzendorff.de\/index.php?rest_route=%2Fwp%2Fv2%2Fcategories&post=1727"},{"taxonomy":"post_tag","embeddable":true,"href":"http:\/\/menzendorff.de\/index.php?rest_route=%2Fwp%2Fv2%2Ftags&post=1727"}],"curies":[{"name":"wp","href":"https:\/\/api.w.org\/{rel}","templated":true}]}}