{"id":198,"date":"2013-10-11T21:00:38","date_gmt":"2013-10-11T19:00:38","guid":{"rendered":"http:\/\/menzendorff.de\/?p=198"},"modified":"2019-04-21T15:10:37","modified_gmt":"2019-04-21T13:10:37","slug":"2012-bretagne","status":"publish","type":"post","link":"http:\/\/menzendorff.de\/?p=198","title":{"rendered":"2012 Bretagne, Teil I"},"content":{"rendered":"<p>&nbsp;<\/p>\n<p>Im Sommer war Familienurlaub in der Bretagne gebucht. Wir waren in einem gem\u00fctlichen Ferienhaus etwas s\u00fcdlich der quirligen kleinen Hafenstadt Paimpol, genauer in der Gemeinde Plou\u00e9zec, 22 C\u00f4tes-d&#8217;Armor, einquartiert. Dort &#8211; in Paimpol &#8211; sitzt man abends in einem der zahlreichen Restaurants rund um den Hafen mit einem fantastischen Blick aufs Meer (d.h. falls es mal da ist, das ist da oben nicht so sicher) und i\u00dft Muscheln oder Galettes. Es war in erster Linie Erholung angesagt und ich hatte die Reise diesmal templerm\u00e4ssig \u00fcberhaupt nicht vorbereitet. Wir wollten uns nach Tagesform treiben lassen. Wir wussten auch noch nicht, welchen Radius f\u00fcr Ausflugsfahrten wir uns stecken wollten, und so liessen wir die Dinge einfach auf uns zukommen. Wir hatten ja sonnige zwei Wochen garantiert. So staunten wir h\u00e4ufig nicht schlecht, was wir alles mehr oder weniger zuf\u00e4llig in unserem Urlaub &#8222;entdecken&#8220; durften. Es machte uns manchmal sprachlos. Man darf aber auch nicht vergessen, dass die R\u00e9gion Bretagne vermutlich die am dichtesten &#8222;betempelte&#8220; Gegend von ganz Frankreich sein d\u00fcrfte. Und so ist es nicht unbedingt eine Ausnahme, sondern eher die Regeln, bei ausgedehnten Ausfl\u00fcgen in Templerorten zu landen.<\/p>\n<p>Einer der ersten Ausfl\u00fcge f\u00fchrte uns s\u00fcdlich\u00a0 \u00fcber die Uferstrasse D786 nach Saint-Brieuc (<a title=\"Bretonische Sprache\" href=\"http:\/\/de.wikipedia.org\/wiki\/Bretonische_Sprache\">bretonisch<\/a>: <i>Sant-Brieg),<\/i> eine Stadt mit ca 46. tausend Einwohnern).<\/p>\n<p><strong>1. St. Brieuc<\/strong><\/p>\n<p>Wir trafen auf eine lebendige Kleinstadt, mit vielen sch\u00f6nen Pl\u00e4tzen, Caf\u00e9s und Restaurants und einer ganz zauberhaften Altstadt mit unz\u00e4hligen Fachwerkbauten, nach vermutlich englischer St\u00e4nderbauweise, recht typisch f\u00fcr diese Region.\u00a0 Ich hatte irgendwie im Hinterkopf, dass die Templer (nat\u00fcrlich!) auch hier einen St\u00fctzpunkt hatten. Ich konnte mir aber nicht vorstellen, dass davon noch irgendetwas \u00fcbrig sein w\u00fcrde. In St\u00e4dten war der Baugrund schon immer teurer Luxus und so ist klar, dass profane Templergeb\u00e4ude in den St\u00e4dten &#8211; anders als auf dem Land &#8211; regelm\u00e4ssig keinerlei \u00dcberlebenschancen hatten. M.W. sind die einzigen profanen Stadtbehausungen der Templer im Original nur noch in Cahors, Beaugency und Caudebec-en-Caux erhalten.<\/p>\n<p>St. Brieuc, bitte sehr:<\/p>\n<p><a href=\"http:\/\/menzendorff.de\/wp-content\/uploads\/2013\/10\/DSC01552.jpg\"><img loading=\"lazy\" class=\"aligncenter size-full wp-image-270\" src=\"http:\/\/menzendorff.de\/wp-content\/uploads\/2013\/10\/DSC01552.jpg\" alt=\"SONY DSC\" width=\"4592\" height=\"3056\" srcset=\"http:\/\/menzendorff.de\/wp-content\/uploads\/2013\/10\/DSC01552.jpg 4592w, http:\/\/menzendorff.de\/wp-content\/uploads\/2013\/10\/DSC01552-300x199.jpg 300w, http:\/\/menzendorff.de\/wp-content\/uploads\/2013\/10\/DSC01552-1024x681.jpg 1024w, http:\/\/menzendorff.de\/wp-content\/uploads\/2013\/10\/DSC01552-624x415.jpg 624w\" sizes=\"(max-width: 4592px) 100vw, 4592px\" \/><\/a><\/p>\n<p>Ich lasse jetzt mal die Macht der Bilder sprechen und halte mich mit Kommentaren zur\u00fcck:<\/p>\n<p><a href=\"http:\/\/menzendorff.de\/wp-content\/uploads\/2013\/10\/DSC015311.jpg\"><img loading=\"lazy\" class=\"size-large wp-image-838\" src=\"http:\/\/menzendorff.de\/wp-content\/uploads\/2013\/10\/DSC015311-681x1024.jpg\" alt=\"SONY DSC\" width=\"625\" height=\"940\" srcset=\"http:\/\/menzendorff.de\/wp-content\/uploads\/2013\/10\/DSC015311.jpg 681w, http:\/\/menzendorff.de\/wp-content\/uploads\/2013\/10\/DSC015311-200x300.jpg 200w, http:\/\/menzendorff.de\/wp-content\/uploads\/2013\/10\/DSC015311-624x938.jpg 624w\" sizes=\"(max-width: 625px) 100vw, 625px\" \/><\/a><\/p>\n<p>&nbsp;<\/p>\n<p><a href=\"http:\/\/menzendorff.de\/wp-content\/uploads\/2013\/10\/DSC01540.jpg\"><img loading=\"lazy\" class=\"aligncenter size-full wp-image-264\" src=\"http:\/\/menzendorff.de\/wp-content\/uploads\/2013\/10\/DSC01540.jpg\" alt=\"SONY DSC\" width=\"3056\" height=\"4592\" srcset=\"http:\/\/menzendorff.de\/wp-content\/uploads\/2013\/10\/DSC01540.jpg 3056w, http:\/\/menzendorff.de\/wp-content\/uploads\/2013\/10\/DSC01540-199x300.jpg 199w, http:\/\/menzendorff.de\/wp-content\/uploads\/2013\/10\/DSC01540-681x1024.jpg 681w, http:\/\/menzendorff.de\/wp-content\/uploads\/2013\/10\/DSC01540-624x937.jpg 624w\" sizes=\"(max-width: 3056px) 100vw, 3056px\" \/><\/a><\/p>\n<p>Jetzt wurde es auf einmal interessant! Hier sieht man, wie manche der H\u00e4user, die wohl eher nur ca. 400 -500 Jahre alt waren, mit Hilfe von Bauelementen aus dem Mittelalter errichtet oder geschm\u00fcckt wurden.<\/p>\n<p><a href=\"http:\/\/menzendorff.de\/wp-content\/uploads\/2013\/10\/DSC01541.jpg\"><img loading=\"lazy\" class=\"aligncenter size-full wp-image-265\" src=\"http:\/\/menzendorff.de\/wp-content\/uploads\/2013\/10\/DSC01541.jpg\" alt=\"SONY DSC\" width=\"4592\" height=\"3056\" srcset=\"http:\/\/menzendorff.de\/wp-content\/uploads\/2013\/10\/DSC01541.jpg 4592w, http:\/\/menzendorff.de\/wp-content\/uploads\/2013\/10\/DSC01541-300x199.jpg 300w, http:\/\/menzendorff.de\/wp-content\/uploads\/2013\/10\/DSC01541-1024x681.jpg 1024w, http:\/\/menzendorff.de\/wp-content\/uploads\/2013\/10\/DSC01541-624x415.jpg 624w\" sizes=\"(max-width: 4592px) 100vw, 4592px\" \/><\/a><\/p>\n<p>Aber es sollte noch viel gruseliger kommen! V\u00f6llig ahnungslos spazierten wir an einem Fachwerkhaus vorbei, welches an der Stelle des fr\u00fcheren Templerhauses stand!!! <a href=\"http:\/\/menzendorff.de\/wp-content\/uploads\/2013\/10\/DSC01544.jpg\"><img loading=\"lazy\" class=\"aligncenter size-full wp-image-266\" src=\"http:\/\/menzendorff.de\/wp-content\/uploads\/2013\/10\/DSC01544.jpg\" alt=\"SONY DSC\" width=\"4592\" height=\"3056\" srcset=\"http:\/\/menzendorff.de\/wp-content\/uploads\/2013\/10\/DSC01544.jpg 4592w, http:\/\/menzendorff.de\/wp-content\/uploads\/2013\/10\/DSC01544-300x199.jpg 300w, http:\/\/menzendorff.de\/wp-content\/uploads\/2013\/10\/DSC01544-1024x681.jpg 1024w, http:\/\/menzendorff.de\/wp-content\/uploads\/2013\/10\/DSC01544-624x415.jpg 624w\" sizes=\"(max-width: 4592px) 100vw, 4592px\" \/><\/a> Nichts scheint darauf hinzuweisen. Das Haus ist eher aus dem 16. Jahrhundert. Wie langweilig! Bis meine Tochter mich schlie\u00dflich darauf aufmerksam machte, dass sie am Haus ein veritables Templerkreuz entdeckt hat:<\/p>\n<p style=\"text-align: center;\"><a href=\"http:\/\/menzendorff.de\/wp-content\/uploads\/2013\/10\/DSC01547.jpg\"><img loading=\"lazy\" class=\"aligncenter size-full wp-image-271\" src=\"http:\/\/menzendorff.de\/wp-content\/uploads\/2013\/10\/DSC01547.jpg\" alt=\"SONY DSC\" width=\"3931\" height=\"2734\" srcset=\"http:\/\/menzendorff.de\/wp-content\/uploads\/2013\/10\/DSC01547.jpg 3931w, http:\/\/menzendorff.de\/wp-content\/uploads\/2013\/10\/DSC01547-300x208.jpg 300w, http:\/\/menzendorff.de\/wp-content\/uploads\/2013\/10\/DSC01547-1024x712.jpg 1024w, http:\/\/menzendorff.de\/wp-content\/uploads\/2013\/10\/DSC01547-624x433.jpg 624w\" sizes=\"(max-width: 3931px) 100vw, 3931px\" \/><\/a><em>maison des templiers<\/em>, <strong>Saint &#8211; Brieuc<\/strong><\/p>\n<p style=\"text-align: left;\">\u00a0Bei genauerer Nachschau konnten wir noch eine ganze Reihe anderer Balken und St\u00e4nder entdecken, die ersichtlich aus einem Vorg\u00e4ngerbau stammten und offenbar zu Dekorationszwecken in den sp\u00e4teren Bau eingef\u00fcgt wurden.<br \/>\n<a href=\"http:\/\/menzendorff.de\/wp-content\/uploads\/2013\/10\/DSC01549.jpg\"><img loading=\"lazy\" class=\"aligncenter size-full wp-image-268\" src=\"http:\/\/menzendorff.de\/wp-content\/uploads\/2013\/10\/DSC01549.jpg\" alt=\"SONY DSC\" width=\"3056\" height=\"4592\" srcset=\"http:\/\/menzendorff.de\/wp-content\/uploads\/2013\/10\/DSC01549.jpg 3056w, http:\/\/menzendorff.de\/wp-content\/uploads\/2013\/10\/DSC01549-199x300.jpg 199w, http:\/\/menzendorff.de\/wp-content\/uploads\/2013\/10\/DSC01549-681x1024.jpg 681w, http:\/\/menzendorff.de\/wp-content\/uploads\/2013\/10\/DSC01549-624x937.jpg 624w\" sizes=\"(max-width: 3056px) 100vw, 3056px\" \/><\/a><em>fleur-de-lys<\/em>, Zeichen k\u00f6niglicher Macht in Frankreich und Herz<\/p>\n<p style=\"text-align: center;\"><a href=\"http:\/\/menzendorff.de\/wp-content\/uploads\/2013\/10\/DSC01548.jpg\"><img loading=\"lazy\" class=\"aligncenter size-full wp-image-267\" src=\"http:\/\/menzendorff.de\/wp-content\/uploads\/2013\/10\/DSC01548.jpg\" alt=\"SONY DSC\" width=\"3056\" height=\"4592\" srcset=\"http:\/\/menzendorff.de\/wp-content\/uploads\/2013\/10\/DSC01548.jpg 3056w, http:\/\/menzendorff.de\/wp-content\/uploads\/2013\/10\/DSC01548-199x300.jpg 199w, http:\/\/menzendorff.de\/wp-content\/uploads\/2013\/10\/DSC01548-681x1024.jpg 681w, http:\/\/menzendorff.de\/wp-content\/uploads\/2013\/10\/DSC01548-624x937.jpg 624w\" sizes=\"(max-width: 3056px) 100vw, 3056px\" \/><\/a> Sonnensymbol, <em>maison des templi\u00e8res<\/em>, <strong>St. Brieuc<\/strong><\/p>\n<p>Gerade der letzte St\u00e4nder zeigt deutliche Spuren der Nachbearbeitung. Es ist danach sicher, dass er nicht urspr\u00fcnglich f\u00fcr dieses Haus gebaut worden war.<\/p>\n<p><strong>2. &#8222;Le Temple du Lanleff&#8220;<\/strong><\/p>\n<p>Der n\u00e4chste Zufallsfund sollte keine 10 Kilometer von unserem Urlaubsdomizil entfernt liegen. Es handelt sich um eine recht ber\u00fchmt gewordene Ruine eines Rotundenbaus, um den sich jahrhundertelang die Legendenbildung rankte. Keltisch? Gallo-r\u00f6misch? Merowinger? Gar die Tempelritter? Im Volksmund hei\u00dft das Geb\u00e4ude immer noch &#8222;Le Temple&#8220; Ich hatte mich vor einigen Jahren einmal mit diesem Mysterium befasst.<\/p>\n<p style=\"text-align: center;\"><a href=\"http:\/\/menzendorff.de\/wp-content\/uploads\/2013\/10\/DSC08335.jpg\"><img loading=\"lazy\" class=\"aligncenter size-full wp-image-279\" src=\"http:\/\/menzendorff.de\/wp-content\/uploads\/2013\/10\/DSC08335.jpg\" alt=\"SONY DSC\" width=\"2896\" height=\"1936\" srcset=\"http:\/\/menzendorff.de\/wp-content\/uploads\/2013\/10\/DSC08335.jpg 2896w, http:\/\/menzendorff.de\/wp-content\/uploads\/2013\/10\/DSC08335-300x200.jpg 300w, http:\/\/menzendorff.de\/wp-content\/uploads\/2013\/10\/DSC08335-1024x684.jpg 1024w, http:\/\/menzendorff.de\/wp-content\/uploads\/2013\/10\/DSC08335-624x417.jpg 624w\" sizes=\"(max-width: 2896px) 100vw, 2896px\" \/><\/a>Ste-Marie de Lanleff, <strong>22290 Lanleff<\/strong>, C\u00f4tes d&#8217;Armor<\/p>\n<p style=\"text-align: left;\">Offiziell ist das Bauwerk unter der Bezeichnung &#8222;nicht christliches, religi\u00f6ses Bauwerk&#8220; im amtlichen Denkmalverzeichnis notiert:<\/p>\n<p style=\"text-align: left;\"><a href=\"http:\/\/www.culture.gouv.fr\/public\/mistral\/merimee_fr?ACTION=CHERCHER&amp;FIELD_1=REF&amp;VALUE_1=PA00089253\">http:\/\/www.culture.gouv.fr\/public\/mistral\/merimee_fr?ACTION=CHERCHER&amp;FIELD_1=REF&amp;VALUE_1=PA00089253<\/a><\/p>\n<p style=\"text-align: left;\">Der franz\u00f6sische Denkmalpfleger (und fr\u00fchere Schriftsteller) Prosper M\u00e9rim\u00e9e (1803 &#8211; 1870) ging davon aus, dass die Kirche von den Templern gebaut worden sei. Er liess sich wohl davon leiten, dass die Templerkirchen der Zentralen des Ordens in London und Paris ebenfalls als Rundbau ausgef\u00fchrt waren. Dieses Konzept geht vermutlich auf den Amstkollegen M\u00e9rim\u00e9es, den Denkmalpfleger und Architekten Eug\u00e8ne Viollet-le-Duc (1814 &#8211; 1879) zur\u00fcck.\u00a0 Dessen Mythos, dass die Templer eine Vorliebe f\u00fcr Kirchen mit zentralem Grundrissgehabt h\u00e4tten und dass das etwa mit der geheimen Alchimie von Zahlen zu tun haben k\u00f6nne, ist nach Alain Demurger (Die Templer, Aufstieg und Untergang, 2005, S.159) v\u00f6llig unbegr\u00fcndet und nicht einmal mathematisch belegt. Bereits \u00c9lie Lambert hat sich in einem auch von Demurger zitierten Aufsatz im Jahre 1954 gr\u00fcndlich mit dem Mythos einer angeblichen Templerarchitektur befasst und diesen \u00fcberzeugend widerlegt (\u00c9lie Lambert, L&#8217;Architecture des Templiers, in Bulletin Monumental, Hrsg. Soci\u00e9t\u00e9 fran<span dir=\"auto\">\u00e7aise<\/span> d&#8217;Arche\u00f3logie, Tome CXII, 1957, S.129 &#8211; 165).<\/p>\n<p style=\"text-align: left;\">Die Templer haben den weder Rundbau noch den zentralen Polygonbau erfunden. Auch ist eine solche Architektur keine Spezialit\u00e4t des Templerordens. (Demurger, S. 160). Es gab solche Vorbilder schon lange vorher, etwa die Pfalzkapelle in Aachen, die sich an der <em>Anastasi<\/em>s der Heilig-Grab-Kirche in Jerusalem orientierte (Demurger, a.a.O) Die wenigen polygonalen Zentralkirchen sollen mit dem Felsendom in Jerusalem stehen, aber das ist unsicher (Demurger, aaO).<\/p>\n<p style=\"text-align: left;\">Nach meinen eigenen Feststellungen lassen sich die Rund- oder Zentralbauten der Templer auf einen verschwindend geringen Prozentsatz reduzieren, w\u00e4hrend die einfache Rechteckbauweise mit einem Prozentsatz von \u00fcber 90 dominiert. Hier irrt m.E. Demurger, wenn er annimmt, dass dieser vermeintlich begrenzte Bautypus auf West- oder Mittelfrankreich (S. 161) beschr\u00e4nkt sei. Ich fand diese Rechteckkapellen nicht nur in Ostfrankreich (z.B. Avalleur, Champagne und Toul, Lothringen), sondern auch in Polen. Sie gibt es nach meinen Feststellungen (mit dem zentralen Drehkreuz im Burgund) von dem Bordelais bis nach Lothringen und von der Bretagne bis zu den Pyrren\u00e4en. Wenn ich mal Zeit finde, werde ich \u00fcber die Verbreitung von Baustilen der vermeintlichen Templerarchitektur dereinst mal eine Datenbank aufbauen. Man wird feststellen m\u00fcssen, dass die Templer h\u00e4ufig einfach nur die lokalen Bautraditionen \u00fcbernommen haben (Demurger, S. 162). Zu einem nicht geringen Teil schliesst sich an die rechteckige Grundform von Templerkapellen eine halbrunde Chorapsis (z.B. Mesnil-St.-Loup, Champagne) oder eine polygonale, sogenannte Radialapsis (Villedieu, Elancourt, Dept. Yvelines) an.<\/p>\n<p style=\"text-align: left;\">In England gibt es Rotunden bei Templerkirchen sicher weitaus h\u00e4ufiger (Lambert, S. 143), etwa Garway, Bristol, Temple Bruer und ganz besonders die Ruine der Templerkapelle von Dover<\/p>\n<div style=\"width: 604px\" class=\"wp-caption alignnone\"><img loading=\"lazy\" src=\"http:\/\/menzendorff.de\/images\/Dover.JPG\" alt=\"\" width=\"594\" height=\"445\" \/><p class=\"wp-caption-text\"><em>Reste der Templerkirche von Dover. (Foto Jan Hosten)<\/em><\/p><\/div>\n<p>Aber Rotunden gibt es auch an englischen Kirchen, die rein garnichts mit den Templern zu tun haben, wie etwa die Rotundenkirche in Cambridge (Lambert, S. 143). Ich meine, die Vorliebe der Briten f\u00fcr solche Rotunden geht wohl auf pagane Vorbilder, wie Steinkreise, zur\u00fcck. Demurger ist der Ansicht, dass auch ein Zusammentreffen mit anglo-normannischen Traditionen diese lokale Vorliebe bef\u00f6rdert haben mag. (a.a.o. S. 160).<\/p>\n<p>Generell m\u00f6chte ich festhalten, dass die Verwendung des Wortes &#8222;Temple&#8220; in einer Ortsbezeichnung nicht geeignet ist, eine etwaige Templerpr\u00e4senz auszumachen. Ein Tempel ist in erster Linie ein nicht christliches Heiligtum. Damit sind zun\u00e4chst s\u00e4mtliche griechischen, r\u00f6mischen und gallo-r\u00f6mischen Bauwerke erfasst. Aber auch evangelische Kirchen heissen in vielen Gegenden Frankreichs heute noch &#8222;Temple&#8220;! Lanleff hat jedenfalls nichts mit der Templerforschung zu tun.<\/p>\n<p><strong>3. Cr\u00e9ac&#8217;h<\/strong><\/p>\n<p>Die n\u00e4chste Station ist nicht zuf\u00e4llig gew\u00e4hlt. Die Templerkapelle von Cr\u00e9ac&#8217;h ist in der Literatur bestens beschrieben. Laurent Dailliez etwa skizziert sie in seinem B\u00fcchlein La France des Templiers, 1974 (S. 121 f.) als stilistisch v\u00f6llig isoliert und im \u00fcbrigen verloren in mitten\u00a0 einer Ansammlung von Ruinenresten in den Feldern. Die Kapelle befindet sich im Gebiet der Gemeinde\u00a0 22960 Pl\u00e9dran, etwas s\u00fcdlich von St. Brieuc.<\/p>\n<p style=\"text-align: center;\"><a href=\"http:\/\/menzendorff.de\/wp-content\/uploads\/2013\/10\/DSC08339.jpg\"><img loading=\"lazy\" class=\"aligncenter size-full wp-image-288\" src=\"http:\/\/menzendorff.de\/wp-content\/uploads\/2013\/10\/DSC08339.jpg\" alt=\"SONY DSC\" width=\"2896\" height=\"1936\" srcset=\"http:\/\/menzendorff.de\/wp-content\/uploads\/2013\/10\/DSC08339.jpg 2896w, http:\/\/menzendorff.de\/wp-content\/uploads\/2013\/10\/DSC08339-300x200.jpg 300w, http:\/\/menzendorff.de\/wp-content\/uploads\/2013\/10\/DSC08339-1024x684.jpg 1024w, http:\/\/menzendorff.de\/wp-content\/uploads\/2013\/10\/DSC08339-624x417.jpg 624w\" sizes=\"(max-width: 2896px) 100vw, 2896px\" \/><\/a> Templerkapelle Le Cr\u00e9hac, <strong>22960 Pl\u00e9dran<\/strong><\/p>\n<p style=\"text-align: left;\">Die Kapelle ist erstmals in 1182 als Templerbesitz urkundlich erw\u00e4hnt, unter dem Namen Crihirac (Guillotin de Courson, Les Templiers en Bretagne,\u00a0 Nantes, 1902, Neuauflage von 2001, S. 191 f.) Der Boden der Ende des 17.\u00a0 Jahrhunderts renovierten Kapelle ist mit Grabplatten von Templer gepflastert.<\/p>\n<p style=\"text-align: center;\"><a href=\"http:\/\/menzendorff.de\/wp-content\/uploads\/2013\/10\/DSC08344.jpg\"><img loading=\"lazy\" class=\"aligncenter size-full wp-image-289\" src=\"http:\/\/menzendorff.de\/wp-content\/uploads\/2013\/10\/DSC08344.jpg\" alt=\"SONY DSC\" width=\"2896\" height=\"1936\" srcset=\"http:\/\/menzendorff.de\/wp-content\/uploads\/2013\/10\/DSC08344.jpg 2896w, http:\/\/menzendorff.de\/wp-content\/uploads\/2013\/10\/DSC08344-300x200.jpg 300w, http:\/\/menzendorff.de\/wp-content\/uploads\/2013\/10\/DSC08344-1024x684.jpg 1024w, http:\/\/menzendorff.de\/wp-content\/uploads\/2013\/10\/DSC08344-624x417.jpg 624w\" sizes=\"(max-width: 2896px) 100vw, 2896px\" \/><\/a>Ansicht von S\u00fcdosten<\/p>\n<p><strong>4. Moulin du Temple, St. Jean du Temple, 22170 Plelo<\/strong><\/p>\n<p>Der n\u00e4chste Volltreffer war wieder ein absoluter Zufallsfund. Wir fuhren von St. Brieuc zur\u00fcck nach Paimpol und nahmen diesmal nicht die D 786 am Meer, sondern eine Route weiter im Landesinneren \u00fcber die D 6. In einer starken Linkskurve bemerkten wir rechts einen Parkplatz und dieses Verkehrsschild:<\/p>\n<p><a href=\"http:\/\/menzendorff.de\/wp-content\/uploads\/2013\/10\/DSC08347.jpg\"><img loading=\"lazy\" class=\"aligncenter size-full wp-image-293\" src=\"http:\/\/menzendorff.de\/wp-content\/uploads\/2013\/10\/DSC08347.jpg\" alt=\"SONY DSC\" width=\"2896\" height=\"1936\" srcset=\"http:\/\/menzendorff.de\/wp-content\/uploads\/2013\/10\/DSC08347.jpg 2896w, http:\/\/menzendorff.de\/wp-content\/uploads\/2013\/10\/DSC08347-300x200.jpg 300w, http:\/\/menzendorff.de\/wp-content\/uploads\/2013\/10\/DSC08347-1024x684.jpg 1024w, http:\/\/menzendorff.de\/wp-content\/uploads\/2013\/10\/DSC08347-624x417.jpg 624w\" sizes=\"(max-width: 2896px) 100vw, 2896px\" \/><\/a>Auf dem Parkplatz selbst war nichts weiter zu sehen, aber es f\u00fchrte ein absurd steiler Weg die B\u00f6schung hinab Richtung Tr\u00e9gan und La Corderie.\u00a0 Untem im Tal fand sich eine kleine Ansammlung noch kleinerer H\u00e4user und Geb\u00e4ude, deren Ursprung gewiss alt, aber schlecht zu sch\u00e4tzen war.<\/p>\n<p><a href=\"http:\/\/menzendorff.de\/wp-content\/uploads\/2013\/10\/DSC08348.jpg\"><img loading=\"lazy\" class=\"aligncenter size-full wp-image-294\" src=\"http:\/\/menzendorff.de\/wp-content\/uploads\/2013\/10\/DSC08348.jpg\" alt=\"SONY DSC\" width=\"2896\" height=\"1936\" srcset=\"http:\/\/menzendorff.de\/wp-content\/uploads\/2013\/10\/DSC08348.jpg 2896w, http:\/\/menzendorff.de\/wp-content\/uploads\/2013\/10\/DSC08348-300x200.jpg 300w, http:\/\/menzendorff.de\/wp-content\/uploads\/2013\/10\/DSC08348-1024x684.jpg 1024w, http:\/\/menzendorff.de\/wp-content\/uploads\/2013\/10\/DSC08348-624x417.jpg 624w\" sizes=\"(max-width: 2896px) 100vw, 2896px\" \/><\/a>Die H\u00e4user waren gut in Schu\u00df und bewohnt. Ich habe daher auf eine genauere Inspektion verzichten m\u00fcssen.<\/p>\n<p><a href=\"http:\/\/menzendorff.de\/wp-content\/uploads\/2013\/10\/DSC08349.jpg\"><img loading=\"lazy\" class=\"aligncenter size-full wp-image-295\" src=\"http:\/\/menzendorff.de\/wp-content\/uploads\/2013\/10\/DSC08349.jpg\" alt=\"SONY DSC\" width=\"2896\" height=\"1936\" srcset=\"http:\/\/menzendorff.de\/wp-content\/uploads\/2013\/10\/DSC08349.jpg 2896w, http:\/\/menzendorff.de\/wp-content\/uploads\/2013\/10\/DSC08349-300x200.jpg 300w, http:\/\/menzendorff.de\/wp-content\/uploads\/2013\/10\/DSC08349-1024x684.jpg 1024w, http:\/\/menzendorff.de\/wp-content\/uploads\/2013\/10\/DSC08349-624x417.jpg 624w\" sizes=\"(max-width: 2896px) 100vw, 2896px\" \/><\/a>Nach der Gr\u00f6sse der Fenster dieses Hauses stammt es nicht Templerzeit. Die Ausf\u00fchrung der Fensterlaibung in massiven behauenen Steinen spricht aber auch entschieden dagegen, dass das Haus modern sei. Ich sch\u00e4tze die Grundmauern dieses Geb\u00e4udes hier auf 16 Jhr. Eventuell ist es aber auch ein Neubau unter Verwendung alter Steine.<\/p>\n<p><a href=\"http:\/\/menzendorff.de\/wp-content\/uploads\/2013\/10\/DSC08350.jpg\"><img loading=\"lazy\" class=\"aligncenter size-full wp-image-296\" src=\"http:\/\/menzendorff.de\/wp-content\/uploads\/2013\/10\/DSC08350.jpg\" alt=\"SONY DSC\" width=\"2896\" height=\"1936\" srcset=\"http:\/\/menzendorff.de\/wp-content\/uploads\/2013\/10\/DSC08350.jpg 2896w, http:\/\/menzendorff.de\/wp-content\/uploads\/2013\/10\/DSC08350-300x200.jpg 300w, http:\/\/menzendorff.de\/wp-content\/uploads\/2013\/10\/DSC08350-1024x684.jpg 1024w, http:\/\/menzendorff.de\/wp-content\/uploads\/2013\/10\/DSC08350-624x417.jpg 624w\" sizes=\"(max-width: 2896px) 100vw, 2896px\" \/><\/a>Das Geb\u00e4ude wird wohl aus der Templerzeit stammen. Man erkennt es an dem gotischen T\u00fcrsturz der linken T\u00fcr: <em>arc bris\u00e9e. <\/em>Wie man deutlich sieht, ist das Haus nach rechts hin erweitert worden.<\/p>\n<p style=\"text-align: center;\"><a href=\"http:\/\/menzendorff.de\/wp-content\/uploads\/2013\/10\/DSC08351.jpg\"><img loading=\"lazy\" class=\"aligncenter size-full wp-image-297\" src=\"http:\/\/menzendorff.de\/wp-content\/uploads\/2013\/10\/DSC08351.jpg\" alt=\"SONY DSC\" width=\"2896\" height=\"1936\" srcset=\"http:\/\/menzendorff.de\/wp-content\/uploads\/2013\/10\/DSC08351.jpg 2896w, http:\/\/menzendorff.de\/wp-content\/uploads\/2013\/10\/DSC08351-300x200.jpg 300w, http:\/\/menzendorff.de\/wp-content\/uploads\/2013\/10\/DSC08351-1024x684.jpg 1024w, http:\/\/menzendorff.de\/wp-content\/uploads\/2013\/10\/DSC08351-624x417.jpg 624w\" sizes=\"(max-width: 2896px) 100vw, 2896px\" \/><\/a><strong>Templerm\u00fchle, Plelo, C\u00f4te d&#8217;Armor<\/strong><\/p>\n<p style=\"text-align: left;\"><a href=\"http:\/\/menzendorff.de\/wp-content\/uploads\/2013\/10\/DSC08357.jpg\"><img loading=\"lazy\" class=\"aligncenter size-full wp-image-298\" src=\"http:\/\/menzendorff.de\/wp-content\/uploads\/2013\/10\/DSC08357.jpg\" alt=\"SONY DSC\" width=\"2896\" height=\"1936\" srcset=\"http:\/\/menzendorff.de\/wp-content\/uploads\/2013\/10\/DSC08357.jpg 2896w, http:\/\/menzendorff.de\/wp-content\/uploads\/2013\/10\/DSC08357-300x200.jpg 300w, http:\/\/menzendorff.de\/wp-content\/uploads\/2013\/10\/DSC08357-1024x684.jpg 1024w, http:\/\/menzendorff.de\/wp-content\/uploads\/2013\/10\/DSC08357-624x417.jpg 624w\" sizes=\"(max-width: 2896px) 100vw, 2896px\" \/><\/a>Das Haus im Vordergrund war das M\u00fchlengeb\u00e4ude. Es steht direkt am Bach L&#8217;Ic und links unten am Bildrand kann man die Ablaufrinne des M\u00fchlkanals sehen. Das M\u00fchlrad war nicht mehr vorhanden, aber noch einige Installationsreste an der Basis des Hauses.<\/p>\n<p><strong>5. Lannou\u00e9e<\/strong><\/p>\n<p>Ein weiterer Ausflug hatte die bezaubernde mittelalterliche Stadt Dinan mit ihren 3000 Metern intakter Stadtmauer zum Ziel. Auf dem Weg dahin war als Templerlocation die Kapelle La Nou\u00e9e schnell ausgemacht. Sie sollte sich in der N\u00e4he der Stadt Yvignac befinden, etwa 5 Kilometer nord\u00f6stlich davon. Die Such im Nahbereich des Ziels brachte uns an einige mittelalterliche landwirtschaftliche Nebengeb\u00e4ude.<\/p>\n<p><a href=\"http:\/\/menzendorff.de\/wp-content\/uploads\/2013\/10\/DSC08425.jpg\"><img loading=\"lazy\" class=\"aligncenter size-full wp-image-301\" src=\"http:\/\/menzendorff.de\/wp-content\/uploads\/2013\/10\/DSC08425.jpg\" alt=\"SONY DSC\" width=\"2896\" height=\"1936\" srcset=\"http:\/\/menzendorff.de\/wp-content\/uploads\/2013\/10\/DSC08425.jpg 2896w, http:\/\/menzendorff.de\/wp-content\/uploads\/2013\/10\/DSC08425-300x200.jpg 300w, http:\/\/menzendorff.de\/wp-content\/uploads\/2013\/10\/DSC08425-1024x684.jpg 1024w, http:\/\/menzendorff.de\/wp-content\/uploads\/2013\/10\/DSC08425-624x417.jpg 624w\" sizes=\"(max-width: 2896px) 100vw, 2896px\" \/><\/a><\/p>\n<p>Es waren keine Schilder angebracht aber ich gehe davon aus, dass diese H\u00e4user zur Commanderie von Lanou\u00e9e dazu geh\u00f6rten. Sie stammen jedenfalls unzweifelhaft aus dem 12 Jahrhundert.<\/p>\n<p><a href=\"http:\/\/menzendorff.de\/wp-content\/uploads\/2013\/10\/DSC08428.jpg\"><img loading=\"lazy\" class=\"aligncenter size-full wp-image-302\" src=\"http:\/\/menzendorff.de\/wp-content\/uploads\/2013\/10\/DSC08428.jpg\" alt=\"SONY DSC\" width=\"2896\" height=\"1936\" srcset=\"http:\/\/menzendorff.de\/wp-content\/uploads\/2013\/10\/DSC08428.jpg 2896w, http:\/\/menzendorff.de\/wp-content\/uploads\/2013\/10\/DSC08428-300x200.jpg 300w, http:\/\/menzendorff.de\/wp-content\/uploads\/2013\/10\/DSC08428-1024x684.jpg 1024w, http:\/\/menzendorff.de\/wp-content\/uploads\/2013\/10\/DSC08428-624x417.jpg 624w\" sizes=\"(max-width: 2896px) 100vw, 2896px\" \/><\/a><\/p>\n<p>Man darf den Weiler Lanou\u00e9e im Gebiet der Gemeinde Yvignac nicht mit einem 40 Kilometer entfernt im Departement Morbihan liegenden, gleichnamigen Ort 56120 Lanou\u00e9e verwechseln! Wir lagen hier richtig, wie das Schild beweist:<\/p>\n<p><a href=\"http:\/\/menzendorff.de\/wp-content\/uploads\/2013\/10\/DSC084301.jpg\"><img loading=\"lazy\" class=\"aligncenter size-full wp-image-303\" src=\"http:\/\/menzendorff.de\/wp-content\/uploads\/2013\/10\/DSC084301.jpg\" alt=\"SONY DSC\" width=\"2896\" height=\"1936\" srcset=\"http:\/\/menzendorff.de\/wp-content\/uploads\/2013\/10\/DSC084301.jpg 2896w, http:\/\/menzendorff.de\/wp-content\/uploads\/2013\/10\/DSC084301-300x200.jpg 300w, http:\/\/menzendorff.de\/wp-content\/uploads\/2013\/10\/DSC084301-1024x684.jpg 1024w, http:\/\/menzendorff.de\/wp-content\/uploads\/2013\/10\/DSC084301-624x417.jpg 624w\" sizes=\"(max-width: 2896px) 100vw, 2896px\" \/><\/a><\/p>\n<p>Und da war sie auch schon, die Templerkapelle von Lanou\u00e9e.\u00a0 Diese wurde im Jahre 1182 gegr\u00fcndet und ihr Name wurde unter folgenden Schreibweisen aktenkundig: Lanhoe, la Noueix, la Nouaye, Lannoeix. Sie ist eine der \u00e4ltesten Gr\u00fcndungen des Ordens \u00fcberhaupt. (Guillotin de Corson, a.a.O., S. 188, 189).<a href=\"http:\/\/menzendorff.de\/wp-content\/uploads\/2013\/10\/DSC08441.jpg\"><img loading=\"lazy\" class=\"aligncenter size-full wp-image-305\" src=\"http:\/\/menzendorff.de\/wp-content\/uploads\/2013\/10\/DSC08441.jpg\" alt=\"SONY DSC\" width=\"2896\" height=\"1936\" srcset=\"http:\/\/menzendorff.de\/wp-content\/uploads\/2013\/10\/DSC08441.jpg 2896w, http:\/\/menzendorff.de\/wp-content\/uploads\/2013\/10\/DSC08441-300x200.jpg 300w, http:\/\/menzendorff.de\/wp-content\/uploads\/2013\/10\/DSC08441-1024x684.jpg 1024w, http:\/\/menzendorff.de\/wp-content\/uploads\/2013\/10\/DSC08441-624x417.jpg 624w\" sizes=\"(max-width: 2896px) 100vw, 2896px\" \/><\/a>Ich war ganz \u00fcberrascht, diese Kapelle so renoviert anzutreffen. Ich kannte die d\u00fcsteren Schwarzweiss-Bilder aus Dumontier, Les Templiers en Bretagne etc.., aber das Buch ist von 1980 und die Fotos vielleicht noch viel \u00e4lter. Fr\u00fcher war die Kapelle stark mit Efeu umrankt und von B\u00e4umen und B\u00fcschen versteckt.<\/p>\n<p><a href=\"http:\/\/menzendorff.de\/wp-content\/uploads\/2013\/10\/DSC08442.jpg\"><img loading=\"lazy\" class=\"aligncenter size-full wp-image-306\" src=\"http:\/\/menzendorff.de\/wp-content\/uploads\/2013\/10\/DSC08442.jpg\" alt=\"SONY DSC\" width=\"2896\" height=\"1936\" srcset=\"http:\/\/menzendorff.de\/wp-content\/uploads\/2013\/10\/DSC08442.jpg 2896w, http:\/\/menzendorff.de\/wp-content\/uploads\/2013\/10\/DSC08442-300x200.jpg 300w, http:\/\/menzendorff.de\/wp-content\/uploads\/2013\/10\/DSC08442-1024x684.jpg 1024w, http:\/\/menzendorff.de\/wp-content\/uploads\/2013\/10\/DSC08442-624x417.jpg 624w\" sizes=\"(max-width: 2896px) 100vw, 2896px\" \/><\/a>Wie man sieht , ist es dort jetzt sch\u00f6n aufger\u00e4umt und ordentlich.<\/p>\n<p><a href=\"http:\/\/menzendorff.de\/wp-content\/uploads\/2013\/10\/DSC08444.jpg\"><img loading=\"lazy\" class=\"aligncenter size-full wp-image-307\" src=\"http:\/\/menzendorff.de\/wp-content\/uploads\/2013\/10\/DSC08444.jpg\" alt=\"SONY DSC\" width=\"2896\" height=\"1936\" srcset=\"http:\/\/menzendorff.de\/wp-content\/uploads\/2013\/10\/DSC08444.jpg 2896w, http:\/\/menzendorff.de\/wp-content\/uploads\/2013\/10\/DSC08444-300x200.jpg 300w, http:\/\/menzendorff.de\/wp-content\/uploads\/2013\/10\/DSC08444-1024x684.jpg 1024w, http:\/\/menzendorff.de\/wp-content\/uploads\/2013\/10\/DSC08444-624x417.jpg 624w\" sizes=\"(max-width: 2896px) 100vw, 2896px\" \/><\/a>Im Hintergrund kann man erkennen, dass sich jemand k\u00fcrzlich dort auf dem Gel\u00e4nde ein Geh\u00f6ft zu Wohnzwecken hergerichtet hat. An dessen Tor prangt ein Schild &#8222;la Commanderie&#8220;.<\/p>\n<p><a href=\"http:\/\/menzendorff.de\/wp-content\/uploads\/2013\/10\/DSC08447.jpg\"><img loading=\"lazy\" class=\"aligncenter size-full wp-image-308\" src=\"http:\/\/menzendorff.de\/wp-content\/uploads\/2013\/10\/DSC08447.jpg\" alt=\"SONY DSC\" width=\"2896\" height=\"1936\" srcset=\"http:\/\/menzendorff.de\/wp-content\/uploads\/2013\/10\/DSC08447.jpg 2896w, http:\/\/menzendorff.de\/wp-content\/uploads\/2013\/10\/DSC08447-300x200.jpg 300w, http:\/\/menzendorff.de\/wp-content\/uploads\/2013\/10\/DSC08447-1024x684.jpg 1024w, http:\/\/menzendorff.de\/wp-content\/uploads\/2013\/10\/DSC08447-624x417.jpg 624w\" sizes=\"(max-width: 2896px) 100vw, 2896px\" \/><\/a><\/p>\n<p><strong>6. Yvignac<\/strong><\/p>\n<p>Nach Aubarbier (S. 134) sollen die Templer in der nahen Kleinstadt Yvignac f\u00fcr den Bau der Pfarreikirche St. Malo verantwortlich gewesen sein. Immerhin gibt es dort schon einmal ein Restaurant, was nach den Rittern benannt wurde:<\/p>\n<p><a href=\"http:\/\/menzendorff.de\/wp-content\/uploads\/2013\/10\/DSC08455.jpg\"><img loading=\"lazy\" class=\"aligncenter size-full wp-image-311\" src=\"http:\/\/menzendorff.de\/wp-content\/uploads\/2013\/10\/DSC08455.jpg\" alt=\"SONY DSC\" width=\"2896\" height=\"1936\" srcset=\"http:\/\/menzendorff.de\/wp-content\/uploads\/2013\/10\/DSC08455.jpg 2896w, http:\/\/menzendorff.de\/wp-content\/uploads\/2013\/10\/DSC08455-300x200.jpg 300w, http:\/\/menzendorff.de\/wp-content\/uploads\/2013\/10\/DSC08455-1024x684.jpg 1024w, http:\/\/menzendorff.de\/wp-content\/uploads\/2013\/10\/DSC08455-624x417.jpg 624w\" sizes=\"(max-width: 2896px) 100vw, 2896px\" \/><\/a><\/p>\n<p>Der Kirchturm ist von 1874 <a href=\"http:\/\/menzendorff.de\/wp-content\/uploads\/2013\/10\/DSC08457.jpg\"><img loading=\"lazy\" class=\"aligncenter size-full wp-image-312\" src=\"http:\/\/menzendorff.de\/wp-content\/uploads\/2013\/10\/DSC08457.jpg\" alt=\"SONY DSC\" width=\"2896\" height=\"1936\" srcset=\"http:\/\/menzendorff.de\/wp-content\/uploads\/2013\/10\/DSC08457.jpg 2896w, http:\/\/menzendorff.de\/wp-content\/uploads\/2013\/10\/DSC08457-300x200.jpg 300w, http:\/\/menzendorff.de\/wp-content\/uploads\/2013\/10\/DSC08457-1024x684.jpg 1024w, http:\/\/menzendorff.de\/wp-content\/uploads\/2013\/10\/DSC08457-624x417.jpg 624w\" sizes=\"(max-width: 2896px) 100vw, 2896px\" \/><\/a>Auch die Kirche selbst zeigt zahlreiche Modernisierungsarbeiten aus dem Ende des 19 Jhr., die erforderlich waren, um den drohenden Zerfall und Abriss abzuwenden.<\/p>\n<p><a href=\"http:\/\/menzendorff.de\/wp-content\/uploads\/2013\/10\/DSC08458.jpg\"><img loading=\"lazy\" class=\"aligncenter size-full wp-image-313\" src=\"http:\/\/menzendorff.de\/wp-content\/uploads\/2013\/10\/DSC08458.jpg\" alt=\"SONY DSC\" width=\"2896\" height=\"1936\" srcset=\"http:\/\/menzendorff.de\/wp-content\/uploads\/2013\/10\/DSC08458.jpg 2896w, http:\/\/menzendorff.de\/wp-content\/uploads\/2013\/10\/DSC08458-300x200.jpg 300w, http:\/\/menzendorff.de\/wp-content\/uploads\/2013\/10\/DSC08458-1024x684.jpg 1024w, http:\/\/menzendorff.de\/wp-content\/uploads\/2013\/10\/DSC08458-624x417.jpg 624w\" sizes=\"(max-width: 2896px) 100vw, 2896px\" \/><\/a>Das Innere des Hauptportals verr\u00e4t den Ursprung der Kirche im 12. Jhr.<\/p>\n<p><a href=\"http:\/\/menzendorff.de\/wp-content\/uploads\/2013\/10\/DSC08459.jpg\"><img loading=\"lazy\" class=\"aligncenter size-full wp-image-314\" src=\"http:\/\/menzendorff.de\/wp-content\/uploads\/2013\/10\/DSC08459.jpg\" alt=\"SONY DSC\" width=\"2896\" height=\"1936\" srcset=\"http:\/\/menzendorff.de\/wp-content\/uploads\/2013\/10\/DSC08459.jpg 2896w, http:\/\/menzendorff.de\/wp-content\/uploads\/2013\/10\/DSC08459-300x200.jpg 300w, http:\/\/menzendorff.de\/wp-content\/uploads\/2013\/10\/DSC08459-1024x684.jpg 1024w, http:\/\/menzendorff.de\/wp-content\/uploads\/2013\/10\/DSC08459-624x417.jpg 624w\" sizes=\"(max-width: 2896px) 100vw, 2896px\" \/><\/a> Die drei Fenster sind f\u00fcr Templerkirchen typisch. <a href=\"http:\/\/menzendorff.de\/wp-content\/uploads\/2013\/10\/DSC08464.jpg\"><img loading=\"lazy\" class=\"aligncenter size-full wp-image-316\" src=\"http:\/\/menzendorff.de\/wp-content\/uploads\/2013\/10\/DSC08464.jpg\" alt=\"SONY DSC\" width=\"2896\" height=\"1936\" srcset=\"http:\/\/menzendorff.de\/wp-content\/uploads\/2013\/10\/DSC08464.jpg 2896w, http:\/\/menzendorff.de\/wp-content\/uploads\/2013\/10\/DSC08464-300x200.jpg 300w, http:\/\/menzendorff.de\/wp-content\/uploads\/2013\/10\/DSC08464-1024x684.jpg 1024w, http:\/\/menzendorff.de\/wp-content\/uploads\/2013\/10\/DSC08464-624x417.jpg 624w\" sizes=\"(max-width: 2896px) 100vw, 2896px\" \/><\/a>Ein Hinweisschild der Gemeinde besagt, dass die Kirche entweder von den Templern oder von einer anderen lokalen Herrschaft gebaut wurde, offenbar l\u00e4sst sich das nicht genauer in Erfahrung bringen.<\/p>\n<p>Neben der Kirche befindet sich eine ca 1000 Jahre alte Eibe, deren Baumstamm ausgeh\u00f6hlt ist. Die Eibe (frz. <em>If) <\/em>soll dem Ort den Namen gegeben haben<\/p>\n<p>Eine kleine Kuriosit\u00e4t am Rande: Yvignac ist mit einem Ort Ivenack in Deutschland verschwistert und der hat nicht nur einen \u00e4hnlich klingenden Namen. Er ist ebenfalls f\u00fcr mehrhundertj\u00e4hrige B\u00e4ume ber\u00fchmt!<\/p>\n<p><a href=\"http:\/\/menzendorff.de\/wp-content\/uploads\/2013\/10\/DSC08465.jpg\"><img loading=\"lazy\" class=\"aligncenter size-full wp-image-317\" src=\"http:\/\/menzendorff.de\/wp-content\/uploads\/2013\/10\/DSC08465.jpg\" alt=\"SONY DSC\" width=\"2896\" height=\"1936\" srcset=\"http:\/\/menzendorff.de\/wp-content\/uploads\/2013\/10\/DSC08465.jpg 2896w, http:\/\/menzendorff.de\/wp-content\/uploads\/2013\/10\/DSC08465-300x200.jpg 300w, http:\/\/menzendorff.de\/wp-content\/uploads\/2013\/10\/DSC08465-1024x684.jpg 1024w, http:\/\/menzendorff.de\/wp-content\/uploads\/2013\/10\/DSC08465-624x417.jpg 624w\" sizes=\"(max-width: 2896px) 100vw, 2896px\" \/><\/a>Direkt neben der Kirche dieses doch typische Beweiszeichen, was wir aus vielen anderen Templerbesitzungen kennen, sogar aus Deutschland (S\u00fcpplingenburg).<\/p>\n<p style=\"text-align: center;\"><a href=\"http:\/\/menzendorff.de\/wp-content\/uploads\/2013\/10\/DSC08469.jpg\"><img loading=\"lazy\" class=\"aligncenter size-full wp-image-318\" src=\"http:\/\/menzendorff.de\/wp-content\/uploads\/2013\/10\/DSC08469.jpg\" alt=\"SONY DSC\" width=\"2896\" height=\"1936\" srcset=\"http:\/\/menzendorff.de\/wp-content\/uploads\/2013\/10\/DSC08469.jpg 2896w, http:\/\/menzendorff.de\/wp-content\/uploads\/2013\/10\/DSC08469-300x200.jpg 300w, http:\/\/menzendorff.de\/wp-content\/uploads\/2013\/10\/DSC08469-1024x684.jpg 1024w, http:\/\/menzendorff.de\/wp-content\/uploads\/2013\/10\/DSC08469-624x417.jpg 624w\" sizes=\"(max-width: 2896px) 100vw, 2896px\" \/><\/a>Das d\u00fcrfte ein Templerkreuz sein.<\/p>\n<p>\u00a0<strong>7. Le Temple, Jugon les lacs<\/strong><\/p>\n<p>Auf der Fahrt von und nach Dinan sah man von der Schnellstrasse aus eine Ausfahrt Jugon-les-Lacs und Le Temple. Das ist eher auch wieder ein Zufallsfund, ich konnte mich an diese Ortsbezeichnung nicht erinnern.<\/p>\n<p><a href=\"http:\/\/menzendorff.de\/wp-content\/uploads\/2013\/10\/DSC08448.jpg\"><img loading=\"lazy\" class=\"aligncenter size-full wp-image-321\" src=\"http:\/\/menzendorff.de\/wp-content\/uploads\/2013\/10\/DSC08448.jpg\" alt=\"SONY DSC\" width=\"2896\" height=\"1936\" srcset=\"http:\/\/menzendorff.de\/wp-content\/uploads\/2013\/10\/DSC08448.jpg 2896w, http:\/\/menzendorff.de\/wp-content\/uploads\/2013\/10\/DSC08448-300x200.jpg 300w, http:\/\/menzendorff.de\/wp-content\/uploads\/2013\/10\/DSC08448-1024x684.jpg 1024w, http:\/\/menzendorff.de\/wp-content\/uploads\/2013\/10\/DSC08448-624x417.jpg 624w\" sizes=\"(max-width: 2896px) 100vw, 2896px\" \/><\/a><\/p>\n<p>Wir trafen auf weit verstreut liegende Geh\u00f6fte, einige davon hatten sehr alte Bausubstanz zu zeigen.<\/p>\n<p>&nbsp;<\/p>\n<p><a href=\"http:\/\/menzendorff.de\/wp-content\/uploads\/2013\/10\/DSC08450.jpg\"><img loading=\"lazy\" class=\"aligncenter size-full wp-image-322\" src=\"http:\/\/menzendorff.de\/wp-content\/uploads\/2013\/10\/DSC08450.jpg\" alt=\"SONY DSC\" width=\"2896\" height=\"1936\" srcset=\"http:\/\/menzendorff.de\/wp-content\/uploads\/2013\/10\/DSC08450.jpg 2896w, http:\/\/menzendorff.de\/wp-content\/uploads\/2013\/10\/DSC08450-300x200.jpg 300w, http:\/\/menzendorff.de\/wp-content\/uploads\/2013\/10\/DSC08450-1024x684.jpg 1024w, http:\/\/menzendorff.de\/wp-content\/uploads\/2013\/10\/DSC08450-624x417.jpg 624w\" sizes=\"(max-width: 2896px) 100vw, 2896px\" \/><\/a><\/p>\n<p><a href=\"http:\/\/menzendorff.de\/wp-content\/uploads\/2013\/10\/DSC08453.jpg\"><img loading=\"lazy\" class=\"aligncenter size-full wp-image-323\" src=\"http:\/\/menzendorff.de\/wp-content\/uploads\/2013\/10\/DSC08453.jpg\" alt=\"SONY DSC\" width=\"2896\" height=\"1936\" srcset=\"http:\/\/menzendorff.de\/wp-content\/uploads\/2013\/10\/DSC08453.jpg 2896w, http:\/\/menzendorff.de\/wp-content\/uploads\/2013\/10\/DSC08453-300x200.jpg 300w, http:\/\/menzendorff.de\/wp-content\/uploads\/2013\/10\/DSC08453-1024x684.jpg 1024w, http:\/\/menzendorff.de\/wp-content\/uploads\/2013\/10\/DSC08453-624x417.jpg 624w\" sizes=\"(max-width: 2896px) 100vw, 2896px\" \/><\/a><\/p>\n<p>&nbsp;<\/p>\n<p><a href=\"http:\/\/menzendorff.de\/wp-content\/uploads\/2013\/10\/DSC08454.jpg\"><img loading=\"lazy\" class=\"aligncenter size-full wp-image-324\" src=\"http:\/\/menzendorff.de\/wp-content\/uploads\/2013\/10\/DSC08454.jpg\" alt=\"SONY DSC\" width=\"2896\" height=\"1936\" srcset=\"http:\/\/menzendorff.de\/wp-content\/uploads\/2013\/10\/DSC08454.jpg 2896w, http:\/\/menzendorff.de\/wp-content\/uploads\/2013\/10\/DSC08454-300x200.jpg 300w, http:\/\/menzendorff.de\/wp-content\/uploads\/2013\/10\/DSC08454-1024x684.jpg 1024w, http:\/\/menzendorff.de\/wp-content\/uploads\/2013\/10\/DSC08454-624x417.jpg 624w\" sizes=\"(max-width: 2896px) 100vw, 2896px\" \/><\/a>Das hier scheint mir ein Volltreffer zu sein. So sehen viele l\u00e4ndliche Commanderiegeb\u00e4ude der Templer aus, etwa Marbotte in Apr\u00e9mont-le-For\u00eat, Lothringen. Wie man sieht ist das Haus bewohnt, sodass ich nicht weiter ging.<\/p>\n<p>Die Nachschau bei Aubarbier (S. 135) ergab, dass dieser Ort der Templerliteratur bekannt ist und dass es sich hierbei um eine Dependance der Commanderie von Lanou\u00e9e gehandelt habe.<\/p>\n<p><strong>8. Dinan <\/strong><strong>und <\/strong><strong>St. Malo<\/strong><\/p>\n<p>Hier ist ein kleiner Abschnitt der angeblich 3000 Meter Stadtmauer von Dinan:<\/p>\n<p><a href=\"http:\/\/menzendorff.de\/wp-content\/uploads\/2013\/10\/DSC01624.jpg\"><img loading=\"lazy\" class=\"aligncenter size-full wp-image-329\" src=\"http:\/\/menzendorff.de\/wp-content\/uploads\/2013\/10\/DSC01624.jpg\" alt=\"SONY DSC\" width=\"4592\" height=\"3056\" srcset=\"http:\/\/menzendorff.de\/wp-content\/uploads\/2013\/10\/DSC01624.jpg 4592w, http:\/\/menzendorff.de\/wp-content\/uploads\/2013\/10\/DSC01624-300x199.jpg 300w, http:\/\/menzendorff.de\/wp-content\/uploads\/2013\/10\/DSC01624-1024x681.jpg 1024w, http:\/\/menzendorff.de\/wp-content\/uploads\/2013\/10\/DSC01624-624x415.jpg 624w\" sizes=\"(max-width: 4592px) 100vw, 4592px\" \/><\/a><\/p>\n<p style=\"text-align: center;\"><strong>22100 Dinan<\/strong><\/p>\n<p>In gr\u00f6sseren St\u00e4dten hatten die Templer zumeist jeweils auch Niederlassungen. Auch f\u00fcr Dinan (Aubarbier, S. 135) und St. Malo (ders., S. 143) scheint das zu gelten. Zu sehen gibt es in St\u00e4dten, insbesondere in Grosst\u00e4dten zumeist nichts mehr. Kirchen der Templer gibt es schon \u00f6fters mal auch mal in St\u00e4dten zu sehen(z.B. Avignon), aber an Kirchen wagt man sich mit der Abrissbirne ohnehin nicht gerne heran. Schon garnicht in Frankreich. Profanbauten hatten da weit weniger Gl\u00fcck. Es macht praktisch keinen Sinn, in Grossst\u00e4dten nach Templermauern (Z.B. in Mainz gibt es eine) zu suchen.\u00a0 In Dinan soll das Templergeb\u00e4ude an der Stelle des Konvents der Cordeliers (Franziskaner)\u00a0 gestanden haben . Wir fanden immerhin einen Nachtclub, der an den Orden erinnern m\u00f6chte:<\/p>\n<p style=\"text-align: center;\"><a href=\"http:\/\/menzendorff.de\/wp-content\/uploads\/2013\/10\/DSC01609.jpg\"><img loading=\"lazy\" class=\"aligncenter size-full wp-image-328\" src=\"http:\/\/menzendorff.de\/wp-content\/uploads\/2013\/10\/DSC01609.jpg\" alt=\"SONY DSC\" width=\"3539\" height=\"2308\" srcset=\"http:\/\/menzendorff.de\/wp-content\/uploads\/2013\/10\/DSC01609.jpg 3539w, http:\/\/menzendorff.de\/wp-content\/uploads\/2013\/10\/DSC01609-300x195.jpg 300w, http:\/\/menzendorff.de\/wp-content\/uploads\/2013\/10\/DSC01609-1024x667.jpg 1024w, http:\/\/menzendorff.de\/wp-content\/uploads\/2013\/10\/DSC01609-624x406.jpg 624w\" sizes=\"(max-width: 3539px) 100vw, 3539px\" \/><\/a> Nachtclub &#8222;Les Templiers&#8220; in Dinan<\/p>\n<p style=\"text-align: left;\">In St. Malo fiel uns per Zufall ein Strassenschild ins Auge:<\/p>\n<p style=\"text-align: center;\"><a href=\"http:\/\/menzendorff.de\/wp-content\/uploads\/2013\/10\/DSC01697.jpg\"><img loading=\"lazy\" class=\"aligncenter size-full wp-image-330\" src=\"http:\/\/menzendorff.de\/wp-content\/uploads\/2013\/10\/DSC01697.jpg\" alt=\"SONY DSC\" width=\"4592\" height=\"3056\" srcset=\"http:\/\/menzendorff.de\/wp-content\/uploads\/2013\/10\/DSC01697.jpg 4592w, http:\/\/menzendorff.de\/wp-content\/uploads\/2013\/10\/DSC01697-300x199.jpg 300w, http:\/\/menzendorff.de\/wp-content\/uploads\/2013\/10\/DSC01697-1024x681.jpg 1024w, http:\/\/menzendorff.de\/wp-content\/uploads\/2013\/10\/DSC01697-624x415.jpg 624w\" sizes=\"(max-width: 4592px) 100vw, 4592px\" \/><\/a><em>Escalier de la Pr\u00e9ceptorie<\/em>, <strong>35400 St. Malo<\/strong><\/p>\n<p style=\"text-align: left;\">Preceptorie ist ein anerkannter Templerbegriff. Der Pr\u00e4zeptor ist ein wichtiger Dienstgrad und manche Templereien, z.B. Preceptorie de Centernach tragen das Wort im Namen. Vielleicht hilft unser Hinweis ja weiter&#8230;. St. Malo wurde 1944 fast total zerst\u00f6rt. Es er\u00fcbrigte sich also die Nachschau nach Templersteinen.<\/p>\n<p style=\"text-align: left;\">Frankfurt am Main, Oktober bis November 2013<\/p>\n<p>&nbsp;<\/p>\n<p>&nbsp;<\/p>\n<p>&nbsp;<\/p>\n<p>&nbsp;<\/p>\n<p>&nbsp;<\/p>\n","protected":false},"excerpt":{"rendered":"<p>&nbsp; Im Sommer war Familienurlaub in der Bretagne gebucht. Wir waren in einem gem\u00fctlichen Ferienhaus etwas s\u00fcdlich der quirligen kleinen Hafenstadt Paimpol, genauer in der Gemeinde Plou\u00e9zec, 22 C\u00f4tes-d&#8217;Armor, einquartiert. Dort &#8211; in Paimpol &#8211; sitzt man abends in einem der zahlreichen Restaurants rund um den Hafen mit einem fantastischen Blick aufs Meer (d.h. falls [&hellip;]<\/p>\n","protected":false},"author":1,"featured_media":0,"comment_status":"open","ping_status":"open","sticky":false,"template":"","format":"standard","meta":[],"categories":[19],"tags":[],"_links":{"self":[{"href":"http:\/\/menzendorff.de\/index.php?rest_route=\/wp\/v2\/posts\/198"}],"collection":[{"href":"http:\/\/menzendorff.de\/index.php?rest_route=\/wp\/v2\/posts"}],"about":[{"href":"http:\/\/menzendorff.de\/index.php?rest_route=\/wp\/v2\/types\/post"}],"author":[{"embeddable":true,"href":"http:\/\/menzendorff.de\/index.php?rest_route=\/wp\/v2\/users\/1"}],"replies":[{"embeddable":true,"href":"http:\/\/menzendorff.de\/index.php?rest_route=%2Fwp%2Fv2%2Fcomments&post=198"}],"version-history":[{"count":37,"href":"http:\/\/menzendorff.de\/index.php?rest_route=\/wp\/v2\/posts\/198\/revisions"}],"predecessor-version":[{"id":1874,"href":"http:\/\/menzendorff.de\/index.php?rest_route=\/wp\/v2\/posts\/198\/revisions\/1874"}],"wp:attachment":[{"href":"http:\/\/menzendorff.de\/index.php?rest_route=%2Fwp%2Fv2%2Fmedia&parent=198"}],"wp:term":[{"taxonomy":"category","embeddable":true,"href":"http:\/\/menzendorff.de\/index.php?rest_route=%2Fwp%2Fv2%2Fcategories&post=198"},{"taxonomy":"post_tag","embeddable":true,"href":"http:\/\/menzendorff.de\/index.php?rest_route=%2Fwp%2Fv2%2Ftags&post=198"}],"curies":[{"name":"wp","href":"https:\/\/api.w.org\/{rel}","templated":true}]}}