{"id":2049,"date":"2018-03-13T16:22:13","date_gmt":"2018-03-13T14:22:13","guid":{"rendered":"http:\/\/menzendorff.de\/?p=2049"},"modified":"2019-07-01T18:55:37","modified_gmt":"2019-07-01T16:55:37","slug":"mai-2018-grand-est-nachtraege-fuer-elsass-burgund-champagne-und-lothringen","status":"publish","type":"post","link":"http:\/\/menzendorff.de\/?p=2049","title":{"rendered":"Mai 2018, Grand-Est: Nachtr\u00e4ge f\u00fcr Elsass, Burgund und Champagne"},"content":{"rendered":"<p>Vatertag und ein verl\u00e4ngertes Wochenende. Zeit f\u00fcr die Ordensritter. Drei Tage und 1.400 km sp\u00e4ter entstand dieser Reise-Kurzbericht. Ich habe eine Rundreise \u00fcber das Elsass, das Burgund, die Champagne und Lothringen zusammengestellt, um die To-do Liste f\u00fcr vers\u00e4umte Ziele in diesem Bereich weiter abzuhaken.<\/p>\n<h1>1 Elsass<\/h1>\n<p>Fangen wir also beim Elsass an. Die Templerorte d\u00fcrfte ich alle schon haben, aber auch Deutsch-Ordensritter und Johanniter waren hier zahlreich pr\u00e4sent. Ich plane einen eigenen Bericht \u00fcber eine der wichtigsten Fernstrassen in Europa, n\u00e4mlich die alte (linksrheinische) R\u00f6merstrasse von Basel nach K\u00f6ln, entlang derer alle drei Ritterorden &#8211; in unterschiedlicher Dichte &#8211; ans\u00e4ssig waren.<\/p>\n<h2>1.1 Boersch, Bas-Rhin<\/h2>\n<p>Erstes Ziel Boersch, Deutsch-Ordenskommende nahe des Mont-Saint-Odile und dem Templer-Ort Ottrott:<\/p>\n<p><a href=\"http:\/\/menzendorff.de\/wp-content\/uploads\/2018\/05\/1Boersch.jpg\"><img loading=\"lazy\" class=\"alignright size-large wp-image-2054\" src=\"http:\/\/menzendorff.de\/wp-content\/uploads\/2018\/05\/1Boersch-1024x683.jpg\" alt=\"\" width=\"625\" height=\"417\" srcset=\"http:\/\/menzendorff.de\/wp-content\/uploads\/2018\/05\/1Boersch.jpg 1024w, http:\/\/menzendorff.de\/wp-content\/uploads\/2018\/05\/1Boersch-300x200.jpg 300w, http:\/\/menzendorff.de\/wp-content\/uploads\/2018\/05\/1Boersch-768x512.jpg 768w, http:\/\/menzendorff.de\/wp-content\/uploads\/2018\/05\/1Boersch-624x416.jpg 624w\" sizes=\"(max-width: 625px) 100vw, 625px\" \/><\/a><\/p>\n<p style=\"text-align: center;\"><strong>Deutsches Haus, 67530 Boersch<\/strong><\/p>\n<h2>1.2 Kayersberg, Haut-Rhin<\/h2>\n<p>60 Km weiter s\u00fcdlich &#8211; in unmittelbarer N\u00e4he wiederum zum Templerort Bergheim &#8211; hat sich der Deutsche Orden eine weitere Niederlassung geg\u00f6nnt. Eine prachtvolle Kirche aus dem 12. Jh. in der malerischen Ortschaft Kaysersberg:<\/p>\n<p><a href=\"http:\/\/menzendorff.de\/wp-content\/uploads\/2018\/05\/2Kaysersberg.jpg\"><img loading=\"lazy\" class=\"alignright size-large wp-image-2055\" src=\"http:\/\/menzendorff.de\/wp-content\/uploads\/2018\/05\/2Kaysersberg-1024x683.jpg\" alt=\"\" width=\"625\" height=\"417\" srcset=\"http:\/\/menzendorff.de\/wp-content\/uploads\/2018\/05\/2Kaysersberg.jpg 1024w, http:\/\/menzendorff.de\/wp-content\/uploads\/2018\/05\/2Kaysersberg-300x200.jpg 300w, http:\/\/menzendorff.de\/wp-content\/uploads\/2018\/05\/2Kaysersberg-768x512.jpg 768w, http:\/\/menzendorff.de\/wp-content\/uploads\/2018\/05\/2Kaysersberg-624x416.jpg 624w\" sizes=\"(max-width: 625px) 100vw, 625px\" \/><\/a><\/p>\n<p style=\"text-align: center;\"><strong>Deutscher Orden<\/strong>, ehemalige St. Marien-Kirche, <strong>68240 Kaysersberg<\/strong><\/p>\n<h2>1.3 Rixheim, Haut-Rhin<\/h2>\n<p>Weitere 60 Km s\u00fcdlich von Kaysersberg befindet sich in unmittelbarer N\u00e4he zur Stadt Mulhouse, in der die Johanniter ans\u00e4ssig waren, das ehemalige Schlo\u00df des Deutschen Ordens von Rixheim.<\/p>\n<p><a href=\"http:\/\/menzendorff.de\/wp-content\/uploads\/2018\/05\/3Rixheim.jpg\"><img loading=\"lazy\" class=\"alignright size-large wp-image-2056\" src=\"http:\/\/menzendorff.de\/wp-content\/uploads\/2018\/05\/3Rixheim-1024x683.jpg\" alt=\"\" width=\"625\" height=\"417\" srcset=\"http:\/\/menzendorff.de\/wp-content\/uploads\/2018\/05\/3Rixheim.jpg 1024w, http:\/\/menzendorff.de\/wp-content\/uploads\/2018\/05\/3Rixheim-300x200.jpg 300w, http:\/\/menzendorff.de\/wp-content\/uploads\/2018\/05\/3Rixheim-768x512.jpg 768w, http:\/\/menzendorff.de\/wp-content\/uploads\/2018\/05\/3Rixheim-624x416.jpg 624w\" sizes=\"(max-width: 625px) 100vw, 625px\" \/><\/a><\/p>\n<p style=\"text-align: center;\">Ch\u00e2teau des Chevaliers Teutoniques, <strong>68170 Rixheim<\/strong><\/p>\n<p>Ich \u00fcbernachtete, wie stets, wenn ich im s\u00fcdlichen Elsass ankomme, im Hotel Au Lion Rouge in Bartenheim. Es liegt nur ca. 10 Km von meinem letzten Ziel entfernt und so konnte ich mich auf ein baldiges Abendessen freuen. Zwischen der Foie Gras und dem Bavette vom Angus-Rind &#8211; und befeuert durch einen halben Liter C\u00f4te-du-Rh\u00f4ne &#8211; beschlo\u00df ich, noch in diesem Jahr einen Spezialthread \u00fcber alle Ritterorden im Elsass zu schreiben. Ich hatte jetzt fast alle Ziele der Johanniter, Templer und des Deutschen Ordens zusammen. Aber nur fast alle, denn ein letztes Ziel stand f\u00fcr den Morgen des n\u00e4chsten Tages noch aus.<\/p>\n<p>Bei diesem Abendessen kam bei mir auch erstmals die Idee auf, ob nicht die Ritterorden &#8211; gerade hier im recht engen Rheintal &#8211; irgendwelche Abkommen untereinander geschlossen haben, etwa um sich nicht gegenseitig unerw\u00fcnschte Konkurrenz zu machen. Oder etwa, um sich gegenseitig behilflich sein zu k\u00f6nnen? Es erschien mir daher zweckm\u00e4ssig, demn\u00e4chst in einem Spezialbeitrag \u00fcber das Elsass einheitlich f\u00fcr alle Ritterorden zu berichten. Auch in Mainz waren alle drei Orden beg\u00fctert und hielten es in enger Nachbarschaft offenbar gut aus. So eine enge Nachbarschaft der drei Orden kennt man sonst nur etwa aus Jerusalem und Akkon. In der Pfalz liegt Ober-Fl\u00f6rsheim (DO) in unmittelbarer N\u00e4he zu Hangen-Weisheim (Joh.) und Osthofen (TRO). In Frankfurt gab es Johanniter und den Deutschen Orden. Neuere Forschungen scheinen auch eine Templerpr\u00e4senz in Frankfurt zu best\u00e4tigen (<a href=\"http:\/\/www.templerlexikon.uni-hamburg.de\/Frankfurt.pdf\" target=\"_blank\" rel=\"noopener\">Templerlexikon<\/a>)<\/p>\n<p>Was meine Leser bis heute noch nicht wissen k\u00f6nnen: Ich habe zu Beginn des letzten Jahres meinen Fokus erweitert und untersuche seither nicht nur die heute noch sichtbaren Reste der Niederlassungen der Tempelritter, sondern vielmehr auch die der anderen beiden gro\u00dfen Ritterorden, der Johanniter und der Deutschordensritter.\u00a0 Mir fehlte nur noch das passende Format f\u00fcr diese Berichte. Daneben sind in letzter Zeit offenbar so viele Reisen zusammengekommen, soda\u00df dazwischen nicht genug Zeit blieb, das Bildmaterial in Berichten zusammen zu\u00a0 fassen und zu kommentieren.<\/p>\n<h2>1.4 Friesen, Haut-Rhin<\/h2>\n<p>Nach einem betont leckeren Fr\u00fchst\u00fcck &#8211; es gab selbstgemachte Waffeln &#8211; machte ich mich auf, zum letzten Ziel im Elsass, das mir noch fehlte. Das Ziel war nach 35 Km erreicht.<\/p>\n<p><a href=\"http:\/\/menzendorff.de\/wp-content\/uploads\/2018\/05\/4Friesen-1.jpg\"><img loading=\"lazy\" class=\"alignright size-large wp-image-2057\" src=\"http:\/\/menzendorff.de\/wp-content\/uploads\/2018\/05\/4Friesen-1-1024x683.jpg\" alt=\"\" width=\"625\" height=\"417\" srcset=\"http:\/\/menzendorff.de\/wp-content\/uploads\/2018\/05\/4Friesen-1.jpg 1024w, http:\/\/menzendorff.de\/wp-content\/uploads\/2018\/05\/4Friesen-1-300x200.jpg 300w, http:\/\/menzendorff.de\/wp-content\/uploads\/2018\/05\/4Friesen-1-768x512.jpg 768w, http:\/\/menzendorff.de\/wp-content\/uploads\/2018\/05\/4Friesen-1-624x416.jpg 624w\" sizes=\"(max-width: 625px) 100vw, 625px\" \/><\/a><\/p>\n<p style=\"text-align: center;\">Johanniterkirche, <strong>68580 Friesen<\/strong><\/p>\n<p><a href=\"http:\/\/menzendorff.de\/wp-content\/uploads\/2018\/05\/4Friesen-2.jpg\"><img loading=\"lazy\" class=\"alignright size-large wp-image-2058\" src=\"http:\/\/menzendorff.de\/wp-content\/uploads\/2018\/05\/4Friesen-2-1024x683.jpg\" alt=\"\" width=\"625\" height=\"417\" srcset=\"http:\/\/menzendorff.de\/wp-content\/uploads\/2018\/05\/4Friesen-2.jpg 1024w, http:\/\/menzendorff.de\/wp-content\/uploads\/2018\/05\/4Friesen-2-300x200.jpg 300w, http:\/\/menzendorff.de\/wp-content\/uploads\/2018\/05\/4Friesen-2-768x512.jpg 768w, http:\/\/menzendorff.de\/wp-content\/uploads\/2018\/05\/4Friesen-2-624x416.jpg 624w\" sizes=\"(max-width: 625px) 100vw, 625px\" \/><\/a><\/p>\n<p style=\"text-align: center;\">Westfassade, Johanniterkirche Friesen<\/p>\n<p>Friesen ist die letzte Station der Johanniter auf der deutschsprachigen Seite der \u00dcberlandstrecke in der Porte d&#8217;Alsace\/Burgunderpforte. Nach dem Pass, der sogenannten &#8222;Ueberstrass&#8220; wird es dort frankophon, d.h., die Ortschaften tragen ab hier Namen mit erkennbar franz\u00f6sischem Ursprung. Nachdem ich mich die letzen Wochen intensiv mit einer \u00dcberlandstrecke im Burgund auseinandergesetzt hatte, wu\u00dfte ich durch die Ver\u00f6ffentlichungen Martin Kuckenburgs, dass weiter \u00f6stlich eine weitere Wasserscheide besteht, n\u00e4mlich die zwischen dem Doubs und dem Mittelmeer einerseits und dem Rhein und der Nordsee andererseits. Dadurch keimte in mir die Idee, dass sich hier vielleicht eine solche Wiederbelebung keltischer \u00dcberlandverbindungen wiederholt haben k\u00f6nnte. Nur waren diesmal nicht die Templer, sondern die Johanniter die Akteure.<\/p>\n<h1>2 Franche-Comt\u00e9<\/h1>\n<p>Ich hatte schon zuvor ermittelt, dass sich Friesen etwa 30 Km s\u00fcdwestlich von Mulhouse befindet. Dort hatte ich letztes Jahr eine prachtvolle Johanniterkirche besichtigt. Ausgehend von der Theorie, dass Friesen die vorletzte Station der \u00dcberlandverbindung der Johanniter sein m\u00fc\u00dfte, suchte ich nun nach einem geeigneten Ort f\u00fcr die Umladung der Frachten auf Boote. Von den Kelten war bekannt, dass sie ab Bragny den Doubs f\u00fcr die Weiterverschiffung von Waren in den Elsass, die Schweiz und den Neckarraum benutzten.<\/p>\n<p>Friesen war auch wieder exakt 30 Km von dem \u00f6stlichsten Punkt des Doubs entfernt, dessen Oberlauf sich ab Audincourt in einer weitl\u00e4ufigen Schleife wieder zur\u00fcck nach Westen vom Oberlauf des Rheins wegwendet. Insoweit hat man es bei der sog. Burgunderpforte auch\u00a0 mit einer Wasserscheide zu tun.<\/p>\n<h2>2.1 Audincourt<\/h2>\n<p>\u00dcber Audincourt wu\u00dfte ich nicht viel, bis auf dass dort eine Steinbr\u00fccke \u00fcber den Doubs existiert und an der Schiffl\u00e4nde eine Kirche steht, die &#8222;Temple&#8220; genannt wird.<\/p>\n<p><a href=\"http:\/\/menzendorff.de\/wp-content\/uploads\/2018\/05\/5Audin1.jpg\"><img loading=\"lazy\" class=\"alignright size-large wp-image-2059\" src=\"http:\/\/menzendorff.de\/wp-content\/uploads\/2018\/05\/5Audin1-1024x683.jpg\" alt=\"\" width=\"625\" height=\"417\" srcset=\"http:\/\/menzendorff.de\/wp-content\/uploads\/2018\/05\/5Audin1.jpg 1024w, http:\/\/menzendorff.de\/wp-content\/uploads\/2018\/05\/5Audin1-300x200.jpg 300w, http:\/\/menzendorff.de\/wp-content\/uploads\/2018\/05\/5Audin1-768x512.jpg 768w, http:\/\/menzendorff.de\/wp-content\/uploads\/2018\/05\/5Audin1-624x416.jpg 624w\" sizes=\"(max-width: 625px) 100vw, 625px\" \/><\/a><\/p>\n<p style=\"text-align: center;\">Le Temple d&#8217;Audincourt<\/p>\n<p>Es w\u00e4re zwar verlockend gewesen, das anzunehmen, aber diese Kirche hat wohl nichts mit dem Templerorden zu tun. &#8222;Le Temple&#8220; heissen in vielen Regionen Frankreichs heute noch die lutherischen Kirchengeb\u00e4ude.<\/p>\n<p><a href=\"http:\/\/menzendorff.de\/wp-content\/uploads\/2018\/05\/5Audin2.jpg\"><img loading=\"lazy\" class=\"alignright size-large wp-image-2060\" src=\"http:\/\/menzendorff.de\/wp-content\/uploads\/2018\/05\/5Audin2-1024x683.jpg\" alt=\"\" width=\"625\" height=\"417\" srcset=\"http:\/\/menzendorff.de\/wp-content\/uploads\/2018\/05\/5Audin2.jpg 1024w, http:\/\/menzendorff.de\/wp-content\/uploads\/2018\/05\/5Audin2-300x200.jpg 300w, http:\/\/menzendorff.de\/wp-content\/uploads\/2018\/05\/5Audin2-768x512.jpg 768w, http:\/\/menzendorff.de\/wp-content\/uploads\/2018\/05\/5Audin2-624x416.jpg 624w\" sizes=\"(max-width: 625px) 100vw, 625px\" \/><\/a><\/p>\n<p>Der Ort war dennoch sehr sch\u00f6n und die Reise hierher hatte sich gelohnt. Denn die entsprechenden Steganlagen und Verkehrszeichen liessen mit einem Blick erkennen, dass der Doubs bis hierhin schiffbar ist. Die Anwesenheit eines der Ritterorden liess sich jedoch f\u00fcr Audincourt nicht feststellen.<\/p>\n<h2>2.2 Valentigney<\/h2>\n<p>Erst bei der Nachbereitung der Bilder gelang mir insoweit der Durchbruch. In dem Buch von G\u00e9rard <a href=\"https:\/\/www.dropbox.com\/s\/ndykgkl4w06wszy\/Screenshot%202018-05-16%2019.47.58.png?dl=0\" target=\"_blank\" rel=\"noopener\">Moyse<\/a>, Les hospitaliers de Saint-Jean de J\u00e9rusalem dans le dioc\u00e8se de Besan\u00e7on en 1373, Rom, 1973 findet sich an mehreren Stellen der Eintrag, dass die Johanniter tats\u00e4chlich in Valentigney beg\u00fctert waren.<\/p>\n<p><a href=\"http:\/\/menzendorff.de\/wp-content\/uploads\/2018\/05\/Screenshot-2018-05-16-19.47.58.png\"><img loading=\"lazy\" class=\"alignright size-full wp-image-2094\" src=\"http:\/\/menzendorff.de\/wp-content\/uploads\/2018\/05\/Screenshot-2018-05-16-19.47.58.png\" alt=\"\" width=\"617\" height=\"344\" srcset=\"http:\/\/menzendorff.de\/wp-content\/uploads\/2018\/05\/Screenshot-2018-05-16-19.47.58.png 617w, http:\/\/menzendorff.de\/wp-content\/uploads\/2018\/05\/Screenshot-2018-05-16-19.47.58-300x167.png 300w\" sizes=\"(max-width: 617px) 100vw, 617px\" \/><\/a><\/p>\n<p style=\"text-align: center;\">Auszug aus Seite 502 des genannten Buches<\/p>\n<p><a href=\"http:\/\/menzendorff.de\/wp-content\/uploads\/2018\/05\/Screenshot-2018-05-16-20.02.03.png\"><img loading=\"lazy\" class=\"aligncenter wp-image-2096 size-medium\" src=\"http:\/\/menzendorff.de\/wp-content\/uploads\/2018\/05\/Screenshot-2018-05-16-20.02.03-271x300.png\" alt=\"\" width=\"271\" height=\"300\" srcset=\"http:\/\/menzendorff.de\/wp-content\/uploads\/2018\/05\/Screenshot-2018-05-16-20.02.03-271x300.png 271w, http:\/\/menzendorff.de\/wp-content\/uploads\/2018\/05\/Screenshot-2018-05-16-20.02.03.png 524w\" sizes=\"(max-width: 271px) 100vw, 271px\" \/><\/a><\/p>\n<p style=\"text-align: center;\">Wappen von Valentigney, aus <a href=\"https:\/\/de.wikipedia.org\/wiki\/Valentigney\" target=\"_blank\" rel=\"noopener\">Wikipedia<\/a><\/p>\n<p>Valentigney liegt am anderen Ende der Br\u00fccke und der Stadt Audincourt unmittelbar gegen\u00fcber, am linken Ufer des Doubs. Der Ort ist daher als Umladestation genauso gut geeignet wie Audincourt. Davon, dass die Johanniter sich hier niedergelassen haben, zeugt das weisse Johanniterkreuz auf blauem Feld im Stadtwappen. Das Wappenfeld oben links erinnert nicht etwa nur zuf\u00e4llig an das Emblem des VfB Stuttgart. Sowohl Audincourt als auch Valentigney geh\u00f6rten noch bis 1796 zu der damaligen Grafschaft W\u00fcrttemberg-M\u00f6mpelgard mit ihrer Hauptstadt Montb\u00e9liard.<\/p>\n<p>Es bleibt einem weiteren Beitrag vorbehalten, diese \u00dcberlandstrecke genauer zu dokumentieren. Einstweilen freue ich mich, dass mir diese offenbar neue Entdeckung gelang. Ich habe noch keine Literaturstelle dazu gefunden.<\/p>\n<h1>3 Burgund<\/h1>\n<p>Um mein n\u00e4chstes Ziel auf der Tagesordnung zu erreichen, mu\u00dfte ich zun\u00e4chst etwa 160 Km\u00a0 in wests\u00fcdwestliche Richtung fahren. Die Autobahn A 36 l\u00e4uft hier mehr oder entlang des Flusses Doubs. In meinem Bericht \u00fcber die Templerstrasse zwischen Ch\u00e2tillon-sur-Seine und der Sa\u00f4ne erw\u00e4hnte ich eine <a href=\"http:\/\/menzendorff.de\/?p=1757\" target=\"_blank\" rel=\"noopener\">alternative Templerstrasse<\/a>, \u00fcber die ich noch n\u00e4here Nachforschungen anstellen wollte.<\/p>\n<p><a href=\"http:\/\/menzendorff.de\/wp-content\/uploads\/2018\/05\/Screenshot-2018-05-14-19.33.57.png\"><img loading=\"lazy\" class=\"alignright size-full wp-image-2083\" src=\"http:\/\/menzendorff.de\/wp-content\/uploads\/2018\/05\/Screenshot-2018-05-14-19.33.57.png\" alt=\"\" width=\"924\" height=\"318\" srcset=\"http:\/\/menzendorff.de\/wp-content\/uploads\/2018\/05\/Screenshot-2018-05-14-19.33.57.png 924w, http:\/\/menzendorff.de\/wp-content\/uploads\/2018\/05\/Screenshot-2018-05-14-19.33.57-300x103.png 300w, http:\/\/menzendorff.de\/wp-content\/uploads\/2018\/05\/Screenshot-2018-05-14-19.33.57-768x264.png 768w, http:\/\/menzendorff.de\/wp-content\/uploads\/2018\/05\/Screenshot-2018-05-14-19.33.57-624x215.png 624w\" sizes=\"(max-width: 924px) 100vw, 924px\" \/><\/a><\/p>\n<p>&nbsp;<\/p>\n<p>Anhand der F\u00fclle des neu aufgetauchten Materials habe ich entschieden, \u00fcber diese Teilstrecke der Templerstrasse einen gesonderten Bericht abzufassen, wobei ich &#8211; zur Vermeidung \u00fcberfl\u00fcssiger Fahrten &#8211; meinen Bericht im S\u00fcden, im M\u00fcndungsgebiet von Tille und Sa\u00f4ne, beginnen m\u00f6chte:<\/p>\n<h2>3.1 Trouhans<\/h2>\n<p>\u00dcber die Templerpr\u00e4senz in Trouhans fand sich bei Aubarbier auf Seite 79 nur ein knapper Vermerk: &#8222;Notons, \u00e0 Trouhans, le lieu-dit la Croix Rouge&#8220;. Dies erwies sich bei der Nachschau vor Ort jedoch als nicht zutreffend. Einen solchen Ort gab es dort nicht.<\/p>\n<p><a href=\"http:\/\/menzendorff.de\/wp-content\/uploads\/2018\/05\/6Trouhans.jpg\"><img loading=\"lazy\" class=\"alignright size-large wp-image-2061\" src=\"http:\/\/menzendorff.de\/wp-content\/uploads\/2018\/05\/6Trouhans-1024x683.jpg\" alt=\"\" width=\"625\" height=\"417\" srcset=\"http:\/\/menzendorff.de\/wp-content\/uploads\/2018\/05\/6Trouhans.jpg 1024w, http:\/\/menzendorff.de\/wp-content\/uploads\/2018\/05\/6Trouhans-300x200.jpg 300w, http:\/\/menzendorff.de\/wp-content\/uploads\/2018\/05\/6Trouhans-768x512.jpg 768w, http:\/\/menzendorff.de\/wp-content\/uploads\/2018\/05\/6Trouhans-624x416.jpg 624w\" sizes=\"(max-width: 625px) 100vw, 625px\" \/><\/a><\/p>\n<p style=\"text-align: center;\">\u00c9glise Saint-Martin, 21170 Trouhans<\/p>\n<p>Die Kirche ist nicht aus der Templerzeit. Im Ort gibt es ein recht modernes Schlo\u00df, das f\u00fcr Hochzeitsfeierlichkeiten genutzt wird. Hinweise auf die Templer konnte ich keine entdecken. Es ist festzuhalten, dass dieser Ort direkt an der Ouche liegt. Die Ouche spielte im 16. Jahrhundert f\u00fcr die Stadt Dijon eine gro\u00dfe Rolle und den \u00dcberlandtransport zwischen der Yonne und der Sa\u00f4ne erheblich zu verk\u00fcrzen. Dijon verdankte diesem eintr\u00e4gliches Gesch\u00e4ft ihren Wohlstand (<a href=\"https:\/\/de.wikipedia.org\/wiki\/Canal_de_Bourgogne\" target=\"_blank\" rel=\"noopener\">Wikipedia<\/a>).<\/p>\n<p><a href=\"http:\/\/menzendorff.de\/wp-content\/uploads\/2018\/05\/DSC_0242.jpg\"><img loading=\"lazy\" class=\"alignright size-large wp-image-2097\" src=\"http:\/\/menzendorff.de\/wp-content\/uploads\/2018\/05\/DSC_0242-1024x683.jpg\" alt=\"\" width=\"625\" height=\"417\" srcset=\"http:\/\/menzendorff.de\/wp-content\/uploads\/2018\/05\/DSC_0242.jpg 1024w, http:\/\/menzendorff.de\/wp-content\/uploads\/2018\/05\/DSC_0242-300x200.jpg 300w, http:\/\/menzendorff.de\/wp-content\/uploads\/2018\/05\/DSC_0242-768x512.jpg 768w, http:\/\/menzendorff.de\/wp-content\/uploads\/2018\/05\/DSC_0242-624x416.jpg 624w\" sizes=\"(max-width: 625px) 100vw, 625px\" \/><\/a><\/p>\n<p style=\"text-align: center;\">Die Ouche bei Trouhans. Links im Bild der Damm mit einem gut erkennbaren Treidel-Pfad<\/p>\n<h2>3.2 Fauverney<\/h2>\n<p>Nach Delphine Marie (S. 124) geh\u00f6rte die &#8222;<em>templerie&#8220;<\/em> von Fauverney zur Commanderie La Madeleine in Dijon. Es existiere dort nicht mehr als eine Kapelle aus dem 18. Jahrhundert, genannt &#8222;Le Temple&#8220;. In Templiers.net findet sich folgende Lageskizze:<\/p>\n<p><a href=\"http:\/\/menzendorff.de\/wp-content\/uploads\/2018\/05\/Screenshot-2018-05-16-20.47.33.png\"><img loading=\"lazy\" class=\"alignright size-full wp-image-2100\" src=\"http:\/\/menzendorff.de\/wp-content\/uploads\/2018\/05\/Screenshot-2018-05-16-20.47.33.png\" alt=\"\" width=\"761\" height=\"456\" srcset=\"http:\/\/menzendorff.de\/wp-content\/uploads\/2018\/05\/Screenshot-2018-05-16-20.47.33.png 761w, http:\/\/menzendorff.de\/wp-content\/uploads\/2018\/05\/Screenshot-2018-05-16-20.47.33-300x180.png 300w, http:\/\/menzendorff.de\/wp-content\/uploads\/2018\/05\/Screenshot-2018-05-16-20.47.33-624x374.png 624w\" sizes=\"(max-width: 761px) 100vw, 761px\" \/><\/a><\/p>\n<p style=\"text-align: center;\">copyright <a href=\"http:\/\/www.templiers.net\/departements\/index.php?page=21#1\" target=\"_blank\" rel=\"noopener\">www.templiers.net<\/a><\/p>\n<p>Eine Kapelle habe ich vor Ort nicht gefunden. Die Kirche hat wohl nichts mit den Templern zu tun. Sie ist sch\u00f6n, wirkt aber arg rekonstruiert.<\/p>\n<p><a href=\"http:\/\/menzendorff.de\/wp-content\/uploads\/2018\/05\/7-Fauverney.jpg\"><img loading=\"lazy\" class=\"alignright size-large wp-image-2063\" src=\"http:\/\/menzendorff.de\/wp-content\/uploads\/2018\/05\/7-Fauverney-1024x683.jpg\" alt=\"\" width=\"625\" height=\"417\" srcset=\"http:\/\/menzendorff.de\/wp-content\/uploads\/2018\/05\/7-Fauverney.jpg 1024w, http:\/\/menzendorff.de\/wp-content\/uploads\/2018\/05\/7-Fauverney-300x200.jpg 300w, http:\/\/menzendorff.de\/wp-content\/uploads\/2018\/05\/7-Fauverney-768x512.jpg 768w, http:\/\/menzendorff.de\/wp-content\/uploads\/2018\/05\/7-Fauverney-624x416.jpg 624w\" sizes=\"(max-width: 625px) 100vw, 625px\" \/><\/a><\/p>\n<p style=\"text-align: center;\">\u00c9glise Saint-Georges de <strong>Fauverney<\/strong><\/p>\n<p>Wie ich so durch den Ort fuhr, bemerkte ich ein Schild &#8222;Salle de Chassagne&#8220;. Dabei fiel mir ein, dass ich am Ortseingang ein Strassenschild gesehen hatte: &#8222;Ferme de Chassagne&#8220;. Die wollte ich mir ohnehin ansehen. <a href=\"http:\/\/menzendorff.de\/?p=1398\" target=\"_blank\" rel=\"noopener\">Chassignelles<\/a> heisst ein Templerort mit Farm im Departement im Departement Yonne. Und nach Marie, S. 134 , gibt es ein <em>maison<\/em> der Templer mit dem Namen Chassagne daneben noch im Departement Haute-Marne, arrondissement de Langres, canton de Prauthoy, commune d&#8217;Is\u00f4mes. Es konnte also nicht schaden, dieser Ferme einen Besuch abzustatten. Die Ferme lag ca. 500 Meter ausserhalb, war gr\u00f6\u00dftenteils mit Mauern umgeben und hatte durchaus die Gr\u00f6\u00dfe einer ehemaligen Templercommanderie.<\/p>\n<p><a href=\"http:\/\/menzendorff.de\/wp-content\/uploads\/2018\/05\/7-Fauv.jpg\"><img loading=\"lazy\" class=\"alignright size-large wp-image-2062\" src=\"http:\/\/menzendorff.de\/wp-content\/uploads\/2018\/05\/7-Fauv-1024x683.jpg\" alt=\"\" width=\"625\" height=\"417\" srcset=\"http:\/\/menzendorff.de\/wp-content\/uploads\/2018\/05\/7-Fauv.jpg 1024w, http:\/\/menzendorff.de\/wp-content\/uploads\/2018\/05\/7-Fauv-300x200.jpg 300w, http:\/\/menzendorff.de\/wp-content\/uploads\/2018\/05\/7-Fauv-768x512.jpg 768w, http:\/\/menzendorff.de\/wp-content\/uploads\/2018\/05\/7-Fauv-624x416.jpg 624w\" sizes=\"(max-width: 625px) 100vw, 625px\" \/><\/a><\/p>\n<p style=\"text-align: center;\">Ch\u00e2teau de Ferme de Chassagne, <strong>Fauvernay<\/strong><\/p>\n<p>Das Ch\u00e2teau wurde von einer wohlhabenden Familie aus Dijon errichtet und stammt aus dem fr\u00fchen 19. Jahrhundert. Im Internet gibt es kein Hinweis auf einen Templerbezug des Anwesens.<\/p>\n<p><a href=\"http:\/\/menzendorff.de\/wp-content\/uploads\/2018\/05\/DSC_0272.jpg\"><img loading=\"lazy\" class=\"alignright size-large wp-image-2103\" src=\"http:\/\/menzendorff.de\/wp-content\/uploads\/2018\/05\/DSC_0272-1024x683.jpg\" alt=\"\" width=\"625\" height=\"417\" srcset=\"http:\/\/menzendorff.de\/wp-content\/uploads\/2018\/05\/DSC_0272.jpg 1024w, http:\/\/menzendorff.de\/wp-content\/uploads\/2018\/05\/DSC_0272-300x200.jpg 300w, http:\/\/menzendorff.de\/wp-content\/uploads\/2018\/05\/DSC_0272-768x512.jpg 768w, http:\/\/menzendorff.de\/wp-content\/uploads\/2018\/05\/DSC_0272-624x416.jpg 624w\" sizes=\"(max-width: 625px) 100vw, 625px\" \/><\/a><\/p>\n<p>In dem Anwesen ist jetzt die Mairie untergebracht und die Lokalit\u00e4t l\u00e4\u00dft sich mieten.<\/p>\n<p><a href=\"http:\/\/menzendorff.de\/wp-content\/uploads\/2018\/05\/DSC_0278.jpg\"><img loading=\"lazy\" class=\"alignright size-large wp-image-2105\" src=\"http:\/\/menzendorff.de\/wp-content\/uploads\/2018\/05\/DSC_0278-1024x683.jpg\" alt=\"\" width=\"625\" height=\"417\" srcset=\"http:\/\/menzendorff.de\/wp-content\/uploads\/2018\/05\/DSC_0278.jpg 1024w, http:\/\/menzendorff.de\/wp-content\/uploads\/2018\/05\/DSC_0278-300x200.jpg 300w, http:\/\/menzendorff.de\/wp-content\/uploads\/2018\/05\/DSC_0278-768x512.jpg 768w, http:\/\/menzendorff.de\/wp-content\/uploads\/2018\/05\/DSC_0278-624x416.jpg 624w\" sizes=\"(max-width: 625px) 100vw, 625px\" \/><\/a><\/p>\n<p>Der Ort Fauverney liegt an der Ouche. Aber auch die Tille ist hier ganz nah, in Spaziergangdistanz. Beide Fl\u00fcsse sind auch hier mit Treidelpfaden ges\u00e4umt. F\u00fcr eine Templerpr\u00e4senz habe ich keine Hinweise entdecken k\u00f6nnen. Es ist jedoch nicht ausgeschlossen, dass das Schloss an der Stelle einer fr\u00fcheren Templerei errichtet wurde. Auch hier sind Teiche in der N\u00e4he der Ferme.<\/p>\n<h2>3.3 Ruffey-l\u00e8s-Echirey<\/h2>\n<p>Das n\u00e4chste Ziel auf der Liste sollte sich als das geheimnisvollste erweisen. Weder in der Literatur noch im Internet war viel \u00fcber die Templerpr\u00e4senz in Erfahrung zu bringen. Bei <a href=\"http:\/\/templarii3m.free.fr\/doc_templiers_cote_d_or.htm\" target=\"_blank\" rel=\"noopener\">TEMPLARII<\/a> gab es einen kurzen Eintrag und auch bei <a href=\"http:\/\/templarii3m.free.fr\/doc_templiers_cote_d_or.htm\" target=\"_blank\" rel=\"noopener\">Templiers.net<\/a>. Aubarbier erw\u00e4hnt diesen St\u00fctzpunkt, Marie Delfine nicht. Die Kirche im Ort war modern. Sonst war auf dem Stadtplan vor der Marie nichts als Sehensw\u00fcrdigkeit beschrieben, das etwas mit dem Orden zu tun haben k\u00f6nnte. Allerdings entdeckte ich an der s\u00fcdwestlichen Ecke der Bebauung eine Sackgasse mit dem Namen Cour du Ch\u00e2teau. Merkw\u00fcrdigerweise gab es keinen Hinweis, dass das eine Touristenattraktion w\u00e4re, was man sonst bei Schl\u00f6ssern doch erwarten durfte. Ich vermutete deshalb, dass es sich hier um Privatbesitz handelt. Umso besser! Da musste ich nat\u00fcrlich sofort hin.<\/p>\n<p><a href=\"http:\/\/menzendorff.de\/wp-content\/uploads\/2018\/05\/DSC_0296.jpg\"><img loading=\"lazy\" class=\"alignright size-full wp-image-2108\" src=\"http:\/\/menzendorff.de\/wp-content\/uploads\/2018\/05\/DSC_0296.jpg\" alt=\"\" width=\"978\" height=\"768\" srcset=\"http:\/\/menzendorff.de\/wp-content\/uploads\/2018\/05\/DSC_0296.jpg 978w, http:\/\/menzendorff.de\/wp-content\/uploads\/2018\/05\/DSC_0296-300x236.jpg 300w, http:\/\/menzendorff.de\/wp-content\/uploads\/2018\/05\/DSC_0296-768x603.jpg 768w, http:\/\/menzendorff.de\/wp-content\/uploads\/2018\/05\/DSC_0296-624x490.jpg 624w\" sizes=\"(max-width: 978px) 100vw, 978px\" \/><\/a><\/p>\n<p>Ich stellte meinen Wagen also noch im Bereich der Kreuzung ab und \u00f6ffnete die T\u00fcr, als schon von allen Seiten Hundegebell ert\u00f6nte. Ich habe nichts gegen Hunde, also lief ich ein paar Schritte in diese Sackgasse hinein. Rechts und links der Gasse waren Wohnh\u00e4user und im Hintergrund konnte man ein Geh\u00f6ft erahnen. Bis dahin kam ich aber nicht. Mein Versuch, das Schild &#8222;defense d&#8217;entrer absolument&#8220; geflissentlich zu ignorieren, weil ich mit deutschem Nummernschild schliesslich weitgehende Sprachunkenntnis vort\u00e4uschen k\u00f6nnte, verfing leider nicht. Eine resolute Dame verlie\u00df ihren Vorgarten und kam auf mich zu. Es sei nicht gestattet, weiterzugehen und zwar unter keinen Umst\u00e4nden. Es f\u00fchlte sich an, als w\u00e4re ich hier in ein &#8222;F\u00fcnf Freunde Abenteuer&#8220; von Enid Blyton hieingeraten&#8230;. \ud83d\ude42<\/p>\n<p>Nun gut, deshalb hatte ich mir &#8211; ganz cool &#8211; einen Plan B zurecht gelegt. Ich schlich mich also aus dem Ort hinaus und von drau\u00dfen gelangen mir dann die Aufnahmen, die ich brauchte:<\/p>\n<p><a href=\"http:\/\/menzendorff.de\/wp-content\/uploads\/2018\/05\/8-Ruffey-l\u00e8s-E.jpg\"><img loading=\"lazy\" class=\"alignright size-large wp-image-2064\" src=\"http:\/\/menzendorff.de\/wp-content\/uploads\/2018\/05\/8-Ruffey-l\u00e8s-E-1024x683.jpg\" alt=\"\" width=\"625\" height=\"417\" srcset=\"http:\/\/menzendorff.de\/wp-content\/uploads\/2018\/05\/8-Ruffey-l\u00e8s-E.jpg 1024w, http:\/\/menzendorff.de\/wp-content\/uploads\/2018\/05\/8-Ruffey-l\u00e8s-E-300x200.jpg 300w, http:\/\/menzendorff.de\/wp-content\/uploads\/2018\/05\/8-Ruffey-l\u00e8s-E-768x512.jpg 768w, http:\/\/menzendorff.de\/wp-content\/uploads\/2018\/05\/8-Ruffey-l\u00e8s-E-624x416.jpg 624w\" sizes=\"(max-width: 625px) 100vw, 625px\" \/><\/a><\/p>\n<p style=\"text-align: center;\">Ch\u00e2teau de <strong>Ruffey-l\u00e8s-Echirey<\/strong><\/p>\n<p>Das Ch\u00e2teau ist aus dem 16. Jahrhundert. Es war vor Ort nicht in Erfahrung zu bringen, was es damit auf sich hat.<\/p>\n<h2>3.4 Til-Ch\u00e2tel<\/h2>\n<p>Til-Ch\u00e2tel ist selbst kein Templerort. Die Kirche ist aber sehr beeindruckend. Der Bau begann 1116 auf Betreiben des Erzbischofes Guy de Vienne (<a href=\"http:\/\/www.til-chatel.fr\/l-eglise-saint-florent\" target=\"_blank\" rel=\"noopener\">Webseite der Stadt Til-Ch\u00e2tel<\/a>).<\/p>\n<p><a href=\"http:\/\/menzendorff.de\/wp-content\/uploads\/2018\/05\/11-Til-Chatel.jpg\"><img loading=\"lazy\" class=\"alignright size-large wp-image-2067\" src=\"http:\/\/menzendorff.de\/wp-content\/uploads\/2018\/05\/11-Til-Chatel-1024x683.jpg\" alt=\"\" width=\"625\" height=\"417\" srcset=\"http:\/\/menzendorff.de\/wp-content\/uploads\/2018\/05\/11-Til-Chatel.jpg 1024w, http:\/\/menzendorff.de\/wp-content\/uploads\/2018\/05\/11-Til-Chatel-300x200.jpg 300w, http:\/\/menzendorff.de\/wp-content\/uploads\/2018\/05\/11-Til-Chatel-768x512.jpg 768w, http:\/\/menzendorff.de\/wp-content\/uploads\/2018\/05\/11-Til-Chatel-624x416.jpg 624w\" sizes=\"(max-width: 625px) 100vw, 625px\" \/><\/a><\/p>\n<p style=\"text-align: center;\">Saint-Florent-et-Saint-Honor\u00e9 in Til-Ch\u00e2tel<\/p>\n<p><a href=\"http:\/\/menzendorff.de\/wp-content\/uploads\/2018\/05\/12-Til-Chatel.jpg\"><img loading=\"lazy\" class=\"alignright size-large wp-image-2068\" src=\"http:\/\/menzendorff.de\/wp-content\/uploads\/2018\/05\/12-Til-Chatel-1024x683.jpg\" alt=\"\" width=\"625\" height=\"417\" srcset=\"http:\/\/menzendorff.de\/wp-content\/uploads\/2018\/05\/12-Til-Chatel.jpg 1024w, http:\/\/menzendorff.de\/wp-content\/uploads\/2018\/05\/12-Til-Chatel-300x200.jpg 300w, http:\/\/menzendorff.de\/wp-content\/uploads\/2018\/05\/12-Til-Chatel-768x512.jpg 768w, http:\/\/menzendorff.de\/wp-content\/uploads\/2018\/05\/12-Til-Chatel-624x416.jpg 624w\" sizes=\"(max-width: 625px) 100vw, 625px\" \/><\/a><\/p>\n<p>Zahlreiche W\u00fcrdentr\u00e4ger der Commanderie Fontenotte aus dem Hause derer von Til-Ch\u00e2tel sind hier begraben und es zeugen erstaunlich gut erhaltene Grabplatten von ihrem Wirken (n\u00e4heres bei <a href=\"https:\/\/www.geocaching.com\/geocache\/GC6GT75_tttil-sur-la-trace-des-templiers-til-chatel?guid=559c6c73-63d7-4431-96d0-75c37cef61a3\" target=\"_blank\" rel=\"noopener\">Geocaching<\/a>).<\/p>\n<h2>3.5\u00a0 Villey-sur-Tille<\/h2>\n<p>\u00dcber einen Templerbezug dieses Ortes habe ich nur einen Hinweis bei Aubarbier entdeckt. Delfine Marie schweigt. Und das Internet auch. Selbst bei Templiers.net fand ich nichts. Im Ort\u00a0 gibt es ein Ch\u00e2teau. Man hat kaum Einsichtsm\u00f6glichkeiten. Es l\u00e4\u00dft sich von aussen jedenfalls einen &#8222;pigeonnier&#8220;, einen Taubenturm, ausmachen. Da knistert es schon verd\u00e4chtig, denn viele Templereien hatten einen solchen Taubenturm. Aber andere Gutsherren sicher auch.<\/p>\n<p><a href=\"http:\/\/menzendorff.de\/wp-content\/uploads\/2018\/05\/9-Villey-sur-Tille.jpg\"><img loading=\"lazy\" class=\"alignright size-large wp-image-2065\" src=\"http:\/\/menzendorff.de\/wp-content\/uploads\/2018\/05\/9-Villey-sur-Tille-1024x683.jpg\" alt=\"\" width=\"625\" height=\"417\" srcset=\"http:\/\/menzendorff.de\/wp-content\/uploads\/2018\/05\/9-Villey-sur-Tille.jpg 1024w, http:\/\/menzendorff.de\/wp-content\/uploads\/2018\/05\/9-Villey-sur-Tille-300x200.jpg 300w, http:\/\/menzendorff.de\/wp-content\/uploads\/2018\/05\/9-Villey-sur-Tille-768x512.jpg 768w, http:\/\/menzendorff.de\/wp-content\/uploads\/2018\/05\/9-Villey-sur-Tille-624x416.jpg 624w\" sizes=\"(max-width: 625px) 100vw, 625px\" \/><\/a><\/p>\n<p style=\"text-align: center;\">Im <a href=\"http:\/\/lb.geoview.info\/21_villeysurtille_pigeonnier_permigny,46285127p\" target=\"_blank\" rel=\"noopener\">Internet<\/a> konnte ich erfahren, dass dieser Turm &#8222;Pigeonnier Permigny&#8220; heissen soll.<\/p>\n<p>Die Rampe hinab zur Tille war interessant. Sie ware breit genug, dass man sich h\u00e4tte vorstellen k\u00f6nnen, dass dort K\u00e4hne oder Lasten h\u00e4tten hochgezogen werden k\u00f6nnen. Die Tille ist aber da unten keinen Meter breit und recht steil, d.h. f\u00fcr Wasserfahrzeuge aller Art definitiv ungeeignet. Als M\u00fchlbach h\u00e4tte sie wohl dort eingesetzt werden k\u00f6nnen. Ich sah einige Vorrichtungen, die darauf schliessen lassen.<\/p>\n<p><a href=\"http:\/\/menzendorff.de\/wp-content\/uploads\/2018\/05\/10-Villey-sur-Tille.jpg\"><img loading=\"lazy\" class=\"alignright size-large wp-image-2066\" src=\"http:\/\/menzendorff.de\/wp-content\/uploads\/2018\/05\/10-Villey-sur-Tille-1024x683.jpg\" alt=\"\" width=\"625\" height=\"417\" srcset=\"http:\/\/menzendorff.de\/wp-content\/uploads\/2018\/05\/10-Villey-sur-Tille.jpg 1024w, http:\/\/menzendorff.de\/wp-content\/uploads\/2018\/05\/10-Villey-sur-Tille-300x200.jpg 300w, http:\/\/menzendorff.de\/wp-content\/uploads\/2018\/05\/10-Villey-sur-Tille-768x512.jpg 768w, http:\/\/menzendorff.de\/wp-content\/uploads\/2018\/05\/10-Villey-sur-Tille-624x416.jpg 624w\" sizes=\"(max-width: 625px) 100vw, 625px\" \/><\/a><\/p>\n<p style=\"text-align: center;\">Ch\u00e2teau de Villey-sur-Tille<\/p>\n<p>Fazit: Es gab keinen Anla\u00df, diesen Ort noch l\u00e4nger auf der Templerliste stehen zu lassen. Da Aubarbier auch keine Fundstellen f\u00fcr seine Behauptungen angibt, bleibt mir derzeit nichts anders \u00fcbrig.<\/p>\n<p>Weiteres Ergebnis: Es gibt insgesamt nicht gen\u00fcgend Beweise f\u00fcr die Annahme, es g\u00e4be eine &#8222;Templerstrecke entlang einer Tille-Route&#8220;. Die ausgewiesenen Templerorte sind der Ouche n\u00e4her als der Tille.<\/p>\n<h2>3.6 Leuglay<\/h2>\n<p>Dass diese Kirche einst von den Templern erbaut wurde, bestreitet niemand. Sie zeigt sich allerdings in ihrem derzeitigen Zustand als Werk der Johanniter aus dem Jahr 1554. Wer sich f\u00fcr die zum Teil erstaunlichen &#8222;Innereien&#8220; der Kirche interessiert, dem sei dieser <a href=\"http:\/\/www.christaldesaintmarc.com\/l-eglise-de-leuglay-c172506\" target=\"_blank\" rel=\"noopener\">Link<\/a> empfohlen.<\/p>\n<p><a href=\"http:\/\/menzendorff.de\/wp-content\/uploads\/2018\/05\/13-Leuglay.jpg\"><img loading=\"lazy\" class=\"alignright size-large wp-image-2069\" src=\"http:\/\/menzendorff.de\/wp-content\/uploads\/2018\/05\/13-Leuglay-1024x683.jpg\" alt=\"\" width=\"625\" height=\"417\" srcset=\"http:\/\/menzendorff.de\/wp-content\/uploads\/2018\/05\/13-Leuglay.jpg 1024w, http:\/\/menzendorff.de\/wp-content\/uploads\/2018\/05\/13-Leuglay-300x200.jpg 300w, http:\/\/menzendorff.de\/wp-content\/uploads\/2018\/05\/13-Leuglay-768x512.jpg 768w, http:\/\/menzendorff.de\/wp-content\/uploads\/2018\/05\/13-Leuglay-624x416.jpg 624w\" sizes=\"(max-width: 625px) 100vw, 625px\" \/><\/a><\/p>\n<p>Als ich den Ort besuchte, war die Kirche verschlossen und ich hatte noch zuviel auf dem Programm, um mich nach dem Schl\u00fcssel zu erkundigen. Allen Liebhabern der Innerr\u00e4ume von Kirchen sei gesagt, dass es in Frankreich immer einen Nachbar gibt, der einem helfen w\u00fcrde, den Besitzer des Schl\u00fcssels zu kontaktieren, wenn man nur freundlich genug fragt. Mir hat es bisher immer die Seelen der Leute aufgeschlossen, wenn ich gesagt hatte, ich w\u00e4re x-hundert Kilometer gefahren, um diese oder jene Kirche zu besuchen. Man mu\u00df wohl wenigstens etwas franz\u00f6sisch beherrschen, um festzustellen, dass sich hinter der reservierten H\u00f6flichkeit der Franzosen eine Art unaufdringliche Gastfreundschaft und Hilfsbereitschaft verbirgt, die man nicht erlangt, wenn man einfach in seiner eigenen Sprache drauflos spricht. Wer mag das schon&#8230; :). (Gut, ich gebe zu, in Ruffey-l\u00e8s-Echirey hat mein Trick NICHT geklappt \ud83d\ude42<\/p>\n<p><a href=\"http:\/\/menzendorff.de\/wp-content\/uploads\/2018\/05\/14-Leuglay.jpg\"><img loading=\"lazy\" class=\"alignright size-large wp-image-2070\" src=\"http:\/\/menzendorff.de\/wp-content\/uploads\/2018\/05\/14-Leuglay-1024x683.jpg\" alt=\"\" width=\"625\" height=\"417\" srcset=\"http:\/\/menzendorff.de\/wp-content\/uploads\/2018\/05\/14-Leuglay.jpg 1024w, http:\/\/menzendorff.de\/wp-content\/uploads\/2018\/05\/14-Leuglay-300x200.jpg 300w, http:\/\/menzendorff.de\/wp-content\/uploads\/2018\/05\/14-Leuglay-768x512.jpg 768w, http:\/\/menzendorff.de\/wp-content\/uploads\/2018\/05\/14-Leuglay-624x416.jpg 624w\" sizes=\"(max-width: 625px) 100vw, 625px\" \/><\/a><\/p>\n<p style=\"text-align: center;\">Westfassade der Johanniterkapelle von Leuglay<\/p>\n<h1>4 Champagne<\/h1>\n<p>Vom n\u00f6rdlichen Burgund war es nicht mehr weit zu meinem n\u00e4chsten Etappenziel in der Champagne, wo ich auch \u00fcbernachten wollte. Und es zog mich eher nicht zuf\u00e4llig wieder in mein Lieblingshotel Le Tadorne in Piney am Lac du Temple.<\/p>\n<p><a href=\"http:\/\/menzendorff.de\/wp-content\/uploads\/2018\/05\/DSC_0379.jpg\"><img loading=\"lazy\" class=\"alignright size-large wp-image-2122\" src=\"http:\/\/menzendorff.de\/wp-content\/uploads\/2018\/05\/DSC_0379-1024x683.jpg\" alt=\"\" width=\"625\" height=\"417\" srcset=\"http:\/\/menzendorff.de\/wp-content\/uploads\/2018\/05\/DSC_0379.jpg 1024w, http:\/\/menzendorff.de\/wp-content\/uploads\/2018\/05\/DSC_0379-300x200.jpg 300w, http:\/\/menzendorff.de\/wp-content\/uploads\/2018\/05\/DSC_0379-768x512.jpg 768w, http:\/\/menzendorff.de\/wp-content\/uploads\/2018\/05\/DSC_0379-624x416.jpg 624w\" sizes=\"(max-width: 625px) 100vw, 625px\" \/><\/a><\/p>\n<p style=\"text-align: center;\">Hotel Le Tadorne, <strong>10220 Piney<\/strong><\/p>\n<p>In meinem <a href=\"http:\/\/menzendorff.de\/?p=1398\" target=\"_blank\" rel=\"noopener\">Bericht<\/a> \u00fcber den letzten Aufenthalt in dieser Gegend im Februar 2017 konnte ich nur einen kurzen Hinweis auf die sehr zahlreichen <em>fermes<\/em> der Templer in n\u00e4herer Umgebung der Gemeinde Piney unterbringen. F\u00fcr dieses mal hatte ich mir vorgenommen, wenigstens die ersten vier Geh\u00f6fte einmal selbst aufzuzuchen.<\/p>\n<p><a href=\"http:\/\/menzendorff.de\/wp-content\/uploads\/2018\/05\/Screenshot-2018-05-15-20.47.36.png\"><img loading=\"lazy\" class=\"alignright size-full wp-image-2123\" src=\"http:\/\/menzendorff.de\/wp-content\/uploads\/2018\/05\/Screenshot-2018-05-15-20.47.36.png\" alt=\"\" width=\"838\" height=\"570\" srcset=\"http:\/\/menzendorff.de\/wp-content\/uploads\/2018\/05\/Screenshot-2018-05-15-20.47.36.png 838w, http:\/\/menzendorff.de\/wp-content\/uploads\/2018\/05\/Screenshot-2018-05-15-20.47.36-300x204.png 300w, http:\/\/menzendorff.de\/wp-content\/uploads\/2018\/05\/Screenshot-2018-05-15-20.47.36-768x522.png 768w, http:\/\/menzendorff.de\/wp-content\/uploads\/2018\/05\/Screenshot-2018-05-15-20.47.36-624x424.png 624w\" sizes=\"(max-width: 838px) 100vw, 838px\" \/><\/a><\/p>\n<p style=\"text-align: center;\">copyright Templiers.net<\/p>\n<p><a href=\"http:\/\/menzendorff.de\/wp-content\/uploads\/2018\/01\/Bonlieu2.jpg\"><img loading=\"lazy\" class=\"alignright size-large wp-image-1450\" src=\"http:\/\/menzendorff.de\/wp-content\/uploads\/2018\/01\/Bonlieu2-1024x709.jpg\" alt=\"\" width=\"625\" height=\"433\" srcset=\"http:\/\/menzendorff.de\/wp-content\/uploads\/2018\/01\/Bonlieu2.jpg 1024w, http:\/\/menzendorff.de\/wp-content\/uploads\/2018\/01\/Bonlieu2-300x208.jpg 300w, http:\/\/menzendorff.de\/wp-content\/uploads\/2018\/01\/Bonlieu2-768x532.jpg 768w, http:\/\/menzendorff.de\/wp-content\/uploads\/2018\/01\/Bonlieu2-624x432.jpg 624w\" sizes=\"(max-width: 625px) 100vw, 625px\" \/><\/a><\/p>\n<p style=\"text-align: center;\">copyright Google maps<\/p>\n<p>An der westlichen Strasse unterhalb von Piney, der D1, trifft man zun\u00e4chst nach wenigen Kilometern auf die Ferme de Bonlieu.<\/p>\n<h2>4.1 Bonlieu<\/h2>\n<p>Der Name aus der Templerzeit wird heute noch f\u00fcr diesen Landwirtschaftsbetrieb fortgef\u00fchrt. Geb\u00e4ude aus der Templerzeit (oder Reste davon), waren von der Strasse aus nicht auszumachen und sind recht unwahrscheinlich.<\/p>\n<p><a href=\"http:\/\/menzendorff.de\/wp-content\/uploads\/2018\/05\/15-Bonlieu.jpg\"><img loading=\"lazy\" class=\"alignright size-large wp-image-2071\" src=\"http:\/\/menzendorff.de\/wp-content\/uploads\/2018\/05\/15-Bonlieu-1024x683.jpg\" alt=\"\" width=\"625\" height=\"417\" srcset=\"http:\/\/menzendorff.de\/wp-content\/uploads\/2018\/05\/15-Bonlieu.jpg 1024w, http:\/\/menzendorff.de\/wp-content\/uploads\/2018\/05\/15-Bonlieu-300x200.jpg 300w, http:\/\/menzendorff.de\/wp-content\/uploads\/2018\/05\/15-Bonlieu-768x512.jpg 768w, http:\/\/menzendorff.de\/wp-content\/uploads\/2018\/05\/15-Bonlieu-624x416.jpg 624w\" sizes=\"(max-width: 625px) 100vw, 625px\" \/><\/a><\/p>\n<p style=\"text-align: center;\">Ferme de Bonlieu, <strong>10220 Piney<\/strong><\/p>\n<h2>4.2 l&#8217;H\u00f4piteau<\/h2>\n<p>Nur wenige hundert Meter weiter s\u00fcdlich und auf der gegen\u00fcberliegenden Seite der D1 fand ich m\u00fchelos die ehemalige Commanderie du Temple de l&#8217;Hopiteau, ebenfalls ein modernisierter Landwirtschaftsbetrieb.<\/p>\n<p><a href=\"http:\/\/menzendorff.de\/wp-content\/uploads\/2018\/05\/16-lH\u00f4piteau.jpg\"><img loading=\"lazy\" class=\"alignright size-large wp-image-2073\" src=\"http:\/\/menzendorff.de\/wp-content\/uploads\/2018\/05\/16-lH\u00f4piteau-1024x683.jpg\" alt=\"\" width=\"625\" height=\"417\" srcset=\"http:\/\/menzendorff.de\/wp-content\/uploads\/2018\/05\/16-lH\u00f4piteau.jpg 1024w, http:\/\/menzendorff.de\/wp-content\/uploads\/2018\/05\/16-lH\u00f4piteau-300x200.jpg 300w, http:\/\/menzendorff.de\/wp-content\/uploads\/2018\/05\/16-lH\u00f4piteau-768x512.jpg 768w, http:\/\/menzendorff.de\/wp-content\/uploads\/2018\/05\/16-lH\u00f4piteau-624x416.jpg 624w\" sizes=\"(max-width: 625px) 100vw, 625px\" \/><\/a><\/p>\n<p style=\"text-align: left;\">Hier gab es etwas \u00e4ltere Bauten zu sehen, aber diese sind wohl auch nicht aus der Templerzeit.<\/p>\n<p><a href=\"http:\/\/menzendorff.de\/wp-content\/uploads\/2018\/05\/16-lHopiteau.jpg\"><img loading=\"lazy\" class=\"alignright size-large wp-image-2072\" src=\"http:\/\/menzendorff.de\/wp-content\/uploads\/2018\/05\/16-lHopiteau-1024x750.jpg\" alt=\"\" width=\"625\" height=\"458\" srcset=\"http:\/\/menzendorff.de\/wp-content\/uploads\/2018\/05\/16-lHopiteau.jpg 1024w, http:\/\/menzendorff.de\/wp-content\/uploads\/2018\/05\/16-lHopiteau-300x220.jpg 300w, http:\/\/menzendorff.de\/wp-content\/uploads\/2018\/05\/16-lHopiteau-768x563.jpg 768w, http:\/\/menzendorff.de\/wp-content\/uploads\/2018\/05\/16-lHopiteau-624x457.jpg 624w\" sizes=\"(max-width: 625px) 100vw, 625px\" \/><\/a><\/p>\n<p style=\"text-align: center;\">Das Hinweisschild am Eingang l\u00e4\u00dft keinen Zweifel, dass ich das Ziel gefunden hatte<\/p>\n<h2>4.3 La Loge Madame<\/h2>\n<p>An der \u00f6stlichen Strasse D79 lagen in diesem Bereich zwei ehemalige Templerfarmen<a href=\"http:\/\/menzendorff.de\/wp-content\/uploads\/2018\/05\/17-La-Loge-Madame.jpg\"><img loading=\"lazy\" class=\"alignright size-large wp-image-2074\" src=\"http:\/\/menzendorff.de\/wp-content\/uploads\/2018\/05\/17-La-Loge-Madame-1024x683.jpg\" alt=\"\" width=\"625\" height=\"417\" srcset=\"http:\/\/menzendorff.de\/wp-content\/uploads\/2018\/05\/17-La-Loge-Madame.jpg 1024w, http:\/\/menzendorff.de\/wp-content\/uploads\/2018\/05\/17-La-Loge-Madame-300x200.jpg 300w, http:\/\/menzendorff.de\/wp-content\/uploads\/2018\/05\/17-La-Loge-Madame-768x512.jpg 768w, http:\/\/menzendorff.de\/wp-content\/uploads\/2018\/05\/17-La-Loge-Madame-624x416.jpg 624w\" sizes=\"(max-width: 625px) 100vw, 625px\" \/><\/a><\/p>\n<p style=\"text-align: center;\">ferme de La Loge Madame, <strong>10220 <\/strong><strong>Piney<\/strong><\/p>\n<h2>4.4 Maurepaire<\/h2>\n<p>und wieder ein paar hundert Meter s\u00fcdlich diese hier:<\/p>\n<p><a href=\"http:\/\/menzendorff.de\/wp-content\/uploads\/2018\/05\/18-Maurepaire.jpg\"><img loading=\"lazy\" class=\"alignright size-large wp-image-2075\" src=\"http:\/\/menzendorff.de\/wp-content\/uploads\/2018\/05\/18-Maurepaire-1024x683.jpg\" alt=\"\" width=\"625\" height=\"417\" srcset=\"http:\/\/menzendorff.de\/wp-content\/uploads\/2018\/05\/18-Maurepaire.jpg 1024w, http:\/\/menzendorff.de\/wp-content\/uploads\/2018\/05\/18-Maurepaire-300x200.jpg 300w, http:\/\/menzendorff.de\/wp-content\/uploads\/2018\/05\/18-Maurepaire-768x512.jpg 768w, http:\/\/menzendorff.de\/wp-content\/uploads\/2018\/05\/18-Maurepaire-624x416.jpg 624w\" sizes=\"(max-width: 625px) 100vw, 625px\" \/><\/a><\/p>\n<p style=\"text-align: center;\">ferme de La Maurepaire,<strong> 10220 Piney<\/strong><\/p>\n<p>Es gab keine Veranlassung, die Betriebe zu betreten. Man konnte auch aus der Distanz gut erkennen, dass auf keinem der Anwesen Reste einer Kapelle vorhanden waren und die Zweckbauten waren s\u00e4mtlich auch aus der Distanz als modern zu erkennen. Ich wollte die Privatsph\u00e4re der Bewohner nicht st\u00f6ren und machte mich auf den R\u00fcckweg, auf dem auch\u00a0 das letzte Etappenziel dieser Reise lag.<\/p>\n<h1>5 Lothringen: Bazoilles-sur-Meuse<\/h1>\n<p>Diesen Ort hatte ich mir ausgesucht, weil er auf der Via Agrippa von Chalon-sur-Sa\u00f4ne nach Metz liegt und von manchen Quellen (etwa Aubarbier, S. 52) als Templerort bezeichnet wird. Das ist allerdings nicht unumstritten. Bei Templiers.net findet sich kein Eintrag. Die Seite <a href=\"https:\/\/www.dropbox.com\/s\/uqf589nms4x9o7r\/Screenshot%202018-06-02%2017.47.26.png?dl=0\" target=\"_blank\" rel=\"noopener\">Templarii<\/a> enth\u00e4lt einen etwas kryptischen Eintrag, der Templerpr\u00e4senz andeutet. F\u00fcr diese Annahme scheint auch der Umstand zu sprechen, dass die Via Agrippa auch im \u00fcberigen sehr dicht und auffallend regelm\u00e4ssig Templerorte passiert. Von <strong>Metz<\/strong> sind es 60 Km nach <strong>Libdeau<\/strong> bei Toul. Von dort wiederum ist <strong>Bazoilles-sur-Meuse <\/strong>ebenfalls 60 km entfernt und in weiteren 60 Km liegt die Bischofs- und Templerstadt <strong>Langres:<\/strong><\/p>\n<p><a href=\"http:\/\/menzendorff.de\/wp-content\/uploads\/2018\/05\/Screenshot-2018-06-02-17.47.26.png\"><img loading=\"lazy\" class=\"alignright size-full wp-image-2129\" src=\"http:\/\/menzendorff.de\/wp-content\/uploads\/2018\/05\/Screenshot-2018-06-02-17.47.26.png\" alt=\"\" width=\"663\" height=\"824\" srcset=\"http:\/\/menzendorff.de\/wp-content\/uploads\/2018\/05\/Screenshot-2018-06-02-17.47.26.png 663w, http:\/\/menzendorff.de\/wp-content\/uploads\/2018\/05\/Screenshot-2018-06-02-17.47.26-241x300.png 241w, http:\/\/menzendorff.de\/wp-content\/uploads\/2018\/05\/Screenshot-2018-06-02-17.47.26-624x776.png 624w\" sizes=\"(max-width: 663px) 100vw, 663px\" \/><\/a><\/p>\n<p>Es sprach also genug daf\u00fcr, diesem Ort einen Besuch abzustatten, zumal sich dort eine Kirche aus dem 12. Jahrhundert\u00a0 befindet.<\/p>\n<p><a href=\"http:\/\/menzendorff.de\/wp-content\/uploads\/2018\/05\/20-Baz.jpg\"><img loading=\"lazy\" class=\"alignright size-large wp-image-2077\" src=\"http:\/\/menzendorff.de\/wp-content\/uploads\/2018\/05\/20-Baz-1024x683.jpg\" alt=\"\" width=\"625\" height=\"417\" srcset=\"http:\/\/menzendorff.de\/wp-content\/uploads\/2018\/05\/20-Baz.jpg 1024w, http:\/\/menzendorff.de\/wp-content\/uploads\/2018\/05\/20-Baz-300x200.jpg 300w, http:\/\/menzendorff.de\/wp-content\/uploads\/2018\/05\/20-Baz-768x512.jpg 768w, http:\/\/menzendorff.de\/wp-content\/uploads\/2018\/05\/20-Baz-624x416.jpg 624w\" sizes=\"(max-width: 625px) 100vw, 625px\" \/><\/a><\/p>\n<p style=\"text-align: center;\">\u00c9glise Saint-Martin, <strong>88300 Bazoilles-sur-Meuse<\/strong><\/p>\n<p>Der Schutzheilige dieser Kirche ist \u00fcber einem Seitenportal mit einem kleinen Reiterstandbild verewigt.<\/p>\n<p style=\"text-align: left;\"><a href=\"http:\/\/menzendorff.de\/wp-content\/uploads\/2018\/05\/DSC_0426.jpg\"><img loading=\"lazy\" class=\"alignright size-large wp-image-2133\" src=\"http:\/\/menzendorff.de\/wp-content\/uploads\/2018\/05\/DSC_0426-1024x683.jpg\" alt=\"\" width=\"625\" height=\"417\" srcset=\"http:\/\/menzendorff.de\/wp-content\/uploads\/2018\/05\/DSC_0426.jpg 1024w, http:\/\/menzendorff.de\/wp-content\/uploads\/2018\/05\/DSC_0426-300x200.jpg 300w, http:\/\/menzendorff.de\/wp-content\/uploads\/2018\/05\/DSC_0426-768x512.jpg 768w, http:\/\/menzendorff.de\/wp-content\/uploads\/2018\/05\/DSC_0426-624x416.jpg 624w\" sizes=\"(max-width: 625px) 100vw, 625px\" \/><\/a><\/p>\n<p style=\"text-align: center;\">St. Martin, Bazoilles-sur-Meuse<\/p>\n<p>Allerdings spricht einiges daf\u00fcr, dass diese Kirche nicht den Templern, sondern dem Deutschen Orden geh\u00f6rt hat. Da\u00df der Deutsche Orden hier im Ort tats\u00e4chlich beg\u00fctert war, ist durch Dokumente beweisbar:<\/p>\n<p style=\"text-align: center;\"><a href=\"http:\/\/menzendorff.de\/wp-content\/uploads\/2018\/05\/Bazoilles.png\"><img loading=\"lazy\" class=\"size-full wp-image-2135 aligncenter\" src=\"http:\/\/menzendorff.de\/wp-content\/uploads\/2018\/05\/Bazoilles.png\" alt=\"\" width=\"520\" height=\"142\" srcset=\"http:\/\/menzendorff.de\/wp-content\/uploads\/2018\/05\/Bazoilles.png 520w, http:\/\/menzendorff.de\/wp-content\/uploads\/2018\/05\/Bazoilles-300x82.png 300w\" sizes=\"(max-width: 520px) 100vw, 520px\" \/><\/a>Aus Henri d&#8217;Arbois de Jubainville, L&#8217;Ordre teutonique en France, 1871 S. 67<\/p>\n<p>Vor allem aber dieses Detail auf dem Seitenfenster an der S\u00fcdfassade scheint zu best\u00e4tigen, da\u00df wir es hier mit einer Kirche des deutschen Ordens zu tun haben.<\/p>\n<p><a href=\"http:\/\/menzendorff.de\/wp-content\/uploads\/2018\/05\/DSC_0415.jpg\"><img loading=\"lazy\" class=\"alignright size-large wp-image-2141\" src=\"http:\/\/menzendorff.de\/wp-content\/uploads\/2018\/05\/DSC_0415-1024x633.jpg\" alt=\"\" width=\"625\" height=\"386\" srcset=\"http:\/\/menzendorff.de\/wp-content\/uploads\/2018\/05\/DSC_0415.jpg 1024w, http:\/\/menzendorff.de\/wp-content\/uploads\/2018\/05\/DSC_0415-300x185.jpg 300w, http:\/\/menzendorff.de\/wp-content\/uploads\/2018\/05\/DSC_0415-768x475.jpg 768w, http:\/\/menzendorff.de\/wp-content\/uploads\/2018\/05\/DSC_0415-624x386.jpg 624w\" sizes=\"(max-width: 625px) 100vw, 625px\" \/><\/a><\/p>\n<p>Die gro\u00dfe Marienfigur ist mehr als typisch f\u00fcr die Marienritter (vgl. Kommende Frankfurt, Kommende Kaysersberg). Viele Deutschordensburgen heissen Marienburg (Malborg) oder \u00e4hnlich. Mergentheim ist altfr\u00e4nkisch f\u00fcr Marienheim. Ausserdem haben die Templer viel seltener Gemeindekirchen als die Johanniter oder Deutschordensritter unterhalten.<\/p>\n<p>Der Beitrag aus <a href=\"https:\/\/www.vosgesmatin.fr\/art-et-culture\/2016\/08\/04\/le-fantome-du-templier\" target=\"_blank\" rel=\"noopener\">Vosges matin<\/a> erkl\u00e4rt die Legenden um &#8222;Templergespenste&#8220; in einer nahegelegen Feengrotte schlicht mit einer Verwechselung der Orden. Sei es wie es sei, die Ortschaft ist gewi\u00df als Station auf einer wichtigen Handels- und Pilgerroute zu sehen, was sich fast unwiderleglich aus den planm\u00e4ssigen Abst\u00e4nden ableiten l\u00e4\u00dft.<\/p>\n<p>Fazit: Die Deutschordensritter hatten im Elsass alle 60 Km eine Station. Die Strecke zwischen Langres und Metz ist ebenfalls alle 60 Km mit einer Station von Ordensrittern besetzt, wobei hier die Aufgabe scheinbar unter zwei Ritterorden aufgeteilt wurde. Das Nebeneinander oder Miteinander verschiendener Ritterorden bei der Sicherung oder Flankierung von Handels- und Pilgerwegen in Westeuropa\u00a0 wird gesondert untersucht werden m\u00fcssen. Soweit ersichtlich hat sich auch diesem Thema bisher noch niemand systematisch angenommen.<\/p>\n<p>Frankfurt, 01.06.2018<\/p>\n<p>&nbsp;<\/p>\n<p>&nbsp;<\/p>\n<p>&nbsp;<\/p>\n","protected":false},"excerpt":{"rendered":"<p>Vatertag und ein verl\u00e4ngertes Wochenende. Zeit f\u00fcr die Ordensritter. Drei Tage und 1.400 km sp\u00e4ter entstand dieser Reise-Kurzbericht. Ich habe eine Rundreise \u00fcber das Elsass, das Burgund, die Champagne und Lothringen zusammengestellt, um die To-do Liste f\u00fcr vers\u00e4umte Ziele in diesem Bereich weiter abzuhaken. 1 Elsass Fangen wir also beim Elsass an. Die Templerorte d\u00fcrfte [&hellip;]<\/p>\n","protected":false},"author":2,"featured_media":0,"comment_status":"open","ping_status":"open","sticky":false,"template":"","format":"standard","meta":[],"categories":[20],"tags":[],"_links":{"self":[{"href":"http:\/\/menzendorff.de\/index.php?rest_route=\/wp\/v2\/posts\/2049"}],"collection":[{"href":"http:\/\/menzendorff.de\/index.php?rest_route=\/wp\/v2\/posts"}],"about":[{"href":"http:\/\/menzendorff.de\/index.php?rest_route=\/wp\/v2\/types\/post"}],"author":[{"embeddable":true,"href":"http:\/\/menzendorff.de\/index.php?rest_route=\/wp\/v2\/users\/2"}],"replies":[{"embeddable":true,"href":"http:\/\/menzendorff.de\/index.php?rest_route=%2Fwp%2Fv2%2Fcomments&post=2049"}],"version-history":[{"count":56,"href":"http:\/\/menzendorff.de\/index.php?rest_route=\/wp\/v2\/posts\/2049\/revisions"}],"predecessor-version":[{"id":2991,"href":"http:\/\/menzendorff.de\/index.php?rest_route=\/wp\/v2\/posts\/2049\/revisions\/2991"}],"wp:attachment":[{"href":"http:\/\/menzendorff.de\/index.php?rest_route=%2Fwp%2Fv2%2Fmedia&parent=2049"}],"wp:term":[{"taxonomy":"category","embeddable":true,"href":"http:\/\/menzendorff.de\/index.php?rest_route=%2Fwp%2Fv2%2Fcategories&post=2049"},{"taxonomy":"post_tag","embeddable":true,"href":"http:\/\/menzendorff.de\/index.php?rest_route=%2Fwp%2Fv2%2Ftags&post=2049"}],"curies":[{"name":"wp","href":"https:\/\/api.w.org\/{rel}","templated":true}]}}