{"id":2149,"date":"2018-02-05T19:25:57","date_gmt":"2018-02-05T17:25:57","guid":{"rendered":"http:\/\/menzendorff.de\/?p=2149"},"modified":"2019-07-02T20:32:33","modified_gmt":"2019-07-02T18:32:33","slug":"januar-2016-alt-emporda-und-roussillon","status":"publish","type":"post","link":"http:\/\/menzendorff.de\/?p=2149","title":{"rendered":"2018, Januar, Katalonien Teil 4, Empord\u00e0, Roussillon"},"content":{"rendered":"<p>Zum Jahresende 2017 gab es nochmal Gelegenheit f\u00fcr einen Kurztrip nach Pals, wo wir auch Sylvester gefeiert haben. Die Zeit reichte immerhin f\u00fcr drei Templerorte und ein Johanniterhospital.<\/p>\n<h1>1. Provincia Girona, Alt Empord\u00e0<\/h1>\n<h2>1.1 Castell\u00f3 des Emp\u00faries<\/h2>\n<p>Ampuriabrava klingt verheissungsvoll nach Yachten, dem Golf von Roses und &#8230; nach Massentourismus vergangener Jahrzehnte. Weniger bekannt ist, dass der Name der Region von den Griechen hierhergebracht wurde mit ihrer Gr\u00fcndung von <em>Emporion<\/em>, eine ab ca. 600 v.Chr. entstandene Handelsniederlassung (<a href=\"https:\/\/de.wikipedia.org\/wiki\/Emp%C3%BAries\" target=\"_blank\" rel=\"noopener\">Wikipedia<\/a>). Etwa um 100 v. Chr \u00fcbernahmen die R\u00f6mer die St\u00e4tte und gaben ihr den Namen <em>Emporiae. <\/em>Es gibt sehr umfangreiche Ausgrabungen der griechischen und der r\u00f6mischen Siedlung mit beachtlichen Geb\u00e4ude\u00fcberresten. Wer sich n\u00e4chstens dort nach dem dritten Sonnenbrand vom Strand langweilt und Abwechslung braucht, dem kann der Besuch dieses fantastischen Arch\u00e4ologieparks nur w\u00e4rmstens anempfohlen werden. Wer da nicht bald hinfahren wird, braucht etwas Geduld. Der Bericht \u00fcber Emporiae kommt bald.<\/p>\n<p>Die Templer traten hier ab dem Jahre 1167 auf den Plan und erwarben einige H\u00e4user und Grund zur \u00fcberwiegend landwirtschaftlichen Nutzung. Nach\u00a0 Fuguet und Plaza (S.\u00a0\u00a0\u00a0 ) sind\u00a0 die Niederlassungen Castell\u00f3 des Emp\u00faries und Aiguaviva (<a href=\"http:\/\/menzendorff.de\/?p=664\" target=\"_blank\" rel=\"noopener\">dort waren Sie mit mir bereits<\/a> im Jahre 2015)\u00a0 im nord\u00f6stlichen Ende von Katalonien die unbedeutensten und \u00e4rmsten Einrichtungen des Templerordens in der Region.<\/p>\n<p><a href=\"http:\/\/menzendorff.de\/wp-content\/uploads\/2018\/06\/DSC_0082.jpg\"><img loading=\"lazy\" class=\"alignright size-large wp-image-2151\" src=\"http:\/\/menzendorff.de\/wp-content\/uploads\/2018\/06\/DSC_0082-1024x683.jpg\" alt=\"\" width=\"625\" height=\"417\" srcset=\"http:\/\/menzendorff.de\/wp-content\/uploads\/2018\/06\/DSC_0082.jpg 1024w, http:\/\/menzendorff.de\/wp-content\/uploads\/2018\/06\/DSC_0082-300x200.jpg 300w, http:\/\/menzendorff.de\/wp-content\/uploads\/2018\/06\/DSC_0082-768x512.jpg 768w, http:\/\/menzendorff.de\/wp-content\/uploads\/2018\/06\/DSC_0082-624x416.jpg 624w\" sizes=\"(max-width: 625px) 100vw, 625px\" \/><\/a><\/p>\n<p style=\"text-align: center;\">Comanda de <strong>Castell\u00f3 d&#8217;Emp\u00faries<\/strong>, 4 Avenida Cobla Rossinyols<\/p>\n<p><a href=\"http:\/\/menzendorff.de\/wp-content\/uploads\/2018\/06\/DSC_0088.jpg\"><img loading=\"lazy\" class=\"alignright size-large wp-image-2152\" src=\"http:\/\/menzendorff.de\/wp-content\/uploads\/2018\/06\/DSC_0088-1024x683.jpg\" alt=\"\" width=\"625\" height=\"417\" srcset=\"http:\/\/menzendorff.de\/wp-content\/uploads\/2018\/06\/DSC_0088.jpg 1024w, http:\/\/menzendorff.de\/wp-content\/uploads\/2018\/06\/DSC_0088-300x200.jpg 300w, http:\/\/menzendorff.de\/wp-content\/uploads\/2018\/06\/DSC_0088-768x512.jpg 768w, http:\/\/menzendorff.de\/wp-content\/uploads\/2018\/06\/DSC_0088-624x416.jpg 624w\" sizes=\"(max-width: 625px) 100vw, 625px\" \/><\/a><\/p>\n<p>Der Text der Urkunde zur Grundst\u00fccks\u00fcbertragung zwischen dem Grafen von Emp\u00faries, Dalmau de Castell\u00f3 und Berengar de Monels, dem Pr\u00e4ceptor der Templer der Provinz Catalunya, findet sich bei Joaquim Miret i Sans, Les Cases\u00a0 De Templers i Hospitalers, auf S. 173.<\/p>\n<p><a href=\"http:\/\/menzendorff.de\/wp-content\/uploads\/2018\/06\/DSC_0089.jpg\"><img loading=\"lazy\" class=\"alignright size-large wp-image-2153\" src=\"http:\/\/menzendorff.de\/wp-content\/uploads\/2018\/06\/DSC_0089-1024x683.jpg\" alt=\"\" width=\"625\" height=\"417\" srcset=\"http:\/\/menzendorff.de\/wp-content\/uploads\/2018\/06\/DSC_0089.jpg 1024w, http:\/\/menzendorff.de\/wp-content\/uploads\/2018\/06\/DSC_0089-300x200.jpg 300w, http:\/\/menzendorff.de\/wp-content\/uploads\/2018\/06\/DSC_0089-768x512.jpg 768w, http:\/\/menzendorff.de\/wp-content\/uploads\/2018\/06\/DSC_0089-624x416.jpg 624w\" sizes=\"(max-width: 625px) 100vw, 625px\" \/><\/a><\/p>\n<p style=\"text-align: left;\">Fast in Sichtweite zum Templerhaus befindet sich diese &#8222;Casa Gran&#8220;, der einzig \u00fcbrig gebliebener Palast seiner Art, wie sie sich die Ritter oder reichen B\u00fcrger im 14. Jahrhundert in Empuries h\u00e4ufig errichtet hatten.<\/p>\n<p><a href=\"http:\/\/menzendorff.de\/wp-content\/uploads\/2018\/06\/DSC_0140.jpg\"><img loading=\"lazy\" class=\"alignright size-large wp-image-2154\" src=\"http:\/\/menzendorff.de\/wp-content\/uploads\/2018\/06\/DSC_0140-1024x683.jpg\" alt=\"\" width=\"625\" height=\"417\" srcset=\"http:\/\/menzendorff.de\/wp-content\/uploads\/2018\/06\/DSC_0140.jpg 1024w, http:\/\/menzendorff.de\/wp-content\/uploads\/2018\/06\/DSC_0140-300x200.jpg 300w, http:\/\/menzendorff.de\/wp-content\/uploads\/2018\/06\/DSC_0140-768x512.jpg 768w, http:\/\/menzendorff.de\/wp-content\/uploads\/2018\/06\/DSC_0140-624x416.jpg 624w\" sizes=\"(max-width: 625px) 100vw, 625px\" \/><\/a><\/p>\n<p style=\"text-align: left;\">Die mittelalterliche Stadtmauer von Castell\u00f3 d&#8217;Emp\u00faries wurde zwischen dem 12. und 13. Jahrhundert erbaut und 1949 unter Denkmalschutz gestellt (<a href=\"http:\/\/www.emporda.info\/cultura\/2017\/11\/24\/preserven-muralla-medieval-castello-dempuries\/375219.html\" target=\"_blank\" rel=\"noopener\">Empord\u00e0<\/a>).<\/p>\n<h2>1.2 Sant Pere de Rodes<\/h2>\n<p>Das n\u00e4chste Ziel befindet sich nicht allzuweit n\u00f6rdlich von Castell\u00f3 d&#8216; Empuries und hat nichts mit den Templern zu tun. Das Kloster Sant Pere de Rodes ist der Legende nach schon im 6. Jahrhundert gegr\u00fcndet worden. Es fanden sich bei Grabungen tats\u00e4chlich Geb\u00e4udereste aus dieser Zeit (<a href=\"https:\/\/de.wikipedia.org\/wiki\/Sant_Pere_de_Rodes\" target=\"_blank\" rel=\"noopener\">Wikipedia<\/a>). Der Bau pr\u00e4sentiert sich heute, nach Renovierungsarbeiten im 20. Jahrhundert,\u00a0 in seinem Zustand ab dem 11. Jahrhundert. Der ber\u00fchmte Meister von Cabestany hat mit Versch\u00f6nerungsarbeiten beigetragen. (Wikipedia, a.a.O.)<\/p>\n<p><a href=\"http:\/\/menzendorff.de\/wp-content\/uploads\/2018\/06\/DSC_0165.jpg\"><img loading=\"lazy\" class=\"alignright size-large wp-image-2158\" src=\"http:\/\/menzendorff.de\/wp-content\/uploads\/2018\/06\/DSC_0165-1024x683.jpg\" alt=\"\" width=\"625\" height=\"417\" srcset=\"http:\/\/menzendorff.de\/wp-content\/uploads\/2018\/06\/DSC_0165.jpg 1024w, http:\/\/menzendorff.de\/wp-content\/uploads\/2018\/06\/DSC_0165-300x200.jpg 300w, http:\/\/menzendorff.de\/wp-content\/uploads\/2018\/06\/DSC_0165-768x512.jpg 768w, http:\/\/menzendorff.de\/wp-content\/uploads\/2018\/06\/DSC_0165-624x416.jpg 624w\" sizes=\"(max-width: 625px) 100vw, 625px\" \/><\/a><\/p>\n<p>Fu\u00dfweg vom Parkplatz mit Blick auf das Kloster Sant Pere aus nordwestlicher Richtung.<\/p>\n<p><a href=\"http:\/\/menzendorff.de\/wp-content\/uploads\/2018\/06\/DSC_0170.jpg\"><img loading=\"lazy\" class=\"alignright size-large wp-image-2159\" src=\"http:\/\/menzendorff.de\/wp-content\/uploads\/2018\/06\/DSC_0170-1024x683.jpg\" alt=\"\" width=\"625\" height=\"417\" srcset=\"http:\/\/menzendorff.de\/wp-content\/uploads\/2018\/06\/DSC_0170.jpg 1024w, http:\/\/menzendorff.de\/wp-content\/uploads\/2018\/06\/DSC_0170-300x200.jpg 300w, http:\/\/menzendorff.de\/wp-content\/uploads\/2018\/06\/DSC_0170-768x512.jpg 768w, http:\/\/menzendorff.de\/wp-content\/uploads\/2018\/06\/DSC_0170-624x416.jpg 624w\" sizes=\"(max-width: 625px) 100vw, 625px\" \/><\/a><\/p>\n<p style=\"text-align: center;\">Nahaufnahme aus diesem Blickwinkel.<\/p>\n<p><a href=\"http:\/\/menzendorff.de\/wp-content\/uploads\/2018\/06\/DSC_0176.jpg\"><img loading=\"lazy\" class=\"alignright size-large wp-image-2160\" src=\"http:\/\/menzendorff.de\/wp-content\/uploads\/2018\/06\/DSC_0176-1024x683.jpg\" alt=\"\" width=\"625\" height=\"417\" srcset=\"http:\/\/menzendorff.de\/wp-content\/uploads\/2018\/06\/DSC_0176.jpg 1024w, http:\/\/menzendorff.de\/wp-content\/uploads\/2018\/06\/DSC_0176-300x200.jpg 300w, http:\/\/menzendorff.de\/wp-content\/uploads\/2018\/06\/DSC_0176-768x512.jpg 768w, http:\/\/menzendorff.de\/wp-content\/uploads\/2018\/06\/DSC_0176-624x416.jpg 624w\" sizes=\"(max-width: 625px) 100vw, 625px\" \/><\/a><\/p>\n<p style=\"text-align: left;\">Das kleine fr\u00fchmittelalterliche Geb\u00e4ude weit ausserhalb des Klosters, ca 100 Meter vor dem Haupteingang, war einst ein Krankenhaus f\u00fcr Pilger.<\/p>\n<h1>2. R\u00e9gion Occitanie, Dept. 66 Pyr\u00e9n\u00e9es-M\u00e9diterran\u00e9e<\/h1>\n<p>Kurz nach Sylvester machte ich mich \u00fcber die nahegelegene Grenze auf nach Frankreich, genauer nach Perpignan und Umgebung. Eine Vorstadt von Perpignan oder ein Stadtteil heisst Orla. Dort sind die Templer ab Mitte des 13. Jahrhunderts beg\u00fctert worden (Robert Vinas, Le proc\u00e8s des Templiers du Roussillon, S. 4). Die Commanderie von Orla (frz. Orle) geh\u00f6rte &#8211; wie\u00a0 Mas Deu &#8211; zum Gro\u00dfpriorat von Katalonien (Miret i Sans, S. 389).<\/p>\n<h2>2.1 Orla<\/h2>\n<p>Die postalische Anschrift der \u00dcberreste der Commanderie lautet 3170 Avenue Julien Panchot, <strong>66000 Perpignan<\/strong> &#8211; Orla. Die Commanderie befindet sich an einem etwas weniger malerischen Fleck, als man sich erhoffen w\u00fcrde. Gegen\u00fcber ist eine moderne Tankstelle mit Caf\u00e9-Restaurant f\u00fcr Kraftfahrer und ein Kreisel f\u00fcr die Rocade Saint Charles zur Autobahnausfahrt 42. Perpignan-sud. Augen zu und durch:<\/p>\n<p><a href=\"http:\/\/menzendorff.de\/wp-content\/uploads\/2018\/06\/DSC_0061-1.jpg\"><img loading=\"lazy\" class=\"alignright size-large wp-image-2169\" src=\"http:\/\/menzendorff.de\/wp-content\/uploads\/2018\/06\/DSC_0061-1-1024x683.jpg\" alt=\"\" width=\"625\" height=\"417\" srcset=\"http:\/\/menzendorff.de\/wp-content\/uploads\/2018\/06\/DSC_0061-1.jpg 1024w, http:\/\/menzendorff.de\/wp-content\/uploads\/2018\/06\/DSC_0061-1-300x200.jpg 300w, http:\/\/menzendorff.de\/wp-content\/uploads\/2018\/06\/DSC_0061-1-768x512.jpg 768w, http:\/\/menzendorff.de\/wp-content\/uploads\/2018\/06\/DSC_0061-1-624x416.jpg 624w\" sizes=\"(max-width: 625px) 100vw, 625px\" \/><\/a><\/p>\n<p style=\"text-align: center;\">\u00c9glise Saint-\u00c9tienne d&#8216;<strong>Orla, 66000<\/strong>\u00a0\u00a0<strong>Perpignan,\u00a0<\/strong> Ansicht von Osten<\/p>\n<p><a href=\"http:\/\/menzendorff.de\/wp-content\/uploads\/2018\/06\/DSC_0049.jpg\"><img loading=\"lazy\" class=\"alignright size-large wp-image-2168\" src=\"http:\/\/menzendorff.de\/wp-content\/uploads\/2018\/06\/DSC_0049-1024x683.jpg\" alt=\"\" width=\"625\" height=\"417\" srcset=\"http:\/\/menzendorff.de\/wp-content\/uploads\/2018\/06\/DSC_0049.jpg 1024w, http:\/\/menzendorff.de\/wp-content\/uploads\/2018\/06\/DSC_0049-300x200.jpg 300w, http:\/\/menzendorff.de\/wp-content\/uploads\/2018\/06\/DSC_0049-768x512.jpg 768w, http:\/\/menzendorff.de\/wp-content\/uploads\/2018\/06\/DSC_0049-624x416.jpg 624w\" sizes=\"(max-width: 625px) 100vw, 625px\" \/><\/a><\/p>\n<p style=\"text-align: center;\">Ansicht von Westen<\/p>\n<p><a href=\"http:\/\/menzendorff.de\/wp-content\/uploads\/2018\/06\/DSC_0041.jpg\"><img loading=\"lazy\" class=\"alignright size-large wp-image-2167\" src=\"http:\/\/menzendorff.de\/wp-content\/uploads\/2018\/06\/DSC_0041-1024x683.jpg\" alt=\"\" width=\"625\" height=\"417\" srcset=\"http:\/\/menzendorff.de\/wp-content\/uploads\/2018\/06\/DSC_0041.jpg 1024w, http:\/\/menzendorff.de\/wp-content\/uploads\/2018\/06\/DSC_0041-300x200.jpg 300w, http:\/\/menzendorff.de\/wp-content\/uploads\/2018\/06\/DSC_0041-768x512.jpg 768w, http:\/\/menzendorff.de\/wp-content\/uploads\/2018\/06\/DSC_0041-624x416.jpg 624w\" sizes=\"(max-width: 625px) 100vw, 625px\" \/><\/a><\/p>\n<p style=\"text-align: center;\">Fenster im Chor mit Templerkreuz<\/p>\n<p><a href=\"http:\/\/menzendorff.de\/wp-content\/uploads\/2018\/06\/DSC_0064.jpg\"><img loading=\"lazy\" class=\"alignright size-large wp-image-2170\" src=\"http:\/\/menzendorff.de\/wp-content\/uploads\/2018\/06\/DSC_0064-1024x683.jpg\" alt=\"\" width=\"625\" height=\"417\" srcset=\"http:\/\/menzendorff.de\/wp-content\/uploads\/2018\/06\/DSC_0064.jpg 1024w, http:\/\/menzendorff.de\/wp-content\/uploads\/2018\/06\/DSC_0064-300x200.jpg 300w, http:\/\/menzendorff.de\/wp-content\/uploads\/2018\/06\/DSC_0064-768x512.jpg 768w, http:\/\/menzendorff.de\/wp-content\/uploads\/2018\/06\/DSC_0064-624x416.jpg 624w\" sizes=\"(max-width: 625px) 100vw, 625px\" \/><\/a><\/p>\n<p style=\"text-align: center;\">Nebengeb\u00e4ude<\/p>\n<p><a href=\"http:\/\/menzendorff.de\/wp-content\/uploads\/2018\/06\/DSC_0037.jpg\"><img loading=\"lazy\" class=\"alignright size-large wp-image-2166\" src=\"http:\/\/menzendorff.de\/wp-content\/uploads\/2018\/06\/DSC_0037-1024x683.jpg\" alt=\"\" width=\"625\" height=\"417\" srcset=\"http:\/\/menzendorff.de\/wp-content\/uploads\/2018\/06\/DSC_0037.jpg 1024w, http:\/\/menzendorff.de\/wp-content\/uploads\/2018\/06\/DSC_0037-300x200.jpg 300w, http:\/\/menzendorff.de\/wp-content\/uploads\/2018\/06\/DSC_0037-768x512.jpg 768w, http:\/\/menzendorff.de\/wp-content\/uploads\/2018\/06\/DSC_0037-624x416.jpg 624w\" sizes=\"(max-width: 625px) 100vw, 625px\" \/><\/a><\/p>\n<p style=\"text-align: center;\">Der Ostchor von S\u00fcden<\/p>\n<p>Wer da nicht selbst hinfahren m\u00f6chte, findet auf google maps recht eindrucksvolle Fotos, wenn er im Street view modus die Avenue Julien Panchot bis zu diesem Kreisel &#8222;entlangf\u00e4hrt&#8220;. Die Total-Tankstelle befindet sich genau gegen\u00fcber der Templerei.<\/p>\n<h2>2.2 Perpignan, Saint-Mathieu<\/h2>\n<p>In Perpignan fassten die Templer bereits im Jahre 1130 Fu\u00df. Sie kauften ein Grundst\u00fcck in der heutigen Rue de Mailly\u00a0 und errichteten ein kleines Fort mit einer Kapelle Sainte-Marie (Arnaudies, Les Templiers en Roussillon, S. 5). Sp\u00e4ter erhielten sie vom K\u00f6nig Jakob II. am Fu\u00dfe des &#8211; ab 1262 errichteten &#8211; Palastes der K\u00f6nige von Mallorca<\/p>\n<div id=\"attachment_2193\" style=\"width: 604px\" class=\"wp-caption alignright\"><a href=\"http:\/\/menzendorff.de\/wp-content\/uploads\/2018\/06\/RlC-178.jpg\"><img aria-describedby=\"caption-attachment-2193\" loading=\"lazy\" class=\"size-full wp-image-2193\" src=\"http:\/\/menzendorff.de\/wp-content\/uploads\/2018\/06\/RlC-178.jpg\" alt=\"\" width=\"594\" height=\"397\" srcset=\"http:\/\/menzendorff.de\/wp-content\/uploads\/2018\/06\/RlC-178.jpg 594w, http:\/\/menzendorff.de\/wp-content\/uploads\/2018\/06\/RlC-178-300x201.jpg 300w\" sizes=\"(max-width: 594px) 100vw, 594px\" \/><\/a><p id=\"caption-attachment-2193\" class=\"wp-caption-text\">SONY DSC Palais des rois de Majorque, 66000 Perpignan, Foto Markus Menzendorff, 2010<\/p><\/div>\n<p>befindlichen Quartiers Saint-Mathieu und pr\u00e4gten dort mit einer schachbrettartiken Bebauung und jeweils rechtwinkligen Strassenkreuzungen das Stadtbild des Quartiers bis heute (Vinas, S. 5). Geb\u00e4udereste aus der Templerzeit sind allerdings nicht mehr zu finden.<\/p>\n<p><a href=\"http:\/\/menzendorff.de\/wp-content\/uploads\/2018\/06\/Screenshot-2018-06-17-15.05.41.png\"><img loading=\"lazy\" class=\"alignright size-full wp-image-2192\" src=\"http:\/\/menzendorff.de\/wp-content\/uploads\/2018\/06\/Screenshot-2018-06-17-15.05.41.png\" alt=\"\" width=\"783\" height=\"570\" srcset=\"http:\/\/menzendorff.de\/wp-content\/uploads\/2018\/06\/Screenshot-2018-06-17-15.05.41.png 783w, http:\/\/menzendorff.de\/wp-content\/uploads\/2018\/06\/Screenshot-2018-06-17-15.05.41-300x218.png 300w, http:\/\/menzendorff.de\/wp-content\/uploads\/2018\/06\/Screenshot-2018-06-17-15.05.41-768x559.png 768w, http:\/\/menzendorff.de\/wp-content\/uploads\/2018\/06\/Screenshot-2018-06-17-15.05.41-624x454.png 624w\" sizes=\"(max-width: 783px) 100vw, 783px\" \/><\/a><\/p>\n<p style=\"text-align: center;\">Quartier Saint-Mathieu, Perpignan, google maps<\/p>\n<p>Die Kirche von Saint-Mathieu bekommt man nicht gescheit vor die Linse, egal, wie man es anstellt. Es ist erstmal garnicht so einfach, einen Zeitpunkt zu finden, an dem sich keine Passanten auf dem Pl\u00e4tzchen tummeln. Dar\u00fcberhinaus sind die Gassen recht eng und die Kapelle schlie\u00dft mit allen Seiten &#8211; au\u00dfer der Westfassade &#8211; an benachbarte Geb\u00e4ude an, soda\u00df man sie auch nicht umrunden und von einer anderen Seite aus fotografieren k\u00f6nnte.<\/p>\n<p><a href=\"http:\/\/menzendorff.de\/wp-content\/uploads\/2018\/06\/DSC_0002.jpg\"><img loading=\"lazy\" class=\"alignright size-large wp-image-2162\" src=\"http:\/\/menzendorff.de\/wp-content\/uploads\/2018\/06\/DSC_0002-683x1024.jpg\" alt=\"\" width=\"625\" height=\"937\" srcset=\"http:\/\/menzendorff.de\/wp-content\/uploads\/2018\/06\/DSC_0002.jpg 683w, http:\/\/menzendorff.de\/wp-content\/uploads\/2018\/06\/DSC_0002-200x300.jpg 200w, http:\/\/menzendorff.de\/wp-content\/uploads\/2018\/06\/DSC_0002-624x936.jpg 624w\" sizes=\"(max-width: 625px) 100vw, 625px\" \/><\/a><\/p>\n<p style=\"text-align: center;\">\u00c9glise Saint-Mathieu, 12, Rue Grande-la-Monnaie, <strong>66000 Perpignan<\/strong><\/p>\n<p><a href=\"http:\/\/menzendorff.de\/wp-content\/uploads\/2018\/06\/DSC_0003.jpg\"><img loading=\"lazy\" class=\"alignright size-full wp-image-2163\" src=\"http:\/\/menzendorff.de\/wp-content\/uploads\/2018\/06\/DSC_0003.jpg\" alt=\"\" width=\"768\" height=\"791\" srcset=\"http:\/\/menzendorff.de\/wp-content\/uploads\/2018\/06\/DSC_0003.jpg 768w, http:\/\/menzendorff.de\/wp-content\/uploads\/2018\/06\/DSC_0003-291x300.jpg 291w, http:\/\/menzendorff.de\/wp-content\/uploads\/2018\/06\/DSC_0003-624x643.jpg 624w\" sizes=\"(max-width: 768px) 100vw, 768px\" \/><\/a><\/p>\n<p>Der derzeitige Zustand der Kirche Saint-Mathieu pr\u00e4sentiert sich wie nach dem Neubau aus dem Jahre 1677. Der Vorg\u00e4ngerbau der Templerkirche stammte aus dem fr\u00fchen 14. Jahrhundert. Die alte Kirche wurde zur Entlastung der Zitadelle abgerissen, wie es auf einer Hinweistafel am Eingang der Kirche zu lesen ist. In der Kirche seien die Reliquien <em>Saintes-\u00c9pines<\/em>, vier Dornen aus der Jesus-Krone, aufbewahrt worden, nachdem sie von K\u00f6nig Ludwig IX, genannt Saint Louis, erworben und sp\u00e4ter an seinen Sohn Philipp-le-Hardi vermacht wurden. Dieser starb 1285 in Perpignan und hinterlie\u00df die Reliquien dort (Hinweistafel, a.a.O).<\/p>\n<h2>2.3 Maison des Chevaliers de Saint-Jean, 66000 Perpignan<\/h2>\n<p>An der Ecke der Rue Fontaine Lapincarda und der Rue Maximilien S\u00e9bastien Foy befindet sich ein gr\u00f6\u00dferes, aus Ziegelsteinen errichtetes Haus mit einem Brunnen:<\/p>\n<p><a href=\"http:\/\/menzendorff.de\/wp-content\/uploads\/2018\/06\/DSC_0016.jpg\"><img loading=\"lazy\" class=\"alignright size-large wp-image-2174\" src=\"http:\/\/menzendorff.de\/wp-content\/uploads\/2018\/06\/DSC_0016-1024x683.jpg\" alt=\"\" width=\"625\" height=\"417\" srcset=\"http:\/\/menzendorff.de\/wp-content\/uploads\/2018\/06\/DSC_0016.jpg 1024w, http:\/\/menzendorff.de\/wp-content\/uploads\/2018\/06\/DSC_0016-300x200.jpg 300w, http:\/\/menzendorff.de\/wp-content\/uploads\/2018\/06\/DSC_0016-768x512.jpg 768w, http:\/\/menzendorff.de\/wp-content\/uploads\/2018\/06\/DSC_0016-624x416.jpg 624w\" sizes=\"(max-width: 625px) 100vw, 625px\" \/><\/a><\/p>\n<p style=\"text-align: center;\">8, Rue Fontaine Napincarda, Perpignan<\/p>\n<p><a href=\"http:\/\/menzendorff.de\/wp-content\/uploads\/2018\/06\/DSC_0014.jpg\"><img loading=\"lazy\" class=\"alignright size-large wp-image-2173\" src=\"http:\/\/menzendorff.de\/wp-content\/uploads\/2018\/06\/DSC_0014-1024x683.jpg\" alt=\"\" width=\"625\" height=\"417\" srcset=\"http:\/\/menzendorff.de\/wp-content\/uploads\/2018\/06\/DSC_0014.jpg 1024w, http:\/\/menzendorff.de\/wp-content\/uploads\/2018\/06\/DSC_0014-300x200.jpg 300w, http:\/\/menzendorff.de\/wp-content\/uploads\/2018\/06\/DSC_0014-768x512.jpg 768w, http:\/\/menzendorff.de\/wp-content\/uploads\/2018\/06\/DSC_0014-624x416.jpg 624w\" sizes=\"(max-width: 625px) 100vw, 625px\" \/><\/a><\/p>\n<p style=\"text-align: center;\">\u00dcberdeutlich prangt hier ein eingelassenes Wappen der Johanniter.<\/p>\n<p>Die Basis des Geb\u00e4udes d\u00fcrfte aus dem Mittelalter stammen, die heutige Gestalt d\u00fcrfte auf das 17. oder 18. Jahrhundert zur\u00fcckgehen.<\/p>\n<p><a href=\"http:\/\/menzendorff.de\/wp-content\/uploads\/2018\/06\/DSC_0018.jpg\"><img loading=\"lazy\" class=\"alignright size-large wp-image-2175\" src=\"http:\/\/menzendorff.de\/wp-content\/uploads\/2018\/06\/DSC_0018-1024x683.jpg\" alt=\"\" width=\"625\" height=\"417\" srcset=\"http:\/\/menzendorff.de\/wp-content\/uploads\/2018\/06\/DSC_0018.jpg 1024w, http:\/\/menzendorff.de\/wp-content\/uploads\/2018\/06\/DSC_0018-300x200.jpg 300w, http:\/\/menzendorff.de\/wp-content\/uploads\/2018\/06\/DSC_0018-768x512.jpg 768w, http:\/\/menzendorff.de\/wp-content\/uploads\/2018\/06\/DSC_0018-624x416.jpg 624w\" sizes=\"(max-width: 625px) 100vw, 625px\" \/><\/a><\/p>\n<p style=\"text-align: center;\">Maison des chevaliers de St. Jean, 66000 Perpignan<\/p>\n<p><a href=\"http:\/\/menzendorff.de\/wp-content\/uploads\/2018\/06\/DSC_0025.jpg\"><img loading=\"lazy\" class=\"alignright size-large wp-image-2172\" src=\"http:\/\/menzendorff.de\/wp-content\/uploads\/2018\/06\/DSC_0025-1024x683.jpg\" alt=\"\" width=\"625\" height=\"417\" srcset=\"http:\/\/menzendorff.de\/wp-content\/uploads\/2018\/06\/DSC_0025.jpg 1024w, http:\/\/menzendorff.de\/wp-content\/uploads\/2018\/06\/DSC_0025-300x200.jpg 300w, http:\/\/menzendorff.de\/wp-content\/uploads\/2018\/06\/DSC_0025-768x512.jpg 768w, http:\/\/menzendorff.de\/wp-content\/uploads\/2018\/06\/DSC_0025-624x416.jpg 624w\" sizes=\"(max-width: 625px) 100vw, 625px\" \/><\/a><\/p>\n<p style=\"text-align: center;\">Ansicht von der Rue Maximilien S\u00e9bastien Foy, Ecke Rue de l&#8217;ancienne Com\u00e9die<\/p>\n<p>\u00dcber den Zweck dieses Johanniterhauses habe ich noch nicht allzuviel ihn Erfahrung bringen k\u00f6nnen. Es existiert aber bis heute eine riesige <a href=\"http:\/\/www.ch-perpignan.fr\/nous-connaitre\/l-hopital-156.html\" target=\"_blank\" rel=\"noopener\">Klinik der Johanniter<\/a> in Perpignan. Vermutlich unterhielten die Johanniter auch im Mittelalter ein Krankenhaus. Perpignan liegt immerhin an einer der wichtigsten Fernstrassen in Europa, mindestens seit der R\u00f6merzeit.<\/p>\n<p>&nbsp;<\/p>\n<p>Vielen Dank f\u00fcr Ihr Interesse<\/p>\n<p>&nbsp;<\/p>\n<p>&nbsp;<\/p>\n<p>&nbsp;<\/p>\n<p>&nbsp;<\/p>\n","protected":false},"excerpt":{"rendered":"<p>Zum Jahresende 2017 gab es nochmal Gelegenheit f\u00fcr einen Kurztrip nach Pals, wo wir auch Sylvester gefeiert haben. Die Zeit reichte immerhin f\u00fcr drei Templerorte und ein Johanniterhospital. 1. Provincia Girona, Alt Empord\u00e0 1.1 Castell\u00f3 des Emp\u00faries Ampuriabrava klingt verheissungsvoll nach Yachten, dem Golf von Roses und &#8230; nach Massentourismus vergangener Jahrzehnte. Weniger bekannt ist, [&hellip;]<\/p>\n","protected":false},"author":2,"featured_media":0,"comment_status":"open","ping_status":"open","sticky":false,"template":"","format":"standard","meta":[],"categories":[9],"tags":[],"_links":{"self":[{"href":"http:\/\/menzendorff.de\/index.php?rest_route=\/wp\/v2\/posts\/2149"}],"collection":[{"href":"http:\/\/menzendorff.de\/index.php?rest_route=\/wp\/v2\/posts"}],"about":[{"href":"http:\/\/menzendorff.de\/index.php?rest_route=\/wp\/v2\/types\/post"}],"author":[{"embeddable":true,"href":"http:\/\/menzendorff.de\/index.php?rest_route=\/wp\/v2\/users\/2"}],"replies":[{"embeddable":true,"href":"http:\/\/menzendorff.de\/index.php?rest_route=%2Fwp%2Fv2%2Fcomments&post=2149"}],"version-history":[{"count":33,"href":"http:\/\/menzendorff.de\/index.php?rest_route=\/wp\/v2\/posts\/2149\/revisions"}],"predecessor-version":[{"id":2997,"href":"http:\/\/menzendorff.de\/index.php?rest_route=\/wp\/v2\/posts\/2149\/revisions\/2997"}],"wp:attachment":[{"href":"http:\/\/menzendorff.de\/index.php?rest_route=%2Fwp%2Fv2%2Fmedia&parent=2149"}],"wp:term":[{"taxonomy":"category","embeddable":true,"href":"http:\/\/menzendorff.de\/index.php?rest_route=%2Fwp%2Fv2%2Fcategories&post=2149"},{"taxonomy":"post_tag","embeddable":true,"href":"http:\/\/menzendorff.de\/index.php?rest_route=%2Fwp%2Fv2%2Ftags&post=2149"}],"curies":[{"name":"wp","href":"https:\/\/api.w.org\/{rel}","templated":true}]}}