{"id":2433,"date":"2019-04-24T15:19:30","date_gmt":"2019-04-24T13:19:30","guid":{"rendered":"http:\/\/menzendorff.de\/?p=2433"},"modified":"2019-08-04T11:27:12","modified_gmt":"2019-08-04T09:27:12","slug":"2018-maerz-lothringen","status":"publish","type":"post","link":"http:\/\/menzendorff.de\/?p=2433","title":{"rendered":"2018, M\u00e4rz, Lothringen"},"content":{"rendered":"<p style=\"text-align: left;\">Im M\u00e4rz 2018 folgte ich der Einladung meines Freundes und Templerforschers Christophe Staf aus Belgien zu einem Symposium \u00fcber die Templer:<\/p>\n<p><a href=\"http:\/\/menzendorff.de\/wp-content\/uploads\/2019\/02\/Screenshot-2019-02-20-21.49.34.png\"><img loading=\"lazy\" class=\"size-full wp-image-2430 aligncenter\" src=\"http:\/\/menzendorff.de\/wp-content\/uploads\/2019\/02\/Screenshot-2019-02-20-21.49.34.png\" alt=\"\" width=\"514\" height=\"674\" srcset=\"http:\/\/menzendorff.de\/wp-content\/uploads\/2019\/02\/Screenshot-2019-02-20-21.49.34.png 514w, http:\/\/menzendorff.de\/wp-content\/uploads\/2019\/02\/Screenshot-2019-02-20-21.49.34-229x300.png 229w\" sizes=\"(max-width: 514px) 100vw, 514px\" \/><\/a><\/p>\n<p>Die Veranstaltung fand im Ch\u00e2teau de Lun\u00e9ville, dem &#8222;Versailles Lothringens&#8220; (<a href=\"https:\/\/de.wikipedia.org\/wiki\/Schloss_Lun%C3%A9ville\" target=\"_blank\" rel=\"noopener\">wikipedia<\/a>) statt. Das Schloss hat in der Tat beachtliche Ausma\u00dfe:<\/p>\n<p><a href=\"http:\/\/menzendorff.de\/wp-content\/uploads\/2018\/04\/20180303_163500.jpg\"><img loading=\"lazy\" class=\"alignleft size-large wp-image-3028\" src=\"http:\/\/menzendorff.de\/wp-content\/uploads\/2018\/04\/20180303_163500-1024x565.jpg\" alt=\"\" width=\"625\" height=\"345\" srcset=\"http:\/\/menzendorff.de\/wp-content\/uploads\/2018\/04\/20180303_163500-1024x565.jpg 1024w, http:\/\/menzendorff.de\/wp-content\/uploads\/2018\/04\/20180303_163500-300x166.jpg 300w, http:\/\/menzendorff.de\/wp-content\/uploads\/2018\/04\/20180303_163500-768x424.jpg 768w, http:\/\/menzendorff.de\/wp-content\/uploads\/2018\/04\/20180303_163500-624x344.jpg 624w\" sizes=\"(max-width: 625px) 100vw, 625px\" \/><\/a><\/p>\n<p style=\"text-align: center;\">Ch\u00e2teau de Lun\u00e9ville, 1703 &#8211; 1720<\/p>\n<p style=\"text-align: center;\"><a href=\"http:\/\/menzendorff.de\/wp-content\/uploads\/2019\/02\/Screenshot-2019-02-20-21.52.22.png\"><img loading=\"lazy\" class=\"alignleft size-large wp-image-2431\" src=\"http:\/\/menzendorff.de\/wp-content\/uploads\/2019\/02\/Screenshot-2019-02-20-21.52.22-1024x579.png\" alt=\"\" width=\"625\" height=\"353\" srcset=\"http:\/\/menzendorff.de\/wp-content\/uploads\/2019\/02\/Screenshot-2019-02-20-21.52.22-1024x579.png 1024w, http:\/\/menzendorff.de\/wp-content\/uploads\/2019\/02\/Screenshot-2019-02-20-21.52.22-300x170.png 300w, http:\/\/menzendorff.de\/wp-content\/uploads\/2019\/02\/Screenshot-2019-02-20-21.52.22-768x434.png 768w, http:\/\/menzendorff.de\/wp-content\/uploads\/2019\/02\/Screenshot-2019-02-20-21.52.22-624x353.png 624w, http:\/\/menzendorff.de\/wp-content\/uploads\/2019\/02\/Screenshot-2019-02-20-21.52.22.png 1430w\" sizes=\"(max-width: 625px) 100vw, 625px\" \/><\/a><\/p>\n<p style=\"text-align: center;\">Der Nordfl\u00fcgel, aus dem Hotelzimmer fotografiert<\/p>\n<p style=\"text-align: left;\"><a href=\"http:\/\/menzendorff.de\/wp-content\/uploads\/2019\/02\/20180303_134122.jpg\"><img loading=\"lazy\" class=\"alignleft size-large wp-image-2428\" src=\"http:\/\/menzendorff.de\/wp-content\/uploads\/2019\/02\/20180303_134122-1024x576.jpg\" alt=\"\" width=\"625\" height=\"352\" srcset=\"http:\/\/menzendorff.de\/wp-content\/uploads\/2019\/02\/20180303_134122-1024x576.jpg 1024w, http:\/\/menzendorff.de\/wp-content\/uploads\/2019\/02\/20180303_134122-300x169.jpg 300w, http:\/\/menzendorff.de\/wp-content\/uploads\/2019\/02\/20180303_134122-768x432.jpg 768w, http:\/\/menzendorff.de\/wp-content\/uploads\/2019\/02\/20180303_134122-624x351.jpg 624w\" sizes=\"(max-width: 625px) 100vw, 625px\" \/><\/a><\/p>\n<p style=\"text-align: left;\"><strong>Alain Demurger<\/strong>, ehrenamtlicher Ma\u00eetre de Conf\u00e9rences an der Universit\u00e9 de Paris auf dem Weg zum Vortragssaal. Ich hatte kurz danach die Ehre, pers\u00f6nlich mit ihm zu sprechen, auch wenn es nur darum ging, ihm bei dem kleinen Lift den Vortritt zu lassen. Der Vortrag war interessant, obwohl ich nat\u00fcrlich nur ein Viertel mitbekam, so gut sind meine Franz\u00f6sischkenntnisse dann doch nicht.<\/p>\n<p>Christophe Staf hat \u00fcbrigens an dem Symposium mit seiner Wanderausstellung \u00fcber die Templer mitgewirkt und w\u00e4hrend der gesamten Veranstaltung \u00fcber 5 Stunden &#8211; in voller Templer-Montur &#8211; Fragen der Besucher zu den Templern geduldig und ausdauernd beantwortet. Seine Pinw\u00e4nde waren um den Zuschauerraum herum aufgestellt und Christophe hat sich auch w\u00e4hrend der Vortr\u00e4ge nicht eine Sekunde lang hingesetzt!<\/p>\n<p style=\"text-align: center;\"><a href=\"http:\/\/menzendorff.de\/wp-content\/uploads\/2018\/04\/20180303_134511.jpg\"><img loading=\"lazy\" class=\"alignleft size-large wp-image-3029\" src=\"http:\/\/menzendorff.de\/wp-content\/uploads\/2018\/04\/20180303_134511-576x1024.jpg\" alt=\"\" width=\"576\" height=\"1024\" srcset=\"http:\/\/menzendorff.de\/wp-content\/uploads\/2018\/04\/20180303_134511-576x1024.jpg 576w, http:\/\/menzendorff.de\/wp-content\/uploads\/2018\/04\/20180303_134511-169x300.jpg 169w, http:\/\/menzendorff.de\/wp-content\/uploads\/2018\/04\/20180303_134511-768x1365.jpg 768w, http:\/\/menzendorff.de\/wp-content\/uploads\/2018\/04\/20180303_134511-624x1109.jpg 624w\" sizes=\"(max-width: 576px) 100vw, 576px\" \/><\/a><\/p>\n<p style=\"text-align: center;\">Christophe Staf, Bruxelles, Betreiber der Website <a href=\"http:\/\/www.templiers.org\/\" target=\"_blank\" rel=\"noopener\">templiers.org<\/a><\/p>\n<p><a href=\"http:\/\/menzendorff.de\/wp-content\/uploads\/2019\/02\/20180303_141908.jpg\"><img loading=\"lazy\" class=\"alignleft size-large wp-image-2429\" src=\"http:\/\/menzendorff.de\/wp-content\/uploads\/2019\/02\/20180303_141908-1024x576.jpg\" alt=\"\" width=\"625\" height=\"352\" srcset=\"http:\/\/menzendorff.de\/wp-content\/uploads\/2019\/02\/20180303_141908-1024x576.jpg 1024w, http:\/\/menzendorff.de\/wp-content\/uploads\/2019\/02\/20180303_141908-300x169.jpg 300w, http:\/\/menzendorff.de\/wp-content\/uploads\/2019\/02\/20180303_141908-768x432.jpg 768w, http:\/\/menzendorff.de\/wp-content\/uploads\/2019\/02\/20180303_141908-624x351.jpg 624w\" sizes=\"(max-width: 625px) 100vw, 625px\" \/><\/a><\/p>\n<p style=\"text-align: center;\">Vortrag Alain Demurger<\/p>\n<p><a href=\"http:\/\/menzendorff.de\/wp-content\/uploads\/2012\/04\/20180303_154044-1.jpg\"><img loading=\"lazy\" class=\"alignleft size-large wp-image-3014\" src=\"http:\/\/menzendorff.de\/wp-content\/uploads\/2012\/04\/20180303_154044-1-1024x702.jpg\" alt=\"\" width=\"625\" height=\"428\" srcset=\"http:\/\/menzendorff.de\/wp-content\/uploads\/2012\/04\/20180303_154044-1-1024x702.jpg 1024w, http:\/\/menzendorff.de\/wp-content\/uploads\/2012\/04\/20180303_154044-1-300x206.jpg 300w, http:\/\/menzendorff.de\/wp-content\/uploads\/2012\/04\/20180303_154044-1-768x527.jpg 768w, http:\/\/menzendorff.de\/wp-content\/uploads\/2012\/04\/20180303_154044-1-624x428.jpg 624w\" sizes=\"(max-width: 625px) 100vw, 625px\" \/><\/a><\/p>\n<p>Der n\u00e4chste Referent hatte einen Plan vorbereitet und projektiert, der die Verteilung der drei Ritterorden in Lothringen und im Rheintal dokumentiert. W\u00e4hrend ich die St\u00e4tten im Rheintal und den gr\u00f6\u00dften Teil der Templerorte in Lothringen in den letzten 12 Jahren schon pers\u00f6nlich aufgesucht hatte, fehlten mir bislang von dort noch Informationen \u00fcber die Johanniter und Deutschordensritter. Ich beschlo\u00df, eine neue Reise nach Lothringen zu planen, um dieses Defizit auszugleichen.<\/p>\n<p>Boire comme un templier: Christophe und ich wollten das nach getaner Arbeit einmal ausprobieren und so beschlossen wir den Abend im <a href=\"http:\/\/www.hotel-les-pages.com\/de\/le-petit-comptoir\" target=\"_blank\" rel=\"noopener\">Le Petit Comtoir<\/a>, dem Restaurant unseres Hotels, bei einem sensationellen Essen und doch dem einen oder anderen Schluck fantastischen Rotwein. Ob durch den Wein oder die vorausgegangene Veranstaltung, jedenfalls wurde die Stimmung immer euphorischer und wir spielten sogar mit dem Gedanken, eine gemeinsame Templer- und Ordensritter-Datenbank aufzubauen.<\/p>\n<p>Am n\u00e4chsten Morgen wichen diese Tr\u00e4ume der Einsicht, dass wir abgesehen von den Sprachproblemen, die eine gemeinsame Leserschaft ausschlie\u00dfen w\u00fcrden, wohl nicht gen\u00fcgend Zeit und auch nicht die Mittel f\u00fcr ein solches Projekt finden w\u00fcrden. Die Folgen des Abendessens verlangten nun viel frische Luft und so entschlo\u00df ich mich, auf dem R\u00fcckweg noch einigen Templerst\u00e4tten, die ich zuletzt vor 10 Jahren gesehen hatte, einen weiteren Besuch abzustatten.<\/p>\n<h3>1. Libdeau<\/h3>\n<p><a href=\"http:\/\/menzendorff.de\/wp-content\/uploads\/2012\/04\/20180304_113236.jpg\"><img loading=\"lazy\" class=\"alignleft size-large wp-image-3015\" src=\"http:\/\/menzendorff.de\/wp-content\/uploads\/2012\/04\/20180304_113236-1024x576.jpg\" alt=\"\" width=\"625\" height=\"352\" srcset=\"http:\/\/menzendorff.de\/wp-content\/uploads\/2012\/04\/20180304_113236-1024x576.jpg 1024w, http:\/\/menzendorff.de\/wp-content\/uploads\/2012\/04\/20180304_113236-300x169.jpg 300w, http:\/\/menzendorff.de\/wp-content\/uploads\/2012\/04\/20180304_113236-768x432.jpg 768w, http:\/\/menzendorff.de\/wp-content\/uploads\/2012\/04\/20180304_113236-624x351.jpg 624w\" sizes=\"(max-width: 625px) 100vw, 625px\" \/><\/a><\/p>\n<p style=\"text-align: left;\">Commanderie<strong> Libdeau<\/strong>, Adresse <span class=\"LrzXr\">Lieu-dit Ferme de Libdeau, D611, 54200 Toul, Frankreich. Ansicht von S\u00fcden (die Kapelle ist nicht nach Osten sondern nach Ost-Nord-Ost ausgerichtet). Man hat begonnen, das Dach neu einzudecken und die Fassade teilweise zu reinigen.<\/span><\/p>\n<p><a href=\"http:\/\/menzendorff.de\/wp-content\/uploads\/2018\/04\/DSC_0010.jpg\"><img loading=\"lazy\" class=\"alignleft size-large wp-image-3024\" src=\"http:\/\/menzendorff.de\/wp-content\/uploads\/2018\/04\/DSC_0010-1024x683.jpg\" alt=\"\" width=\"625\" height=\"417\" srcset=\"http:\/\/menzendorff.de\/wp-content\/uploads\/2018\/04\/DSC_0010-1024x683.jpg 1024w, http:\/\/menzendorff.de\/wp-content\/uploads\/2018\/04\/DSC_0010-300x200.jpg 300w, http:\/\/menzendorff.de\/wp-content\/uploads\/2018\/04\/DSC_0010-768x512.jpg 768w, http:\/\/menzendorff.de\/wp-content\/uploads\/2018\/04\/DSC_0010-624x416.jpg 624w\" sizes=\"(max-width: 625px) 100vw, 625px\" \/><\/a><\/p>\n<p style=\"text-align: left;\">Blick von Nordwest auf die Rosette und das nur noch mit einem Pappschild angedeutete Hauptportal. Die Steine und das Tympanon befinden sich in einem Museum zur Konservierung. Ich erkenne auch hier einige Fortschritte mit der Renovierung seit 2007.<\/p>\n<h3>2. Marbotte<\/h3>\n<p><a href=\"http:\/\/menzendorff.de\/wp-content\/uploads\/2018\/04\/DSC_0025.jpg\"><img loading=\"lazy\" class=\"alignleft size-large wp-image-3025\" src=\"http:\/\/menzendorff.de\/wp-content\/uploads\/2018\/04\/DSC_0025-1024x683.jpg\" alt=\"\" width=\"625\" height=\"417\" srcset=\"http:\/\/menzendorff.de\/wp-content\/uploads\/2018\/04\/DSC_0025-1024x683.jpg 1024w, http:\/\/menzendorff.de\/wp-content\/uploads\/2018\/04\/DSC_0025-300x200.jpg 300w, http:\/\/menzendorff.de\/wp-content\/uploads\/2018\/04\/DSC_0025-768x512.jpg 768w, http:\/\/menzendorff.de\/wp-content\/uploads\/2018\/04\/DSC_0025-624x416.jpg 624w\" sizes=\"(max-width: 625px) 100vw, 625px\" \/><\/a><\/p>\n<p>Commanderie <strong>Marbotte, <\/strong>Adresse: A la Commanderie, D12, 55300 Apremont la For\u00eat, von Norden<strong><br \/>\n<\/strong><\/p>\n<p><a href=\"http:\/\/menzendorff.de\/wp-content\/uploads\/2012\/04\/20180304_123406.jpg\"><img loading=\"lazy\" class=\"alignleft size-large wp-image-3016\" src=\"http:\/\/menzendorff.de\/wp-content\/uploads\/2012\/04\/20180304_123406-1024x576.jpg\" alt=\"\" width=\"625\" height=\"352\" srcset=\"http:\/\/menzendorff.de\/wp-content\/uploads\/2012\/04\/20180304_123406-1024x576.jpg 1024w, http:\/\/menzendorff.de\/wp-content\/uploads\/2012\/04\/20180304_123406-300x169.jpg 300w, http:\/\/menzendorff.de\/wp-content\/uploads\/2012\/04\/20180304_123406-768x432.jpg 768w, http:\/\/menzendorff.de\/wp-content\/uploads\/2012\/04\/20180304_123406-624x351.jpg 624w\" sizes=\"(max-width: 625px) 100vw, 625px\" \/><\/a><\/p>\n<p style=\"text-align: center;\">Blick von S\u00fcden, nur zu Fu\u00df erreichbar.<\/p>\n<h3>3. Dagonville<\/h3>\n<p><a href=\"http:\/\/menzendorff.de\/wp-content\/uploads\/2012\/04\/20180304_130708.jpg\"><img loading=\"lazy\" class=\"alignleft size-large wp-image-3017\" src=\"http:\/\/menzendorff.de\/wp-content\/uploads\/2012\/04\/20180304_130708-1024x576.jpg\" alt=\"\" width=\"625\" height=\"352\" srcset=\"http:\/\/menzendorff.de\/wp-content\/uploads\/2012\/04\/20180304_130708-1024x576.jpg 1024w, http:\/\/menzendorff.de\/wp-content\/uploads\/2012\/04\/20180304_130708-300x169.jpg 300w, http:\/\/menzendorff.de\/wp-content\/uploads\/2012\/04\/20180304_130708-768x432.jpg 768w, http:\/\/menzendorff.de\/wp-content\/uploads\/2012\/04\/20180304_130708-624x351.jpg 624w\" sizes=\"(max-width: 625px) 100vw, 625px\" \/><\/a><\/p>\n<p style=\"text-align: center;\">\u00c9glise Saint-Martin, 55500 Dagonville<\/p>\n<h3>4. Doncourt aux Templiers<\/h3>\n<p><a href=\"http:\/\/menzendorff.de\/wp-content\/uploads\/2018\/04\/DSC_0097.jpg\"><img loading=\"lazy\" class=\"alignleft size-large wp-image-3022\" src=\"http:\/\/menzendorff.de\/wp-content\/uploads\/2018\/04\/DSC_0097-1024x683.jpg\" alt=\"\" width=\"625\" height=\"417\" srcset=\"http:\/\/menzendorff.de\/wp-content\/uploads\/2018\/04\/DSC_0097-1024x683.jpg 1024w, http:\/\/menzendorff.de\/wp-content\/uploads\/2018\/04\/DSC_0097-300x200.jpg 300w, http:\/\/menzendorff.de\/wp-content\/uploads\/2018\/04\/DSC_0097-768x512.jpg 768w, http:\/\/menzendorff.de\/wp-content\/uploads\/2018\/04\/DSC_0097-624x416.jpg 624w\" sizes=\"(max-width: 625px) 100vw, 625px\" \/><\/a><\/p>\n<p style=\"text-align: center;\">55160 Doncourt aux Templiers<\/p>\n<p>An die Templer erinnert nur noch der Name des \u00d6rtchens mit 67 Einwohnern. Die Kirche ist aus dem 18. Jahrhundert.<\/p>\n<p><a href=\"http:\/\/menzendorff.de\/wp-content\/uploads\/2018\/04\/DSC_0099.jpg\"><img loading=\"lazy\" class=\"alignleft size-large wp-image-3023\" src=\"http:\/\/menzendorff.de\/wp-content\/uploads\/2018\/04\/DSC_0099-1024x683.jpg\" alt=\"\" width=\"625\" height=\"417\" srcset=\"http:\/\/menzendorff.de\/wp-content\/uploads\/2018\/04\/DSC_0099-1024x683.jpg 1024w, http:\/\/menzendorff.de\/wp-content\/uploads\/2018\/04\/DSC_0099-300x200.jpg 300w, http:\/\/menzendorff.de\/wp-content\/uploads\/2018\/04\/DSC_0099-768x512.jpg 768w, http:\/\/menzendorff.de\/wp-content\/uploads\/2018\/04\/DSC_0099-624x416.jpg 624w\" sizes=\"(max-width: 625px) 100vw, 625px\" \/><\/a><\/p>\n<p style=\"text-align: left;\">lediglich an diesem Haus kann man die Verwendung alter Fensterlaibungen und -st\u00fcrze erkennen. Im \u00fcbrigen sieht man an diesem und auch an anderen H\u00e4usern die Verwendung von mittelalterlich behauenen Feldsteinen. Es gibt einen See in 50 m Entfernung und einen Bach. Die H\u00e4user stehen zum Gro\u00dfteil auf einem rechtwinkligen Areal, welches die Gr\u00f6\u00dfe einer Commanderie hat.<\/p>\n<p><a href=\"http:\/\/menzendorff.de\/wp-content\/uploads\/2019\/04\/Screenshot-2019-07-21-16.57.15.png\"><img loading=\"lazy\" class=\"alignleft size-full wp-image-3033\" src=\"http:\/\/menzendorff.de\/wp-content\/uploads\/2019\/04\/Screenshot-2019-07-21-16.57.15.png\" alt=\"\" width=\"776\" height=\"548\" srcset=\"http:\/\/menzendorff.de\/wp-content\/uploads\/2019\/04\/Screenshot-2019-07-21-16.57.15.png 776w, http:\/\/menzendorff.de\/wp-content\/uploads\/2019\/04\/Screenshot-2019-07-21-16.57.15-300x212.png 300w, http:\/\/menzendorff.de\/wp-content\/uploads\/2019\/04\/Screenshot-2019-07-21-16.57.15-768x542.png 768w, http:\/\/menzendorff.de\/wp-content\/uploads\/2019\/04\/Screenshot-2019-07-21-16.57.15-624x441.png 624w\" sizes=\"(max-width: 776px) 100vw, 776px\" \/><\/a><\/p>\n<p style=\"text-align: center;\">Quelle: Google maps<\/p>\n<p>Mit diesem letzten Eindruck machte ich mich endg\u00fcltig auf den Heimweg.<\/p>\n<p><a href=\"http:\/\/menzendorff.de\/wp-content\/uploads\/2012\/04\/Templer-Lothringen.png\"><img loading=\"lazy\" class=\"alignleft size-large wp-image-3019\" src=\"http:\/\/menzendorff.de\/wp-content\/uploads\/2012\/04\/Templer-Lothringen-1024x581.png\" alt=\"\" width=\"625\" height=\"355\" srcset=\"http:\/\/menzendorff.de\/wp-content\/uploads\/2012\/04\/Templer-Lothringen-1024x581.png 1024w, http:\/\/menzendorff.de\/wp-content\/uploads\/2012\/04\/Templer-Lothringen-300x170.png 300w, http:\/\/menzendorff.de\/wp-content\/uploads\/2012\/04\/Templer-Lothringen-768x436.png 768w, http:\/\/menzendorff.de\/wp-content\/uploads\/2012\/04\/Templer-Lothringen-624x354.png 624w, http:\/\/menzendorff.de\/wp-content\/uploads\/2012\/04\/Templer-Lothringen.png 1082w\" sizes=\"(max-width: 625px) 100vw, 625px\" \/><\/a><\/p>\n<p>Ich schlie\u00dfe den Beitrag mit einem Kartenausschnitt von Lothringen, der die Lage der angesprochenen Templerorte zeigt. Man erkennt den Ansatz einer &#8222;Templer-Stra\u00dfe&#8220; von Gelucourt \u00fcber Lun\u00e9ville und Rugney ins s\u00fcdliche Burgund.\u00a0 Von Gelucourt geht es nach Osten weiter \u00fcber den Templersitz Bouxwiller nach Haguenau (Templersitz m\u00f6glich aber nicht gewi\u00df, Johanniter aber waren hier). Und eine weitere Stra\u00dfe scheint von Lun\u00e9ville \u00fcber Libdeau und Marbotte nach Reims zu f\u00fchren. Das werde ich demn\u00e4chst untersuchen. Libdeau liegt an der alten Handelsroute von Metz nach Nancy, unmittelbar am linken Moselufer, an dieser wichtigen europ\u00e4ischen Handelsroute von Saarbr\u00fccken (oder auch Luxembourg)\u00a0 \u00fcber Dijon und Lyon nach N\u00eemes. Die Strecke Metz &#8211; Marbotte &#8211; Doncourt-les-Templiers und Dagonville liegt auf dem Weg von Saarbr\u00fccken nach Troyes,\u00a0\u00a0 Insoweit haben wir hier offenbar ein Drehkreuz von Stra\u00dfen vorliegen.<\/p>\n<p>&nbsp;<\/p>\n<p>&nbsp;<\/p>\n<p>Vielen Dank f\u00fcr Ihren Besuch und hoffentlich bis bald mal wieder.<\/p>\n<p>&nbsp;<\/p>\n<p>&nbsp;<\/p>\n<p>&nbsp;<\/p>\n<p>&nbsp;<\/p>\n","protected":false},"excerpt":{"rendered":"<p>Im M\u00e4rz 2018 folgte ich der Einladung meines Freundes und Templerforschers Christophe Staf aus Belgien zu einem Symposium \u00fcber die Templer: Die Veranstaltung fand im Ch\u00e2teau de Lun\u00e9ville, dem &#8222;Versailles Lothringens&#8220; (wikipedia) statt. Das Schloss hat in der Tat beachtliche Ausma\u00dfe: Ch\u00e2teau de Lun\u00e9ville, 1703 &#8211; 1720 Der Nordfl\u00fcgel, aus dem Hotelzimmer fotografiert Alain Demurger, [&hellip;]<\/p>\n","protected":false},"author":2,"featured_media":0,"comment_status":"open","ping_status":"open","sticky":false,"template":"","format":"standard","meta":[],"categories":[11],"tags":[],"_links":{"self":[{"href":"http:\/\/menzendorff.de\/index.php?rest_route=\/wp\/v2\/posts\/2433"}],"collection":[{"href":"http:\/\/menzendorff.de\/index.php?rest_route=\/wp\/v2\/posts"}],"about":[{"href":"http:\/\/menzendorff.de\/index.php?rest_route=\/wp\/v2\/types\/post"}],"author":[{"embeddable":true,"href":"http:\/\/menzendorff.de\/index.php?rest_route=\/wp\/v2\/users\/2"}],"replies":[{"embeddable":true,"href":"http:\/\/menzendorff.de\/index.php?rest_route=%2Fwp%2Fv2%2Fcomments&post=2433"}],"version-history":[{"count":15,"href":"http:\/\/menzendorff.de\/index.php?rest_route=\/wp\/v2\/posts\/2433\/revisions"}],"predecessor-version":[{"id":3195,"href":"http:\/\/menzendorff.de\/index.php?rest_route=\/wp\/v2\/posts\/2433\/revisions\/3195"}],"wp:attachment":[{"href":"http:\/\/menzendorff.de\/index.php?rest_route=%2Fwp%2Fv2%2Fmedia&parent=2433"}],"wp:term":[{"taxonomy":"category","embeddable":true,"href":"http:\/\/menzendorff.de\/index.php?rest_route=%2Fwp%2Fv2%2Fcategories&post=2433"},{"taxonomy":"post_tag","embeddable":true,"href":"http:\/\/menzendorff.de\/index.php?rest_route=%2Fwp%2Fv2%2Ftags&post=2433"}],"curies":[{"name":"wp","href":"https:\/\/api.w.org\/{rel}","templated":true}]}}