{"id":2440,"date":"2019-04-01T19:41:23","date_gmt":"2019-04-01T17:41:23","guid":{"rendered":"http:\/\/menzendorff.de\/?p=2440"},"modified":"2019-04-21T09:24:07","modified_gmt":"2019-04-21T07:24:07","slug":"die-kreuzritter-kommenden-der-schweiz-2018","status":"publish","type":"post","link":"http:\/\/menzendorff.de\/?p=2440","title":{"rendered":"Die Kreuzritter-Kommenden der Schweiz, 2018"},"content":{"rendered":"<p>Anfang September hatte es endlich geklappt. Mein schweizerischer Freund\u00a0J\u00fcrg Caluori und ich hatten schon seit l\u00e4ngerem eine Tour zu den Ordensrittern in der Schweiz geplant. Wir kennen uns seit 2005 von einigen gemeinsamen Templer- und Recherchereisen im Languedoc und wissen daher um unsere Belastbarkeit beim Er<strong>fahr<\/strong>en und Besichtigen von alten Kirchen und beim St\u00f6bern in dicken B\u00fcchern. Ausserdem testen wir beide in den Abendstunden immer wieder gerne, ob es stimmt, dass nur gutes Essen und Trinken den Reisenden bei Laune h\u00e4lt. Und ja, wir hatten auch diesmal wieder Recht gehabt.<\/p>\n<p>J\u00fcrg hatte dankenswerter Weise schon\u00a0 lange vorher einen exakten Reiseplan f\u00fcr die Tour erstellt und die erforderliche Literatur beschafft: Es gibt praktisch nur ein Referenzwerk \u00fcber die Niederlassungen der Ritterorden in der Schweiz: Das von 1964 bis 2007 erschienene Handbuch <b>Helvetia Sacra<\/b> erfasst systematisch die katholischen Institutionen der Schweiz. Der erste Band erschien 1972, der Abschlussband mit dem Index 2007. Insgesamt ca. 20&#8217;000 Seiten sind in 28 B\u00e4nden bzw. 34 Teilb\u00e4nden von 233 Autoren aus der Schweiz und dem Ausland erarbeitet worden. (<a href=\"https:\/\/de.wikipedia.org\/wiki\/Helvetia_Sacra\" target=\"_blank\" rel=\"noopener\">Wikipedia<\/a>). Ich werde im folgenden Bericht Zitate aus diesem Werk immer mit &#8222;H.S.&#8220; und mit der Angabe des Namens des Autors des betreffenden Beitrages und der jeweiligen Seitenzahl kenntlich machen.<\/p>\n<p style=\"text-align: center;\">\u00dcbersicht \u00fcber die Kommenden in der Schweiz und im Bodenseeraum<\/p>\n<p><a href=\"http:\/\/menzendorff.de\/wp-content\/uploads\/2012\/02\/Schweiz.png\"><img loading=\"lazy\" class=\"alignleft size-large wp-image-2619\" src=\"http:\/\/menzendorff.de\/wp-content\/uploads\/2012\/02\/Schweiz-1024x620.png\" alt=\"\" width=\"625\" height=\"378\" srcset=\"http:\/\/menzendorff.de\/wp-content\/uploads\/2012\/02\/Schweiz-1024x620.png 1024w, http:\/\/menzendorff.de\/wp-content\/uploads\/2012\/02\/Schweiz-300x182.png 300w, http:\/\/menzendorff.de\/wp-content\/uploads\/2012\/02\/Schweiz-768x465.png 768w, http:\/\/menzendorff.de\/wp-content\/uploads\/2012\/02\/Schweiz-624x378.png 624w, http:\/\/menzendorff.de\/wp-content\/uploads\/2012\/02\/Schweiz.png 1125w\" sizes=\"(max-width: 625px) 100vw, 625px\" \/><\/a><\/p>\n<p style=\"text-align: center;\">(Copyright: Google Maps und Markus Menzendorff)<\/p>\n<p>Die Kommende Beuggen liegt in Deutschland und der schweizerischen Stadt Rheinfelden unmittelbar gegen\u00fcber. Insoweit ist die Karte nicht ganz akkurat. Auch Mainau und \u00dcberlingen sind nat\u00fcrlich deutsche Orte.\u00a0 Die heutigen Landesgrenzen spielten f\u00fcr die Ausbreitung der Ritterorden damals jedoch so gut wie keine Rolle. Man sieht, dass in der Zentralschweiz und der Ostschweiz keine Templerniederlassungen vorhanden waren. Zu dieser Frage folgt sp\u00e4ter noch eine kleine Abhandlung.<\/p>\n<h1>1. Kanton Thurgau<\/h1>\n<p>Die Reise beginnt in der Ostschweiz, wo J\u00fcrg Caluori wohnt. Ich war am Tag zuvor angereist, nachdem ich noch in W\u00fcrzburg die Deutschordenskommende und in Kleinerdlingen das ehemalige Johanniterschloss (jetzt eine gew\u00f6hnliche WEG Anlage) noch fotografisch eingefangen habe.\u00a0 Wir haben im <a href=\"http:\/\/falkenburg-wil.ch\/restaurant\/#Gaststube\" target=\"_blank\" rel=\"noopener\">Restaurant Falkenburg<\/a> in Wil (sehr zu empfehlen) opulent zu Abend gegessen und mit dem einen oder anderen Gl\u00e4schen auf fr\u00fchere und das bevorstehende Abenteuer angesto\u00dfen.<\/p>\n<h2>1.1 Tobel<\/h2>\n<p>Nach einem ausgezeichneten Fr\u00fchst\u00fcck (nochmal danke vielmals, liebe Edith!) mit Croissants, die in der Schweiz aber &#8222;Gipfel&#8220; hei\u00dfen, machten wir uns gegen 9:00 bei Nieselregen auf zum ersten Ziel, das wir nach 8 Km erreichten.<\/p>\n<p><a href=\"http:\/\/menzendorff.de\/wp-content\/uploads\/2012\/02\/DSC_0082.jpg\"><img loading=\"lazy\" class=\"alignleft size-large wp-image-2626\" src=\"http:\/\/menzendorff.de\/wp-content\/uploads\/2012\/02\/DSC_0082-1024x683.jpg\" alt=\"\" width=\"625\" height=\"417\" srcset=\"http:\/\/menzendorff.de\/wp-content\/uploads\/2012\/02\/DSC_0082-1024x683.jpg 1024w, http:\/\/menzendorff.de\/wp-content\/uploads\/2012\/02\/DSC_0082-300x200.jpg 300w, http:\/\/menzendorff.de\/wp-content\/uploads\/2012\/02\/DSC_0082-768x512.jpg 768w, http:\/\/menzendorff.de\/wp-content\/uploads\/2012\/02\/DSC_0082-624x416.jpg 624w\" sizes=\"(max-width: 625px) 100vw, 625px\" \/><\/a><\/p>\n<p style=\"text-align: center;\">Johanniter-Komturei Tobel, 9555 Tobel\/Thurgau<\/p>\n<p><a href=\"http:\/\/menzendorff.de\/wp-content\/uploads\/2012\/02\/DSC_0079.jpg\"><img loading=\"lazy\" class=\"alignleft size-large wp-image-2625\" src=\"http:\/\/menzendorff.de\/wp-content\/uploads\/2012\/02\/DSC_0079-1024x683.jpg\" alt=\"\" width=\"625\" height=\"417\" srcset=\"http:\/\/menzendorff.de\/wp-content\/uploads\/2012\/02\/DSC_0079-1024x683.jpg 1024w, http:\/\/menzendorff.de\/wp-content\/uploads\/2012\/02\/DSC_0079-300x200.jpg 300w, http:\/\/menzendorff.de\/wp-content\/uploads\/2012\/02\/DSC_0079-768x512.jpg 768w, http:\/\/menzendorff.de\/wp-content\/uploads\/2012\/02\/DSC_0079-624x416.jpg 624w\" sizes=\"(max-width: 625px) 100vw, 625px\" \/><\/a><\/p>\n<p style=\"text-align: center;\">Innenansicht der sehr gut instand gehaltenen Kirche mit Barockaltar<\/p>\n<p>Die Gr\u00fcndung der Komturei Tobel erfolgte 1226, was durch die erst 1503 gefertigte Kopie einer Urkunde aus dem Jahre 1228 best\u00e4tigt wird. Patron ist Johannes der T\u00e4ufer. Die Gr\u00fcndung erfolgte zur S\u00fchne f\u00fcr einen Brudermord in einem Familienstreit der Grafen von Toggenburg (H.S.-B\u00fchler, Band 7, Teil 1,\u00a0 S. 474ff.). Die Komturei liegt auf einem kleinen H\u00fcgel \u00fcberhalb der Gemeinde Tobel.<\/p>\n<h1>2. Kanton Z\u00fcrich<\/h1>\n<p>Etwa 53 Km weiter westlich lag unser zweites Tagesziel, die Lazariterkirche von Gfenn. Der Lazariterorden, der sich auf das Betreiben von Leprosenh\u00e4usern spezialisiert hat, steht zwar nicht im Focus der Untersuchungen dieser Homepage. Allerdings war er \u00fcber die Kreuzz\u00fcge mit den \u00fcbrigen Ritterorden &#8211; thematisch und geografisch &#8211; aufs Engste verbunden und ebenfalls ein milit\u00e4rischer Orden. Zudem ist die Kapelle\u00a0 in Gfenn ein wundersch\u00f6nes und gut erhaltenes Relikt aus dem 13. Jahrhundert, soda\u00df wir den Ort mit auf die Tagesordnung gesetzt haben.\u00a0 (Zu den Lazaritern allgemein H.S.-Degler-Spengler, Band 7., 2. Teil S. 812-867).<\/p>\n<h2>2.1 Gfenn<\/h2>\n<p>Die Lazariterkirche von Gfenn war vermutlich der hl. Maria gewidmet und ist erstmals 1250 urkundlich erw\u00e4hnt (H.S.-Degler-Spengler, Band 7., 2. Teil S. 887ff.)<\/p>\n<p><a href=\"http:\/\/menzendorff.de\/wp-content\/uploads\/2012\/02\/DSC_0083.jpg\"><img loading=\"lazy\" class=\"alignleft size-large wp-image-2627\" src=\"http:\/\/menzendorff.de\/wp-content\/uploads\/2012\/02\/DSC_0083-1024x683.jpg\" alt=\"\" width=\"625\" height=\"417\" srcset=\"http:\/\/menzendorff.de\/wp-content\/uploads\/2012\/02\/DSC_0083-1024x683.jpg 1024w, http:\/\/menzendorff.de\/wp-content\/uploads\/2012\/02\/DSC_0083-300x200.jpg 300w, http:\/\/menzendorff.de\/wp-content\/uploads\/2012\/02\/DSC_0083-768x512.jpg 768w, http:\/\/menzendorff.de\/wp-content\/uploads\/2012\/02\/DSC_0083-624x416.jpg 624w\" sizes=\"(max-width: 625px) 100vw, 625px\" \/><\/a><\/p>\n<p style=\"text-align: center;\">Westfassade der Lazariterkirche Gfenn, Gemeinde 8600 D\u00fcbendorf, Kanton Z\u00fcrich.<\/p>\n<p><a href=\"http:\/\/menzendorff.de\/wp-content\/uploads\/2012\/02\/DSC_0098.jpg\"><img loading=\"lazy\" class=\"alignleft size-large wp-image-2628\" src=\"http:\/\/menzendorff.de\/wp-content\/uploads\/2012\/02\/DSC_0098-1024x683.jpg\" alt=\"\" width=\"625\" height=\"417\" srcset=\"http:\/\/menzendorff.de\/wp-content\/uploads\/2012\/02\/DSC_0098-1024x683.jpg 1024w, http:\/\/menzendorff.de\/wp-content\/uploads\/2012\/02\/DSC_0098-300x200.jpg 300w, http:\/\/menzendorff.de\/wp-content\/uploads\/2012\/02\/DSC_0098-768x512.jpg 768w, http:\/\/menzendorff.de\/wp-content\/uploads\/2012\/02\/DSC_0098-624x416.jpg 624w\" sizes=\"(max-width: 625px) 100vw, 625px\" \/><\/a><\/p>\n<p style=\"text-align: center;\">Detail der Malereien im Innenraum<\/p>\n<h2>2.2 K\u00fcsnacht<\/h2>\n<p>Bis zu unserem n\u00e4chsten Ziel am Ufer des Z\u00fcrichsees waren es nur wenige Kilometer:<\/p>\n<p><a href=\"http:\/\/menzendorff.de\/wp-content\/uploads\/2012\/02\/DSC_0109.jpg\"><img loading=\"lazy\" class=\"alignleft size-large wp-image-2629\" src=\"http:\/\/menzendorff.de\/wp-content\/uploads\/2012\/02\/DSC_0109-1024x683.jpg\" alt=\"\" width=\"625\" height=\"417\" srcset=\"http:\/\/menzendorff.de\/wp-content\/uploads\/2012\/02\/DSC_0109-1024x683.jpg 1024w, http:\/\/menzendorff.de\/wp-content\/uploads\/2012\/02\/DSC_0109-300x200.jpg 300w, http:\/\/menzendorff.de\/wp-content\/uploads\/2012\/02\/DSC_0109-768x512.jpg 768w, http:\/\/menzendorff.de\/wp-content\/uploads\/2012\/02\/DSC_0109-624x416.jpg 624w\" sizes=\"(max-width: 625px) 100vw, 625px\" \/><\/a><\/p>\n<p style=\"text-align: center;\">Johanniterkirche St. Georg, K\u00fcsnacht, S\u00fcdansicht vom Parkplatz \u00fcber dem Dorfbach<\/p>\n<p><a href=\"http:\/\/menzendorff.de\/wp-content\/uploads\/2012\/02\/DSC_0116.jpg\"><img loading=\"lazy\" class=\"alignleft size-large wp-image-2630\" src=\"http:\/\/menzendorff.de\/wp-content\/uploads\/2012\/02\/DSC_0116-1024x683.jpg\" alt=\"\" width=\"625\" height=\"417\" srcset=\"http:\/\/menzendorff.de\/wp-content\/uploads\/2012\/02\/DSC_0116-1024x683.jpg 1024w, http:\/\/menzendorff.de\/wp-content\/uploads\/2012\/02\/DSC_0116-300x200.jpg 300w, http:\/\/menzendorff.de\/wp-content\/uploads\/2012\/02\/DSC_0116-768x512.jpg 768w, http:\/\/menzendorff.de\/wp-content\/uploads\/2012\/02\/DSC_0116-624x416.jpg 624w\" sizes=\"(max-width: 625px) 100vw, 625px\" \/><\/a><\/p>\n<p style=\"text-align: center;\">restaurierte Malereien im Innern<\/p>\n<p>Die Kommende wurde zwischen 1358 und 1372 gegr\u00fcndet. Die Kirche St. Georg ist seit dem 21.09.1332 nachweisbar (H.S. Feller-Vest, Bd. 7, Teil 1, S. 282 ff.). In den ehemaligen Geb\u00e4uden der Kommende aus dem 18. Jahrhundert befindet sich heute die Kantonsschule K\u00fcsnacht.<\/p>\n<h2>2.3 Bubikon<\/h2>\n<p>Nach weiteren 30 Km (einer bequemen Tagesetappe f\u00fcr Fu\u00dfg\u00e4nger im Mittealter) erreichten wir die wohl \u00e4lteste und gewi\u00df am besten erhaltene Johanniter-Kommende in der Schweiz.<\/p>\n<p><a href=\"http:\/\/menzendorff.de\/wp-content\/uploads\/2012\/02\/DSC_0135.jpg\"><img loading=\"lazy\" class=\"alignleft size-large wp-image-2631\" src=\"http:\/\/menzendorff.de\/wp-content\/uploads\/2012\/02\/DSC_0135-1024x683.jpg\" alt=\"\" width=\"625\" height=\"417\" srcset=\"http:\/\/menzendorff.de\/wp-content\/uploads\/2012\/02\/DSC_0135-1024x683.jpg 1024w, http:\/\/menzendorff.de\/wp-content\/uploads\/2012\/02\/DSC_0135-300x200.jpg 300w, http:\/\/menzendorff.de\/wp-content\/uploads\/2012\/02\/DSC_0135-768x512.jpg 768w, http:\/\/menzendorff.de\/wp-content\/uploads\/2012\/02\/DSC_0135-624x416.jpg 624w\" sizes=\"(max-width: 625px) 100vw, 625px\" \/><\/a><\/p>\n<p style=\"text-align: center;\">Blick von Eingang im Westen auf die Kapelle und das Haupthaus<\/p>\n<p><a href=\"http:\/\/menzendorff.de\/wp-content\/uploads\/2012\/02\/DSC_0157.jpg\"><img loading=\"lazy\" class=\"alignleft size-large wp-image-2633\" src=\"http:\/\/menzendorff.de\/wp-content\/uploads\/2012\/02\/DSC_0157-1024x683.jpg\" alt=\"\" width=\"625\" height=\"417\" srcset=\"http:\/\/menzendorff.de\/wp-content\/uploads\/2012\/02\/DSC_0157-1024x683.jpg 1024w, http:\/\/menzendorff.de\/wp-content\/uploads\/2012\/02\/DSC_0157-300x200.jpg 300w, http:\/\/menzendorff.de\/wp-content\/uploads\/2012\/02\/DSC_0157-768x512.jpg 768w, http:\/\/menzendorff.de\/wp-content\/uploads\/2012\/02\/DSC_0157-624x416.jpg 624w\" sizes=\"(max-width: 625px) 100vw, 625px\" \/><\/a><\/p>\n<p style=\"text-align: center;\">Eingang zur Kapelle, W\u00e4chterfiguren, wie man sie von anderen Einrichtungen der Templer und Johanniter kennt.<\/p>\n<p><a href=\"http:\/\/menzendorff.de\/wp-content\/uploads\/2012\/02\/DSC_0166-1.jpg\"><img loading=\"lazy\" class=\"alignleft size-large wp-image-2634\" src=\"http:\/\/menzendorff.de\/wp-content\/uploads\/2012\/02\/DSC_0166-1-1024x683.jpg\" alt=\"\" width=\"625\" height=\"417\" srcset=\"http:\/\/menzendorff.de\/wp-content\/uploads\/2012\/02\/DSC_0166-1-1024x683.jpg 1024w, http:\/\/menzendorff.de\/wp-content\/uploads\/2012\/02\/DSC_0166-1-300x200.jpg 300w, http:\/\/menzendorff.de\/wp-content\/uploads\/2012\/02\/DSC_0166-1-768x512.jpg 768w, http:\/\/menzendorff.de\/wp-content\/uploads\/2012\/02\/DSC_0166-1-624x416.jpg 624w\" sizes=\"(max-width: 625px) 100vw, 625px\" \/><\/a><\/p>\n<p style=\"text-align: center;\">Restaurierte mittelalterliche Wandgem\u00e4lde<\/p>\n<p style=\"text-align: center;\"><a href=\"http:\/\/menzendorff.de\/wp-content\/uploads\/2012\/02\/DSC_0175.jpg\"><img loading=\"lazy\" class=\"alignleft size-large wp-image-2635\" src=\"http:\/\/menzendorff.de\/wp-content\/uploads\/2012\/02\/DSC_0175-1024x683.jpg\" alt=\"\" width=\"625\" height=\"417\" srcset=\"http:\/\/menzendorff.de\/wp-content\/uploads\/2012\/02\/DSC_0175-1024x683.jpg 1024w, http:\/\/menzendorff.de\/wp-content\/uploads\/2012\/02\/DSC_0175-300x200.jpg 300w, http:\/\/menzendorff.de\/wp-content\/uploads\/2012\/02\/DSC_0175-768x512.jpg 768w, http:\/\/menzendorff.de\/wp-content\/uploads\/2012\/02\/DSC_0175-624x416.jpg 624w\" sizes=\"(max-width: 625px) 100vw, 625px\" \/><\/a><\/p>\n<p style=\"text-align: center;\">Johannes der T\u00e4ufer, links und Inschrift aus dem Jahr 1192<\/p>\n<p><a href=\"http:\/\/menzendorff.de\/wp-content\/uploads\/2012\/02\/DSC_0143.jpg\"><img loading=\"lazy\" class=\"alignleft size-large wp-image-2632\" src=\"http:\/\/menzendorff.de\/wp-content\/uploads\/2012\/02\/DSC_0143-1024x683.jpg\" alt=\"\" width=\"625\" height=\"417\" srcset=\"http:\/\/menzendorff.de\/wp-content\/uploads\/2012\/02\/DSC_0143-1024x683.jpg 1024w, http:\/\/menzendorff.de\/wp-content\/uploads\/2012\/02\/DSC_0143-300x200.jpg 300w, http:\/\/menzendorff.de\/wp-content\/uploads\/2012\/02\/DSC_0143-768x512.jpg 768w, http:\/\/menzendorff.de\/wp-content\/uploads\/2012\/02\/DSC_0143-624x416.jpg 624w\" sizes=\"(max-width: 625px) 100vw, 625px\" \/><\/a><\/p>\n<p style=\"text-align: center;\">Im s\u00fcdlichen Komtureihauptgeb\u00e4ude befinden sich get\u00e4felte Versammlungss\u00e4le und das Maltesermuseum<\/p>\n<p><a href=\"http:\/\/menzendorff.de\/wp-content\/uploads\/2012\/02\/Screenshot-2019-04-13-17.11.16.png\"><img loading=\"lazy\" class=\"alignleft size-large wp-image-2698\" src=\"http:\/\/menzendorff.de\/wp-content\/uploads\/2012\/02\/Screenshot-2019-04-13-17.11.16-1024x635.png\" alt=\"\" width=\"625\" height=\"388\" srcset=\"http:\/\/menzendorff.de\/wp-content\/uploads\/2012\/02\/Screenshot-2019-04-13-17.11.16-1024x635.png 1024w, http:\/\/menzendorff.de\/wp-content\/uploads\/2012\/02\/Screenshot-2019-04-13-17.11.16-300x186.png 300w, http:\/\/menzendorff.de\/wp-content\/uploads\/2012\/02\/Screenshot-2019-04-13-17.11.16-768x476.png 768w, http:\/\/menzendorff.de\/wp-content\/uploads\/2012\/02\/Screenshot-2019-04-13-17.11.16-624x387.png 624w, http:\/\/menzendorff.de\/wp-content\/uploads\/2012\/02\/Screenshot-2019-04-13-17.11.16.png 1399w\" sizes=\"(max-width: 625px) 100vw, 625px\" \/><\/a><\/p>\n<p><span class=\"mw-mmv-title\">\u00c4lteste Darstellung der Kommende um 1530. Zeichnung aus der Schweizer- und Reformationschronik von Johannes Stumpf. Zentralbibliothek Z\u00fcrich. <\/span>(<a href=\"https:\/\/de.wikipedia.org\/wiki\/Ritterhaus_Bubikon#\/media\/File:Bubikon_16Jh.jpg\" target=\"_blank\" rel=\"noopener\">Wikipedia<\/a>)<\/p>\n<p>Die Kommende Bubikon wurde zwischen 1191 und 1198 gegr\u00fcndet und dem Patronat von Johannes dem T\u00e4ufer unterstellt (H.S. Feller-Vest, Band 7, Teil 1, S. 135 ff.).<\/p>\n<h2>2.4 W\u00e4denswil<\/h2>\n<p>Von Bubikon sind es &#8211; unter Benutzung des Seedamms &#8211; ca. 23 zur n\u00e4chsten Johanniterstation W\u00e4denswil. Es ist jedoch nur noch eine Ruine erhalten. Die Besteigung der Burgruine gelang erst rund ein halbes Jahr sp\u00e4ter. Ich konnte eine Dienstreise mit einem Abstecher in die Schweiz verbinden. Man gelangt nur zu Fu\u00df hinauf. Der Weg hinauf ist f\u00fcr Fahrzeuge strengstens verboten und viel zu schmal. Es war aber auch weniger schlimm, als es zun\u00e4chst den Anschein hatte. Es geht etwa drei- oder vierhundert Meter und nicht allzu steil bergauf. Die M\u00fchen haben sich allemal gelohnt:<\/p>\n<p><a href=\"http:\/\/menzendorff.de\/wp-content\/uploads\/2019\/04\/DSC_0057.jpg\"><img loading=\"lazy\" class=\"alignleft size-large wp-image-2732\" src=\"http:\/\/menzendorff.de\/wp-content\/uploads\/2019\/04\/DSC_0057-1024x683.jpg\" alt=\"\" width=\"625\" height=\"417\" srcset=\"http:\/\/menzendorff.de\/wp-content\/uploads\/2019\/04\/DSC_0057-1024x683.jpg 1024w, http:\/\/menzendorff.de\/wp-content\/uploads\/2019\/04\/DSC_0057-300x200.jpg 300w, http:\/\/menzendorff.de\/wp-content\/uploads\/2019\/04\/DSC_0057-768x512.jpg 768w, http:\/\/menzendorff.de\/wp-content\/uploads\/2019\/04\/DSC_0057-624x416.jpg 624w\" sizes=\"(max-width: 625px) 100vw, 625px\" \/><\/a><\/p>\n<p style=\"text-align: center;\">Aufstieg und Blick auf die Burg von S\u00fcden<\/p>\n<p>Die postalische Adresse f\u00fcrs Navi lautet 8805 Richterswil, Unter Altschloss. Unten ist ein \u00f6ffentlicher Parkplatz.<\/p>\n<p><a href=\"http:\/\/menzendorff.de\/wp-content\/uploads\/2019\/04\/DSC_0077.jpg\"><img loading=\"lazy\" class=\"alignleft size-large wp-image-2728\" src=\"http:\/\/menzendorff.de\/wp-content\/uploads\/2019\/04\/DSC_0077-1024x683.jpg\" alt=\"\" width=\"625\" height=\"417\" srcset=\"http:\/\/menzendorff.de\/wp-content\/uploads\/2019\/04\/DSC_0077-1024x683.jpg 1024w, http:\/\/menzendorff.de\/wp-content\/uploads\/2019\/04\/DSC_0077-300x200.jpg 300w, http:\/\/menzendorff.de\/wp-content\/uploads\/2019\/04\/DSC_0077-768x512.jpg 768w, http:\/\/menzendorff.de\/wp-content\/uploads\/2019\/04\/DSC_0077-624x416.jpg 624w\" sizes=\"(max-width: 625px) 100vw, 625px\" \/><\/a><\/p>\n<p style=\"text-align: center;\">Nordflanke der beiden Geb\u00e4udet\u00fcrme<\/p>\n<p><a href=\"http:\/\/menzendorff.de\/wp-content\/uploads\/2019\/04\/DSC_0062.jpg\"><img loading=\"lazy\" class=\"alignleft size-large wp-image-2731\" src=\"http:\/\/menzendorff.de\/wp-content\/uploads\/2019\/04\/DSC_0062-1024x683.jpg\" alt=\"\" width=\"625\" height=\"417\" srcset=\"http:\/\/menzendorff.de\/wp-content\/uploads\/2019\/04\/DSC_0062-1024x683.jpg 1024w, http:\/\/menzendorff.de\/wp-content\/uploads\/2019\/04\/DSC_0062-300x200.jpg 300w, http:\/\/menzendorff.de\/wp-content\/uploads\/2019\/04\/DSC_0062-768x512.jpg 768w, http:\/\/menzendorff.de\/wp-content\/uploads\/2019\/04\/DSC_0062-624x416.jpg 624w\" sizes=\"(max-width: 625px) 100vw, 625px\" \/><\/a><\/p>\n<p style=\"text-align: center;\">Westlicher Geb\u00e4udeturm<\/p>\n<p><a href=\"http:\/\/menzendorff.de\/wp-content\/uploads\/2019\/04\/DSC_0061.jpg\"><img loading=\"lazy\" class=\"alignleft size-large wp-image-2730\" src=\"http:\/\/menzendorff.de\/wp-content\/uploads\/2019\/04\/DSC_0061-1024x683.jpg\" alt=\"\" width=\"625\" height=\"417\" srcset=\"http:\/\/menzendorff.de\/wp-content\/uploads\/2019\/04\/DSC_0061-1024x683.jpg 1024w, http:\/\/menzendorff.de\/wp-content\/uploads\/2019\/04\/DSC_0061-300x200.jpg 300w, http:\/\/menzendorff.de\/wp-content\/uploads\/2019\/04\/DSC_0061-768x512.jpg 768w, http:\/\/menzendorff.de\/wp-content\/uploads\/2019\/04\/DSC_0061-624x416.jpg 624w\" sizes=\"(max-width: 625px) 100vw, 625px\" \/><\/a><\/p>\n<p style=\"text-align: center;\">S\u00fcd\u00f6stliche Ringmauer<\/p>\n<p>Der Hinweistafel am Eingang kann man entnehmen, dass die Johanniter die Burg im Jahre 1297 gekauft und anschlie\u00dfend \u00fcbernommen haben.<\/p>\n<p><a href=\"http:\/\/menzendorff.de\/wp-content\/uploads\/2012\/02\/Screenshot-2019-04-06-11.43.49.png\"><img loading=\"lazy\" class=\"alignleft size-large wp-image-2687\" src=\"http:\/\/menzendorff.de\/wp-content\/uploads\/2012\/02\/Screenshot-2019-04-06-11.43.49-1024x721.png\" alt=\"\" width=\"625\" height=\"440\" srcset=\"http:\/\/menzendorff.de\/wp-content\/uploads\/2012\/02\/Screenshot-2019-04-06-11.43.49-1024x721.png 1024w, http:\/\/menzendorff.de\/wp-content\/uploads\/2012\/02\/Screenshot-2019-04-06-11.43.49-300x211.png 300w, http:\/\/menzendorff.de\/wp-content\/uploads\/2012\/02\/Screenshot-2019-04-06-11.43.49-768x541.png 768w, http:\/\/menzendorff.de\/wp-content\/uploads\/2012\/02\/Screenshot-2019-04-06-11.43.49-624x440.png 624w, http:\/\/menzendorff.de\/wp-content\/uploads\/2012\/02\/Screenshot-2019-04-06-11.43.49.png 1235w\" sizes=\"(max-width: 625px) 100vw, 625px\" \/><\/a><\/p>\n<p style=\"text-align: center;\">\u00a0Gygerkarte von 1667, Quelle (<a href=\"https:\/\/de.wikipedia.org\/wiki\/Ruine_Alt-W%C3%A4denswil\" target=\"_blank\" rel=\"noopener\">Wikipedia<\/a>)<\/p>\n<h1>3. Kanton Luzern<\/h1>\n<p>Von W\u00e4denswil sind es 36 Km zur n\u00e4chsten Johanniterkommende in<\/p>\n<h2>3.1 Hohenrain<\/h2>\n<p>Die Kommende Hohenrain entdeckt man schon von weitem:<\/p>\n<p><a href=\"http:\/\/menzendorff.de\/wp-content\/uploads\/2012\/02\/Hohenrain.jpg\"><img loading=\"lazy\" class=\"alignleft size-large wp-image-2711\" src=\"http:\/\/menzendorff.de\/wp-content\/uploads\/2012\/02\/Hohenrain-1024x618.jpg\" alt=\"\" width=\"625\" height=\"377\" srcset=\"http:\/\/menzendorff.de\/wp-content\/uploads\/2012\/02\/Hohenrain-1024x618.jpg 1024w, http:\/\/menzendorff.de\/wp-content\/uploads\/2012\/02\/Hohenrain-300x181.jpg 300w, http:\/\/menzendorff.de\/wp-content\/uploads\/2012\/02\/Hohenrain-768x464.jpg 768w, http:\/\/menzendorff.de\/wp-content\/uploads\/2012\/02\/Hohenrain-624x377.jpg 624w\" sizes=\"(max-width: 625px) 100vw, 625px\" \/><\/a><\/p>\n<p style=\"text-align: center;\">Ansicht von der Dorfstrasse aus S\u00fcden<\/p>\n<p><a href=\"http:\/\/menzendorff.de\/wp-content\/uploads\/2012\/02\/DSC_0263.jpg\"><img loading=\"lazy\" class=\"alignleft size-large wp-image-2637\" src=\"http:\/\/menzendorff.de\/wp-content\/uploads\/2012\/02\/DSC_0263-1024x683.jpg\" alt=\"\" width=\"625\" height=\"417\" srcset=\"http:\/\/menzendorff.de\/wp-content\/uploads\/2012\/02\/DSC_0263-1024x683.jpg 1024w, http:\/\/menzendorff.de\/wp-content\/uploads\/2012\/02\/DSC_0263-300x200.jpg 300w, http:\/\/menzendorff.de\/wp-content\/uploads\/2012\/02\/DSC_0263-768x512.jpg 768w, http:\/\/menzendorff.de\/wp-content\/uploads\/2012\/02\/DSC_0263-624x416.jpg 624w\" sizes=\"(max-width: 625px) 100vw, 625px\" \/><\/a><\/p>\n<p style=\"text-align: center;\">Ansicht von der Dorfstrasse<\/p>\n<p><a href=\"http:\/\/menzendorff.de\/wp-content\/uploads\/2012\/02\/DSC_0274-1.jpg\"><img loading=\"lazy\" class=\"alignleft size-large wp-image-2700\" src=\"http:\/\/menzendorff.de\/wp-content\/uploads\/2012\/02\/DSC_0274-1-1024x740.jpg\" alt=\"\" width=\"625\" height=\"452\" srcset=\"http:\/\/menzendorff.de\/wp-content\/uploads\/2012\/02\/DSC_0274-1-1024x740.jpg 1024w, http:\/\/menzendorff.de\/wp-content\/uploads\/2012\/02\/DSC_0274-1-300x217.jpg 300w, http:\/\/menzendorff.de\/wp-content\/uploads\/2012\/02\/DSC_0274-1-768x555.jpg 768w, http:\/\/menzendorff.de\/wp-content\/uploads\/2012\/02\/DSC_0274-1-624x451.jpg 624w\" sizes=\"(max-width: 625px) 100vw, 625px\" \/><\/a><\/p>\n<p style=\"text-align: center;\">\u00dcbersichtstafel<\/p>\n<p>Die Kommende wurde um 1175 gegr\u00fcndet. Patron ist Johannes der T\u00e4ufer. Die Kommende Hohenrain liegt auf einem schon zur R\u00f6merzeit besiedelten Berg &#8222;oberhalb der mittelalterlichen Seetalstrasse, die den Reuss\u00fcbergang Nieder-Eschenbach mit der Drehscheibe Brugg verband&#8220;. (H.S. Glauser S. 233)<\/p>\n<h2>3.2 Hitzkirch<\/h2>\n<p>Zur n\u00e4chsten und zugleich letzten Station des Tages waren es nur noch 9 Kilometer. Die Deutschordenskommende mit einer recht gro\u00dfen Kirche und einem riesigen Schlo\u00dfbau befindet sich in der Ortsmitte und ist nicht zu verfehlen. Sie liegt auf verschiedenen Stufen einer Anh\u00f6he, was Nahaufnahmen deutlich erschwert.<\/p>\n<p><a href=\"http:\/\/menzendorff.de\/wp-content\/uploads\/2012\/02\/DSC_0294.jpg\"><img loading=\"lazy\" class=\"alignleft size-large wp-image-2639\" src=\"http:\/\/menzendorff.de\/wp-content\/uploads\/2012\/02\/DSC_0294-1024x683.jpg\" alt=\"\" width=\"625\" height=\"417\" srcset=\"http:\/\/menzendorff.de\/wp-content\/uploads\/2012\/02\/DSC_0294-1024x683.jpg 1024w, http:\/\/menzendorff.de\/wp-content\/uploads\/2012\/02\/DSC_0294-300x200.jpg 300w, http:\/\/menzendorff.de\/wp-content\/uploads\/2012\/02\/DSC_0294-768x512.jpg 768w, http:\/\/menzendorff.de\/wp-content\/uploads\/2012\/02\/DSC_0294-624x416.jpg 624w\" sizes=\"(max-width: 625px) 100vw, 625px\" \/><\/a><\/p>\n<p>links im Vordergrund die Kapelle der Ordensritter. Im Hintergrund die Kirche der Kommende, die auch der Gemeinde diente, und rechts der westliche Seitenfl\u00fcgel des Deutschordenschlosses. Das Tympanon \u00fcber dem Eingang zum Schlo\u00dfhof ist mit einem enorm gro\u00dfen und imposanten Wappen des Deutschordenskomturs versehen. Leider sind die Aufnahmen wegen Nieselregen nicht gelungen.<\/p>\n<p><a href=\"http:\/\/menzendorff.de\/wp-content\/uploads\/2012\/02\/DSC_0305.jpg\"><img loading=\"lazy\" class=\"alignleft size-large wp-image-2641\" src=\"http:\/\/menzendorff.de\/wp-content\/uploads\/2012\/02\/DSC_0305-1024x683.jpg\" alt=\"\" width=\"625\" height=\"417\" srcset=\"http:\/\/menzendorff.de\/wp-content\/uploads\/2012\/02\/DSC_0305-1024x683.jpg 1024w, http:\/\/menzendorff.de\/wp-content\/uploads\/2012\/02\/DSC_0305-300x200.jpg 300w, http:\/\/menzendorff.de\/wp-content\/uploads\/2012\/02\/DSC_0305-768x512.jpg 768w, http:\/\/menzendorff.de\/wp-content\/uploads\/2012\/02\/DSC_0305-624x416.jpg 624w\" sizes=\"(max-width: 625px) 100vw, 625px\" \/><\/a><\/p>\n<p style=\"text-align: center;\">Innenhof der Kommende, n\u00f6rdlicher und \u00f6stlicher Schlo\u00dftrakt<\/p>\n<p><a href=\"http:\/\/menzendorff.de\/wp-content\/uploads\/2012\/02\/DSC_0307.jpg\"><img loading=\"lazy\" class=\"alignleft size-large wp-image-2702\" src=\"http:\/\/menzendorff.de\/wp-content\/uploads\/2012\/02\/DSC_0307-1024x683.jpg\" alt=\"\" width=\"625\" height=\"417\" srcset=\"http:\/\/menzendorff.de\/wp-content\/uploads\/2012\/02\/DSC_0307-1024x683.jpg 1024w, http:\/\/menzendorff.de\/wp-content\/uploads\/2012\/02\/DSC_0307-300x200.jpg 300w, http:\/\/menzendorff.de\/wp-content\/uploads\/2012\/02\/DSC_0307-768x512.jpg 768w, http:\/\/menzendorff.de\/wp-content\/uploads\/2012\/02\/DSC_0307-624x416.jpg 624w\" sizes=\"(max-width: 625px) 100vw, 625px\" \/><\/a><\/p>\n<p style=\"text-align: center;\">Blick vom Schlo\u00df auf die Ordenskapelle St. Maria<\/p>\n<p><a href=\"http:\/\/menzendorff.de\/wp-content\/uploads\/2012\/02\/DSC_0314.jpg\"><img loading=\"lazy\" class=\"alignleft size-large wp-image-2703\" src=\"http:\/\/menzendorff.de\/wp-content\/uploads\/2012\/02\/DSC_0314-1024x683.jpg\" alt=\"\" width=\"625\" height=\"417\" srcset=\"http:\/\/menzendorff.de\/wp-content\/uploads\/2012\/02\/DSC_0314-1024x683.jpg 1024w, http:\/\/menzendorff.de\/wp-content\/uploads\/2012\/02\/DSC_0314-300x200.jpg 300w, http:\/\/menzendorff.de\/wp-content\/uploads\/2012\/02\/DSC_0314-768x512.jpg 768w, http:\/\/menzendorff.de\/wp-content\/uploads\/2012\/02\/DSC_0314-624x416.jpg 624w\" sizes=\"(max-width: 625px) 100vw, 625px\" \/><\/a><\/p>\n<p style=\"text-align: center;\">Gemeindekirche des Deutschen Ordens in Hitzkirch<\/p>\n<p>Die Kommende wurde erstmals\u00a0 im Jahr 1237 urkundlich erw\u00e4hnt. Das Gr\u00fcndungsjahr liegt im Dunklen. Die Kirche ist dem St. Pankratius geweiht. Der Gr\u00fcnder, Freiherr Kuno II von Teufen stand dem Kaiser Friedrich II. nahe.\u00a0 (H.S. J\u00e4ggi, Teil 2, S 703f.<\/p>\n<p>Wir versp\u00fcrten Hunger und Durst. Jetzt wurde es langsam Essenszeit. Zu unserem Domizil dieser Nacht war es &#8211; nach exzellenter Planung &#8211; nicht mehr weit. J\u00fcrg hatte uns in das Hotel <a href=\"https:\/\/www.eichberg.com\/\" target=\"_blank\" rel=\"noopener\">Eichberg in Seengen<\/a> eingebucht. Es gab fantastische Steaks auf hei\u00dfem Stein mit genialen So\u00dfen und ausgezeichnetem Wein. Ich hoffe, da komme ich irgendwann noch einmal hin.<\/p>\n<h2>3.3 Reiden<\/h2>\n<p>Das Fr\u00fchst\u00fcck stand dem Abendessen kaum nach und wir brachen &#8211; ausgeruht und frisch gest\u00e4rkt &#8211; gegen 09.00 Uhr zu unserem n\u00e4chsten Ziel auf, der Johanniterkommende Reiden:<\/p>\n<p><a href=\"http:\/\/menzendorff.de\/wp-content\/uploads\/2019\/04\/DSC_0017.jpg\"><img loading=\"lazy\" class=\"alignleft size-large wp-image-2734\" src=\"http:\/\/menzendorff.de\/wp-content\/uploads\/2019\/04\/DSC_0017-1024x683.jpg\" alt=\"\" width=\"625\" height=\"417\" srcset=\"http:\/\/menzendorff.de\/wp-content\/uploads\/2019\/04\/DSC_0017-1024x683.jpg 1024w, http:\/\/menzendorff.de\/wp-content\/uploads\/2019\/04\/DSC_0017-300x200.jpg 300w, http:\/\/menzendorff.de\/wp-content\/uploads\/2019\/04\/DSC_0017-768x512.jpg 768w, http:\/\/menzendorff.de\/wp-content\/uploads\/2019\/04\/DSC_0017-624x416.jpg 624w\" sizes=\"(max-width: 625px) 100vw, 625px\" \/><\/a><\/p>\n<p>Burg <strong>6260 Reiden<\/strong>, Blick vom Johanniterweg (aus n\u00f6rdlicher Richtung) auf den Burgberg. (Dieses und das nachfolgende Foto stammen ebenfalls von meiner n\u00e4chsten Fahrt in die Schweiz ein halbes Jahr sp\u00e4ter. Beim ersten Besuch war sehr schlechtes Wetter und die Fotos waren mi\u00dflungen.)<\/p>\n<p><a href=\"http:\/\/menzendorff.de\/wp-content\/uploads\/2019\/04\/DSC_0036.jpg\"><img loading=\"lazy\" class=\"alignleft size-large wp-image-2735\" src=\"http:\/\/menzendorff.de\/wp-content\/uploads\/2019\/04\/DSC_0036-1024x683.jpg\" alt=\"\" width=\"625\" height=\"417\" srcset=\"http:\/\/menzendorff.de\/wp-content\/uploads\/2019\/04\/DSC_0036-1024x683.jpg 1024w, http:\/\/menzendorff.de\/wp-content\/uploads\/2019\/04\/DSC_0036-300x200.jpg 300w, http:\/\/menzendorff.de\/wp-content\/uploads\/2019\/04\/DSC_0036-768x512.jpg 768w, http:\/\/menzendorff.de\/wp-content\/uploads\/2019\/04\/DSC_0036-624x416.jpg 624w\" sizes=\"(max-width: 625px) 100vw, 625px\" \/><\/a><\/p>\n<p style=\"text-align: left;\">Auch diese Kommende liegt auf einem (recht steilen) H\u00fcgel, soda\u00df man von der Burg aus die Umgebung gut \u00fcberblicken und anderseits als Reisender die Kommende schon von weitem ausmachen konnte. Auch hier kommt man nur zu Fu\u00df hinauf. Die Anlage war verschlossen.<\/p>\n<p><a href=\"http:\/\/menzendorff.de\/wp-content\/uploads\/2012\/02\/DSC_0326.jpg\"><img loading=\"lazy\" class=\"alignleft size-large wp-image-2643\" src=\"http:\/\/menzendorff.de\/wp-content\/uploads\/2012\/02\/DSC_0326-1024x683.jpg\" alt=\"\" width=\"625\" height=\"417\" srcset=\"http:\/\/menzendorff.de\/wp-content\/uploads\/2012\/02\/DSC_0326-1024x683.jpg 1024w, http:\/\/menzendorff.de\/wp-content\/uploads\/2012\/02\/DSC_0326-300x200.jpg 300w, http:\/\/menzendorff.de\/wp-content\/uploads\/2012\/02\/DSC_0326-768x512.jpg 768w, http:\/\/menzendorff.de\/wp-content\/uploads\/2012\/02\/DSC_0326-624x416.jpg 624w\" sizes=\"(max-width: 625px) 100vw, 625px\" \/><\/a><\/p>\n<p style=\"text-align: center;\">Haupteingang der Johanniterkommende Reiden, Johanniterweg.<\/p>\n<p>Die Kommende von Reiden ist vor 1284 gegr\u00fcndet worden. Der Johanniterorden war daran interessiert, an der &#8222;vom Hause Habsburg im letzten Viertel des 13. Jahrhunderts gef\u00f6rderten Pilger- und Handelsstrasse Gotthard-Luzern-Hauenstein-Basel zu errichten.&#8220; (H.S. Glauser, Teil 1, S. 405f.)<\/p>\n<p><a href=\"http:\/\/menzendorff.de\/wp-content\/uploads\/2012\/02\/Screenshot-2019-04-14-11.59.41.png\"><img loading=\"lazy\" class=\"wp-image-2721 size-medium aligncenter\" src=\"http:\/\/menzendorff.de\/wp-content\/uploads\/2012\/02\/Screenshot-2019-04-14-11.59.41-251x300.png\" alt=\"\" width=\"251\" height=\"300\" srcset=\"http:\/\/menzendorff.de\/wp-content\/uploads\/2012\/02\/Screenshot-2019-04-14-11.59.41-251x300.png 251w, http:\/\/menzendorff.de\/wp-content\/uploads\/2012\/02\/Screenshot-2019-04-14-11.59.41-624x745.png 624w, http:\/\/menzendorff.de\/wp-content\/uploads\/2012\/02\/Screenshot-2019-04-14-11.59.41.png 651w\" sizes=\"(max-width: 251px) 100vw, 251px\" \/><\/a><\/p>\n<p style=\"text-align: center;\">Strecke Basel &#8211; St. Gotthard, (google.maps)<\/p>\n<h1>4. Kanton Aargau<\/h1>\n<p>Von Reiden zur n\u00e4chsten Johanniterkommende waren es 37 Km, eine gute Tagesdistanz.<\/p>\n<h2>4.1 Biberstein<\/h2>\n<p>Die Johanniterkommende liegt oberhalb des linken Ufers der Aare auf einer Anh\u00f6he (Gel\u00e4ndebruch oder Prallhang), von der aus man &#8211; damals wie heute &#8211; einen perfekten \u00dcberblick \u00fcber das Aaretal und eine Tiefebene hatte. Sollte die Aare als Wasserweg benutzt worden sein, so w\u00e4re dies hier ein g\u00fcnstiger Kontrollpunkt.<\/p>\n<p><a href=\"http:\/\/menzendorff.de\/wp-content\/uploads\/2012\/02\/DSC_0356.jpg\"><img loading=\"lazy\" class=\"alignleft size-large wp-image-2646\" src=\"http:\/\/menzendorff.de\/wp-content\/uploads\/2012\/02\/DSC_0356-1024x683.jpg\" alt=\"\" width=\"625\" height=\"417\" srcset=\"http:\/\/menzendorff.de\/wp-content\/uploads\/2012\/02\/DSC_0356-1024x683.jpg 1024w, http:\/\/menzendorff.de\/wp-content\/uploads\/2012\/02\/DSC_0356-300x200.jpg 300w, http:\/\/menzendorff.de\/wp-content\/uploads\/2012\/02\/DSC_0356-768x512.jpg 768w, http:\/\/menzendorff.de\/wp-content\/uploads\/2012\/02\/DSC_0356-624x416.jpg 624w\" sizes=\"(max-width: 625px) 100vw, 625px\" \/><\/a><\/p>\n<p style=\"text-align: center;\">Johanniterkommende Biberstein<\/p>\n<p><a href=\"http:\/\/menzendorff.de\/wp-content\/uploads\/2012\/02\/DSC_0354.jpg\"><img loading=\"lazy\" class=\"alignleft size-large wp-image-2645\" src=\"http:\/\/menzendorff.de\/wp-content\/uploads\/2012\/02\/DSC_0354-1024x683.jpg\" alt=\"\" width=\"625\" height=\"417\" srcset=\"http:\/\/menzendorff.de\/wp-content\/uploads\/2012\/02\/DSC_0354-1024x683.jpg 1024w, http:\/\/menzendorff.de\/wp-content\/uploads\/2012\/02\/DSC_0354-300x200.jpg 300w, http:\/\/menzendorff.de\/wp-content\/uploads\/2012\/02\/DSC_0354-768x512.jpg 768w, http:\/\/menzendorff.de\/wp-content\/uploads\/2012\/02\/DSC_0354-624x416.jpg 624w\" sizes=\"(max-width: 625px) 100vw, 625px\" \/><\/a><\/p>\n<p style=\"text-align: center;\">Fr\u00fchere Zugbr\u00fccke und Blick auf das Aaretal<a href=\"http:\/\/menzendorff.de\/wp-content\/uploads\/2012\/02\/DSC_0351.jpg\"><img loading=\"lazy\" class=\"alignleft size-large wp-image-2644\" src=\"http:\/\/menzendorff.de\/wp-content\/uploads\/2012\/02\/DSC_0351-1024x683.jpg\" alt=\"\" width=\"625\" height=\"417\" srcset=\"http:\/\/menzendorff.de\/wp-content\/uploads\/2012\/02\/DSC_0351-1024x683.jpg 1024w, http:\/\/menzendorff.de\/wp-content\/uploads\/2012\/02\/DSC_0351-300x200.jpg 300w, http:\/\/menzendorff.de\/wp-content\/uploads\/2012\/02\/DSC_0351-768x512.jpg 768w, http:\/\/menzendorff.de\/wp-content\/uploads\/2012\/02\/DSC_0351-624x416.jpg 624w\" sizes=\"(max-width: 625px) 100vw, 625px\" \/><\/a><\/p>\n<p style=\"text-align: center;\">Ich vermute, dass dieses Geb\u00e4ude aus der Kommendenkapelle hervorgegangen ist. Die Fassade links im Bild erinnert an eine gotische Radialapsis.<\/p>\n<p>Die Kommende Biberstein ist erst recht sp\u00e4t entstanden, n\u00e4mlich im Jahre 1335. Der Komtur von Klingnau legte hier \u00dcbersch\u00fcsse seiner Kommende in Grundbesitz an, den er von den etwas klamm gewordenen Habsburgern abkaufen konnte. (H.S. Sommer-Ramer, Bd. 7, Teil 1, S. 110 ff.)<\/p>\n<h2>4.2 Klingnau<\/h2>\n<p>Zwischen den Ritterordenstationen Biberstein und Klingnau treffen wir wieder auf die Ideal-Distanz\u00a0 von 30 Km, einer guten und bequemen Tagesetappe auch f\u00fcr Fu\u00dfg\u00e4nger.<\/p>\n<p>Eingeklemmt zwischen der Sonnengasse und der Schattengasse findet sich die St. Katharinen-Kirche der Johanniter von Klingnau auf einem ehemaligen Anger.<\/p>\n<p><a href=\"http:\/\/menzendorff.de\/wp-content\/uploads\/2012\/02\/DSC_0359-1.jpg\"><img loading=\"lazy\" class=\"alignleft size-large wp-image-2673\" src=\"http:\/\/menzendorff.de\/wp-content\/uploads\/2012\/02\/DSC_0359-1-1024x683.jpg\" alt=\"\" width=\"625\" height=\"417\" srcset=\"http:\/\/menzendorff.de\/wp-content\/uploads\/2012\/02\/DSC_0359-1-1024x683.jpg 1024w, http:\/\/menzendorff.de\/wp-content\/uploads\/2012\/02\/DSC_0359-1-300x200.jpg 300w, http:\/\/menzendorff.de\/wp-content\/uploads\/2012\/02\/DSC_0359-1-768x512.jpg 768w, http:\/\/menzendorff.de\/wp-content\/uploads\/2012\/02\/DSC_0359-1-624x416.jpg 624w\" sizes=\"(max-width: 625px) 100vw, 625px\" \/><\/a><\/p>\n<p style=\"text-align: center;\">Blick auf den Ostchor der Johanniterkirche Klingnau<\/p>\n<p><a href=\"http:\/\/menzendorff.de\/wp-content\/uploads\/2012\/02\/DSC_0369-1.jpg\"><img loading=\"lazy\" class=\"alignleft size-large wp-image-2675\" src=\"http:\/\/menzendorff.de\/wp-content\/uploads\/2012\/02\/DSC_0369-1-1024x683.jpg\" alt=\"\" width=\"625\" height=\"417\" srcset=\"http:\/\/menzendorff.de\/wp-content\/uploads\/2012\/02\/DSC_0369-1-1024x683.jpg 1024w, http:\/\/menzendorff.de\/wp-content\/uploads\/2012\/02\/DSC_0369-1-300x200.jpg 300w, http:\/\/menzendorff.de\/wp-content\/uploads\/2012\/02\/DSC_0369-1-768x512.jpg 768w, http:\/\/menzendorff.de\/wp-content\/uploads\/2012\/02\/DSC_0369-1-624x416.jpg 624w\" sizes=\"(max-width: 625px) 100vw, 625px\" \/><\/a><\/p>\n<p style=\"text-align: center;\">Das Kirchenschiff\u00a0 ist vor in den sechziger Jahren vollst\u00e4ndig abgerissen und wieder aufgebaut worden (<a href=\"https:\/\/www.kath.ch\/klingnau\/default\/index\/index\/id\/8443\" target=\"_blank\" rel=\"noopener\">Homepage der Pfarrei<\/a>). Dieses Detail im Innenraum stammt wohl vom Original.<\/p>\n<p><a href=\"http:\/\/menzendorff.de\/wp-content\/uploads\/2012\/02\/DSC_0365.jpg\"><img loading=\"lazy\" class=\"alignleft size-large wp-image-2648\" src=\"http:\/\/menzendorff.de\/wp-content\/uploads\/2012\/02\/DSC_0365-1024x683.jpg\" alt=\"\" width=\"625\" height=\"417\" srcset=\"http:\/\/menzendorff.de\/wp-content\/uploads\/2012\/02\/DSC_0365-1024x683.jpg 1024w, http:\/\/menzendorff.de\/wp-content\/uploads\/2012\/02\/DSC_0365-300x200.jpg 300w, http:\/\/menzendorff.de\/wp-content\/uploads\/2012\/02\/DSC_0365-768x512.jpg 768w, http:\/\/menzendorff.de\/wp-content\/uploads\/2012\/02\/DSC_0365-624x416.jpg 624w\" sizes=\"(max-width: 625px) 100vw, 625px\" \/><\/a><\/p>\n<p>Dieses Geb\u00e4ude befindet sich einige Schritte von der Johanniterkirche entfernt am Abhang zum rechten Aareufer hinab. Es wird heute noch als Gemeindehaus der Pfarrei St. Katharina benutzt. Ich stelle mir vor, dass es fr\u00fcher als Hospital gedient haben k\u00f6nnte.<\/p>\n<p>Klingnau bildet mit Leuggern eine Doppelkommende unter gemeinsamer Leitung eines Komturs. Die Kommende wurde 1251 von den S\u00f6hnen des Stadtgr\u00fcnders Ulrich von Klingen errichtet und stand unter dem Patronat von Johannes dem T\u00e4ufer (H.S. Feller-Vest, S. 273)<\/p>\n<p>Zwischen Biberstein und Klingnau sind mir Hinweisschilder auf eine &#8222;<a href=\"https:\/\/de.wikipedia.org\/wiki\/R%C3%B6merstra%C3%9Fe_Neckar-Alb-Aare\" target=\"_blank\" rel=\"noopener\">Neckar-Alb-Aare-R\u00f6merstrasse<\/a>&#8220; aufgefallen. Beim nachtr\u00e4glichen Betrachten der Lage der Niederlassungen bemerkte ich, dass ich hier auf eine weitere &#8222;Ritterstrasse&#8220; gesto\u00dfen bin. Legt man beide Wegesysteme \u00fcbereinander, kommt man zum &#8222;full match&#8220;.<\/p>\n<p><a href=\"http:\/\/menzendorff.de\/wp-content\/uploads\/2019\/04\/Screenshot-2019-04-07-17.19.10.png\"><img loading=\"lazy\" class=\"alignleft size-full wp-image-2746\" src=\"http:\/\/menzendorff.de\/wp-content\/uploads\/2019\/04\/Screenshot-2019-04-07-17.19.10.png\" alt=\"\" width=\"843\" height=\"929\" srcset=\"http:\/\/menzendorff.de\/wp-content\/uploads\/2019\/04\/Screenshot-2019-04-07-17.19.10.png 843w, http:\/\/menzendorff.de\/wp-content\/uploads\/2019\/04\/Screenshot-2019-04-07-17.19.10-272x300.png 272w, http:\/\/menzendorff.de\/wp-content\/uploads\/2019\/04\/Screenshot-2019-04-07-17.19.10-768x846.png 768w, http:\/\/menzendorff.de\/wp-content\/uploads\/2019\/04\/Screenshot-2019-04-07-17.19.10-624x688.png 624w\" sizes=\"(max-width: 843px) 100vw, 843px\" \/><\/a><\/p>\n<p>Ein \u00fcberw\u00e4ltigendes Gef\u00fchl der Verbindung von Theorie und Praxis. Die Johanniterstationen sind mit dem Malteserkreuz gekennzeichnet. Die r\u00f6mischen Stationen mit SPQR. Diese &#8222;R\u00f6mer-Johanniter-Stra\u00dfen&#8220; werden uns noch in dem in einem der n\u00e4chsten Reiseberichte \u00fcber die Johanniter in Baden-W\u00fcrttemberg besch\u00e4ftigen. So gibt es in Heitersheim, dem Hauptsitz der Johanniter der &#8222;Deutschen Zunge&#8220;, etwa eine r\u00f6mische Villa. Auch das ist wieder kein Zufall. Die R\u00f6mer haben sich mit ihren Stra\u00dfen zun\u00e4chst erstmal an vorher schon vorhandenen Fernwegetrassen orientiert. Da zwischen der R\u00f6merzeit und dem Mittelalter kein nennenswerter Stra\u00dfenbau betrieben wurde, vewundert es nicht, dass die Ritterorden sich diese alten Fernstrecken zunutze machten, so gut es eben ging.<\/p>\n<h2>4.3 Leuggern<\/h2>\n<p>F\u00fcr die n\u00e4chste Etappe mu\u00dften wir nur die Aare \u00fcberqueren und erreichten nach 5 Km die Kommende Leuggern.<\/p>\n<p><a href=\"http:\/\/menzendorff.de\/wp-content\/uploads\/2012\/02\/DSC_0371.jpg\"><img loading=\"lazy\" class=\"alignleft size-large wp-image-2680\" src=\"http:\/\/menzendorff.de\/wp-content\/uploads\/2012\/02\/DSC_0371-683x1024.jpg\" alt=\"\" width=\"625\" height=\"937\" srcset=\"http:\/\/menzendorff.de\/wp-content\/uploads\/2012\/02\/DSC_0371-683x1024.jpg 683w, http:\/\/menzendorff.de\/wp-content\/uploads\/2012\/02\/DSC_0371-200x300.jpg 200w, http:\/\/menzendorff.de\/wp-content\/uploads\/2012\/02\/DSC_0371-768x1152.jpg 768w, http:\/\/menzendorff.de\/wp-content\/uploads\/2012\/02\/DSC_0371-624x936.jpg 624w\" sizes=\"(max-width: 625px) 100vw, 625px\" \/><\/a><\/p>\n<p style=\"text-align: center;\">Johanniterkirche Peter und Paul, Leuggern, Hauptportal, Kommendeweg 12<\/p>\n<p><a href=\"http:\/\/menzendorff.de\/wp-content\/uploads\/2012\/02\/DSC_0381-1.jpg\"><img loading=\"lazy\" class=\"alignleft size-large wp-image-2678\" src=\"http:\/\/menzendorff.de\/wp-content\/uploads\/2012\/02\/DSC_0381-1-1024x683.jpg\" alt=\"\" width=\"625\" height=\"417\" srcset=\"http:\/\/menzendorff.de\/wp-content\/uploads\/2012\/02\/DSC_0381-1-1024x683.jpg 1024w, http:\/\/menzendorff.de\/wp-content\/uploads\/2012\/02\/DSC_0381-1-300x200.jpg 300w, http:\/\/menzendorff.de\/wp-content\/uploads\/2012\/02\/DSC_0381-1-768x512.jpg 768w, http:\/\/menzendorff.de\/wp-content\/uploads\/2012\/02\/DSC_0381-1-624x416.jpg 624w\" sizes=\"(max-width: 625px) 100vw, 625px\" \/><\/a><\/p>\n<p style=\"text-align: center;\">Gew\u00f6lbedecke aus dem 13. Jahrhundert.<\/p>\n<p><a href=\"http:\/\/menzendorff.de\/wp-content\/uploads\/2012\/02\/DSC_0374-1.jpg\"><img loading=\"lazy\" class=\"alignleft size-large wp-image-2676\" src=\"http:\/\/menzendorff.de\/wp-content\/uploads\/2012\/02\/DSC_0374-1-1024x683.jpg\" alt=\"\" width=\"625\" height=\"417\" srcset=\"http:\/\/menzendorff.de\/wp-content\/uploads\/2012\/02\/DSC_0374-1-1024x683.jpg 1024w, http:\/\/menzendorff.de\/wp-content\/uploads\/2012\/02\/DSC_0374-1-300x200.jpg 300w, http:\/\/menzendorff.de\/wp-content\/uploads\/2012\/02\/DSC_0374-1-768x512.jpg 768w, http:\/\/menzendorff.de\/wp-content\/uploads\/2012\/02\/DSC_0374-1-624x416.jpg 624w\" sizes=\"(max-width: 625px) 100vw, 625px\" \/><\/a><\/p>\n<p style=\"text-align: center;\">Dieses Geb\u00e4ude wird &#8211; damals wie heute noch &#8211; als Krankenhaus benutzt.<\/p>\n<p><a href=\"http:\/\/menzendorff.de\/wp-content\/uploads\/2012\/02\/DSC_0382-1.jpg\"><img loading=\"lazy\" class=\"alignleft size-large wp-image-2679\" src=\"http:\/\/menzendorff.de\/wp-content\/uploads\/2012\/02\/DSC_0382-1-1024x683.jpg\" alt=\"\" width=\"625\" height=\"417\" srcset=\"http:\/\/menzendorff.de\/wp-content\/uploads\/2012\/02\/DSC_0382-1-1024x683.jpg 1024w, http:\/\/menzendorff.de\/wp-content\/uploads\/2012\/02\/DSC_0382-1-300x200.jpg 300w, http:\/\/menzendorff.de\/wp-content\/uploads\/2012\/02\/DSC_0382-1-768x512.jpg 768w, http:\/\/menzendorff.de\/wp-content\/uploads\/2012\/02\/DSC_0382-1-624x416.jpg 624w\" sizes=\"(max-width: 625px) 100vw, 625px\" \/><\/a><\/p>\n<p style=\"text-align: center;\">Wappen \u00fcber dem Haupttor des Krankenhauses, (bitte klicken zum Vergr\u00f6\u00dfern)<\/p>\n<p>Die Inschrift von 1678 erw\u00e4hnt einen Franz von Sonnenberg, Ritter des Johannisordens von Jerusalem, Prior von Gro\u00df-Ungarn, &#8230; Komtur in Villingen, Leuggern, Klingnau, Hohenrein und Reiden.<\/p>\n<p><a href=\"http:\/\/menzendorff.de\/wp-content\/uploads\/2012\/02\/DSC_0376-1.jpg\"><img loading=\"lazy\" class=\"alignleft size-large wp-image-2677\" src=\"http:\/\/menzendorff.de\/wp-content\/uploads\/2012\/02\/DSC_0376-1-1024x683.jpg\" alt=\"\" width=\"625\" height=\"417\" srcset=\"http:\/\/menzendorff.de\/wp-content\/uploads\/2012\/02\/DSC_0376-1-1024x683.jpg 1024w, http:\/\/menzendorff.de\/wp-content\/uploads\/2012\/02\/DSC_0376-1-300x200.jpg 300w, http:\/\/menzendorff.de\/wp-content\/uploads\/2012\/02\/DSC_0376-1-768x512.jpg 768w, http:\/\/menzendorff.de\/wp-content\/uploads\/2012\/02\/DSC_0376-1-624x416.jpg 624w\" sizes=\"(max-width: 625px) 100vw, 625px\" \/><\/a><\/p>\n<p style=\"text-align: left;\">Blick von dem Umlauf um die Radialapsis der Johanniterkirche auf das rechte Ufer der Aare und das Aaretal.<\/p>\n<p>Aus H.S. Feller-Vest, Teil 1, S. 339: Doppelkommende mit Klingnau, den Sankt Peter und Paul gewidmet. Gegr\u00fcndet zwischen 1268 und 1251.<\/p>\n<h2>4.4 Rheinfelden &#8211; Schweiz<\/h2>\n<p>Von Leuggern nach Rheinfelden bedurfte es nochmal 44 Kilometern Fahrt entlang des linken Rheinufers. Wir parkten g\u00fcnstig, sodass es nur ein paar Schritte brauchte, um die Johanniterkomturei in der Altstadt wiederzufinden. Ich war vor einem halben Jahr hier schon einmal, aber es war damals schlechtes Wetter und vor der Kapelle parkte ein Handwerker seinen Lieferwagen. Diesmal hatten wir mehr Gl\u00fcck.<\/p>\n<p><a href=\"http:\/\/menzendorff.de\/wp-content\/uploads\/2012\/02\/DSC_0391.jpg\"><img loading=\"lazy\" class=\"alignleft size-large wp-image-2654\" src=\"http:\/\/menzendorff.de\/wp-content\/uploads\/2012\/02\/DSC_0391-611x1024.jpg\" alt=\"\" width=\"611\" height=\"1024\" srcset=\"http:\/\/menzendorff.de\/wp-content\/uploads\/2012\/02\/DSC_0391-611x1024.jpg 611w, http:\/\/menzendorff.de\/wp-content\/uploads\/2012\/02\/DSC_0391-179x300.jpg 179w, http:\/\/menzendorff.de\/wp-content\/uploads\/2012\/02\/DSC_0391-768x1286.jpg 768w, http:\/\/menzendorff.de\/wp-content\/uploads\/2012\/02\/DSC_0391-624x1045.jpg 624w\" sizes=\"(max-width: 611px) 100vw, 611px\" \/><\/a><\/p>\n<p>Wir besichtigten die Kommende zun\u00e4chst nur von au\u00dfen. Hier die Westfassade.<\/p>\n<p><a href=\"http:\/\/menzendorff.de\/wp-content\/uploads\/2012\/02\/DSC_0397.jpg\"><img loading=\"lazy\" class=\"alignleft size-large wp-image-2655\" src=\"http:\/\/menzendorff.de\/wp-content\/uploads\/2012\/02\/DSC_0397-683x1024.jpg\" alt=\"\" width=\"625\" height=\"937\" srcset=\"http:\/\/menzendorff.de\/wp-content\/uploads\/2012\/02\/DSC_0397-683x1024.jpg 683w, http:\/\/menzendorff.de\/wp-content\/uploads\/2012\/02\/DSC_0397-200x300.jpg 200w, http:\/\/menzendorff.de\/wp-content\/uploads\/2012\/02\/DSC_0397-768x1152.jpg 768w, http:\/\/menzendorff.de\/wp-content\/uploads\/2012\/02\/DSC_0397-624x936.jpg 624w\" sizes=\"(max-width: 625px) 100vw, 625px\" \/><\/a><\/p>\n<p style=\"text-align: center;\">S\u00fcdflanke der Kapelle und Turm<\/p>\n<p>Nun g\u00f6nnten wir uns aber erstmal die Mittagspause bei einem guten Italiener um die Ecke. Es gab Pasta und Rotwein. Anschliessend machten wir uns auf, den Schl\u00fcssel f\u00fcr die Kapelle zu organisieren. Am Eingang zur Kapelle befindet sich ein Hinweisschild, wo man ihn bekommt. Es lohnt sich.<\/p>\n<p><a href=\"http:\/\/menzendorff.de\/wp-content\/uploads\/2012\/02\/DSC_0442.jpg\"><img loading=\"lazy\" class=\"alignleft size-large wp-image-2657\" src=\"http:\/\/menzendorff.de\/wp-content\/uploads\/2012\/02\/DSC_0442-1024x683.jpg\" alt=\"\" width=\"625\" height=\"417\" srcset=\"http:\/\/menzendorff.de\/wp-content\/uploads\/2012\/02\/DSC_0442-1024x683.jpg 1024w, http:\/\/menzendorff.de\/wp-content\/uploads\/2012\/02\/DSC_0442-300x200.jpg 300w, http:\/\/menzendorff.de\/wp-content\/uploads\/2012\/02\/DSC_0442-768x512.jpg 768w, http:\/\/menzendorff.de\/wp-content\/uploads\/2012\/02\/DSC_0442-624x416.jpg 624w\" sizes=\"(max-width: 625px) 100vw, 625px\" \/><\/a><\/p>\n<p style=\"text-align: center;\">Detail aus dem Altarraum: Kopf des johannes<\/p>\n<p><a href=\"http:\/\/menzendorff.de\/wp-content\/uploads\/2012\/02\/DSC_0413.jpg\"><img loading=\"lazy\" class=\"alignleft size-large wp-image-2656\" src=\"http:\/\/menzendorff.de\/wp-content\/uploads\/2012\/02\/DSC_0413-1024x683.jpg\" alt=\"\" width=\"625\" height=\"417\" srcset=\"http:\/\/menzendorff.de\/wp-content\/uploads\/2012\/02\/DSC_0413-1024x683.jpg 1024w, http:\/\/menzendorff.de\/wp-content\/uploads\/2012\/02\/DSC_0413-300x200.jpg 300w, http:\/\/menzendorff.de\/wp-content\/uploads\/2012\/02\/DSC_0413-768x512.jpg 768w, http:\/\/menzendorff.de\/wp-content\/uploads\/2012\/02\/DSC_0413-624x416.jpg 624w\" sizes=\"(max-width: 625px) 100vw, 625px\" \/><\/a><\/p>\n<p style=\"text-align: center;\">Geb\u00e4ude der ehemaligen Komturei.<\/p>\n<p>Patron: Johannes der T\u00e4ufer, Gegr\u00fcndet 1212. Die Johanniter gr\u00fcndeten hier ein Hospital und hatten ein gutes Einvernehmen mit der Stadt Rheinfelden. (H.S. Sommer-Ramer, Teil 1, S. 416 ff.<\/p>\n<p>Nur um es festzuhalten Rheinfelden liegt nur ein paar Km flu\u00dfauw\u00e4rts vor Kaiseraugst, der ehemaligen r\u00f6mischen Stadt <a href=\"https:\/\/www.augustaraurica.ch\/besuchen\/sehenswuerdigkeiten\/kastell-kaiseraugst\/\" target=\"_blank\" rel=\"noopener\">Augusta Raurica<\/a>,\u00a0von der aus der Flu\u00df\u00fcbergang zur R\u00f6merzeit kontrolliert wurde. Die N\u00e4he zu Verkehrswegen aus der R\u00f6merzeit zeigt sich also hier eneut. Ich zitiere aus <a href=\"https:\/\/de.wikipedia.org\/wiki\/Alte_Rheinbr%C3%BCcke_Rheinfelden\" target=\"_blank\" rel=\"noopener\">Wikipedia<\/a>:<\/p>\n<p>&#8222;W\u00e4hrend der Herrschaft der R\u00f6mer bestand im Bereich der heutigen Br\u00fccke eine F\u00e4hre, mit einem rund 500 Meter langen Treidelweg am Nordufer zur \u00dcberwindung der Stromschnellen. Als die Z\u00e4hringer den Marktflecken Rheinfelden zu einer Stadt ausbauten, existierte ebenfalls eine F\u00e4hrverbindung \u00fcber den Rhein, der den Anschluss an die Stra\u00dfe zu den z\u00e4hringischen Besitzungen im Breisgau sicherstellte. Die erste Br\u00fccke d\u00fcrfte in der zweiten H\u00e4lfte des 12. Jahrhunderts entstanden sein, denn 1198 wird in einer Urkunde ein Rheinfelder B\u00fcrger als <i>Heinricus de Ponte<\/i> (\u201eHeinrich von der Br\u00fccke\u201c) bezeichnet. Sie war somit die \u00e4lteste Rheinbr\u00fccke zwischen Konstanz und Stra\u00dfburg, also noch vor der Mittleren Br\u00fccke in Basel, die um 1225 entstand. Im Gegensatz zu anderen Standorten war der Br\u00fcckenbau in Rheinfelden bedeutend einfacher, da die Flussinsel als nat\u00fcrlicher (Zwischen-)Br\u00fcckenkopf genutzt werden konnte. &#8220;<\/p>\n<h1>4.5 Schlo\u00df Beuggen, 79618 Rheinfelden (Baden)<\/h1>\n<p>Das Rheinfelden in der Schweiz liegt genau gegen\u00fcber der deutschen Stadt Rheinfelden. Die Johanniterkommende Beuggen liegt ca. 4,5 Km flu\u00dfaufw\u00e4rts am rechten Ufer des Rheins.<\/p>\n<p><a href=\"http:\/\/menzendorff.de\/wp-content\/uploads\/2012\/02\/DSC_0484.jpg\"><img loading=\"lazy\" class=\"alignleft size-large wp-image-2658\" src=\"http:\/\/menzendorff.de\/wp-content\/uploads\/2012\/02\/DSC_0484-1024x683.jpg\" alt=\"\" width=\"625\" height=\"417\" srcset=\"http:\/\/menzendorff.de\/wp-content\/uploads\/2012\/02\/DSC_0484-1024x683.jpg 1024w, http:\/\/menzendorff.de\/wp-content\/uploads\/2012\/02\/DSC_0484-300x200.jpg 300w, http:\/\/menzendorff.de\/wp-content\/uploads\/2012\/02\/DSC_0484-768x512.jpg 768w, http:\/\/menzendorff.de\/wp-content\/uploads\/2012\/02\/DSC_0484-624x416.jpg 624w\" sizes=\"(max-width: 625px) 100vw, 625px\" \/><\/a><\/p>\n<p style=\"text-align: center;\">Blick vom Haupttor nach S\u00fcdwesten auf den Burggraben<\/p>\n<p><a href=\"http:\/\/menzendorff.de\/wp-content\/uploads\/2012\/02\/DSC_0518.jpg\"><img loading=\"lazy\" class=\"alignleft size-large wp-image-2659\" src=\"http:\/\/menzendorff.de\/wp-content\/uploads\/2012\/02\/DSC_0518-1024x683.jpg\" alt=\"\" width=\"625\" height=\"417\" srcset=\"http:\/\/menzendorff.de\/wp-content\/uploads\/2012\/02\/DSC_0518-1024x683.jpg 1024w, http:\/\/menzendorff.de\/wp-content\/uploads\/2012\/02\/DSC_0518-300x200.jpg 300w, http:\/\/menzendorff.de\/wp-content\/uploads\/2012\/02\/DSC_0518-768x512.jpg 768w, http:\/\/menzendorff.de\/wp-content\/uploads\/2012\/02\/DSC_0518-624x416.jpg 624w\" sizes=\"(max-width: 625px) 100vw, 625px\" \/><\/a><\/p>\n<p style=\"text-align: center;\">Torhaus, Blick durch das Haupttor nach nordwesten hinaus<\/p>\n<p><a href=\"http:\/\/menzendorff.de\/wp-content\/uploads\/2012\/02\/DSC_0520.jpg\"><img loading=\"lazy\" class=\"alignleft size-large wp-image-2660\" src=\"http:\/\/menzendorff.de\/wp-content\/uploads\/2012\/02\/DSC_0520-1024x683.jpg\" alt=\"\" width=\"625\" height=\"417\" srcset=\"http:\/\/menzendorff.de\/wp-content\/uploads\/2012\/02\/DSC_0520-1024x683.jpg 1024w, http:\/\/menzendorff.de\/wp-content\/uploads\/2012\/02\/DSC_0520-300x200.jpg 300w, http:\/\/menzendorff.de\/wp-content\/uploads\/2012\/02\/DSC_0520-768x512.jpg 768w, http:\/\/menzendorff.de\/wp-content\/uploads\/2012\/02\/DSC_0520-624x416.jpg 624w\" sizes=\"(max-width: 625px) 100vw, 625px\" \/><\/a><\/p>\n<p>Blick vom Haupttor auf das Ordens-Schlo\u00df und die ehemalige Marienkapelle, die seit 1678 der Gemeinde Karsau als Pfarrkirche St. Michael diente (H.S. Heim, Teil 2, S. 659)<\/p>\n<p><a href=\"http:\/\/menzendorff.de\/wp-content\/uploads\/2012\/02\/DSC_0526.jpg\"><img loading=\"lazy\" class=\"alignleft size-large wp-image-2661\" src=\"http:\/\/menzendorff.de\/wp-content\/uploads\/2012\/02\/DSC_0526-1024x683.jpg\" alt=\"\" width=\"625\" height=\"417\" srcset=\"http:\/\/menzendorff.de\/wp-content\/uploads\/2012\/02\/DSC_0526-1024x683.jpg 1024w, http:\/\/menzendorff.de\/wp-content\/uploads\/2012\/02\/DSC_0526-300x200.jpg 300w, http:\/\/menzendorff.de\/wp-content\/uploads\/2012\/02\/DSC_0526-768x512.jpg 768w, http:\/\/menzendorff.de\/wp-content\/uploads\/2012\/02\/DSC_0526-624x416.jpg 624w\" sizes=\"(max-width: 625px) 100vw, 625px\" \/><\/a><\/p>\n<p style=\"text-align: center;\">Am Tage unserer Besichtigung sollte eine Trauungszeremonie stattfinden. Es waren hunderte von G\u00e4sten anwesend.<\/p>\n<p>Beuggen wurde 1246 gegr\u00fcndet. Die intensivste Baut\u00e4tigkeiten fanden zwischen 1584-1603 und 1752-1757 statt. (H.S. Heim,\u00a0 aaO S. 606)<\/p>\n<p>F\u00fcr heute hatten wir nun genug gesehen. Es war zwar noch nicht allzu sp\u00e4t, aber die Reserven f\u00fcr waren verbraucht. Wir machten uns nach Bartenheim im Elsa\u00df auf, wo ich gerne regelm\u00e4ssig im &#8222;<a href=\"https:\/\/www.lion-rouge.fr\/\" target=\"_blank\" rel=\"noopener\">Au Lion Rouge<\/a>&#8220;\u00a0 \u00fcbernachte. Leider hatte dessen Spitzenrestaurant diesmal geschlossen. Satt geworden sind wir doch noch, einigerma\u00dfen. Denn das Essen war sehr &#8222;\u00fcbersichtlich&#8220;. Wenig Fisch auf sehr gro\u00dfen Tellern mit farbigen Geleeklecksen und Balsamico-Spritzern. Am Cremant d&#8217;Alsace hatten wir aber nichts auszusetzen.<\/p>\n<h1>5. Kanton Basel<\/h1>\n<p>Die Bilder aus Basel stammen nicht von dieser Reise, sondern aus verschiedenen anderen Anl\u00e4ssen, aber der Bericht \u00fcber die Ordensritter in Basel geh\u00f6rt thematisch hierher. Heute stehen nur noch wenige Geb\u00e4ude des Deutschen Ordens, die zudem erheblich umgebaut wurden.<\/p>\n<p><a href=\"http:\/\/menzendorff.de\/wp-content\/uploads\/2012\/02\/DSC_0022.jpg\"><img loading=\"lazy\" class=\"alignleft size-large wp-image-2718\" src=\"http:\/\/menzendorff.de\/wp-content\/uploads\/2012\/02\/DSC_0022-683x1024.jpg\" alt=\"\" width=\"625\" height=\"937\" srcset=\"http:\/\/menzendorff.de\/wp-content\/uploads\/2012\/02\/DSC_0022-683x1024.jpg 683w, http:\/\/menzendorff.de\/wp-content\/uploads\/2012\/02\/DSC_0022-200x300.jpg 200w, http:\/\/menzendorff.de\/wp-content\/uploads\/2012\/02\/DSC_0022-768x1152.jpg 768w, http:\/\/menzendorff.de\/wp-content\/uploads\/2012\/02\/DSC_0022-624x936.jpg 624w\" sizes=\"(max-width: 625px) 100vw, 625px\" \/><\/a><\/p>\n<p style=\"text-align: center;\">ehemalige Deutschordenskapelle Basel, Rittergasse 29, jetzt Wohnhaus<\/p>\n<p><a href=\"http:\/\/menzendorff.de\/wp-content\/uploads\/2012\/02\/DSC_0048.jpg\"><img loading=\"lazy\" class=\"alignleft size-large wp-image-2719\" src=\"http:\/\/menzendorff.de\/wp-content\/uploads\/2012\/02\/DSC_0048-1024x683.jpg\" alt=\"\" width=\"625\" height=\"417\" srcset=\"http:\/\/menzendorff.de\/wp-content\/uploads\/2012\/02\/DSC_0048-1024x683.jpg 1024w, http:\/\/menzendorff.de\/wp-content\/uploads\/2012\/02\/DSC_0048-300x200.jpg 300w, http:\/\/menzendorff.de\/wp-content\/uploads\/2012\/02\/DSC_0048-768x512.jpg 768w, http:\/\/menzendorff.de\/wp-content\/uploads\/2012\/02\/DSC_0048-624x416.jpg 624w\" sizes=\"(max-width: 625px) 100vw, 625px\" \/><\/a><\/p>\n<p>Die Rittergasse f\u00fchrt vom St. Albans-Graben direkt auf den M\u00fcnster von Basel. Die Ordensritter konnten den M\u00fcnster bequem in ein paar Schritten erreichen.<\/p>\n<p>Basel war und ist Bischofssitz, also waren auch hier gewi\u00df auch andere Orden ans\u00e4ssig. Von einem Sitz der Templer ist allerdings nichts bekannt (<a href=\"https:\/\/altbasel.ch\/fragen\/templer_in_basel.html\" target=\"_blank\" rel=\"noopener\">altbasel.ch<\/a>), aber die Johanniter hatten hier eine Kommende. Allerdings wurden s\u00e4mtliche Geb\u00e4ude der Johanniterkomturei von Basel, die sich in der St. Johanns-Vorstadt am Rheinufer befand, in den letzten Jahrhunderten abgerissen.<\/p>\n<p><a href=\"http:\/\/menzendorff.de\/wp-content\/uploads\/2012\/02\/Screenshot-2019-04-14-11.59.29.png\"><img loading=\"lazy\" class=\"size-full wp-image-2720 aligncenter\" src=\"http:\/\/menzendorff.de\/wp-content\/uploads\/2012\/02\/Screenshot-2019-04-14-11.59.29.png\" alt=\"\" width=\"453\" height=\"461\" srcset=\"http:\/\/menzendorff.de\/wp-content\/uploads\/2012\/02\/Screenshot-2019-04-14-11.59.29.png 453w, http:\/\/menzendorff.de\/wp-content\/uploads\/2012\/02\/Screenshot-2019-04-14-11.59.29-295x300.png 295w\" sizes=\"(max-width: 453px) 100vw, 453px\" \/><\/a><\/p>\n<p style=\"text-align: center;\">(Quelle: <a href=\"https:\/\/altbasel.ch\/fragen\/kloster_johanniter_basel.html\" target=\"_blank\" rel=\"noopener\">altbasel.ch<\/a>)\u00a0 . Der rechts in Bildmitte mit &#8222;D&#8220; bezeichnete Turm steht allerdings noch.<\/p>\n<p><a href=\"http:\/\/menzendorff.de\/wp-content\/uploads\/2019\/04\/DSC_0008.jpg\"><img loading=\"lazy\" class=\"alignleft size-large wp-image-2738\" src=\"http:\/\/menzendorff.de\/wp-content\/uploads\/2019\/04\/DSC_0008-1024x683.jpg\" alt=\"\" width=\"625\" height=\"417\" srcset=\"http:\/\/menzendorff.de\/wp-content\/uploads\/2019\/04\/DSC_0008-1024x683.jpg 1024w, http:\/\/menzendorff.de\/wp-content\/uploads\/2019\/04\/DSC_0008-300x200.jpg 300w, http:\/\/menzendorff.de\/wp-content\/uploads\/2019\/04\/DSC_0008-768x512.jpg 768w, http:\/\/menzendorff.de\/wp-content\/uploads\/2019\/04\/DSC_0008-624x416.jpg 624w\" sizes=\"(max-width: 625px) 100vw, 625px\" \/><\/a><\/p>\n<p style=\"text-align: center;\">Stadtturm St. Johann, Sankt-Johanns-Vorstadt, Basel. Blick aus der Stadt nach Osten.<\/p>\n<h1>6. Kanton Bern<\/h1>\n<p>Das Fr\u00fchst\u00fcck im Elsass war erheblich besser als das Abendessen und so zogen wir erneut los, zu unserem dritten und letzten Tag der Tour. Es standen nur noch zwei Punkte auf dem Programm.<\/p>\n<h2>6.1 Thunstetten<\/h2>\n<p>Nach ca. 75 Km Fahrt in Richtung S\u00fcden erreichten wir die Johanniterkommende Thunstetten.<\/p>\n<p><a href=\"http:\/\/menzendorff.de\/wp-content\/uploads\/2012\/02\/DSC_0542.jpg\"><img loading=\"lazy\" class=\"alignleft size-large wp-image-2662\" src=\"http:\/\/menzendorff.de\/wp-content\/uploads\/2012\/02\/DSC_0542-1024x683.jpg\" alt=\"\" width=\"625\" height=\"417\" srcset=\"http:\/\/menzendorff.de\/wp-content\/uploads\/2012\/02\/DSC_0542-1024x683.jpg 1024w, http:\/\/menzendorff.de\/wp-content\/uploads\/2012\/02\/DSC_0542-300x200.jpg 300w, http:\/\/menzendorff.de\/wp-content\/uploads\/2012\/02\/DSC_0542-768x512.jpg 768w, http:\/\/menzendorff.de\/wp-content\/uploads\/2012\/02\/DSC_0542-624x416.jpg 624w\" sizes=\"(max-width: 625px) 100vw, 625px\" \/><\/a><\/p>\n<p>Die Johanniterkommende wurde zwischen 1180 und 1210 errichtet. Urkundlich erw\u00e4hnt wird sie erstmals 1220 in einem Streit vor dem Schiedsgericht. Gestiftet wurde sie vermutlich von einem &#8222;oberaargauischen Adelskonsortium aus z\u00e4hringisch-kyburgischen Ministerialen&#8220; (H.S. Wick-Werder, Teil 1, S. 459 f.). Rechts im Bild befinden sich Geb\u00e4ude der ehemaligen Kommende, die heute f\u00fcr den Pfarreibetrieb und die Gemeinde benutzt werden.<\/p>\n<p><a href=\"http:\/\/menzendorff.de\/wp-content\/uploads\/2012\/02\/DSC_0548.jpg\"><img loading=\"lazy\" class=\"alignleft size-large wp-image-2663\" src=\"http:\/\/menzendorff.de\/wp-content\/uploads\/2012\/02\/DSC_0548-1024x683.jpg\" alt=\"\" width=\"625\" height=\"417\" srcset=\"http:\/\/menzendorff.de\/wp-content\/uploads\/2012\/02\/DSC_0548-1024x683.jpg 1024w, http:\/\/menzendorff.de\/wp-content\/uploads\/2012\/02\/DSC_0548-300x200.jpg 300w, http:\/\/menzendorff.de\/wp-content\/uploads\/2012\/02\/DSC_0548-768x512.jpg 768w, http:\/\/menzendorff.de\/wp-content\/uploads\/2012\/02\/DSC_0548-624x416.jpg 624w\" sizes=\"(max-width: 625px) 100vw, 625px\" \/><\/a><\/p>\n<p style=\"text-align: center;\">stilisiertes Johanniterwappen, Detail aus dem Inneren.<\/p>\n<p>&#8222;Die heutige Kirche ist ein Neubau von 1745, der Turm stammt vermutlich aus dem 12. Jh.&#8220; (<a href=\"http:\/\/www.hls-dhs-dss.ch\/textes\/d\/D205.php?topdf=1\" target=\"_blank\" rel=\"noopener\">Historisches\u00a0 Lexikon der Schweiz<\/a>)<\/p>\n<h2>5.2 Sumiswald<\/h2>\n<p>Ca. 25 Km s\u00fcdlich unterhalb von Thunstetten befindet sich das Dorf Sumiswald und die ehemalige Deutschordenkommende, das sogenannte &#8222;Schloss Spittel&#8220;, das etwa 2 km westlich ausserhalb des Dorfes &#8211; weithin sichtbar &#8211; auf einem H\u00fcgel liegt. Wiederaufgerichtet nach einem Brand 1730 diente das ehemalige Deutschordenskrankenhaus als Altersheim bis 2016 (Quelle <a href=\"https:\/\/de.wikipedia.org\/wiki\/Schloss_Spittel\" target=\"_blank\" rel=\"noopener\">Wikipedia<\/a>) und heute als <a href=\"https:\/\/www.schlafschloss.ch\/?lang=de\" target=\"_blank\" rel=\"noopener\">Beherbergungsbetrieb<\/a>.<\/p>\n<p><a href=\"http:\/\/menzendorff.de\/wp-content\/uploads\/2012\/02\/DSC_0575.jpg\"><img loading=\"lazy\" class=\"alignleft size-large wp-image-2665\" src=\"http:\/\/menzendorff.de\/wp-content\/uploads\/2012\/02\/DSC_0575-1024x683.jpg\" alt=\"\" width=\"625\" height=\"417\" srcset=\"http:\/\/menzendorff.de\/wp-content\/uploads\/2012\/02\/DSC_0575-1024x683.jpg 1024w, http:\/\/menzendorff.de\/wp-content\/uploads\/2012\/02\/DSC_0575-300x200.jpg 300w, http:\/\/menzendorff.de\/wp-content\/uploads\/2012\/02\/DSC_0575-768x512.jpg 768w, http:\/\/menzendorff.de\/wp-content\/uploads\/2012\/02\/DSC_0575-624x416.jpg 624w\" sizes=\"(max-width: 625px) 100vw, 625px\" \/><\/a><\/p>\n<p style=\"text-align: center;\">Komturei Sumiswald, Totale von S\u00fcden<\/p>\n<p><a href=\"http:\/\/menzendorff.de\/wp-content\/uploads\/2012\/02\/DSC_0564.jpg\"><img loading=\"lazy\" class=\"alignleft size-large wp-image-2664\" src=\"http:\/\/menzendorff.de\/wp-content\/uploads\/2012\/02\/DSC_0564-1024x683.jpg\" alt=\"\" width=\"625\" height=\"417\" srcset=\"http:\/\/menzendorff.de\/wp-content\/uploads\/2012\/02\/DSC_0564-1024x683.jpg 1024w, http:\/\/menzendorff.de\/wp-content\/uploads\/2012\/02\/DSC_0564-300x200.jpg 300w, http:\/\/menzendorff.de\/wp-content\/uploads\/2012\/02\/DSC_0564-768x512.jpg 768w, http:\/\/menzendorff.de\/wp-content\/uploads\/2012\/02\/DSC_0564-624x416.jpg 624w\" sizes=\"(max-width: 625px) 100vw, 625px\" \/><\/a><\/p>\n<p style=\"text-align: center;\">Haupttor Schlo\u00df Sumiswald<\/p>\n<p><a href=\"http:\/\/menzendorff.de\/wp-content\/uploads\/2012\/02\/DSC_0578.jpg\"><img loading=\"lazy\" class=\"alignleft size-large wp-image-2666\" src=\"http:\/\/menzendorff.de\/wp-content\/uploads\/2012\/02\/DSC_0578-683x1024.jpg\" alt=\"\" width=\"625\" height=\"937\" srcset=\"http:\/\/menzendorff.de\/wp-content\/uploads\/2012\/02\/DSC_0578-683x1024.jpg 683w, http:\/\/menzendorff.de\/wp-content\/uploads\/2012\/02\/DSC_0578-200x300.jpg 200w, http:\/\/menzendorff.de\/wp-content\/uploads\/2012\/02\/DSC_0578-768x1152.jpg 768w, http:\/\/menzendorff.de\/wp-content\/uploads\/2012\/02\/DSC_0578-624x936.jpg 624w\" sizes=\"(max-width: 625px) 100vw, 625px\" \/><\/a><\/p>\n<p style=\"text-align: center;\">Deutschordenskirche Sumiswald<\/p>\n<p>Gegr\u00fcndet zwischen 1225 und 1245, gewidmet der Jungfrau Maria, eine Schenkung des L\u00fctold von Sumiswald an den deutschmeister Hermann Otter unter der Bedingung, dass ein Krankenhaus errichtet wird, welche Arme und Pilger aufnehmen soll und dass immer zwei Priester dort anwesend sein m\u00fcssen. (H.S. Baeriswyl, Teil 2, S. 780f.)<\/p>\n<p><a href=\"http:\/\/menzendorff.de\/wp-content\/uploads\/2019\/04\/DSC_0594.jpg\"><img loading=\"lazy\" class=\"alignleft size-large wp-image-2744\" src=\"http:\/\/menzendorff.de\/wp-content\/uploads\/2019\/04\/DSC_0594-1024x683.jpg\" alt=\"\" width=\"625\" height=\"417\" srcset=\"http:\/\/menzendorff.de\/wp-content\/uploads\/2019\/04\/DSC_0594-1024x683.jpg 1024w, http:\/\/menzendorff.de\/wp-content\/uploads\/2019\/04\/DSC_0594-300x200.jpg 300w, http:\/\/menzendorff.de\/wp-content\/uploads\/2019\/04\/DSC_0594-768x512.jpg 768w, http:\/\/menzendorff.de\/wp-content\/uploads\/2019\/04\/DSC_0594-624x416.jpg 624w\" sizes=\"(max-width: 625px) 100vw, 625px\" \/><\/a><\/p>\n<p style=\"text-align: center;\">Detail aus dem innern. Maria und das Wappen des Deutschen Ordens.<\/p>\n<p>Hier endete unsere Recherchereise. Wir fuhren nach Wil in die Ostschweiz zur\u00fcck und werteten erste Fotos aus, bis das Abendessen fertig war. Leckeres Raclette mit Bacon und Kartoffeln, dazu den einen oder anderen Schluck Wein. Derzeit fiele mir nichts ein, mit dem ich ebenso vergn\u00fcglich und pers\u00f6nlich gewinnbringend besch\u00e4ftigen k\u00f6nnte, als mit solchen Recherchereisen ins Mittelalter der Ritterorden einzutauchen und gleichzeitig Land und Leute von heute zu erleben und Zusammenh\u00e4nge zu erkennen. Europa war ebenso dicht vernetzt wie heute. Die Wege dauerten nat\u00fcrlich etwas l\u00e4nger. Streit, Hader und Eigensucht aber auch Selbstlosigkeit, Zusammenhalt und Aufopferungsbereitschaft gab es damals wie heute.<\/p>\n<p>Aber man stellt regelm\u00e4ssig fest, dass die Aufnahmef\u00e4higkeit und die Reiselust sp\u00e4testens am dritten Tag stark nachl\u00e4sst. Und so haben wir den frankophonen Teil der Schweiz westlich der &#8222;R\u00f6sti-Grenze&#8220; f\u00fcr dieses Mal auslassen m\u00fcssen. Viel ist dort heute nicht mehr zu sehen von den Kommenden der Ordensritter. Man stellt fest, dass sich die Tempelritter aus nicht n\u00e4her bekannten Gr\u00fcnden nicht in die deutschsprachige Schweiz ausgebreitet sondern sich auf den frankophonen Raum (La Chaux, Gen\u00e8ve) \u00a0 beschr\u00e4nkt haben.<\/p>\n<p>&#8222;Man kann wundert sich \u00fcber die sp\u00e4rliche und z\u00f6gerliche Pr\u00e4senz der Templer in der romanischen Schweiz, zumal der Orden f\u00fcr seine bevorzugte Vorgehensweise bekannt ist, sich an den grossen Achsen der transalpinen Passagen aufzustellen, besonders in der Franche-Comt\u00e9 und im Piemont&#8220;, schreibt Bernard Andematten in seiner Einf\u00fchrung zum Templerorden in Helvetia Sacra, Teil 1, S. 531ff. Das ist in zweierlei Hinsicht etwas irref\u00fchrend. Zum einen befanden die zutreffen sp\u00e4rlichen Besitzungen der Templer ausschliesslich in der franz\u00f6sischsprachigen Schweiz, w\u00e4hrend f\u00fcr die deutschsprache Mittel- und Ostschweiz \u00fcberhaupt keine Niederlassungen beschrieben sind. Zum anderen haben sich die Templer entlang der gro\u00dfen europ\u00e4ische Hauptstrasse via francigena (Von Canterbury nach Rom) tats\u00e4chlich nur in Frankreich ma\u00dfgeblich und dicht aufgestellt, wie etwa in der Franche-Comt\u00e9 und dann aber erst wieder im <a href=\"http:\/\/menzendorff.de\/?p=881\" target=\"_blank\" rel=\"noopener\">Piemont<\/a> (S. Maria di Isana, Livorno Ferraris und S. Maria del Tempio,\u00a0 Casale Montferrato) , w\u00e4hrend zwischen La Chaux und dem Aostatal kein einzigerTemplersitz mehr vorhanden war. Offensichtlich haben es sich die weltlichen Herren nicht \u00fcberall aus der Hand nehmen lassen, an den Alpen\u00fcberg\u00e4ngen zu verdienen. Dass die Templer in der deutschsprachigen Schweiz keine Niederlassungen gegr\u00fcndet haben, sollte angesichts der Tatsache, dass sie auch in Deutschland recht wenige Niederlassungen im Vergleich zu den beiden anderen Orden besassen, nicht allzusehr verwundern. Vielleicht bestand auch ein Zwist mit den Z\u00e4hringern, was im <a href=\"http:\/\/www.templerlexikon.uni-hamburg.de\/TDF-L2.html\" target=\"_blank\" rel=\"noopener\">Templerlexikon<\/a> f\u00fcr La Chaux angedeutet wird.<\/p>\n<p>&nbsp;<\/p>\n<p>&nbsp;<\/p>\n<p>Stand 14.04.2019<\/p>\n","protected":false},"excerpt":{"rendered":"<p>Anfang September hatte es endlich geklappt. Mein schweizerischer Freund\u00a0J\u00fcrg Caluori und ich hatten schon seit l\u00e4ngerem eine Tour zu den Ordensrittern in der Schweiz geplant. Wir kennen uns seit 2005 von einigen gemeinsamen Templer- und Recherchereisen im Languedoc und wissen daher um unsere Belastbarkeit beim Erfahren und Besichtigen von alten Kirchen und beim St\u00f6bern in [&hellip;]<\/p>\n","protected":false},"author":2,"featured_media":0,"comment_status":"open","ping_status":"open","sticky":false,"template":"","format":"standard","meta":[],"categories":[5],"tags":[],"_links":{"self":[{"href":"http:\/\/menzendorff.de\/index.php?rest_route=\/wp\/v2\/posts\/2440"}],"collection":[{"href":"http:\/\/menzendorff.de\/index.php?rest_route=\/wp\/v2\/posts"}],"about":[{"href":"http:\/\/menzendorff.de\/index.php?rest_route=\/wp\/v2\/types\/post"}],"author":[{"embeddable":true,"href":"http:\/\/menzendorff.de\/index.php?rest_route=\/wp\/v2\/users\/2"}],"replies":[{"embeddable":true,"href":"http:\/\/menzendorff.de\/index.php?rest_route=%2Fwp%2Fv2%2Fcomments&post=2440"}],"version-history":[{"count":56,"href":"http:\/\/menzendorff.de\/index.php?rest_route=\/wp\/v2\/posts\/2440\/revisions"}],"predecessor-version":[{"id":2751,"href":"http:\/\/menzendorff.de\/index.php?rest_route=\/wp\/v2\/posts\/2440\/revisions\/2751"}],"wp:attachment":[{"href":"http:\/\/menzendorff.de\/index.php?rest_route=%2Fwp%2Fv2%2Fmedia&parent=2440"}],"wp:term":[{"taxonomy":"category","embeddable":true,"href":"http:\/\/menzendorff.de\/index.php?rest_route=%2Fwp%2Fv2%2Fcategories&post=2440"},{"taxonomy":"post_tag","embeddable":true,"href":"http:\/\/menzendorff.de\/index.php?rest_route=%2Fwp%2Fv2%2Ftags&post=2440"}],"curies":[{"name":"wp","href":"https:\/\/api.w.org\/{rel}","templated":true}]}}