{"id":2442,"date":"2012-02-01T19:43:34","date_gmt":"2012-02-01T17:43:34","guid":{"rendered":"http:\/\/menzendorff.de\/?p=2442"},"modified":"2019-11-13T20:47:53","modified_gmt":"2019-11-13T18:47:53","slug":"johanniter-in-baden-wuerttemberg-2017-und-2018","status":"publish","type":"post","link":"http:\/\/menzendorff.de\/?p=2442","title":{"rendered":"Stra\u00dfen der Ordensritter in Baden-W\u00fcrttemberg, 1 &#8211; 2018"},"content":{"rendered":"<p style=\"text-align: center;\">Dieser Beitrag ist noch in laufender Bearbeitung, Stand 13.11.2019<\/p>\n<p>&nbsp;<\/p>\n<p>Im fr\u00fcheren <a href=\"http:\/\/menzendorff.de\/?p=2445\" target=\"_blank\" rel=\"noopener\">Beitrag \u00fcber die Ritterorden in Hessen<\/a> haben wir bereit gesehen, dass die Johanniter und die Deutschherren durch regelm\u00e4ssige und wohl auch beabsichtige Gr\u00fcndungen zwei regelrechte Stra\u00dfen durch Hessen gebildet haben, wobei der deutsche Orden die prominentere Strecke in Beschlag nehmen konnte, die B3 von Fritzlar nach Frankfurt. Der Johanniterorden mu\u00dfte sich &#8211; abgesehen von den Kommenden Nieder-Weisel und Frankfurt &#8211; mit einer Art Nebenstrecke zufriedengeben. S\u00fcdlich von Frankfurt dominiert jedoch der Johanniterorden und verband die Strecke von Frankfurt mit der von Nidda &#8211; R\u00fcdigheim durch Mosbach (bei Schaafheim) und schlie\u00dflich Obermossau (Hessen) und f\u00fchrte sie ab Neckarelz (Baden-W\u00fcrttemberg)\u00a0 in den S\u00fcden Richtung Villingen, Heitersheim und Basel.<\/p>\n<h1>Teil 1: Frankfurt &#8211; Stuttgart<\/h1>\n<p>Schauen wir und das Ordenritternetz zwischen Frankfurt, W\u00fcrzburg und Stuttgart n\u00e4her an:<\/p>\n<p><a href=\"http:\/\/menzendorff.de\/wp-content\/uploads\/2012\/02\/Screenshot-2019-08-11-13.40.09.png\"><img loading=\"lazy\" class=\"alignleft size-large wp-image-3207\" src=\"http:\/\/menzendorff.de\/wp-content\/uploads\/2012\/02\/Screenshot-2019-08-11-13.40.09-1024x809.png\" alt=\"\" width=\"625\" height=\"494\" srcset=\"http:\/\/menzendorff.de\/wp-content\/uploads\/2012\/02\/Screenshot-2019-08-11-13.40.09-1024x809.png 1024w, http:\/\/menzendorff.de\/wp-content\/uploads\/2012\/02\/Screenshot-2019-08-11-13.40.09-300x237.png 300w, http:\/\/menzendorff.de\/wp-content\/uploads\/2012\/02\/Screenshot-2019-08-11-13.40.09-768x606.png 768w, http:\/\/menzendorff.de\/wp-content\/uploads\/2012\/02\/Screenshot-2019-08-11-13.40.09-624x493.png 624w, http:\/\/menzendorff.de\/wp-content\/uploads\/2012\/02\/Screenshot-2019-08-11-13.40.09.png 1041w\" sizes=\"(max-width: 625px) 100vw, 625px\" \/><\/a><\/p>\n<p>In S\u00fcdhessen finden wir nur Johanniterorte. Der Deutsche Orden hat sich hier entlang des Maines entlang aufgestellt und eine Stra\u00dfe nach S\u00fcden an der Stelle wohl nicht mehr weiterverfolgt. Mainaufw\u00e4rts finden wir die Komtureien Aschaffenburg und W\u00fcrzburg. Mainabw\u00e4rts liegt Frankfurt und Mainz. Der Main war in diesem Abschnitt bereits im Mittelalter schiffbar.<\/p>\n<h2>1. Kommende Mosbach, 64850 Schaafheim, Lkr. Darmstadt-Dieburg<\/h2>\n<p><a href=\"http:\/\/menzendorff.de\/wp-content\/uploads\/2012\/02\/DSC_0001.jpg\"><img loading=\"lazy\" class=\"alignleft size-large wp-image-3217\" src=\"http:\/\/menzendorff.de\/wp-content\/uploads\/2012\/02\/DSC_0001-1024x683.jpg\" alt=\"\" width=\"625\" height=\"417\" srcset=\"http:\/\/menzendorff.de\/wp-content\/uploads\/2012\/02\/DSC_0001-1024x683.jpg 1024w, http:\/\/menzendorff.de\/wp-content\/uploads\/2012\/02\/DSC_0001-300x200.jpg 300w, http:\/\/menzendorff.de\/wp-content\/uploads\/2012\/02\/DSC_0001-768x512.jpg 768w, http:\/\/menzendorff.de\/wp-content\/uploads\/2012\/02\/DSC_0001-624x416.jpg 624w\" sizes=\"(max-width: 625px) 100vw, 625px\" \/><\/a><\/p>\n<p>Die Johanniter haben die Kommende Mosbach im Jahre 1218 gegr\u00fcndet. Zuvor stand an dieser Stelle bereits eine Pfarrkirche, \u00fcber die nichts n\u00e4heres bekannt ist, sowie eine heidnisch-r\u00f6mische Kultst\u00e4tte (<a href=\"https:\/\/de.wikipedia.org\/wiki\/Kirche_St._Johannes_Baptist_(Mosbach)\" target=\"_blank\" rel=\"noopener\">wikipedia<\/a>). Aus der Zeit der Johanniter stammt der Kirchtum&#8230;<\/p>\n<p><a href=\"http:\/\/menzendorff.de\/wp-content\/uploads\/2012\/02\/DSC_0027.jpg\"><img loading=\"lazy\" class=\"alignleft size-large wp-image-3240\" src=\"http:\/\/menzendorff.de\/wp-content\/uploads\/2012\/02\/DSC_0027-1024x683.jpg\" alt=\"\" width=\"625\" height=\"417\" srcset=\"http:\/\/menzendorff.de\/wp-content\/uploads\/2012\/02\/DSC_0027-1024x683.jpg 1024w, http:\/\/menzendorff.de\/wp-content\/uploads\/2012\/02\/DSC_0027-300x200.jpg 300w, http:\/\/menzendorff.de\/wp-content\/uploads\/2012\/02\/DSC_0027-768x512.jpg 768w, http:\/\/menzendorff.de\/wp-content\/uploads\/2012\/02\/DSC_0027-624x416.jpg 624w\" sizes=\"(max-width: 625px) 100vw, 625px\" \/><\/a><\/p>\n<p>.. sowie das heutige Seitenschiff, das einst als Hauptschiff errichtet war. Die Johanniter unterhielten hier ein Spital. Insofern ist die Mosbacher Johanniterkirche &#8222;eine typische Ordenskirche mit dem Kultraum unten und dem Hospitalraum oben zur Unterbringung von Kranken und Pilgern.&#8220; (Wienand, Der Johanniterorden, 3. Aufl. 1988, S. 344<\/p>\n<p><a href=\"http:\/\/menzendorff.de\/wp-content\/uploads\/2012\/02\/DSC_0010.jpg\"><img loading=\"lazy\" class=\"alignleft size-large wp-image-3241\" src=\"http:\/\/menzendorff.de\/wp-content\/uploads\/2012\/02\/DSC_0010-1024x683.jpg\" alt=\"\" width=\"625\" height=\"417\" srcset=\"http:\/\/menzendorff.de\/wp-content\/uploads\/2012\/02\/DSC_0010-1024x683.jpg 1024w, http:\/\/menzendorff.de\/wp-content\/uploads\/2012\/02\/DSC_0010-300x200.jpg 300w, http:\/\/menzendorff.de\/wp-content\/uploads\/2012\/02\/DSC_0010-768x512.jpg 768w, http:\/\/menzendorff.de\/wp-content\/uploads\/2012\/02\/DSC_0010-624x416.jpg 624w\" sizes=\"(max-width: 625px) 100vw, 625px\" \/><\/a><\/p>\n<p style=\"text-align: center;\">Stele mit Johanniter-Kreuz<\/p>\n<p><a href=\"http:\/\/menzendorff.de\/wp-content\/uploads\/2012\/02\/Screenshot-2019-09-01-13.15.46.png\"><img loading=\"lazy\" class=\"alignleft size-large wp-image-3245\" src=\"http:\/\/menzendorff.de\/wp-content\/uploads\/2012\/02\/Screenshot-2019-09-01-13.15.46-1024x521.png\" alt=\"\" width=\"625\" height=\"318\" srcset=\"http:\/\/menzendorff.de\/wp-content\/uploads\/2012\/02\/Screenshot-2019-09-01-13.15.46.png 1024w, http:\/\/menzendorff.de\/wp-content\/uploads\/2012\/02\/Screenshot-2019-09-01-13.15.46-300x153.png 300w, http:\/\/menzendorff.de\/wp-content\/uploads\/2012\/02\/Screenshot-2019-09-01-13.15.46-768x391.png 768w, http:\/\/menzendorff.de\/wp-content\/uploads\/2012\/02\/Screenshot-2019-09-01-13.15.46-624x317.png 624w\" sizes=\"(max-width: 625px) 100vw, 625px\" \/><\/a><\/p>\n<p>Auszug aus der Stiftungsurkunde von Graf Boppo von Wertheim (Quelle: Winand, S. 342).<\/p>\n<h2>2. Kommende Ober-Mossau, 64756 Mossautal, Odenwaldkreis<\/h2>\n<p><a href=\"http:\/\/menzendorff.de\/wp-content\/uploads\/2012\/02\/DSC_0035.jpg\"><img loading=\"lazy\" class=\"alignleft size-large wp-image-3218\" src=\"http:\/\/menzendorff.de\/wp-content\/uploads\/2012\/02\/DSC_0035-1024x683.jpg\" alt=\"\" width=\"625\" height=\"417\" srcset=\"http:\/\/menzendorff.de\/wp-content\/uploads\/2012\/02\/DSC_0035-1024x683.jpg 1024w, http:\/\/menzendorff.de\/wp-content\/uploads\/2012\/02\/DSC_0035-300x200.jpg 300w, http:\/\/menzendorff.de\/wp-content\/uploads\/2012\/02\/DSC_0035-768x512.jpg 768w, http:\/\/menzendorff.de\/wp-content\/uploads\/2012\/02\/DSC_0035-624x416.jpg 624w\" sizes=\"(max-width: 625px) 100vw, 625px\" \/><\/a><\/p>\n<p style=\"text-align: left;\">Die Kommende Ober-Mossau wurde im Jahre 1252 auf Veranlassung der Schenken von Erbach gegr\u00fcndet. &#8222;Von dem \u00e4lteren Kirchenbau sind noch der Chor, die untere Turmmauer und die Nordseite des Kirchenschiffs erhalten. Im Jahre 1501 erfuhr die Kirche nach S\u00fcden eine Erweiterung. An drei Stellen der Kirche ist noch das Johanniterkreuz zu sehen.&#8220; (<a href=\"https:\/\/www.urlaub-in-hessen.com\/urlaub\/2576\/Johanniterkirche_Ober-Mossau\/index.htm\" target=\"_blank\" rel=\"noopener\">Urlaub in Hessen<\/a>).<\/p>\n<p><a href=\"http:\/\/menzendorff.de\/wp-content\/uploads\/2012\/02\/DSC_0039.jpg\"><img loading=\"lazy\" class=\"alignleft size-large wp-image-3219\" src=\"http:\/\/menzendorff.de\/wp-content\/uploads\/2012\/02\/DSC_0039-1024x683.jpg\" alt=\"\" width=\"625\" height=\"417\" srcset=\"http:\/\/menzendorff.de\/wp-content\/uploads\/2012\/02\/DSC_0039-1024x683.jpg 1024w, http:\/\/menzendorff.de\/wp-content\/uploads\/2012\/02\/DSC_0039-300x200.jpg 300w, http:\/\/menzendorff.de\/wp-content\/uploads\/2012\/02\/DSC_0039-768x512.jpg 768w, http:\/\/menzendorff.de\/wp-content\/uploads\/2012\/02\/DSC_0039-624x416.jpg 624w\" sizes=\"(max-width: 625px) 100vw, 625px\" \/><\/a><\/p>\n<p style=\"text-align: center;\">Johanniterkreuz \u00fcber der Pforte<\/p>\n<p><a href=\"http:\/\/menzendorff.de\/wp-content\/uploads\/2012\/02\/DSC_0050.jpg\"><img loading=\"lazy\" class=\"alignleft size-large wp-image-3220\" src=\"http:\/\/menzendorff.de\/wp-content\/uploads\/2012\/02\/DSC_0050-1024x683.jpg\" alt=\"\" width=\"625\" height=\"417\" srcset=\"http:\/\/menzendorff.de\/wp-content\/uploads\/2012\/02\/DSC_0050-1024x683.jpg 1024w, http:\/\/menzendorff.de\/wp-content\/uploads\/2012\/02\/DSC_0050-300x200.jpg 300w, http:\/\/menzendorff.de\/wp-content\/uploads\/2012\/02\/DSC_0050-768x512.jpg 768w, http:\/\/menzendorff.de\/wp-content\/uploads\/2012\/02\/DSC_0050-624x416.jpg 624w\" sizes=\"(max-width: 625px) 100vw, 625px\" \/><\/a><\/p>\n<p style=\"text-align: center;\">Johanniterkreuz \u00fcber dem Doppelfenster des Turms<\/p>\n<h2>3. Tempelhaus Neckarelz, 78820 Stadt Mosbach, Neckar-Odenwald-Kreis<\/h2>\n<p>Wir haben Hessen nun verlassen und befinden uns jetzt in Baden-W\u00fcrttemberg. Die n\u00e4chste Station der Johanniter ist die ber\u00fchmte, sog. mehrgeschossige Hospitalkirche (Wienand, S. 410) von Neckarelz, genannt Tempelhaus. Zitat <a href=\"https:\/\/de.wikipedia.org\/wiki\/Tempelhaus_(Neckarelz)\" target=\"_blank\" rel=\"noopener\">Wikipedia<\/a>: &#8222;Die \u00e4lteste Erw\u00e4hnung der vermutlich noch \u00e4lteren Tiefburg erfolgt in einer Urkunde vom 11. Juni 1300, nach der die Johanniter in dem damals bereits bestehenden Geb\u00e4ude ihre Niederlassung hatten. Der Ursprung der Anlage kann nur vermutet werden.&#8220;<\/p>\n<p>Der Name Tempelhaus ist erst im 16. Jahrhundert entstanden. Die Tempelritter waren hier nicht.<\/p>\n<p><a href=\"http:\/\/menzendorff.de\/wp-content\/uploads\/2012\/02\/DSC_0084.jpg\"><img loading=\"lazy\" class=\"alignleft size-large wp-image-3222\" src=\"http:\/\/menzendorff.de\/wp-content\/uploads\/2012\/02\/DSC_0084-1024x683.jpg\" alt=\"\" width=\"625\" height=\"417\" srcset=\"http:\/\/menzendorff.de\/wp-content\/uploads\/2012\/02\/DSC_0084-1024x683.jpg 1024w, http:\/\/menzendorff.de\/wp-content\/uploads\/2012\/02\/DSC_0084-300x200.jpg 300w, http:\/\/menzendorff.de\/wp-content\/uploads\/2012\/02\/DSC_0084-768x512.jpg 768w, http:\/\/menzendorff.de\/wp-content\/uploads\/2012\/02\/DSC_0084-624x416.jpg 624w\" sizes=\"(max-width: 625px) 100vw, 625px\" \/><\/a><\/p>\n<p style=\"text-align: center;\">Die mehrgeschossige Hoaspitalkirche von Neckarelz<\/p>\n<p><a href=\"http:\/\/menzendorff.de\/wp-content\/uploads\/2012\/02\/DSC_0063.jpg\"><img loading=\"lazy\" class=\"alignleft size-large wp-image-3221\" src=\"http:\/\/menzendorff.de\/wp-content\/uploads\/2012\/02\/DSC_0063-1024x683.jpg\" alt=\"\" width=\"625\" height=\"417\" srcset=\"http:\/\/menzendorff.de\/wp-content\/uploads\/2012\/02\/DSC_0063-1024x683.jpg 1024w, http:\/\/menzendorff.de\/wp-content\/uploads\/2012\/02\/DSC_0063-300x200.jpg 300w, http:\/\/menzendorff.de\/wp-content\/uploads\/2012\/02\/DSC_0063-768x512.jpg 768w, http:\/\/menzendorff.de\/wp-content\/uploads\/2012\/02\/DSC_0063-624x416.jpg 624w\" sizes=\"(max-width: 625px) 100vw, 625px\" \/><\/a><\/p>\n<p style=\"text-align: center;\">Ansicht von S\u00fcdosten<\/p>\n<p>S\u00fcdlich von Neckarelz scheint sich die (offenbar hier zu vermutende) Johanniter-Stra\u00dfe zu teilen. Ca. 50 Km s\u00fcdwestlich von Neckarelz folgt die Kommende Bruchsal (nachf. 4a), 36 Km s\u00fcd\u00f6stlich liegt die Kommende Affaltrach (4b) und 30 Km weiter die von Schw\u00e4bisch Hall (4c).<\/p>\n<h2>4a. Badenroute:\u00a0 Bruchsal, 76694 Stadt Bruchsal, Lkr. Karlsruhe<\/h2>\n<p>&#8222;Die erste urkundliche Erw\u00e4hnung eines Hauses in Bruchsal im Besitz der Johanniter findet sich f\u00fcr das Jahr 1272; die hier t\u00e4tigen Br\u00fcder nahmen 1287 mit der \u00dcbertragung eines Hofes bei Durlach und Gr\u00f6tzingen eine bedeutende Schenkung entgegen. Zehn Jahre sp\u00e4ter erscheint ein Bruder Richard als erster bekannter Komtur, dem ein Ordensgeistlicher f\u00fcr die Gottesdienste in der Ordenskapelle und ein kleiner Bruderkonvent unterstanden haben sollen.&#8220; (<a href=\"https:\/\/www.leo-bw.de\/web\/guest\/themen\/archivbestande\/generallandesarchiv-karlsruhe\" target=\"_blank\" rel=\"noopener\">Zitat aus LeoBW<\/a>)<\/p>\n<p><a href=\"http:\/\/menzendorff.de\/wp-content\/uploads\/2012\/02\/DSC_0090.jpg\"><img loading=\"lazy\" class=\"alignleft size-large wp-image-3224\" src=\"http:\/\/menzendorff.de\/wp-content\/uploads\/2012\/02\/DSC_0090-1024x683.jpg\" alt=\"\" width=\"625\" height=\"417\" srcset=\"http:\/\/menzendorff.de\/wp-content\/uploads\/2012\/02\/DSC_0090-1024x683.jpg 1024w, http:\/\/menzendorff.de\/wp-content\/uploads\/2012\/02\/DSC_0090-300x200.jpg 300w, http:\/\/menzendorff.de\/wp-content\/uploads\/2012\/02\/DSC_0090-768x512.jpg 768w, http:\/\/menzendorff.de\/wp-content\/uploads\/2012\/02\/DSC_0090-624x416.jpg 624w\" sizes=\"(max-width: 625px) 100vw, 625px\" \/><\/a><\/p>\n<p style=\"text-align: center;\">Johanniterkirche Bruchsal, Ansicht von S\u00fcdwesten.<\/p>\n<p style=\"text-align: left;\">In Folge der umliegenden Bebauung aus j\u00fcngster Zeit l\u00e4\u00dft sich die ehemals freistehende Kirche heute nicht mehr als ganzes auf einem Foto einfangen. Ich musste deshalb auf andere Fotografien zur\u00fcckgreifen:<\/p>\n<p><a href=\"http:\/\/menzendorff.de\/wp-content\/uploads\/2012\/02\/DSC_0089.jpg\"><img loading=\"lazy\" class=\"alignleft size-large wp-image-3223\" src=\"http:\/\/menzendorff.de\/wp-content\/uploads\/2012\/02\/DSC_0089-1024x683.jpg\" alt=\"\" width=\"625\" height=\"417\" srcset=\"http:\/\/menzendorff.de\/wp-content\/uploads\/2012\/02\/DSC_0089-1024x683.jpg 1024w, http:\/\/menzendorff.de\/wp-content\/uploads\/2012\/02\/DSC_0089-300x200.jpg 300w, http:\/\/menzendorff.de\/wp-content\/uploads\/2012\/02\/DSC_0089-768x512.jpg 768w, http:\/\/menzendorff.de\/wp-content\/uploads\/2012\/02\/DSC_0089-624x416.jpg 624w\" sizes=\"(max-width: 625px) 100vw, 625px\" \/><\/a><\/p>\n<p style=\"text-align: center;\">Werbetafel vor Ort.<\/p>\n<p><a href=\"http:\/\/menzendorff.de\/wp-content\/uploads\/2012\/02\/DSC_0094.jpg\"><img loading=\"lazy\" class=\"alignleft size-large wp-image-3225\" src=\"http:\/\/menzendorff.de\/wp-content\/uploads\/2012\/02\/DSC_0094-1024x683.jpg\" alt=\"\" width=\"625\" height=\"417\" srcset=\"http:\/\/menzendorff.de\/wp-content\/uploads\/2012\/02\/DSC_0094-1024x683.jpg 1024w, http:\/\/menzendorff.de\/wp-content\/uploads\/2012\/02\/DSC_0094-300x200.jpg 300w, http:\/\/menzendorff.de\/wp-content\/uploads\/2012\/02\/DSC_0094-768x512.jpg 768w, http:\/\/menzendorff.de\/wp-content\/uploads\/2012\/02\/DSC_0094-624x416.jpg 624w\" sizes=\"(max-width: 625px) 100vw, 625px\" \/><\/a><\/p>\n<p style=\"text-align: center;\">Ausschnitt der gotischen Apsis vom Ostchor.<\/p>\n<p><a href=\"http:\/\/menzendorff.de\/wp-content\/uploads\/2012\/02\/DSC_0098-1.jpg\"><img loading=\"lazy\" class=\"alignleft size-large wp-image-3226\" src=\"http:\/\/menzendorff.de\/wp-content\/uploads\/2012\/02\/DSC_0098-1-1024x683.jpg\" alt=\"\" width=\"625\" height=\"417\" srcset=\"http:\/\/menzendorff.de\/wp-content\/uploads\/2012\/02\/DSC_0098-1-1024x683.jpg 1024w, http:\/\/menzendorff.de\/wp-content\/uploads\/2012\/02\/DSC_0098-1-300x200.jpg 300w, http:\/\/menzendorff.de\/wp-content\/uploads\/2012\/02\/DSC_0098-1-768x512.jpg 768w, http:\/\/menzendorff.de\/wp-content\/uploads\/2012\/02\/DSC_0098-1-624x416.jpg 624w\" sizes=\"(max-width: 625px) 100vw, 625px\" \/><\/a><\/p>\n<p style=\"text-align: center;\">Die Kirche von Osten auf einem alten Vorkriegs-Foto<\/p>\n<p>Die s\u00fcdwestliche &#8222;Stra\u00dfe der Johanniterkommenden&#8220; endet hier. Es ist nicht auszuschlie\u00dfen, dass der Weitertransport von Waren und Personen ab hier \u00fcber den Rhein abgewickelt wurde, zumal sich die n\u00e4chste rechtsrheinische Ordensniederlassung von Kenzingen erst wieder 128 Kilometer weiter s\u00fcdlich &#8211; im Breisgau &#8211; befindet. Das Rheinufer liegt nur ca. 18 Km Entfernung und es darf unterstellt werden, dass die Johanniter hier Zugriff auf Anlegestellen hatten. Die Landstrasse, die Bruchsal mit Kenzingen verbindet, ist \u00fcbrigens wieder unsere &#8222;alte Bekannte&#8220;, n\u00e4mlich die B 3, die von Frankfurt \u00fcber Bruchsal bis zum Hauptsitz der Johanniter in der Deutschen Zunge, Heitersheim und schlie\u00dflich nach Basel f\u00fchrt.<\/p>\n<h2>4b. W\u00fcrttemberg-Route: Kommende Affaltrach, 74182 Obersulm, Ldkr. Heilbronn<\/h2>\n<p>&#8222;Der Johanniterorden erwarb 1278 von Gottfried von L\u00f6wenstein Besitzungen in Affaltrach, 1289 erhielt der Orden au\u00dferdem das Patronatsrecht \u00fcber die Affaltracher Kirche. Der Orden erbaute im selben Jahr ein erstes Kommendehaus an der Stelle des heutigen Schlosses. Die Kommende Affaltrach geh\u00f6rte zun\u00e4chst zur Niederlassung des Johanniterordens in Schw\u00e4bisch Hall und wurde sp\u00e4ter selbstst\u00e4ndig.&#8220; (Zitat aus <a href=\"https:\/\/de.wikipedia.org\/wiki\/Schloss_Affaltrach\" target=\"_blank\" rel=\"noopener\">Wikipedia<\/a>).<\/p>\n<p><a href=\"http:\/\/menzendorff.de\/wp-content\/uploads\/2012\/02\/20170621_120852.jpg\"><img loading=\"lazy\" class=\"alignleft size-large wp-image-3211\" src=\"http:\/\/menzendorff.de\/wp-content\/uploads\/2012\/02\/20170621_120852-1024x576.jpg\" alt=\"\" width=\"625\" height=\"352\" srcset=\"http:\/\/menzendorff.de\/wp-content\/uploads\/2012\/02\/20170621_120852-1024x576.jpg 1024w, http:\/\/menzendorff.de\/wp-content\/uploads\/2012\/02\/20170621_120852-300x169.jpg 300w, http:\/\/menzendorff.de\/wp-content\/uploads\/2012\/02\/20170621_120852-768x432.jpg 768w, http:\/\/menzendorff.de\/wp-content\/uploads\/2012\/02\/20170621_120852-624x351.jpg 624w\" sizes=\"(max-width: 625px) 100vw, 625px\" \/><\/a><\/p>\n<p style=\"text-align: left;\">Im ehemaligen Johanniter-Schlo\u00df befindet sich heute der Hauptsitz eines Weingutes. In Affaltrach wird seit Alters her Weinbau betrieben. Die zur Kommende geh\u00f6rende Pfarrkirche wurde sehr h\u00e4ufig und grundlegend umgestaltet.<\/p>\n<h2>4c. Schw\u00e4bisch Hall<\/h2>\n<p>&nbsp;<\/p>\n<h2>5. Kommende D\u00e4tzingen, 71120 Grafenau, Lkr. B\u00f6blingen<\/h2>\n<p>60 km s\u00fcd\u00f6stlich von Bruchsal und 90 km s\u00fcdwestlich von Schw\u00e4bisch-Hall vereinigen sich die badische und die w\u00fcrttembergische Johanniter-Route wieder in der Kommende D\u00e4tzingen.<\/p>\n<p>Die dortige Johanniterkommende entstand im Jahre 1263 (<a href=\"https:\/\/www.johanniter.de\/die-johanniter\/johanniterorden\/genossenschaften-und-kommenden\/baden-wuerttembergische-kommende\/geschichte\/\" target=\"_blank\" rel=\"noopener\">Die Johanniter<\/a>). Bausubstanz aus dieser Zeit ist heute nicht mehr sichtbar. Das Schlo\u00df von D\u00e4tzingen ist klassizistisch und stammt aus dem 18. Jahrhundert. Es beherbergt heute ein Kunstmuseum.<\/p>\n<p><a href=\"http:\/\/menzendorff.de\/wp-content\/uploads\/2012\/02\/20170621_133445.jpg\"><img loading=\"lazy\" class=\"alignleft size-large wp-image-3213\" src=\"http:\/\/menzendorff.de\/wp-content\/uploads\/2012\/02\/20170621_133445-1024x576.jpg\" alt=\"\" width=\"625\" height=\"352\" srcset=\"http:\/\/menzendorff.de\/wp-content\/uploads\/2012\/02\/20170621_133445-1024x576.jpg 1024w, http:\/\/menzendorff.de\/wp-content\/uploads\/2012\/02\/20170621_133445-300x169.jpg 300w, http:\/\/menzendorff.de\/wp-content\/uploads\/2012\/02\/20170621_133445-768x432.jpg 768w, http:\/\/menzendorff.de\/wp-content\/uploads\/2012\/02\/20170621_133445-624x351.jpg 624w\" sizes=\"(max-width: 625px) 100vw, 625px\" \/><\/a><\/p>\n<p style=\"text-align: center;\">ehem. Johanniter-Schlo\u00df D\u00e4tzingen, Gemeinde Grafenau<\/p>\n<p><a href=\"http:\/\/menzendorff.de\/wp-content\/uploads\/2012\/02\/20170621_133557.jpg\"><img loading=\"lazy\" class=\"alignleft size-large wp-image-3214\" src=\"http:\/\/menzendorff.de\/wp-content\/uploads\/2012\/02\/20170621_133557-1024x576.jpg\" alt=\"\" width=\"625\" height=\"352\" srcset=\"http:\/\/menzendorff.de\/wp-content\/uploads\/2012\/02\/20170621_133557-1024x576.jpg 1024w, http:\/\/menzendorff.de\/wp-content\/uploads\/2012\/02\/20170621_133557-300x169.jpg 300w, http:\/\/menzendorff.de\/wp-content\/uploads\/2012\/02\/20170621_133557-768x432.jpg 768w, http:\/\/menzendorff.de\/wp-content\/uploads\/2012\/02\/20170621_133557-624x351.jpg 624w\" sizes=\"(max-width: 625px) 100vw, 625px\" \/><\/a><\/p>\n<p style=\"text-align: center;\">Ritterwappen im Tympanon des Hauptportals.<\/p>\n<p><a href=\"http:\/\/menzendorff.de\/wp-content\/uploads\/2012\/02\/20170621_133342.jpg\"><img loading=\"lazy\" class=\"alignleft size-large wp-image-3212\" src=\"http:\/\/menzendorff.de\/wp-content\/uploads\/2012\/02\/20170621_133342-1024x576.jpg\" alt=\"\" width=\"625\" height=\"352\" srcset=\"http:\/\/menzendorff.de\/wp-content\/uploads\/2012\/02\/20170621_133342-1024x576.jpg 1024w, http:\/\/menzendorff.de\/wp-content\/uploads\/2012\/02\/20170621_133342-300x169.jpg 300w, http:\/\/menzendorff.de\/wp-content\/uploads\/2012\/02\/20170621_133342-768x432.jpg 768w, http:\/\/menzendorff.de\/wp-content\/uploads\/2012\/02\/20170621_133342-624x351.jpg 624w\" sizes=\"(max-width: 625px) 100vw, 625px\" \/><\/a><\/p>\n<p style=\"text-align: center;\">Im Ort befindet sich noch &#8211; gegen\u00fcber vom Schlo\u00df &#8211; ein Fachwerkhaus und eine Kirche, wohl aus dem 16. bis 17. Jahrhundert<\/p>\n<h2>6. Kommende Rohrdorf, 72227 Rohrdorf, Landkreis Calw<\/h2>\n<p>Ca. 30 Km s\u00fcdwestlich von D\u00e4tzingen &#8211; und damit in idealer Tagesdistanz &#8211;\u00a0 befindet sich die n\u00e4chste Johanniterstation von Rohrdorf. Sie existiert seit der zweiten H\u00e4lfte des 13. Jahrhunderts (<a href=\"https:\/\/www.johanniter.de\/die-johanniter\/johanniterorden\/genossenschaften-und-kommenden\/baden-wuerttembergische-kommende\/geschichte\/\" target=\"_blank\" rel=\"noopener\">Die Johanniter<\/a>) . Vor Ort<\/p>\n<p>&nbsp;<\/p>\n<p><a href=\"http:\/\/menzendorff.de\/wp-content\/uploads\/2012\/02\/20170621_145632.jpg\"><img loading=\"lazy\" class=\"alignleft size-large wp-image-3215\" src=\"http:\/\/menzendorff.de\/wp-content\/uploads\/2012\/02\/20170621_145632-1024x576.jpg\" alt=\"\" width=\"625\" height=\"352\" srcset=\"http:\/\/menzendorff.de\/wp-content\/uploads\/2012\/02\/20170621_145632-1024x576.jpg 1024w, http:\/\/menzendorff.de\/wp-content\/uploads\/2012\/02\/20170621_145632-300x169.jpg 300w, http:\/\/menzendorff.de\/wp-content\/uploads\/2012\/02\/20170621_145632-768x432.jpg 768w, http:\/\/menzendorff.de\/wp-content\/uploads\/2012\/02\/20170621_145632-624x351.jpg 624w\" sizes=\"(max-width: 625px) 100vw, 625px\" \/><\/a><\/p>\n<p>vbvb<\/p>\n<p><a href=\"http:\/\/menzendorff.de\/wp-content\/uploads\/2012\/02\/20170621_145805.jpg\"><img loading=\"lazy\" class=\"alignleft size-large wp-image-3216\" src=\"http:\/\/menzendorff.de\/wp-content\/uploads\/2012\/02\/20170621_145805-1024x576.jpg\" alt=\"\" width=\"625\" height=\"352\" srcset=\"http:\/\/menzendorff.de\/wp-content\/uploads\/2012\/02\/20170621_145805-1024x576.jpg 1024w, http:\/\/menzendorff.de\/wp-content\/uploads\/2012\/02\/20170621_145805-300x169.jpg 300w, http:\/\/menzendorff.de\/wp-content\/uploads\/2012\/02\/20170621_145805-768x432.jpg 768w, http:\/\/menzendorff.de\/wp-content\/uploads\/2012\/02\/20170621_145805-624x351.jpg 624w\" sizes=\"(max-width: 625px) 100vw, 625px\" \/><\/a><\/p>\n<p>vbvb<\/p>\n<p>&nbsp;<\/p>\n<p>vbvb<\/p>\n<p>W\u00f6lchingen<\/p>\n<p><a href=\"http:\/\/menzendorff.de\/wp-content\/uploads\/2012\/02\/Feb-2006-080.jpg\"><img loading=\"lazy\" class=\"alignleft size-large wp-image-3233\" src=\"http:\/\/menzendorff.de\/wp-content\/uploads\/2012\/02\/Feb-2006-080-1024x768.jpg\" alt=\"\" width=\"625\" height=\"469\" srcset=\"http:\/\/menzendorff.de\/wp-content\/uploads\/2012\/02\/Feb-2006-080-1024x768.jpg 1024w, http:\/\/menzendorff.de\/wp-content\/uploads\/2012\/02\/Feb-2006-080-300x225.jpg 300w, http:\/\/menzendorff.de\/wp-content\/uploads\/2012\/02\/Feb-2006-080-768x576.jpg 768w, http:\/\/menzendorff.de\/wp-content\/uploads\/2012\/02\/Feb-2006-080-624x468.jpg 624w\" sizes=\"(max-width: 625px) 100vw, 625px\" \/><\/a><\/p>\n<p>bnbn<\/p>\n<p>&nbsp;<\/p>\n<p>&nbsp;<\/p>\n<p>Der Templerorden soll in S\u00fcdhessen drei Niederlassungen gehabt haben, und zwar in<\/p>\n<p style=\"text-align: left;\">Amorbach, sogenanntes Templerhaus<\/p>\n<p><a href=\"http:\/\/menzendorff.de\/wp-content\/uploads\/2012\/02\/OdenwaldApril2006-119.jpg\"><img loading=\"lazy\" class=\"alignleft size-large wp-image-3235\" src=\"http:\/\/menzendorff.de\/wp-content\/uploads\/2012\/02\/OdenwaldApril2006-119-1024x768.jpg\" alt=\"\" width=\"625\" height=\"469\" srcset=\"http:\/\/menzendorff.de\/wp-content\/uploads\/2012\/02\/OdenwaldApril2006-119-1024x768.jpg 1024w, http:\/\/menzendorff.de\/wp-content\/uploads\/2012\/02\/OdenwaldApril2006-119-300x225.jpg 300w, http:\/\/menzendorff.de\/wp-content\/uploads\/2012\/02\/OdenwaldApril2006-119-768x576.jpg 768w, http:\/\/menzendorff.de\/wp-content\/uploads\/2012\/02\/OdenwaldApril2006-119-624x468.jpg 624w\" sizes=\"(max-width: 625px) 100vw, 625px\" \/><\/a><\/p>\n<p>bnbn<\/p>\n<p><a href=\"http:\/\/menzendorff.de\/wp-content\/uploads\/2012\/02\/Gralsburg-064.jpg\"><img loading=\"lazy\" class=\"alignleft size-large wp-image-3234\" src=\"http:\/\/menzendorff.de\/wp-content\/uploads\/2012\/02\/Gralsburg-064-1024x768.jpg\" alt=\"\" width=\"625\" height=\"469\" srcset=\"http:\/\/menzendorff.de\/wp-content\/uploads\/2012\/02\/Gralsburg-064-1024x768.jpg 1024w, http:\/\/menzendorff.de\/wp-content\/uploads\/2012\/02\/Gralsburg-064-300x225.jpg 300w, http:\/\/menzendorff.de\/wp-content\/uploads\/2012\/02\/Gralsburg-064-768x576.jpg 768w, http:\/\/menzendorff.de\/wp-content\/uploads\/2012\/02\/Gralsburg-064-624x468.jpg 624w\" sizes=\"(max-width: 625px) 100vw, 625px\" \/><\/a><\/p>\n<p>bnbn<\/p>\n<p style=\"text-align: left;\">Klein-Welzheim, sogenanntes Templerhaus<\/p>\n<p>&nbsp;<\/p>\n<p style=\"text-align: left;\">und<\/p>\n<p style=\"text-align: left;\">Erbach (Odw.), sog Templerhaus.<\/p>\n<p><a href=\"http:\/\/menzendorff.de\/wp-content\/uploads\/2012\/02\/DSC_0193.jpg\"><img loading=\"lazy\" class=\"alignleft size-large wp-image-3232\" src=\"http:\/\/menzendorff.de\/wp-content\/uploads\/2012\/02\/DSC_0193-1024x683.jpg\" alt=\"\" width=\"625\" height=\"417\" srcset=\"http:\/\/menzendorff.de\/wp-content\/uploads\/2012\/02\/DSC_0193-1024x683.jpg 1024w, http:\/\/menzendorff.de\/wp-content\/uploads\/2012\/02\/DSC_0193-300x200.jpg 300w, http:\/\/menzendorff.de\/wp-content\/uploads\/2012\/02\/DSC_0193-768x512.jpg 768w, http:\/\/menzendorff.de\/wp-content\/uploads\/2012\/02\/DSC_0193-624x416.jpg 624w\" sizes=\"(max-width: 625px) 100vw, 625px\" \/><\/a><\/p>\n<p>Doch diese Zuschreibung ist in allen drei F\u00e4llen bisher nicht belegt und mu\u00df deshalb als Legende angesehen werden. Denn es existieren keine Urkunden und die Zuschreibung ist auch nicht \u00fcber mehrere Jahrhunderte nachweisbar.<\/p>\n<p>&nbsp;<\/p>\n<h1>Teil 2: Stuttgart &#8211; Basel<\/h1>\n<p>&nbsp;<\/p>\n<h1>Teil 3: Bayern und Franken<\/h1>\n<p>&nbsp;<\/p>\n<p>&nbsp;<\/p>\n","protected":false},"excerpt":{"rendered":"<p>Dieser Beitrag ist noch in laufender Bearbeitung, Stand 13.11.2019 &nbsp; Im fr\u00fcheren Beitrag \u00fcber die Ritterorden in Hessen haben wir bereit gesehen, dass die Johanniter und die Deutschherren durch regelm\u00e4ssige und wohl auch beabsichtige Gr\u00fcndungen zwei regelrechte Stra\u00dfen durch Hessen gebildet haben, wobei der deutsche Orden die prominentere Strecke in Beschlag nehmen konnte, die B3 [&hellip;]<\/p>\n","protected":false},"author":2,"featured_media":0,"comment_status":"open","ping_status":"open","sticky":false,"template":"","format":"standard","meta":[],"categories":[5],"tags":[],"_links":{"self":[{"href":"http:\/\/menzendorff.de\/index.php?rest_route=\/wp\/v2\/posts\/2442"}],"collection":[{"href":"http:\/\/menzendorff.de\/index.php?rest_route=\/wp\/v2\/posts"}],"about":[{"href":"http:\/\/menzendorff.de\/index.php?rest_route=\/wp\/v2\/types\/post"}],"author":[{"embeddable":true,"href":"http:\/\/menzendorff.de\/index.php?rest_route=\/wp\/v2\/users\/2"}],"replies":[{"embeddable":true,"href":"http:\/\/menzendorff.de\/index.php?rest_route=%2Fwp%2Fv2%2Fcomments&post=2442"}],"version-history":[{"count":28,"href":"http:\/\/menzendorff.de\/index.php?rest_route=\/wp\/v2\/posts\/2442\/revisions"}],"predecessor-version":[{"id":3328,"href":"http:\/\/menzendorff.de\/index.php?rest_route=\/wp\/v2\/posts\/2442\/revisions\/3328"}],"wp:attachment":[{"href":"http:\/\/menzendorff.de\/index.php?rest_route=%2Fwp%2Fv2%2Fmedia&parent=2442"}],"wp:term":[{"taxonomy":"category","embeddable":true,"href":"http:\/\/menzendorff.de\/index.php?rest_route=%2Fwp%2Fv2%2Fcategories&post=2442"},{"taxonomy":"post_tag","embeddable":true,"href":"http:\/\/menzendorff.de\/index.php?rest_route=%2Fwp%2Fv2%2Ftags&post=2442"}],"curies":[{"name":"wp","href":"https:\/\/api.w.org\/{rel}","templated":true}]}}