{"id":2445,"date":"2019-03-01T19:44:53","date_gmt":"2019-03-01T17:44:53","guid":{"rendered":"http:\/\/menzendorff.de\/?p=2445"},"modified":"2022-09-10T13:21:28","modified_gmt":"2022-09-10T11:21:28","slug":"johanniter-und-deutscher-orden-in-hessen-2017","status":"publish","type":"post","link":"http:\/\/menzendorff.de\/?p=2445","title":{"rendered":"Deutscher Orden und Johanniter in Hessen, 2017"},"content":{"rendered":"<h1>1. Der Deutsche Orden in Hessen<\/h1>\n<p>Karte der Niederlassungen des Deutschen Ordens in Hessen<\/p>\n<p><a href=\"http:\/\/menzendorff.de\/wp-content\/uploads\/2012\/02\/Do-Hessen.png\"><img loading=\"lazy\" class=\"alignleft size-full wp-image-2493\" src=\"http:\/\/menzendorff.de\/wp-content\/uploads\/2012\/02\/Do-Hessen.png\" alt=\"\" width=\"712\" height=\"681\" srcset=\"http:\/\/menzendorff.de\/wp-content\/uploads\/2012\/02\/Do-Hessen.png 712w, http:\/\/menzendorff.de\/wp-content\/uploads\/2012\/02\/Do-Hessen-300x287.png 300w, http:\/\/menzendorff.de\/wp-content\/uploads\/2012\/02\/Do-Hessen-624x597.png 624w\" sizes=\"(max-width: 712px) 100vw, 712px\" \/><\/a><\/p>\n<p style=\"text-align: center;\">(Quelle: Google maps, Layout: M.M.)<\/p>\n<p><strong>Alle<\/strong> Deutschordensstationen liegen unmittelbar an der heutigen Bundesstrasse B 3. &#8222;<span style=\"color: #000000; font-family: Arial; font-size: medium;\">Bei der fr\u00fcheren Nummerierung im Jahr 1932 begann die so genannte \u201e<\/span><span style=\"font-family: Arial; font-size: medium;\"><b>Reichsstra\u00dfe 3<\/b><\/span><span style=\"font-family: Arial; font-size: medium;\">&#8220; in L\u00fcbeck und f\u00fchrte dann \u00fcber Hamburg nach Buxtehude, wo sie heute als \u201e<\/span><span style=\"font-family: Arial; font-size: medium;\"><b>Bundesstra\u00dfe 3<\/b><\/span><span style=\"font-family: Arial; font-size: medium;\">&#8220; ihren Anfang nimmt. Stra\u00dfen wie die <\/span><span style=\"font-family: Arial; font-size: medium;\"><b>B3<\/b><\/span><span style=\"font-family: Arial; font-size: medium;\"> entwickelten sich entlang uralter Handelsrouten. So kann man den Verlauf auch dieser Stra\u00dfe nachvollziehen von Norden nach S\u00fcden, von der Ostsee bis ans Mittelmeer.&#8220; (<a href=\"http:\/\/www.route-b3.de\/Verlauf\/index.html\" target=\"_blank\" rel=\"noopener\">Zitat Route B3<\/a>). Die Wahl der Pl\u00e4tze f\u00fcr die Niederlassungen des Deutschen Ordens erfolgte danach keinesfalls zuf\u00e4llig. Es ist offensichtlich, dass die Marienritter wert darauf gelegt haben, sich entlang dieser Stra\u00dfe niederzulassen. Weiterhin f\u00e4llt auf, dass die Ordensh\u00e4user vorzugsweise in gr\u00f6\u00dferen St\u00e4dten oder in der N\u00e4he solcher St\u00e4dten erichtet worden sind.<br \/><\/span><\/p>\n<p>1.1 Fritzlar, wird noch nachgereicht, von Fritzlar nach Marburg 60 Km<\/p>\n<h2>1.2 Kommende Marburg<\/h2>\n<p><a href=\"http:\/\/menzendorff.de\/wp-content\/uploads\/2012\/02\/Marburg.jpg\"><img loading=\"lazy\" class=\"alignleft size-large wp-image-2500\" src=\"http:\/\/menzendorff.de\/wp-content\/uploads\/2012\/02\/Marburg-1024x683.jpg\" alt=\"\" width=\"625\" height=\"417\" srcset=\"http:\/\/menzendorff.de\/wp-content\/uploads\/2012\/02\/Marburg-1024x683.jpg 1024w, http:\/\/menzendorff.de\/wp-content\/uploads\/2012\/02\/Marburg-300x200.jpg 300w, http:\/\/menzendorff.de\/wp-content\/uploads\/2012\/02\/Marburg-768x512.jpg 768w, http:\/\/menzendorff.de\/wp-content\/uploads\/2012\/02\/Marburg-624x416.jpg 624w\" sizes=\"(max-width: 625px) 100vw, 625px\" \/><\/a><\/p>\n<p>Baubeginn der Kommende ab 1234, hier ein seitliches Verwaltungsgeb\u00e4ude<\/p>\n<p><a href=\"http:\/\/menzendorff.de\/wp-content\/uploads\/2012\/02\/Marburg-2.jpg\"><img loading=\"lazy\" class=\"alignleft size-large wp-image-2499\" src=\"http:\/\/menzendorff.de\/wp-content\/uploads\/2012\/02\/Marburg-2-1024x683.jpg\" alt=\"\" width=\"625\" height=\"417\" srcset=\"http:\/\/menzendorff.de\/wp-content\/uploads\/2012\/02\/Marburg-2-1024x683.jpg 1024w, http:\/\/menzendorff.de\/wp-content\/uploads\/2012\/02\/Marburg-2-300x200.jpg 300w, http:\/\/menzendorff.de\/wp-content\/uploads\/2012\/02\/Marburg-2-768x512.jpg 768w, http:\/\/menzendorff.de\/wp-content\/uploads\/2012\/02\/Marburg-2-624x416.jpg 624w\" sizes=\"(max-width: 625px) 100vw, 625px\" \/><\/a><\/p>\n<p style=\"text-align: center;\">Portal der Elisabethenkirche, Elisabethenstr. 3, 35037 Marburg<\/p>\n<p>\u00a0<\/p>\n<h2>1.3 a Kommende 35394 Schiffenberg<\/h2>\n<p>Von Marburg gelangt man nach 30 Kilometern auf der B 3 nach S\u00fcden zu den n\u00e4chsten\u00a0 beiden Ordenssitzen, n\u00e4mlich <strong>Schiffenberg<\/strong> (bei Gie\u00dfen) und <strong>Wetzlar<\/strong>.<\/p>\n<p><a href=\"http:\/\/menzendorff.de\/wp-content\/uploads\/2012\/02\/Giessen-2.jpg\"><img loading=\"lazy\" class=\"alignleft size-large wp-image-2496\" src=\"http:\/\/menzendorff.de\/wp-content\/uploads\/2012\/02\/Giessen-2-1024x683.jpg\" alt=\"\" width=\"625\" height=\"417\" srcset=\"http:\/\/menzendorff.de\/wp-content\/uploads\/2012\/02\/Giessen-2-1024x683.jpg 1024w, http:\/\/menzendorff.de\/wp-content\/uploads\/2012\/02\/Giessen-2-300x200.jpg 300w, http:\/\/menzendorff.de\/wp-content\/uploads\/2012\/02\/Giessen-2-768x512.jpg 768w, http:\/\/menzendorff.de\/wp-content\/uploads\/2012\/02\/Giessen-2-624x416.jpg 624w\" sizes=\"(max-width: 625px) 100vw, 625px\" \/><\/a><\/p>\n<p style=\"text-align: center;\">Marienkirche von 1133 von Nordosten<\/p>\n<p><a href=\"http:\/\/menzendorff.de\/wp-content\/uploads\/2012\/02\/Giessen.jpg\"><img loading=\"lazy\" class=\"alignleft size-large wp-image-2497\" src=\"http:\/\/menzendorff.de\/wp-content\/uploads\/2012\/02\/Giessen-1024x683.jpg\" alt=\"\" width=\"625\" height=\"417\" srcset=\"http:\/\/menzendorff.de\/wp-content\/uploads\/2012\/02\/Giessen-1024x683.jpg 1024w, http:\/\/menzendorff.de\/wp-content\/uploads\/2012\/02\/Giessen-300x200.jpg 300w, http:\/\/menzendorff.de\/wp-content\/uploads\/2012\/02\/Giessen-768x512.jpg 768w, http:\/\/menzendorff.de\/wp-content\/uploads\/2012\/02\/Giessen-624x416.jpg 624w\" sizes=\"(max-width: 625px) 100vw, 625px\" \/><\/a><\/p>\n<p style=\"text-align: center;\">S\u00fcdseite der Basilika<\/p>\n<h2>1.3 b Wetzlar<\/h2>\n<p>Auf gleicher H\u00f6he \u00fcber Frankfurt, aber 18 Kilometer weiter westlich ist eine weitere Niederlassung des Deutschen Ordens zu finden, und zwar in der Lottestrasse von Wetzlar, hoch \u00fcber dem Wetzlarer Dom, den man bequem zu Fu\u00df erreichen kann. Das Geb\u00e4ude beherbergt jetzt das Stadtmuseum von Wetzlar.<\/p>\n<p><a href=\"http:\/\/menzendorff.de\/wp-content\/uploads\/2019\/03\/DSC_0057.jpg\"><img loading=\"lazy\" class=\"alignleft size-large wp-image-2775\" src=\"http:\/\/menzendorff.de\/wp-content\/uploads\/2019\/03\/DSC_0057-1024x683.jpg\" alt=\"\" width=\"625\" height=\"417\" srcset=\"http:\/\/menzendorff.de\/wp-content\/uploads\/2019\/03\/DSC_0057-1024x683.jpg 1024w, http:\/\/menzendorff.de\/wp-content\/uploads\/2019\/03\/DSC_0057-300x200.jpg 300w, http:\/\/menzendorff.de\/wp-content\/uploads\/2019\/03\/DSC_0057-768x512.jpg 768w, http:\/\/menzendorff.de\/wp-content\/uploads\/2019\/03\/DSC_0057-624x416.jpg 624w\" sizes=\"(max-width: 625px) 100vw, 625px\" \/><\/a><\/p>\n<p style=\"text-align: center;\">Deutschordenskommende <strong>Wetzlar<\/strong>, Zehntscheune undt Haupthaus (rechts im Bild)<\/p>\n<p><a href=\"http:\/\/menzendorff.de\/wp-content\/uploads\/2019\/03\/DSC_0065.jpg\"><img loading=\"lazy\" class=\"alignleft size-large wp-image-2776\" src=\"http:\/\/menzendorff.de\/wp-content\/uploads\/2019\/03\/DSC_0065-1024x683.jpg\" alt=\"\" width=\"625\" height=\"417\" srcset=\"http:\/\/menzendorff.de\/wp-content\/uploads\/2019\/03\/DSC_0065-1024x683.jpg 1024w, http:\/\/menzendorff.de\/wp-content\/uploads\/2019\/03\/DSC_0065-300x200.jpg 300w, http:\/\/menzendorff.de\/wp-content\/uploads\/2019\/03\/DSC_0065-768x512.jpg 768w, http:\/\/menzendorff.de\/wp-content\/uploads\/2019\/03\/DSC_0065-624x416.jpg 624w\" sizes=\"(max-width: 625px) 100vw, 625px\" \/><\/a><\/p>\n<p style=\"text-align: center;\">Ruine eines mittelalterlichen Geb\u00e4udes<\/p>\n<p><a href=\"http:\/\/menzendorff.de\/wp-content\/uploads\/2019\/03\/DSC_0066.jpg\"><img loading=\"lazy\" class=\"alignleft size-large wp-image-2777\" src=\"http:\/\/menzendorff.de\/wp-content\/uploads\/2019\/03\/DSC_0066-1024x683.jpg\" alt=\"\" width=\"625\" height=\"417\" srcset=\"http:\/\/menzendorff.de\/wp-content\/uploads\/2019\/03\/DSC_0066-1024x683.jpg 1024w, http:\/\/menzendorff.de\/wp-content\/uploads\/2019\/03\/DSC_0066-300x200.jpg 300w, http:\/\/menzendorff.de\/wp-content\/uploads\/2019\/03\/DSC_0066-768x512.jpg 768w, http:\/\/menzendorff.de\/wp-content\/uploads\/2019\/03\/DSC_0066-624x416.jpg 624w\" sizes=\"(max-width: 625px) 100vw, 625px\" \/><\/a><\/p>\n<p style=\"text-align: center;\">Grabsteine von Deutschordensrittern<\/p>\n<h2>1.4 Ober-M\u00f6rlen<\/h2>\n<p>23 Kilometer s\u00fcdlich von Schiffenberg und ebenfalls an der B 3 liegt die Deutschordenskommende Ober-M\u00f6rlen.<\/p>\n<p><a href=\"http:\/\/menzendorff.de\/wp-content\/uploads\/2019\/03\/DSC_0021.jpg\"><img loading=\"lazy\" class=\"alignleft size-large wp-image-2772\" src=\"http:\/\/menzendorff.de\/wp-content\/uploads\/2019\/03\/DSC_0021-1024x683.jpg\" alt=\"\" width=\"625\" height=\"417\" srcset=\"http:\/\/menzendorff.de\/wp-content\/uploads\/2019\/03\/DSC_0021-1024x683.jpg 1024w, http:\/\/menzendorff.de\/wp-content\/uploads\/2019\/03\/DSC_0021-300x200.jpg 300w, http:\/\/menzendorff.de\/wp-content\/uploads\/2019\/03\/DSC_0021-768x512.jpg 768w, http:\/\/menzendorff.de\/wp-content\/uploads\/2019\/03\/DSC_0021-624x416.jpg 624w\" sizes=\"(max-width: 625px) 100vw, 625px\" \/><\/a><\/p>\n<p style=\"text-align: center;\">Deutscher Orden, 61239 Ober-M\u00f6rlen<\/p>\n<p><a href=\"http:\/\/menzendorff.de\/wp-content\/uploads\/2019\/03\/DSC_0025.jpg\"><img loading=\"lazy\" class=\"alignleft size-large wp-image-2773\" src=\"http:\/\/menzendorff.de\/wp-content\/uploads\/2019\/03\/DSC_0025-1024x683.jpg\" alt=\"\" width=\"625\" height=\"417\" srcset=\"http:\/\/menzendorff.de\/wp-content\/uploads\/2019\/03\/DSC_0025-1024x683.jpg 1024w, http:\/\/menzendorff.de\/wp-content\/uploads\/2019\/03\/DSC_0025-300x200.jpg 300w, http:\/\/menzendorff.de\/wp-content\/uploads\/2019\/03\/DSC_0025-768x512.jpg 768w, http:\/\/menzendorff.de\/wp-content\/uploads\/2019\/03\/DSC_0025-624x416.jpg 624w\" sizes=\"(max-width: 625px) 100vw, 625px\" \/><\/a><\/p>\n<p style=\"text-align: center;\">Haupteingang zur Komturei<\/p>\n<h2>1.5 Deutschordensschlo\u00df Friedberg<\/h2>\n<p>Keine acht Kilometer weiter s\u00fcdlich st\u00f6\u00dft man dann auf die Kommende Friedberg<\/p>\n<p><a href=\"http:\/\/menzendorff.de\/wp-content\/uploads\/2012\/02\/Friedberg.jpg\"><img loading=\"lazy\" class=\"alignleft size-large wp-image-2495\" src=\"http:\/\/menzendorff.de\/wp-content\/uploads\/2012\/02\/Friedberg-1024x576.jpg\" alt=\"\" width=\"625\" height=\"352\" srcset=\"http:\/\/menzendorff.de\/wp-content\/uploads\/2012\/02\/Friedberg-1024x576.jpg 1024w, http:\/\/menzendorff.de\/wp-content\/uploads\/2012\/02\/Friedberg-300x169.jpg 300w, http:\/\/menzendorff.de\/wp-content\/uploads\/2012\/02\/Friedberg-768x432.jpg 768w, http:\/\/menzendorff.de\/wp-content\/uploads\/2012\/02\/Friedberg-624x351.jpg 624w\" sizes=\"(max-width: 625px) 100vw, 625px\" \/><\/a><\/p>\n<p style=\"text-align: center;\">postalische Adresse: In der Burg, 61169 Friedberg<\/p>\n<h2>1.6 Deutschordensschlo\u00df Kloppenheim<\/h2>\n<p><a href=\"http:\/\/menzendorff.de\/wp-content\/uploads\/2012\/02\/Kloppenheim.jpg\"><img loading=\"lazy\" class=\"alignleft size-large wp-image-2498\" src=\"http:\/\/menzendorff.de\/wp-content\/uploads\/2012\/02\/Kloppenheim-1024x576.jpg\" alt=\"\" width=\"625\" height=\"352\" srcset=\"http:\/\/menzendorff.de\/wp-content\/uploads\/2012\/02\/Kloppenheim-1024x576.jpg 1024w, http:\/\/menzendorff.de\/wp-content\/uploads\/2012\/02\/Kloppenheim-300x169.jpg 300w, http:\/\/menzendorff.de\/wp-content\/uploads\/2012\/02\/Kloppenheim-768x432.jpg 768w, http:\/\/menzendorff.de\/wp-content\/uploads\/2012\/02\/Kloppenheim-624x351.jpg 624w\" sizes=\"(max-width: 625px) 100vw, 625px\" \/><\/a><\/p>\n<p style=\"text-align: center;\">Adresse: <span class=\"LrzXr\">Am Schlo\u00df 16, 61184 Karben<\/span><\/p>\n<h2>1.7 Deutschordenskommende Frankfurt<\/h2>\n<p><a href=\"http:\/\/menzendorff.de\/wp-content\/uploads\/2012\/02\/Frankfurt.jpg\"><img loading=\"lazy\" class=\"alignleft size-large wp-image-2494\" src=\"http:\/\/menzendorff.de\/wp-content\/uploads\/2012\/02\/Frankfurt-1024x576.jpg\" alt=\"\" width=\"625\" height=\"352\" srcset=\"http:\/\/menzendorff.de\/wp-content\/uploads\/2012\/02\/Frankfurt-1024x576.jpg 1024w, http:\/\/menzendorff.de\/wp-content\/uploads\/2012\/02\/Frankfurt-300x169.jpg 300w, http:\/\/menzendorff.de\/wp-content\/uploads\/2012\/02\/Frankfurt-768x432.jpg 768w, http:\/\/menzendorff.de\/wp-content\/uploads\/2012\/02\/Frankfurt-624x351.jpg 624w\" sizes=\"(max-width: 625px) 100vw, 625px\" \/><\/a><\/p>\n<p style=\"text-align: center;\">Br\u00fcckenstrasse 1, 60594 Frankfurt am Main.<\/p>\n<p><a href=\"http:\/\/menzendorff.de\/wp-content\/uploads\/2019\/03\/Ffm-Br\u00fcckenstr.png\"><img loading=\"lazy\" class=\"alignleft size-full wp-image-2782\" src=\"http:\/\/menzendorff.de\/wp-content\/uploads\/2019\/03\/Ffm-Br\u00fcckenstr.png\" alt=\"\" width=\"992\" height=\"923\" srcset=\"http:\/\/menzendorff.de\/wp-content\/uploads\/2019\/03\/Ffm-Br\u00fcckenstr.png 992w, http:\/\/menzendorff.de\/wp-content\/uploads\/2019\/03\/Ffm-Br\u00fcckenstr-300x279.png 300w, http:\/\/menzendorff.de\/wp-content\/uploads\/2019\/03\/Ffm-Br\u00fcckenstr-768x715.png 768w, http:\/\/menzendorff.de\/wp-content\/uploads\/2019\/03\/Ffm-Br\u00fcckenstr-624x581.png 624w\" sizes=\"(max-width: 992px) 100vw, 992px\" \/><\/a><\/p>\n<p style=\"text-align: center;\">&#8222;Alte Br\u00fccke&#8220;, Deutschordenskommende, Br\u00fccken- und Elisabethenstra\u00dfe, Merian, 1628<\/p>\n<p style=\"text-align: left;\">Die Lage war optimal gew\u00e4hlt: Direkt an der &#8222;Alten Br\u00fccke&#8220; von Frankfurt. Die Top Location im Mittelalter, einer der damaligen Hauptknotenpunkte des europ\u00e4ischen Fernhandels. Auch die B 3 benutzt diesen Main\u00fcbergang heute noch. Hier geht es dann auf dem rechten Rheinufer entlang bis Basel. Die steinerne Br\u00fccke existiert seit 1222, vorher gab es wohl h\u00f6lzerne Vorg\u00e4nger. Die Br\u00fccke ersetzt eine Furt, die an exakt der gleichen Stelle bestand. Mehr \u00fcber die Geschichte der alten Br\u00fccke erfahren Sie hier: <a href=\"https:\/\/de.wikipedia.org\/wiki\/Alte_Br%C3%BCcke_(Frankfurt_am_Main)\" target=\"_blank\" rel=\"noopener\">Wikpedia<\/a>.<\/p>\n<h1>2. Die Johanniter in Hessen<\/h1>\n<p>Karte der Niederlassungen des Johanniter-Ordens in Hessen um 1300.<\/p>\n<p><a href=\"http:\/\/menzendorff.de\/wp-content\/uploads\/2012\/02\/Jo-Hessen.png\"><img loading=\"lazy\" class=\"alignleft size-full wp-image-2503\" src=\"http:\/\/menzendorff.de\/wp-content\/uploads\/2012\/02\/Jo-Hessen.png\" alt=\"\" width=\"725\" height=\"868\" srcset=\"http:\/\/menzendorff.de\/wp-content\/uploads\/2012\/02\/Jo-Hessen.png 725w, http:\/\/menzendorff.de\/wp-content\/uploads\/2012\/02\/Jo-Hessen-251x300.png 251w, http:\/\/menzendorff.de\/wp-content\/uploads\/2012\/02\/Jo-Hessen-624x747.png 624w\" sizes=\"(max-width: 725px) 100vw, 725px\" \/><\/a><\/p>\n<p style=\"text-align: center;\">(Quelle: Google maps, Layout: M.M.)<\/p>\n<p>Man erkennt auf den ersten Blick, dass die Johanniter ihre &#8222;Stra\u00dfe&#8220; durch Hessen etwas \u00f6stlich von der des Deutschen Ordens &#8222;angelegt&#8220; haben. Diese verl\u00e4uft in nord-s\u00fcdlicher Richtung Wiesenfeld nach Neckarelz und teilt sich dort schlie\u00dflich. Auch an der B 3 hatten die Johanniter Besitzungen, wenngleich auch nur zwei. Es hat den Anschein, dass die beiden Orden sich hier offenbar nicht gegenseitig Konkurrenz machen wollten, soda\u00df zwei alternative Streckentrassen angeboten wurden. Vermutlich gab es wegen hohem Verkehrsaufkommen ausreichend Bedarf an Krankenh\u00e4usern und \u00dcbernachtungsm\u00f6glichkeiten. Frankfurt war eine Kaiserstadt und die K\u00f6nige wurden seit dem 12. Jahrhundert regelm\u00e4\u00dfig hier gew\u00e4hlt. In Frankfurt waren daher alle drei Ritterorden anss\u00e4ssig. Weiter f\u00e4llt auf, dass die Johanniter vornehmlich stadtferne, kleinere Orte f\u00fcr ihre Niederlassungen ausgesucht haben. Im Falle Nieder-Weisel geh\u00f6rte sogar der ganze Ort zum Orden.<\/p>\n<p>\u00a0<\/p>\n<h2>2.1 Wiesenfeld<\/h2>\n<p><a href=\"http:\/\/menzendorff.de\/wp-content\/uploads\/2012\/02\/Wiesenfeld.jpg\"><img loading=\"lazy\" class=\"alignleft size-large wp-image-2512\" src=\"http:\/\/menzendorff.de\/wp-content\/uploads\/2012\/02\/Wiesenfeld-1024x683.jpg\" alt=\"\" width=\"625\" height=\"417\" srcset=\"http:\/\/menzendorff.de\/wp-content\/uploads\/2012\/02\/Wiesenfeld-1024x683.jpg 1024w, http:\/\/menzendorff.de\/wp-content\/uploads\/2012\/02\/Wiesenfeld-300x200.jpg 300w, http:\/\/menzendorff.de\/wp-content\/uploads\/2012\/02\/Wiesenfeld-768x512.jpg 768w, http:\/\/menzendorff.de\/wp-content\/uploads\/2012\/02\/Wiesenfeld-624x416.jpg 624w\" sizes=\"(max-width: 625px) 100vw, 625px\" \/><\/a><\/p>\n<p style=\"text-align: center;\">1238 erstmals urkundlich erw\u00e4hnt:\u00a0 Johanniterkirche und -Kommende, 35099 Burgwald<\/p>\n<p><a href=\"http:\/\/menzendorff.de\/wp-content\/uploads\/2012\/02\/Wiesenfeld-2.jpg\"><img loading=\"lazy\" class=\"alignleft size-large wp-image-2511\" src=\"http:\/\/menzendorff.de\/wp-content\/uploads\/2012\/02\/Wiesenfeld-2-1024x683.jpg\" alt=\"\" width=\"625\" height=\"417\" srcset=\"http:\/\/menzendorff.de\/wp-content\/uploads\/2012\/02\/Wiesenfeld-2-1024x683.jpg 1024w, http:\/\/menzendorff.de\/wp-content\/uploads\/2012\/02\/Wiesenfeld-2-300x200.jpg 300w, http:\/\/menzendorff.de\/wp-content\/uploads\/2012\/02\/Wiesenfeld-2-768x512.jpg 768w, http:\/\/menzendorff.de\/wp-content\/uploads\/2012\/02\/Wiesenfeld-2-624x416.jpg 624w\" sizes=\"(max-width: 625px) 100vw, 625px\" \/><\/a><\/p>\n<p style=\"text-align: center;\">Wiesenfeld: Johanniterkreuz 13. Jh<\/p>\n<h2>2.2 Grebenau<\/h2>\n<p><a href=\"http:\/\/menzendorff.de\/wp-content\/uploads\/2012\/02\/Grebenau.jpg\"><img loading=\"lazy\" class=\"alignleft size-large wp-image-2502\" src=\"http:\/\/menzendorff.de\/wp-content\/uploads\/2012\/02\/Grebenau-1024x683.jpg\" alt=\"\" width=\"625\" height=\"417\" srcset=\"http:\/\/menzendorff.de\/wp-content\/uploads\/2012\/02\/Grebenau-1024x683.jpg 1024w, http:\/\/menzendorff.de\/wp-content\/uploads\/2012\/02\/Grebenau-300x200.jpg 300w, http:\/\/menzendorff.de\/wp-content\/uploads\/2012\/02\/Grebenau-768x512.jpg 768w, http:\/\/menzendorff.de\/wp-content\/uploads\/2012\/02\/Grebenau-624x416.jpg 624w\" sizes=\"(max-width: 625px) 100vw, 625px\" \/><\/a><\/p>\n<p style=\"text-align: center;\">Reste der Johanniterkommende, 36323 Grebenau<\/p>\n<h2>2.3 Nieder-Weisel<\/h2>\n<p>Urkundlich erw\u00e4hnt wurde diese Kommende erstmals im Jahre 1245 (<a href=\"https:\/\/de.wikipedia.org\/wiki\/Komturkirche_Nieder-Weisel\" target=\"_blank\" rel=\"noopener\">Wikipedia<\/a>).<\/p>\n<p>bnb<\/p>\n<p><a href=\"http:\/\/menzendorff.de\/wp-content\/uploads\/2019\/03\/DSC_0034-2.jpg\"><img loading=\"lazy\" class=\"alignleft size-large wp-image-2780\" src=\"http:\/\/menzendorff.de\/wp-content\/uploads\/2019\/03\/DSC_0034-2-1024x683.jpg\" alt=\"\" width=\"625\" height=\"417\" srcset=\"http:\/\/menzendorff.de\/wp-content\/uploads\/2019\/03\/DSC_0034-2-1024x683.jpg 1024w, http:\/\/menzendorff.de\/wp-content\/uploads\/2019\/03\/DSC_0034-2-300x200.jpg 300w, http:\/\/menzendorff.de\/wp-content\/uploads\/2019\/03\/DSC_0034-2-768x512.jpg 768w, http:\/\/menzendorff.de\/wp-content\/uploads\/2019\/03\/DSC_0034-2-624x416.jpg 624w\" sizes=\"(max-width: 625px) 100vw, 625px\" \/><\/a><\/p>\n<p>bnb<\/p>\n<p><a href=\"http:\/\/menzendorff.de\/wp-content\/uploads\/2012\/02\/Nieder-Weisel-2.jpg\"><img loading=\"lazy\" class=\"alignleft size-large wp-image-2507\" src=\"http:\/\/menzendorff.de\/wp-content\/uploads\/2012\/02\/Nieder-Weisel-2-1024x683.jpg\" alt=\"\" width=\"625\" height=\"417\" srcset=\"http:\/\/menzendorff.de\/wp-content\/uploads\/2012\/02\/Nieder-Weisel-2-1024x683.jpg 1024w, http:\/\/menzendorff.de\/wp-content\/uploads\/2012\/02\/Nieder-Weisel-2-300x200.jpg 300w, http:\/\/menzendorff.de\/wp-content\/uploads\/2012\/02\/Nieder-Weisel-2-768x512.jpg 768w, http:\/\/menzendorff.de\/wp-content\/uploads\/2012\/02\/Nieder-Weisel-2-624x416.jpg 624w\" sizes=\"(max-width: 625px) 100vw, 625px\" \/><\/a><\/p>\n<p style=\"text-align: center;\">Herrenhaus der Kommende, 17 Jh.<\/p>\n<p><a href=\"http:\/\/menzendorff.de\/wp-content\/uploads\/2012\/02\/Nieder-Weisel-1.jpg\"><img loading=\"lazy\" class=\"alignleft size-large wp-image-2508\" src=\"http:\/\/menzendorff.de\/wp-content\/uploads\/2012\/02\/Nieder-Weisel-1-1024x683.jpg\" alt=\"\" width=\"625\" height=\"417\" srcset=\"http:\/\/menzendorff.de\/wp-content\/uploads\/2012\/02\/Nieder-Weisel-1-1024x683.jpg 1024w, http:\/\/menzendorff.de\/wp-content\/uploads\/2012\/02\/Nieder-Weisel-1-300x200.jpg 300w, http:\/\/menzendorff.de\/wp-content\/uploads\/2012\/02\/Nieder-Weisel-1-768x512.jpg 768w, http:\/\/menzendorff.de\/wp-content\/uploads\/2012\/02\/Nieder-Weisel-1-624x416.jpg 624w\" sizes=\"(max-width: 625px) 100vw, 625px\" \/><\/a><\/p>\n<p style=\"text-align: center;\">Kapelle der Kommende Nieder-Weisel, Krankenhaus im Obergescho\u00df, 35510 Niederweisel<\/p>\n<h2>2.4 Nidda<\/h2>\n<p><a href=\"http:\/\/menzendorff.de\/wp-content\/uploads\/2012\/02\/Nidda.jpg\"><img loading=\"lazy\" class=\"alignleft size-large wp-image-2506\" src=\"http:\/\/menzendorff.de\/wp-content\/uploads\/2012\/02\/Nidda-1024x683.jpg\" alt=\"\" width=\"625\" height=\"417\" srcset=\"http:\/\/menzendorff.de\/wp-content\/uploads\/2012\/02\/Nidda-1024x683.jpg 1024w, http:\/\/menzendorff.de\/wp-content\/uploads\/2012\/02\/Nidda-300x200.jpg 300w, http:\/\/menzendorff.de\/wp-content\/uploads\/2012\/02\/Nidda-768x512.jpg 768w, http:\/\/menzendorff.de\/wp-content\/uploads\/2012\/02\/Nidda-624x416.jpg 624w\" sizes=\"(max-width: 625px) 100vw, 625px\" \/><\/a><\/p>\n<p>Johanniterturm in 63667 Nidda, von der Basilika aus dem Jahr 1187 steht nichts mehr<\/p>\n<h2>2.5 Kommende R\u00fcdigheim<\/h2>\n<p><a href=\"http:\/\/menzendorff.de\/wp-content\/uploads\/2012\/02\/R\u00fcdigheim.jpg\"><img loading=\"lazy\" class=\"alignleft size-large wp-image-2510\" src=\"http:\/\/menzendorff.de\/wp-content\/uploads\/2012\/02\/R\u00fcdigheim-1024x683.jpg\" alt=\"\" width=\"625\" height=\"417\" srcset=\"http:\/\/menzendorff.de\/wp-content\/uploads\/2012\/02\/R\u00fcdigheim-1024x683.jpg 1024w, http:\/\/menzendorff.de\/wp-content\/uploads\/2012\/02\/R\u00fcdigheim-300x200.jpg 300w, http:\/\/menzendorff.de\/wp-content\/uploads\/2012\/02\/R\u00fcdigheim-768x512.jpg 768w, http:\/\/menzendorff.de\/wp-content\/uploads\/2012\/02\/R\u00fcdigheim-624x416.jpg 624w\" sizes=\"(max-width: 625px) 100vw, 625px\" \/><\/a><\/p>\n<p style=\"text-align: center;\">Herrenhaus Kirchstra\u00dfe 7, 63543 R\u00fcdigheim (Neuberg), Main-Kinzig-Kreis<\/p>\n<h2>2.6 Kommende Mosbach<\/h2>\n<table style=\"height: 26px;\" width=\"569\">\n<tbody>\n<tr>\n<td width=\"44\">\u00a0<\/td>\n<td width=\"77\">\u00a0<\/td>\n<td width=\"174\">\u00a0<\/td>\n<\/tr>\n<\/tbody>\n<\/table>\n<p><a href=\"http:\/\/menzendorff.de\/wp-content\/uploads\/2012\/02\/Mosbach-Schaafheim.jpg\"><img loading=\"lazy\" class=\"alignleft size-large wp-image-2504\" src=\"http:\/\/menzendorff.de\/wp-content\/uploads\/2012\/02\/Mosbach-Schaafheim-1024x683.jpg\" alt=\"\" width=\"625\" height=\"417\" srcset=\"http:\/\/menzendorff.de\/wp-content\/uploads\/2012\/02\/Mosbach-Schaafheim-1024x683.jpg 1024w, http:\/\/menzendorff.de\/wp-content\/uploads\/2012\/02\/Mosbach-Schaafheim-300x200.jpg 300w, http:\/\/menzendorff.de\/wp-content\/uploads\/2012\/02\/Mosbach-Schaafheim-768x512.jpg 768w, http:\/\/menzendorff.de\/wp-content\/uploads\/2012\/02\/Mosbach-Schaafheim-624x416.jpg 624w\" sizes=\"(max-width: 625px) 100vw, 625px\" \/><\/a><\/p>\n<p style=\"text-align: center;\">Mosbach, Kirchgasse 3, 64850 Mosbach (Schaafheim), Kreis Darmstadt-Dieburg<\/p>\n<h2>2.7 Kommende Ober-Mossau<\/h2>\n<p><a href=\"http:\/\/menzendorff.de\/wp-content\/uploads\/2012\/02\/Obermossau.jpg\"><img loading=\"lazy\" class=\"alignleft size-large wp-image-2509\" src=\"http:\/\/menzendorff.de\/wp-content\/uploads\/2012\/02\/Obermossau-1024x683.jpg\" alt=\"\" width=\"625\" height=\"417\" srcset=\"http:\/\/menzendorff.de\/wp-content\/uploads\/2012\/02\/Obermossau-1024x683.jpg 1024w, http:\/\/menzendorff.de\/wp-content\/uploads\/2012\/02\/Obermossau-300x200.jpg 300w, http:\/\/menzendorff.de\/wp-content\/uploads\/2012\/02\/Obermossau-768x512.jpg 768w, http:\/\/menzendorff.de\/wp-content\/uploads\/2012\/02\/Obermossau-624x416.jpg 624w\" sizes=\"(max-width: 625px) 100vw, 625px\" \/><\/a><\/p>\n<p style=\"text-align: center;\">Kirchstra\u00dfe 6, 64756 Mossautal, Odenwaldkreis<\/p>\n<h2>2.8 Das &#8222;Tempelhaus zu Neckarelz&#8220;, Mosbach<\/h2>\n<p><a href=\"http:\/\/menzendorff.de\/wp-content\/uploads\/2012\/02\/Neckarelz.jpg\"><img loading=\"lazy\" class=\"alignleft size-large wp-image-2505\" src=\"http:\/\/menzendorff.de\/wp-content\/uploads\/2012\/02\/Neckarelz-1024x683.jpg\" alt=\"\" width=\"625\" height=\"417\" srcset=\"http:\/\/menzendorff.de\/wp-content\/uploads\/2012\/02\/Neckarelz-1024x683.jpg 1024w, http:\/\/menzendorff.de\/wp-content\/uploads\/2012\/02\/Neckarelz-300x200.jpg 300w, http:\/\/menzendorff.de\/wp-content\/uploads\/2012\/02\/Neckarelz-768x512.jpg 768w, http:\/\/menzendorff.de\/wp-content\/uploads\/2012\/02\/Neckarelz-624x416.jpg 624w\" sizes=\"(max-width: 625px) 100vw, 625px\" \/><\/a><\/p>\n<p style=\"text-align: center;\"><span class=\"LrzXr\">Johannitergasse 2, 74821 Mosbach, Neckar-Odenwaldkreis, Baden-W\u00fcrttemberg<\/span><\/p>\n<h2>2.9 (ehemalige) Johanniterkirche in Frankfurt<\/h2>\n<p><a href=\"http:\/\/menzendorff.de\/wp-content\/uploads\/2012\/02\/Frankfurt-1.png\"><img loading=\"lazy\" class=\"alignleft size-full wp-image-2603\" src=\"http:\/\/menzendorff.de\/wp-content\/uploads\/2012\/02\/Frankfurt-1.png\" alt=\"\" width=\"674\" height=\"856\" srcset=\"http:\/\/menzendorff.de\/wp-content\/uploads\/2012\/02\/Frankfurt-1.png 674w, http:\/\/menzendorff.de\/wp-content\/uploads\/2012\/02\/Frankfurt-1-236x300.png 236w, http:\/\/menzendorff.de\/wp-content\/uploads\/2012\/02\/Frankfurt-1-624x792.png 624w\" sizes=\"(max-width: 674px) 100vw, 674px\" \/><\/a><\/p>\n<p style=\"text-align: center;\">Aquarell von Carl Theodor Reiffenstein, 1871 (Wikipedia)<\/p>\n<p><a href=\"http:\/\/menzendorff.de\/wp-content\/uploads\/2019\/03\/plan1861.jpg\"><img loading=\"lazy\" class=\"alignleft size-large wp-image-2617\" src=\"http:\/\/menzendorff.de\/wp-content\/uploads\/2019\/03\/plan1861-627x1024.jpg\" alt=\"\" width=\"625\" height=\"1021\" srcset=\"http:\/\/menzendorff.de\/wp-content\/uploads\/2019\/03\/plan1861-627x1024.jpg 627w, http:\/\/menzendorff.de\/wp-content\/uploads\/2019\/03\/plan1861-184x300.jpg 184w, http:\/\/menzendorff.de\/wp-content\/uploads\/2019\/03\/plan1861-624x1019.jpg 624w, http:\/\/menzendorff.de\/wp-content\/uploads\/2019\/03\/plan1861.jpg 740w\" sizes=\"(max-width: 625px) 100vw, 625px\" \/><\/a><\/p>\n<p style=\"text-align: center;\">Stadtplan von 1861 (Quelle Altfrankfurt.com)<\/p>\n<p><a href=\"http:\/\/menzendorff.de\/wp-content\/uploads\/2019\/03\/Merianstich-1628.png\"><img loading=\"lazy\" class=\"alignleft size-full wp-image-2615\" src=\"http:\/\/menzendorff.de\/wp-content\/uploads\/2019\/03\/Merianstich-1628.png\" alt=\"\" width=\"638\" height=\"864\" srcset=\"http:\/\/menzendorff.de\/wp-content\/uploads\/2019\/03\/Merianstich-1628.png 638w, http:\/\/menzendorff.de\/wp-content\/uploads\/2019\/03\/Merianstich-1628-222x300.png 222w, http:\/\/menzendorff.de\/wp-content\/uploads\/2019\/03\/Merianstich-1628-624x845.png 624w\" sizes=\"(max-width: 638px) 100vw, 638px\" \/><\/a><\/p>\n<p style=\"text-align: center;\">Johanniterhof, Merianstich 1628<\/p>\n<p><a href=\"http:\/\/menzendorff.de\/wp-content\/uploads\/2012\/02\/Johanniterkapelle3.jpg\"><img loading=\"lazy\" class=\"size-full wp-image-2605 aligncenter\" src=\"http:\/\/menzendorff.de\/wp-content\/uploads\/2012\/02\/Johanniterkapelle3.jpg\" alt=\"\" width=\"439\" height=\"336\" srcset=\"http:\/\/menzendorff.de\/wp-content\/uploads\/2012\/02\/Johanniterkapelle3.jpg 439w, http:\/\/menzendorff.de\/wp-content\/uploads\/2012\/02\/Johanniterkapelle3-300x230.jpg 300w\" sizes=\"(max-width: 439px) 100vw, 439px\" \/><\/a><\/p>\n<p style=\"text-align: center;\">Skizze aus 1873<\/p>\n<h1>3. Fazit<\/h1>\n<p>Die Distanzen zwischen den Kommenden des Deutschen Ordens:<\/p>\n<ol>\n<li>Fritzlar &#8211; Marburg 60 Km<\/li>\n<li>Marburg &#8211; Schiffenberg 30 Km<\/li>\n<li>Schiffenberg &#8211; Friedberg 30 Km<\/li>\n<li>Friedberg Frankfurt 30 Km<\/li>\n<\/ol>\n<p>Die Annahme, die Ordensritter haben ihre Niederlassungen absichtlich in bequemen Tagesetappen entlang einer seit alters her bestehenden Fernstrasse angelegt, d\u00fcrfte danach wohl erwiesen sein. Ausserdem wird die These best\u00e4rkt, dass die Einrichtungen der Ritterorden sehr h\u00e4ufig (und wohl ebenfalls nicht zuf\u00e4llig) 30 oder 60 Km auseinander liegen.<\/p>\n<p>Es handelt sich bei den Niederlassungen in den St\u00e4dten entlang eines alten und bedeutsamen Fernwegs (der heutigen B 3) in Hessen um eine planm\u00e4ssig angelegte Stra\u00dfe der Ordensritter.<\/p>\n<p>Die Distanzen zwischen den Kommenden der Johanniter:<\/p>\n<ol>\n<li>Wiesenfeld &#8211; Grebenau 60 Km<\/li>\n<li>Grebenau &#8211; Nidda 60 Km<\/li>\n<li>Nidda &#8211; R\u00fcdigheim 28 Km<\/li>\n<li>R\u00fcdigheim &#8211; Mosbach 42 Km<\/li>\n<li>Mosbach &#8211; Obermossau 31 Km<\/li>\n<li>Obermossau &#8211; Neckarelz 45 Km (Hier teilt sich die Strasse)<\/li>\n<li>Neckarelz &#8211; (westl.) Bruchsal (an der B 3!) 50 Km &#8211; (\u00f6stl.) Schw\u00e4bisch Hall 60 Km<\/li>\n<\/ol>\n<p>Auch dieser Befund best\u00e4tigt die Annahme, dass die Ordensritter Distanzen zwischen 30 und 60 Km bevorzugt haben.<\/p>\n<p>Die Johanniter haben in Hessen ebenfalls ihre H\u00e4user entlang einer Strasse in Hessen eingerichtet, die ca. 20 bis 30 Km weiter \u00f6stlich liegt. Es handelte sich offenbar um eine Nebenstrecke, die kleinere Ortschaften verbindet.<\/p>\n<p>Die Templer hatten lediglich in Frankfurt einen Sitz.\u00a0 In der ehemaligen Flur &#8222;Lindau&#8220; (im heutigen Westend) haben die Templer im Jahre 1255 G\u00fcter erworben\u00a0 (<a href=\"http:\/\/www.templerlexikon.uni-hamburg.de\/Lindehe-korr.pdf\" target=\"_blank\" rel=\"noopener\">Templerlexikon<\/a>). Eine &#8222;Templerstra\u00dfe&#8220; in Hessen hat es wohl nicht gegeben.<\/p>\n<table style=\"height: 7px;\" width=\"550\">\n<tbody>\n<tr>\n<td width=\"44\">\u00a0<\/td>\n<td width=\"77\">\u00a0<\/td>\n<td width=\"174\">\u00a0<\/td>\n<\/tr>\n<\/tbody>\n<\/table>\n\n\n<p>Tafel der Wappen von Deurtschordensrittern im Dom von Marburg:<\/p>\n\n\n\n<figure class=\"wp-block-image size-large\"><a href=\"http:\/\/menzendorff.de\/wp-content\/uploads\/2022\/09\/Marburg-Dez-2005-009-scaled.jpg\"><img loading=\"lazy\" width=\"1024\" height=\"768\" src=\"http:\/\/menzendorff.de\/wp-content\/uploads\/2022\/09\/Marburg-Dez-2005-009-1024x768.jpg\" alt=\"\" class=\"wp-image-3689\" srcset=\"http:\/\/menzendorff.de\/wp-content\/uploads\/2022\/09\/Marburg-Dez-2005-009-1024x768.jpg 1024w, http:\/\/menzendorff.de\/wp-content\/uploads\/2022\/09\/Marburg-Dez-2005-009-300x225.jpg 300w, http:\/\/menzendorff.de\/wp-content\/uploads\/2022\/09\/Marburg-Dez-2005-009-768x576.jpg 768w, http:\/\/menzendorff.de\/wp-content\/uploads\/2022\/09\/Marburg-Dez-2005-009-1536x1152.jpg 1536w, http:\/\/menzendorff.de\/wp-content\/uploads\/2022\/09\/Marburg-Dez-2005-009-2048x1536.jpg 2048w, http:\/\/menzendorff.de\/wp-content\/uploads\/2022\/09\/Marburg-Dez-2005-009-624x468.jpg 624w\" sizes=\"(max-width: 1024px) 100vw, 1024px\" \/><\/a><\/figure>\n","protected":false},"excerpt":{"rendered":"<p>1. Der Deutsche Orden in Hessen Karte der Niederlassungen des Deutschen Ordens in Hessen (Quelle: Google maps, Layout: M.M.) Alle Deutschordensstationen liegen unmittelbar an der heutigen Bundesstrasse B 3. &#8222;Bei der fr\u00fcheren Nummerierung im Jahr 1932 begann die so genannte \u201eReichsstra\u00dfe 3&#8220; in L\u00fcbeck und f\u00fchrte dann \u00fcber Hamburg nach Buxtehude, wo sie heute als [&hellip;]<\/p>\n","protected":false},"author":2,"featured_media":0,"comment_status":"open","ping_status":"open","sticky":false,"template":"","format":"standard","meta":[],"categories":[5],"tags":[],"_links":{"self":[{"href":"http:\/\/menzendorff.de\/index.php?rest_route=\/wp\/v2\/posts\/2445"}],"collection":[{"href":"http:\/\/menzendorff.de\/index.php?rest_route=\/wp\/v2\/posts"}],"about":[{"href":"http:\/\/menzendorff.de\/index.php?rest_route=\/wp\/v2\/types\/post"}],"author":[{"embeddable":true,"href":"http:\/\/menzendorff.de\/index.php?rest_route=\/wp\/v2\/users\/2"}],"replies":[{"embeddable":true,"href":"http:\/\/menzendorff.de\/index.php?rest_route=%2Fwp%2Fv2%2Fcomments&post=2445"}],"version-history":[{"count":29,"href":"http:\/\/menzendorff.de\/index.php?rest_route=\/wp\/v2\/posts\/2445\/revisions"}],"predecessor-version":[{"id":3690,"href":"http:\/\/menzendorff.de\/index.php?rest_route=\/wp\/v2\/posts\/2445\/revisions\/3690"}],"wp:attachment":[{"href":"http:\/\/menzendorff.de\/index.php?rest_route=%2Fwp%2Fv2%2Fmedia&parent=2445"}],"wp:term":[{"taxonomy":"category","embeddable":true,"href":"http:\/\/menzendorff.de\/index.php?rest_route=%2Fwp%2Fv2%2Fcategories&post=2445"},{"taxonomy":"post_tag","embeddable":true,"href":"http:\/\/menzendorff.de\/index.php?rest_route=%2Fwp%2Fv2%2Ftags&post=2445"}],"curies":[{"name":"wp","href":"https:\/\/api.w.org\/{rel}","templated":true}]}}