{"id":2450,"date":"2019-02-01T19:47:05","date_gmt":"2019-02-01T17:47:05","guid":{"rendered":"http:\/\/menzendorff.de\/?p=2450"},"modified":"2019-05-14T21:06:51","modified_gmt":"2019-05-14T19:06:51","slug":"die-ordensritter-im-elsass","status":"publish","type":"post","link":"http:\/\/menzendorff.de\/?p=2450","title":{"rendered":"Die Ordensritter im Elsass"},"content":{"rendered":"<h1>1. Bas-Rhin<\/h1>\n<p>Im Elsass waren alle drei Ritterorden recht zahlreich vertreten. Zur besseren \u00dcbersicht habe ich die beiden Departements getrennt dargestellt. Wir beginnen im Norden mit dem Department Bas-Rhin.<\/p>\n<p><a href=\"http:\/\/menzendorff.de\/wp-content\/uploads\/2012\/02\/Screenshot-2019-03-08-15.02.38-1.png\"><img loading=\"lazy\" class=\"alignleft size-full wp-image-2577\" src=\"http:\/\/menzendorff.de\/wp-content\/uploads\/2012\/02\/Screenshot-2019-03-08-15.02.38-1.png\" alt=\"\" width=\"767\" height=\"933\" srcset=\"http:\/\/menzendorff.de\/wp-content\/uploads\/2012\/02\/Screenshot-2019-03-08-15.02.38-1.png 767w, http:\/\/menzendorff.de\/wp-content\/uploads\/2012\/02\/Screenshot-2019-03-08-15.02.38-1-247x300.png 247w, http:\/\/menzendorff.de\/wp-content\/uploads\/2012\/02\/Screenshot-2019-03-08-15.02.38-1-624x759.png 624w\" sizes=\"(max-width: 767px) 100vw, 767px\" \/><\/a><\/p>\n<p>Es entsteht der Eindruck, dass sich die Templer mit den Deutschordensrittern die westlichere Trasse von Bouxwiller nach S\u00e9lestat &#8222;aufgeteilt&#8220; haben, w\u00e4hrend sich die &#8222;Stra\u00dfe&#8220; der Johanniter etwas weiter \u00f6stlich befindet. Das Rheinufer selbst war generell ungeeignet f\u00fcr Fernstra\u00dfen. Auch die R\u00f6mer hatten es schon vorgezogen, ihre Fernstra\u00dfen in sicherer Distanz zum Rhein anzulegen, weil dieser &#8211; seinerzeit noch nicht kanalisiert &#8211; st\u00e4ndig seinen Lauf ver\u00e4nderte. Die Fernstra\u00dfen mu\u00dften auf trockenem und festen Grund verlaufen und durften auch nicht zu nah an die Vogesen herangef\u00fchrt werden, weil man andererseits auch keine unn\u00f6tigen Steigungen und Gef\u00e4lle in Kauf nehmen wollte.<\/p>\n<p>An der Nordgrenze des Elsass zur Pfalz endet die &#8222;Deutsche Weinstrasse&#8220;. Die Strecke zwischen Bad Bergzabern und Wissembourg war Teil der linksrheinischen R\u00f6merstra\u00dfe.<\/p>\n<h2 style=\"text-align: left;\"><strong>1.1 67160 Wissembourg<\/strong><\/h2>\n<p><a href=\"http:\/\/menzendorff.de\/wp-content\/uploads\/2012\/02\/DSC_0006.jpg\"><img loading=\"lazy\" class=\"alignleft size-large wp-image-2471\" src=\"http:\/\/menzendorff.de\/wp-content\/uploads\/2012\/02\/DSC_0006-1024x683.jpg\" alt=\"\" width=\"625\" height=\"417\" srcset=\"http:\/\/menzendorff.de\/wp-content\/uploads\/2012\/02\/DSC_0006-1024x683.jpg 1024w, http:\/\/menzendorff.de\/wp-content\/uploads\/2012\/02\/DSC_0006-300x200.jpg 300w, http:\/\/menzendorff.de\/wp-content\/uploads\/2012\/02\/DSC_0006-768x512.jpg 768w, http:\/\/menzendorff.de\/wp-content\/uploads\/2012\/02\/DSC_0006-624x416.jpg 624w\" sizes=\"(max-width: 625px) 100vw, 625px\" \/><\/a><\/p>\n<p style=\"text-align: center;\">Ehem. <strong>Deutschherrenschloss<\/strong>, heute Sitz des Maison du Conseil D\u00e9partemental de Wissembourg, Cour de la Commanderie\/Rue de&#8217;l Ordre Teutonique<\/p>\n<p><a href=\"http:\/\/menzendorff.de\/wp-content\/uploads\/2012\/02\/20170310_163220.jpg\"><img loading=\"lazy\" class=\"alignleft size-large wp-image-2483\" src=\"http:\/\/menzendorff.de\/wp-content\/uploads\/2012\/02\/20170310_163220-1024x576.jpg\" alt=\"\" width=\"625\" height=\"352\" srcset=\"http:\/\/menzendorff.de\/wp-content\/uploads\/2012\/02\/20170310_163220-1024x576.jpg 1024w, http:\/\/menzendorff.de\/wp-content\/uploads\/2012\/02\/20170310_163220-300x169.jpg 300w, http:\/\/menzendorff.de\/wp-content\/uploads\/2012\/02\/20170310_163220-768x432.jpg 768w, http:\/\/menzendorff.de\/wp-content\/uploads\/2012\/02\/20170310_163220-624x351.jpg 624w\" sizes=\"(max-width: 625px) 100vw, 625px\" \/><\/a><\/p>\n<p style=\"text-align: center;\">ehem. Johanniterkirche<strong> Saint-Jean<\/strong>, 13. Rue du Presbyt\u00e8re<\/p>\n<h2 style=\"text-align: left;\"><strong>1.2 67330 Bouxwiller<\/strong><\/h2>\n<p><a href=\"http:\/\/menzendorff.de\/wp-content\/uploads\/2012\/02\/20160902_130126.jpg\"><img loading=\"lazy\" class=\"alignleft size-large wp-image-2484\" src=\"http:\/\/menzendorff.de\/wp-content\/uploads\/2012\/02\/20160902_130126-576x1024.jpg\" alt=\"\" width=\"576\" height=\"1024\" srcset=\"http:\/\/menzendorff.de\/wp-content\/uploads\/2012\/02\/20160902_130126-576x1024.jpg 576w, http:\/\/menzendorff.de\/wp-content\/uploads\/2012\/02\/20160902_130126-169x300.jpg 169w, http:\/\/menzendorff.de\/wp-content\/uploads\/2012\/02\/20160902_130126-768x1365.jpg 768w, http:\/\/menzendorff.de\/wp-content\/uploads\/2012\/02\/20160902_130126-624x1109.jpg 624w\" sizes=\"(max-width: 576px) 100vw, 576px\" \/><\/a><\/p>\n<p style=\"text-align: center;\">Turm der Templer? (siehe Aubarbier-Binet, S.25)<\/p>\n<h2 style=\"text-align: left;\"><strong>1.3 67500 Haguenau<\/strong><\/h2>\n<p><a href=\"http:\/\/menzendorff.de\/wp-content\/uploads\/2012\/02\/DSC_0041.jpg\"><img loading=\"lazy\" class=\"alignleft size-large wp-image-2472\" src=\"http:\/\/menzendorff.de\/wp-content\/uploads\/2012\/02\/DSC_0041-1024x683.jpg\" alt=\"\" width=\"625\" height=\"417\" srcset=\"http:\/\/menzendorff.de\/wp-content\/uploads\/2012\/02\/DSC_0041-1024x683.jpg 1024w, http:\/\/menzendorff.de\/wp-content\/uploads\/2012\/02\/DSC_0041-300x200.jpg 300w, http:\/\/menzendorff.de\/wp-content\/uploads\/2012\/02\/DSC_0041-768x512.jpg 768w, http:\/\/menzendorff.de\/wp-content\/uploads\/2012\/02\/DSC_0041-624x416.jpg 624w\" sizes=\"(max-width: 625px) 100vw, 625px\" \/><\/a><\/p>\n<p>Pfarreikirche <strong>Saint-Georges<\/strong>, (ehemalige Johanniterkirche),\u00a0 Rue du Presbyt\u00e8re\/Rue des Johannites<\/p>\n<p><a href=\"http:\/\/menzendorff.de\/wp-content\/uploads\/2012\/02\/DSC_0052.jpg\"><img loading=\"lazy\" class=\"alignleft size-large wp-image-2473\" src=\"http:\/\/menzendorff.de\/wp-content\/uploads\/2012\/02\/DSC_0052-1024x683.jpg\" alt=\"\" width=\"625\" height=\"417\" srcset=\"http:\/\/menzendorff.de\/wp-content\/uploads\/2012\/02\/DSC_0052-1024x683.jpg 1024w, http:\/\/menzendorff.de\/wp-content\/uploads\/2012\/02\/DSC_0052-300x200.jpg 300w, http:\/\/menzendorff.de\/wp-content\/uploads\/2012\/02\/DSC_0052-768x512.jpg 768w, http:\/\/menzendorff.de\/wp-content\/uploads\/2012\/02\/DSC_0052-624x416.jpg 624w\" sizes=\"(max-width: 625px) 100vw, 625px\" \/><\/a><\/p>\n<p style=\"text-align: center;\">Commanderiegeb\u00e4ude, 57, Grand Rue, <strong>Haguenau<\/strong><\/p>\n<h2 style=\"text-align: left;\"><strong>1.4 67310 Westhoffen<\/strong><\/h2>\n<p><a href=\"http:\/\/menzendorff.de\/wp-content\/uploads\/2012\/02\/DSC09486.jpg\"><img loading=\"lazy\" class=\"size-large wp-image-2479\" src=\"http:\/\/menzendorff.de\/wp-content\/uploads\/2012\/02\/DSC09486-1024x685.jpg\" alt=\"\" width=\"625\" height=\"418\" srcset=\"http:\/\/menzendorff.de\/wp-content\/uploads\/2012\/02\/DSC09486-1024x685.jpg 1024w, http:\/\/menzendorff.de\/wp-content\/uploads\/2012\/02\/DSC09486-300x201.jpg 300w, http:\/\/menzendorff.de\/wp-content\/uploads\/2012\/02\/DSC09486-768x513.jpg 768w, http:\/\/menzendorff.de\/wp-content\/uploads\/2012\/02\/DSC09486-624x417.jpg 624w\" sizes=\"(max-width: 625px) 100vw, 625px\" \/><\/a><\/p>\n<p style=\"text-align: center;\">Westhoffen,<strong> Rosenbourg, <\/strong>ehemaliger Templersitz, heute ein Wohnhaus.<\/p>\n<p>Ich zitiere: &#8222;Die <b>Rosenburg<\/b> (franz. <i>Rosenbourg<\/i>) ist eine ehemalige Templerburg in der els\u00e4ssischen Gemeinde Westhoffen im franz\u00f6sischen D\u00e9partement Bas-Rhin. Die Wasserburg bestand aus einem viereckigen Wohnturm, umgeben von einem Graben und einer Mauer, die an ihren Ecken mit vier Bastionst\u00fcrmen ausgestattet war.&#8220; aus dem Beitrag von <a href=\"https:\/\/de.wikipedia.org\/wiki\/Rosenburg_(Elsass)\" target=\"_blank\" rel=\"noopener\">Wikipedia<\/a>, dem auch das nachstehende Bild entnommen ist.<\/p>\n<p><img src=\"https:\/\/upload.wikimedia.org\/wikipedia\/commons\/e\/e9\/RosenburgWesthoffenNaeherMuellenheim.jpg\" \/><\/p>\n<p style=\"text-align: left;\">Die Rosenburg im 16. Jahrhundert<\/p>\n<h2>1.5 67000 Strasbourg<\/h2>\n<p>Stra\u00dfburg war bereits seit 343 ein Bistum. Es liegt daher auf der Hand, dass auch die Ordensritter sich jeweils darum bem\u00fcht haben, hier eine Niederlassung zu gr\u00fcnden. Die Templer sollen ab 1183 hier Fu\u00df gefasst haben (<a href=\"http:\/\/www.histoirelibre.com\/blog\/?p=507\" target=\"_blank\" rel=\"noopener\">Histoire libre com<\/a>). Der Deutsche Orden errichtete seine Kommende im Jahre 1215 und seit 1273 gab es dort einen Komtur (<a href=\"http:\/\/www.damian-hungs.de\/geschichte\/kommenden-des-deutschen-ordens\/kommende-strassburg\/\" target=\"_blank\" rel=\"noopener\">Damian Hungs<\/a>). Die Johanniter traten hier erst ab 1371 auf den Plan (<a href=\"https:\/\/www2.landesarchiv-bw.de\/ofs21\/olf\/einfueh.php?bestand=10726\" target=\"_blank\" rel=\"noopener\">Landesarchiv BW<\/a>). Vom deutschen Orden und von den Templern ist &#8211; meines Wissens &#8211; nichts mehr an Resten zu sehen. Von den Johannitern existiert eine Johanniskirche, Adresse Quai Saint-Jean (<a href=\"https:\/\/de.wikipedia.org\/wiki\/Liste_der_Monuments_historiques_in_Stra%C3%9Fburg#\/media\/File:Absolute_Eglise_St_Jean_Baptiste_01.JPG\" target=\"_blank\" rel=\"noopener\">Wikipedia<\/a>) , die nach einem Volltreffer von 1944 in den sechziger Jahren restauriert wurde und eine Reihe imposanter Geb\u00e4ude der ehemaligen Komturei, in denen heute die \u00c9cole nationale d&#8217;administration, ENA, untergebracht ist. Sehen Sie hier: (<a href=\"https:\/\/de.wikipedia.org\/wiki\/Liste_der_Monuments_historiques_in_Stra%C3%9Fburg#\/media\/File:Strasbourg-RemiLeblond-ENA-MAMC2.jpg\" target=\"_blank\" rel=\"noopener\">Wikipedia<\/a>).<\/p>\n<h2 style=\"text-align: left;\"><strong>1.6 67120 Dorlisheim<br \/>\n<\/strong><\/h2>\n<p><a href=\"http:\/\/menzendorff.de\/wp-content\/uploads\/2012\/02\/DSC09497.jpg\"><img loading=\"lazy\" class=\"size-large wp-image-2480\" src=\"http:\/\/menzendorff.de\/wp-content\/uploads\/2012\/02\/DSC09497-1024x685.jpg\" alt=\"\" width=\"625\" height=\"418\" srcset=\"http:\/\/menzendorff.de\/wp-content\/uploads\/2012\/02\/DSC09497-1024x685.jpg 1024w, http:\/\/menzendorff.de\/wp-content\/uploads\/2012\/02\/DSC09497-300x201.jpg 300w, http:\/\/menzendorff.de\/wp-content\/uploads\/2012\/02\/DSC09497-768x513.jpg 768w, http:\/\/menzendorff.de\/wp-content\/uploads\/2012\/02\/DSC09497-624x417.jpg 624w\" sizes=\"(max-width: 625px) 100vw, 625px\" \/><\/a><\/p>\n<p style=\"text-align: center;\">ehemaliges Johanniterschloss, Rue Saint- Jean, Dorlisheim heute Sitz des Autoherstellers Bugatti<\/p>\n<h2 style=\"text-align: left;\"><strong>1.7 67530 Boersch<\/strong><\/h2>\n<p><a href=\"http:\/\/menzendorff.de\/wp-content\/uploads\/2012\/02\/DSC_0166.jpg\"><img loading=\"lazy\" class=\"alignleft size-large wp-image-2475\" src=\"http:\/\/menzendorff.de\/wp-content\/uploads\/2012\/02\/DSC_0166-1024x683.jpg\" alt=\"\" width=\"625\" height=\"417\" srcset=\"http:\/\/menzendorff.de\/wp-content\/uploads\/2012\/02\/DSC_0166-1024x683.jpg 1024w, http:\/\/menzendorff.de\/wp-content\/uploads\/2012\/02\/DSC_0166-300x200.jpg 300w, http:\/\/menzendorff.de\/wp-content\/uploads\/2012\/02\/DSC_0166-768x512.jpg 768w, http:\/\/menzendorff.de\/wp-content\/uploads\/2012\/02\/DSC_0166-624x416.jpg 624w\" sizes=\"(max-width: 625px) 100vw, 625px\" \/><\/a><\/p>\n<p style=\"text-align: center;\">ehemaliges Deutschordenshaus Boersch, Adresse: 4, Rue de D\u00f4me, Siehe <a href=\"https:\/\/fr.wikipedia.org\/wiki\/Maison_du_commandeur_de_l%27Ordre_teutonique\">Wikipedia<\/a><\/p>\n<h2 style=\"text-align: left;\"><strong>1.8 67530 Ottrott<\/strong><\/h2>\n<p><a href=\"http:\/\/menzendorff.de\/wp-content\/uploads\/2012\/02\/DSC09501.jpg\"><img loading=\"lazy\" class=\"size-large wp-image-2481\" src=\"http:\/\/menzendorff.de\/wp-content\/uploads\/2012\/02\/DSC09501-1024x685.jpg\" alt=\"\" width=\"625\" height=\"418\" srcset=\"http:\/\/menzendorff.de\/wp-content\/uploads\/2012\/02\/DSC09501-1024x685.jpg 1024w, http:\/\/menzendorff.de\/wp-content\/uploads\/2012\/02\/DSC09501-300x201.jpg 300w, http:\/\/menzendorff.de\/wp-content\/uploads\/2012\/02\/DSC09501-768x513.jpg 768w, http:\/\/menzendorff.de\/wp-content\/uploads\/2012\/02\/DSC09501-624x417.jpg 624w\" sizes=\"(max-width: 625px) 100vw, 625px\" \/><\/a><\/p>\n<p style=\"text-align: center;\">Die \u00d6rtlichkeit ist auf alten Karten als &#8222;Tempelsm\u00fchle&#8220; eingetragen. Sie liegt unmittelbar am Ufer der Ehn. Alte Bausubstanz war nicht auszumachen.<\/p>\n<h2 style=\"text-align: left;\"><strong>1.9 67140 Andlau<\/strong><\/h2>\n<p><a href=\"http:\/\/menzendorff.de\/wp-content\/uploads\/2012\/02\/DSC09452.jpg\"><img loading=\"lazy\" class=\"size-large wp-image-2477\" src=\"http:\/\/menzendorff.de\/wp-content\/uploads\/2012\/02\/DSC09452-1024x685.jpg\" alt=\"\" width=\"625\" height=\"418\" srcset=\"http:\/\/menzendorff.de\/wp-content\/uploads\/2012\/02\/DSC09452-1024x685.jpg 1024w, http:\/\/menzendorff.de\/wp-content\/uploads\/2012\/02\/DSC09452-300x201.jpg 300w, http:\/\/menzendorff.de\/wp-content\/uploads\/2012\/02\/DSC09452-768x513.jpg 768w, http:\/\/menzendorff.de\/wp-content\/uploads\/2012\/02\/DSC09452-624x417.jpg 624w\" sizes=\"(max-width: 625px) 100vw, 625px\" \/><\/a><\/p>\n<p style=\"text-align: center;\">von dem Templern sind keine Geb\u00e4udereste mehr \u00fcbrig. Das Schloss geh\u00f6rte dem Deutschen Orden<\/p>\n<h2 style=\"text-align: left;\"><strong>1.10 67860 Rhinau<br \/>\n<\/strong><\/h2>\n<p><a href=\"http:\/\/menzendorff.de\/wp-content\/uploads\/2012\/02\/DSC_0004.jpg\"><img loading=\"lazy\" class=\"alignleft size-large wp-image-2470\" src=\"http:\/\/menzendorff.de\/wp-content\/uploads\/2012\/02\/DSC_0004-1024x683.jpg\" alt=\"\" width=\"625\" height=\"417\" srcset=\"http:\/\/menzendorff.de\/wp-content\/uploads\/2012\/02\/DSC_0004-1024x683.jpg 1024w, http:\/\/menzendorff.de\/wp-content\/uploads\/2012\/02\/DSC_0004-300x200.jpg 300w, http:\/\/menzendorff.de\/wp-content\/uploads\/2012\/02\/DSC_0004-768x512.jpg 768w, http:\/\/menzendorff.de\/wp-content\/uploads\/2012\/02\/DSC_0004-624x416.jpg 624w\" sizes=\"(max-width: 625px) 100vw, 625px\" \/><\/a><\/p>\n<p>&nbsp;<\/p>\n<p>&nbsp;<\/p>\n<p style=\"text-align: center;\">Krankenhaus der Johanniter (ab 1260), 6, Rue de l&#8217;H\u00f4pital, heute Seniorenheim<\/p>\n<p><a href=\"http:\/\/menzendorff.de\/wp-content\/uploads\/2012\/02\/Rhinau-Johanniter.jpg\"><img loading=\"lazy\" class=\"alignleft size-full wp-image-2520\" src=\"http:\/\/menzendorff.de\/wp-content\/uploads\/2012\/02\/Rhinau-Johanniter.jpg\" alt=\"\" width=\"699\" height=\"458\" srcset=\"http:\/\/menzendorff.de\/wp-content\/uploads\/2012\/02\/Rhinau-Johanniter.jpg 699w, http:\/\/menzendorff.de\/wp-content\/uploads\/2012\/02\/Rhinau-Johanniter-300x197.jpg 300w, http:\/\/menzendorff.de\/wp-content\/uploads\/2012\/02\/Rhinau-Johanniter-624x409.jpg 624w\" sizes=\"(max-width: 699px) 100vw, 699px\" \/><\/a><\/p>\n<p>&nbsp;<\/p>\n<p>&nbsp;<\/p>\n<h2 style=\"text-align: left;\"><strong>1.10 67600 S\u00e9lestat<\/strong><\/h2>\n<p><a href=\"http:\/\/menzendorff.de\/wp-content\/uploads\/2012\/02\/DSC_0066.jpg\"><img loading=\"lazy\" class=\"alignleft size-large wp-image-2474\" src=\"http:\/\/menzendorff.de\/wp-content\/uploads\/2012\/02\/DSC_0066-1024x683.jpg\" alt=\"\" width=\"625\" height=\"417\" srcset=\"http:\/\/menzendorff.de\/wp-content\/uploads\/2012\/02\/DSC_0066-1024x683.jpg 1024w, http:\/\/menzendorff.de\/wp-content\/uploads\/2012\/02\/DSC_0066-300x200.jpg 300w, http:\/\/menzendorff.de\/wp-content\/uploads\/2012\/02\/DSC_0066-768x512.jpg 768w, http:\/\/menzendorff.de\/wp-content\/uploads\/2012\/02\/DSC_0066-624x416.jpg 624w\" sizes=\"(max-width: 625px) 100vw, 625px\" \/><\/a><\/p>\n<p>Das ehemaliges johanniter-Schlo\u00df (ab 1260) beherbergt heute das Office de Tourisme, Adresse: 10, Boulevard du G\u00e9n\u00e9ral Leclerc.<\/p>\n<h1>2. Haut-Rhin<\/h1>\n<p>Die Grafik legt die Vermutung nahe, dass alle drei Ritterorden sich im Oberelsa\u00df eine Route &#8222;geteilt&#8220; haben. Die Commanderien von Bergheim bis Soultz halten einen auff\u00e4llig gro\u00dfen Abstand zum Rhein und liegen jeweils am Fu\u00dfe der Vogesen. Vermutlich waren dort die Verh\u00e4ltnisse f\u00fcr eine Fernstrasse g\u00fcnstiger und der Verlauf des Rheines noch unstabiler. Nach M\u00fclhausen teilt sich die &#8222;Johanniterstrasse&#8220; nach Basel im Osten und nach Friesen im Westen.<\/p>\n<p>In einem der n\u00e4chsten Beitr\u00e4ge werde ich nachweisen, dass dieser Punkt den wichtigsten Verkehrsknoten der Logistik der Johanniter darstellt, weil hier die Fernverbindungen und -wege von Marseille, Venedig, dem Schwarzen Meer und den\u00a0 Niederlanden mit ihren Seeh\u00e4fen zusammenliefen. DIe Commanderie in Heitersheim (s\u00fcdlich von Freiburg an der B 3), wohl die gr\u00f6\u00dfte der Niederlassungen des Ordens, war die Zentrale der \u00fcber die Reichsgrenzen hinausgehenden Deutsche Zunge des Johanniterordens. (vgl. <a href=\"https:\/\/books.google.de\/books?id=z49ipdq6KKQC&amp;pg=PA116&amp;lpg=PA116&amp;dq=Heitersheim+deutsche+Zentzrale+der+Johanniter&amp;source=bl&amp;ots=QTQuDiYsnF&amp;sig=ACfU3U0CvkIfIpO5yMhRssAVNii96eNBeA&amp;hl=de&amp;sa=X&amp;ved=2ahUKEwjdgJ6m1YbhAhXtMewKHZBnCb4Q6AEwA3oECA0QAQ#v=onepage&amp;q=Heitersheim%20deutsche%20Zentzrale%20der%20Johanniter&amp;f=false\" target=\"_blank\" rel=\"noopener\">Ius Vivens<\/a>) .<\/p>\n<p><a href=\"http:\/\/menzendorff.de\/wp-content\/uploads\/2012\/02\/Screenshot-2019-03-07-16.30.29-3.png\"><img loading=\"lazy\" class=\"alignleft size-full wp-image-2571\" src=\"http:\/\/menzendorff.de\/wp-content\/uploads\/2012\/02\/Screenshot-2019-03-07-16.30.29-3.png\" alt=\"\" width=\"759\" height=\"788\" srcset=\"http:\/\/menzendorff.de\/wp-content\/uploads\/2012\/02\/Screenshot-2019-03-07-16.30.29-3.png 759w, http:\/\/menzendorff.de\/wp-content\/uploads\/2012\/02\/Screenshot-2019-03-07-16.30.29-3-289x300.png 289w, http:\/\/menzendorff.de\/wp-content\/uploads\/2012\/02\/Screenshot-2019-03-07-16.30.29-3-624x648.png 624w\" sizes=\"(max-width: 759px) 100vw, 759px\" \/><\/a><\/p>\n<h2>2.1 68750 Bergheim<\/h2>\n<p><a href=\"http:\/\/menzendorff.de\/wp-content\/uploads\/2012\/02\/Bergheim.jpg\"><img loading=\"lazy\" class=\"size-large wp-image-2523\" src=\"http:\/\/menzendorff.de\/wp-content\/uploads\/2012\/02\/Bergheim-1024x678.jpg\" alt=\"\" width=\"625\" height=\"414\" srcset=\"http:\/\/menzendorff.de\/wp-content\/uploads\/2012\/02\/Bergheim-1024x678.jpg 1024w, http:\/\/menzendorff.de\/wp-content\/uploads\/2012\/02\/Bergheim-300x199.jpg 300w, http:\/\/menzendorff.de\/wp-content\/uploads\/2012\/02\/Bergheim-768x508.jpg 768w, http:\/\/menzendorff.de\/wp-content\/uploads\/2012\/02\/Bergheim-624x413.jpg 624w\" sizes=\"(max-width: 625px) 100vw, 625px\" \/><\/a><\/p>\n<p>Tempelhof, Bergheim, Rue de Thannenkirch<\/p>\n<h2>2.2 68240 Kaysersberg<\/h2>\n<p><a href=\"http:\/\/menzendorff.de\/wp-content\/uploads\/2012\/02\/Kaysersberg.jpg\"><img loading=\"lazy\" class=\"alignleft size-large wp-image-2526\" src=\"http:\/\/menzendorff.de\/wp-content\/uploads\/2012\/02\/Kaysersberg-1024x683.jpg\" alt=\"\" width=\"625\" height=\"417\" srcset=\"http:\/\/menzendorff.de\/wp-content\/uploads\/2012\/02\/Kaysersberg-1024x683.jpg 1024w, http:\/\/menzendorff.de\/wp-content\/uploads\/2012\/02\/Kaysersberg-300x200.jpg 300w, http:\/\/menzendorff.de\/wp-content\/uploads\/2012\/02\/Kaysersberg-768x512.jpg 768w, http:\/\/menzendorff.de\/wp-content\/uploads\/2012\/02\/Kaysersberg-624x416.jpg 624w\" sizes=\"(max-width: 625px) 100vw, 625px\" \/><\/a><\/p>\n<p style=\"text-align: center;\">Deutscher Orden, Heilig-Kreuz-Kirche, ehemalige Marienkirche, erbaut 1230.<\/p>\n<h2>2.3 6800 Colmar<\/h2>\n<p><a href=\"http:\/\/menzendorff.de\/wp-content\/uploads\/2012\/02\/Colmar.jpg\"><img loading=\"lazy\" class=\"alignleft size-large wp-image-2524\" src=\"http:\/\/menzendorff.de\/wp-content\/uploads\/2012\/02\/Colmar-1024x683.jpg\" alt=\"\" width=\"625\" height=\"417\" srcset=\"http:\/\/menzendorff.de\/wp-content\/uploads\/2012\/02\/Colmar-1024x683.jpg 1024w, http:\/\/menzendorff.de\/wp-content\/uploads\/2012\/02\/Colmar-300x200.jpg 300w, http:\/\/menzendorff.de\/wp-content\/uploads\/2012\/02\/Colmar-768x512.jpg 768w, http:\/\/menzendorff.de\/wp-content\/uploads\/2012\/02\/Colmar-624x416.jpg 624w\" sizes=\"(max-width: 625px) 100vw, 625px\" \/><\/a><\/p>\n<p>ehem. Commanderie Saint-Jean de Colmar (ab 1234), heute Privatschule, f\u00fcr die \u00d6ffentlichkeit nicht zug\u00e4nglich, Adresse Rue Saint-Jean, Colmar. Das in der gleichen Stra\u00dfe gelegene Maison des Chevaliers de Saint-Jean von 1608 hat indes keine nachweisliche Verbindung zum Ritterorden.<\/p>\n<h2>2.4 68360 Soultz<\/h2>\n<p><a href=\"http:\/\/menzendorff.de\/wp-content\/uploads\/2012\/02\/Soultz.jpg\"><img loading=\"lazy\" class=\"alignleft size-large wp-image-2530\" src=\"http:\/\/menzendorff.de\/wp-content\/uploads\/2012\/02\/Soultz-1024x683.jpg\" alt=\"\" width=\"625\" height=\"417\" srcset=\"http:\/\/menzendorff.de\/wp-content\/uploads\/2012\/02\/Soultz-1024x683.jpg 1024w, http:\/\/menzendorff.de\/wp-content\/uploads\/2012\/02\/Soultz-300x200.jpg 300w, http:\/\/menzendorff.de\/wp-content\/uploads\/2012\/02\/Soultz-768x512.jpg 768w, http:\/\/menzendorff.de\/wp-content\/uploads\/2012\/02\/Soultz-624x416.jpg 624w\" sizes=\"(max-width: 625px) 100vw, 625px\" \/><\/a><\/p>\n<p>Commanderie Saint-Jean (ab1250), 12\u00a0rue Jean-Jaur\u00e8s \u00e0 Soultz.<\/p>\n<h2>2.5 68100 Mulhouse<\/h2>\n<p><a href=\"http:\/\/menzendorff.de\/wp-content\/uploads\/2012\/02\/Mulhouse.jpg\"><img loading=\"lazy\" class=\"alignleft size-large wp-image-2527\" src=\"http:\/\/menzendorff.de\/wp-content\/uploads\/2012\/02\/Mulhouse-1024x683.jpg\" alt=\"\" width=\"625\" height=\"417\" srcset=\"http:\/\/menzendorff.de\/wp-content\/uploads\/2012\/02\/Mulhouse-1024x683.jpg 1024w, http:\/\/menzendorff.de\/wp-content\/uploads\/2012\/02\/Mulhouse-300x200.jpg 300w, http:\/\/menzendorff.de\/wp-content\/uploads\/2012\/02\/Mulhouse-768x512.jpg 768w, http:\/\/menzendorff.de\/wp-content\/uploads\/2012\/02\/Mulhouse-624x416.jpg 624w\" sizes=\"(max-width: 625px) 100vw, 625px\" \/><\/a><\/p>\n<p>Chapelle Saint-Jean (ab 1220), Rue Saint-Jean\/Grand Rue<\/p>\n<h2>2.6 68170 Rixheim<\/h2>\n<p><a href=\"http:\/\/menzendorff.de\/wp-content\/uploads\/2012\/02\/Rixheim.jpg\"><img loading=\"lazy\" class=\"alignleft size-large wp-image-2528\" src=\"http:\/\/menzendorff.de\/wp-content\/uploads\/2012\/02\/Rixheim-1024x683.jpg\" alt=\"\" width=\"625\" height=\"417\" srcset=\"http:\/\/menzendorff.de\/wp-content\/uploads\/2012\/02\/Rixheim-1024x683.jpg 1024w, http:\/\/menzendorff.de\/wp-content\/uploads\/2012\/02\/Rixheim-300x200.jpg 300w, http:\/\/menzendorff.de\/wp-content\/uploads\/2012\/02\/Rixheim-768x512.jpg 768w, http:\/\/menzendorff.de\/wp-content\/uploads\/2012\/02\/Rixheim-624x416.jpg 624w\" sizes=\"(max-width: 625px) 100vw, 625px\" \/><\/a><\/p>\n<p>ancienne Ch\u00e2teau des Chevaliers Teutoniques, heute H\u00f4tel-de-Ville, 28 Rue Zuber, Rixheim<\/p>\n<h2>2.7 68580 Friesen<\/h2>\n<p><a href=\"http:\/\/menzendorff.de\/wp-content\/uploads\/2012\/02\/Friesen-1.jpg\"><img loading=\"lazy\" class=\"alignleft size-large wp-image-2573\" src=\"http:\/\/menzendorff.de\/wp-content\/uploads\/2012\/02\/Friesen-1-1024x683.jpg\" alt=\"\" width=\"625\" height=\"417\" srcset=\"http:\/\/menzendorff.de\/wp-content\/uploads\/2012\/02\/Friesen-1-1024x683.jpg 1024w, http:\/\/menzendorff.de\/wp-content\/uploads\/2012\/02\/Friesen-1-300x200.jpg 300w, http:\/\/menzendorff.de\/wp-content\/uploads\/2012\/02\/Friesen-1-768x512.jpg 768w, http:\/\/menzendorff.de\/wp-content\/uploads\/2012\/02\/Friesen-1-624x416.jpg 624w\" sizes=\"(max-width: 625px) 100vw, 625px\" \/><\/a><\/p>\n<p>Kirche St. Peter und St. Paul, Friesen<\/p>\n<p>Friesen liegt an der s\u00fcdwestlichen Grenze des D\u00e9partements Haut-Rhin zum Territoire de Belfort. Hier enden die deutschen Ortsnamen und es wird ab jetzt nur noch franz\u00f6sisch gesprochen. Der Nachbarort hei\u00dft Ueberstrass und deutet an, dass hier eine alte Pa\u00dfstrasse \u00fcber die Wasserscheide\u00a0 nach Frankreich verlaufen ist. Der n\u00e4chste Johanniterort in Frankreich hei\u00dft Valentigney. Er liegt am Ufer ds Doubs und ist 33 Km von Friesen entfernt.<\/p>\n<h1>3 Fazit: Die Ritterstra\u00dfen im Elsass<\/h1>\n<h2>3.1 Der Deutsche Orden<\/h2>\n<p>Die Stra\u00dfe der <strong>Deutschordensritter<\/strong> beginnt in <strong>Wissembourg.<\/strong> Von dort sind es nach <strong>Strasbourg<\/strong> 60 Km und weitere 30 Km nach <strong>Boersch<\/strong>. Von hier nach <strong>Kaysersberg <\/strong>sind es 46 Km. Nach 25 Km erreichte man die Kommende <strong>Rouffach<\/strong>, nach weiteren 31 Km die Kommende <strong>Rixheim<\/strong> und schlie\u00dflich &#8211; innerhalb von 27 Km &#8211; die Kommende von <strong>Basel<\/strong>.<\/p>\n<h2>3.2 Die Johanniter<\/h2>\n<p>Die Stra\u00dfe der <strong>Johanniter<\/strong> beginnt in <strong>Wissembourg.<\/strong> Von dort sind es nach <strong>Haguenau<\/strong> 30 Km und weitere 30 Km nach <strong>Strasbourg.\u00a0 <\/strong>Sodann betr\u00e4gt die Distanz nach <strong>Rhinau<\/strong> 31 Km und weitere 23 Km sind es nach <strong>S\u00e9lestat<\/strong>. In 24 Km ist man von dort in <strong>Colmar<\/strong>. Nach 27 Km erreicht man die Kommende <strong>Soultz <\/strong>und nach weiteren 40 Km die Kommende <strong>Mulhouse<\/strong>. Hier verzweigen sich die Johanniterstra\u00dfen. In s\u00fcdwestlicher Richtung erreicht man\u00a0 nach 29 Km <strong>Valentigney<\/strong> und in s\u00fcd\u00f6stlicher Richtung nach 27 Km die Kommende von <strong>Basel<\/strong>.<\/p>\n<p>Man stellt fest, dass diese Commanderien jeweils 1. mit mindestens drei anderen in einer Linie aufgereiht sind, deren Ausgangspunkt 2. eine strategisch bedeutsame \u00d6rtlichkeit darstellt und sich schlie\u00dflich 3. in\u00a0 &#8211; sehr bequemen &#8211; Tagesetappen von ca. 30 Km Distanz zur n\u00e4chsten Station befinden. Die Regeldistanz von 20 bis 30 Km wird bei den Deutschordensrittern im Elsass in zwei F\u00e4llen nicht eingehalten. Jedoch trifft man durchaus \u00f6fters auf solche 60 Km Etappen, etwa zwischen Fritzlar und Marburg (DO), oder zwischen Wiesenfeld unjd Grebenau, sowie Grebenau und Nidda (Johanniter). 60 Kilometer sind per Pferd oder Kutsche sicher zu schaffen. Offenbar war es nicht \u00fcberall erforderlich oder erw\u00fcnscht, die Idealdistanz von 30 Km einzuhalten.<\/p>\n<p>Nach der Eingangs vertretenen Definition wird man folglich hier von der Existenz von Stra\u00dfen der Deutschordensritter und der Johanniter auszugehen haben, die den ganzen Elsass abdecken und von Wissembourg nach Basel f\u00fchren.<\/p>\n<h2>3.3 Die Templer<\/h2>\n<p>Die Templer hingegen sind im Elsass &#8211; wie auch im \u00fcbrigen Deutschen Kaiserreich sp\u00e4rlicher vertreten. Ihr Verbreitungsgebiet focussierte sich deutlich eher auf den frankophonen Sprachraum. Dennoch findet man vier Einrichtungen der Templer wie an einer von Norden nach S\u00fcden aufgereihten Kette mit Distanzen von 25 bis 29 Kilometern, n\u00e4mlich Bouxwiller, Westhoffen, Andlau und Bergheim:<\/p>\n<p style=\"text-align: center;\"><a href=\"http:\/\/menzendorff.de\/wp-content\/uploads\/2012\/02\/Templer-Elsass.png\"><img loading=\"lazy\" class=\"size-full wp-image-2584 aligncenter\" src=\"http:\/\/menzendorff.de\/wp-content\/uploads\/2012\/02\/Templer-Elsass.png\" alt=\"\" width=\"402\" height=\"623\" srcset=\"http:\/\/menzendorff.de\/wp-content\/uploads\/2012\/02\/Templer-Elsass.png 402w, http:\/\/menzendorff.de\/wp-content\/uploads\/2012\/02\/Templer-Elsass-194x300.png 194w\" sizes=\"(max-width: 402px) 100vw, 402px\" \/><\/a><\/p>\n<p style=\"text-align: center;\">Da eine zuf\u00e4llige Anordnung hier wohl nicht in Betracht kommt, handelt es sich um eine Templerstrasse im Elsass.<\/p>\n<p>Die gro\u00dfe H\u00e4ufigkeit von Einrichtungen der Ritterorden im Elsass beruht vor allem auf der Tatsache, dass die linksrheinische Wegverbindung von Basel \u00fcber Mainz nach K\u00f6ln wohl zu allen Zeiten eine Fernstra\u00dfe von \u00fcberragender Bedeutung dargestellt hat.<\/p>\n<p>&nbsp;<\/p>\n<p>&nbsp;<\/p>\n<p>&nbsp;<\/p>\n<p>&nbsp;<\/p>\n<p>&nbsp;<\/p>\n<p>&nbsp;<\/p>\n<p>&nbsp;<\/p>\n<p>&nbsp;<\/p>\n<p>&nbsp;<\/p>\n<p>&nbsp;<\/p>\n<p>&nbsp;<\/p>\n<p>&nbsp;<\/p>\n","protected":false},"excerpt":{"rendered":"<p>1. Bas-Rhin Im Elsass waren alle drei Ritterorden recht zahlreich vertreten. Zur besseren \u00dcbersicht habe ich die beiden Departements getrennt dargestellt. Wir beginnen im Norden mit dem Department Bas-Rhin. Es entsteht der Eindruck, dass sich die Templer mit den Deutschordensrittern die westlichere Trasse von Bouxwiller nach S\u00e9lestat &#8222;aufgeteilt&#8220; haben, w\u00e4hrend sich die &#8222;Stra\u00dfe&#8220; der Johanniter [&hellip;]<\/p>\n","protected":false},"author":2,"featured_media":0,"comment_status":"open","ping_status":"open","sticky":false,"template":"","format":"standard","meta":[],"categories":[5],"tags":[],"_links":{"self":[{"href":"http:\/\/menzendorff.de\/index.php?rest_route=\/wp\/v2\/posts\/2450"}],"collection":[{"href":"http:\/\/menzendorff.de\/index.php?rest_route=\/wp\/v2\/posts"}],"about":[{"href":"http:\/\/menzendorff.de\/index.php?rest_route=\/wp\/v2\/types\/post"}],"author":[{"embeddable":true,"href":"http:\/\/menzendorff.de\/index.php?rest_route=\/wp\/v2\/users\/2"}],"replies":[{"embeddable":true,"href":"http:\/\/menzendorff.de\/index.php?rest_route=%2Fwp%2Fv2%2Fcomments&post=2450"}],"version-history":[{"count":46,"href":"http:\/\/menzendorff.de\/index.php?rest_route=\/wp\/v2\/posts\/2450\/revisions"}],"predecessor-version":[{"id":2938,"href":"http:\/\/menzendorff.de\/index.php?rest_route=\/wp\/v2\/posts\/2450\/revisions\/2938"}],"wp:attachment":[{"href":"http:\/\/menzendorff.de\/index.php?rest_route=%2Fwp%2Fv2%2Fmedia&parent=2450"}],"wp:term":[{"taxonomy":"category","embeddable":true,"href":"http:\/\/menzendorff.de\/index.php?rest_route=%2Fwp%2Fv2%2Fcategories&post=2450"},{"taxonomy":"post_tag","embeddable":true,"href":"http:\/\/menzendorff.de\/index.php?rest_route=%2Fwp%2Fv2%2Ftags&post=2450"}],"curies":[{"name":"wp","href":"https:\/\/api.w.org\/{rel}","templated":true}]}}