{"id":2906,"date":"2019-10-01T17:01:13","date_gmt":"2019-10-01T15:01:13","guid":{"rendered":"http:\/\/menzendorff.de\/?p=2906"},"modified":"2022-01-23T10:09:24","modified_gmt":"2022-01-23T08:09:24","slug":"2019-mai-die-via-francigena-der-templer-in-italien","status":"publish","type":"post","link":"http:\/\/menzendorff.de\/?p=2906","title":{"rendered":"2019, Die Via Francigena der Templer und Johanniter in Italien"},"content":{"rendered":"<p>Schon bei meiner ersten <a href=\"http:\/\/menzendorff.de\/?p=881\" target=\"_blank\" rel=\"noopener\">Templerreise nach Italien im Jahre 2016<\/a> habe ich festgestellt, dass einige Einrichtungen der Templer entlang der Via Francigena aufgestellt waren, und zwar im Piemont (mit Livorno-Ferraris und Casale-Montferrato) und in der Toskana (San Gimignano). Ein Zufall war auszuschlie\u00dfen, zumal das Ph\u00e4nomen auch in anderen Regionen sicher nachweisbar ist (z.B. die Strecke von Arras nach Reims und die Strecke vom Burgund bis ins Jura).&nbsp; Nach der Literatur liegen die drei Templerorte San Gimignano, Poggibonsi und Siena an einer sogenannten Variante der Via Francigena. Darauf wird in den genannten Orten teilweise auch mit Schildern hingewiesen. Die drei Orte liegen im Landesinneren recht eng beieinander, aber in einer Reihe, die auf Rom zielt. Ich hatte diese schon in meinem Beitrag vom <a href=\"http:\/\/menzendorff.de\/?p=2752\" target=\"_blank\" rel=\"noopener\">September 2017<\/a> dokumentiert. Einen zweiten Zweig dieser wichtigen Fernverbindung (von Canterbury bis nach Rom) vermutete ich weiter \u00f6stlich, denn es&nbsp; gab Templersitze in Pistoia und Florenz.<\/p>\n<p>Es erschien hilfreich, zu Beginn der Untersuchungen die St\u00e4tten der Ordensritter in einer Landkarte grafisch zu markieren. Zum Vergr\u00f6\u00dfern der Karte bitte daraufklicken.<\/p>\n<p><a href=\"http:\/\/menzendorff.de\/wp-content\/uploads\/2019\/10\/Screenshot-2019-10-03-14.49.39.png\"><img loading=\"lazy\" class=\"alignleft size-large wp-image-3312\" src=\"http:\/\/menzendorff.de\/wp-content\/uploads\/2019\/10\/Screenshot-2019-10-03-14.49.39-1024x754.png\" alt=\"\" width=\"625\" height=\"460\" srcset=\"http:\/\/menzendorff.de\/wp-content\/uploads\/2019\/10\/Screenshot-2019-10-03-14.49.39-1024x754.png 1024w, http:\/\/menzendorff.de\/wp-content\/uploads\/2019\/10\/Screenshot-2019-10-03-14.49.39-300x221.png 300w, http:\/\/menzendorff.de\/wp-content\/uploads\/2019\/10\/Screenshot-2019-10-03-14.49.39-768x566.png 768w, http:\/\/menzendorff.de\/wp-content\/uploads\/2019\/10\/Screenshot-2019-10-03-14.49.39-624x460.png 624w, http:\/\/menzendorff.de\/wp-content\/uploads\/2019\/10\/Screenshot-2019-10-03-14.49.39.png 1135w\" sizes=\"(max-width: 625px) 100vw, 625px\" \/><\/a><\/p>\n<p>&nbsp;<\/p>\n<p>Ich konnte f\u00fcr ein verl\u00e4ngertes Wochenende im Mai wieder die Wohnung in Massa benutzen. Eine willkommene Gelegenheit, die Templerorte in der Toskana aufzusuchen, die in meiner Sammlung immer noch fehlten.&nbsp;Die Untersuchung dieser \u00f6stliche Variante hatte ich mir f\u00fcr dieses Mal vorgenommen. Um es vorwegzunehmen: Ich habe im Mai nicht alles geschafft. Der Rest wurde im ohnehin geplanten Familienurlaub im September 2019 nachgeholt und hier mitverarbeitet.<\/p>\n<h1>1. Exkurs<\/h1>\n<p>Auch am ersten Abend dieses Besuches wurde ich wieder von meiner befreundeten Familie mit offenen Armen und einem leckeren Abendessen empfangen und wir hatten uns viel zu erz\u00e4hlen. Danke vielmals an Familie Del Giudice in Massa.<\/p>\n<p>Erstmal stand Tanken (habe ich schon erz\u00e4hlt, dass das Menzomobil II f\u00fcr die 900 Km von Frankfurt nach Massa genau eine Tankf\u00fcllung braucht?) und Fr\u00fchst\u00fccken auf der Tagesordnung. Die Croissants im n\u00e4chstliegenden Caf\u00e9 neben der Tankstelle im Industriegebiet waren frisch und lecker, der Cappucchino <strong>\u00fcberirdisch<\/strong>. Dann noch schnell in einem Carrefour-Supremarch\u00e9 einkaufen, was man so f\u00fcr die n\u00e4chsten drei Tage brauchen w\u00fcrde und das Moretti-Bier in den K\u00fchlschrank gelegt. Jetzt konnte die Templerjagd wieder losgehen.<\/p>\n<h2>1. Pistoia<\/h2>\n<p>Es sind 90 Km nach Pistoia, einer 90.000 Seelen Stadt in der Toskana. Ich hatte mein Ziel schnell und einfach mit dem Navi gefunden und ein Parkplatz wurde gerade um die Ecke frei.<\/p>\n<p><a href=\"http:\/\/menzendorff.de\/wp-content\/uploads\/2019\/05\/DSC_0005.jpg\"><img loading=\"lazy\" class=\"alignleft size-large wp-image-2908\" src=\"http:\/\/menzendorff.de\/wp-content\/uploads\/2019\/05\/DSC_0005-1024x675.jpg\" alt=\"\" width=\"625\" height=\"412\" srcset=\"http:\/\/menzendorff.de\/wp-content\/uploads\/2019\/05\/DSC_0005-1024x675.jpg 1024w, http:\/\/menzendorff.de\/wp-content\/uploads\/2019\/05\/DSC_0005-300x198.jpg 300w, http:\/\/menzendorff.de\/wp-content\/uploads\/2019\/05\/DSC_0005-768x506.jpg 768w, http:\/\/menzendorff.de\/wp-content\/uploads\/2019\/05\/DSC_0005-624x411.jpg 624w\" sizes=\"(max-width: 625px) 100vw, 625px\" \/><\/a><\/p>\n<p style=\"text-align: center;\"><strong>San Giovanni del Tempio<\/strong>, Via del Nemoreto, 51100 <strong>Pistoia<\/strong><\/p>\n<p><a href=\"http:\/\/menzendorff.de\/wp-content\/uploads\/2019\/05\/DSC_0008.jpg\"><img loading=\"lazy\" class=\"alignleft size-large wp-image-2909\" src=\"http:\/\/menzendorff.de\/wp-content\/uploads\/2019\/05\/DSC_0008-1024x683.jpg\" alt=\"\" width=\"625\" height=\"417\" srcset=\"http:\/\/menzendorff.de\/wp-content\/uploads\/2019\/05\/DSC_0008-1024x683.jpg 1024w, http:\/\/menzendorff.de\/wp-content\/uploads\/2019\/05\/DSC_0008-300x200.jpg 300w, http:\/\/menzendorff.de\/wp-content\/uploads\/2019\/05\/DSC_0008-768x512.jpg 768w, http:\/\/menzendorff.de\/wp-content\/uploads\/2019\/05\/DSC_0008-624x416.jpg 624w\" sizes=\"(max-width: 625px) 100vw, 625px\" \/><\/a><\/p>\n<p>Nach Capone et. al, S. 133 diente diese Templerstation dem Pilgerschutz f\u00fcr zwei P\u00e4sse, die im Zusammenhang mit der Via Francigena stehen sollen. Sie habe zun\u00e4chst ausserhalb der Stadtmauern gestanden, sei jedoch sp\u00e4ter innerhalb eines zweiten Mauerringes gelangt. Urspr\u00fcnglich m\u00fcsse es sich um eine isolierte Zone gehandelt haben, die im Wald gelegen sei, an einer Furt \u00fcber einen Wasserlauf. Der Name der Strasse &#8222;Nemoreto&#8220; erinnere an den Wald (nemus, nemoris = lat. Wald). Die Templerkirche ist aussen wie innen barockisiert worden und es erinnere nichts mehr an die Templer. Innen sei ein Bildnis der&nbsp; Madonna zu sehen, dem Wundert\u00e4tiges nachgesagt werde. Hineingelangen konnte man nicht. Die Besitzer des Caf\u00e9s, in dem ich meinen Espressospiegel nachjustierte, sagten, es sei bedauerlich, aber die Kirche sei wohl f\u00fcr immer verschlossen. Das Dach sei einsturzgef\u00e4hrdet und es fehle an Geld.<\/p>\n<p>Die Madonna (mit pr\u00e4chtigem Johanniterstern) kann man bei <a href=\"https:\/\/www.google.com\/maps\/place\/San+Giovanni+Decollato\/@43.9315593,10.9215928,3a,75y,90t\/data=!3m8!1e2!3m6!1sAF1QipPhbeDRRkzMR8e4JBBhVAvtj-qN2gzhzzchvihD!2e10!3e12!6shttps:%2F%2Flh5.googleusercontent.com%2Fp%2FAF1QipPhbeDRRkzMR8e4JBBhVAvtj-qN2gzhzzchvihD%3Dw203-h270-k-no!7i3024!8i4032!4m13!1m7!3m6!1s0x132a8bbd9c722b6f:0xdecb1d7aebe37391!2sVia+del+Nemoreto,+51100+Pistoia+PT,+Italien!3b1!8m2!3d43.9316255!4d10.9210418!3m4!1s0x132a8bbd9c1f786b:0x54e76aa6683c9a8f!8m2!3d43.9316767!4d10.9211048\" target=\"_blank\" rel=\"noopener\">Wikipedia<\/a> bestaunen.<\/p>\n<p><a href=\"http:\/\/menzendorff.de\/wp-content\/uploads\/2019\/05\/DSC_0013.jpg\"><img loading=\"lazy\" class=\"alignleft size-large wp-image-2910\" src=\"http:\/\/menzendorff.de\/wp-content\/uploads\/2019\/05\/DSC_0013-1024x683.jpg\" alt=\"\" width=\"625\" height=\"417\" srcset=\"http:\/\/menzendorff.de\/wp-content\/uploads\/2019\/05\/DSC_0013-1024x683.jpg 1024w, http:\/\/menzendorff.de\/wp-content\/uploads\/2019\/05\/DSC_0013-300x200.jpg 300w, http:\/\/menzendorff.de\/wp-content\/uploads\/2019\/05\/DSC_0013-768x512.jpg 768w, http:\/\/menzendorff.de\/wp-content\/uploads\/2019\/05\/DSC_0013-624x416.jpg 624w\" sizes=\"(max-width: 625px) 100vw, 625px\" \/><\/a><\/p>\n<p>Ein paar Schritte neben dieser Kirche kann man noch eine Kapelle aus dem Mittelalter bestaunen, \u00fcber die merkw\u00fcrdigerweise nichts zu erfahren war. Hatte diese Kapelle vielleicht etwas mit den Templern zu tun? Jedenfalls stand sie zur Templerzeit schon dort. Ich habe sie deshalb vorsorglich ebenfalls hier eingestellt, denn die beiden Gottesh\u00e4user bildeten jedenfalls ein Ensemble au\u00dferhalb der mittelalterlichen Stadtmauer.<\/p>\n<h2>2. Prato<\/h2>\n<p>Von meinem Freund Ernest Andreoni, der sich auch sehr f\u00fcr Geschichte und Architektur interessiert, erfuhr ich, dass an einem Portal des Doms von Prato r\u00e4tselhafte Symbole zu finden seien, die von manchen f\u00fcr Templersymbole gehalten werden. Das mu\u00dfte ich mir mit eigenen Augen ansehen.<\/p>\n<p><a href=\"http:\/\/menzendorff.de\/wp-content\/uploads\/2019\/05\/DSC_0027.jpg\"><img loading=\"lazy\" class=\"alignleft size-large wp-image-2911\" src=\"http:\/\/menzendorff.de\/wp-content\/uploads\/2019\/05\/DSC_0027-1024x683.jpg\" alt=\"\" width=\"625\" height=\"417\" srcset=\"http:\/\/menzendorff.de\/wp-content\/uploads\/2019\/05\/DSC_0027-1024x683.jpg 1024w, http:\/\/menzendorff.de\/wp-content\/uploads\/2019\/05\/DSC_0027-300x200.jpg 300w, http:\/\/menzendorff.de\/wp-content\/uploads\/2019\/05\/DSC_0027-768x512.jpg 768w, http:\/\/menzendorff.de\/wp-content\/uploads\/2019\/05\/DSC_0027-624x416.jpg 624w\" sizes=\"(max-width: 625px) 100vw, 625px\" \/><\/a><\/p>\n<p>Die Kathedrale ist eine der \u00e4ltesten Kirchen der Stadt. Sie wird erstmals ab dem 10. Jahrhundert erw\u00e4hnt, h\u00f6chstwahrscheinlich wurde sie aber schon im 5. Jahrhundert erbaut (<a href=\"https:\/\/de.wikipedia.org\/wiki\/Dom_von_Prato\" target=\"_blank\" rel=\"noopener\">Wikipedia<\/a>). Wie bei wohl den meisten gro\u00dfen Gottesh\u00e4usern der Toskana wurde f\u00fcr auch hier vor allem wei\u00dfer und gr\u00fcner Marmor f\u00fcr den Bau verwendet.<\/p>\n<p><a href=\"http:\/\/menzendorff.de\/wp-content\/uploads\/2019\/05\/DSC_0049.jpg\"><img loading=\"lazy\" class=\"alignleft size-large wp-image-2916\" src=\"http:\/\/menzendorff.de\/wp-content\/uploads\/2019\/05\/DSC_0049-1024x676.jpg\" alt=\"\" width=\"625\" height=\"413\" srcset=\"http:\/\/menzendorff.de\/wp-content\/uploads\/2019\/05\/DSC_0049-1024x676.jpg 1024w, http:\/\/menzendorff.de\/wp-content\/uploads\/2019\/05\/DSC_0049-300x198.jpg 300w, http:\/\/menzendorff.de\/wp-content\/uploads\/2019\/05\/DSC_0049-768x507.jpg 768w, http:\/\/menzendorff.de\/wp-content\/uploads\/2019\/05\/DSC_0049-624x412.jpg 624w\" sizes=\"(max-width: 625px) 100vw, 625px\" \/><\/a><\/p>\n<p>Der Blick auf den Ostchor ist atemberaubend. Leider ist es nur schwer m\u00f6glich, diese Pracht mit einfachen Mitteln fotografisch einzufangen (Blitzlicht ist nicht gestattet).<\/p>\n<p>Hier ist es nun, das r\u00e4tselhafte S\u00fcdportal mit den Symbolen.<\/p>\n<p><a href=\"http:\/\/menzendorff.de\/wp-content\/uploads\/2019\/05\/DSC_0035.jpg\"><img loading=\"lazy\" class=\"alignleft size-large wp-image-2912\" src=\"http:\/\/menzendorff.de\/wp-content\/uploads\/2019\/05\/DSC_0035-683x1024.jpg\" alt=\"\" width=\"625\" height=\"937\" srcset=\"http:\/\/menzendorff.de\/wp-content\/uploads\/2019\/05\/DSC_0035-683x1024.jpg 683w, http:\/\/menzendorff.de\/wp-content\/uploads\/2019\/05\/DSC_0035-200x300.jpg 200w, http:\/\/menzendorff.de\/wp-content\/uploads\/2019\/05\/DSC_0035-768x1152.jpg 768w, http:\/\/menzendorff.de\/wp-content\/uploads\/2019\/05\/DSC_0035-624x936.jpg 624w\" sizes=\"(max-width: 625px) 100vw, 625px\" \/><\/a><\/p>\n<p>Es wird spekuliert, dass die Zahlen 5 (links) und 8 (rechts) hervorgehoben werden sollten. In der Tat sieht man links drei Reihen von je 5 Rechtecken. Darunter f\u00e4llt ein f\u00fcnfeckiger Stern auf. So etwas ist m.E. in katholischen Kirchen eher selten anzutreffen.<\/p>\n<p>&#8222;Das &#8230;. Pentagramm, ein f\u00fcnfzackiger Stern, f\u00fchrt zu Irritationen und Diskussionen. Der F\u00fcnfstern, auch \u201eDrudenfu\u00df\u201c genannt, ist in der katholischen Welt umstritten. Er wurde in den vergangenen 250 Jahren vor allem von den Freimaurern als magisches Zeichen benutzt und symbolisierte dort Beine, Arme und Kopf des sich selbst gen\u00fcgenden Menschen, der keinen Gott braucht. Andere Mystiker wiederum sahen in den f\u00fcnf Zacken das Zeichen f\u00fcr die f\u00fcnf Wunden Christi.&#8220; Quelle: <a href=\"https:\/\/www.augsburger-allgemeine.de\/guenzburg\/Ein-Stern-macht-Schlagzeilen-id28209177.html\" target=\"_blank\" rel=\"noopener\">Augsburger Allgemeine.<\/a><\/p>\n<p>Wenden wir uns der rechten S\u00e4ule zu, die die 8 repr\u00e4sentieren soll:<\/p>\n<p><a href=\"http:\/\/menzendorff.de\/wp-content\/uploads\/2019\/05\/DSC_0045.jpg\"><img loading=\"lazy\" class=\"alignleft size-large wp-image-2914\" src=\"http:\/\/menzendorff.de\/wp-content\/uploads\/2019\/05\/DSC_0045-683x1024.jpg\" alt=\"\" width=\"625\" height=\"937\" srcset=\"http:\/\/menzendorff.de\/wp-content\/uploads\/2019\/05\/DSC_0045-683x1024.jpg 683w, http:\/\/menzendorff.de\/wp-content\/uploads\/2019\/05\/DSC_0045-200x300.jpg 200w, http:\/\/menzendorff.de\/wp-content\/uploads\/2019\/05\/DSC_0045-768x1152.jpg 768w, http:\/\/menzendorff.de\/wp-content\/uploads\/2019\/05\/DSC_0045-624x936.jpg 624w\" sizes=\"(max-width: 625px) 100vw, 625px\" \/><\/a><\/p>\n<p>Das oberste Symbol d\u00fcrfte eine Windrose darstellen (acht Himmelsrichtungen). Das darunterliegende Kreuz erinnert in der Tat an das Tatzenkreuz der Templer (acht Spitzen). Darunter befindet sich eine &#8222;Kette&#8220; mit acht Karos. Und die Darstellung \u00e4hnelt einem Fresko in der ber\u00fchmten Templerkirche von Montsaun\u00e8s, Haute-Garonne, Occitanie:<\/p>\n<p style=\"text-align: center;\"><a href=\"http:\/\/menzendorff.de\/wp-content\/uploads\/2017\/05\/Screenshot-2019-09-18-20.20.33.png\"><img loading=\"lazy\" class=\"size-full wp-image-3257 aligncenter\" src=\"http:\/\/menzendorff.de\/wp-content\/uploads\/2017\/05\/Screenshot-2019-09-18-20.20.33.png\" alt=\"\" width=\"345\" height=\"613\" srcset=\"http:\/\/menzendorff.de\/wp-content\/uploads\/2017\/05\/Screenshot-2019-09-18-20.20.33.png 345w, http:\/\/menzendorff.de\/wp-content\/uploads\/2017\/05\/Screenshot-2019-09-18-20.20.33-169x300.png 169w\" sizes=\"(max-width: 345px) 100vw, 345px\" \/><\/a><\/p>\n<p style=\"text-align: center;\">Quelle: <a href=\"http:\/\/www.templerlexikon.uni-hamburg.de\/Templersymbole%20%96%20Templerarchitektur-2.pdf\" target=\"_blank\" rel=\"noopener\">Templerlexikon<\/a><\/p>\n<p>Wann wurden diese Symbole angebracht? Und von wem? Nach <a href=\"https:\/\/de.wikipedia.org\/wiki\/Dom_von_Prato\" target=\"_blank\" rel=\"noopener\">Wikipedia<\/a>:&nbsp; wurde die heutige Fassade im Jahre 1386 von <a class=\"new\" title=\"Lorenzo di Filippo (Seite nicht vorhanden)\" href=\"https:\/\/de.wikipedia.org\/w\/index.php?title=Lorenzo_di_Filippo&amp;action=edit&amp;redlink=1\">Lorenzo di Filippo<\/a> geschaffen. Zu diesem Zeitpunkt war der Templerorden l\u00e4ngst aufgel\u00f6st (1314) und auch die letzten ehemaligen Ordensmitglieder &#8211; die ihr Gnadenbrot zumeist in ihrem letzten Aufenthaltsort in aller Ruhe und Abgeschiedenheit geniessen durften (au\u00dfer in Frankreich kam kein Templer auf den Scheiterhaufen)&nbsp; &#8211; waren wohl l\u00e4ngst verstorben.<\/p>\n<p>Dass es in Prato etwa eine &#8222;Geheimgesellschaft&#8220; gegeben h\u00e4tte, die das &#8222;Templerwesen&#8220; f\u00fcr die Zukunft&nbsp; erhalten oder fortgef\u00fchrt haben sollte, ist nicht belegt und in hohem Masse unglaubw\u00fcrdig. Dass die Templer irgendetwas mit &#8222;Zahlenmagie&#8220; zu tun gehabt h\u00e4tten, ist meines Erachtens auch eher esoterisches Wunschdenken, hier ein <a href=\"http:\/\/www.kristallheilungszentrum.de\/index.php\/pilgerreisen\/6-pilgerreise-die-7-templerkapellen?showall=&amp;start=1\" target=\"_blank\" rel=\"noopener\">Beispiel<\/a> zeigt. Auch die Alchimie hat in Westeuropa im ausgehenden Mittelalter erst eingesetzt. Ich will hier nicht weiter vertiefen, das w\u00fcrde den Rahmen sprengen.<\/p>\n<p>Auf der offiziellen Homepage der Stadt Prato fand ich einen&nbsp; kurzen Bericht \u00fcber dieses Portal, der einen Bezug zum Templerorden immerhin andeutet:<\/p>\n<p>&#8222;L\u2019idea che a Prato sia passata l\u2019influenza templare, rende la citt\u00e0 legata ad un velo di intrigante segretezza. &#8220; Quelle: <a href=\"http:\/\/www.cittadiprato.it\/IT\/Sezioni\/482\/Sulle-tracce-dellErmetismo-Templare\/\" target=\"_blank\" rel=\"noopener\">Citt\u00e0 di Prato<\/a><\/p>\n<p>Meine \u00dcbersetzung, ohne Gew\u00e4hr:<\/p>\n<p><span dir=\"ltr\"><span class=\"_3l3x\">&#8222;Die Idee, dass in Prato unter den Einflu\u00df der Templer gestanden haben k\u00f6nnte, verbindet die Stadt mit dem Schleier eines faszinierenden Geheimnisses.&#8220; <\/span><\/span><\/p>\n<p><span dir=\"ltr\"><span class=\"_3l3x\">Also auch hier nur Spekulationen. <\/span><\/span>In der Literatur habe ich bisher keinen Hinweis gefunden, der das best\u00e4tigt h\u00e4tte.<\/p>\n<p>F\u00fcr meine Theorie, dass hier eine Pilgerstrasse durchgelaufen ist, reicht mir vorl\u00e4ufig die Erkenntnis, dass die Ritterorden sich im 13. Jhr. die Beschirmung von Stra\u00dfen auch anderenorts h\u00e4ufig geteilt haben (Nordhessen, Elsa\u00df und Lothringen).<\/p>\n<p>Und ich habe &#8211; leider erst nach der R\u00fcckkehr &#8211; erfahren, dass jedenfalls die Johanniter in Prato tats\u00e4chlich eine Niederlassung unterhielten.<\/p>\n<p style=\"text-align: center;\"><a href=\"http:\/\/menzendorff.de\/wp-content\/uploads\/2017\/05\/Screenshot-2019-09-23-16.43.59.png\"><img loading=\"lazy\" class=\"size-full wp-image-3268 aligncenter\" src=\"http:\/\/menzendorff.de\/wp-content\/uploads\/2017\/05\/Screenshot-2019-09-23-16.43.59.png\" alt=\"\" width=\"495\" height=\"548\" srcset=\"http:\/\/menzendorff.de\/wp-content\/uploads\/2017\/05\/Screenshot-2019-09-23-16.43.59.png 495w, http:\/\/menzendorff.de\/wp-content\/uploads\/2017\/05\/Screenshot-2019-09-23-16.43.59-271x300.png 271w\" sizes=\"(max-width: 495px) 100vw, 495px\" \/><\/a>Zustand 1990<\/p>\n<p style=\"text-align: center;\"><a href=\"http:\/\/menzendorff.de\/wp-content\/uploads\/2017\/05\/Screenshot-2019-09-23-16.44.18.png\"><img loading=\"lazy\" class=\"size-full wp-image-3269 aligncenter\" src=\"http:\/\/menzendorff.de\/wp-content\/uploads\/2017\/05\/Screenshot-2019-09-23-16.44.18.png\" alt=\"\" width=\"433\" height=\"547\" srcset=\"http:\/\/menzendorff.de\/wp-content\/uploads\/2017\/05\/Screenshot-2019-09-23-16.44.18.png 433w, http:\/\/menzendorff.de\/wp-content\/uploads\/2017\/05\/Screenshot-2019-09-23-16.44.18-237x300.png 237w\" sizes=\"(max-width: 433px) 100vw, 433px\" \/><\/a>Quelle:&nbsp; Bericht des <a href=\"http:\/\/www.crprato.it\/sito\/index.php?option=com_content&amp;view=article&amp;id=211&amp;Itemid=152&amp;jjj=1557764341807\" target=\"_blank\" rel=\"noopener\">Centro Ricerche Prato<\/a> mit Fotos vor der Renovierung.<\/p>\n<p>Da wir ohnehin f\u00fcr September einen Familienurlaub in der Toskana geplant haben, mu\u00dfte dieser Bericht noch etwas warten. Und hier ist sie nun, die Johanniterkapelle von Prato:<a href=\"http:\/\/menzendorff.de\/wp-content\/uploads\/2017\/05\/DSC_0213.jpg\"><img loading=\"lazy\" class=\"alignleft size-large wp-image-3260\" src=\"http:\/\/menzendorff.de\/wp-content\/uploads\/2017\/05\/DSC_0213-1024x683.jpg\" alt=\"\" width=\"625\" height=\"417\" srcset=\"http:\/\/menzendorff.de\/wp-content\/uploads\/2017\/05\/DSC_0213-1024x683.jpg 1024w, http:\/\/menzendorff.de\/wp-content\/uploads\/2017\/05\/DSC_0213-300x200.jpg 300w, http:\/\/menzendorff.de\/wp-content\/uploads\/2017\/05\/DSC_0213-768x512.jpg 768w, http:\/\/menzendorff.de\/wp-content\/uploads\/2017\/05\/DSC_0213-624x416.jpg 624w\" sizes=\"(max-width: 625px) 100vw, 625px\" \/><\/a><\/p>\n<p>&nbsp;<\/p>\n<p style=\"text-align: center;\">Die Adresse lautet Via San Giovanni 9, 59100 Prato.<\/p>\n<p>In diesem Geb\u00e4ude finden heute regelm\u00e4\u00dfig Kunst- und Musikveranstaltungen statt. Ich mu\u00df sagen, eine w\u00fcrdevolle Art des Geb\u00e4uderecylings.<\/p>\n<p><a href=\"http:\/\/menzendorff.de\/wp-content\/uploads\/2017\/05\/DSC_0214.jpg\"><img loading=\"lazy\" class=\"alignleft size-large wp-image-3261\" src=\"http:\/\/menzendorff.de\/wp-content\/uploads\/2017\/05\/DSC_0214-683x1024.jpg\" alt=\"\" width=\"625\" height=\"937\" srcset=\"http:\/\/menzendorff.de\/wp-content\/uploads\/2017\/05\/DSC_0214-683x1024.jpg 683w, http:\/\/menzendorff.de\/wp-content\/uploads\/2017\/05\/DSC_0214-200x300.jpg 200w, http:\/\/menzendorff.de\/wp-content\/uploads\/2017\/05\/DSC_0214-768x1152.jpg 768w, http:\/\/menzendorff.de\/wp-content\/uploads\/2017\/05\/DSC_0214-624x936.jpg 624w\" sizes=\"(max-width: 625px) 100vw, 625px\" \/><\/a><\/p>\n<p style=\"text-align: center;\">Grossaufnahme<\/p>\n<p><a href=\"http:\/\/menzendorff.de\/wp-content\/uploads\/2017\/05\/DSC_0148-1.jpg\"><img loading=\"lazy\" class=\"alignleft size-large wp-image-3264\" src=\"http:\/\/menzendorff.de\/wp-content\/uploads\/2017\/05\/DSC_0148-1-1024x701.jpg\" alt=\"\" width=\"625\" height=\"428\" srcset=\"http:\/\/menzendorff.de\/wp-content\/uploads\/2017\/05\/DSC_0148-1-1024x701.jpg 1024w, http:\/\/menzendorff.de\/wp-content\/uploads\/2017\/05\/DSC_0148-1-300x205.jpg 300w, http:\/\/menzendorff.de\/wp-content\/uploads\/2017\/05\/DSC_0148-1-768x525.jpg 768w, http:\/\/menzendorff.de\/wp-content\/uploads\/2017\/05\/DSC_0148-1-624x427.jpg 624w\" sizes=\"(max-width: 625px) 100vw, 625px\" \/><\/a><\/p>\n<p style=\"text-align: center;\">Detail: &#8222;Steinmetzarbeiten&#8220; vermutlich im Gu\u00dfziegelverfahren.<\/p>\n<p>Zuf\u00e4llig hatten wir direkt vor der Kapelle einen gr\u00f6sseren Parklplatz gefunden und wurden beim Aussteigen zun\u00e4chst regelrecht erschlagen von dem \u00fcberw\u00e4ltigenden Anblick einer mittelalterlichen Burg mit m\u00e4chtigen T\u00fcrmen und beachtlichen Ausmassen.<\/p>\n<p><a href=\"http:\/\/menzendorff.de\/wp-content\/uploads\/2017\/05\/DSC_0204.jpg\"><img loading=\"lazy\" class=\"alignleft size-large wp-image-3265\" src=\"http:\/\/menzendorff.de\/wp-content\/uploads\/2017\/05\/DSC_0204-1024x683.jpg\" alt=\"\" width=\"625\" height=\"417\" srcset=\"http:\/\/menzendorff.de\/wp-content\/uploads\/2017\/05\/DSC_0204-1024x683.jpg 1024w, http:\/\/menzendorff.de\/wp-content\/uploads\/2017\/05\/DSC_0204-300x200.jpg 300w, http:\/\/menzendorff.de\/wp-content\/uploads\/2017\/05\/DSC_0204-768x512.jpg 768w, http:\/\/menzendorff.de\/wp-content\/uploads\/2017\/05\/DSC_0204-624x416.jpg 624w\" sizes=\"(max-width: 625px) 100vw, 625px\" \/><\/a><\/p>\n<p style=\"text-align: center;\">Castello dell&#8217;Imperatore, Prato, Baubeginn 1240 (<a href=\"https:\/\/it.wikipedia.org\/wiki\/Castello_dell%27Imperatore\" target=\"_blank\" rel=\"noopener\">wikipedia<\/a>)<\/p>\n<p>Es sei noch angemerkt, dass das Johanniterspital nur ca. 100 m (oder weniger) von dieser Burg entfernt liegt. Dazwischen befindet sich nur eine schmale Stra\u00dfe und ein Parkplatz. Die Burg wurde von dem deutschen Kaiser Friedrich II errichtet.<\/p>\n<h2>3. Florenz<\/h2>\n<p>Zwischen Pistoia und Prato liegen 20 km und von da nach Florenz sind es auf direktem Weg nur 17 Km. Die drei St\u00e4dte liegen wie Perlen einer Kette in einer Reihe entlang der Stra\u00dfe auf der Westseite der Apenninnen. In Florenz hatten die Templer erst seit 1252 diese Niederlassung gekauft, die nach den Prozessen um die Aufl\u00f6sung des Ordens letzendlich in die H\u00e4nde der Johanniter fiel. An deren Orden erinnert die Bausubstanz heute mehr.<\/p>\n<p><a href=\"http:\/\/menzendorff.de\/wp-content\/uploads\/2017\/05\/DSC_0075.jpg\"><img loading=\"lazy\" class=\"alignleft size-large wp-image-3273\" src=\"http:\/\/menzendorff.de\/wp-content\/uploads\/2017\/05\/DSC_0075-1024x683.jpg\" alt=\"\" width=\"625\" height=\"417\" srcset=\"http:\/\/menzendorff.de\/wp-content\/uploads\/2017\/05\/DSC_0075-1024x683.jpg 1024w, http:\/\/menzendorff.de\/wp-content\/uploads\/2017\/05\/DSC_0075-300x200.jpg 300w, http:\/\/menzendorff.de\/wp-content\/uploads\/2017\/05\/DSC_0075-768x512.jpg 768w, http:\/\/menzendorff.de\/wp-content\/uploads\/2017\/05\/DSC_0075-624x416.jpg 624w\" sizes=\"(max-width: 625px) 100vw, 625px\" \/><\/a><\/p>\n<p style=\"text-align: center;\">Chiesa di San Jacopo in Campo Corbolini, Via Faenza, Florenz<\/p>\n<p><a href=\"http:\/\/menzendorff.de\/wp-content\/uploads\/2019\/05\/DSC_0073.jpg\"><img loading=\"lazy\" class=\"alignleft size-large wp-image-2919\" src=\"http:\/\/menzendorff.de\/wp-content\/uploads\/2019\/05\/DSC_0073-1024x683.jpg\" alt=\"\" width=\"625\" height=\"417\" srcset=\"http:\/\/menzendorff.de\/wp-content\/uploads\/2019\/05\/DSC_0073-1024x683.jpg 1024w, http:\/\/menzendorff.de\/wp-content\/uploads\/2019\/05\/DSC_0073-300x200.jpg 300w, http:\/\/menzendorff.de\/wp-content\/uploads\/2019\/05\/DSC_0073-768x512.jpg 768w, http:\/\/menzendorff.de\/wp-content\/uploads\/2019\/05\/DSC_0073-624x416.jpg 624w\" sizes=\"(max-width: 625px) 100vw, 625px\" \/><\/a><\/p>\n<p style=\"text-align: center;\">Detail aus der Johanniterzeit<\/p>\n<p><a href=\"http:\/\/menzendorff.de\/wp-content\/uploads\/2019\/05\/DSC_0066.jpg\"><img loading=\"lazy\" class=\"alignleft size-large wp-image-2917\" src=\"http:\/\/menzendorff.de\/wp-content\/uploads\/2019\/05\/DSC_0066-1024x683.jpg\" alt=\"\" width=\"625\" height=\"417\" srcset=\"http:\/\/menzendorff.de\/wp-content\/uploads\/2019\/05\/DSC_0066-1024x683.jpg 1024w, http:\/\/menzendorff.de\/wp-content\/uploads\/2019\/05\/DSC_0066-300x200.jpg 300w, http:\/\/menzendorff.de\/wp-content\/uploads\/2019\/05\/DSC_0066-768x512.jpg 768w, http:\/\/menzendorff.de\/wp-content\/uploads\/2019\/05\/DSC_0066-624x416.jpg 624w\" sizes=\"(max-width: 625px) 100vw, 625px\" \/><\/a><\/p>\n<p style=\"text-align: center;\">Templerkreuze an den Arkaden<\/p>\n<p><a href=\"http:\/\/menzendorff.de\/wp-content\/uploads\/2019\/05\/DSC_0068.jpg\"><img loading=\"lazy\" class=\"alignleft size-large wp-image-2918\" src=\"http:\/\/menzendorff.de\/wp-content\/uploads\/2019\/05\/DSC_0068-1024x683.jpg\" alt=\"\" width=\"625\" height=\"417\" srcset=\"http:\/\/menzendorff.de\/wp-content\/uploads\/2019\/05\/DSC_0068-1024x683.jpg 1024w, http:\/\/menzendorff.de\/wp-content\/uploads\/2019\/05\/DSC_0068-300x200.jpg 300w, http:\/\/menzendorff.de\/wp-content\/uploads\/2019\/05\/DSC_0068-768x512.jpg 768w, http:\/\/menzendorff.de\/wp-content\/uploads\/2019\/05\/DSC_0068-624x416.jpg 624w\" sizes=\"(max-width: 625px) 100vw, 625px\" \/><\/a><\/p>\n<p style=\"text-align: center;\">Wappen der Johanniter \u00fcber dem Haupteingang<\/p>\n<p>Der Regen wurde st\u00e4rker und ich hatte ohnehin keine Lust auf einen Spaziergang durch Florenz, das auch zu dieser Jahreszeit &#8211; wie in jeder anderen &#8211; so \u00fcberlaufen war, da\u00df es mir keinen Spa\u00df machte. Ich hatte auch noch ein paar hundert Kilometer zu fahren und so l\u00f6ste ich mein Auto aus dem nahegelegenen Innenstadtparkhaus (man mu\u00dfte die Schl\u00fcssel abgeben und die Profis parken lassen) wieder aus, um rechtzeitig zum Abendessen in Massa zur\u00fcck zu sein. Wieder war ich bei meinen Freunden zu Gast.<\/p>\n<h1>2. Exkursion<\/h1>\n<h2>2.1 Lucca<\/h2>\n<p>Im Mai dieses Jahres hatte ich mich noch nicht tief mit der Frage besch\u00e4ftigt, ob es in Lucca noch sichtbare \u00dcberreste des Templerordens geben w\u00fcrde. Nach einer Website &#8222;<a href=\"http:\/\/www.ilpuntosulmistero.it\/templari-a-lucca-di-giancarlo-marovelli\/\" target=\"_blank\" rel=\"noopener\">Templari a Lucca<\/a>&#8220;&nbsp; war davon auszugehen, dass der Orden auch hier eine Niederlassung unterhalten hatte. Die Google-Suche nach &#8222;Templari&#8220; und &#8222;Lucca&#8220; ergab zun\u00e4chst nur einen Treffer, einen <a href=\"https:\/\/www.booking.com\/hotel\/it\/corte-dei-templari.de.html?aid=311092;label=corte-dei-templari-Pw2JX%2AnkPeorSejCvHBc7AS39342453324%3Apl%3Ata%3Ap1%3Ap2%3Aac%3Aap1t1%3Aneg%3Afi%3Atikwd-71477152884%3Alp9044403%3Ali%3Adec%3Adm;sid=0fc05cc5b781fff6af03b00d88d80795;dest_id=-120405;dest_type=city;dist=0;group_adults=2;group_children=0;hapos=1;hpos=1;map=1;no_rooms=1;room1=A%2CA;sb_price_type=total;sr_order=popularity;srepoch=1569954835;srpvid=0f428289380a0077;type=total;ucfs=1&amp;#hotelTmpl\" target=\"_blank\" rel=\"noopener\">Hotelbetrieb<\/a> in der Via Franceschini 325 in Lucca. Das liegt au\u00dferhalb der Altstadt. Den Fotos lie\u00df sich nicht entnehmen, ob das ein Fantasiebau war oder etwa eine umgebaute Ex-Komturei. Dass es so etwas gibt, w\u00e4re nicht neu, siehe&nbsp; &#8222;<a href=\"http:\/\/menzendorff.de\/?p=3107\" target=\"_blank\" rel=\"noopener\">Torre del Prior<\/a>&#8220; in Tortosa. Also fuhr ich die Adresse an, sie war nicht weit weg von Massa. Es war also kein gro\u00dfer Umweg. Voil\u00e0, der Corte dei Templari in Lucca:<\/p>\n<p><a href=\"http:\/\/menzendorff.de\/wp-content\/uploads\/2017\/05\/DSC_0079.jpg\"><img loading=\"lazy\" class=\"alignleft size-large wp-image-3279\" src=\"http:\/\/menzendorff.de\/wp-content\/uploads\/2017\/05\/DSC_0079-1024x683.jpg\" alt=\"\" width=\"625\" height=\"417\" srcset=\"http:\/\/menzendorff.de\/wp-content\/uploads\/2017\/05\/DSC_0079-1024x683.jpg 1024w, http:\/\/menzendorff.de\/wp-content\/uploads\/2017\/05\/DSC_0079-300x200.jpg 300w, http:\/\/menzendorff.de\/wp-content\/uploads\/2017\/05\/DSC_0079-768x512.jpg 768w, http:\/\/menzendorff.de\/wp-content\/uploads\/2017\/05\/DSC_0079-624x416.jpg 624w\" sizes=\"(max-width: 625px) 100vw, 625px\" \/><\/a><\/p>\n<p>Die Zinnen sind Disneyland-Ged\u00f6nse. Die gewolbten Gem\u00e4uer sind neuzeitlich. Allerdings ist die Basis der beiden Geb\u00e4ude aus \u00e4lteren Steinen, die den behauenen Feldsteinen aus dem Mittelalter nicht un\u00e4hnlich sind. Die beiden Geb\u00e4ude stehen unmittelbar an einem Wasserlauf, vermutlich einem kanalisierten Flu\u00df, soda\u00df nicht ausgeschlossen werden kann, dass hier fr\u00fcher einmal eine M\u00fchle betrieben worden sein mag. Ich stelle das jetzt blo\u00df mal als ungepr\u00fcfte Hypothese in den Raum.<a href=\"http:\/\/menzendorff.de\/wp-content\/uploads\/2017\/05\/DSC_0080.jpg\"><img loading=\"lazy\" class=\"alignleft size-large wp-image-3280\" src=\"http:\/\/menzendorff.de\/wp-content\/uploads\/2017\/05\/DSC_0080-1024x683.jpg\" alt=\"\" width=\"625\" height=\"417\" srcset=\"http:\/\/menzendorff.de\/wp-content\/uploads\/2017\/05\/DSC_0080-1024x683.jpg 1024w, http:\/\/menzendorff.de\/wp-content\/uploads\/2017\/05\/DSC_0080-300x200.jpg 300w, http:\/\/menzendorff.de\/wp-content\/uploads\/2017\/05\/DSC_0080-768x512.jpg 768w, http:\/\/menzendorff.de\/wp-content\/uploads\/2017\/05\/DSC_0080-624x416.jpg 624w\" sizes=\"(max-width: 625px) 100vw, 625px\" \/><\/a><\/p>\n<p>Die Templer sind daf\u00fcr bekannt, ihre Einnahmen durch das Betreiben von M\u00fchlen vermehrt zu haben und waren damit sehr erfolgreich (prominentes Beispiel: Komturei M\u00fchlen, bei Osthofen (Rh.-Pf.). &#8222;Kein Rauch ohne Feuer&#8220; sagt man, aber zu einer Templer-M\u00fchle in Lucca habe ich bisher nichts gefunden.<\/p>\n<p>Als ich nach der R\u00fcckkehr etwas intensiver recherchierte, fand ich bei <a href=\"https:\/\/it.wikipedia.org\/wiki\/Palazzo_della_Magione_del_Tempio\" target=\"_blank\" rel=\"noopener\">Wikipedia<\/a> heraus, dass die Templer in der Altstadt von Lucca, genauer an der Piazza del Magione Nr. 6, eine Niederlassung unterhalten hatten. &#8222;Magione&#8220; nennen sich auch die Templerh\u00e4user in Siena, San Gimignano und Poggibonsi. Also spazierten wir dorthin, als wir im September wieder die Stadt Lucca aufsuchten.<a href=\"http:\/\/menzendorff.de\/wp-content\/uploads\/2017\/05\/DSC_0219.jpg\"><img loading=\"lazy\" class=\"alignleft size-large wp-image-3281\" src=\"http:\/\/menzendorff.de\/wp-content\/uploads\/2017\/05\/DSC_0219-1024x683.jpg\" alt=\"\" width=\"625\" height=\"417\" srcset=\"http:\/\/menzendorff.de\/wp-content\/uploads\/2017\/05\/DSC_0219-1024x683.jpg 1024w, http:\/\/menzendorff.de\/wp-content\/uploads\/2017\/05\/DSC_0219-300x200.jpg 300w, http:\/\/menzendorff.de\/wp-content\/uploads\/2017\/05\/DSC_0219-768x512.jpg 768w, http:\/\/menzendorff.de\/wp-content\/uploads\/2017\/05\/DSC_0219-624x416.jpg 624w\" sizes=\"(max-width: 625px) 100vw, 625px\" \/><\/a><\/p>\n<p style=\"text-align: center;\">Magione del Tempio, Piazza del Magione 6, Lucca<\/p>\n<p>Aus der Templerzeit war nichts mehr \u00fcbrig. Das ist ein Palast aus dem 16. Jahrhundert, aber nach dem oben mitgeteilten Link &#8222;<a href=\"http:\/\/www.ilpuntosulmistero.it\/templari-a-lucca-di-giancarlo-marovelli\/\" target=\"_blank\" rel=\"noopener\">Templari a Lucca<\/a>&#8220; sei im Untergrund noch etwas von den Templern zu sehen und zu entdecken. Lucca ist in jedem Fall ein Besuch wert. Es ist lange nicht so aufdringlich wie Florenz oder Pisa. Es geht beschaulicher zu und man seiht denoch jede Menge interessante historische Pal\u00e4ste und Kirchen.<\/p>\n<h2>2.2 Pisa<\/h2>\n<p>In Pisa galt es, die <a href=\"https:\/\/it.wikipedia.org\/wiki\/Chiesa_del_Santo_Sepolcro_(Pisa)\" target=\"_blank\" rel=\"noopener\">achteckige Kirche der Johanniter aus dem Mittelalter<\/a> aufzusuchen. Sie befindet sich am S\u00fcdufer des Arno, zwischen der Ponte di Mezzo und der Ponte della Fortezza. Es gibt einige geb\u00fchrenpflichtige Parkpl\u00e4tze an der Uferstrasse Lungano Galileo Galilei.<\/p>\n<p><a href=\"http:\/\/menzendorff.de\/wp-content\/uploads\/2017\/05\/DSC_0101.jpg\"><img loading=\"lazy\" class=\"alignleft size-large wp-image-3288\" src=\"http:\/\/menzendorff.de\/wp-content\/uploads\/2017\/05\/DSC_0101-1024x683.jpg\" alt=\"\" width=\"625\" height=\"417\" srcset=\"http:\/\/menzendorff.de\/wp-content\/uploads\/2017\/05\/DSC_0101-1024x683.jpg 1024w, http:\/\/menzendorff.de\/wp-content\/uploads\/2017\/05\/DSC_0101-300x200.jpg 300w, http:\/\/menzendorff.de\/wp-content\/uploads\/2017\/05\/DSC_0101-768x512.jpg 768w, http:\/\/menzendorff.de\/wp-content\/uploads\/2017\/05\/DSC_0101-624x416.jpg 624w\" sizes=\"(max-width: 625px) 100vw, 625px\" \/><\/a><\/p>\n<p style=\"text-align: center;\">Piazza Santo Sepolcro, Pisa, Blick von S\u00fcdwesten<\/p>\n<p>Diese Kirche wird ebenso h\u00e4ufig wie unzutreffend den Templern zugeschrieben, wohl wegen ihrer Form. Man kann nicht oft genug darauf hinweisen, dass diese Achteckform keine Spezialit\u00e4t der Templer ist und diese sie auch nicht erfunden haben. Die Form geht vielmehr zur\u00fcck auf das Heilige Grab und die sog. Anastasis-Kapelle in Jerusalem. Auch der Dom in Aachen folgte diesem Vorbild. Die meisten Templerkirchen haben einen einfachen, rechteckigen Grundri\u00df, manchmal mit Rund- oder Radialapsis. Es gibt &#8211; nach meiner Kenntnis &#8211; nur zwei achteckige Templerkapellen, die von Laon (Kopie einer vorher in Laon schon vorhandenen Friedhofskapelle) und die von Metz.<\/p>\n<p><a href=\"http:\/\/menzendorff.de\/wp-content\/uploads\/2017\/05\/DSC_0111.jpg\"><img loading=\"lazy\" class=\"alignleft size-large wp-image-3290\" src=\"http:\/\/menzendorff.de\/wp-content\/uploads\/2017\/05\/DSC_0111-1024x683.jpg\" alt=\"\" width=\"625\" height=\"417\" srcset=\"http:\/\/menzendorff.de\/wp-content\/uploads\/2017\/05\/DSC_0111-1024x683.jpg 1024w, http:\/\/menzendorff.de\/wp-content\/uploads\/2017\/05\/DSC_0111-300x200.jpg 300w, http:\/\/menzendorff.de\/wp-content\/uploads\/2017\/05\/DSC_0111-768x512.jpg 768w, http:\/\/menzendorff.de\/wp-content\/uploads\/2017\/05\/DSC_0111-624x416.jpg 624w\" sizes=\"(max-width: 625px) 100vw, 625px\" \/><\/a><\/p>\n<p style=\"text-align: center;\">Ansicht von Norden<\/p>\n<p style=\"text-align: left;\">Auch die Ornamente scheinen an die Templer zu erinnern, die sog. &#8222;Blume des Lebens&#8220; und das Kreuz. Die Blume des Lebens ist eine einfach mit einem Zirkel zu erzeugende grafische Figur, die schon bei den \u00c4gyptern und bei den Westgoten (bitte sehen Sie hierzu den Beitrag von Helene Luise K\u00f6ppel \u00fcber die Westgotenkirche von <a href=\"https:\/\/www.koeppel-sw.de\/westgotenschatz-san-pedro-de-la-nave\/\">San Pedro del la Nave<\/a> in Zamora) nachweisbar ist. Die Form des Kreuzes des Deutschen Ordens und des Johanniterordens unterschieden sich jedenfalls im 13. Jahrhundert von dem Templerkreuz noch nicht so wesentlich, da\u00df man sie &#8211; ohne die Farben zu kennen &#8211; nur schwer zuordnen kann.<\/p>\n<p><a href=\"http:\/\/menzendorff.de\/wp-content\/uploads\/2017\/05\/DSC_0108.jpg\"><img loading=\"lazy\" class=\"alignleft size-large wp-image-3289\" src=\"http:\/\/menzendorff.de\/wp-content\/uploads\/2017\/05\/DSC_0108-1024x683.jpg\" alt=\"\" width=\"625\" height=\"417\" srcset=\"http:\/\/menzendorff.de\/wp-content\/uploads\/2017\/05\/DSC_0108-1024x683.jpg 1024w, http:\/\/menzendorff.de\/wp-content\/uploads\/2017\/05\/DSC_0108-300x200.jpg 300w, http:\/\/menzendorff.de\/wp-content\/uploads\/2017\/05\/DSC_0108-768x512.jpg 768w, http:\/\/menzendorff.de\/wp-content\/uploads\/2017\/05\/DSC_0108-624x416.jpg 624w\" sizes=\"(max-width: 625px) 100vw, 625px\" \/><\/a><\/p>\n<p style=\"text-align: center;\">weitere Steinmetzarbeiten an Portalen, teilweise aktuell aufgearbeitet<\/p>\n<p><a href=\"http:\/\/menzendorff.de\/wp-content\/uploads\/2017\/05\/DSC_0137.jpg\"><img loading=\"lazy\" class=\"alignleft size-large wp-image-3291\" src=\"http:\/\/menzendorff.de\/wp-content\/uploads\/2017\/05\/DSC_0137-1024x683.jpg\" alt=\"\" width=\"625\" height=\"417\" srcset=\"http:\/\/menzendorff.de\/wp-content\/uploads\/2017\/05\/DSC_0137-1024x683.jpg 1024w, http:\/\/menzendorff.de\/wp-content\/uploads\/2017\/05\/DSC_0137-300x200.jpg 300w, http:\/\/menzendorff.de\/wp-content\/uploads\/2017\/05\/DSC_0137-768x512.jpg 768w, http:\/\/menzendorff.de\/wp-content\/uploads\/2017\/05\/DSC_0137-624x416.jpg 624w\" sizes=\"(max-width: 625px) 100vw, 625px\" \/><\/a><\/p>\n<p style=\"text-align: center;\">Sitz des Gro\u00dfpriorats der Johanniter von Pisa, Chiesa de Santo Sepolcro, Pisa<\/p>\n<p><a href=\"http:\/\/menzendorff.de\/wp-content\/uploads\/2017\/05\/DSC_0151.jpg\"><img loading=\"lazy\" class=\"alignleft size-large wp-image-3293\" src=\"http:\/\/menzendorff.de\/wp-content\/uploads\/2017\/05\/DSC_0151-1024x669.jpg\" alt=\"\" width=\"625\" height=\"408\" srcset=\"http:\/\/menzendorff.de\/wp-content\/uploads\/2017\/05\/DSC_0151-1024x669.jpg 1024w, http:\/\/menzendorff.de\/wp-content\/uploads\/2017\/05\/DSC_0151-300x196.jpg 300w, http:\/\/menzendorff.de\/wp-content\/uploads\/2017\/05\/DSC_0151-768x502.jpg 768w, http:\/\/menzendorff.de\/wp-content\/uploads\/2017\/05\/DSC_0151-624x408.jpg 624w, http:\/\/menzendorff.de\/wp-content\/uploads\/2017\/05\/DSC_0151.jpg 1930w\" sizes=\"(max-width: 625px) 100vw, 625px\" \/><\/a><\/p>\n<p>Am Nordufer des Arno entdeckte ich zuf\u00e4llig dieses &#8222;Templerkreuz&#8220; und fotografierte es vorsorglich, obwohl das Geb\u00e4ude ersichtlich ca. aus dem 16. Jahrhundert zu stammen schien. Tatsachlich geh\u00f6rt das Geb\u00e4ude zum National-Museum von Pisa und hat ebenfalls nichts mit den Templern zu tun. Die Templer hatten hier wohl keine Niederlassung.<\/p>\n<p>Die n\u00e4chste Niederlassung befand sich in <strong>Montelopio<\/strong>, ca. 50 km weiter s\u00fcd\u00f6stlich von Pisa und liegt damit etwa auf halben Weg der Route von Pisa nach San Gimignano. Eine gute Etappendistanz!&nbsp; Aber von dieser Einrichtung ist heute nichts mehr zu sehen, zur zwei komplett verfallene Hausruinen, die dazu auch noch schwer zu finden seien (Wegbeschreibung bei Capone et. al, SS. 139). Den Abstecher habe ich mir daher lieber gespart.<\/p>\n<h2>2.3 Siena<\/h2>\n<p>In Siena waren Sie mit mir schon einmal im Jahre 2016. Bei meinem ersten Besuch dort war die Templerkirche ge\u00f6ffnet. Ich war von dem Innenleben der Kirche und den Gem\u00e4lden so begeistert, dass ich verga\u00df, die Kirche anschlie\u00dfend aussen zu umrunden.<\/p>\n<p><a href=\"http:\/\/menzendorff.de\/wp-content\/uploads\/2017\/05\/DSC_0184.jpg\"><img loading=\"lazy\" class=\"alignleft size-large wp-image-3299\" src=\"http:\/\/menzendorff.de\/wp-content\/uploads\/2017\/05\/DSC_0184-683x1024.jpg\" alt=\"\" width=\"625\" height=\"937\" srcset=\"http:\/\/menzendorff.de\/wp-content\/uploads\/2017\/05\/DSC_0184-683x1024.jpg 683w, http:\/\/menzendorff.de\/wp-content\/uploads\/2017\/05\/DSC_0184-200x300.jpg 200w, http:\/\/menzendorff.de\/wp-content\/uploads\/2017\/05\/DSC_0184-768x1152.jpg 768w, http:\/\/menzendorff.de\/wp-content\/uploads\/2017\/05\/DSC_0184-624x936.jpg 624w\" sizes=\"(max-width: 625px) 100vw, 625px\" \/><\/a><\/p>\n<p>Auf diese Weise \u00fcbersah ich, dass die Kapelle noch heute im Ensemble mit anderen mittelalterlichen Geb\u00e4uden steht.<\/p>\n<p><a href=\"http:\/\/menzendorff.de\/wp-content\/uploads\/2017\/05\/DSC_0176.jpg\"><img loading=\"lazy\" class=\"alignleft size-large wp-image-3297\" src=\"http:\/\/menzendorff.de\/wp-content\/uploads\/2017\/05\/DSC_0176-683x1024.jpg\" alt=\"\" width=\"625\" height=\"937\" srcset=\"http:\/\/menzendorff.de\/wp-content\/uploads\/2017\/05\/DSC_0176-683x1024.jpg 683w, http:\/\/menzendorff.de\/wp-content\/uploads\/2017\/05\/DSC_0176-200x300.jpg 200w, http:\/\/menzendorff.de\/wp-content\/uploads\/2017\/05\/DSC_0176-768x1152.jpg 768w, http:\/\/menzendorff.de\/wp-content\/uploads\/2017\/05\/DSC_0176-624x936.jpg 624w\" sizes=\"(max-width: 625px) 100vw, 625px\" \/><\/a><\/p>\n<p>Kirchturm und Profangeb\u00e4ude (Spital?) in der Seitenstrasse, der Via Malta.<\/p>\n<p><a href=\"http:\/\/menzendorff.de\/wp-content\/uploads\/2017\/05\/DSC_0177.jpg\"><img loading=\"lazy\" class=\"alignleft size-large wp-image-3298\" src=\"http:\/\/menzendorff.de\/wp-content\/uploads\/2017\/05\/DSC_0177-1024x683.jpg\" alt=\"\" width=\"625\" height=\"417\" srcset=\"http:\/\/menzendorff.de\/wp-content\/uploads\/2017\/05\/DSC_0177-1024x683.jpg 1024w, http:\/\/menzendorff.de\/wp-content\/uploads\/2017\/05\/DSC_0177-300x200.jpg 300w, http:\/\/menzendorff.de\/wp-content\/uploads\/2017\/05\/DSC_0177-768x512.jpg 768w, http:\/\/menzendorff.de\/wp-content\/uploads\/2017\/05\/DSC_0177-624x416.jpg 624w\" sizes=\"(max-width: 625px) 100vw, 625px\" \/><\/a><\/p>\n<p style=\"text-align: center;\">Blick von S\u00fcdosten auf die Kapelle<\/p>\n<p><a href=\"http:\/\/menzendorff.de\/wp-content\/uploads\/2017\/05\/DSC_0175.jpg\"><img loading=\"lazy\" class=\"alignleft size-large wp-image-3296\" src=\"http:\/\/menzendorff.de\/wp-content\/uploads\/2017\/05\/DSC_0175-1024x683.jpg\" alt=\"\" width=\"625\" height=\"417\" srcset=\"http:\/\/menzendorff.de\/wp-content\/uploads\/2017\/05\/DSC_0175-1024x683.jpg 1024w, http:\/\/menzendorff.de\/wp-content\/uploads\/2017\/05\/DSC_0175-300x200.jpg 300w, http:\/\/menzendorff.de\/wp-content\/uploads\/2017\/05\/DSC_0175-768x512.jpg 768w, http:\/\/menzendorff.de\/wp-content\/uploads\/2017\/05\/DSC_0175-624x416.jpg 624w\" sizes=\"(max-width: 625px) 100vw, 625px\" \/><\/a><\/p>\n<p>Blick auf die Via Malta nach Osten (Spitalgeb\u00e4ude?)<\/p>\n<h3>3. Pieve di Codiponte<\/h3>\n<p>In Codiponte befindet sich eine beeindruckende mittelalterliche Kirche aus dem 12. Jahrhundert, die Pieve dei Santi Cornelio e Cipriano (<a href=\"https:\/\/it.wikipedia.org\/wiki\/Pieve_dei_Santi_Cornelio_e_Cipriano\" target=\"_blank\" rel=\"noopener\">Wikipedia<\/a>). Das Geb\u00e4ude zeigt zahlreiche Steinmetzarbeiten an den S\u00e4ulen im inneren und am Taufbecken, die den Symbolen von Templerkirchen \u00e4hnlich sind oder sein k\u00f6nnten.<\/p>\n<p>Auch hier wird ger\u00e4tselt, ob die Templer etwas mit diesem Ort zu tun hatten, wie es etwa dieser <a href=\"https:\/\/irintronauti.altervista.org\/codiponte\/\" target=\"_blank\" rel=\"noopener\">Beitrag<\/a> andeuten. Eine weitere <a href=\"https:\/\/templarilunigiana.weebly.com\/codiponte.html\" target=\"_blank\" rel=\"noopener\">Homepage<\/a> schlie\u00dft sich dieser Sichtweise an. Im Guida all&#8217;Italia dei Templari von Capone et al. findet sich dar\u00fcber aber nichts und auch die beiden Homepages deuten es nur an, dass die Templer hier eine Niederlassung gehabt haben k\u00f6nnten. Ich war selbst aufgrund der sp\u00e4rlichen Hinweise nicht dort, aber mein Freund und Gastgeber Ernesto Andreoni hat sich dort f\u00fcr mich und f\u00fcr Sie umgesehen.<a href=\"http:\/\/menzendorff.de\/wp-content\/uploads\/2019\/10\/Pieve-di-Codiponte-1.jpg\"><img loading=\"lazy\" class=\"alignleft size-large wp-image-3303\" src=\"http:\/\/menzendorff.de\/wp-content\/uploads\/2019\/10\/Pieve-di-Codiponte-1-1024x680.jpg\" alt=\"\" width=\"625\" height=\"415\" srcset=\"http:\/\/menzendorff.de\/wp-content\/uploads\/2019\/10\/Pieve-di-Codiponte-1-1024x680.jpg 1024w, http:\/\/menzendorff.de\/wp-content\/uploads\/2019\/10\/Pieve-di-Codiponte-1-300x199.jpg 300w, http:\/\/menzendorff.de\/wp-content\/uploads\/2019\/10\/Pieve-di-Codiponte-1-768x510.jpg 768w, http:\/\/menzendorff.de\/wp-content\/uploads\/2019\/10\/Pieve-di-Codiponte-1-624x414.jpg 624w\" sizes=\"(max-width: 625px) 100vw, 625px\" \/><\/a><\/p>\n<p style=\"text-align: center;\">Pieve dei Santi Cornelio e Cipriano, Codiponte, Casola, Lunigiana, (Foto: Ernesto Andreoni)<\/p>\n<p><a href=\"http:\/\/menzendorff.de\/wp-content\/uploads\/2019\/10\/Pieve-di-Codiponte-23.jpg\"><img loading=\"lazy\" class=\"alignleft size-large wp-image-3306\" src=\"http:\/\/menzendorff.de\/wp-content\/uploads\/2019\/10\/Pieve-di-Codiponte-23-680x1024.jpg\" alt=\"\" width=\"625\" height=\"941\" srcset=\"http:\/\/menzendorff.de\/wp-content\/uploads\/2019\/10\/Pieve-di-Codiponte-23-680x1024.jpg 680w, http:\/\/menzendorff.de\/wp-content\/uploads\/2019\/10\/Pieve-di-Codiponte-23-199x300.jpg 199w, http:\/\/menzendorff.de\/wp-content\/uploads\/2019\/10\/Pieve-di-Codiponte-23-768x1156.jpg 768w, http:\/\/menzendorff.de\/wp-content\/uploads\/2019\/10\/Pieve-di-Codiponte-23-624x940.jpg 624w\" sizes=\"(max-width: 625px) 100vw, 625px\" \/><\/a><\/p>\n<p style=\"text-align: center;\">sog. &#8222;Blume des Lebens&#8220;, Foto: Ernesto Andreoni<\/p>\n<p><a href=\"http:\/\/menzendorff.de\/wp-content\/uploads\/2019\/10\/Pieve-di-Codiponte-32.jpg\"><img loading=\"lazy\" class=\"alignleft size-large wp-image-3308\" src=\"http:\/\/menzendorff.de\/wp-content\/uploads\/2019\/10\/Pieve-di-Codiponte-32-680x1024.jpg\" alt=\"\" width=\"625\" height=\"941\" srcset=\"http:\/\/menzendorff.de\/wp-content\/uploads\/2019\/10\/Pieve-di-Codiponte-32-680x1024.jpg 680w, http:\/\/menzendorff.de\/wp-content\/uploads\/2019\/10\/Pieve-di-Codiponte-32-199x300.jpg 199w, http:\/\/menzendorff.de\/wp-content\/uploads\/2019\/10\/Pieve-di-Codiponte-32-768x1156.jpg 768w, http:\/\/menzendorff.de\/wp-content\/uploads\/2019\/10\/Pieve-di-Codiponte-32-624x940.jpg 624w\" sizes=\"(max-width: 625px) 100vw, 625px\" \/><\/a><\/p>\n<p style=\"text-align: center;\">Taufstein, Foto: Ernesto Andreoni<\/p>\n<p style=\"text-align: center;\"><a href=\"http:\/\/menzendorff.de\/wp-content\/uploads\/2019\/10\/Pieve-di-Codiponte-12.jpg\"><img loading=\"lazy\" class=\"size-full wp-image-3304 aligncenter\" src=\"http:\/\/menzendorff.de\/wp-content\/uploads\/2019\/10\/Pieve-di-Codiponte-12.jpg\" alt=\"\" width=\"543\" height=\"762\" srcset=\"http:\/\/menzendorff.de\/wp-content\/uploads\/2019\/10\/Pieve-di-Codiponte-12.jpg 543w, http:\/\/menzendorff.de\/wp-content\/uploads\/2019\/10\/Pieve-di-Codiponte-12-214x300.jpg 214w\" sizes=\"(max-width: 543px) 100vw, 543px\" \/><\/a>sog. &#8222;<a href=\"https:\/\/de.wikipedia.org\/wiki\/Melusine\" target=\"_blank\" rel=\"noopener\">Melusine<\/a>&#8222;, halb Frau, halb Fischwesen, Foto: Ernesto Andreoni<\/p>\n<p>&nbsp;<\/p>\n<p>Ich lasse diese Bilder hier unkommentiert stehen. Wir wissen bereits, dass die Blume des Lebens zwar auch (z.B. Perugia) aber nicht nur von den Templern bevorzugt verwendet wurde, aber eben auch von anderen Gruppen (z.B. Johanniter in Pisa), aber auch von den Westgoten oder \u00c4gyptern. Auch ein Kreuz in einem Kreis ist kein sicheres Templerzeichen, siehe obigen Beitrag von Pisa.<\/p>\n<p>Codiponte pa\u00dft von seiner Lage her zu der Theorie, dass hier eine Station der Via Francigena bestanden haben k\u00f6nnte. Auch die alte Steinbr\u00fccke zeigt an, dass im Mittelalter hier eine wichtige Stra\u00dfe durchgef\u00fchrt hat. Es bleibt abzuwarten, ob zu diesem Thema noch mehr Material beschafft werden kann.<\/p>\n<h1>3. Fazit<\/h1>\n<p>Die These, dass es eine &#8222;Templerstra\u00dfe&#8220;, oder jedenfalls eine Stra\u00dfe der Ritterorden, zwischen Lucca und Siena gibt, kann beantwortet werden: Es gibt sogar zwei! Eine &#8211; eher s\u00fcdwestliche &#8211; Variante f\u00fchrt n\u00e4her an der italienischen Westk\u00fcste entlang, \u00fcber Lucca, Pisa und San Gimignano. Die andere befindet sich weiter \u00f6stlich, am Westhang der Apeninnen \u00fcber die St\u00e4dte Pistoia, Florenz und Poggibonsi.<\/p>\n<h2>3.1 S\u00fcdwest-Variante<\/h2>\n<p>Lucca &#8211; 20 Km &#8211; Pisa<\/p>\n<p>Pisa &#8211; 45 Km &#8211; Montelopio<\/p>\n<p>Montelopio &#8211; 30 Km &#8211; San Gimignano<\/p>\n<p>San Gimignano &#8211; 36 &#8211; Siena<\/p>\n<h2>3.2 Nordost-Variante<\/h2>\n<p>Lucca &#8211; 38 Km &#8211; Pistoia<\/p>\n<p>Pistoia &#8211; 18 Km &#8211; Prato<\/p>\n<p>Prato &#8211; 18 Km &#8211; Florenz<\/p>\n<p>Florenz &#8211; 39 Km &#8211; Poggibonsi<\/p>\n<p>Poggibonsi &#8211; 30 Km &#8211; Siena<\/p>\n<p>Es handelt sich jeweils um zu bew\u00e4ltigende Tagesetappen, zumeist in der Ebene.<\/p>\n<p>Q.e.d.<\/p>\n<p>&nbsp;<\/p>\n<p>Vielen Dank f\u00fcr Ihre Aufmerksamkeit. Ich hoffe, es hat Spa\u00df gemacht.<\/p>\n<p>&nbsp;<\/p>\n<p>05. Oktober 2019<\/p>\n<p>Special credits: <span dir=\"ltr\"><span class=\"_3l3x\">Ernesto Andreoni thank you for your contribution and your fotos. Elisabetta Del Giudice thank you for the food, your patience and your hospitality. Renzo Del Giudice thank you for the wine. Thank you Barbara Del Giudice for your apartment.<\/span><\/span><\/p>\n<p>&nbsp;<\/p>\n<p>&nbsp;<\/p>\n<p>&nbsp;<\/p>\n<p>&nbsp;<\/p>\n<p>&nbsp;<\/p>\n","protected":false},"excerpt":{"rendered":"<p>Schon bei meiner ersten Templerreise nach Italien im Jahre 2016 habe ich festgestellt, dass einige Einrichtungen der Templer entlang der Via Francigena aufgestellt waren, und zwar im Piemont (mit Livorno-Ferraris und Casale-Montferrato) und in der Toskana (San Gimignano). Ein Zufall war auszuschlie\u00dfen, zumal das Ph\u00e4nomen auch in anderen Regionen sicher nachweisbar ist (z.B. die Strecke [&hellip;]<\/p>\n","protected":false},"author":2,"featured_media":0,"comment_status":"open","ping_status":"open","sticky":false,"template":"","format":"standard","meta":[],"categories":[22],"tags":[],"_links":{"self":[{"href":"http:\/\/menzendorff.de\/index.php?rest_route=\/wp\/v2\/posts\/2906"}],"collection":[{"href":"http:\/\/menzendorff.de\/index.php?rest_route=\/wp\/v2\/posts"}],"about":[{"href":"http:\/\/menzendorff.de\/index.php?rest_route=\/wp\/v2\/types\/post"}],"author":[{"embeddable":true,"href":"http:\/\/menzendorff.de\/index.php?rest_route=\/wp\/v2\/users\/2"}],"replies":[{"embeddable":true,"href":"http:\/\/menzendorff.de\/index.php?rest_route=%2Fwp%2Fv2%2Fcomments&post=2906"}],"version-history":[{"count":44,"href":"http:\/\/menzendorff.de\/index.php?rest_route=\/wp\/v2\/posts\/2906\/revisions"}],"predecessor-version":[{"id":3395,"href":"http:\/\/menzendorff.de\/index.php?rest_route=\/wp\/v2\/posts\/2906\/revisions\/3395"}],"wp:attachment":[{"href":"http:\/\/menzendorff.de\/index.php?rest_route=%2Fwp%2Fv2%2Fmedia&parent=2906"}],"wp:term":[{"taxonomy":"category","embeddable":true,"href":"http:\/\/menzendorff.de\/index.php?rest_route=%2Fwp%2Fv2%2Fcategories&post=2906"},{"taxonomy":"post_tag","embeddable":true,"href":"http:\/\/menzendorff.de\/index.php?rest_route=%2Fwp%2Fv2%2Ftags&post=2906"}],"curies":[{"name":"wp","href":"https:\/\/api.w.org\/{rel}","templated":true}]}}