{"id":3045,"date":"2019-07-23T17:18:04","date_gmt":"2019-07-23T15:18:04","guid":{"rendered":"http:\/\/menzendorff.de\/?p=3045"},"modified":"2019-07-26T09:22:37","modified_gmt":"2019-07-26T07:22:37","slug":"2019-juli-lothringen","status":"publish","type":"post","link":"http:\/\/menzendorff.de\/?p=3045","title":{"rendered":"2019, Juli, Lothringen, Templer- und Kulturreise"},"content":{"rendered":"<p>Kurz vor meinem diesj\u00e4hrigen Geburtstag tat meine Familie sehr geheimnisvoll. Ich solle niemanden einladen und mir f\u00fcr das Wochenende nichts vornehmen. Am Samstag, den 6. Juli ging es gleich nach dem Fr\u00fcst\u00fcck los. Die Tochte lenkte das Auto erst nach Mainz, dann nach Kaiserslautern und schlie\u00dflich \u00fcber die &#8222;Goldene Bremm&#8220; nach Frankreich. Bei Metz fuhren wir von der Autobahn ab und jetzt erst stand f\u00fcr mich das Reiseziel fest: Lothringen! Nicht schlecht.<\/p>\n<h3>1. Station Metz<\/h3>\n<p>Ich riet ihr, das Parkhaus unter der Galerie Lafayette anzusteuern. Es ist recht neu, gro\u00dfz\u00fcgig angelegt und g\u00fcnstig von Preis und Lage. Von dort sind es jeweils nur ein paar Schritte sowohl zur Altstadt und der Kathedrale, als nat\u00fcrlich auch zum Arsenal und der Templerkapelle:<\/p>\n<p><a href=\"http:\/\/menzendorff.de\/wp-content\/uploads\/2019\/07\/20190706_142815.jpg\"><img loading=\"lazy\" class=\"alignleft size-large wp-image-3047\" src=\"http:\/\/menzendorff.de\/wp-content\/uploads\/2019\/07\/20190706_142815-1024x759.jpg\" alt=\"\" width=\"625\" height=\"463\" srcset=\"http:\/\/menzendorff.de\/wp-content\/uploads\/2019\/07\/20190706_142815-1024x759.jpg 1024w, http:\/\/menzendorff.de\/wp-content\/uploads\/2019\/07\/20190706_142815-300x222.jpg 300w, http:\/\/menzendorff.de\/wp-content\/uploads\/2019\/07\/20190706_142815-768x569.jpg 768w, http:\/\/menzendorff.de\/wp-content\/uploads\/2019\/07\/20190706_142815-624x462.jpg 624w\" sizes=\"(max-width: 625px) 100vw, 625px\" \/><\/a><\/p>\n<p style=\"text-align: center;\">Templerkapelle von Metz und das &#8222;Arsenal&#8220;<\/p>\n<p>Als wir uns ihr n\u00e4herten, meinte ich zu erkennen, dass die T\u00fcre offenstand. Das Herz schlug bedeutend schneller, denn das w\u00e4re f\u00fcr mich eine absolute Sensation. Ich war schon viermal hier und jedesmal war geschlossen. Diesmal war es tats\u00e4chlich anders. Besucher waren gestattet und sogar auch das Fotografieren. Die Kapelle von Metz ist nicht nur wegen ihrer achteckigen Form bekannt geworden, sondern vielmehr durch die wunderbar erhaltenen Fresken:<\/p>\n<p><a href=\"http:\/\/menzendorff.de\/wp-content\/uploads\/2019\/07\/20190706_143136.jpg\"><img loading=\"lazy\" class=\"alignleft size-large wp-image-3049\" src=\"http:\/\/menzendorff.de\/wp-content\/uploads\/2019\/07\/20190706_143136-1024x576.jpg\" alt=\"\" width=\"625\" height=\"352\" srcset=\"http:\/\/menzendorff.de\/wp-content\/uploads\/2019\/07\/20190706_143136-1024x576.jpg 1024w, http:\/\/menzendorff.de\/wp-content\/uploads\/2019\/07\/20190706_143136-300x169.jpg 300w, http:\/\/menzendorff.de\/wp-content\/uploads\/2019\/07\/20190706_143136-768x432.jpg 768w, http:\/\/menzendorff.de\/wp-content\/uploads\/2019\/07\/20190706_143136-624x351.jpg 624w\" sizes=\"(max-width: 625px) 100vw, 625px\" \/><\/a><\/p>\n<p style=\"text-align: center;\"><em>agnus dei<\/em> im Schlu\u00dfstein<\/p>\n<p><a href=\"http:\/\/menzendorff.de\/wp-content\/uploads\/2019\/07\/20190706_143212.jpg\"><img loading=\"lazy\" class=\"alignleft size-large wp-image-3050\" src=\"http:\/\/menzendorff.de\/wp-content\/uploads\/2019\/07\/20190706_143212-1024x576.jpg\" alt=\"\" width=\"625\" height=\"352\" srcset=\"http:\/\/menzendorff.de\/wp-content\/uploads\/2019\/07\/20190706_143212-1024x576.jpg 1024w, http:\/\/menzendorff.de\/wp-content\/uploads\/2019\/07\/20190706_143212-300x169.jpg 300w, http:\/\/menzendorff.de\/wp-content\/uploads\/2019\/07\/20190706_143212-768x432.jpg 768w, http:\/\/menzendorff.de\/wp-content\/uploads\/2019\/07\/20190706_143212-624x351.jpg 624w\" sizes=\"(max-width: 625px) 100vw, 625px\" \/><\/a><\/p>\n<p style=\"text-align: center;\">Maria mit Kind im Chor<\/p>\n<p><a href=\"http:\/\/menzendorff.de\/wp-content\/uploads\/2019\/07\/20190706_143311.jpg\"><img loading=\"lazy\" class=\"alignleft size-large wp-image-3051\" src=\"http:\/\/menzendorff.de\/wp-content\/uploads\/2019\/07\/20190706_143311-1024x576.jpg\" alt=\"\" width=\"625\" height=\"352\" srcset=\"http:\/\/menzendorff.de\/wp-content\/uploads\/2019\/07\/20190706_143311-1024x576.jpg 1024w, http:\/\/menzendorff.de\/wp-content\/uploads\/2019\/07\/20190706_143311-300x169.jpg 300w, http:\/\/menzendorff.de\/wp-content\/uploads\/2019\/07\/20190706_143311-768x432.jpg 768w, http:\/\/menzendorff.de\/wp-content\/uploads\/2019\/07\/20190706_143311-624x351.jpg 624w\" sizes=\"(max-width: 625px) 100vw, 625px\" \/><\/a><\/p>\n<p style=\"text-align: center;\">Bibelszenen<\/p>\n<p><a href=\"http:\/\/menzendorff.de\/wp-content\/uploads\/2019\/07\/20190706_143340.jpg\"><img loading=\"lazy\" class=\"alignleft size-large wp-image-3053\" src=\"http:\/\/menzendorff.de\/wp-content\/uploads\/2019\/07\/20190706_143340-1024x576.jpg\" alt=\"\" width=\"625\" height=\"352\" srcset=\"http:\/\/menzendorff.de\/wp-content\/uploads\/2019\/07\/20190706_143340-1024x576.jpg 1024w, http:\/\/menzendorff.de\/wp-content\/uploads\/2019\/07\/20190706_143340-300x169.jpg 300w, http:\/\/menzendorff.de\/wp-content\/uploads\/2019\/07\/20190706_143340-768x432.jpg 768w, http:\/\/menzendorff.de\/wp-content\/uploads\/2019\/07\/20190706_143340-624x351.jpg 624w\" sizes=\"(max-width: 625px) 100vw, 625px\" \/><\/a><\/p>\n<p style=\"text-align: center;\">Johannes, der Evangelist<\/p>\n<p><a href=\"http:\/\/menzendorff.de\/wp-content\/uploads\/2019\/07\/20190706_143330.jpg\"><img loading=\"lazy\" class=\"alignleft size-large wp-image-3052\" src=\"http:\/\/menzendorff.de\/wp-content\/uploads\/2019\/07\/20190706_143330-1024x576.jpg\" alt=\"\" width=\"625\" height=\"352\" srcset=\"http:\/\/menzendorff.de\/wp-content\/uploads\/2019\/07\/20190706_143330-1024x576.jpg 1024w, http:\/\/menzendorff.de\/wp-content\/uploads\/2019\/07\/20190706_143330-300x169.jpg 300w, http:\/\/menzendorff.de\/wp-content\/uploads\/2019\/07\/20190706_143330-768x432.jpg 768w, http:\/\/menzendorff.de\/wp-content\/uploads\/2019\/07\/20190706_143330-624x351.jpg 624w\" sizes=\"(max-width: 625px) 100vw, 625px\" \/><\/a><\/p>\n<p style=\"text-align: center;\">Das letzte Abendmahl<\/p>\n<p>Auch die in der N\u00e4he befindliche Basilika Saint-Pierre-aux-Nonnains (gallo-r\u00f6mischer Ursprung aus dem 4 Jhr. n. Chr., ab 700 n.Chr. Kloster, im 15. und 16. Jahrhundert umgebaut, &#8222;gotisiert&#8220;)<\/p>\n<p><a href=\"http:\/\/menzendorff.de\/wp-content\/uploads\/2017\/07\/20190706_144544-e1563979917332.jpg\"><img loading=\"lazy\" class=\"size-large wp-image-3092 aligncenter\" src=\"http:\/\/menzendorff.de\/wp-content\/uploads\/2017\/07\/20190706_144544-e1563979917332-576x1024.jpg\" alt=\"\" width=\"576\" height=\"1024\" srcset=\"http:\/\/menzendorff.de\/wp-content\/uploads\/2017\/07\/20190706_144544-e1563979917332-576x1024.jpg 576w, http:\/\/menzendorff.de\/wp-content\/uploads\/2017\/07\/20190706_144544-e1563979917332-169x300.jpg 169w, http:\/\/menzendorff.de\/wp-content\/uploads\/2017\/07\/20190706_144544-e1563979917332-768x1365.jpg 768w, http:\/\/menzendorff.de\/wp-content\/uploads\/2017\/07\/20190706_144544-e1563979917332-624x1109.jpg 624w\" sizes=\"(max-width: 576px) 100vw, 576px\" \/><\/a><\/p>\n<p>war diesmal ge\u00f6ffnet. Im Innenraum gibt es nicht allzuviel zu sehen, aber eine Anzahl mittelalterlicher Grabsteine sind dort ausgestellt. Unter anderem auch Templerplatten:<\/p>\n<p><a href=\"http:\/\/menzendorff.de\/wp-content\/uploads\/2019\/07\/20190706_144420.jpg\"><img loading=\"lazy\" class=\"alignleft size-large wp-image-3058\" src=\"http:\/\/menzendorff.de\/wp-content\/uploads\/2019\/07\/20190706_144420-576x1024.jpg\" alt=\"\" width=\"576\" height=\"1024\" srcset=\"http:\/\/menzendorff.de\/wp-content\/uploads\/2019\/07\/20190706_144420-576x1024.jpg 576w, http:\/\/menzendorff.de\/wp-content\/uploads\/2019\/07\/20190706_144420-169x300.jpg 169w, http:\/\/menzendorff.de\/wp-content\/uploads\/2019\/07\/20190706_144420-768x1365.jpg 768w, http:\/\/menzendorff.de\/wp-content\/uploads\/2019\/07\/20190706_144420-624x1109.jpg 624w\" sizes=\"(max-width: 576px) 100vw, 576px\" \/><\/a><\/p>\n<p style=\"text-align: center;\">&#8222;Blume des Lebens&#8220; und Templerkreuz auf einem Grabstein<\/p>\n<p>Man durchquert in wenigen Minuten die einladend freundliche und lebendige Fu\u00dfg\u00e4ngerzone der Altstadt in Richtung Norden und trifft sodann auf die<\/p>\n<p><a href=\"http:\/\/menzendorff.de\/wp-content\/uploads\/2019\/07\/20190706_151500.jpg\"><img loading=\"lazy\" class=\"alignleft size-large wp-image-3059\" src=\"http:\/\/menzendorff.de\/wp-content\/uploads\/2019\/07\/20190706_151500-671x1024.jpg\" alt=\"\" width=\"625\" height=\"954\" srcset=\"http:\/\/menzendorff.de\/wp-content\/uploads\/2019\/07\/20190706_151500-671x1024.jpg 671w, http:\/\/menzendorff.de\/wp-content\/uploads\/2019\/07\/20190706_151500-196x300.jpg 196w, http:\/\/menzendorff.de\/wp-content\/uploads\/2019\/07\/20190706_151500-768x1173.jpg 768w, http:\/\/menzendorff.de\/wp-content\/uploads\/2019\/07\/20190706_151500-624x953.jpg 624w\" sizes=\"(max-width: 625px) 100vw, 625px\" \/><\/a><\/p>\n<p style=\"text-align: center;\">Kathedrale Saint-\u00c9tienne, 1220 &#8211; 1520<\/p>\n<p><a href=\"http:\/\/menzendorff.de\/wp-content\/uploads\/2019\/07\/20190706_152315.jpg\"><img loading=\"lazy\" class=\"alignleft size-large wp-image-3061\" src=\"http:\/\/menzendorff.de\/wp-content\/uploads\/2019\/07\/20190706_152315-1024x576.jpg\" alt=\"\" width=\"625\" height=\"352\" srcset=\"http:\/\/menzendorff.de\/wp-content\/uploads\/2019\/07\/20190706_152315-1024x576.jpg 1024w, http:\/\/menzendorff.de\/wp-content\/uploads\/2019\/07\/20190706_152315-300x169.jpg 300w, http:\/\/menzendorff.de\/wp-content\/uploads\/2019\/07\/20190706_152315-768x432.jpg 768w, http:\/\/menzendorff.de\/wp-content\/uploads\/2019\/07\/20190706_152315-624x351.jpg 624w\" sizes=\"(max-width: 625px) 100vw, 625px\" \/><\/a><\/p>\n<p style=\"text-align: center;\">sog. schwarze Madonna mit Kind in einer Seitenkapelle<\/p>\n<p style=\"text-align: center;\"><a href=\"http:\/\/menzendorff.de\/wp-content\/uploads\/2019\/07\/20190706_152438.jpg\"><img loading=\"lazy\" class=\"alignleft size-large wp-image-3062\" src=\"http:\/\/menzendorff.de\/wp-content\/uploads\/2019\/07\/20190706_152438-1024x576.jpg\" alt=\"\" width=\"625\" height=\"352\" srcset=\"http:\/\/menzendorff.de\/wp-content\/uploads\/2019\/07\/20190706_152438-1024x576.jpg 1024w, http:\/\/menzendorff.de\/wp-content\/uploads\/2019\/07\/20190706_152438-300x169.jpg 300w, http:\/\/menzendorff.de\/wp-content\/uploads\/2019\/07\/20190706_152438-768x432.jpg 768w, http:\/\/menzendorff.de\/wp-content\/uploads\/2019\/07\/20190706_152438-624x351.jpg 624w\" sizes=\"(max-width: 625px) 100vw, 625px\" \/><\/a><\/p>\n<p style=\"text-align: center;\">Blick in den Ostchor<\/p>\n<p><a href=\"http:\/\/menzendorff.de\/wp-content\/uploads\/2019\/07\/20190706_152454.jpg\"><img loading=\"lazy\" class=\"alignleft size-large wp-image-3063\" src=\"http:\/\/menzendorff.de\/wp-content\/uploads\/2019\/07\/20190706_152454-1024x576.jpg\" alt=\"\" width=\"625\" height=\"352\" srcset=\"http:\/\/menzendorff.de\/wp-content\/uploads\/2019\/07\/20190706_152454-1024x576.jpg 1024w, http:\/\/menzendorff.de\/wp-content\/uploads\/2019\/07\/20190706_152454-300x169.jpg 300w, http:\/\/menzendorff.de\/wp-content\/uploads\/2019\/07\/20190706_152454-768x432.jpg 768w, http:\/\/menzendorff.de\/wp-content\/uploads\/2019\/07\/20190706_152454-624x351.jpg 624w\" sizes=\"(max-width: 625px) 100vw, 625px\" \/><\/a><\/p>\n<p style=\"text-align: center;\">gotische Leichtigkeit<\/p>\n<p><a href=\"http:\/\/menzendorff.de\/wp-content\/uploads\/2019\/07\/20190706_153130.jpg\"><img loading=\"lazy\" class=\"alignleft size-large wp-image-3064\" src=\"http:\/\/menzendorff.de\/wp-content\/uploads\/2019\/07\/20190706_153130-576x1024.jpg\" alt=\"\" width=\"576\" height=\"1024\" srcset=\"http:\/\/menzendorff.de\/wp-content\/uploads\/2019\/07\/20190706_153130-576x1024.jpg 576w, http:\/\/menzendorff.de\/wp-content\/uploads\/2019\/07\/20190706_153130-169x300.jpg 169w, http:\/\/menzendorff.de\/wp-content\/uploads\/2019\/07\/20190706_153130-768x1365.jpg 768w, http:\/\/menzendorff.de\/wp-content\/uploads\/2019\/07\/20190706_153130-624x1109.jpg 624w\" sizes=\"(max-width: 576px) 100vw, 576px\" \/><\/a><\/p>\n<p style=\"text-align: center;\">Westfassade mit gotischer Pracht-Rosette<\/p>\n<p><a href=\"http:\/\/menzendorff.de\/wp-content\/uploads\/2019\/07\/20190706_154051.jpg\"><img loading=\"lazy\" class=\"alignleft size-large wp-image-3065\" src=\"http:\/\/menzendorff.de\/wp-content\/uploads\/2019\/07\/20190706_154051-576x1024.jpg\" alt=\"\" width=\"576\" height=\"1024\" srcset=\"http:\/\/menzendorff.de\/wp-content\/uploads\/2019\/07\/20190706_154051-576x1024.jpg 576w, http:\/\/menzendorff.de\/wp-content\/uploads\/2019\/07\/20190706_154051-169x300.jpg 169w, http:\/\/menzendorff.de\/wp-content\/uploads\/2019\/07\/20190706_154051-768x1365.jpg 768w, http:\/\/menzendorff.de\/wp-content\/uploads\/2019\/07\/20190706_154051-624x1109.jpg 624w\" sizes=\"(max-width: 576px) 100vw, 576px\" \/><\/a><\/p>\n<p style=\"text-align: center;\">Johannes, der T\u00e4ufer<\/p>\n<h3>2. Station Ch\u00e2teau d&#8217;Alteville, 57260 Tarquimpol<\/h3>\n<p>Die zweite \u00dcberraschung des Tages erlebte ich am Nachmittag, nachdem wir in Metz aufgebrochen und ca 70 km weiter s\u00fcdlich gefahren sind. Die Familie hatte eine \u00dcbernachtung im Ch\u00e2teau gebucht und das war ziemlich beeindruckend. Unsere Zimmer im Erdgescho\u00df waren im Stil der Jahrhundertwende eingerichtet.<\/p>\n<p><a href=\"http:\/\/menzendorff.de\/wp-content\/uploads\/2017\/07\/Screenshot-2019-07-24-16.26.49.png\"><img loading=\"lazy\" class=\"alignleft size-full wp-image-3094\" src=\"http:\/\/menzendorff.de\/wp-content\/uploads\/2017\/07\/Screenshot-2019-07-24-16.26.49.png\" alt=\"\" width=\"662\" height=\"451\" srcset=\"http:\/\/menzendorff.de\/wp-content\/uploads\/2017\/07\/Screenshot-2019-07-24-16.26.49.png 662w, http:\/\/menzendorff.de\/wp-content\/uploads\/2017\/07\/Screenshot-2019-07-24-16.26.49-300x204.png 300w, http:\/\/menzendorff.de\/wp-content\/uploads\/2017\/07\/Screenshot-2019-07-24-16.26.49-624x425.png 624w\" sizes=\"(max-width: 662px) 100vw, 662px\" \/><\/a><\/p>\n<p style=\"text-align: center;\">Das Haupthaus des Schlosses vom Park aus s\u00fcd\u00f6stlicher Richtung<\/p>\n<p><a href=\"http:\/\/menzendorff.de\/wp-content\/uploads\/2019\/07\/20190706_181028.jpg\"><img loading=\"lazy\" class=\"alignleft size-large wp-image-3066\" src=\"http:\/\/menzendorff.de\/wp-content\/uploads\/2019\/07\/20190706_181028-1024x576.jpg\" alt=\"\" width=\"625\" height=\"352\" srcset=\"http:\/\/menzendorff.de\/wp-content\/uploads\/2019\/07\/20190706_181028-1024x576.jpg 1024w, http:\/\/menzendorff.de\/wp-content\/uploads\/2019\/07\/20190706_181028-300x169.jpg 300w, http:\/\/menzendorff.de\/wp-content\/uploads\/2019\/07\/20190706_181028-768x432.jpg 768w, http:\/\/menzendorff.de\/wp-content\/uploads\/2019\/07\/20190706_181028-624x351.jpg 624w\" sizes=\"(max-width: 625px) 100vw, 625px\" \/><\/a><\/p>\n<p style=\"text-align: center;\">standesgem\u00e4\u00df eingerichteter Salon und Ausgang zum Park<\/p>\n<p>Das Abendessen fand in einem Restaurant an einem nahegelegenen See statt und im Schlo\u00dfpark genehmigten wir uns noch anschliessend eine Flasche Cremant d&#8217;Alsace, um in den Geburtstag reinzufeiern. N\u00e4heres zum Ch\u00e2teau k\u00f6nnen Sie <a href=\"https:\/\/www.chateaudalteville.com\/\" target=\"_blank\" rel=\"noopener\">hier<\/a> erfahren.<\/p>\n<h3>3. Station Templerkomturei 57260 Gelucourt<\/h3>\n<p>Das Fr\u00fchst\u00fcck nahmen wir im Schloss ein, in einem pr\u00e4chtig eingerichteten Speisesaal. Es stand Nancy auf dem Programm, aber ich hatte bei der Herfahrt bemerkt, dass sich ganz in der N\u00e4he vom Schlo\u00df ein Templerort befand, den ich schon mal vor 12 Jahren besucht hatte. Gelucourt war praktisch der Nachbarort. Mal sehen, ob sich was ver\u00e4ndert hat.<\/p>\n<p><a href=\"http:\/\/menzendorff.de\/wp-content\/uploads\/2019\/07\/20190707_120331.jpg\"><img loading=\"lazy\" class=\"alignleft size-large wp-image-3068\" src=\"http:\/\/menzendorff.de\/wp-content\/uploads\/2019\/07\/20190707_120331-1024x576.jpg\" alt=\"\" width=\"625\" height=\"352\" srcset=\"http:\/\/menzendorff.de\/wp-content\/uploads\/2019\/07\/20190707_120331-1024x576.jpg 1024w, http:\/\/menzendorff.de\/wp-content\/uploads\/2019\/07\/20190707_120331-300x169.jpg 300w, http:\/\/menzendorff.de\/wp-content\/uploads\/2019\/07\/20190707_120331-768x432.jpg 768w, http:\/\/menzendorff.de\/wp-content\/uploads\/2019\/07\/20190707_120331-624x351.jpg 624w\" sizes=\"(max-width: 625px) 100vw, 625px\" \/><\/a><\/p>\n<p style=\"text-align: left;\">Aus der Templerzeit steht hier nicht mehr viel, darum hat man wohl auch das gro\u00dfe Schild angebracht, um dem Reisenden zu zeigen, dass er hier nicht viel mehr erwarten darf. Die Sackgasse, die von einigen neuzeitlichen H\u00e4usern umstanden ist, hei\u00dft &#8222;la Commanderie&#8220;. Nat\u00fcrlich ist auch ein See in unmittelbarer N\u00e4he.<\/p>\n<p><a href=\"http:\/\/menzendorff.de\/wp-content\/uploads\/2019\/07\/20190707_120653.jpg\"><img loading=\"lazy\" class=\"alignleft size-large wp-image-3071\" src=\"http:\/\/menzendorff.de\/wp-content\/uploads\/2019\/07\/20190707_120653-1024x576.jpg\" alt=\"\" width=\"625\" height=\"352\" srcset=\"http:\/\/menzendorff.de\/wp-content\/uploads\/2019\/07\/20190707_120653-1024x576.jpg 1024w, http:\/\/menzendorff.de\/wp-content\/uploads\/2019\/07\/20190707_120653-300x169.jpg 300w, http:\/\/menzendorff.de\/wp-content\/uploads\/2019\/07\/20190707_120653-768x432.jpg 768w, http:\/\/menzendorff.de\/wp-content\/uploads\/2019\/07\/20190707_120653-624x351.jpg 624w\" sizes=\"(max-width: 625px) 100vw, 625px\" \/><\/a><\/p>\n<p>Die Commanderie Gelucourt wurde im Jahr 1264 gegr\u00fcndet. Die Kapelle ist der Chor der ehemaligen Kirche, deren Schiff nicht mehr existiert (<a href=\"https:\/\/fr.wikipedia.org\/wiki\/Commanderie_de_Gelucourt\" target=\"_blank\" rel=\"noopener\">Wikipedia<\/a>).<\/p>\n<p><a href=\"http:\/\/menzendorff.de\/wp-content\/uploads\/2019\/07\/20190707_120754.jpg\"><img loading=\"lazy\" class=\"alignleft size-large wp-image-3072\" src=\"http:\/\/menzendorff.de\/wp-content\/uploads\/2019\/07\/20190707_120754-576x1024.jpg\" alt=\"\" width=\"576\" height=\"1024\" srcset=\"http:\/\/menzendorff.de\/wp-content\/uploads\/2019\/07\/20190707_120754-576x1024.jpg 576w, http:\/\/menzendorff.de\/wp-content\/uploads\/2019\/07\/20190707_120754-169x300.jpg 169w, http:\/\/menzendorff.de\/wp-content\/uploads\/2019\/07\/20190707_120754-768x1365.jpg 768w, http:\/\/menzendorff.de\/wp-content\/uploads\/2019\/07\/20190707_120754-624x1109.jpg 624w\" sizes=\"(max-width: 576px) 100vw, 576px\" \/><\/a><\/p>\n<p style=\"text-align: center;\">Nordseite des Chors<\/p>\n<h3>4. Station Nancy<\/h3>\n<p>Bis zu unserer letzten Station waren es noch 45 Km und dann standen wir vor der ehemaligen Johanniter-Komturei von Nancy.<\/p>\n<p><a href=\"http:\/\/menzendorff.de\/wp-content\/uploads\/2019\/07\/20190707_133346.jpg\"><img loading=\"lazy\" class=\"alignleft size-large wp-image-3074\" src=\"http:\/\/menzendorff.de\/wp-content\/uploads\/2019\/07\/20190707_133346-576x1024.jpg\" alt=\"\" width=\"576\" height=\"1024\" srcset=\"http:\/\/menzendorff.de\/wp-content\/uploads\/2019\/07\/20190707_133346-576x1024.jpg 576w, http:\/\/menzendorff.de\/wp-content\/uploads\/2019\/07\/20190707_133346-169x300.jpg 169w, http:\/\/menzendorff.de\/wp-content\/uploads\/2019\/07\/20190707_133346-768x1365.jpg 768w, http:\/\/menzendorff.de\/wp-content\/uploads\/2019\/07\/20190707_133346-624x1109.jpg 624w\" sizes=\"(max-width: 576px) 100vw, 576px\" \/><\/a><\/p>\n<p>Tour de la Commanderie Saint-Jean-du-Vieil-A\u00eetre Nazet Mouteaux,\u00a0 84, Impasse Clerin, 54000 Nancy, Zu \u00fcberreichen \u00fcber den Place de la Commanderie und die Avenue Foch.<\/p>\n<p><a href=\"http:\/\/menzendorff.de\/wp-content\/uploads\/2019\/07\/20190707_133504.jpg\"><img loading=\"lazy\" class=\"alignleft size-large wp-image-3075\" src=\"http:\/\/menzendorff.de\/wp-content\/uploads\/2019\/07\/20190707_133504-1024x576.jpg\" alt=\"\" width=\"625\" height=\"352\" srcset=\"http:\/\/menzendorff.de\/wp-content\/uploads\/2019\/07\/20190707_133504-1024x576.jpg 1024w, http:\/\/menzendorff.de\/wp-content\/uploads\/2019\/07\/20190707_133504-300x169.jpg 300w, http:\/\/menzendorff.de\/wp-content\/uploads\/2019\/07\/20190707_133504-768x432.jpg 768w, http:\/\/menzendorff.de\/wp-content\/uploads\/2019\/07\/20190707_133504-624x351.jpg 624w\" sizes=\"(max-width: 625px) 100vw, 625px\" \/><\/a><\/p>\n<p>Der Turm ist aus dem 12. Jahrhundert, die ehemalige Kirche ist um 1850 abgerissen worden. Man sieht noch einige Reste ehemaliger Komturei-Geb\u00e4ude, die heute als Wohnhaus benutzt werden.<\/p>\n<p>Ein Aufenthalt in Nancy w\u00e4re nicht komplett, ohne dem Place Stanislas einen Besuch abgestattet zu haben.<\/p>\n<p><a href=\"http:\/\/menzendorff.de\/wp-content\/uploads\/2019\/07\/20190707_140600.jpg\"><img loading=\"lazy\" class=\"alignleft size-large wp-image-3083\" src=\"http:\/\/menzendorff.de\/wp-content\/uploads\/2019\/07\/20190707_140600-1024x576.jpg\" alt=\"\" width=\"625\" height=\"352\" srcset=\"http:\/\/menzendorff.de\/wp-content\/uploads\/2019\/07\/20190707_140600-1024x576.jpg 1024w, http:\/\/menzendorff.de\/wp-content\/uploads\/2019\/07\/20190707_140600-300x169.jpg 300w, http:\/\/menzendorff.de\/wp-content\/uploads\/2019\/07\/20190707_140600-768x432.jpg 768w, http:\/\/menzendorff.de\/wp-content\/uploads\/2019\/07\/20190707_140600-624x351.jpg 624w\" sizes=\"(max-width: 625px) 100vw, 625px\" \/><\/a><\/p>\n<p>Hauptattraktion von Nancy, der Place Stanislas von 1755, heute Unesco-Weltkultuerbe<\/p>\n<p><a href=\"http:\/\/menzendorff.de\/wp-content\/uploads\/2019\/07\/20190707_150355.jpg\"><img loading=\"lazy\" class=\"alignleft size-large wp-image-3086\" src=\"http:\/\/menzendorff.de\/wp-content\/uploads\/2019\/07\/20190707_150355-1024x576.jpg\" alt=\"\" width=\"625\" height=\"352\" srcset=\"http:\/\/menzendorff.de\/wp-content\/uploads\/2019\/07\/20190707_150355-1024x576.jpg 1024w, http:\/\/menzendorff.de\/wp-content\/uploads\/2019\/07\/20190707_150355-300x169.jpg 300w, http:\/\/menzendorff.de\/wp-content\/uploads\/2019\/07\/20190707_150355-768x432.jpg 768w, http:\/\/menzendorff.de\/wp-content\/uploads\/2019\/07\/20190707_150355-624x351.jpg 624w\" sizes=\"(max-width: 625px) 100vw, 625px\" \/><\/a><\/p>\n<p style=\"text-align: center;\">Ein paar Schritte weiter befindet sich die Cath\u00e9drale Notre-Dame-de-l\u2019Annonciation de Nancy<\/p>\n<p><a href=\"http:\/\/menzendorff.de\/wp-content\/uploads\/2019\/07\/20190707_150228.jpg\"><img loading=\"lazy\" class=\"alignleft size-large wp-image-3085\" src=\"http:\/\/menzendorff.de\/wp-content\/uploads\/2019\/07\/20190707_150228-1024x576.jpg\" alt=\"\" width=\"625\" height=\"352\" srcset=\"http:\/\/menzendorff.de\/wp-content\/uploads\/2019\/07\/20190707_150228-1024x576.jpg 1024w, http:\/\/menzendorff.de\/wp-content\/uploads\/2019\/07\/20190707_150228-300x169.jpg 300w, http:\/\/menzendorff.de\/wp-content\/uploads\/2019\/07\/20190707_150228-768x432.jpg 768w, http:\/\/menzendorff.de\/wp-content\/uploads\/2019\/07\/20190707_150228-624x351.jpg 624w\" sizes=\"(max-width: 625px) 100vw, 625px\" \/><\/a><\/p>\n<p>Die Kreuze an den Pfeilern k\u00f6nnten mit Templerkreuzen verwechselt werden. Sie dienen hier &#8211; wie auch an vielen anderen, wichtigen Kirchen &#8211; jedoch als Erinnerung an den Besuch eines Papstes.<\/p>\n<p>Drei Stunden sp\u00e4ter sassen wir bei uns zu Hause und feierten mit den Nachbarn spontan den gl\u00fccklichsten Geburtstag meines bisherigen Lebens.<\/p>\n<p>&nbsp;<\/p>\n<p>Ich hoffe, der Bericht hat Ihnen gefallen, und Sie kommen gelegentlich wieder!<\/p>\n<p>&nbsp;<\/p>\n<p>&nbsp;<\/p>\n<p>&nbsp;<\/p>\n<p>&nbsp;<\/p>\n","protected":false},"excerpt":{"rendered":"<p>Kurz vor meinem diesj\u00e4hrigen Geburtstag tat meine Familie sehr geheimnisvoll. Ich solle niemanden einladen und mir f\u00fcr das Wochenende nichts vornehmen. Am Samstag, den 6. Juli ging es gleich nach dem Fr\u00fcst\u00fcck los. Die Tochte lenkte das Auto erst nach Mainz, dann nach Kaiserslautern und schlie\u00dflich \u00fcber die &#8222;Goldene Bremm&#8220; nach Frankreich. Bei Metz fuhren [&hellip;]<\/p>\n","protected":false},"author":2,"featured_media":0,"comment_status":"open","ping_status":"open","sticky":false,"template":"","format":"standard","meta":[],"categories":[11],"tags":[],"_links":{"self":[{"href":"http:\/\/menzendorff.de\/index.php?rest_route=\/wp\/v2\/posts\/3045"}],"collection":[{"href":"http:\/\/menzendorff.de\/index.php?rest_route=\/wp\/v2\/posts"}],"about":[{"href":"http:\/\/menzendorff.de\/index.php?rest_route=\/wp\/v2\/types\/post"}],"author":[{"embeddable":true,"href":"http:\/\/menzendorff.de\/index.php?rest_route=\/wp\/v2\/users\/2"}],"replies":[{"embeddable":true,"href":"http:\/\/menzendorff.de\/index.php?rest_route=%2Fwp%2Fv2%2Fcomments&post=3045"}],"version-history":[{"count":15,"href":"http:\/\/menzendorff.de\/index.php?rest_route=\/wp\/v2\/posts\/3045\/revisions"}],"predecessor-version":[{"id":3104,"href":"http:\/\/menzendorff.de\/index.php?rest_route=\/wp\/v2\/posts\/3045\/revisions\/3104"}],"wp:attachment":[{"href":"http:\/\/menzendorff.de\/index.php?rest_route=%2Fwp%2Fv2%2Fmedia&parent=3045"}],"wp:term":[{"taxonomy":"category","embeddable":true,"href":"http:\/\/menzendorff.de\/index.php?rest_route=%2Fwp%2Fv2%2Fcategories&post=3045"},{"taxonomy":"post_tag","embeddable":true,"href":"http:\/\/menzendorff.de\/index.php?rest_route=%2Fwp%2Fv2%2Ftags&post=3045"}],"curies":[{"name":"wp","href":"https:\/\/api.w.org\/{rel}","templated":true}]}}