{"id":3107,"date":"2019-07-27T19:26:02","date_gmt":"2019-07-27T17:26:02","guid":{"rendered":"http:\/\/menzendorff.de\/?p=3107"},"modified":"2019-08-04T17:17:12","modified_gmt":"2019-08-04T15:17:12","slug":"2017-oktober-tortosa-und-umgebung","status":"publish","type":"post","link":"http:\/\/menzendorff.de\/?p=3107","title":{"rendered":"2017, Oktober, Tortosa und Umgebung"},"content":{"rendered":"<p>Im Oktober bekam meine Frau zum Geburtstag eine Reise nach Tortosa im S\u00fcden Kataloniens. Wir wollten da schon l\u00e4nger einmal hin. Es liegt ca 170 Km s\u00fcdwestlich von Barcelona. Auf der Mitte der Strecke befindet sich die Provinzhauptstadt Tarragona und der Flughafen Reus. Die \u00dcbernachtung hatte ich im Voraus im &#8222;Torre del Prior&#8220; gebucht, einer ehemaliegen Niederlassung der Templer, die vor einigen Jahren in ein Bed-and-Breakfast Haus umgewandelt wurde. Die Unterkunft lie\u00df kaum W\u00fcnsche offen. Einzelheiten finden Sie hier: <a href=\"https:\/\/torredelprior.cat\/\" target=\"_blank\" rel=\"noopener\">Torre del Prior<\/a><\/p>\n<h3>1. Torre del Prior, Tortosa<\/h3>\n<p>Das Anwesen befindet sich ca. 2 Km n\u00f6rdlich von Tortosa an der C-12. Es liegt links von der Landstrasse. Die Ausfahrt ist schlecht beschildert. Wenn Sie von Norden kommen, k\u00f6nnen rechts nach Jes\u00fas abbiegen, im Kreisel wenden und dann \u00fcber die Landstrasse hinwegfahren. Ich habe die Stelle aus Google Maps herauskopiert, um Ihnen ggf. eine lange Suche zu sparen. <a href=\"http:\/\/menzendorff.de\/wp-content\/uploads\/2019\/07\/Screenshot-2019-07-28-14.26.15.png\"><img loading=\"lazy\" class=\"alignleft size-large wp-image-3155\" src=\"http:\/\/menzendorff.de\/wp-content\/uploads\/2019\/07\/Screenshot-2019-07-28-14.26.15-1024x508.png\" alt=\"\" width=\"625\" height=\"310\" srcset=\"http:\/\/menzendorff.de\/wp-content\/uploads\/2019\/07\/Screenshot-2019-07-28-14.26.15-1024x508.png 1024w, http:\/\/menzendorff.de\/wp-content\/uploads\/2019\/07\/Screenshot-2019-07-28-14.26.15-300x149.png 300w, http:\/\/menzendorff.de\/wp-content\/uploads\/2019\/07\/Screenshot-2019-07-28-14.26.15-768x381.png 768w, http:\/\/menzendorff.de\/wp-content\/uploads\/2019\/07\/Screenshot-2019-07-28-14.26.15-624x309.png 624w, http:\/\/menzendorff.de\/wp-content\/uploads\/2019\/07\/Screenshot-2019-07-28-14.26.15.png 1176w\" sizes=\"(max-width: 625px) 100vw, 625px\" \/><\/a><\/p>\n<p>Sie erwartet eine traumhaft gelegene und gestaltete Unterkunft, ger\u00e4umige und moderne Zimmer, ein ordentliches Fr\u00fchst\u00fcck und im Sommer sogar ein Pool.<\/p>\n<p><a href=\"http:\/\/menzendorff.de\/wp-content\/uploads\/2019\/07\/DSC_0227.jpg\"><img loading=\"lazy\" class=\"alignleft size-large wp-image-3119\" src=\"http:\/\/menzendorff.de\/wp-content\/uploads\/2019\/07\/DSC_0227-1024x683.jpg\" alt=\"\" width=\"625\" height=\"417\" srcset=\"http:\/\/menzendorff.de\/wp-content\/uploads\/2019\/07\/DSC_0227-1024x683.jpg 1024w, http:\/\/menzendorff.de\/wp-content\/uploads\/2019\/07\/DSC_0227-300x200.jpg 300w, http:\/\/menzendorff.de\/wp-content\/uploads\/2019\/07\/DSC_0227-768x512.jpg 768w, http:\/\/menzendorff.de\/wp-content\/uploads\/2019\/07\/DSC_0227-624x416.jpg 624w\" sizes=\"(max-width: 625px) 100vw, 625px\" \/><\/a><\/p>\n<p style=\"text-align: center;\">Torre del Prior, Cam\u00ed de la Torre del Prior, 43500 Tortosa<\/p>\n<p><a href=\"http:\/\/menzendorff.de\/wp-content\/uploads\/2019\/07\/20171008_141512.jpg\"><img loading=\"lazy\" class=\"alignleft size-large wp-image-3158\" src=\"http:\/\/menzendorff.de\/wp-content\/uploads\/2019\/07\/20171008_141512-1024x576.jpg\" alt=\"\" width=\"625\" height=\"352\" srcset=\"http:\/\/menzendorff.de\/wp-content\/uploads\/2019\/07\/20171008_141512-1024x576.jpg 1024w, http:\/\/menzendorff.de\/wp-content\/uploads\/2019\/07\/20171008_141512-300x169.jpg 300w, http:\/\/menzendorff.de\/wp-content\/uploads\/2019\/07\/20171008_141512-768x432.jpg 768w, http:\/\/menzendorff.de\/wp-content\/uploads\/2019\/07\/20171008_141512-624x351.jpg 624w\" sizes=\"(max-width: 625px) 100vw, 625px\" \/><\/a><\/p>\n<p style=\"text-align: center;\">Blick aus dem Zimmer auf das Ebro-Tal<\/p>\n<p><a href=\"http:\/\/menzendorff.de\/wp-content\/uploads\/2019\/07\/DSC_0213.jpg\"><img loading=\"lazy\" class=\"alignleft size-large wp-image-3156\" src=\"http:\/\/menzendorff.de\/wp-content\/uploads\/2019\/07\/DSC_0213-1024x683.jpg\" alt=\"\" width=\"625\" height=\"417\" srcset=\"http:\/\/menzendorff.de\/wp-content\/uploads\/2019\/07\/DSC_0213-1024x683.jpg 1024w, http:\/\/menzendorff.de\/wp-content\/uploads\/2019\/07\/DSC_0213-300x200.jpg 300w, http:\/\/menzendorff.de\/wp-content\/uploads\/2019\/07\/DSC_0213-768x512.jpg 768w, http:\/\/menzendorff.de\/wp-content\/uploads\/2019\/07\/DSC_0213-624x416.jpg 624w\" sizes=\"(max-width: 625px) 100vw, 625px\" \/><\/a><\/p>\n<p style=\"text-align: center;\">Aus einem maroden Stall &#8230;. (das Foto h\u00e4ngt im Empfangsraum)<\/p>\n<p><a href=\"http:\/\/menzendorff.de\/wp-content\/uploads\/2019\/07\/DSC_0212.jpg\"><img loading=\"lazy\" class=\"alignleft size-large wp-image-3157\" src=\"http:\/\/menzendorff.de\/wp-content\/uploads\/2019\/07\/DSC_0212-1024x683.jpg\" alt=\"\" width=\"625\" height=\"417\" srcset=\"http:\/\/menzendorff.de\/wp-content\/uploads\/2019\/07\/DSC_0212-1024x683.jpg 1024w, http:\/\/menzendorff.de\/wp-content\/uploads\/2019\/07\/DSC_0212-300x200.jpg 300w, http:\/\/menzendorff.de\/wp-content\/uploads\/2019\/07\/DSC_0212-768x512.jpg 768w, http:\/\/menzendorff.de\/wp-content\/uploads\/2019\/07\/DSC_0212-624x416.jpg 624w\" sizes=\"(max-width: 625px) 100vw, 625px\" \/><\/a><\/p>\n<p style=\"text-align: center;\">&#8230; wurde &#8211; mit viel Liebe zum Detail &#8211; eine schicke Empfangs-Lounge<\/p>\n<p><a href=\"http:\/\/menzendorff.de\/wp-content\/uploads\/2019\/07\/1053.jpg\"><img loading=\"lazy\" class=\"alignleft size-large wp-image-3202\" src=\"http:\/\/menzendorff.de\/wp-content\/uploads\/2019\/07\/1053-1024x979.jpg\" alt=\"\" width=\"625\" height=\"598\" srcset=\"http:\/\/menzendorff.de\/wp-content\/uploads\/2019\/07\/1053-1024x979.jpg 1024w, http:\/\/menzendorff.de\/wp-content\/uploads\/2019\/07\/1053-300x287.jpg 300w, http:\/\/menzendorff.de\/wp-content\/uploads\/2019\/07\/1053-768x734.jpg 768w, http:\/\/menzendorff.de\/wp-content\/uploads\/2019\/07\/1053-624x596.jpg 624w, http:\/\/menzendorff.de\/wp-content\/uploads\/2019\/07\/1053.jpg 1542w\" sizes=\"(max-width: 625px) 100vw, 625px\" \/><\/a><\/p>\n<p style=\"text-align: center;\">Und so sah der Torre del Prior vor 2005 aus. (Copyright Fuguet y Plaza)<\/p>\n<h3>2. Stadt Tortosa<\/h3>\n<p>Im Jahre 1148 gelang dem Grafen Ram\u00f3n Berenguer IV von Barcelona &#8211; unter Mithilfe der Templer, der Herrscher von Montcada und der Genueser &#8211; die Eroberung der Stadt Tortosa. Die Stadt wurde zu je einem F\u00fcnftel unter den Templern, denen von Montcada, dem Grafen von Barcelona, der Krone von Aragon und den Genuesern aufgeteilt. Die Templer vergr\u00f6\u00dferten Ihren Einflu\u00df durch Schenkungen &#8211; auch und vor allem des K\u00f6nigs &#8211; und konnten schlie\u00dflich auch den Teil der Genueser unter ihren Besitz bringen. Am Ende erlangten sie praktisch die Macht \u00fcber die ganze Stadt Tortosa, bis auf die Burg Zuda (Fuguet y Plaza, S. 96 &#8211; 97).<\/p>\n<p>Das Castillo de la Zuda ist nie eine Templerburg gewesen. Die Burg wurde im zehnten Jahrhundert von dem andalusischen Herrscher Abd al-Rahman III errichtet. Nach der \u00dcbernahme der Stadt durch die christlichen Eroberer diente sie erst als Gef\u00e4ngnis und wurde nach 1213 von K\u00f6nig Jaume I als k\u00f6nigliche Residenz beansprucht (<a href=\"http:\/\/www.ebreguia.com\/rutadeltemple\/paginas\/tortosa.htm\" target=\"_blank\" rel=\"noopener\">La Ruta del Temple<\/a>).<\/p>\n<p><a href=\"http:\/\/menzendorff.de\/wp-content\/uploads\/2019\/07\/DSC_0247.jpg\"><img loading=\"lazy\" class=\"alignleft size-large wp-image-3120\" src=\"http:\/\/menzendorff.de\/wp-content\/uploads\/2019\/07\/DSC_0247-1024x746.jpg\" alt=\"\" width=\"625\" height=\"455\" srcset=\"http:\/\/menzendorff.de\/wp-content\/uploads\/2019\/07\/DSC_0247-1024x746.jpg 1024w, http:\/\/menzendorff.de\/wp-content\/uploads\/2019\/07\/DSC_0247-300x219.jpg 300w, http:\/\/menzendorff.de\/wp-content\/uploads\/2019\/07\/DSC_0247-768x559.jpg 768w, http:\/\/menzendorff.de\/wp-content\/uploads\/2019\/07\/DSC_0247-624x455.jpg 624w\" sizes=\"(max-width: 625px) 100vw, 625px\" \/><\/a><\/p>\n<p style=\"text-align: center;\">Castillo de la Zuda, Tortosa<\/p>\n<p><a href=\"http:\/\/menzendorff.de\/wp-content\/uploads\/2019\/07\/DSC_0269.jpg\"><img loading=\"lazy\" class=\"alignleft size-large wp-image-3121\" src=\"http:\/\/menzendorff.de\/wp-content\/uploads\/2019\/07\/DSC_0269-1024x683.jpg\" alt=\"\" width=\"625\" height=\"417\" srcset=\"http:\/\/menzendorff.de\/wp-content\/uploads\/2019\/07\/DSC_0269-1024x683.jpg 1024w, http:\/\/menzendorff.de\/wp-content\/uploads\/2019\/07\/DSC_0269-300x200.jpg 300w, http:\/\/menzendorff.de\/wp-content\/uploads\/2019\/07\/DSC_0269-768x512.jpg 768w, http:\/\/menzendorff.de\/wp-content\/uploads\/2019\/07\/DSC_0269-624x416.jpg 624w\" sizes=\"(max-width: 625px) 100vw, 625px\" \/><\/a><\/p>\n<p style=\"text-align: center;\">Arabische Inschrift an einem Haus nahe der Kathedrale. (Foto: Beate Menzendorff)<\/p>\n<p><a href=\"http:\/\/menzendorff.de\/wp-content\/uploads\/2019\/07\/DSC_0294.jpg\"><img loading=\"lazy\" class=\"alignleft size-large wp-image-3122\" src=\"http:\/\/menzendorff.de\/wp-content\/uploads\/2019\/07\/DSC_0294-1024x683.jpg\" alt=\"\" width=\"625\" height=\"417\" srcset=\"http:\/\/menzendorff.de\/wp-content\/uploads\/2019\/07\/DSC_0294-1024x683.jpg 1024w, http:\/\/menzendorff.de\/wp-content\/uploads\/2019\/07\/DSC_0294-300x200.jpg 300w, http:\/\/menzendorff.de\/wp-content\/uploads\/2019\/07\/DSC_0294-768x512.jpg 768w, http:\/\/menzendorff.de\/wp-content\/uploads\/2019\/07\/DSC_0294-624x416.jpg 624w\" sizes=\"(max-width: 625px) 100vw, 625px\" \/><\/a><\/p>\n<p style=\"text-align: center;\">Der Eingang zu Bischofspalast, Carrer de Cruera, Carrer de Palau, Tortosa<\/p>\n<p><a href=\"http:\/\/menzendorff.de\/wp-content\/uploads\/2019\/07\/DSC_0295.jpg\"><img loading=\"lazy\" class=\"alignleft size-large wp-image-3123\" src=\"http:\/\/menzendorff.de\/wp-content\/uploads\/2019\/07\/DSC_0295-1024x683.jpg\" alt=\"\" width=\"625\" height=\"417\" srcset=\"http:\/\/menzendorff.de\/wp-content\/uploads\/2019\/07\/DSC_0295-1024x683.jpg 1024w, http:\/\/menzendorff.de\/wp-content\/uploads\/2019\/07\/DSC_0295-300x200.jpg 300w, http:\/\/menzendorff.de\/wp-content\/uploads\/2019\/07\/DSC_0295-768x512.jpg 768w, http:\/\/menzendorff.de\/wp-content\/uploads\/2019\/07\/DSC_0295-624x416.jpg 624w\" sizes=\"(max-width: 625px) 100vw, 625px\" \/><\/a><\/p>\n<p style=\"text-align: center;\">Bischofspalast, Obergescho\u00df<\/p>\n<p><a href=\"http:\/\/menzendorff.de\/wp-content\/uploads\/2019\/07\/DSC_0315.jpg\"><img loading=\"lazy\" class=\"alignleft size-large wp-image-3126\" src=\"http:\/\/menzendorff.de\/wp-content\/uploads\/2019\/07\/DSC_0315-1024x683.jpg\" alt=\"\" width=\"625\" height=\"417\" srcset=\"http:\/\/menzendorff.de\/wp-content\/uploads\/2019\/07\/DSC_0315-1024x683.jpg 1024w, http:\/\/menzendorff.de\/wp-content\/uploads\/2019\/07\/DSC_0315-300x200.jpg 300w, http:\/\/menzendorff.de\/wp-content\/uploads\/2019\/07\/DSC_0315-768x512.jpg 768w, http:\/\/menzendorff.de\/wp-content\/uploads\/2019\/07\/DSC_0315-624x416.jpg 624w\" sizes=\"(max-width: 625px) 100vw, 625px\" \/><\/a><\/p>\n<p style=\"text-align: center;\">Der Bischofspalast von der Uferstrasse<\/p>\n<p>Beim Spazieren durch die Altstadt, bzw. den Rest, der von ihr noch \u00fcbrig geblieben ist, nahmen wir zuf\u00e4llig ein Johanniterkreuz aus dem 17. Jahrhundert an einem Geb\u00e4ude war.<\/p>\n<p><a href=\"http:\/\/menzendorff.de\/wp-content\/uploads\/2019\/07\/DSC_0312.jpg\"><img loading=\"lazy\" class=\"alignleft size-large wp-image-3124\" src=\"http:\/\/menzendorff.de\/wp-content\/uploads\/2019\/07\/DSC_0312-1024x683.jpg\" alt=\"\" width=\"625\" height=\"417\" srcset=\"http:\/\/menzendorff.de\/wp-content\/uploads\/2019\/07\/DSC_0312-1024x683.jpg 1024w, http:\/\/menzendorff.de\/wp-content\/uploads\/2019\/07\/DSC_0312-300x200.jpg 300w, http:\/\/menzendorff.de\/wp-content\/uploads\/2019\/07\/DSC_0312-768x512.jpg 768w, http:\/\/menzendorff.de\/wp-content\/uploads\/2019\/07\/DSC_0312-624x416.jpg 624w\" sizes=\"(max-width: 625px) 100vw, 625px\" \/><\/a><\/p>\n<p style=\"text-align: center;\">Wappen der Johanniter<\/p>\n<p><a href=\"http:\/\/menzendorff.de\/wp-content\/uploads\/2019\/07\/DSC_0314.jpg\"><img loading=\"lazy\" class=\"alignleft size-large wp-image-3125\" src=\"http:\/\/menzendorff.de\/wp-content\/uploads\/2019\/07\/DSC_0314-1024x683.jpg\" alt=\"\" width=\"625\" height=\"417\" srcset=\"http:\/\/menzendorff.de\/wp-content\/uploads\/2019\/07\/DSC_0314-1024x683.jpg 1024w, http:\/\/menzendorff.de\/wp-content\/uploads\/2019\/07\/DSC_0314-300x200.jpg 300w, http:\/\/menzendorff.de\/wp-content\/uploads\/2019\/07\/DSC_0314-768x512.jpg 768w, http:\/\/menzendorff.de\/wp-content\/uploads\/2019\/07\/DSC_0314-624x416.jpg 624w\" sizes=\"(max-width: 625px) 100vw, 625px\" \/><\/a><\/p>\n<p style=\"text-align: center;\">Sitz der Johanniter in Tortosa<\/p>\n<p><a href=\"http:\/\/menzendorff.de\/wp-content\/uploads\/2019\/07\/DSC_0322.jpg\"><img loading=\"lazy\" class=\"alignleft size-large wp-image-3127\" src=\"http:\/\/menzendorff.de\/wp-content\/uploads\/2019\/07\/DSC_0322-1024x683.jpg\" alt=\"\" width=\"625\" height=\"417\" srcset=\"http:\/\/menzendorff.de\/wp-content\/uploads\/2019\/07\/DSC_0322-1024x683.jpg 1024w, http:\/\/menzendorff.de\/wp-content\/uploads\/2019\/07\/DSC_0322-300x200.jpg 300w, http:\/\/menzendorff.de\/wp-content\/uploads\/2019\/07\/DSC_0322-768x512.jpg 768w, http:\/\/menzendorff.de\/wp-content\/uploads\/2019\/07\/DSC_0322-624x416.jpg 624w\" sizes=\"(max-width: 625px) 100vw, 625px\" \/><\/a><\/p>\n<p style=\"text-align: center;\">Kathedrale Santa Maria de Tortosa<\/p>\n<p>Von den Templern ist kein Stein auf dem anderen geblieben. Das ist in St\u00e4dten zumeist der Fall, weil die Grundst\u00fccksspekulation schon sehr fr\u00fch eingesetzt hatte. (Fuguet, S. 98).\u00a0 Der Platz, an dem sich fr\u00fcher der &#8222;Convento del Temple&#8220; und die &#8222;Puerta del Temple&#8220; befunden haben, sieht heute so aus:<\/p>\n<p><a href=\"http:\/\/menzendorff.de\/wp-content\/uploads\/2019\/07\/DSC_0303.jpg\"><img loading=\"lazy\" class=\"alignleft size-large wp-image-3161\" src=\"http:\/\/menzendorff.de\/wp-content\/uploads\/2019\/07\/DSC_0303-1024x683.jpg\" alt=\"\" width=\"625\" height=\"417\" srcset=\"http:\/\/menzendorff.de\/wp-content\/uploads\/2019\/07\/DSC_0303-1024x683.jpg 1024w, http:\/\/menzendorff.de\/wp-content\/uploads\/2019\/07\/DSC_0303-300x200.jpg 300w, http:\/\/menzendorff.de\/wp-content\/uploads\/2019\/07\/DSC_0303-768x512.jpg 768w, http:\/\/menzendorff.de\/wp-content\/uploads\/2019\/07\/DSC_0303-624x416.jpg 624w\" sizes=\"(max-width: 625px) 100vw, 625px\" \/><\/a><\/p>\n<p style=\"text-align: center;\">Stra\u00dfenkreuzung in Tortosa<\/p>\n<h3>3. Torre de Campred\u00f3<\/h3>\n<p>In der Region am Unterlauf des Ebro befinden sich zahlreiche Verteidigungst\u00fcrme, die wohl die Aufgabe hatten, das Hinterland vor Angriffen von See zu sch\u00fctzen und zu warnen. Und gegebenenfalls das Eindringen auf dem Flu\u00df Ebro zu unterbinden. Die Templer unterhielten diese T\u00fcrme zusammen mit den Johannitern und anderen M\u00e4chten, um die M\u00fcndung des Ebro zu sch\u00fctzen. Einer der am besten erhaltenen Exemplare davon, der <a href=\"https:\/\/ca.wikipedia.org\/wiki\/Torre_de_Campred%C3%B3\" target=\"_blank\" rel=\"noopener\">Torre de Campred\u00f3 <\/a><\/p>\n<p><a href=\"http:\/\/menzendorff.de\/wp-content\/uploads\/2019\/07\/DSC_0134.jpg\"><img loading=\"lazy\" class=\"alignleft size-large wp-image-3112\" src=\"http:\/\/menzendorff.de\/wp-content\/uploads\/2019\/07\/DSC_0134-1024x633.jpg\" alt=\"\" width=\"625\" height=\"386\" srcset=\"http:\/\/menzendorff.de\/wp-content\/uploads\/2019\/07\/DSC_0134-1024x633.jpg 1024w, http:\/\/menzendorff.de\/wp-content\/uploads\/2019\/07\/DSC_0134-300x185.jpg 300w, http:\/\/menzendorff.de\/wp-content\/uploads\/2019\/07\/DSC_0134-768x475.jpg 768w, http:\/\/menzendorff.de\/wp-content\/uploads\/2019\/07\/DSC_0134-624x386.jpg 624w\" sizes=\"(max-width: 625px) 100vw, 625px\" \/><\/a><\/p>\n<p style=\"text-align: center;\">Torre de Campred\u00f3 aus dem 13. Jahrhundert<\/p>\n<p>geh\u00f6rte den Templern und befindet sich ca 10 Km Luftlinie von Tortosa entfernt in der N\u00e4he des Flusses Ebro einerseits und der Fernstrasse nach Tarragona andererseits, auf halben Weg zwischen den Gemeinde Camp Red\u00f3 und Aldea.<\/p>\n<p><a href=\"http:\/\/menzendorff.de\/wp-content\/uploads\/2019\/07\/DSC_0139.jpg\"><img loading=\"lazy\" class=\"alignleft size-large wp-image-3113\" src=\"http:\/\/menzendorff.de\/wp-content\/uploads\/2019\/07\/DSC_0139-1024x683.jpg\" alt=\"\" width=\"625\" height=\"417\" srcset=\"http:\/\/menzendorff.de\/wp-content\/uploads\/2019\/07\/DSC_0139-1024x683.jpg 1024w, http:\/\/menzendorff.de\/wp-content\/uploads\/2019\/07\/DSC_0139-300x200.jpg 300w, http:\/\/menzendorff.de\/wp-content\/uploads\/2019\/07\/DSC_0139-768x512.jpg 768w, http:\/\/menzendorff.de\/wp-content\/uploads\/2019\/07\/DSC_0139-624x416.jpg 624w\" sizes=\"(max-width: 625px) 100vw, 625px\" \/><\/a><\/p>\n<p style=\"text-align: left;\">Nach der Legende war zwischen diesem Turm mit quadratischem Grundri\u00df und der &#8222;Hospitalaria de la Carrova&#8220; auf dem anderen Ufer des Ebros eine Kette ausgelegt, die bei Bedarf gespannt werden konnte, um das Eindringen von Wasserfahrzeugen zu verhindern (Fuguet y Plaza, S. 98).<\/p>\n<p><a href=\"http:\/\/menzendorff.de\/wp-content\/uploads\/2019\/07\/DSC_0152.jpg\"><img loading=\"lazy\" class=\"alignleft size-large wp-image-3114\" src=\"http:\/\/menzendorff.de\/wp-content\/uploads\/2019\/07\/DSC_0152-1024x683.jpg\" alt=\"\" width=\"625\" height=\"417\" srcset=\"http:\/\/menzendorff.de\/wp-content\/uploads\/2019\/07\/DSC_0152-1024x683.jpg 1024w, http:\/\/menzendorff.de\/wp-content\/uploads\/2019\/07\/DSC_0152-300x200.jpg 300w, http:\/\/menzendorff.de\/wp-content\/uploads\/2019\/07\/DSC_0152-768x512.jpg 768w, http:\/\/menzendorff.de\/wp-content\/uploads\/2019\/07\/DSC_0152-624x416.jpg 624w\" sizes=\"(max-width: 625px) 100vw, 625px\" \/><\/a><\/p>\n<p style=\"text-align: center;\">\u00a0Seitenansicht mit Ausguck auf den Flu\u00df.<\/p>\n<h3>4. Torre de Burjass\u00e9nia<\/h3>\n<p>Der zweitbesterhaltene Templerturm in der Region ist der Torre de Burjass\u00e9nia in der N\u00e4he der Gemeinde Aldea, ebenfalls aus dem 13. Jahrhundert. Die Templer haben den Turm um 1200 von der Familie von Montcada gekauft (Fuguet y Plaza, S. 98 und <a href=\"https:\/\/ca.wikipedia.org\/wiki\/Torre_de_Burjass%C3%A9nia\" target=\"_blank\" rel=\"noopener\">wikipedia<\/a>).<\/p>\n<p><a href=\"http:\/\/menzendorff.de\/wp-content\/uploads\/2019\/07\/DSC_0175.jpg\"><img loading=\"lazy\" class=\"alignleft size-large wp-image-3116\" src=\"http:\/\/menzendorff.de\/wp-content\/uploads\/2019\/07\/DSC_0175-1024x683.jpg\" alt=\"\" width=\"625\" height=\"417\" srcset=\"http:\/\/menzendorff.de\/wp-content\/uploads\/2019\/07\/DSC_0175-1024x683.jpg 1024w, http:\/\/menzendorff.de\/wp-content\/uploads\/2019\/07\/DSC_0175-300x200.jpg 300w, http:\/\/menzendorff.de\/wp-content\/uploads\/2019\/07\/DSC_0175-768x512.jpg 768w, http:\/\/menzendorff.de\/wp-content\/uploads\/2019\/07\/DSC_0175-624x416.jpg 624w\" sizes=\"(max-width: 625px) 100vw, 625px\" \/><\/a><\/p>\n<p style=\"text-align: center;\">Seitenansicht Torre de Burjass\u00e9nia, Aldea<\/p>\n<p><a href=\"http:\/\/menzendorff.de\/wp-content\/uploads\/2019\/07\/DSC_0176.jpg\"><img loading=\"lazy\" class=\"alignleft size-large wp-image-3117\" src=\"http:\/\/menzendorff.de\/wp-content\/uploads\/2019\/07\/DSC_0176-1024x683.jpg\" alt=\"\" width=\"625\" height=\"417\" srcset=\"http:\/\/menzendorff.de\/wp-content\/uploads\/2019\/07\/DSC_0176-1024x683.jpg 1024w, http:\/\/menzendorff.de\/wp-content\/uploads\/2019\/07\/DSC_0176-300x200.jpg 300w, http:\/\/menzendorff.de\/wp-content\/uploads\/2019\/07\/DSC_0176-768x512.jpg 768w, http:\/\/menzendorff.de\/wp-content\/uploads\/2019\/07\/DSC_0176-624x416.jpg 624w\" sizes=\"(max-width: 625px) 100vw, 625px\" \/><\/a><\/p>\n<p>Der Turm ist 14-16 m hoch und hat einen Durchmesser von 5-6 Metern am Boden (Quelle <a href=\"https:\/\/laldea.cat\/que-visitar\/torre-de-burjassenia\" target=\"_blank\" rel=\"noopener\">laldea.cat<\/a>). Der Eingang ist sehr niedrig. Es befinden sich Fenster im Turm. Im Gemeindegebiet von Aldea gibt es vier solche milit\u00e4rischen Verteidigungst\u00fcrme.<\/p>\n<p>Zum Anwesen, das im Mittelalter mit einer hohem Mauer umgeben war<\/p>\n<p><a href=\"http:\/\/menzendorff.de\/wp-content\/uploads\/2017\/07\/DSC_0170.jpg\"><img loading=\"lazy\" class=\"alignleft size-large wp-image-3175\" src=\"http:\/\/menzendorff.de\/wp-content\/uploads\/2017\/07\/DSC_0170-1024x683.jpg\" alt=\"\" width=\"625\" height=\"417\" srcset=\"http:\/\/menzendorff.de\/wp-content\/uploads\/2017\/07\/DSC_0170-1024x683.jpg 1024w, http:\/\/menzendorff.de\/wp-content\/uploads\/2017\/07\/DSC_0170-300x200.jpg 300w, http:\/\/menzendorff.de\/wp-content\/uploads\/2017\/07\/DSC_0170-768x512.jpg 768w, http:\/\/menzendorff.de\/wp-content\/uploads\/2017\/07\/DSC_0170-624x416.jpg 624w\" sizes=\"(max-width: 625px) 100vw, 625px\" \/><\/a><\/p>\n<p style=\"text-align: center;\">&#8211;\u00a0 von der noch Reste erhalten sind &#8211;\u00a0 geh\u00f6rt ein<\/p>\n<p><a href=\"http:\/\/menzendorff.de\/wp-content\/uploads\/2019\/07\/DSC_0185.jpg\"><img loading=\"lazy\" class=\"alignleft size-large wp-image-3118\" src=\"http:\/\/menzendorff.de\/wp-content\/uploads\/2019\/07\/DSC_0185-1024x683.jpg\" alt=\"\" width=\"625\" height=\"417\" srcset=\"http:\/\/menzendorff.de\/wp-content\/uploads\/2019\/07\/DSC_0185-1024x683.jpg 1024w, http:\/\/menzendorff.de\/wp-content\/uploads\/2019\/07\/DSC_0185-300x200.jpg 300w, http:\/\/menzendorff.de\/wp-content\/uploads\/2019\/07\/DSC_0185-768x512.jpg 768w, http:\/\/menzendorff.de\/wp-content\/uploads\/2019\/07\/DSC_0185-624x416.jpg 624w\" sizes=\"(max-width: 625px) 100vw, 625px\" \/><\/a><\/p>\n<p style=\"text-align: center;\">Herrenhaus, wohl aus dem 17. Jahrhundert,<\/p>\n<p>sowie zahlreiche kleinere Geb\u00e4ude und eine Kapelle. Ein besonderes R\u00e4stel gab mir jedoch dieses Bauwerk auf:<\/p>\n<p><a href=\"http:\/\/menzendorff.de\/wp-content\/uploads\/2017\/07\/DSC_0168.jpg\"><img loading=\"lazy\" class=\"alignleft size-large wp-image-3174\" src=\"http:\/\/menzendorff.de\/wp-content\/uploads\/2017\/07\/DSC_0168-1024x683.jpg\" alt=\"\" width=\"625\" height=\"417\" srcset=\"http:\/\/menzendorff.de\/wp-content\/uploads\/2017\/07\/DSC_0168-1024x683.jpg 1024w, http:\/\/menzendorff.de\/wp-content\/uploads\/2017\/07\/DSC_0168-300x200.jpg 300w, http:\/\/menzendorff.de\/wp-content\/uploads\/2017\/07\/DSC_0168-768x512.jpg 768w, http:\/\/menzendorff.de\/wp-content\/uploads\/2017\/07\/DSC_0168-624x416.jpg 624w\" sizes=\"(max-width: 625px) 100vw, 625px\" \/><\/a>Man konnte vor Ort nicht erkennen, was es damit auf sich hatte. Es gab keine Hinweisschilder und keine Chance, hineinzuschauen. Es mutet an, wie ein Tempel. Die S\u00e4ulen scheinen aus der R\u00f6merzeit zu stammen.<\/p>\n<p>Sehen wir uns die beiden T\u00fcrme und die strategische Situation auf der Karte an, wird der Grund<\/p>\n<p><a href=\"http:\/\/menzendorff.de\/wp-content\/uploads\/2017\/07\/Screenshot-2019-07-28-17.10.48.png\"><img loading=\"lazy\" class=\"alignleft size-large wp-image-3166\" src=\"http:\/\/menzendorff.de\/wp-content\/uploads\/2017\/07\/Screenshot-2019-07-28-17.10.48-1024x641.png\" alt=\"\" width=\"625\" height=\"391\" srcset=\"http:\/\/menzendorff.de\/wp-content\/uploads\/2017\/07\/Screenshot-2019-07-28-17.10.48-1024x641.png 1024w, http:\/\/menzendorff.de\/wp-content\/uploads\/2017\/07\/Screenshot-2019-07-28-17.10.48-300x188.png 300w, http:\/\/menzendorff.de\/wp-content\/uploads\/2017\/07\/Screenshot-2019-07-28-17.10.48-768x481.png 768w, http:\/\/menzendorff.de\/wp-content\/uploads\/2017\/07\/Screenshot-2019-07-28-17.10.48-624x391.png 624w, http:\/\/menzendorff.de\/wp-content\/uploads\/2017\/07\/Screenshot-2019-07-28-17.10.48.png 1351w\" sizes=\"(max-width: 625px) 100vw, 625px\" \/><\/a><\/p>\n<p>f\u00fcr die Auswahl des Platzes schnell offensichtlich. Zwischen Tortosa, Campred\u00f3 und Burjass\u00e9nia besteht Sichtverbindung, wenn man auf die Wacht\u00fcrme steigt.\u00a0 Alle drei Stationen liegen in Sichtweite zu Ebro. Die beiden T\u00fcrme Campred\u00f3 und Burjass\u00e9nia liegen zudem auch noch an der alten R\u00f6merstrasse <a href=\"https:\/\/de.wikipedia.org\/wiki\/Via_Augusta#\/media\/Datei:Via_Augusta_map-de.svg\" target=\"_blank\" rel=\"noopener\"><em>Via Augusta<\/em><\/a>, der heutigen N-340 bzw. der alten N-340 a von Tarragona nach Valencia. Der Torre de la Burjass\u00e9nia grenzt sogar punktgenau an die alte Trasse.<\/p>\n<p><a href=\"http:\/\/menzendorff.de\/wp-content\/uploads\/2017\/07\/DSC_0160.jpg\"><img loading=\"lazy\" class=\"alignleft size-large wp-image-3172\" src=\"http:\/\/menzendorff.de\/wp-content\/uploads\/2017\/07\/DSC_0160-1024x683.jpg\" alt=\"\" width=\"625\" height=\"417\" srcset=\"http:\/\/menzendorff.de\/wp-content\/uploads\/2017\/07\/DSC_0160-1024x683.jpg 1024w, http:\/\/menzendorff.de\/wp-content\/uploads\/2017\/07\/DSC_0160-300x200.jpg 300w, http:\/\/menzendorff.de\/wp-content\/uploads\/2017\/07\/DSC_0160-768x512.jpg 768w, http:\/\/menzendorff.de\/wp-content\/uploads\/2017\/07\/DSC_0160-624x416.jpg 624w\" sizes=\"(max-width: 625px) 100vw, 625px\" \/><\/a><\/p>\n<p style=\"text-align: center;\">Mas de Bujass\u00e9nia, direkt an der alten R\u00f6merstra\u00dfe N-340 a<\/p>\n<p>Als ich vor Ort war, wu\u00dfte ich noch nicht, dass die R\u00f6merstra\u00dfe hier vorbeif\u00fchrte. Das ergab sich erst aus der Lagekarte. Ich vermute daher, dass die S\u00e4ulen von einer Einrichtung an der alten R\u00f6merstra\u00dfe stammen, was bedeuten k\u00f6nnte, dass die Templer hier vielleicht eine Stra\u00dfenstation aus der R\u00f6merzeit &#8222;wiederbelebt&#8220; haben. Das ist aber nur eine Arbeitshypothese. Ich habe bisher noch nichts dazu in der Literaur gefunden.<\/p>\n<p>Nach dieser Entdeckung sahen wir den Reisbauern im Ebro-Delta etwas bei der Arbeit zu, wie sie mit Spezialtraktoren die schlammigen Reisbecken bearbeiteten. Diese Fahrzeuge haben keine R\u00e4der, sondern Lamellenwalzen, die an Heck-Schaufelr\u00e4der von alten Flussschiffen erinnern.<\/p>\n<p>Anschlie\u00dfend fuhren wir in das sch\u00f6ne \u00d6rtchen Sant Carles de la R\u00e0pita &#8211; das ganz im S\u00fcden an der Grenze von Katalonien liegt &#8211; und g\u00f6nnten uns dort ein leckeres Mittagessen mit Muscheln als Vorspeise und Paella als Hauptgericht, tranken ein paar Gl\u00e4ser krachend kaltend Weisswein dazu und legten uns anschlie\u00dfen gl\u00fccklich und zufrieden zum Mittagsschl\u00e4fchen ans Meer. Das Leben kann so sch\u00f6n sein &#8230;.<\/p>\n<h3>5. Horta de Sant Joan<\/h3>\n<p>Am n\u00e4chsten Tag brachen wir gleich nach dem Fr\u00fchst\u00fcck in Richtung Norden auf, in die Comarca Terra Alta. Es standen f\u00fcnf Orte auf dem Plan, die nicht allzuweit auseinanderlagen und mehr oder weniger mit dem Templerorden in Verbindung zu bringen sind. Das erste Ziel war Horta de Sant Joan.<\/p>\n<p>Die Ortschaft wurde von Alfons, dem Trobadour, genannt auch &#8222;el Cast&#8220; 1160 erobert und er \u00fcbertrug die Herrschaft \u00fcber sie im Jahre 1174 an die Templer (<a href=\"https:\/\/ca.wikipedia.org\/wiki\/Nucli_antic_d%27Horta_de_Sant_Joan\" target=\"_blank\" rel=\"noopener\">wikipedia<\/a>) .\u00a0 Um 1185 erhielten die Templer vom Bischof von Tortosa s\u00e4mtliche Rechte \u00fcber die ganze Ortschaft (Fuguet y Plaza, S. 105).<\/p>\n<p><a href=\"http:\/\/menzendorff.de\/wp-content\/uploads\/2019\/07\/DSC_0342.jpg\"><img loading=\"lazy\" class=\"alignleft size-large wp-image-3143\" src=\"http:\/\/menzendorff.de\/wp-content\/uploads\/2019\/07\/DSC_0342-1024x683.jpg\" alt=\"\" width=\"625\" height=\"417\" srcset=\"http:\/\/menzendorff.de\/wp-content\/uploads\/2019\/07\/DSC_0342-1024x683.jpg 1024w, http:\/\/menzendorff.de\/wp-content\/uploads\/2019\/07\/DSC_0342-300x200.jpg 300w, http:\/\/menzendorff.de\/wp-content\/uploads\/2019\/07\/DSC_0342-768x512.jpg 768w, http:\/\/menzendorff.de\/wp-content\/uploads\/2019\/07\/DSC_0342-624x416.jpg 624w\" sizes=\"(max-width: 625px) 100vw, 625px\" \/><\/a><\/p>\n<p style=\"text-align: center;\">Kirchplatz Sankt Johannes in Horta de Sant Joan<\/p>\n<p><a href=\"http:\/\/menzendorff.de\/wp-content\/uploads\/2019\/07\/DSC_0343.jpg\"><img loading=\"lazy\" class=\"alignleft size-large wp-image-3144\" src=\"http:\/\/menzendorff.de\/wp-content\/uploads\/2019\/07\/DSC_0343-1024x683.jpg\" alt=\"\" width=\"625\" height=\"417\" srcset=\"http:\/\/menzendorff.de\/wp-content\/uploads\/2019\/07\/DSC_0343-1024x683.jpg 1024w, http:\/\/menzendorff.de\/wp-content\/uploads\/2019\/07\/DSC_0343-300x200.jpg 300w, http:\/\/menzendorff.de\/wp-content\/uploads\/2019\/07\/DSC_0343-768x512.jpg 768w, http:\/\/menzendorff.de\/wp-content\/uploads\/2019\/07\/DSC_0343-624x416.jpg 624w\" sizes=\"(max-width: 625px) 100vw, 625px\" \/><\/a><\/p>\n<p style=\"text-align: center;\">Alle H\u00e4user hier stammen aus dem Mittelalter und geh\u00f6rten einst den Templern.<a href=\"http:\/\/menzendorff.de\/wp-content\/uploads\/2019\/07\/DSC_0344.jpg\"><img loading=\"lazy\" class=\"alignleft size-large wp-image-3145\" src=\"http:\/\/menzendorff.de\/wp-content\/uploads\/2019\/07\/DSC_0344-1024x683.jpg\" alt=\"\" width=\"625\" height=\"417\" srcset=\"http:\/\/menzendorff.de\/wp-content\/uploads\/2019\/07\/DSC_0344-1024x683.jpg 1024w, http:\/\/menzendorff.de\/wp-content\/uploads\/2019\/07\/DSC_0344-300x200.jpg 300w, http:\/\/menzendorff.de\/wp-content\/uploads\/2019\/07\/DSC_0344-768x512.jpg 768w, http:\/\/menzendorff.de\/wp-content\/uploads\/2019\/07\/DSC_0344-624x416.jpg 624w\" sizes=\"(max-width: 625px) 100vw, 625px\" \/><\/a><\/p>\n<p style=\"text-align: center;\">Fenstersturz aus dem 13. Jhr.<\/p>\n<p><a href=\"http:\/\/menzendorff.de\/wp-content\/uploads\/2019\/07\/DSC_0347.jpg\"><img loading=\"lazy\" class=\"alignleft size-large wp-image-3146\" src=\"http:\/\/menzendorff.de\/wp-content\/uploads\/2019\/07\/DSC_0347-1024x683.jpg\" alt=\"\" width=\"625\" height=\"417\" srcset=\"http:\/\/menzendorff.de\/wp-content\/uploads\/2019\/07\/DSC_0347-1024x683.jpg 1024w, http:\/\/menzendorff.de\/wp-content\/uploads\/2019\/07\/DSC_0347-300x200.jpg 300w, http:\/\/menzendorff.de\/wp-content\/uploads\/2019\/07\/DSC_0347-768x512.jpg 768w, http:\/\/menzendorff.de\/wp-content\/uploads\/2019\/07\/DSC_0347-624x416.jpg 624w\" sizes=\"(max-width: 625px) 100vw, 625px\" \/><\/a><\/p>\n<p style=\"text-align: center;\">Stra\u00dfenschild: Stra\u00dfe der Ritter<\/p>\n<p><a href=\"http:\/\/menzendorff.de\/wp-content\/uploads\/2019\/07\/DSC_0354.jpg\"><img loading=\"lazy\" class=\"alignleft size-large wp-image-3148\" src=\"http:\/\/menzendorff.de\/wp-content\/uploads\/2019\/07\/DSC_0354-1024x683.jpg\" alt=\"\" width=\"625\" height=\"417\" srcset=\"http:\/\/menzendorff.de\/wp-content\/uploads\/2019\/07\/DSC_0354-1024x683.jpg 1024w, http:\/\/menzendorff.de\/wp-content\/uploads\/2019\/07\/DSC_0354-300x200.jpg 300w, http:\/\/menzendorff.de\/wp-content\/uploads\/2019\/07\/DSC_0354-768x512.jpg 768w, http:\/\/menzendorff.de\/wp-content\/uploads\/2019\/07\/DSC_0354-624x416.jpg 624w\" sizes=\"(max-width: 625px) 100vw, 625px\" \/><\/a><\/p>\n<p style=\"text-align: center;\">Der hl. Georg, Schutzpatron der Templer<\/p>\n<p><a href=\"http:\/\/menzendorff.de\/wp-content\/uploads\/2019\/07\/DSC_0350.jpg\"><img loading=\"lazy\" class=\"alignleft size-large wp-image-3147\" src=\"http:\/\/menzendorff.de\/wp-content\/uploads\/2019\/07\/DSC_0350-1024x683.jpg\" alt=\"\" width=\"625\" height=\"417\" srcset=\"http:\/\/menzendorff.de\/wp-content\/uploads\/2019\/07\/DSC_0350-1024x683.jpg 1024w, http:\/\/menzendorff.de\/wp-content\/uploads\/2019\/07\/DSC_0350-300x200.jpg 300w, http:\/\/menzendorff.de\/wp-content\/uploads\/2019\/07\/DSC_0350-768x512.jpg 768w, http:\/\/menzendorff.de\/wp-content\/uploads\/2019\/07\/DSC_0350-624x416.jpg 624w\" sizes=\"(max-width: 625px) 100vw, 625px\" \/><\/a><\/p>\n<p style=\"text-align: center;\">Kirchplatz<\/p>\n<p>Nicht im Ort, sondern vielmehr gegen\u00fcber &#8211; getrennt durch das Tal des Barranco de Vilans &#8211; befindet der ehemalige Templerkonvent Sant Salvador. Mit dem Auto dahin zu gelangen, erwies sich als nicht einfach, aber es gelang schlie\u00dflich doch.<\/p>\n<h3>Monastir Sant Salvador d&#8217;Horta<\/h3>\n<p>Die Templer hatten ihren Konvent und Ihren Sitz f\u00fcr die Herrschaft \u00fcber Horta in dem etwa zwei Kilometer au\u00dferhalb von Horta liegenden Kloster, das zur Zeit der Templer Santa Maria dels \u00c0ngels genannt wurde. Die Johanniter haben das Kloster nach Aufl\u00f6sung des Templerordens noch bis ins 16. Jahrhundert fortgef\u00fchrt und ausgebaut (Fuguet y Plaza, S. 105).<\/p>\n<p><a href=\"http:\/\/menzendorff.de\/wp-content\/uploads\/2019\/07\/DSC_0363.jpg\"><img loading=\"lazy\" class=\"alignleft size-large wp-image-3149\" src=\"http:\/\/menzendorff.de\/wp-content\/uploads\/2019\/07\/DSC_0363-1024x683.jpg\" alt=\"\" width=\"625\" height=\"417\" srcset=\"http:\/\/menzendorff.de\/wp-content\/uploads\/2019\/07\/DSC_0363-1024x683.jpg 1024w, http:\/\/menzendorff.de\/wp-content\/uploads\/2019\/07\/DSC_0363-300x200.jpg 300w, http:\/\/menzendorff.de\/wp-content\/uploads\/2019\/07\/DSC_0363-768x512.jpg 768w, http:\/\/menzendorff.de\/wp-content\/uploads\/2019\/07\/DSC_0363-624x416.jpg 624w\" sizes=\"(max-width: 625px) 100vw, 625px\" \/><\/a><\/p>\n<p style=\"text-align: center;\">Westfassade des Klosters St. Salvador<\/p>\n<p><a href=\"http:\/\/menzendorff.de\/wp-content\/uploads\/2019\/07\/DSC_0388.jpg\"><img loading=\"lazy\" class=\"alignleft size-large wp-image-3150\" src=\"http:\/\/menzendorff.de\/wp-content\/uploads\/2019\/07\/DSC_0388-1024x683.jpg\" alt=\"\" width=\"625\" height=\"417\" srcset=\"http:\/\/menzendorff.de\/wp-content\/uploads\/2019\/07\/DSC_0388-1024x683.jpg 1024w, http:\/\/menzendorff.de\/wp-content\/uploads\/2019\/07\/DSC_0388-300x200.jpg 300w, http:\/\/menzendorff.de\/wp-content\/uploads\/2019\/07\/DSC_0388-768x512.jpg 768w, http:\/\/menzendorff.de\/wp-content\/uploads\/2019\/07\/DSC_0388-624x416.jpg 624w\" sizes=\"(max-width: 625px) 100vw, 625px\" \/><\/a><\/p>\n<p style=\"text-align: center;\">sog. schwarze Madonna, nach Mitteilung der Buchautorin und Bloggerin <a href=\"https:\/\/www.koeppel-sw.de\/\" target=\"_blank\" rel=\"noopener\">Helene Luise K\u00f6ppel<\/a> handelt es sich um eine Kopie der Montserrat-Madonna<\/p>\n<p>Wer \u00fcber die schwarze Madonna, ihre Bedeutung und Ausbreitung mehr erfahren m\u00f6chte, wird etwa bei Ean Begg, The Cult of the Black Virgin, oder bei Jean Hani, La vierge noire et le myst\u00e8re marial Antworten finden. Das w\u00fcrde den Rahmen hier sprengen.<\/p>\n<p><a href=\"http:\/\/menzendorff.de\/wp-content\/uploads\/2019\/07\/DSC_0401.jpg\"><img loading=\"lazy\" class=\"alignleft size-large wp-image-3151\" src=\"http:\/\/menzendorff.de\/wp-content\/uploads\/2019\/07\/DSC_0401-1024x683.jpg\" alt=\"\" width=\"625\" height=\"417\" srcset=\"http:\/\/menzendorff.de\/wp-content\/uploads\/2019\/07\/DSC_0401-1024x683.jpg 1024w, http:\/\/menzendorff.de\/wp-content\/uploads\/2019\/07\/DSC_0401-300x200.jpg 300w, http:\/\/menzendorff.de\/wp-content\/uploads\/2019\/07\/DSC_0401-768x512.jpg 768w, http:\/\/menzendorff.de\/wp-content\/uploads\/2019\/07\/DSC_0401-624x416.jpg 624w\" sizes=\"(max-width: 625px) 100vw, 625px\" \/><\/a><\/p>\n<p style=\"text-align: center;\">Handwerkerwappen am Hauptportal<\/p>\n<p><a href=\"http:\/\/menzendorff.de\/wp-content\/uploads\/2019\/07\/DSC_0417.jpg\"><img loading=\"lazy\" class=\"alignleft size-large wp-image-3153\" src=\"http:\/\/menzendorff.de\/wp-content\/uploads\/2019\/07\/DSC_0417-1024x683.jpg\" alt=\"\" width=\"625\" height=\"417\" srcset=\"http:\/\/menzendorff.de\/wp-content\/uploads\/2019\/07\/DSC_0417-1024x683.jpg 1024w, http:\/\/menzendorff.de\/wp-content\/uploads\/2019\/07\/DSC_0417-300x200.jpg 300w, http:\/\/menzendorff.de\/wp-content\/uploads\/2019\/07\/DSC_0417-768x512.jpg 768w, http:\/\/menzendorff.de\/wp-content\/uploads\/2019\/07\/DSC_0417-624x416.jpg 624w\" sizes=\"(max-width: 625px) 100vw, 625px\" \/><\/a><\/p>\n<p style=\"text-align: center;\">Die Ostapsis der Klosterkirche<\/p>\n<p><a href=\"http:\/\/menzendorff.de\/wp-content\/uploads\/2019\/07\/DSC_0412.jpg\"><img loading=\"lazy\" class=\"alignleft size-large wp-image-3152\" src=\"http:\/\/menzendorff.de\/wp-content\/uploads\/2019\/07\/DSC_0412-1024x683.jpg\" alt=\"\" width=\"625\" height=\"417\" srcset=\"http:\/\/menzendorff.de\/wp-content\/uploads\/2019\/07\/DSC_0412-1024x683.jpg 1024w, http:\/\/menzendorff.de\/wp-content\/uploads\/2019\/07\/DSC_0412-300x200.jpg 300w, http:\/\/menzendorff.de\/wp-content\/uploads\/2019\/07\/DSC_0412-768x512.jpg 768w, http:\/\/menzendorff.de\/wp-content\/uploads\/2019\/07\/DSC_0412-624x416.jpg 624w\" sizes=\"(max-width: 625px) 100vw, 625px\" \/><\/a><\/p>\n<p style=\"text-align: center;\">Blick vom Kloster auf die Ortschaft Horta de Sant Joan<\/p>\n<h3>6. Bot<\/h3>\n<p>Die kleine Ortschaft Bot liegt auf halbem Wege von Horta zu unserem n\u00e4chsten Ziel Batea. Sie geh\u00f6rte als &#8222;Zweigniederlassung&#8220; zur Komturei von Horta (Fuguet y Plaza, S. 105). Das einzige, was noch an die Templer erinnert, ist ein Templerkreuz im Ortswappen.<\/p>\n<p><a href=\"http:\/\/menzendorff.de\/wp-content\/uploads\/2017\/07\/DSC_0432-1.jpg\"><img loading=\"lazy\" class=\"alignleft size-large wp-image-3192\" src=\"http:\/\/menzendorff.de\/wp-content\/uploads\/2017\/07\/DSC_0432-1-1024x652.jpg\" alt=\"\" width=\"625\" height=\"398\" srcset=\"http:\/\/menzendorff.de\/wp-content\/uploads\/2017\/07\/DSC_0432-1-1024x652.jpg 1024w, http:\/\/menzendorff.de\/wp-content\/uploads\/2017\/07\/DSC_0432-1-300x191.jpg 300w, http:\/\/menzendorff.de\/wp-content\/uploads\/2017\/07\/DSC_0432-1-768x489.jpg 768w, http:\/\/menzendorff.de\/wp-content\/uploads\/2017\/07\/DSC_0432-1-624x398.jpg 624w\" sizes=\"(max-width: 625px) 100vw, 625px\" \/><\/a><\/p>\n<p style=\"text-align: center;\">Steinkreuz von Bot<\/p>\n<p>Im Buch von Fuguet und Plaza, das aus dem Jahre 2005 stammt, ist von diesem Steinkreuz eine Zeichnung abgebildet und es wurde beschrieben, dass die Wappen sehr verwittert seien. Wir trafen das Steinkreuz erst k\u00fcrzlich erneuert an. Das Ortswappen von Bots zeigt einen Ochsen und das Templerkreuz ist links davon zu sehen.<\/p>\n<h3>7. Batea<\/h3>\n<p>Batea war die faktisch die &#8222;Hauptstadt&#8220; der Unterkomturei (<em>subencomenienda<\/em>) von Algars, die mit der Burg von Miravet verbunden war (Fuguet y Plaza, S 102). Seine Gassen und Geb\u00e4ude gehen auf das Mittelalter zur\u00fcck. Es gibt kein spezifisches Geb\u00e4ude, welches als Templerhaus zu bezeichnen w\u00e4re. Wir sind durch die Strassen spaziert und haben einige Eindr\u00fccke von diesem Rundgang eingefangen:<\/p>\n<p><a href=\"http:\/\/menzendorff.de\/wp-content\/uploads\/2019\/07\/DSC_0446.jpg\"><img loading=\"lazy\" class=\"alignleft size-large wp-image-3130\" src=\"http:\/\/menzendorff.de\/wp-content\/uploads\/2019\/07\/DSC_0446-1024x683.jpg\" alt=\"\" width=\"625\" height=\"417\" srcset=\"http:\/\/menzendorff.de\/wp-content\/uploads\/2019\/07\/DSC_0446-1024x683.jpg 1024w, http:\/\/menzendorff.de\/wp-content\/uploads\/2019\/07\/DSC_0446-300x200.jpg 300w, http:\/\/menzendorff.de\/wp-content\/uploads\/2019\/07\/DSC_0446-768x512.jpg 768w, http:\/\/menzendorff.de\/wp-content\/uploads\/2019\/07\/DSC_0446-624x416.jpg 624w\" sizes=\"(max-width: 625px) 100vw, 625px\" \/><\/a><\/p>\n<p style=\"text-align: center;\">Parkplatz vor der Altstadt von Batea<\/p>\n<p><a href=\"http:\/\/menzendorff.de\/wp-content\/uploads\/2019\/07\/DSC_0448.jpg\"><img loading=\"lazy\" class=\"alignleft size-large wp-image-3131\" src=\"http:\/\/menzendorff.de\/wp-content\/uploads\/2019\/07\/DSC_0448-1024x683.jpg\" alt=\"\" width=\"625\" height=\"417\" srcset=\"http:\/\/menzendorff.de\/wp-content\/uploads\/2019\/07\/DSC_0448-1024x683.jpg 1024w, http:\/\/menzendorff.de\/wp-content\/uploads\/2019\/07\/DSC_0448-300x200.jpg 300w, http:\/\/menzendorff.de\/wp-content\/uploads\/2019\/07\/DSC_0448-768x512.jpg 768w, http:\/\/menzendorff.de\/wp-content\/uploads\/2019\/07\/DSC_0448-624x416.jpg 624w\" sizes=\"(max-width: 625px) 100vw, 625px\" \/><\/a><\/p>\n<p style=\"text-align: center;\">Hauptgasse<\/p>\n<p><a href=\"http:\/\/menzendorff.de\/wp-content\/uploads\/2019\/07\/DSC_0469.jpg\"><img loading=\"lazy\" class=\"alignleft size-large wp-image-3132\" src=\"http:\/\/menzendorff.de\/wp-content\/uploads\/2019\/07\/DSC_0469-1024x683.jpg\" alt=\"\" width=\"625\" height=\"417\" srcset=\"http:\/\/menzendorff.de\/wp-content\/uploads\/2019\/07\/DSC_0469-1024x683.jpg 1024w, http:\/\/menzendorff.de\/wp-content\/uploads\/2019\/07\/DSC_0469-300x200.jpg 300w, http:\/\/menzendorff.de\/wp-content\/uploads\/2019\/07\/DSC_0469-768x512.jpg 768w, http:\/\/menzendorff.de\/wp-content\/uploads\/2019\/07\/DSC_0469-624x416.jpg 624w\" sizes=\"(max-width: 625px) 100vw, 625px\" \/><\/a><\/p>\n<p style=\"text-align: center;\">Seitengasse mit Kapelle<\/p>\n<p><a href=\"http:\/\/menzendorff.de\/wp-content\/uploads\/2019\/07\/DSC_0471.jpg\"><img loading=\"lazy\" class=\"alignleft size-large wp-image-3133\" src=\"http:\/\/menzendorff.de\/wp-content\/uploads\/2019\/07\/DSC_0471-1024x683.jpg\" alt=\"\" width=\"625\" height=\"417\" srcset=\"http:\/\/menzendorff.de\/wp-content\/uploads\/2019\/07\/DSC_0471-1024x683.jpg 1024w, http:\/\/menzendorff.de\/wp-content\/uploads\/2019\/07\/DSC_0471-300x200.jpg 300w, http:\/\/menzendorff.de\/wp-content\/uploads\/2019\/07\/DSC_0471-768x512.jpg 768w, http:\/\/menzendorff.de\/wp-content\/uploads\/2019\/07\/DSC_0471-624x416.jpg 624w\" sizes=\"(max-width: 625px) 100vw, 625px\" \/><\/a><\/p>\n<p style=\"text-align: center;\">Diese Kapelle k\u00f6nnte in der Temnplerzeit entstanden sein, sie ist aber wohl noch einige hundert Jahre sp\u00e4ter ver\u00e4ndert worden<\/p>\n<p><a href=\"http:\/\/menzendorff.de\/wp-content\/uploads\/2019\/07\/DSC_0445.jpg\"><img loading=\"lazy\" class=\"alignleft size-large wp-image-3129\" src=\"http:\/\/menzendorff.de\/wp-content\/uploads\/2019\/07\/DSC_0445-1024x683.jpg\" alt=\"\" width=\"625\" height=\"417\" srcset=\"http:\/\/menzendorff.de\/wp-content\/uploads\/2019\/07\/DSC_0445-1024x683.jpg 1024w, http:\/\/menzendorff.de\/wp-content\/uploads\/2019\/07\/DSC_0445-300x200.jpg 300w, http:\/\/menzendorff.de\/wp-content\/uploads\/2019\/07\/DSC_0445-768x512.jpg 768w, http:\/\/menzendorff.de\/wp-content\/uploads\/2019\/07\/DSC_0445-624x416.jpg 624w\" sizes=\"(max-width: 625px) 100vw, 625px\" \/><\/a><\/p>\n<p style=\"text-align: center;\">Batea liegt also an einem Jakobsweg. Ich bin der Sache nicht nachgegangen. Ich wollte es hier nur festhalten.<\/p>\n<p>&nbsp;<\/p>\n<h3>8. Vilalba dels Arcs<\/h3>\n<p>Diese gotische Kapelle aus dem 13. bis 14. Jahrhundert wird den Templern zugeschrieben. Nach einer angebrachten Hinweistafel finden sich im Inneren der Kapelle an den Pfeilern der Joche Templerwappen und -kreuze. Leider war die Kapelle nicht von innen zu besichtigen.<\/p>\n<p><a href=\"http:\/\/menzendorff.de\/wp-content\/uploads\/2019\/07\/DSC_0479.jpg\"><img loading=\"lazy\" class=\"alignleft size-large wp-image-3134\" src=\"http:\/\/menzendorff.de\/wp-content\/uploads\/2019\/07\/DSC_0479-1024x683.jpg\" alt=\"\" width=\"625\" height=\"417\" srcset=\"http:\/\/menzendorff.de\/wp-content\/uploads\/2019\/07\/DSC_0479-1024x683.jpg 1024w, http:\/\/menzendorff.de\/wp-content\/uploads\/2019\/07\/DSC_0479-300x200.jpg 300w, http:\/\/menzendorff.de\/wp-content\/uploads\/2019\/07\/DSC_0479-768x512.jpg 768w, http:\/\/menzendorff.de\/wp-content\/uploads\/2019\/07\/DSC_0479-624x416.jpg 624w\" sizes=\"(max-width: 625px) 100vw, 625px\" \/><\/a><\/p>\n<p style=\"text-align: center;\">Templerkapelle von Vilalba dels Arcs<\/p>\n<p><a href=\"http:\/\/menzendorff.de\/wp-content\/uploads\/2019\/07\/DSC_0490.jpg\"><img loading=\"lazy\" class=\"alignleft size-large wp-image-3136\" src=\"http:\/\/menzendorff.de\/wp-content\/uploads\/2019\/07\/DSC_0490-1024x683.jpg\" alt=\"\" width=\"625\" height=\"417\" srcset=\"http:\/\/menzendorff.de\/wp-content\/uploads\/2019\/07\/DSC_0490-1024x683.jpg 1024w, http:\/\/menzendorff.de\/wp-content\/uploads\/2019\/07\/DSC_0490-300x200.jpg 300w, http:\/\/menzendorff.de\/wp-content\/uploads\/2019\/07\/DSC_0490-768x512.jpg 768w, http:\/\/menzendorff.de\/wp-content\/uploads\/2019\/07\/DSC_0490-624x416.jpg 624w\" sizes=\"(max-width: 625px) 100vw, 625px\" \/><\/a><\/p>\n<p style=\"text-align: center;\">Bauzustand der Kapelle vor der k\u00fcrzlichen Renovierung<\/p>\n<p><a href=\"http:\/\/menzendorff.de\/wp-content\/uploads\/2019\/07\/DSC_0486.jpg\"><img loading=\"lazy\" class=\"alignleft size-large wp-image-3135\" src=\"http:\/\/menzendorff.de\/wp-content\/uploads\/2019\/07\/DSC_0486-1024x683.jpg\" alt=\"\" width=\"625\" height=\"417\" srcset=\"http:\/\/menzendorff.de\/wp-content\/uploads\/2019\/07\/DSC_0486-1024x683.jpg 1024w, http:\/\/menzendorff.de\/wp-content\/uploads\/2019\/07\/DSC_0486-300x200.jpg 300w, http:\/\/menzendorff.de\/wp-content\/uploads\/2019\/07\/DSC_0486-768x512.jpg 768w, http:\/\/menzendorff.de\/wp-content\/uploads\/2019\/07\/DSC_0486-624x416.jpg 624w\" sizes=\"(max-width: 625px) 100vw, 625px\" \/><\/a><\/p>\n<p style=\"text-align: center;\">S\u00fcdseite, drei Joche, drei Fenster.<\/p>\n<p><a href=\"http:\/\/menzendorff.de\/wp-content\/uploads\/2019\/07\/1055.jpg\"><img loading=\"lazy\" class=\"alignleft size-large wp-image-3203\" src=\"http:\/\/menzendorff.de\/wp-content\/uploads\/2019\/07\/1055-1024x509.jpg\" alt=\"\" width=\"625\" height=\"311\" srcset=\"http:\/\/menzendorff.de\/wp-content\/uploads\/2019\/07\/1055-1024x509.jpg 1024w, http:\/\/menzendorff.de\/wp-content\/uploads\/2019\/07\/1055-300x149.jpg 300w, http:\/\/menzendorff.de\/wp-content\/uploads\/2019\/07\/1055-768x382.jpg 768w, http:\/\/menzendorff.de\/wp-content\/uploads\/2019\/07\/1055-624x310.jpg 624w\" sizes=\"(max-width: 625px) 100vw, 625px\" \/><\/a><\/p>\n<p style=\"text-align: center;\">S\u00fcdseite vor der Renovierung, ca 2005, Aus Fuguet y Plaza<\/p>\n<h3>8 Asc\u00f3<\/h3>\n<p>Zum Schluss erreichten wir den n\u00f6rdlichsten Punkt unserer Tagesreise, die Burgruine Asc\u00f3. Von ihr ist jedoch nicht mehr viel erhalten. Sie liegt am rechten Ufer des Ebro auf einer recht steilen Anh\u00f6he, die einen enormen Weitblick ins Land gestattet. Die Burg wurde 1182 von K\u00f6nig Alfons el Cast zum Preis von 5.000 Morabotins an die Templer \u00fcbertragen (<a href=\"https:\/\/ca.wikipedia.org\/wiki\/Castell_d%27Asc%C3%B3#\/map\/0\" target=\"_blank\" rel=\"noopener\">Wikipedia<\/a>).<\/p>\n<p><a href=\"http:\/\/menzendorff.de\/wp-content\/uploads\/2019\/07\/DSC_0532.jpg\"><img loading=\"lazy\" class=\"alignleft size-large wp-image-3138\" src=\"http:\/\/menzendorff.de\/wp-content\/uploads\/2019\/07\/DSC_0532-1024x683.jpg\" alt=\"\" width=\"625\" height=\"417\" srcset=\"http:\/\/menzendorff.de\/wp-content\/uploads\/2019\/07\/DSC_0532-1024x683.jpg 1024w, http:\/\/menzendorff.de\/wp-content\/uploads\/2019\/07\/DSC_0532-300x200.jpg 300w, http:\/\/menzendorff.de\/wp-content\/uploads\/2019\/07\/DSC_0532-768x512.jpg 768w, http:\/\/menzendorff.de\/wp-content\/uploads\/2019\/07\/DSC_0532-624x416.jpg 624w\" sizes=\"(max-width: 625px) 100vw, 625px\" \/><\/a><\/p>\n<p style=\"text-align: center;\">Blick von\u00a0 der Burg Asc\u00f3 auf das Ebrotal<\/p>\n<p><a href=\"http:\/\/menzendorff.de\/wp-content\/uploads\/2019\/07\/DSC_0543.jpg\"><img loading=\"lazy\" class=\"alignleft size-large wp-image-3139\" src=\"http:\/\/menzendorff.de\/wp-content\/uploads\/2019\/07\/DSC_0543-1024x683.jpg\" alt=\"\" width=\"625\" height=\"417\" srcset=\"http:\/\/menzendorff.de\/wp-content\/uploads\/2019\/07\/DSC_0543-1024x683.jpg 1024w, http:\/\/menzendorff.de\/wp-content\/uploads\/2019\/07\/DSC_0543-300x200.jpg 300w, http:\/\/menzendorff.de\/wp-content\/uploads\/2019\/07\/DSC_0543-768x512.jpg 768w, http:\/\/menzendorff.de\/wp-content\/uploads\/2019\/07\/DSC_0543-624x416.jpg 624w\" sizes=\"(max-width: 625px) 100vw, 625px\" \/><\/a><\/p>\n<p style=\"text-align: center;\">dito<\/p>\n<p><a href=\"http:\/\/menzendorff.de\/wp-content\/uploads\/2019\/07\/DSC_0522.jpg\"><img loading=\"lazy\" class=\"alignleft size-large wp-image-3137\" src=\"http:\/\/menzendorff.de\/wp-content\/uploads\/2019\/07\/DSC_0522-1024x683.jpg\" alt=\"\" width=\"625\" height=\"417\" srcset=\"http:\/\/menzendorff.de\/wp-content\/uploads\/2019\/07\/DSC_0522-1024x683.jpg 1024w, http:\/\/menzendorff.de\/wp-content\/uploads\/2019\/07\/DSC_0522-300x200.jpg 300w, http:\/\/menzendorff.de\/wp-content\/uploads\/2019\/07\/DSC_0522-768x512.jpg 768w, http:\/\/menzendorff.de\/wp-content\/uploads\/2019\/07\/DSC_0522-624x416.jpg 624w\" sizes=\"(max-width: 625px) 100vw, 625px\" \/><\/a><\/p>\n<p style=\"text-align: left;\">Dieser Bau ist ein Signalturm aus dem neunzehnten Jahrhundert. Seit 2014 finden bis heute umfangreiche Bauma\u00dfnahmen statt.<\/p>\n<p>Zum Schlu\u00df dieser Reise \u00fcbermittele ich Ihnen noch den Kartenausschnitt mit den einzelnen Zielen f\u00fcr Ihre Orientierung. Zum Vergr\u00f6\u00dfern bitte anklicken.<\/p>\n<p><a href=\"http:\/\/menzendorff.de\/wp-content\/uploads\/2017\/07\/Tortosa-und-Co.png\"><img loading=\"lazy\" class=\"alignleft size-large wp-image-3188\" src=\"http:\/\/menzendorff.de\/wp-content\/uploads\/2017\/07\/Tortosa-und-Co-1024x804.png\" alt=\"\" width=\"625\" height=\"491\" srcset=\"http:\/\/menzendorff.de\/wp-content\/uploads\/2017\/07\/Tortosa-und-Co-1024x804.png 1024w, http:\/\/menzendorff.de\/wp-content\/uploads\/2017\/07\/Tortosa-und-Co-300x236.png 300w, http:\/\/menzendorff.de\/wp-content\/uploads\/2017\/07\/Tortosa-und-Co-768x603.png 768w, http:\/\/menzendorff.de\/wp-content\/uploads\/2017\/07\/Tortosa-und-Co-624x490.png 624w, http:\/\/menzendorff.de\/wp-content\/uploads\/2017\/07\/Tortosa-und-Co.png 1136w\" sizes=\"(max-width: 625px) 100vw, 625px\" \/><\/a><\/p>\n<p>Hier endet unser Ausflug durch die Provinz Tarragona nun. Ich hoffe, es hat Ihnen gefallen. Und Sie besuchen meine Seite bald wieder.<\/p>\n<p>&nbsp;<\/p>\n<h3><\/h3>\n","protected":false},"excerpt":{"rendered":"<p>Im Oktober bekam meine Frau zum Geburtstag eine Reise nach Tortosa im S\u00fcden Kataloniens. Wir wollten da schon l\u00e4nger einmal hin. Es liegt ca 170 Km s\u00fcdwestlich von Barcelona. Auf der Mitte der Strecke befindet sich die Provinzhauptstadt Tarragona und der Flughafen Reus. Die \u00dcbernachtung hatte ich im Voraus im &#8222;Torre del Prior&#8220; gebucht, einer [&hellip;]<\/p>\n","protected":false},"author":2,"featured_media":0,"comment_status":"open","ping_status":"open","sticky":false,"template":"","format":"standard","meta":[],"categories":[9],"tags":[],"_links":{"self":[{"href":"http:\/\/menzendorff.de\/index.php?rest_route=\/wp\/v2\/posts\/3107"}],"collection":[{"href":"http:\/\/menzendorff.de\/index.php?rest_route=\/wp\/v2\/posts"}],"about":[{"href":"http:\/\/menzendorff.de\/index.php?rest_route=\/wp\/v2\/types\/post"}],"author":[{"embeddable":true,"href":"http:\/\/menzendorff.de\/index.php?rest_route=\/wp\/v2\/users\/2"}],"replies":[{"embeddable":true,"href":"http:\/\/menzendorff.de\/index.php?rest_route=%2Fwp%2Fv2%2Fcomments&post=3107"}],"version-history":[{"count":38,"href":"http:\/\/menzendorff.de\/index.php?rest_route=\/wp\/v2\/posts\/3107\/revisions"}],"predecessor-version":[{"id":3204,"href":"http:\/\/menzendorff.de\/index.php?rest_route=\/wp\/v2\/posts\/3107\/revisions\/3204"}],"wp:attachment":[{"href":"http:\/\/menzendorff.de\/index.php?rest_route=%2Fwp%2Fv2%2Fmedia&parent=3107"}],"wp:term":[{"taxonomy":"category","embeddable":true,"href":"http:\/\/menzendorff.de\/index.php?rest_route=%2Fwp%2Fv2%2Fcategories&post=3107"},{"taxonomy":"post_tag","embeddable":true,"href":"http:\/\/menzendorff.de\/index.php?rest_route=%2Fwp%2Fv2%2Ftags&post=3107"}],"curies":[{"name":"wp","href":"https:\/\/api.w.org\/{rel}","templated":true}]}}