{"id":3342,"date":"2022-01-16T16:14:13","date_gmt":"2022-01-16T14:14:13","guid":{"rendered":"http:\/\/menzendorff.de\/?p=3342"},"modified":"2022-01-18T20:54:58","modified_gmt":"2022-01-18T18:54:58","slug":"montfrin-dept-gard-2019","status":"publish","type":"post","link":"http:\/\/menzendorff.de\/?p=3342","title":{"rendered":"2019, Montfrin, Dept. Gard"},"content":{"rendered":"\n<p>Zum Jahreswechsel fahren wir seit einigen Jahren regelm\u00e4\u00dfig nach Katalonien und diesmal haben wir \u00fcberlegt, uns die Hinfahrt etwas komfortabler zu gestalten und eine \u00dcbernachtungspause einzulegen. Ich wollte schon l\u00e4nger die Commanderie von Montfrin im Departement Gard besuchen, also suchten wir uns eine \u00dcbernachtungsm\u00f6glichkeit in der N\u00e4he der Autobahn und der Pont-du-Gard. Nach einigen Schwierigkeiten fanden wir auch noch ein ganz passables Restaurant und die Strapazen der bisherigen Reise waren rasch vergessen. Am n\u00e4chsten Morgen, nach einem gem\u00fctlichen Fr\u00fchst\u00fcck am Kamin in unserem B &amp; B brauchten wir nur wenige Minuten, um unsere Zwischenstation zu finden. Montfrin ist ein Ort mit Ca. 3.000 Einwohnern und recht schmalen Gassen, durch die wir uns lieber zu Fu\u00df bewegten. Nach wenigen Minuten fanden wir die ehemalige Templer-Kirche und anschlie\u00dfend das einen ganzen H\u00e4userblock umfassende Areal der ehemaligen Templer-Komturei.<\/p>\n\n\n\n<figure class=\"wp-block-image size-large\"><a href=\"http:\/\/menzendorff.de\/wp-content\/uploads\/2022\/01\/DSC_0196-scaled.jpg\"><img loading=\"lazy\" width=\"683\" height=\"1024\" src=\"http:\/\/menzendorff.de\/wp-content\/uploads\/2022\/01\/DSC_0196-683x1024.jpg\" alt=\"\" class=\"wp-image-3343\" srcset=\"http:\/\/menzendorff.de\/wp-content\/uploads\/2022\/01\/DSC_0196-683x1024.jpg 683w, http:\/\/menzendorff.de\/wp-content\/uploads\/2022\/01\/DSC_0196-200x300.jpg 200w, http:\/\/menzendorff.de\/wp-content\/uploads\/2022\/01\/DSC_0196-768x1152.jpg 768w, http:\/\/menzendorff.de\/wp-content\/uploads\/2022\/01\/DSC_0196-scaled.jpg 1707w\" sizes=\"(max-width: 683px) 100vw, 683px\" \/><\/a><figcaption>\u00c9glise Notre-Dame de Malpas, Foto M.Menzendorff<\/figcaption><\/figure>\n\n\n\n<p>Die Kirche wurde zusammen mit einem Krankenhaus im Jahre 1178 von den Templern als Partner-Kommende zu St. Gilles errichtet (Aubarbier, Les sites templiers en Provence, Languedoc,..) und durch die Rechtsnachfolger der Templer, die Johanniter, anschlie\u00dfend kaum ver\u00e4ndert. Wie der Name der Kirche &#8222;Malpas&#8220; anzeigt, befindet sie sich an der von den R\u00f6mern bereits benutzen Fernstra\u00dfe &#8222;via domitia&#8220; &#8211; Teilstrecke von Avignon nach N\u00eemes &#8211; etwa auf der halben Wegstrecke (Distanz 2 x 21 Km, sehr bequeme Tagesetappen) am rechten Rh\u00f4ne-Ufer.<\/p>\n\n\n\n<figure class=\"wp-block-image size-large\"><a href=\"http:\/\/menzendorff.de\/wp-content\/uploads\/2022\/01\/DSC_0232-scaled.jpg\"><img loading=\"lazy\" width=\"683\" height=\"1024\" src=\"http:\/\/menzendorff.de\/wp-content\/uploads\/2022\/01\/DSC_0232-683x1024.jpg\" alt=\"\" class=\"wp-image-3344\" srcset=\"http:\/\/menzendorff.de\/wp-content\/uploads\/2022\/01\/DSC_0232-683x1024.jpg 683w, http:\/\/menzendorff.de\/wp-content\/uploads\/2022\/01\/DSC_0232-200x300.jpg 200w, http:\/\/menzendorff.de\/wp-content\/uploads\/2022\/01\/DSC_0232-768x1152.jpg 768w, http:\/\/menzendorff.de\/wp-content\/uploads\/2022\/01\/DSC_0232-scaled.jpg 1707w\" sizes=\"(max-width: 683px) 100vw, 683px\" \/><\/a><figcaption>Turm an der nordwestlichen Ecke des Templerviertels.<\/figcaption><\/figure>\n\n\n\n<figure class=\"wp-block-image size-large\"><a href=\"http:\/\/menzendorff.de\/wp-content\/uploads\/2022\/01\/DSC_0237-scaled.jpg\"><img loading=\"lazy\" width=\"1024\" height=\"683\" src=\"http:\/\/menzendorff.de\/wp-content\/uploads\/2022\/01\/DSC_0237-1024x683.jpg\" alt=\"\" class=\"wp-image-3346\" srcset=\"http:\/\/menzendorff.de\/wp-content\/uploads\/2022\/01\/DSC_0237-1024x683.jpg 1024w, http:\/\/menzendorff.de\/wp-content\/uploads\/2022\/01\/DSC_0237-300x200.jpg 300w, http:\/\/menzendorff.de\/wp-content\/uploads\/2022\/01\/DSC_0237-768x512.jpg 768w, http:\/\/menzendorff.de\/wp-content\/uploads\/2022\/01\/DSC_0237-1536x1024.jpg 1536w\" sizes=\"(max-width: 1024px) 100vw, 1024px\" \/><\/a><figcaption>Blick durch das Haupttor in den Innenhof der ehem. Komturei<\/figcaption><\/figure>\n\n\n\n<figure class=\"wp-block-image size-large\"><a href=\"http:\/\/menzendorff.de\/wp-content\/uploads\/2022\/01\/DSC_0236-scaled.jpg\"><img loading=\"lazy\" width=\"1024\" height=\"683\" src=\"http:\/\/menzendorff.de\/wp-content\/uploads\/2022\/01\/DSC_0236-1024x683.jpg\" alt=\"\" class=\"wp-image-3345\" srcset=\"http:\/\/menzendorff.de\/wp-content\/uploads\/2022\/01\/DSC_0236-1024x683.jpg 1024w, http:\/\/menzendorff.de\/wp-content\/uploads\/2022\/01\/DSC_0236-300x200.jpg 300w, http:\/\/menzendorff.de\/wp-content\/uploads\/2022\/01\/DSC_0236-768x512.jpg 768w, http:\/\/menzendorff.de\/wp-content\/uploads\/2022\/01\/DSC_0236-1536x1024.jpg 1536w\" sizes=\"(max-width: 1024px) 100vw, 1024px\" \/><\/a><\/figure>\n\n\n\n<p>Mit diesem Bild vom Haupttor verabschiedeten wir uns von Montfrin und brachen auf zu unserem n\u00e4chsten Zwischenstop im Departement Aude:<\/p>\n\n\n\n<figure class=\"wp-block-image size-large\"><a href=\"http:\/\/menzendorff.de\/wp-content\/uploads\/2022\/01\/20191227_141252-scaled.jpg\"><img loading=\"lazy\" width=\"576\" height=\"1024\" src=\"http:\/\/menzendorff.de\/wp-content\/uploads\/2022\/01\/20191227_141252-576x1024.jpg\" alt=\"\" class=\"wp-image-3350\" srcset=\"http:\/\/menzendorff.de\/wp-content\/uploads\/2022\/01\/20191227_141252-576x1024.jpg 576w, http:\/\/menzendorff.de\/wp-content\/uploads\/2022\/01\/20191227_141252-169x300.jpg 169w, http:\/\/menzendorff.de\/wp-content\/uploads\/2022\/01\/20191227_141252-768x1365.jpg 768w, http:\/\/menzendorff.de\/wp-content\/uploads\/2022\/01\/20191227_141252-864x1536.jpg 864w, http:\/\/menzendorff.de\/wp-content\/uploads\/2022\/01\/20191227_141252-scaled.jpg 1440w\" sizes=\"(max-width: 576px) 100vw, 576px\" \/><\/a><\/figure>\n\n\n\n<p>Ein Wiedersehen nach einem Jahrzehnt mit dem alten Freund, dem Westgoten-Forscher Udo Vits im sagenumwobenen und legend\u00e4ren Ort <strong>Rennes-le-Ch\u00e2teau<\/strong>.<\/p>\n\n\n\n<p>In Katalonien entdeckte ich per Zufall noch ein anderes Bauwerk, was auch nichts mit den Templern zu tun hat, aber mich sehr faszinierte. Eine der \u00e4ltesten Kirchen in Katalonien:<\/p>\n\n\n\n<figure class=\"wp-block-image size-large\"><a href=\"http:\/\/menzendorff.de\/wp-content\/uploads\/2022\/01\/20191229_135759-scaled.jpg\"><img loading=\"lazy\" width=\"1024\" height=\"576\" src=\"http:\/\/menzendorff.de\/wp-content\/uploads\/2022\/01\/20191229_135759-1024x576.jpg\" alt=\"\" class=\"wp-image-3351\" srcset=\"http:\/\/menzendorff.de\/wp-content\/uploads\/2022\/01\/20191229_135759-1024x576.jpg 1024w, http:\/\/menzendorff.de\/wp-content\/uploads\/2022\/01\/20191229_135759-300x169.jpg 300w, http:\/\/menzendorff.de\/wp-content\/uploads\/2022\/01\/20191229_135759-768x432.jpg 768w, http:\/\/menzendorff.de\/wp-content\/uploads\/2022\/01\/20191229_135759-1536x864.jpg 1536w, http:\/\/menzendorff.de\/wp-content\/uploads\/2022\/01\/20191229_135759-2048x1152.jpg 2048w\" sizes=\"(max-width: 1024px) 100vw, 1024px\" \/><\/a><figcaption>St. Julia de Boada, mozzarabischer Baustil, 9. Jahrhundert<\/figcaption><\/figure>\n\n\n\n<p>Dieser winzige Ort ging aus einer Einsiedelei hervor, die entlang der alten Fernstra\u00dfe von Pals nach La Bisbal errichtet wurde. Abends wurde dann Sylvester gefeiert und damit schlie\u00dfe ich diesen Bericht.<\/p>\n","protected":false},"excerpt":{"rendered":"<p>Zum Jahreswechsel fahren wir seit einigen Jahren regelm\u00e4\u00dfig nach Katalonien und diesmal haben wir \u00fcberlegt, uns die Hinfahrt etwas komfortabler zu gestalten und eine \u00dcbernachtungspause einzulegen. Ich wollte schon l\u00e4nger die Commanderie von Montfrin im Departement Gard besuchen, also suchten wir uns eine \u00dcbernachtungsm\u00f6glichkeit in der N\u00e4he der Autobahn und der Pont-du-Gard. Nach einigen Schwierigkeiten [&hellip;]<\/p>\n","protected":false},"author":2,"featured_media":0,"comment_status":"open","ping_status":"open","sticky":false,"template":"","format":"standard","meta":[],"categories":[16],"tags":[31,33,32,34],"_links":{"self":[{"href":"http:\/\/menzendorff.de\/index.php?rest_route=\/wp\/v2\/posts\/3342"}],"collection":[{"href":"http:\/\/menzendorff.de\/index.php?rest_route=\/wp\/v2\/posts"}],"about":[{"href":"http:\/\/menzendorff.de\/index.php?rest_route=\/wp\/v2\/types\/post"}],"author":[{"embeddable":true,"href":"http:\/\/menzendorff.de\/index.php?rest_route=\/wp\/v2\/users\/2"}],"replies":[{"embeddable":true,"href":"http:\/\/menzendorff.de\/index.php?rest_route=%2Fwp%2Fv2%2Fcomments&post=3342"}],"version-history":[{"count":8,"href":"http:\/\/menzendorff.de\/index.php?rest_route=\/wp\/v2\/posts\/3342\/revisions"}],"predecessor-version":[{"id":3363,"href":"http:\/\/menzendorff.de\/index.php?rest_route=\/wp\/v2\/posts\/3342\/revisions\/3363"}],"wp:attachment":[{"href":"http:\/\/menzendorff.de\/index.php?rest_route=%2Fwp%2Fv2%2Fmedia&parent=3342"}],"wp:term":[{"taxonomy":"category","embeddable":true,"href":"http:\/\/menzendorff.de\/index.php?rest_route=%2Fwp%2Fv2%2Fcategories&post=3342"},{"taxonomy":"post_tag","embeddable":true,"href":"http:\/\/menzendorff.de\/index.php?rest_route=%2Fwp%2Fv2%2Ftags&post=3342"}],"curies":[{"name":"wp","href":"https:\/\/api.w.org\/{rel}","templated":true}]}}