{"id":335,"date":"2013-11-17T23:07:02","date_gmt":"2013-11-17T21:07:02","guid":{"rendered":"http:\/\/menzendorff.de\/?p=335"},"modified":"2019-04-21T14:37:21","modified_gmt":"2019-04-21T12:37:21","slug":"2013-november-elsass","status":"publish","type":"post","link":"http:\/\/menzendorff.de\/?p=335","title":{"rendered":"2013, November, Elsass"},"content":{"rendered":"<p>Im November konnte ich einen Messebesuch in Basel damit verbinden, noch ausstehende (angebliche?) Templerorte oder -reste im Elsass zu inspizieren.<\/p>\n<p>&nbsp;<\/p>\n<p><strong>1. Haguenau<\/strong><\/p>\n<p>Ob die Templer hier in Haguenau beg\u00fctert waren ist zweifelhaft bis unwahrscheinlich. Nur bei Aubarbier (S. 61) habe ich einen solchen Hinweis gefunden, andere Quellen schweigen. Immerhin gibt es eine beeindruckende <strong><em>porte des<\/em><em> Chevaliers<\/em><\/strong>, die sich am M<em>arch\u00e9e aux bestiaux<\/em> befindet.<\/p>\n<p style=\"text-align: center;\"><a href=\"http:\/\/menzendorff.de\/wp-content\/uploads\/2013\/11\/DSC09480.jpg\"><img loading=\"lazy\" class=\"aligncenter size-full wp-image-336\" src=\"http:\/\/menzendorff.de\/wp-content\/uploads\/2013\/11\/DSC09480.jpg\" alt=\"SONY DSC\" width=\"2896\" height=\"1936\" srcset=\"http:\/\/menzendorff.de\/wp-content\/uploads\/2013\/11\/DSC09480.jpg 2896w, http:\/\/menzendorff.de\/wp-content\/uploads\/2013\/11\/DSC09480-300x200.jpg 300w, http:\/\/menzendorff.de\/wp-content\/uploads\/2013\/11\/DSC09480-1024x684.jpg 1024w, http:\/\/menzendorff.de\/wp-content\/uploads\/2013\/11\/DSC09480-624x417.jpg 624w\" sizes=\"(max-width: 2896px) 100vw, 2896px\" \/><\/a><em>Tour des Chevaliers<\/em>, <strong>67500 Haguenau<\/strong><\/p>\n<p style=\"text-align: left;\"><a href=\"http:\/\/menzendorff.de\/wp-content\/uploads\/2013\/11\/DSC09483.jpg\"><img loading=\"lazy\" class=\"aligncenter size-full wp-image-337\" src=\"http:\/\/menzendorff.de\/wp-content\/uploads\/2013\/11\/DSC09483.jpg\" alt=\"SONY DSC\" width=\"2896\" height=\"1936\" srcset=\"http:\/\/menzendorff.de\/wp-content\/uploads\/2013\/11\/DSC09483.jpg 2896w, http:\/\/menzendorff.de\/wp-content\/uploads\/2013\/11\/DSC09483-300x200.jpg 300w, http:\/\/menzendorff.de\/wp-content\/uploads\/2013\/11\/DSC09483-1024x684.jpg 1024w, http:\/\/menzendorff.de\/wp-content\/uploads\/2013\/11\/DSC09483-624x417.jpg 624w\" sizes=\"(max-width: 2896px) 100vw, 2896px\" \/><\/a>und diese Sehensw\u00fcrdigkeit stammt immerhin aus der richtigen Zeit<\/p>\n<p><strong>2. Westhoffen<\/strong><\/p>\n<p>Auch in Westhoffen ist eine ehemalige Templerpr\u00e4senz ungewiss. Aubarbier (a.a.O.) schreibt die dortige <strong>Rosenbourg <\/strong>den Templern zu. Das ist aber umstritten. Am Stadtmuseum des Rathauses war ein kurzer Abriss der Geschichte des Ortes Westhoffen, dessen Name seit 739 aktenkundig ist. Vorher waren dort bereits die R\u00f6mer (Weinanbau) und die Merowinger ans\u00e4ssig. Von Templern war keine Rede.<\/p>\n<p>Hier gibt es weitere Informationen zu Westhoffen:<\/p>\n<p><a title=\"weitere Infos zu der Rosenbourg\" href=\"http:\/\/www.chateauxforts-alsace.org\/page_consultation.php?page=230\" target=\"_blank\" rel=\"noopener\">http:\/\/www.chateauxforts-alsace.org\/page_consultation.php?page=230<\/a><\/p>\n<p><a href=\"http:\/\/menzendorff.de\/wp-content\/uploads\/2013\/11\/2967.jpg\"><img loading=\"lazy\" class=\"aligncenter size-full wp-image-338\" src=\"http:\/\/menzendorff.de\/wp-content\/uploads\/2013\/11\/2967.jpg\" alt=\"2967\" width=\"250\" height=\"170\" \/><\/a><\/p>\n<p>Fr\u00fcher war die Rosenbourg mit Mauern und Wacht\u00fcrmen befestigt.<\/p>\n<p><a href=\"http:\/\/menzendorff.de\/wp-content\/uploads\/2013\/11\/2971.jpg\"><img loading=\"lazy\" class=\"aligncenter size-full wp-image-339\" src=\"http:\/\/menzendorff.de\/wp-content\/uploads\/2013\/11\/2971.jpg\" alt=\"2971\" width=\"250\" height=\"183\" \/><\/a><\/p>\n<p>Kein Schild f\u00fchrte zur ehemaligen Burg. Am Rathaus wurde nur verraten, dass sich die Burg in unmittelbarer N\u00e4he zur Kirche befunden haben muss. Das Geb\u00e4ude sei in ein Geh\u00f6ft (ferme) umgewandelt worden.\u00a0 Ich suchte die Stelle auf. Von der Kirche aus konnte man die Spitze eines hohen rosafarbenen und turmf\u00f6rmigen Geb\u00e4udes erkennen. Von der Strasse aus war aber kein Zugang m\u00f6glich. Man h\u00e4tte in private H\u00f6fe hineinmarschieren m\u00fcssen. Weil die Kirche schon am Ortsrand lag, versuchte ich, ausserhalb des Ortes eine Strasse zu finden, von der man aus die ehemalige Burg am Ortsrand h\u00e4tte sehen k\u00f6nnen. Das gelang schliesslich:<\/p>\n<p><a href=\"http:\/\/menzendorff.de\/wp-content\/uploads\/2013\/11\/DSC09486.jpg\"><img loading=\"lazy\" class=\"aligncenter size-full wp-image-340\" src=\"http:\/\/menzendorff.de\/wp-content\/uploads\/2013\/11\/DSC09486.jpg\" alt=\"SONY DSC\" width=\"2896\" height=\"1936\" srcset=\"http:\/\/menzendorff.de\/wp-content\/uploads\/2013\/11\/DSC09486.jpg 2896w, http:\/\/menzendorff.de\/wp-content\/uploads\/2013\/11\/DSC09486-300x200.jpg 300w, http:\/\/menzendorff.de\/wp-content\/uploads\/2013\/11\/DSC09486-1024x684.jpg 1024w, http:\/\/menzendorff.de\/wp-content\/uploads\/2013\/11\/DSC09486-624x417.jpg 624w\" sizes=\"(max-width: 2896px) 100vw, 2896px\" \/><\/a><\/p>\n<p>Allerdings hatte ich keine Strasse sondern einen ungepflasternen und v\u00f6llig vermatschten Feldweg gefunden. Das Auto war schon nach 100 Metern v\u00f6llig eingeschlammt. Ich traute mich auch kaum, das Auto zu verlassen. Das Stehenbleiben war schon ein unvorsichtiges Wagnis. Ich hatte sehr grosse M\u00fche, wieder anzufahren und war schliesslich heilfroh, dass ich dem Morast entkam, ohne Abschlepphilfe anfordern zu m\u00fcssen. Das h\u00e4tte mein Abendessen verz\u00f6gert und das w\u00e4re krass, da verstehe ich n\u00e4mlich keinen Spa\u00df \ud83d\ude42<\/p>\n<p><a href=\"http:\/\/menzendorff.de\/wp-content\/uploads\/2013\/11\/DSC09489.jpg\"><img loading=\"lazy\" class=\"aligncenter size-full wp-image-341\" src=\"http:\/\/menzendorff.de\/wp-content\/uploads\/2013\/11\/DSC09489.jpg\" alt=\"SONY DSC\" width=\"2896\" height=\"1936\" srcset=\"http:\/\/menzendorff.de\/wp-content\/uploads\/2013\/11\/DSC09489.jpg 2896w, http:\/\/menzendorff.de\/wp-content\/uploads\/2013\/11\/DSC09489-300x200.jpg 300w, http:\/\/menzendorff.de\/wp-content\/uploads\/2013\/11\/DSC09489-1024x684.jpg 1024w, http:\/\/menzendorff.de\/wp-content\/uploads\/2013\/11\/DSC09489-624x417.jpg 624w\" sizes=\"(max-width: 2896px) 100vw, 2896px\" \/><\/a><\/p>\n<p><strong>3. Dorlisheim<\/strong><\/p>\n<p>In Dorlisheim sollte schon nach Wilcke (1860) und anderen Autoren auch ein Templersitz vorhanden sein. Die Commanderie soll sich in der Rue St. Jean befinden. Ich fuhr an der vom Navi vorgegebenen Stelle der Rue St. Jean dreimal vorbei, weil ich dort nichts erwartet h\u00e4tte. Es war ein Gewerbegebiet zwischen Molsheim und Dorlisheim, \u00fcberall waren Superm\u00e4rkte mit Grossparkpl\u00e4tzen, Industriebetrieb, Burgerbratereien und Autowaschanlagen. Erst beim vierten Mal fand ich das Ch\u00e2teau St. Jean und einen steinernen Beweis der Commanderie: <a href=\"http:\/\/menzendorff.de\/wp-content\/uploads\/2013\/11\/DSC09492.jpg\"><img loading=\"lazy\" class=\"aligncenter size-full wp-image-342\" src=\"http:\/\/menzendorff.de\/wp-content\/uploads\/2013\/11\/DSC09492.jpg\" alt=\"SONY DSC\" width=\"2896\" height=\"1936\" srcset=\"http:\/\/menzendorff.de\/wp-content\/uploads\/2013\/11\/DSC09492.jpg 2896w, http:\/\/menzendorff.de\/wp-content\/uploads\/2013\/11\/DSC09492-300x200.jpg 300w, http:\/\/menzendorff.de\/wp-content\/uploads\/2013\/11\/DSC09492-1024x684.jpg 1024w, http:\/\/menzendorff.de\/wp-content\/uploads\/2013\/11\/DSC09492-624x417.jpg 624w\" sizes=\"(max-width: 2896px) 100vw, 2896px\" \/><\/a><\/p>\n<p>Ich konnte meine Kamera durch den Zaun halten und so die mittelalterliche Pforte einfangen.<\/p>\n<p style=\"text-align: center;\"><a href=\"http:\/\/menzendorff.de\/wp-content\/uploads\/2013\/11\/DSC09495.jpg\"><img loading=\"lazy\" class=\"aligncenter size-full wp-image-343\" src=\"http:\/\/menzendorff.de\/wp-content\/uploads\/2013\/11\/DSC09495.jpg\" alt=\"SONY DSC\" width=\"2896\" height=\"1936\" srcset=\"http:\/\/menzendorff.de\/wp-content\/uploads\/2013\/11\/DSC09495.jpg 2896w, http:\/\/menzendorff.de\/wp-content\/uploads\/2013\/11\/DSC09495-300x200.jpg 300w, http:\/\/menzendorff.de\/wp-content\/uploads\/2013\/11\/DSC09495-1024x684.jpg 1024w, http:\/\/menzendorff.de\/wp-content\/uploads\/2013\/11\/DSC09495-624x417.jpg 624w\" sizes=\"(max-width: 2896px) 100vw, 2896px\" \/><\/a><em>Commanderie de St. Jean, <\/em><strong>67120 Dorlisheim<\/strong><\/p>\n<p style=\"text-align: left;\">Was ich bis dahin nicht wusste: Bugatti hat dieses Schloss gekauft und auf dem Nebengrundst\u00fcck eine Autofabrik gegr\u00fcndet. Eine sehr noble Adresse also:<\/p>\n<p style=\"text-align: center;\"><a href=\"http:\/\/menzendorff.de\/wp-content\/uploads\/2013\/11\/DSC09497.jpg\"><img loading=\"lazy\" class=\"aligncenter size-full wp-image-344\" src=\"http:\/\/menzendorff.de\/wp-content\/uploads\/2013\/11\/DSC09497.jpg\" alt=\"SONY DSC\" width=\"2896\" height=\"1936\" srcset=\"http:\/\/menzendorff.de\/wp-content\/uploads\/2013\/11\/DSC09497.jpg 2896w, http:\/\/menzendorff.de\/wp-content\/uploads\/2013\/11\/DSC09497-300x200.jpg 300w, http:\/\/menzendorff.de\/wp-content\/uploads\/2013\/11\/DSC09497-1024x684.jpg 1024w, http:\/\/menzendorff.de\/wp-content\/uploads\/2013\/11\/DSC09497-624x417.jpg 624w\" sizes=\"(max-width: 2896px) 100vw, 2896px\" \/><\/a><em>Ch\u00e2teau St. Jean<\/em>, <strong>Dorlisheim<\/strong><\/p>\n<p><strong>4. Ottrott<\/strong><\/p>\n<p>Kleiner Nachtrag zu Ottrott. Die Steine an der Route de Boersch sind jetzt wegger\u00e4umt. Ausserdem hatte ich bei meinem ersten Besuch \u00fcbersehen, dass es lt. Strassenplan in Ottrott eine Stelle gibt, die mit &#8222;Tempelsmuehle \/<em>Moulin des Templiers&#8220;<\/em> bezeichnet wird. Man gelangt dorthin, indem man von der Route de Boersch kurz nach der Ehnbr\u00fccke rechts in den Chemin des Aulnes einbiegt und diesen gleich wieder nach rechts \u00fcber eine weitere Br\u00fccke verl\u00e4sst:<\/p>\n<p><!-- [if !mso]>\n\n\n\n<style>\nv\\:* {behavior:url(#default#VML);}<br \/>\no\\:* {behavior:url(#default#VML);}<br \/>\nw\\:* {behavior:url(#default#VML);}<br \/>\n.shape {behavior:url(#default#VML);}<br \/>\n<\/style>\n\n<![endif]--><\/p>\n<p><a href=\"http:\/\/menzendorff.de\/wp-content\/uploads\/2013\/11\/Dok2.doc\">Dok2<\/a> <a href=\"http:\/\/menzendorff.de\/wp-content\/uploads\/2013\/11\/img8431.jpg\"><img loading=\"lazy\" class=\"aligncenter size-full wp-image-363\" src=\"http:\/\/menzendorff.de\/wp-content\/uploads\/2013\/11\/img8431.jpg\" alt=\"img843\" width=\"891\" height=\"768\" srcset=\"http:\/\/menzendorff.de\/wp-content\/uploads\/2013\/11\/img8431.jpg 891w, http:\/\/menzendorff.de\/wp-content\/uploads\/2013\/11\/img8431-300x258.jpg 300w, http:\/\/menzendorff.de\/wp-content\/uploads\/2013\/11\/img8431-624x537.jpg 624w\" sizes=\"(max-width: 891px) 100vw, 891px\" \/><\/a><\/p>\n<p>Am angegebenen Ort befinden sich &#8211; in einer Sackgasse &#8211; einige kleinere H\u00e4user und Geb\u00e4ude, offenbar an der Stelle der fr\u00fcheren Templerm\u00fchle.<\/p>\n<p><a href=\"http:\/\/menzendorff.de\/wp-content\/uploads\/2013\/11\/DSC09501.jpg\"><img loading=\"lazy\" class=\"aligncenter size-full wp-image-345\" src=\"http:\/\/menzendorff.de\/wp-content\/uploads\/2013\/11\/DSC09501.jpg\" alt=\"SONY DSC\" width=\"2896\" height=\"1936\" srcset=\"http:\/\/menzendorff.de\/wp-content\/uploads\/2013\/11\/DSC09501.jpg 2896w, http:\/\/menzendorff.de\/wp-content\/uploads\/2013\/11\/DSC09501-300x200.jpg 300w, http:\/\/menzendorff.de\/wp-content\/uploads\/2013\/11\/DSC09501-1024x684.jpg 1024w, http:\/\/menzendorff.de\/wp-content\/uploads\/2013\/11\/DSC09501-624x417.jpg 624w\" sizes=\"(max-width: 2896px) 100vw, 2896px\" \/><\/a>Auch hier zog ich es wieder vor, die Bewohner dieser Geb\u00e4ude nicht in ihrer Privatsph\u00e4re zu st\u00f6ren. Ich wollte auch nicht n\u00e4her heran, um ebventuell alte Geb\u00e4udereste auszumachen.<\/p>\n<p>Abendessen gabs dann doch noch rechtzeitig in Bartenheim. Das liegt zwar direkt neben dem Basel &#8211; Europort und es donnern einem nachts immer mal Flugzeuge \u00fcber das Bett. Das st\u00f6rt aber den Verzehr von 1. <em>foie gras<\/em> mit einem Pfirsich-Chutney und hausgemachtem Brioche, dazu Gewurztraminer, 2. Rehlendenst\u00fccke mit Spaetzle und Steinpilzchampignons, dazu Tischwein aus dem Languedoc, 3. einer K\u00e4seplatte mit Munster, Coulommiers und Langres (immernoch Roten aus dem Languedoc) und 4. &#8222;Kougelhoupf&#8220; &#8211; Desert aus glasiertem Rosineneis mit &#8222;Kirsch&#8220;, 5. Caf\u00e9 mit Kirsch,\u00a0 nicht ein bisschen. Glauben Sie mir, Flugzeuge sind einem nach so einem Essen ziemlich egal. Templer auch. Der aufmerksame Leser ahnt jetzt, warum ich mich diesem Thema vor allem in Frankreich so ausgiebig widme. Alles nur Ausrede?<\/p>\n","protected":false},"excerpt":{"rendered":"<p>Im November konnte ich einen Messebesuch in Basel damit verbinden, noch ausstehende (angebliche?) Templerorte oder -reste im Elsass zu inspizieren. &nbsp; 1. Haguenau Ob die Templer hier in Haguenau beg\u00fctert waren ist zweifelhaft bis unwahrscheinlich. Nur bei Aubarbier (S. 61) habe ich einen solchen Hinweis gefunden, andere Quellen schweigen. Immerhin gibt es eine beeindruckende porte [&hellip;]<\/p>\n","protected":false},"author":2,"featured_media":0,"comment_status":"open","ping_status":"open","sticky":false,"template":"","format":"standard","meta":[],"categories":[11],"tags":[],"_links":{"self":[{"href":"http:\/\/menzendorff.de\/index.php?rest_route=\/wp\/v2\/posts\/335"}],"collection":[{"href":"http:\/\/menzendorff.de\/index.php?rest_route=\/wp\/v2\/posts"}],"about":[{"href":"http:\/\/menzendorff.de\/index.php?rest_route=\/wp\/v2\/types\/post"}],"author":[{"embeddable":true,"href":"http:\/\/menzendorff.de\/index.php?rest_route=\/wp\/v2\/users\/2"}],"replies":[{"embeddable":true,"href":"http:\/\/menzendorff.de\/index.php?rest_route=%2Fwp%2Fv2%2Fcomments&post=335"}],"version-history":[{"count":13,"href":"http:\/\/menzendorff.de\/index.php?rest_route=\/wp\/v2\/posts\/335\/revisions"}],"predecessor-version":[{"id":2830,"href":"http:\/\/menzendorff.de\/index.php?rest_route=\/wp\/v2\/posts\/335\/revisions\/2830"}],"wp:attachment":[{"href":"http:\/\/menzendorff.de\/index.php?rest_route=%2Fwp%2Fv2%2Fmedia&parent=335"}],"wp:term":[{"taxonomy":"category","embeddable":true,"href":"http:\/\/menzendorff.de\/index.php?rest_route=%2Fwp%2Fv2%2Fcategories&post=335"},{"taxonomy":"post_tag","embeddable":true,"href":"http:\/\/menzendorff.de\/index.php?rest_route=%2Fwp%2Fv2%2Ftags&post=335"}],"curies":[{"name":"wp","href":"https:\/\/api.w.org\/{rel}","templated":true}]}}