{"id":3515,"date":"2022-02-12T18:48:54","date_gmt":"2022-02-12T16:48:54","guid":{"rendered":"http:\/\/menzendorff.de\/?p=3515"},"modified":"2022-08-27T09:20:42","modified_gmt":"2022-08-27T07:20:42","slug":"2019-2022-grand-est-nachtraege","status":"publish","type":"post","link":"http:\/\/menzendorff.de\/?p=3515","title":{"rendered":"2019, Grand-Est, Nachtr\u00e4ge"},"content":{"rendered":"\n<h2>Templerkomturei Xugney<\/h2>\n\n\n\n<p>Im Jahr 2019 lud mich mein Freund Christophe Staf vom <strong>Projet Beauceant<\/strong> (<a href=\"http:\/\/www.templiers.org\">www.templiers.org<\/a>) nach Lothringen ein, wo er in der Templerkapelle von Xugney eine Ausstellung moderierte. N\u00e4here Einzelheiten zu seinen Wanderausstellungen finden Sie hier (<a href=\"https:\/\/expo.templiers.org\/\">https:\/\/expo.templiers.org\/<\/a>).<\/p>\n\n\n\n<p><\/p>\n\n\n\n<figure class=\"wp-block-image size-large\"><a href=\"http:\/\/menzendorff.de\/wp-content\/uploads\/2022\/02\/DSC_0016-scaled.jpg\"><img loading=\"lazy\" width=\"1024\" height=\"683\" src=\"http:\/\/menzendorff.de\/wp-content\/uploads\/2022\/02\/DSC_0016-1024x683.jpg\" alt=\"\" class=\"wp-image-3529\" srcset=\"http:\/\/menzendorff.de\/wp-content\/uploads\/2022\/02\/DSC_0016-1024x683.jpg 1024w, http:\/\/menzendorff.de\/wp-content\/uploads\/2022\/02\/DSC_0016-300x200.jpg 300w, http:\/\/menzendorff.de\/wp-content\/uploads\/2022\/02\/DSC_0016-768x512.jpg 768w, http:\/\/menzendorff.de\/wp-content\/uploads\/2022\/02\/DSC_0016-1536x1024.jpg 1536w\" sizes=\"(max-width: 1024px) 100vw, 1024px\" \/><\/a><figcaption>Beispielsfoto der Wanderausstellung.<\/figcaption><\/figure>\n\n\n\n<p>Die Kapelle von Xugney haben Sie mit mir im Jahre 2007 schon besucht (<a href=\"http:\/\/menzendorff.de\/?p=11\">http:\/\/menzendorff.de\/?p=11<\/a>). Hier folgen noch aktuelle Fotos:<\/p>\n\n\n\n<figure class=\"wp-block-image size-large\"><a href=\"http:\/\/menzendorff.de\/wp-content\/uploads\/2022\/02\/DSC_0008-scaled.jpg\"><img loading=\"lazy\" width=\"683\" height=\"1024\" src=\"http:\/\/menzendorff.de\/wp-content\/uploads\/2022\/02\/DSC_0008-683x1024.jpg\" alt=\"\" class=\"wp-image-3527\" srcset=\"http:\/\/menzendorff.de\/wp-content\/uploads\/2022\/02\/DSC_0008-683x1024.jpg 683w, http:\/\/menzendorff.de\/wp-content\/uploads\/2022\/02\/DSC_0008-200x300.jpg 200w, http:\/\/menzendorff.de\/wp-content\/uploads\/2022\/02\/DSC_0008-768x1152.jpg 768w, http:\/\/menzendorff.de\/wp-content\/uploads\/2022\/02\/DSC_0008-scaled.jpg 1707w\" sizes=\"(max-width: 683px) 100vw, 683px\" \/><\/a><figcaption>Fassade der Kapelle im Osten der Commanderie.<\/figcaption><\/figure>\n\n\n\n<p>Der Ostchor von aussen:<\/p>\n\n\n\n<figure class=\"wp-block-image size-large\"><a href=\"http:\/\/menzendorff.de\/wp-content\/uploads\/2022\/02\/DSC_0027-scaled.jpg\"><img loading=\"lazy\" width=\"1024\" height=\"683\" src=\"http:\/\/menzendorff.de\/wp-content\/uploads\/2022\/02\/DSC_0027-1024x683.jpg\" alt=\"\" class=\"wp-image-3528\" srcset=\"http:\/\/menzendorff.de\/wp-content\/uploads\/2022\/02\/DSC_0027-1024x683.jpg 1024w, http:\/\/menzendorff.de\/wp-content\/uploads\/2022\/02\/DSC_0027-300x200.jpg 300w, http:\/\/menzendorff.de\/wp-content\/uploads\/2022\/02\/DSC_0027-768x512.jpg 768w, http:\/\/menzendorff.de\/wp-content\/uploads\/2022\/02\/DSC_0027-1536x1024.jpg 1536w\" sizes=\"(max-width: 1024px) 100vw, 1024px\" \/><\/a><\/figure>\n\n\n\n<p>Danach speisten mein Freund Christophe und ich wieder einmal gemeinsam in <em>unserem<\/em> Hotel Les Petites Pages, das ein hervorragendes Restaurant und einen ebensolchen Weinkeller zu bieten hat (<a href=\"https:\/\/www.hotel-les-pages.com\/de\/\">https:\/\/www.hotel-les-pages.com\/de\/<\/a>). <\/p>\n\n\n\n<p>Ok, es  wurde wieder sp\u00e4t, sehr sp\u00e4t. Ja, wir hatten uns zwei Jahre nicht gesehen. Und ja, es gab eventuell nach dem Essen noch einen Cognac. Jedenfalls war ich am n\u00e4chsten Tag nicht allzu konzentriert. Ich wollte auf dem R\u00fcckweg noch die Templer-Ruine auf dem Berg von Pont-\u00e0-Mousson besuchen. Aber ich habe es diesmal vermasselt. Es fing alles ganz gut an. Ich fand den H\u00fcgel, sah oben an der Spitze Ruinen, fand die Stra\u00dfe bergauf und parkte am Beginn der Rue des Templiers das Auto. Denn ich ersp\u00e4hte eine Treppe und hoffte, es sei bequemer und interessanter, den Berg auf diese Weise zu erobern. Es war doch recht steil und nicht ohne M\u00fchen und oben fand ich auch jede Menge Ruinen auf dem Hochplateau. <\/p>\n\n\n\n<figure class=\"wp-block-image size-large is-resized\"><a href=\"http:\/\/menzendorff.de\/wp-content\/uploads\/2022\/02\/DSC_0066-scaled.jpg\"><img loading=\"lazy\" src=\"http:\/\/menzendorff.de\/wp-content\/uploads\/2022\/02\/DSC_0066-1024x683.jpg\" alt=\"\" class=\"wp-image-3532\" width=\"655\" height=\"436\" srcset=\"http:\/\/menzendorff.de\/wp-content\/uploads\/2022\/02\/DSC_0066-1024x683.jpg 1024w, http:\/\/menzendorff.de\/wp-content\/uploads\/2022\/02\/DSC_0066-300x200.jpg 300w, http:\/\/menzendorff.de\/wp-content\/uploads\/2022\/02\/DSC_0066-768x512.jpg 768w, http:\/\/menzendorff.de\/wp-content\/uploads\/2022\/02\/DSC_0066-1536x1024.jpg 1536w\" sizes=\"(max-width: 655px) 100vw, 655px\" \/><\/a><figcaption>Ch\u00e2teau de Pont-\u00e0-Mousson<\/figcaption><\/figure>\n\n\n\n<p>   <\/p>\n\n\n\n<figure class=\"wp-block-image size-large\"><a href=\"http:\/\/menzendorff.de\/wp-content\/uploads\/2022\/02\/DSC_0064-scaled.jpg\"><img loading=\"lazy\" width=\"1024\" height=\"683\" src=\"http:\/\/menzendorff.de\/wp-content\/uploads\/2022\/02\/DSC_0064-1024x683.jpg\" alt=\"\" class=\"wp-image-3533\" srcset=\"http:\/\/menzendorff.de\/wp-content\/uploads\/2022\/02\/DSC_0064-1024x683.jpg 1024w, http:\/\/menzendorff.de\/wp-content\/uploads\/2022\/02\/DSC_0064-300x200.jpg 300w, http:\/\/menzendorff.de\/wp-content\/uploads\/2022\/02\/DSC_0064-768x512.jpg 768w, http:\/\/menzendorff.de\/wp-content\/uploads\/2022\/02\/DSC_0064-1536x1024.jpg 1536w\" sizes=\"(max-width: 1024px) 100vw, 1024px\" \/><\/a><\/figure>\n\n\n\n<p>Aber das war nicht das, was ich sehen wollte. Hier gab es nur Reste der Au\u00dfenmauer eines Ch\u00e2teaus zu sehen. Und nichts, was auf die Templer hinweisen w\u00fcrde. Und nichts, was so aussah, wie die Bilder, die ich mir vorher in B\u00fcchern angeschaut hatte. Es war schon recht sp\u00e4t und ich blies die Jagd ab, denn ich hatte noch einige hundert Kilometer zur\u00fcckzulegen.<\/p>\n\n\n\n<h2>Templerwehrkirche Pont-\u00e0-Mousson<\/h2>\n\n\n\n<p>Im Sommer des Jahres 2021 startete ich nochmal nach Lothringen und ging die Sache etwas gelassener an, in dem ich die Rue des Templiers einfach weiterfuhr.<\/p>\n\n\n\n<figure class=\"wp-block-image size-large\"><a href=\"http:\/\/menzendorff.de\/wp-content\/uploads\/2022\/02\/20210922_144512-1.jpg\"><img loading=\"lazy\" width=\"1024\" height=\"755\" src=\"http:\/\/menzendorff.de\/wp-content\/uploads\/2022\/02\/20210922_144512-1-1024x755.jpg\" alt=\"\" class=\"wp-image-3517\" srcset=\"http:\/\/menzendorff.de\/wp-content\/uploads\/2022\/02\/20210922_144512-1-1024x755.jpg 1024w, http:\/\/menzendorff.de\/wp-content\/uploads\/2022\/02\/20210922_144512-1-300x221.jpg 300w, http:\/\/menzendorff.de\/wp-content\/uploads\/2022\/02\/20210922_144512-1-768x566.jpg 768w, http:\/\/menzendorff.de\/wp-content\/uploads\/2022\/02\/20210922_144512-1-624x460.jpg 624w, http:\/\/menzendorff.de\/wp-content\/uploads\/2022\/02\/20210922_144512-1.jpg 1454w\" sizes=\"(max-width: 1024px) 100vw, 1024px\" \/><\/a><\/figure>\n\n\n\n<p>Direkt neben diesem Schild fand ich einen Parkplatz und dann waren es nur noch ein paar Schritte. Die Templerkirche war nicht auf der Bergkuppe, sondern am Hang darunter:<\/p>\n\n\n\n<figure class=\"wp-block-image size-large\"><a href=\"http:\/\/menzendorff.de\/wp-content\/uploads\/2022\/02\/20210922_145449-scaled.jpg\"><img loading=\"lazy\" width=\"1024\" height=\"768\" src=\"http:\/\/menzendorff.de\/wp-content\/uploads\/2022\/02\/20210922_145449-1024x768.jpg\" alt=\"\" class=\"wp-image-3518\" srcset=\"http:\/\/menzendorff.de\/wp-content\/uploads\/2022\/02\/20210922_145449-1024x768.jpg 1024w, http:\/\/menzendorff.de\/wp-content\/uploads\/2022\/02\/20210922_145449-300x225.jpg 300w, http:\/\/menzendorff.de\/wp-content\/uploads\/2022\/02\/20210922_145449-768x576.jpg 768w, http:\/\/menzendorff.de\/wp-content\/uploads\/2022\/02\/20210922_145449-1536x1152.jpg 1536w\" sizes=\"(max-width: 1024px) 100vw, 1024px\" \/><\/a><\/figure>\n\n\n\n<p>Wie man sieht, sind derzeit noch einige Bauarbeiten im Gang, um die Anlage zu stabilisieren und zu versch\u00f6nern. Es handelt sich um Ruinen einer Wehrkirche der Templer&#8230;<\/p>\n\n\n\n<figure class=\"wp-block-image size-large\"><a href=\"http:\/\/menzendorff.de\/wp-content\/uploads\/2022\/02\/20210922_145041-scaled.jpg\"><img loading=\"lazy\" width=\"768\" height=\"1024\" src=\"http:\/\/menzendorff.de\/wp-content\/uploads\/2022\/02\/20210922_145041-768x1024.jpg\" alt=\"\" class=\"wp-image-3521\" srcset=\"http:\/\/menzendorff.de\/wp-content\/uploads\/2022\/02\/20210922_145041-768x1024.jpg 768w, http:\/\/menzendorff.de\/wp-content\/uploads\/2022\/02\/20210922_145041-225x300.jpg 225w, http:\/\/menzendorff.de\/wp-content\/uploads\/2022\/02\/20210922_145041-1152x1536.jpg 1152w, http:\/\/menzendorff.de\/wp-content\/uploads\/2022\/02\/20210922_145041-scaled.jpg 1920w\" sizes=\"(max-width: 768px) 100vw, 768px\" \/><\/a><\/figure>\n\n\n\n<p>.. die ersichtlich auch den Zweck hatte, die Fernwege in der Ebene \u00fcberwachen zu k\u00f6nnen. Der Blick aus diesem Fenster richtet sich auf die Mosel und die am linken Moselufer befindliche alte R\u00f6merstra\u00dfe von Metz \u00fcber Nancy, Dijon, Beaune und Chalon-sur-Sa\u00f4ne nach Lyon und dem Mittelmeer. <\/p>\n\n\n\n<figure class=\"wp-block-image size-large\"><a href=\"http:\/\/menzendorff.de\/wp-content\/uploads\/2022\/02\/Screenshot-2022-02-16-18.38.33.png\"><img loading=\"lazy\" width=\"653\" height=\"442\" src=\"http:\/\/menzendorff.de\/wp-content\/uploads\/2022\/02\/Screenshot-2022-02-16-18.38.33.png\" alt=\"\" class=\"wp-image-3550\" srcset=\"http:\/\/menzendorff.de\/wp-content\/uploads\/2022\/02\/Screenshot-2022-02-16-18.38.33.png 653w, http:\/\/menzendorff.de\/wp-content\/uploads\/2022\/02\/Screenshot-2022-02-16-18.38.33-300x203.png 300w, http:\/\/menzendorff.de\/wp-content\/uploads\/2022\/02\/Screenshot-2022-02-16-18.38.33-624x422.png 624w\" sizes=\"(max-width: 653px) 100vw, 653px\" \/><\/a><figcaption>Die &#8222;Templerstrasse&#8220; von Metz nach Lyon  und die R\u00f6merstrasse von Metz nach Lyon. <\/figcaption><\/figure>\n\n\n\n<p>Die Strecke folgt der europ\u00e4ischen Wasserscheide. Das erspart den Bau von Br\u00fccken \u00fcber breite Fl\u00fcsse, was auch f\u00fcr die R\u00f6mer jeweils eine gro\u00dfe Herausforderung darstellte, die man nach M\u00f6glichkeit vermied.<\/p>\n\n\n\n<p>Westfassade der Wehrkirche.<\/p>\n\n\n\n<figure class=\"wp-block-image size-large\"><a href=\"http:\/\/menzendorff.de\/wp-content\/uploads\/2022\/02\/20210922_144900-scaled.jpg\"><img loading=\"lazy\" width=\"1024\" height=\"768\" src=\"http:\/\/menzendorff.de\/wp-content\/uploads\/2022\/02\/20210922_144900-1024x768.jpg\" alt=\"\" class=\"wp-image-3519\" srcset=\"http:\/\/menzendorff.de\/wp-content\/uploads\/2022\/02\/20210922_144900-1024x768.jpg 1024w, http:\/\/menzendorff.de\/wp-content\/uploads\/2022\/02\/20210922_144900-300x225.jpg 300w, http:\/\/menzendorff.de\/wp-content\/uploads\/2022\/02\/20210922_144900-768x576.jpg 768w, http:\/\/menzendorff.de\/wp-content\/uploads\/2022\/02\/20210922_144900-1536x1152.jpg 1536w, http:\/\/menzendorff.de\/wp-content\/uploads\/2022\/02\/20210922_144900-2048x1536.jpg 2048w\" sizes=\"(max-width: 1024px) 100vw, 1024px\" \/><\/a><\/figure>\n\n\n\n<p>Die Wehrkirche ist 1140 errichtet worden (Aubarbier, S. 55).<\/p>\n\n\n\n<figure class=\"wp-block-image size-large\"><a href=\"http:\/\/menzendorff.de\/wp-content\/uploads\/2022\/02\/20210922_145016-scaled.jpg\"><img loading=\"lazy\" width=\"768\" height=\"1024\" src=\"http:\/\/menzendorff.de\/wp-content\/uploads\/2022\/02\/20210922_145016-768x1024.jpg\" alt=\"\" class=\"wp-image-3522\" srcset=\"http:\/\/menzendorff.de\/wp-content\/uploads\/2022\/02\/20210922_145016-768x1024.jpg 768w, http:\/\/menzendorff.de\/wp-content\/uploads\/2022\/02\/20210922_145016-225x300.jpg 225w, http:\/\/menzendorff.de\/wp-content\/uploads\/2022\/02\/20210922_145016-1152x1536.jpg 1152w, http:\/\/menzendorff.de\/wp-content\/uploads\/2022\/02\/20210922_145016-scaled.jpg 1920w\" sizes=\"(max-width: 768px) 100vw, 768px\" \/><\/a><\/figure>\n\n\n\n<p>Weihwasserbecken in einer Nische eines Seitenaltars.<\/p>\n\n\n\n<h2>Deutschordenskommende Rouffach<\/h2>\n\n\n\n<p>Im Jahr 2019 erhielt ich eine E-Mail eines meiner Leser aus Baden. Seine Bekannte lebe in Rouffach im Departement Haut-Rhin und habe sich dort ein Haus in einem Geb\u00e4udekomplex gekauft, der fr\u00fcher einmal dem Deutschen Orden geh\u00f6rte. Er teilte mir mit, dass sie beim Renovieren Wandbemalungen festgestellt habe. Er bot sich an, ein Treffen zu organisieren, wenn ich mir das n\u00e4her ansehen wollte. Das lie\u00df ich mir nicht zweimal sagen und so verabredeten wir dort kurzerhand ein Treffen. In der Rue des R\u00e9collets. Die Fassade des Hauses war eher unscheinbar und ersichtlich modernisiert. Die R\u00fcckseite  hingegen sieht nach 16. Jahrhundert aus:<\/p>\n\n\n\n<figure class=\"wp-block-image size-large\"><a href=\"http:\/\/menzendorff.de\/wp-content\/uploads\/2022\/02\/DSC_0088-scaled.jpg\"><img loading=\"lazy\" width=\"1024\" height=\"785\" src=\"http:\/\/menzendorff.de\/wp-content\/uploads\/2022\/02\/DSC_0088-1024x785.jpg\" alt=\"\" class=\"wp-image-3536\" srcset=\"http:\/\/menzendorff.de\/wp-content\/uploads\/2022\/02\/DSC_0088-1024x785.jpg 1024w, http:\/\/menzendorff.de\/wp-content\/uploads\/2022\/02\/DSC_0088-300x230.jpg 300w, http:\/\/menzendorff.de\/wp-content\/uploads\/2022\/02\/DSC_0088-768x589.jpg 768w, http:\/\/menzendorff.de\/wp-content\/uploads\/2022\/02\/DSC_0088-1536x1178.jpg 1536w\" sizes=\"(max-width: 1024px) 100vw, 1024px\" \/><\/a><\/figure>\n\n\n\n<p>Der Geb\u00e4udekomplex der Deutschordensritter umfasste eine Vielzahl von Grundst\u00fccken innerhalb des Stra\u00dfendreiecks der Rue des R\u00e9collets, der Rue Claude Ignace Callinet und der Rue du 4\u00e8me Spahis Marocains.<\/p>\n\n\n\n<figure class=\"wp-block-image size-large\"><a href=\"http:\/\/menzendorff.de\/wp-content\/uploads\/2022\/02\/DSC_0095-scaled.jpg\"><img loading=\"lazy\" width=\"683\" height=\"1024\" src=\"http:\/\/menzendorff.de\/wp-content\/uploads\/2022\/02\/DSC_0095-683x1024.jpg\" alt=\"\" class=\"wp-image-3537\" srcset=\"http:\/\/menzendorff.de\/wp-content\/uploads\/2022\/02\/DSC_0095-683x1024.jpg 683w, http:\/\/menzendorff.de\/wp-content\/uploads\/2022\/02\/DSC_0095-200x300.jpg 200w, http:\/\/menzendorff.de\/wp-content\/uploads\/2022\/02\/DSC_0095-768x1152.jpg 768w, http:\/\/menzendorff.de\/wp-content\/uploads\/2022\/02\/DSC_0095-scaled.jpg 1707w\" sizes=\"(max-width: 683px) 100vw, 683px\" \/><\/a><\/figure>\n\n\n\n<p>Wendeltreppe<\/p>\n\n\n\n<figure class=\"wp-block-image size-large\"><a href=\"http:\/\/menzendorff.de\/wp-content\/uploads\/2022\/02\/DSC_0100-scaled.jpg\"><img loading=\"lazy\" width=\"683\" height=\"1024\" src=\"http:\/\/menzendorff.de\/wp-content\/uploads\/2022\/02\/DSC_0100-683x1024.jpg\" alt=\"\" class=\"wp-image-3538\" srcset=\"http:\/\/menzendorff.de\/wp-content\/uploads\/2022\/02\/DSC_0100-683x1024.jpg 683w, http:\/\/menzendorff.de\/wp-content\/uploads\/2022\/02\/DSC_0100-200x300.jpg 200w, http:\/\/menzendorff.de\/wp-content\/uploads\/2022\/02\/DSC_0100-768x1152.jpg 768w, http:\/\/menzendorff.de\/wp-content\/uploads\/2022\/02\/DSC_0100-scaled.jpg 1707w\" sizes=\"(max-width: 683px) 100vw, 683px\" \/><\/a><\/figure>\n\n\n\n<p>Treppenhaus vom Hof aus.<\/p>\n\n\n\n<figure class=\"wp-block-image size-large\"><a href=\"http:\/\/menzendorff.de\/wp-content\/uploads\/2022\/02\/DSC_0112-scaled.jpg\"><img loading=\"lazy\" width=\"1024\" height=\"683\" src=\"http:\/\/menzendorff.de\/wp-content\/uploads\/2022\/02\/DSC_0112-1024x683.jpg\" alt=\"\" class=\"wp-image-3539\" srcset=\"http:\/\/menzendorff.de\/wp-content\/uploads\/2022\/02\/DSC_0112-1024x683.jpg 1024w, http:\/\/menzendorff.de\/wp-content\/uploads\/2022\/02\/DSC_0112-300x200.jpg 300w, http:\/\/menzendorff.de\/wp-content\/uploads\/2022\/02\/DSC_0112-768x512.jpg 768w, http:\/\/menzendorff.de\/wp-content\/uploads\/2022\/02\/DSC_0112-1536x1024.jpg 1536w\" sizes=\"(max-width: 1024px) 100vw, 1024px\" \/><\/a><\/figure>\n\n\n\n<p>Hinweisschild am Hauseingang.<\/p>\n\n\n\n<figure class=\"wp-block-image size-large\"><a href=\"http:\/\/menzendorff.de\/wp-content\/uploads\/2022\/02\/DSC_0134-scaled.jpg\"><img loading=\"lazy\" width=\"1024\" height=\"683\" src=\"http:\/\/menzendorff.de\/wp-content\/uploads\/2022\/02\/DSC_0134-1024x683.jpg\" alt=\"\" class=\"wp-image-3540\" srcset=\"http:\/\/menzendorff.de\/wp-content\/uploads\/2022\/02\/DSC_0134-1024x683.jpg 1024w, http:\/\/menzendorff.de\/wp-content\/uploads\/2022\/02\/DSC_0134-300x200.jpg 300w, http:\/\/menzendorff.de\/wp-content\/uploads\/2022\/02\/DSC_0134-768x512.jpg 768w, http:\/\/menzendorff.de\/wp-content\/uploads\/2022\/02\/DSC_0134-1536x1024.jpg 1536w\" sizes=\"(max-width: 1024px) 100vw, 1024px\" \/><\/a><\/figure>\n\n\n\n<p>Fassaden der H\u00e4user zur Rue du 4\u00e8me Spahis Marocains<\/p>\n\n\n\n<figure class=\"wp-block-image size-large\"><a href=\"http:\/\/menzendorff.de\/wp-content\/uploads\/2022\/02\/DSC_0146-scaled.jpg\"><img loading=\"lazy\" width=\"1024\" height=\"683\" src=\"http:\/\/menzendorff.de\/wp-content\/uploads\/2022\/02\/DSC_0146-1024x683.jpg\" alt=\"\" class=\"wp-image-3541\" srcset=\"http:\/\/menzendorff.de\/wp-content\/uploads\/2022\/02\/DSC_0146-1024x683.jpg 1024w, http:\/\/menzendorff.de\/wp-content\/uploads\/2022\/02\/DSC_0146-300x200.jpg 300w, http:\/\/menzendorff.de\/wp-content\/uploads\/2022\/02\/DSC_0146-768x512.jpg 768w, http:\/\/menzendorff.de\/wp-content\/uploads\/2022\/02\/DSC_0146-1536x1024.jpg 1536w\" sizes=\"(max-width: 1024px) 100vw, 1024px\" \/><\/a><\/figure>\n\n\n\n<p>\u00c9glise Sainte-Catherine de Rouffach, vom Dachgeschoss des Hauses in der Rue des R\u00e9collets. Die Nonnen des dort ans\u00e4ssigen Franziskanerordens haben den Nachbarn vom Deutschen Orden eine Seitenkapelle dieser Kirche f\u00fcr ihre Zwecke \u00fcberlassen.<\/p>\n\n\n\n<figure class=\"wp-block-image size-large\"><a href=\"http:\/\/menzendorff.de\/wp-content\/uploads\/2022\/02\/DSC_0156-scaled.jpg\"><img loading=\"lazy\" width=\"1024\" height=\"683\" src=\"http:\/\/menzendorff.de\/wp-content\/uploads\/2022\/02\/DSC_0156-1024x683.jpg\" alt=\"\" class=\"wp-image-3542\" srcset=\"http:\/\/menzendorff.de\/wp-content\/uploads\/2022\/02\/DSC_0156-1024x683.jpg 1024w, http:\/\/menzendorff.de\/wp-content\/uploads\/2022\/02\/DSC_0156-300x200.jpg 300w, http:\/\/menzendorff.de\/wp-content\/uploads\/2022\/02\/DSC_0156-768x512.jpg 768w, http:\/\/menzendorff.de\/wp-content\/uploads\/2022\/02\/DSC_0156-1536x1024.jpg 1536w\" sizes=\"(max-width: 1024px) 100vw, 1024px\" \/><\/a><\/figure>\n\n\n\n<p>Blick von der Rue Claude Ignace Callinet auf die Eglise Notre Dame de l&#8217;Assomption.<\/p>\n\n\n\n<figure class=\"wp-block-image size-large\"><a href=\"http:\/\/menzendorff.de\/wp-content\/uploads\/2022\/02\/Rouf333162.jpg\"><img loading=\"lazy\" width=\"1024\" height=\"732\" src=\"http:\/\/menzendorff.de\/wp-content\/uploads\/2022\/02\/Rouf333162-1024x732.jpg\" alt=\"\" class=\"wp-image-3551\" srcset=\"http:\/\/menzendorff.de\/wp-content\/uploads\/2022\/02\/Rouf333162-1024x732.jpg 1024w, http:\/\/menzendorff.de\/wp-content\/uploads\/2022\/02\/Rouf333162-300x214.jpg 300w, http:\/\/menzendorff.de\/wp-content\/uploads\/2022\/02\/Rouf333162-768x549.jpg 768w, http:\/\/menzendorff.de\/wp-content\/uploads\/2022\/02\/Rouf333162-1536x1097.jpg 1536w, http:\/\/menzendorff.de\/wp-content\/uploads\/2022\/02\/Rouf333162-2048x1463.jpg 2048w, http:\/\/menzendorff.de\/wp-content\/uploads\/2022\/02\/Rouf333162-624x446.jpg 624w\" sizes=\"(max-width: 1024px) 100vw, 1024px\" \/><\/a><figcaption>Zeichnung aus Brommer, Hermann, Der Deutsche Orden und die Ballei Elsa\u00df-Burgund, <\/figcaption><\/figure>\n\n\n\n<p>Der Haupteingang der Komturei auf der Rue Claude Ignace Callinet, fr\u00fcher&#8230;<\/p>\n\n\n\n<figure class=\"wp-block-image size-large\"><a href=\"http:\/\/menzendorff.de\/wp-content\/uploads\/2022\/02\/DSC_0161-1-scaled.jpg\"><img loading=\"lazy\" width=\"1024\" height=\"666\" src=\"http:\/\/menzendorff.de\/wp-content\/uploads\/2022\/02\/DSC_0161-1-1024x666.jpg\" alt=\"\" class=\"wp-image-3552\" srcset=\"http:\/\/menzendorff.de\/wp-content\/uploads\/2022\/02\/DSC_0161-1-1024x666.jpg 1024w, http:\/\/menzendorff.de\/wp-content\/uploads\/2022\/02\/DSC_0161-1-300x195.jpg 300w, http:\/\/menzendorff.de\/wp-content\/uploads\/2022\/02\/DSC_0161-1-768x499.jpg 768w, http:\/\/menzendorff.de\/wp-content\/uploads\/2022\/02\/DSC_0161-1-1536x998.jpg 1536w\" sizes=\"(max-width: 1024px) 100vw, 1024px\" \/><\/a><\/figure>\n\n\n\n<p>&#8230;und heute. Und zuletzt folgen noch zwei Bilder von Wandmalereien aus dem Inneren des Hauses an der Rue des R\u00e9collets, die mir der Leser meiner Homepage, mein &#8222;Informant&#8220;, dankenswerterweise zur Verf\u00fcgung gestellt hat:<\/p>\n\n\n\n<figure class=\"wp-block-image size-large\"><a href=\"http:\/\/menzendorff.de\/wp-content\/uploads\/2022\/02\/Deutschordenskommende_Rouffach_3.jpg\"><img loading=\"lazy\" width=\"1024\" height=\"768\" src=\"http:\/\/menzendorff.de\/wp-content\/uploads\/2022\/02\/Deutschordenskommende_Rouffach_3-1024x768.jpg\" alt=\"\" class=\"wp-image-3562\" srcset=\"http:\/\/menzendorff.de\/wp-content\/uploads\/2022\/02\/Deutschordenskommende_Rouffach_3-1024x768.jpg 1024w, http:\/\/menzendorff.de\/wp-content\/uploads\/2022\/02\/Deutschordenskommende_Rouffach_3-300x225.jpg 300w, http:\/\/menzendorff.de\/wp-content\/uploads\/2022\/02\/Deutschordenskommende_Rouffach_3-768x576.jpg 768w, http:\/\/menzendorff.de\/wp-content\/uploads\/2022\/02\/Deutschordenskommende_Rouffach_3-624x468.jpg 624w, http:\/\/menzendorff.de\/wp-content\/uploads\/2022\/02\/Deutschordenskommende_Rouffach_3.jpg 1365w\" sizes=\"(max-width: 1024px) 100vw, 1024px\" \/><\/a><\/figure>\n\n\n\n<figure class=\"wp-block-image size-large\"><a href=\"http:\/\/menzendorff.de\/wp-content\/uploads\/2022\/02\/Deutschordenskommende_Rouffach_4.jpg\"><img loading=\"lazy\" width=\"1024\" height=\"768\" src=\"http:\/\/menzendorff.de\/wp-content\/uploads\/2022\/02\/Deutschordenskommende_Rouffach_4-1024x768.jpg\" alt=\"\" class=\"wp-image-3563\" srcset=\"http:\/\/menzendorff.de\/wp-content\/uploads\/2022\/02\/Deutschordenskommende_Rouffach_4-1024x768.jpg 1024w, http:\/\/menzendorff.de\/wp-content\/uploads\/2022\/02\/Deutschordenskommende_Rouffach_4-300x225.jpg 300w, http:\/\/menzendorff.de\/wp-content\/uploads\/2022\/02\/Deutschordenskommende_Rouffach_4-768x576.jpg 768w, http:\/\/menzendorff.de\/wp-content\/uploads\/2022\/02\/Deutschordenskommende_Rouffach_4-624x468.jpg 624w, http:\/\/menzendorff.de\/wp-content\/uploads\/2022\/02\/Deutschordenskommende_Rouffach_4.jpg 1365w\" sizes=\"(max-width: 1024px) 100vw, 1024px\" \/><\/a><\/figure>\n\n\n\n<p> <\/p>\n","protected":false},"excerpt":{"rendered":"<p>Templerkomturei Xugney Im Jahr 2019 lud mich mein Freund Christophe Staf vom Projet Beauceant (www.templiers.org) nach Lothringen ein, wo er in der Templerkapelle von Xugney eine Ausstellung moderierte. N\u00e4here Einzelheiten zu seinen Wanderausstellungen finden Sie hier (https:\/\/expo.templiers.org\/). Die Kapelle von Xugney haben Sie mit mir im Jahre 2007 schon besucht (http:\/\/menzendorff.de\/?p=11). Hier folgen noch aktuelle [&hellip;]<\/p>\n","protected":false},"author":2,"featured_media":0,"comment_status":"open","ping_status":"open","sticky":false,"template":"","format":"standard","meta":[],"categories":[11],"tags":[],"_links":{"self":[{"href":"http:\/\/menzendorff.de\/index.php?rest_route=\/wp\/v2\/posts\/3515"}],"collection":[{"href":"http:\/\/menzendorff.de\/index.php?rest_route=\/wp\/v2\/posts"}],"about":[{"href":"http:\/\/menzendorff.de\/index.php?rest_route=\/wp\/v2\/types\/post"}],"author":[{"embeddable":true,"href":"http:\/\/menzendorff.de\/index.php?rest_route=\/wp\/v2\/users\/2"}],"replies":[{"embeddable":true,"href":"http:\/\/menzendorff.de\/index.php?rest_route=%2Fwp%2Fv2%2Fcomments&post=3515"}],"version-history":[{"count":14,"href":"http:\/\/menzendorff.de\/index.php?rest_route=\/wp\/v2\/posts\/3515\/revisions"}],"predecessor-version":[{"id":3590,"href":"http:\/\/menzendorff.de\/index.php?rest_route=\/wp\/v2\/posts\/3515\/revisions\/3590"}],"wp:attachment":[{"href":"http:\/\/menzendorff.de\/index.php?rest_route=%2Fwp%2Fv2%2Fmedia&parent=3515"}],"wp:term":[{"taxonomy":"category","embeddable":true,"href":"http:\/\/menzendorff.de\/index.php?rest_route=%2Fwp%2Fv2%2Fcategories&post=3515"},{"taxonomy":"post_tag","embeddable":true,"href":"http:\/\/menzendorff.de\/index.php?rest_route=%2Fwp%2Fv2%2Ftags&post=3515"}],"curies":[{"name":"wp","href":"https:\/\/api.w.org\/{rel}","templated":true}]}}