{"id":3591,"date":"2022-08-27T19:50:01","date_gmt":"2022-08-27T17:50:01","guid":{"rendered":"http:\/\/menzendorff.de\/?p=3591"},"modified":"2022-09-04T12:02:14","modified_gmt":"2022-09-04T10:02:14","slug":"templerstrasse-im-dreilaender-eck","status":"publish","type":"post","link":"http:\/\/menzendorff.de\/?p=3591","title":{"rendered":"Templerstra\u00dfe im Dreil\u00e4nder-Eck?"},"content":{"rendered":"\n<p>Ende August 2022 hatte meine Frau einen Besuch der Tochter in Barcelona geplant. Ich nutzte die Fahrt zum Flughafen Frankfurt-Hahn und drei Tage Freizeit, um einige   naheliegende Templer-Orte zu untersuchen. Schon bei der Planung der Reise fiel mir auf, dass viele dieser Orte in einer Reihe zu liegen schienen und dass die Distanzen dazwischen h\u00e4ufig um die 30 km betragen.<\/p>\n\n\n\n<p>Die erste Komturei auf meiner Liste war <strong>Roth an der Our<\/strong>, unmittelbar an der Grenze zu Luxemburg. Die Adresse lautet Schloss Roth, Johanniter-Stra\u00dfe 17, Roth an der Our. <\/p>\n\n\n\n<figure class=\"wp-block-image size-large\"><a href=\"http:\/\/menzendorff.de\/wp-content\/uploads\/2022\/08\/20220824_131626-scaled.jpg\"><img loading=\"lazy\" width=\"1024\" height=\"768\" src=\"http:\/\/menzendorff.de\/wp-content\/uploads\/2022\/08\/20220824_131626-1024x768.jpg\" alt=\"\" class=\"wp-image-3592\" srcset=\"http:\/\/menzendorff.de\/wp-content\/uploads\/2022\/08\/20220824_131626-1024x768.jpg 1024w, http:\/\/menzendorff.de\/wp-content\/uploads\/2022\/08\/20220824_131626-300x225.jpg 300w, http:\/\/menzendorff.de\/wp-content\/uploads\/2022\/08\/20220824_131626-768x576.jpg 768w, http:\/\/menzendorff.de\/wp-content\/uploads\/2022\/08\/20220824_131626-1536x1152.jpg 1536w, http:\/\/menzendorff.de\/wp-content\/uploads\/2022\/08\/20220824_131626-2048x1536.jpg 2048w, http:\/\/menzendorff.de\/wp-content\/uploads\/2022\/08\/20220824_131626-624x468.jpg 624w\" sizes=\"(max-width: 1024px) 100vw, 1024px\" \/><\/a><\/figure>\n\n\n\n<p>Blick auf die Templerkapelle von Norden. Sowohl im Westen, als auch im Osten f\u00e4llt das Gel\u00e4nde recht steil ab.<\/p>\n\n\n\n<figure class=\"wp-block-image size-large\"><a href=\"http:\/\/menzendorff.de\/wp-content\/uploads\/2022\/08\/20220824_131658-scaled.jpg\"><img loading=\"lazy\" width=\"1024\" height=\"768\" src=\"http:\/\/menzendorff.de\/wp-content\/uploads\/2022\/08\/20220824_131658-1024x768.jpg\" alt=\"\" class=\"wp-image-3593\" srcset=\"http:\/\/menzendorff.de\/wp-content\/uploads\/2022\/08\/20220824_131658-1024x768.jpg 1024w, http:\/\/menzendorff.de\/wp-content\/uploads\/2022\/08\/20220824_131658-300x225.jpg 300w, http:\/\/menzendorff.de\/wp-content\/uploads\/2022\/08\/20220824_131658-768x576.jpg 768w, http:\/\/menzendorff.de\/wp-content\/uploads\/2022\/08\/20220824_131658-1536x1152.jpg 1536w, http:\/\/menzendorff.de\/wp-content\/uploads\/2022\/08\/20220824_131658-2048x1536.jpg 2048w, http:\/\/menzendorff.de\/wp-content\/uploads\/2022\/08\/20220824_131658-624x468.jpg 624w\" sizes=\"(max-width: 1024px) 100vw, 1024px\" \/><\/a><\/figure>\n\n\n\n<p>Ein teilweise wieder freigelegtes Tympanon eines Seiteneingangs.<\/p>\n\n\n\n<figure class=\"wp-block-image size-large\"><a href=\"http:\/\/menzendorff.de\/wp-content\/uploads\/2022\/08\/20220824_131748-scaled.jpg\"><img loading=\"lazy\" width=\"768\" height=\"1024\" src=\"http:\/\/menzendorff.de\/wp-content\/uploads\/2022\/08\/20220824_131748-768x1024.jpg\" alt=\"\" class=\"wp-image-3594\" srcset=\"http:\/\/menzendorff.de\/wp-content\/uploads\/2022\/08\/20220824_131748-768x1024.jpg 768w, http:\/\/menzendorff.de\/wp-content\/uploads\/2022\/08\/20220824_131748-225x300.jpg 225w, http:\/\/menzendorff.de\/wp-content\/uploads\/2022\/08\/20220824_131748-1152x1536.jpg 1152w, http:\/\/menzendorff.de\/wp-content\/uploads\/2022\/08\/20220824_131748-1536x2048.jpg 1536w, http:\/\/menzendorff.de\/wp-content\/uploads\/2022\/08\/20220824_131748-624x832.jpg 624w, http:\/\/menzendorff.de\/wp-content\/uploads\/2022\/08\/20220824_131748-scaled.jpg 1920w\" sizes=\"(max-width: 768px) 100vw, 768px\" \/><\/a><\/figure>\n\n\n\n<p>Innenansicht des Kirchenschiffes.<\/p>\n\n\n\n<figure class=\"wp-block-image size-large\"><a href=\"http:\/\/menzendorff.de\/wp-content\/uploads\/2022\/08\/20220824_131732-scaled.jpg\"><img loading=\"lazy\" width=\"768\" height=\"1024\" src=\"http:\/\/menzendorff.de\/wp-content\/uploads\/2022\/08\/20220824_131732-768x1024.jpg\" alt=\"\" class=\"wp-image-3595\" srcset=\"http:\/\/menzendorff.de\/wp-content\/uploads\/2022\/08\/20220824_131732-768x1024.jpg 768w, http:\/\/menzendorff.de\/wp-content\/uploads\/2022\/08\/20220824_131732-225x300.jpg 225w, http:\/\/menzendorff.de\/wp-content\/uploads\/2022\/08\/20220824_131732-1152x1536.jpg 1152w, http:\/\/menzendorff.de\/wp-content\/uploads\/2022\/08\/20220824_131732-1536x2048.jpg 1536w, http:\/\/menzendorff.de\/wp-content\/uploads\/2022\/08\/20220824_131732-624x832.jpg 624w, http:\/\/menzendorff.de\/wp-content\/uploads\/2022\/08\/20220824_131732-scaled.jpg 1920w\" sizes=\"(max-width: 768px) 100vw, 768px\" \/><\/a><\/figure>\n\n\n\n<p>Westpforte mit Kreuz aus der Johanniter-Zeit.<\/p>\n\n\n\n<figure class=\"wp-block-image size-large\"><a href=\"http:\/\/menzendorff.de\/wp-content\/uploads\/2022\/08\/20220824_132317-scaled.jpg\"><img loading=\"lazy\" width=\"768\" height=\"1024\" src=\"http:\/\/menzendorff.de\/wp-content\/uploads\/2022\/08\/20220824_132317-768x1024.jpg\" alt=\"\" class=\"wp-image-3596\" srcset=\"http:\/\/menzendorff.de\/wp-content\/uploads\/2022\/08\/20220824_132317-768x1024.jpg 768w, http:\/\/menzendorff.de\/wp-content\/uploads\/2022\/08\/20220824_132317-225x300.jpg 225w, http:\/\/menzendorff.de\/wp-content\/uploads\/2022\/08\/20220824_132317-1152x1536.jpg 1152w, http:\/\/menzendorff.de\/wp-content\/uploads\/2022\/08\/20220824_132317-1536x2048.jpg 1536w, http:\/\/menzendorff.de\/wp-content\/uploads\/2022\/08\/20220824_132317-624x832.jpg 624w, http:\/\/menzendorff.de\/wp-content\/uploads\/2022\/08\/20220824_132317-scaled.jpg 1920w\" sizes=\"(max-width: 768px) 100vw, 768px\" \/><\/a><\/figure>\n\n\n\n<p>Torturm zum Schloss Roth<\/p>\n\n\n\n<figure class=\"wp-block-image size-large\"><a href=\"http:\/\/menzendorff.de\/wp-content\/uploads\/2022\/08\/20220824_132445-scaled.jpg\"><img loading=\"lazy\" width=\"768\" height=\"1024\" src=\"http:\/\/menzendorff.de\/wp-content\/uploads\/2022\/08\/20220824_132445-768x1024.jpg\" alt=\"\" class=\"wp-image-3597\" srcset=\"http:\/\/menzendorff.de\/wp-content\/uploads\/2022\/08\/20220824_132445-768x1024.jpg 768w, http:\/\/menzendorff.de\/wp-content\/uploads\/2022\/08\/20220824_132445-225x300.jpg 225w, http:\/\/menzendorff.de\/wp-content\/uploads\/2022\/08\/20220824_132445-1152x1536.jpg 1152w, http:\/\/menzendorff.de\/wp-content\/uploads\/2022\/08\/20220824_132445-1536x2048.jpg 1536w, http:\/\/menzendorff.de\/wp-content\/uploads\/2022\/08\/20220824_132445-624x832.jpg 624w, http:\/\/menzendorff.de\/wp-content\/uploads\/2022\/08\/20220824_132445-scaled.jpg 1920w\" sizes=\"(max-width: 768px) 100vw, 768px\" \/><\/a><\/figure>\n\n\n\n<p>Johanniter-Schloss, jetziger Bauzustand seit 1733. Der Treppenturm ist noch aus dem Mittelalter. <a href=\"http:\/\/www.schloss-roth.de\/\" data-type=\"URL\" data-id=\"http:\/\/www.schloss-roth.de\/\">http:\/\/www.schloss-roth.de\/<\/a><\/p>\n\n\n\n<figure class=\"wp-block-image size-large\"><a href=\"http:\/\/menzendorff.de\/wp-content\/uploads\/2022\/08\/20220824_132624-scaled.jpg\"><img loading=\"lazy\" width=\"1024\" height=\"768\" src=\"http:\/\/menzendorff.de\/wp-content\/uploads\/2022\/08\/20220824_132624-1024x768.jpg\" alt=\"\" class=\"wp-image-3598\" srcset=\"http:\/\/menzendorff.de\/wp-content\/uploads\/2022\/08\/20220824_132624-1024x768.jpg 1024w, http:\/\/menzendorff.de\/wp-content\/uploads\/2022\/08\/20220824_132624-300x225.jpg 300w, http:\/\/menzendorff.de\/wp-content\/uploads\/2022\/08\/20220824_132624-768x576.jpg 768w, http:\/\/menzendorff.de\/wp-content\/uploads\/2022\/08\/20220824_132624-1536x1152.jpg 1536w, http:\/\/menzendorff.de\/wp-content\/uploads\/2022\/08\/20220824_132624-2048x1536.jpg 2048w, http:\/\/menzendorff.de\/wp-content\/uploads\/2022\/08\/20220824_132624-624x468.jpg 624w\" sizes=\"(max-width: 1024px) 100vw, 1024px\" \/><\/a><\/figure>\n\n\n\n<p>Blick auf den Ostchor vom tieferliegenden Fu\u00dfpfad.<\/p>\n\n\n\n<p>Die n\u00e4chste Etappe erreichte ich schon in wenigen Minuten. <strong>Vianden<\/strong> in Luxembourg.<\/p>\n\n\n\n<figure class=\"wp-block-image size-large\"><a href=\"http:\/\/menzendorff.de\/wp-content\/uploads\/2022\/08\/20220824_140212-scaled.jpg\"><img loading=\"lazy\" width=\"768\" height=\"1024\" src=\"http:\/\/menzendorff.de\/wp-content\/uploads\/2022\/08\/20220824_140212-768x1024.jpg\" alt=\"\" class=\"wp-image-3599\" srcset=\"http:\/\/menzendorff.de\/wp-content\/uploads\/2022\/08\/20220824_140212-768x1024.jpg 768w, http:\/\/menzendorff.de\/wp-content\/uploads\/2022\/08\/20220824_140212-225x300.jpg 225w, http:\/\/menzendorff.de\/wp-content\/uploads\/2022\/08\/20220824_140212-1152x1536.jpg 1152w, http:\/\/menzendorff.de\/wp-content\/uploads\/2022\/08\/20220824_140212-1536x2048.jpg 1536w, http:\/\/menzendorff.de\/wp-content\/uploads\/2022\/08\/20220824_140212-624x832.jpg 624w, http:\/\/menzendorff.de\/wp-content\/uploads\/2022\/08\/20220824_140212-scaled.jpg 1920w\" sizes=\"(max-width: 768px) 100vw, 768px\" \/><\/a><\/figure>\n\n\n\n<p>Templerkirche St. Nicolas, Rue du Sanatorium 6, Vianden.<\/p>\n\n\n\n<figure class=\"wp-block-image size-large\"><a href=\"http:\/\/menzendorff.de\/wp-content\/uploads\/2022\/08\/20220824_135255-scaled.jpg\"><img loading=\"lazy\" width=\"768\" height=\"1024\" src=\"http:\/\/menzendorff.de\/wp-content\/uploads\/2022\/08\/20220824_135255-768x1024.jpg\" alt=\"\" class=\"wp-image-3600\" srcset=\"http:\/\/menzendorff.de\/wp-content\/uploads\/2022\/08\/20220824_135255-768x1024.jpg 768w, http:\/\/menzendorff.de\/wp-content\/uploads\/2022\/08\/20220824_135255-225x300.jpg 225w, http:\/\/menzendorff.de\/wp-content\/uploads\/2022\/08\/20220824_135255-1152x1536.jpg 1152w, http:\/\/menzendorff.de\/wp-content\/uploads\/2022\/08\/20220824_135255-1536x2048.jpg 1536w, http:\/\/menzendorff.de\/wp-content\/uploads\/2022\/08\/20220824_135255-624x832.jpg 624w, http:\/\/menzendorff.de\/wp-content\/uploads\/2022\/08\/20220824_135255-scaled.jpg 1920w\" sizes=\"(max-width: 768px) 100vw, 768px\" \/><\/a><\/figure>\n\n\n\n<p>Blick von Westen auf den Haupteingang.<\/p>\n\n\n\n<figure class=\"wp-block-image size-large\"><a href=\"http:\/\/menzendorff.de\/wp-content\/uploads\/2022\/08\/20220824_135335-scaled.jpg\"><img loading=\"lazy\" width=\"768\" height=\"1024\" src=\"http:\/\/menzendorff.de\/wp-content\/uploads\/2022\/08\/20220824_135335-768x1024.jpg\" alt=\"\" class=\"wp-image-3601\" srcset=\"http:\/\/menzendorff.de\/wp-content\/uploads\/2022\/08\/20220824_135335-768x1024.jpg 768w, http:\/\/menzendorff.de\/wp-content\/uploads\/2022\/08\/20220824_135335-225x300.jpg 225w, http:\/\/menzendorff.de\/wp-content\/uploads\/2022\/08\/20220824_135335-1152x1536.jpg 1152w, http:\/\/menzendorff.de\/wp-content\/uploads\/2022\/08\/20220824_135335-1536x2048.jpg 1536w, http:\/\/menzendorff.de\/wp-content\/uploads\/2022\/08\/20220824_135335-624x832.jpg 624w, http:\/\/menzendorff.de\/wp-content\/uploads\/2022\/08\/20220824_135335-scaled.jpg 1920w\" sizes=\"(max-width: 768px) 100vw, 768px\" \/><\/a><\/figure>\n\n\n\n<p>Innenraum, Blick in den Ostchor.<\/p>\n\n\n\n<figure class=\"wp-block-image size-large\"><a href=\"http:\/\/menzendorff.de\/wp-content\/uploads\/2022\/08\/20220824_135837-scaled.jpg\"><img loading=\"lazy\" width=\"768\" height=\"1024\" src=\"http:\/\/menzendorff.de\/wp-content\/uploads\/2022\/08\/20220824_135837-768x1024.jpg\" alt=\"\" class=\"wp-image-3602\" srcset=\"http:\/\/menzendorff.de\/wp-content\/uploads\/2022\/08\/20220824_135837-768x1024.jpg 768w, http:\/\/menzendorff.de\/wp-content\/uploads\/2022\/08\/20220824_135837-225x300.jpg 225w, http:\/\/menzendorff.de\/wp-content\/uploads\/2022\/08\/20220824_135837-1152x1536.jpg 1152w, http:\/\/menzendorff.de\/wp-content\/uploads\/2022\/08\/20220824_135837-1536x2048.jpg 1536w, http:\/\/menzendorff.de\/wp-content\/uploads\/2022\/08\/20220824_135837-624x832.jpg 624w, http:\/\/menzendorff.de\/wp-content\/uploads\/2022\/08\/20220824_135837-scaled.jpg 1920w\" sizes=\"(max-width: 768px) 100vw, 768px\" \/><\/a><\/figure>\n\n\n\n<p>Die Figur eines Tempel-Ritters mit Umhang neben einer knienden Person an der gegen\u00fcberliegenden Hausecke.<\/p>\n\n\n\n<p>Von Vianden hielt ich sodann Kurs auf die Hauptstadt Luxemburg. Die Strecke betr\u00e4gt knapp 50 km und verl\u00e4uft recht gradlinig. Nach 11 km in s\u00fcdlicher Richtung erreicht man Diekirch. Dort befand sich das Tempel-Haus von Gilkirch (Jan Hosten, De Tempeliers in de Lagelanden, 2020, S. 369). Nach weiteren 12 km s\u00fcdlich erreicht man  den Ort Fels, in dem die Templer ein Haus besa\u00dfen (Hosten, a.a.O).  Weitere 25 km s\u00fcdlich brachten den Reisenden nach Luxemburg, der Hauptstadt, wo die Templer am March\u00e9-aux-Herbes (a.a.O.) ein Haus besessen haben sollen. Ich habe die Orte nicht auf meine To-do-Liste gesetzt, weil von den Tempel-H\u00e4usern nichts mehr \u00fcbrig ist.<\/p>\n\n\n\n<figure class=\"wp-block-image size-large\"><a href=\"http:\/\/menzendorff.de\/wp-content\/uploads\/2022\/08\/Templerstrasse-Lothringen-1.png\"><img loading=\"lazy\" width=\"695\" height=\"893\" src=\"http:\/\/menzendorff.de\/wp-content\/uploads\/2022\/08\/Templerstrasse-Lothringen-1.png\" alt=\"\" class=\"wp-image-3638\" srcset=\"http:\/\/menzendorff.de\/wp-content\/uploads\/2022\/08\/Templerstrasse-Lothringen-1.png 695w, http:\/\/menzendorff.de\/wp-content\/uploads\/2022\/08\/Templerstrasse-Lothringen-1-233x300.png 233w, http:\/\/menzendorff.de\/wp-content\/uploads\/2022\/08\/Templerstrasse-Lothringen-1-624x802.png 624w\" sizes=\"(max-width: 695px) 100vw, 695px\" \/><\/a><\/figure>\n\n\n\n<p>Mein n\u00e4chstes Etappenziel lag 27 km weiter s\u00fcdlich: die Templerkirche in <strong>Cattenom<\/strong>, Frankreich.<\/p>\n\n\n\n<figure class=\"wp-block-image size-large\"><a href=\"http:\/\/menzendorff.de\/wp-content\/uploads\/2022\/08\/20220824_172645-scaled.jpg\"><img loading=\"lazy\" width=\"1024\" height=\"768\" src=\"http:\/\/menzendorff.de\/wp-content\/uploads\/2022\/08\/20220824_172645-1024x768.jpg\" alt=\"\" class=\"wp-image-3603\" srcset=\"http:\/\/menzendorff.de\/wp-content\/uploads\/2022\/08\/20220824_172645-1024x768.jpg 1024w, http:\/\/menzendorff.de\/wp-content\/uploads\/2022\/08\/20220824_172645-300x225.jpg 300w, http:\/\/menzendorff.de\/wp-content\/uploads\/2022\/08\/20220824_172645-768x576.jpg 768w, http:\/\/menzendorff.de\/wp-content\/uploads\/2022\/08\/20220824_172645-1536x1152.jpg 1536w, http:\/\/menzendorff.de\/wp-content\/uploads\/2022\/08\/20220824_172645-2048x1536.jpg 2048w, http:\/\/menzendorff.de\/wp-content\/uploads\/2022\/08\/20220824_172645-624x468.jpg 624w\" sizes=\"(max-width: 1024px) 100vw, 1024px\" \/><\/a><\/figure>\n\n\n\n<p>Saint-Martin, Cattenom, Rue de l&#8217;Eglise.<\/p>\n\n\n\n<p>Das Kirchenschiff stammt aus 1831 <a href=\"https:\/\/de.wikipedia.org\/wiki\/St-Martin_(Cattenom)\">https:\/\/de.wikipedia.org\/wiki\/St-Martin_(Cattenom)<\/a>.<\/p>\n\n\n\n<figure class=\"wp-block-image size-large\"><a href=\"http:\/\/menzendorff.de\/wp-content\/uploads\/2022\/08\/20220824_172714-scaled.jpg\"><img loading=\"lazy\" width=\"768\" height=\"1024\" src=\"http:\/\/menzendorff.de\/wp-content\/uploads\/2022\/08\/20220824_172714-768x1024.jpg\" alt=\"\" class=\"wp-image-3604\" srcset=\"http:\/\/menzendorff.de\/wp-content\/uploads\/2022\/08\/20220824_172714-768x1024.jpg 768w, http:\/\/menzendorff.de\/wp-content\/uploads\/2022\/08\/20220824_172714-225x300.jpg 225w, http:\/\/menzendorff.de\/wp-content\/uploads\/2022\/08\/20220824_172714-1152x1536.jpg 1152w, http:\/\/menzendorff.de\/wp-content\/uploads\/2022\/08\/20220824_172714-1536x2048.jpg 1536w, http:\/\/menzendorff.de\/wp-content\/uploads\/2022\/08\/20220824_172714-624x832.jpg 624w, http:\/\/menzendorff.de\/wp-content\/uploads\/2022\/08\/20220824_172714-scaled.jpg 1920w\" sizes=\"(max-width: 768px) 100vw, 768px\" \/><\/a><\/figure>\n\n\n\n<p>Interessant ist der Kirchturm aus dem 11. Jahrhundert. Er ist als Wehrturm ausgef\u00fchrt (a.a.O).<\/p>\n\n\n\n<figure class=\"wp-block-image size-large\"><a href=\"http:\/\/menzendorff.de\/wp-content\/uploads\/2022\/08\/20220824_173000-scaled.jpg\"><img loading=\"lazy\" width=\"1024\" height=\"768\" src=\"http:\/\/menzendorff.de\/wp-content\/uploads\/2022\/08\/20220824_173000-1024x768.jpg\" alt=\"\" class=\"wp-image-3605\" srcset=\"http:\/\/menzendorff.de\/wp-content\/uploads\/2022\/08\/20220824_173000-1024x768.jpg 1024w, http:\/\/menzendorff.de\/wp-content\/uploads\/2022\/08\/20220824_173000-300x225.jpg 300w, http:\/\/menzendorff.de\/wp-content\/uploads\/2022\/08\/20220824_173000-768x576.jpg 768w, http:\/\/menzendorff.de\/wp-content\/uploads\/2022\/08\/20220824_173000-1536x1152.jpg 1536w, http:\/\/menzendorff.de\/wp-content\/uploads\/2022\/08\/20220824_173000-2048x1536.jpg 2048w, http:\/\/menzendorff.de\/wp-content\/uploads\/2022\/08\/20220824_173000-624x468.jpg 624w\" sizes=\"(max-width: 1024px) 100vw, 1024px\" \/><\/a><\/figure>\n\n\n\n<p>Blick von Osten auf die Kirche, an die sich unmittelbar Profangeb\u00e4ude anschlie\u00dfen. Man hat den Eindruck, dass hier die Komturei der Templer untergebracht war, die sp\u00e4ter von den Deutschordens-Ritten \u00fcbernommen wurde (Wikipedia, a.a.O.).<\/p>\n\n\n\n<p>Weiter in Richtung S\u00fcden befindet sich die n\u00e4chste Templer-Station in <strong>Pierrevillers<\/strong>, ca. 28 km entfernt von <strong>Cattenom<\/strong>, immer direkt an linken Ufer der Mosel entlang.<\/p>\n\n\n\n<figure class=\"wp-block-image size-large\"><a href=\"http:\/\/menzendorff.de\/wp-content\/uploads\/2022\/08\/20220826_103848-scaled.jpg\"><img loading=\"lazy\" width=\"1024\" height=\"768\" src=\"http:\/\/menzendorff.de\/wp-content\/uploads\/2022\/08\/20220826_103848-1024x768.jpg\" alt=\"\" class=\"wp-image-3670\" srcset=\"http:\/\/menzendorff.de\/wp-content\/uploads\/2022\/08\/20220826_103848-1024x768.jpg 1024w, http:\/\/menzendorff.de\/wp-content\/uploads\/2022\/08\/20220826_103848-300x225.jpg 300w, http:\/\/menzendorff.de\/wp-content\/uploads\/2022\/08\/20220826_103848-768x576.jpg 768w, http:\/\/menzendorff.de\/wp-content\/uploads\/2022\/08\/20220826_103848-1536x1152.jpg 1536w, http:\/\/menzendorff.de\/wp-content\/uploads\/2022\/08\/20220826_103848-2048x1536.jpg 2048w, http:\/\/menzendorff.de\/wp-content\/uploads\/2022\/08\/20220826_103848-624x468.jpg 624w\" sizes=\"(max-width: 1024px) 100vw, 1024px\" \/><\/a><\/figure>\n\n\n\n<figure class=\"wp-block-image size-large\"><a href=\"http:\/\/menzendorff.de\/wp-content\/uploads\/2022\/09\/20220826_104029-scaled.jpg\"><img loading=\"lazy\" width=\"1024\" height=\"768\" src=\"http:\/\/menzendorff.de\/wp-content\/uploads\/2022\/09\/20220826_104029-1024x768.jpg\" alt=\"\" class=\"wp-image-3682\" srcset=\"http:\/\/menzendorff.de\/wp-content\/uploads\/2022\/09\/20220826_104029-1024x768.jpg 1024w, http:\/\/menzendorff.de\/wp-content\/uploads\/2022\/09\/20220826_104029-300x225.jpg 300w, http:\/\/menzendorff.de\/wp-content\/uploads\/2022\/09\/20220826_104029-768x576.jpg 768w, http:\/\/menzendorff.de\/wp-content\/uploads\/2022\/09\/20220826_104029-1536x1152.jpg 1536w, http:\/\/menzendorff.de\/wp-content\/uploads\/2022\/09\/20220826_104029-2048x1536.jpg 2048w, http:\/\/menzendorff.de\/wp-content\/uploads\/2022\/09\/20220826_104029-624x468.jpg 624w\" sizes=\"(max-width: 1024px) 100vw, 1024px\" \/><\/a><\/figure>\n\n\n\n<p>Geb\u00e4ude der ehemaligen Commanderie.<\/p>\n\n\n\n<figure class=\"wp-block-image size-large\"><a href=\"http:\/\/menzendorff.de\/wp-content\/uploads\/2022\/09\/pierrevillers-03-a057d.jpg\"><img loading=\"lazy\" width=\"475\" height=\"200\" src=\"http:\/\/menzendorff.de\/wp-content\/uploads\/2022\/09\/pierrevillers-03-a057d.jpg\" alt=\"\" class=\"wp-image-3683\" srcset=\"http:\/\/menzendorff.de\/wp-content\/uploads\/2022\/09\/pierrevillers-03-a057d.jpg 475w, http:\/\/menzendorff.de\/wp-content\/uploads\/2022\/09\/pierrevillers-03-a057d-300x126.jpg 300w\" sizes=\"(max-width: 475px) 100vw, 475px\" \/><\/a><\/figure>\n\n\n\n<p><a href=\"https:\/\/www.passion-patrimoine.fr\/spip.php?article41\" target=\"_blank\" rel=\"noreferrer noopener\">https:\/\/www.passion-patrimoine.fr\/spip.php?article41<\/a><\/p>\n\n\n\n<p><\/p>\n\n\n\n<p>Zur \u00dcbernachtung ging es nach Metz. Der Ort liegt ziemlich genau 15 km s\u00fcdlich von Pierrevillers. Die Fahrt war &#8211; nach einem Stau auf der Autobahn in Luxemburg &#8211; doch recht anstrengend. Ich suchte also sofort mein Hotel in der Altstadt von Metz auf und hatte es nur ein paar Schritte zu einem gem\u00fctlichen Restaurant.<\/p>\n\n\n\n<figure class=\"wp-block-image size-large\"><a href=\"http:\/\/menzendorff.de\/wp-content\/uploads\/2022\/08\/Metz-1-scaled.jpg\"><img loading=\"lazy\" width=\"927\" height=\"1024\" src=\"http:\/\/menzendorff.de\/wp-content\/uploads\/2022\/08\/Metz-1-927x1024.jpg\" alt=\"\" class=\"wp-image-3607\" srcset=\"http:\/\/menzendorff.de\/wp-content\/uploads\/2022\/08\/Metz-1-927x1024.jpg 927w, http:\/\/menzendorff.de\/wp-content\/uploads\/2022\/08\/Metz-1-272x300.jpg 272w, http:\/\/menzendorff.de\/wp-content\/uploads\/2022\/08\/Metz-1-768x848.jpg 768w, http:\/\/menzendorff.de\/wp-content\/uploads\/2022\/08\/Metz-1-1390x1536.jpg 1390w, http:\/\/menzendorff.de\/wp-content\/uploads\/2022\/08\/Metz-1-1854x2048.jpg 1854w, http:\/\/menzendorff.de\/wp-content\/uploads\/2022\/08\/Metz-1-624x689.jpg 624w\" sizes=\"(max-width: 927px) 100vw, 927px\" \/><\/a><\/figure>\n\n\n\n<p>Die Templerkapelle von <strong>Metz<\/strong> (Aufnahmen von 2019).<\/p>\n\n\n\n<figure class=\"wp-block-image size-large\"><a href=\"http:\/\/menzendorff.de\/wp-content\/uploads\/2022\/08\/Metz-2-scaled.jpg\"><img loading=\"lazy\" width=\"1024\" height=\"576\" src=\"http:\/\/menzendorff.de\/wp-content\/uploads\/2022\/08\/Metz-2-1024x576.jpg\" alt=\"\" class=\"wp-image-3608\" srcset=\"http:\/\/menzendorff.de\/wp-content\/uploads\/2022\/08\/Metz-2-1024x576.jpg 1024w, http:\/\/menzendorff.de\/wp-content\/uploads\/2022\/08\/Metz-2-300x169.jpg 300w, http:\/\/menzendorff.de\/wp-content\/uploads\/2022\/08\/Metz-2-768x432.jpg 768w, http:\/\/menzendorff.de\/wp-content\/uploads\/2022\/08\/Metz-2-1536x864.jpg 1536w, http:\/\/menzendorff.de\/wp-content\/uploads\/2022\/08\/Metz-2-2048x1152.jpg 2048w, http:\/\/menzendorff.de\/wp-content\/uploads\/2022\/08\/Metz-2-624x351.jpg 624w\" sizes=\"(max-width: 1024px) 100vw, 1024px\" \/><\/a><\/figure>\n\n\n\n<p>Das erste und einzige Mal bestand in 2019 die Gelegenheit, die Kapelle von innen zu besichtigen.<\/p>\n\n\n\n<p>30 km s\u00fcdlich von Metz befindet sich die n\u00e4chste Templer-Station in <strong>Pont-\u00e0-Mousson<\/strong>, die ich auch nicht auf dieser Reise aufgesucht habe. Ich zeige daher Bilder dieser Komturei aus dem Jahre 2021.<\/p>\n\n\n\n<figure class=\"wp-block-image size-large\"><a href=\"http:\/\/menzendorff.de\/wp-content\/uploads\/2022\/08\/Pont-a-scaled.jpg\"><img loading=\"lazy\" width=\"1024\" height=\"672\" src=\"http:\/\/menzendorff.de\/wp-content\/uploads\/2022\/08\/Pont-a-1024x672.jpg\" alt=\"\" class=\"wp-image-3613\" srcset=\"http:\/\/menzendorff.de\/wp-content\/uploads\/2022\/08\/Pont-a-1024x672.jpg 1024w, http:\/\/menzendorff.de\/wp-content\/uploads\/2022\/08\/Pont-a-300x197.jpg 300w, http:\/\/menzendorff.de\/wp-content\/uploads\/2022\/08\/Pont-a-768x504.jpg 768w, http:\/\/menzendorff.de\/wp-content\/uploads\/2022\/08\/Pont-a-1536x1007.jpg 1536w, http:\/\/menzendorff.de\/wp-content\/uploads\/2022\/08\/Pont-a-2048x1343.jpg 2048w, http:\/\/menzendorff.de\/wp-content\/uploads\/2022\/08\/Pont-a-624x409.jpg 624w\" sizes=\"(max-width: 1024px) 100vw, 1024px\" \/><\/a><\/figure>\n\n\n\n<p>&#8222;<em>nomen est omen<\/em>&#8222;<\/p>\n\n\n\n<figure class=\"wp-block-image size-large\"><a href=\"http:\/\/menzendorff.de\/wp-content\/uploads\/2022\/08\/20210922_145449-scaled.jpg\"><img loading=\"lazy\" width=\"1024\" height=\"768\" src=\"http:\/\/menzendorff.de\/wp-content\/uploads\/2022\/08\/20210922_145449-1024x768.jpg\" alt=\"\" class=\"wp-image-3610\" srcset=\"http:\/\/menzendorff.de\/wp-content\/uploads\/2022\/08\/20210922_145449-1024x768.jpg 1024w, http:\/\/menzendorff.de\/wp-content\/uploads\/2022\/08\/20210922_145449-300x225.jpg 300w, http:\/\/menzendorff.de\/wp-content\/uploads\/2022\/08\/20210922_145449-768x576.jpg 768w, http:\/\/menzendorff.de\/wp-content\/uploads\/2022\/08\/20210922_145449-1536x1152.jpg 1536w, http:\/\/menzendorff.de\/wp-content\/uploads\/2022\/08\/20210922_145449-2048x1536.jpg 2048w, http:\/\/menzendorff.de\/wp-content\/uploads\/2022\/08\/20210922_145449-624x468.jpg 624w\" sizes=\"(max-width: 1024px) 100vw, 1024px\" \/><\/a><\/figure>\n\n\n\n<p>Seitenapsis nach S\u00fcdwesten.<\/p>\n\n\n\n<figure class=\"wp-block-image size-large\"><a href=\"http:\/\/menzendorff.de\/wp-content\/uploads\/2022\/08\/20210922_145016-scaled.jpg\"><img loading=\"lazy\" width=\"768\" height=\"1024\" src=\"http:\/\/menzendorff.de\/wp-content\/uploads\/2022\/08\/20210922_145016-768x1024.jpg\" alt=\"\" class=\"wp-image-3611\" srcset=\"http:\/\/menzendorff.de\/wp-content\/uploads\/2022\/08\/20210922_145016-768x1024.jpg 768w, http:\/\/menzendorff.de\/wp-content\/uploads\/2022\/08\/20210922_145016-225x300.jpg 225w, http:\/\/menzendorff.de\/wp-content\/uploads\/2022\/08\/20210922_145016-1152x1536.jpg 1152w, http:\/\/menzendorff.de\/wp-content\/uploads\/2022\/08\/20210922_145016-1536x2048.jpg 1536w, http:\/\/menzendorff.de\/wp-content\/uploads\/2022\/08\/20210922_145016-624x832.jpg 624w, http:\/\/menzendorff.de\/wp-content\/uploads\/2022\/08\/20210922_145016-scaled.jpg 1920w\" sizes=\"(max-width: 768px) 100vw, 768px\" \/><\/a><\/figure>\n\n\n\n<p>Weihwasserbecken.<\/p>\n\n\n\n<figure class=\"wp-block-image size-large\"><a href=\"http:\/\/menzendorff.de\/wp-content\/uploads\/2022\/08\/20210922_145041-scaled.jpg\"><img loading=\"lazy\" width=\"768\" height=\"1024\" src=\"http:\/\/menzendorff.de\/wp-content\/uploads\/2022\/08\/20210922_145041-768x1024.jpg\" alt=\"\" class=\"wp-image-3612\" srcset=\"http:\/\/menzendorff.de\/wp-content\/uploads\/2022\/08\/20210922_145041-768x1024.jpg 768w, http:\/\/menzendorff.de\/wp-content\/uploads\/2022\/08\/20210922_145041-225x300.jpg 225w, http:\/\/menzendorff.de\/wp-content\/uploads\/2022\/08\/20210922_145041-1152x1536.jpg 1152w, http:\/\/menzendorff.de\/wp-content\/uploads\/2022\/08\/20210922_145041-1536x2048.jpg 1536w, http:\/\/menzendorff.de\/wp-content\/uploads\/2022\/08\/20210922_145041-624x832.jpg 624w, http:\/\/menzendorff.de\/wp-content\/uploads\/2022\/08\/20210922_145041-scaled.jpg 1920w\" sizes=\"(max-width: 768px) 100vw, 768px\" \/><\/a><\/figure>\n\n\n\n<p>F\u00fcr diese Templer-Niederlassung wurde eine besonders geschickte Position gew\u00e4hlt. Der Blick geht \u00fcber das Moseltal und die Fernstra\u00dfe nach S\u00fcdwesten. <\/p>\n\n\n\n<p>Von hier geht es weitere ca. 30 km nach S\u00fcdwesten zum gro\u00dfen Teil unter Ausnutzung alter Landstra\u00dfen, die schnurgerade verlaufen. Dort trifft man auf die  n\u00e4chste Templer-Station in <strong>Libdeau<\/strong> bei Toul.<\/p>\n\n\n\n<figure class=\"wp-block-image size-large\"><a href=\"http:\/\/menzendorff.de\/wp-content\/uploads\/2022\/08\/20220825_141038-scaled.jpg\"><img loading=\"lazy\" width=\"768\" height=\"1024\" src=\"http:\/\/menzendorff.de\/wp-content\/uploads\/2022\/08\/20220825_141038-768x1024.jpg\" alt=\"\" class=\"wp-image-3624\" srcset=\"http:\/\/menzendorff.de\/wp-content\/uploads\/2022\/08\/20220825_141038-768x1024.jpg 768w, http:\/\/menzendorff.de\/wp-content\/uploads\/2022\/08\/20220825_141038-225x300.jpg 225w, http:\/\/menzendorff.de\/wp-content\/uploads\/2022\/08\/20220825_141038-1152x1536.jpg 1152w, http:\/\/menzendorff.de\/wp-content\/uploads\/2022\/08\/20220825_141038-1536x2048.jpg 1536w, http:\/\/menzendorff.de\/wp-content\/uploads\/2022\/08\/20220825_141038-624x832.jpg 624w, http:\/\/menzendorff.de\/wp-content\/uploads\/2022\/08\/20220825_141038-scaled.jpg 1920w\" sizes=\"(max-width: 768px) 100vw, 768px\" \/><\/a><figcaption>Landstra\u00dfe D 611 von Libdeau nach Nordosten.<\/figcaption><\/figure>\n\n\n\n<figure class=\"wp-block-image size-large\"><a href=\"http:\/\/menzendorff.de\/wp-content\/uploads\/2022\/08\/20220825_141019-scaled.jpg\"><img loading=\"lazy\" width=\"1024\" height=\"768\" src=\"http:\/\/menzendorff.de\/wp-content\/uploads\/2022\/08\/20220825_141019-1024x768.jpg\" alt=\"\" class=\"wp-image-3625\" srcset=\"http:\/\/menzendorff.de\/wp-content\/uploads\/2022\/08\/20220825_141019-1024x768.jpg 1024w, http:\/\/menzendorff.de\/wp-content\/uploads\/2022\/08\/20220825_141019-300x225.jpg 300w, http:\/\/menzendorff.de\/wp-content\/uploads\/2022\/08\/20220825_141019-768x576.jpg 768w, http:\/\/menzendorff.de\/wp-content\/uploads\/2022\/08\/20220825_141019-1536x1152.jpg 1536w, http:\/\/menzendorff.de\/wp-content\/uploads\/2022\/08\/20220825_141019-2048x1536.jpg 2048w, http:\/\/menzendorff.de\/wp-content\/uploads\/2022\/08\/20220825_141019-624x468.jpg 624w\" sizes=\"(max-width: 1024px) 100vw, 1024px\" \/><\/a><\/figure>\n\n\n\n<figure class=\"wp-block-image size-large\"><a href=\"http:\/\/menzendorff.de\/wp-content\/uploads\/2022\/08\/20220825_141030-scaled.jpg\"><img loading=\"lazy\" width=\"1024\" height=\"768\" src=\"http:\/\/menzendorff.de\/wp-content\/uploads\/2022\/08\/20220825_141030-1024x768.jpg\" alt=\"\" class=\"wp-image-3626\" srcset=\"http:\/\/menzendorff.de\/wp-content\/uploads\/2022\/08\/20220825_141030-1024x768.jpg 1024w, http:\/\/menzendorff.de\/wp-content\/uploads\/2022\/08\/20220825_141030-300x225.jpg 300w, http:\/\/menzendorff.de\/wp-content\/uploads\/2022\/08\/20220825_141030-768x576.jpg 768w, http:\/\/menzendorff.de\/wp-content\/uploads\/2022\/08\/20220825_141030-1536x1152.jpg 1536w, http:\/\/menzendorff.de\/wp-content\/uploads\/2022\/08\/20220825_141030-2048x1536.jpg 2048w, http:\/\/menzendorff.de\/wp-content\/uploads\/2022\/08\/20220825_141030-624x468.jpg 624w\" sizes=\"(max-width: 1024px) 100vw, 1024px\" \/><\/a><figcaption>Landstra\u00dfe D 611 von Libdeau nach S\u00fcdwesten.<\/figcaption><\/figure>\n\n\n\n<p>Der Verdacht liegt nahe, dass es sich hier um die R\u00f6merstra\u00dfe von Metz nach Lyon, die Via Agrippa, handelt. Aber sehen wir uns auf dem Gel\u00e4nde der Komturei noch etwas um: <\/p>\n\n\n\n<figure class=\"wp-block-image size-large\"><a href=\"http:\/\/menzendorff.de\/wp-content\/uploads\/2022\/08\/20220825_141456-scaled.jpg\"><img loading=\"lazy\" width=\"1024\" height=\"768\" src=\"http:\/\/menzendorff.de\/wp-content\/uploads\/2022\/08\/20220825_141456-1024x768.jpg\" alt=\"\" class=\"wp-image-3627\" srcset=\"http:\/\/menzendorff.de\/wp-content\/uploads\/2022\/08\/20220825_141456-1024x768.jpg 1024w, http:\/\/menzendorff.de\/wp-content\/uploads\/2022\/08\/20220825_141456-300x225.jpg 300w, http:\/\/menzendorff.de\/wp-content\/uploads\/2022\/08\/20220825_141456-768x576.jpg 768w, http:\/\/menzendorff.de\/wp-content\/uploads\/2022\/08\/20220825_141456-1536x1152.jpg 1536w, http:\/\/menzendorff.de\/wp-content\/uploads\/2022\/08\/20220825_141456-2048x1536.jpg 2048w, http:\/\/menzendorff.de\/wp-content\/uploads\/2022\/08\/20220825_141456-624x468.jpg 624w\" sizes=\"(max-width: 1024px) 100vw, 1024px\" \/><\/a><\/figure>\n\n\n\n<figure class=\"wp-block-image size-large\"><a href=\"http:\/\/menzendorff.de\/wp-content\/uploads\/2022\/08\/20220825_142948-scaled.jpg\"><img loading=\"lazy\" width=\"1024\" height=\"768\" src=\"http:\/\/menzendorff.de\/wp-content\/uploads\/2022\/08\/20220825_142948-1024x768.jpg\" alt=\"\" class=\"wp-image-3628\" srcset=\"http:\/\/menzendorff.de\/wp-content\/uploads\/2022\/08\/20220825_142948-1024x768.jpg 1024w, http:\/\/menzendorff.de\/wp-content\/uploads\/2022\/08\/20220825_142948-300x225.jpg 300w, http:\/\/menzendorff.de\/wp-content\/uploads\/2022\/08\/20220825_142948-768x576.jpg 768w, http:\/\/menzendorff.de\/wp-content\/uploads\/2022\/08\/20220825_142948-1536x1152.jpg 1536w, http:\/\/menzendorff.de\/wp-content\/uploads\/2022\/08\/20220825_142948-2048x1536.jpg 2048w, http:\/\/menzendorff.de\/wp-content\/uploads\/2022\/08\/20220825_142948-624x468.jpg 624w\" sizes=\"(max-width: 1024px) 100vw, 1024px\" \/><\/a><\/figure>\n\n\n\n<p>Seit meinem ersten Besuch im Jahre 2008 ist zur Erhaltung des Bauwerks viel getan worden: <\/p>\n\n\n\n<figure class=\"wp-block-image size-large\"><a href=\"http:\/\/menzendorff.de\/wp-content\/uploads\/2022\/08\/1-scaled.jpg\"><img loading=\"lazy\" width=\"1024\" height=\"768\" src=\"http:\/\/menzendorff.de\/wp-content\/uploads\/2022\/08\/1-1024x768.jpg\" alt=\"\" class=\"wp-image-3630\" srcset=\"http:\/\/menzendorff.de\/wp-content\/uploads\/2022\/08\/1-1024x768.jpg 1024w, http:\/\/menzendorff.de\/wp-content\/uploads\/2022\/08\/1-300x225.jpg 300w, http:\/\/menzendorff.de\/wp-content\/uploads\/2022\/08\/1-768x576.jpg 768w, http:\/\/menzendorff.de\/wp-content\/uploads\/2022\/08\/1-1536x1152.jpg 1536w, http:\/\/menzendorff.de\/wp-content\/uploads\/2022\/08\/1-2048x1536.jpg 2048w, http:\/\/menzendorff.de\/wp-content\/uploads\/2022\/08\/1-624x468.jpg 624w\" sizes=\"(max-width: 1024px) 100vw, 1024px\" \/><\/a><figcaption>Zustand 2008<\/figcaption><\/figure>\n\n\n\n<figure class=\"wp-block-image size-large\"><a href=\"http:\/\/menzendorff.de\/wp-content\/uploads\/2022\/08\/2-scaled.jpg\"><img loading=\"lazy\" width=\"1024\" height=\"683\" src=\"http:\/\/menzendorff.de\/wp-content\/uploads\/2022\/08\/2-1024x683.jpg\" alt=\"\" class=\"wp-image-3631\" srcset=\"http:\/\/menzendorff.de\/wp-content\/uploads\/2022\/08\/2-1024x683.jpg 1024w, http:\/\/menzendorff.de\/wp-content\/uploads\/2022\/08\/2-300x200.jpg 300w, http:\/\/menzendorff.de\/wp-content\/uploads\/2022\/08\/2-768x512.jpg 768w, http:\/\/menzendorff.de\/wp-content\/uploads\/2022\/08\/2-1536x1024.jpg 1536w, http:\/\/menzendorff.de\/wp-content\/uploads\/2022\/08\/2-2048x1365.jpg 2048w, http:\/\/menzendorff.de\/wp-content\/uploads\/2022\/08\/2-624x416.jpg 624w\" sizes=\"(max-width: 1024px) 100vw, 1024px\" \/><\/a><figcaption>Zustand 2018<\/figcaption><\/figure>\n\n\n\n<figure class=\"wp-block-image size-large\"><a href=\"http:\/\/menzendorff.de\/wp-content\/uploads\/2022\/08\/3-scaled.jpg\"><img loading=\"lazy\" width=\"1024\" height=\"768\" src=\"http:\/\/menzendorff.de\/wp-content\/uploads\/2022\/08\/3-1024x768.jpg\" alt=\"\" class=\"wp-image-3632\" srcset=\"http:\/\/menzendorff.de\/wp-content\/uploads\/2022\/08\/3-1024x768.jpg 1024w, http:\/\/menzendorff.de\/wp-content\/uploads\/2022\/08\/3-300x225.jpg 300w, http:\/\/menzendorff.de\/wp-content\/uploads\/2022\/08\/3-768x576.jpg 768w, http:\/\/menzendorff.de\/wp-content\/uploads\/2022\/08\/3-1536x1152.jpg 1536w, http:\/\/menzendorff.de\/wp-content\/uploads\/2022\/08\/3-2048x1536.jpg 2048w, http:\/\/menzendorff.de\/wp-content\/uploads\/2022\/08\/3-624x468.jpg 624w\" sizes=\"(max-width: 1024px) 100vw, 1024px\" \/><\/a><figcaption>Zustand 2022<\/figcaption><\/figure>\n\n\n\n<figure class=\"wp-block-image size-large\"><a href=\"http:\/\/menzendorff.de\/wp-content\/uploads\/2022\/08\/4-scaled.jpg\"><img loading=\"lazy\" width=\"1024\" height=\"768\" src=\"http:\/\/menzendorff.de\/wp-content\/uploads\/2022\/08\/4-1024x768.jpg\" alt=\"\" class=\"wp-image-3633\" srcset=\"http:\/\/menzendorff.de\/wp-content\/uploads\/2022\/08\/4-1024x768.jpg 1024w, http:\/\/menzendorff.de\/wp-content\/uploads\/2022\/08\/4-300x225.jpg 300w, http:\/\/menzendorff.de\/wp-content\/uploads\/2022\/08\/4-768x576.jpg 768w, http:\/\/menzendorff.de\/wp-content\/uploads\/2022\/08\/4-1536x1152.jpg 1536w, http:\/\/menzendorff.de\/wp-content\/uploads\/2022\/08\/4-2048x1536.jpg 2048w, http:\/\/menzendorff.de\/wp-content\/uploads\/2022\/08\/4-624x468.jpg 624w\" sizes=\"(max-width: 1024px) 100vw, 1024px\" \/><\/a><figcaption>Zustand 2008<\/figcaption><\/figure>\n\n\n\n<figure class=\"wp-block-image size-large\"><a href=\"http:\/\/menzendorff.de\/wp-content\/uploads\/2022\/08\/5-scaled.jpg\"><img loading=\"lazy\" width=\"1024\" height=\"683\" src=\"http:\/\/menzendorff.de\/wp-content\/uploads\/2022\/08\/5-1024x683.jpg\" alt=\"\" class=\"wp-image-3634\" srcset=\"http:\/\/menzendorff.de\/wp-content\/uploads\/2022\/08\/5-1024x683.jpg 1024w, http:\/\/menzendorff.de\/wp-content\/uploads\/2022\/08\/5-300x200.jpg 300w, http:\/\/menzendorff.de\/wp-content\/uploads\/2022\/08\/5-768x512.jpg 768w, http:\/\/menzendorff.de\/wp-content\/uploads\/2022\/08\/5-1536x1024.jpg 1536w, http:\/\/menzendorff.de\/wp-content\/uploads\/2022\/08\/5-2048x1365.jpg 2048w, http:\/\/menzendorff.de\/wp-content\/uploads\/2022\/08\/5-624x416.jpg 624w\" sizes=\"(max-width: 1024px) 100vw, 1024px\" \/><\/a><figcaption>Zustand 2018<\/figcaption><\/figure>\n\n\n\n<figure class=\"wp-block-image size-large\"><a href=\"http:\/\/menzendorff.de\/wp-content\/uploads\/2022\/08\/6-scaled.jpg\"><img loading=\"lazy\" width=\"1024\" height=\"768\" src=\"http:\/\/menzendorff.de\/wp-content\/uploads\/2022\/08\/6-1024x768.jpg\" alt=\"\" class=\"wp-image-3629\" srcset=\"http:\/\/menzendorff.de\/wp-content\/uploads\/2022\/08\/6-1024x768.jpg 1024w, http:\/\/menzendorff.de\/wp-content\/uploads\/2022\/08\/6-300x225.jpg 300w, http:\/\/menzendorff.de\/wp-content\/uploads\/2022\/08\/6-768x576.jpg 768w, http:\/\/menzendorff.de\/wp-content\/uploads\/2022\/08\/6-1536x1152.jpg 1536w, http:\/\/menzendorff.de\/wp-content\/uploads\/2022\/08\/6-2048x1536.jpg 2048w, http:\/\/menzendorff.de\/wp-content\/uploads\/2022\/08\/6-624x468.jpg 624w\" sizes=\"(max-width: 1024px) 100vw, 1024px\" \/><\/a><figcaption>Zustand 2022<\/figcaption><\/figure>\n\n\n\n<p>Das n\u00e4chste Ziel war das eigentliche Highlight dieser Reise. In seinem Buch La France des Templiers erw\u00e4hnt der Autor Jean-Luc Aubarbier auf Seite 53, dass sich in der Gegend ein Templer-Haus und eine Kapelle an einem Ort, der Chapelle-Saint-Evre genannt w\u00fcrde, befinden soll. Auf Landkarten findet man diesen Ort nicht. Eine Kirche Saint-Evre gibt es in einer Gemeinde des Namens <strong>Sepvigny<\/strong>. Im Internet entdeckte ich Bilder von einer Friedhofskapelle mit mittelalterlichen Malereien, die in die Liste hochrangiger gesch\u00fctzter Kulturg\u00fcter des nationalen Erbes eingetragen war.<\/p>\n\n\n\n<p>Den ganzen Tag schon fieberte ich auf dieses Ziel zu und die letzten 30 Kilometer von Libdeau zu meiner letzten Station schienen sich &#8211; wie immer, wenn es auf den H\u00f6hepunkt zugeht &#8211; ewig in die L\u00e4nge zu ziehen. Die Stra\u00dfen wurden immer enger und die Fahrbahn immer schlechter, als etwa bei 15 Kilometern restlicher Fahrstrecke mein Karma wieder zuschlug. Mit einem lauten Knall verabschiedete sich ein Hinterreifen und ein gr\u00e4sslich rumpelndes und klatschendes Ger\u00e4usch machte mir klar, dass meine Reise hier im Nirgendwo Lothringens nun zu Ende sein w\u00fcrde. Ich rollte auf den Parkplatz eines Friedhofs, stellte das Auto ab und \u00fcberdachte meine Situation. Ein Ersatzrad hatte ich nicht dabei. Das gibt es bei solchen Fahrzeugen offenbar nicht mehr. Es war unglaublich hei\u00df, etwa 35 Grad. Ich hatte nur noch einen halben Liter Wasser und der war schon seit Stunden br\u00fchwarm. Ich w\u00fcrde nicht nur heute Abend nicht im gro\u00dfz\u00fcgigen Pool meines Hotels baden k\u00f6nnen, sondern vor allem auch das Hauptziel meiner Reise und die sensationellen Wandgem\u00e4lde nicht mehr sehen und knipsen k\u00f6nnen. Die Chancen, hier etwas zu trinken zu bekommen, sch\u00e4tze ich als sehr gering ein. Es gab weit und breit keine Gesch\u00e4fte oder Tankstellen. Nat\u00fcrlich war auch keine Menschenseele in dieser Gluthitze unterwegs. Zu Fu\u00df h\u00e4tte ich die 15 Km nicht gewagt. Das Nachdenken half. <\/p>\n\n\n\n<p>Im Aschenbecher ruhte die Karte des Automobilclubs und dort erreichte ich einen \u00fcberaus hilfreichen und kompetenten Mitarbeiter, der meine Daten aufnahm und mithilfe meines Handys meinen genauen Standort ermittelte. Er sagte, es m\u00fcsste innerhalb von 60 Minuten jemand kommen, sonst solle ich nochmal anrufen. W\u00e4hrend ich pr\u00fcfte, wie weit wohl die n\u00e4chste gr\u00f6\u00dfere Stadt entfernt sein wurde, n\u00e4herte sich ein monstr\u00f6ser Abschleppwagen und hielt neben mir an. Ich hatte nicht einmal zehn Minuten warten m\u00fcssen:<\/p>\n\n\n\n<figure class=\"wp-block-image size-large\"><a href=\"http:\/\/menzendorff.de\/wp-content\/uploads\/2022\/08\/20220825_113151-scaled.jpg\"><img loading=\"lazy\" width=\"768\" height=\"1024\" src=\"http:\/\/menzendorff.de\/wp-content\/uploads\/2022\/08\/20220825_113151-768x1024.jpg\" alt=\"\" class=\"wp-image-3641\" srcset=\"http:\/\/menzendorff.de\/wp-content\/uploads\/2022\/08\/20220825_113151-768x1024.jpg 768w, http:\/\/menzendorff.de\/wp-content\/uploads\/2022\/08\/20220825_113151-225x300.jpg 225w, http:\/\/menzendorff.de\/wp-content\/uploads\/2022\/08\/20220825_113151-1152x1536.jpg 1152w, http:\/\/menzendorff.de\/wp-content\/uploads\/2022\/08\/20220825_113151-1536x2048.jpg 1536w, http:\/\/menzendorff.de\/wp-content\/uploads\/2022\/08\/20220825_113151-624x832.jpg 624w, http:\/\/menzendorff.de\/wp-content\/uploads\/2022\/08\/20220825_113151-scaled.jpg 1920w\" sizes=\"(max-width: 768px) 100vw, 768px\" \/><\/a><\/figure>\n\n\n\n<p>Der Fahrer stellte sich als Inhaber einer Werkstatt vor, die keine 5 Km von hier entfernt sei. Er werde mich nicht nur selbst dorthin bringen, sondern auch eigenh\u00e4ndig meine Panne beheben und einen neuen Reifen montieren. Ich konnte mir nicht vorstellen, dass er passende Reifen auf Lager haben w\u00fcrde, und begann mir die Wartezeit und die Kosten der Reparatur auszurechnen. Er winkte einfach nur ab, als er mein besorgtes Gesicht sah, lie\u00df mich in das F\u00fchrerhaus hinaufklettern und nach 5 Minuten waren wir am Ziel. Die Reparatur hatte keine 30 Minuten gedauert und mein Auto war wieder einsatzbereit!<\/p>\n\n\n\n<p>Die letzten 15 km flogen an mir vor\u00fcber und ich befand mich auf der Zielgeraden zwischen Chalaines und Sepvigny, als mir wieder auffiel, dass die Landstra\u00dfe D145G wiederum ziemlich schnurgerade und parallel nahe dem rechten Ufer der Meuse (Maas) verlief. Das war sie, die Via Agrippa. Jetzt hatte ich den Beweis. Am Stra\u00dfenrad tauchten schon Hinweisschilder auf die beiden Kulturdenkm\u00e4ler (&#8222;Patrimoine class\u00e9&#8220;) auf und mein Jagdfieber machte mich kribbelig.<\/p>\n\n\n\n<p>Einen Kilometer weiter tauchte rechts neben der Landstra\u00dfe ein winziger Friedhof mit einer alten Kapelle auf und das war die, die ich so sehnlichst suchte! Ich war am Ziel und sch\u00f6ner konnten meine Ungeduld und die Strapazen nicht belohnt werden. <\/p>\n\n\n\n<figure class=\"wp-block-image size-large\"><a href=\"http:\/\/menzendorff.de\/wp-content\/uploads\/2022\/08\/20220825_125837-scaled.jpg\"><img loading=\"lazy\" width=\"909\" height=\"1024\" src=\"http:\/\/menzendorff.de\/wp-content\/uploads\/2022\/08\/20220825_125837-909x1024.jpg\" alt=\"\" class=\"wp-image-3646\" srcset=\"http:\/\/menzendorff.de\/wp-content\/uploads\/2022\/08\/20220825_125837-909x1024.jpg 909w, http:\/\/menzendorff.de\/wp-content\/uploads\/2022\/08\/20220825_125837-266x300.jpg 266w, http:\/\/menzendorff.de\/wp-content\/uploads\/2022\/08\/20220825_125837-768x865.jpg 768w, http:\/\/menzendorff.de\/wp-content\/uploads\/2022\/08\/20220825_125837-1364x1536.jpg 1364w, http:\/\/menzendorff.de\/wp-content\/uploads\/2022\/08\/20220825_125837-1818x2048.jpg 1818w, http:\/\/menzendorff.de\/wp-content\/uploads\/2022\/08\/20220825_125837-624x703.jpg 624w\" sizes=\"(max-width: 909px) 100vw, 909px\" \/><\/a><\/figure>\n\n\n\n<p><strong>Chapelle du Vieux-Astre<\/strong>, 55140 Sepvigny <\/p>\n\n\n\n<figure class=\"wp-block-image size-large\"><a href=\"http:\/\/menzendorff.de\/wp-content\/uploads\/2022\/08\/20220825_125846-scaled.jpg\"><img loading=\"lazy\" width=\"768\" height=\"1024\" src=\"http:\/\/menzendorff.de\/wp-content\/uploads\/2022\/08\/20220825_125846-768x1024.jpg\" alt=\"\" class=\"wp-image-3644\" srcset=\"http:\/\/menzendorff.de\/wp-content\/uploads\/2022\/08\/20220825_125846-768x1024.jpg 768w, http:\/\/menzendorff.de\/wp-content\/uploads\/2022\/08\/20220825_125846-225x300.jpg 225w, http:\/\/menzendorff.de\/wp-content\/uploads\/2022\/08\/20220825_125846-1152x1536.jpg 1152w, http:\/\/menzendorff.de\/wp-content\/uploads\/2022\/08\/20220825_125846-1536x2048.jpg 1536w, http:\/\/menzendorff.de\/wp-content\/uploads\/2022\/08\/20220825_125846-624x832.jpg 624w, http:\/\/menzendorff.de\/wp-content\/uploads\/2022\/08\/20220825_125846-scaled.jpg 1920w\" sizes=\"(max-width: 768px) 100vw, 768px\" \/><\/a><\/figure>\n\n\n\n<p>Blick von der Kapellen-Einfahrt nach Nordosten: die R\u00f6merstra\u00dfe Via Agrippa!<\/p>\n\n\n\n<figure class=\"wp-block-image size-large\"><a href=\"http:\/\/menzendorff.de\/wp-content\/uploads\/2022\/08\/20220825_130447-scaled.jpg\"><img loading=\"lazy\" width=\"1024\" height=\"768\" src=\"http:\/\/menzendorff.de\/wp-content\/uploads\/2022\/08\/20220825_130447-1024x768.jpg\" alt=\"\" class=\"wp-image-3649\" srcset=\"http:\/\/menzendorff.de\/wp-content\/uploads\/2022\/08\/20220825_130447-1024x768.jpg 1024w, http:\/\/menzendorff.de\/wp-content\/uploads\/2022\/08\/20220825_130447-300x225.jpg 300w, http:\/\/menzendorff.de\/wp-content\/uploads\/2022\/08\/20220825_130447-768x576.jpg 768w, http:\/\/menzendorff.de\/wp-content\/uploads\/2022\/08\/20220825_130447-1536x1152.jpg 1536w, http:\/\/menzendorff.de\/wp-content\/uploads\/2022\/08\/20220825_130447-2048x1536.jpg 2048w, http:\/\/menzendorff.de\/wp-content\/uploads\/2022\/08\/20220825_130447-624x468.jpg 624w\" sizes=\"(max-width: 1024px) 100vw, 1024px\" \/><\/a><\/figure>\n\n\n\n<p>Blick auf die Kapelle von S\u00fcdosten&#8230;.<\/p>\n\n\n\n<figure class=\"wp-block-image size-large\"><a href=\"http:\/\/menzendorff.de\/wp-content\/uploads\/2022\/08\/20220825_130234-1-scaled.jpg\"><img loading=\"lazy\" width=\"768\" height=\"1024\" src=\"http:\/\/menzendorff.de\/wp-content\/uploads\/2022\/08\/20220825_130234-1-768x1024.jpg\" alt=\"\" class=\"wp-image-3650\" srcset=\"http:\/\/menzendorff.de\/wp-content\/uploads\/2022\/08\/20220825_130234-1-768x1024.jpg 768w, http:\/\/menzendorff.de\/wp-content\/uploads\/2022\/08\/20220825_130234-1-225x300.jpg 225w, http:\/\/menzendorff.de\/wp-content\/uploads\/2022\/08\/20220825_130234-1-1152x1536.jpg 1152w, http:\/\/menzendorff.de\/wp-content\/uploads\/2022\/08\/20220825_130234-1-1536x2048.jpg 1536w, http:\/\/menzendorff.de\/wp-content\/uploads\/2022\/08\/20220825_130234-1-624x832.jpg 624w, http:\/\/menzendorff.de\/wp-content\/uploads\/2022\/08\/20220825_130234-1-scaled.jpg 1920w\" sizes=\"(max-width: 768px) 100vw, 768px\" \/><\/a><\/figure>\n\n\n\n<p>&#8230; und von Westen auf den Eingang. <\/p>\n\n\n\n<p>Es war schon von weitem zu erkennen, dass der Eingang durch eine vergitterte Metallt\u00fcr versperrt war, was mich sehr entt\u00e4uschte. Die wohl \u00e4lteren Bilder im Internet zeigen noch eine nur halbhohe Holzt\u00fcr, die zwar das Betreten verhindert, aber den Blick auf die Wandgem\u00e4lde erlaubt. Als ich n\u00e4herkam, stellte ich fest, dass die Gittermaschen gro\u00df genug waren, um die Malereien mit dem Handy zu fotografieren. Es war zu hell, um die Ergebnisse vor Ort zu \u00fcberpr\u00fcfen. Ich machte also durch verschiedene Gittermaschen etwa 10 Fotos  und stellte sp\u00e4ter fest, dass einige darunter recht gut gelungen waren:<\/p>\n\n\n\n<figure class=\"wp-block-image size-large\"><a href=\"http:\/\/menzendorff.de\/wp-content\/uploads\/2022\/08\/20220825_130813-scaled.jpg\"><img loading=\"lazy\" width=\"768\" height=\"1024\" src=\"http:\/\/menzendorff.de\/wp-content\/uploads\/2022\/08\/20220825_130813-768x1024.jpg\" alt=\"\" class=\"wp-image-3647\" srcset=\"http:\/\/menzendorff.de\/wp-content\/uploads\/2022\/08\/20220825_130813-768x1024.jpg 768w, http:\/\/menzendorff.de\/wp-content\/uploads\/2022\/08\/20220825_130813-225x300.jpg 225w, http:\/\/menzendorff.de\/wp-content\/uploads\/2022\/08\/20220825_130813-1152x1536.jpg 1152w, http:\/\/menzendorff.de\/wp-content\/uploads\/2022\/08\/20220825_130813-1536x2048.jpg 1536w, http:\/\/menzendorff.de\/wp-content\/uploads\/2022\/08\/20220825_130813-624x832.jpg 624w, http:\/\/menzendorff.de\/wp-content\/uploads\/2022\/08\/20220825_130813-scaled.jpg 1920w\" sizes=\"(max-width: 768px) 100vw, 768px\" \/><\/a><\/figure>\n\n\n\n<p> Mittelalterliche Wandgem\u00e4lde.<\/p>\n\n\n\n<p>Ich verweilte noch ein bisschen an diesem wunderbaren Ort und freute mich sehr dar\u00fcber, dass ich noch in den Genuss kommen durfte, an diesem Tag mein Traumziel zu erreichen. Aber es gab noch mehr zu tun. Ich musste noch die geheimnisvolle Kirche Saint-Evre finden. Es waren nur noch wenige Kilometer und die Kirche war schon von weitem zu auszumachen, als ich auf den Ort Sepvigny zufuhr.<\/p>\n\n\n\n<p><\/p>\n\n\n\n<figure class=\"wp-block-image size-large\"><a href=\"http:\/\/menzendorff.de\/wp-content\/uploads\/2022\/08\/20220825_132037_04-scaled.jpg\"><img loading=\"lazy\" width=\"1024\" height=\"1024\" src=\"http:\/\/menzendorff.de\/wp-content\/uploads\/2022\/08\/20220825_132037_04-1024x1024.jpg\" alt=\"\" class=\"wp-image-3655\" srcset=\"http:\/\/menzendorff.de\/wp-content\/uploads\/2022\/08\/20220825_132037_04-1024x1024.jpg 1024w, http:\/\/menzendorff.de\/wp-content\/uploads\/2022\/08\/20220825_132037_04-300x300.jpg 300w, http:\/\/menzendorff.de\/wp-content\/uploads\/2022\/08\/20220825_132037_04-150x150.jpg 150w, http:\/\/menzendorff.de\/wp-content\/uploads\/2022\/08\/20220825_132037_04-768x768.jpg 768w, http:\/\/menzendorff.de\/wp-content\/uploads\/2022\/08\/20220825_132037_04-1536x1536.jpg 1536w, http:\/\/menzendorff.de\/wp-content\/uploads\/2022\/08\/20220825_132037_04-2048x2048.jpg 2048w, http:\/\/menzendorff.de\/wp-content\/uploads\/2022\/08\/20220825_132037_04-624x624.jpg 624w\" sizes=\"(max-width: 1024px) 100vw, 1024px\" \/><\/a><\/figure>\n\n\n\n<p>Da stand sie nun vor mir, die ber\u00fchmte <strong>Chapelle Saint-Evre<\/strong> in Sepvigny.<\/p>\n\n\n\n<figure class=\"wp-block-image size-large\"><a href=\"http:\/\/menzendorff.de\/wp-content\/uploads\/2022\/08\/20220825_132108-scaled.jpg\"><img loading=\"lazy\" width=\"1024\" height=\"768\" src=\"http:\/\/menzendorff.de\/wp-content\/uploads\/2022\/08\/20220825_132108-1024x768.jpg\" alt=\"\" class=\"wp-image-3656\" srcset=\"http:\/\/menzendorff.de\/wp-content\/uploads\/2022\/08\/20220825_132108-1024x768.jpg 1024w, http:\/\/menzendorff.de\/wp-content\/uploads\/2022\/08\/20220825_132108-300x225.jpg 300w, http:\/\/menzendorff.de\/wp-content\/uploads\/2022\/08\/20220825_132108-768x576.jpg 768w, http:\/\/menzendorff.de\/wp-content\/uploads\/2022\/08\/20220825_132108-1536x1152.jpg 1536w, http:\/\/menzendorff.de\/wp-content\/uploads\/2022\/08\/20220825_132108-2048x1536.jpg 2048w, http:\/\/menzendorff.de\/wp-content\/uploads\/2022\/08\/20220825_132108-624x468.jpg 624w\" sizes=\"(max-width: 1024px) 100vw, 1024px\" \/><\/a><\/figure>\n\n\n\n<p> Blick von S\u00fcdwesten<\/p>\n\n\n\n<figure class=\"wp-block-image size-large\"><a href=\"http:\/\/menzendorff.de\/wp-content\/uploads\/2022\/08\/20220825_132212-scaled.jpg\"><img loading=\"lazy\" width=\"1024\" height=\"768\" src=\"http:\/\/menzendorff.de\/wp-content\/uploads\/2022\/08\/20220825_132212-1024x768.jpg\" alt=\"\" class=\"wp-image-3657\" srcset=\"http:\/\/menzendorff.de\/wp-content\/uploads\/2022\/08\/20220825_132212-1024x768.jpg 1024w, http:\/\/menzendorff.de\/wp-content\/uploads\/2022\/08\/20220825_132212-300x225.jpg 300w, http:\/\/menzendorff.de\/wp-content\/uploads\/2022\/08\/20220825_132212-768x576.jpg 768w, http:\/\/menzendorff.de\/wp-content\/uploads\/2022\/08\/20220825_132212-1536x1152.jpg 1536w, http:\/\/menzendorff.de\/wp-content\/uploads\/2022\/08\/20220825_132212-2048x1536.jpg 2048w, http:\/\/menzendorff.de\/wp-content\/uploads\/2022\/08\/20220825_132212-624x468.jpg 624w\" sizes=\"(max-width: 1024px) 100vw, 1024px\" \/><\/a><\/figure>\n\n\n\n<p>Blick von S\u00fcdosten auf den Chor und das Glockent\u00fcrmchen. Man sieht romanische und gotische Bauelemente von verschiedenen Bauabschnitten.<\/p>\n\n\n\n<figure class=\"wp-block-image size-large\"><a href=\"http:\/\/menzendorff.de\/wp-content\/uploads\/2022\/08\/20220825_132503-scaled.jpg\"><img loading=\"lazy\" width=\"768\" height=\"1024\" src=\"http:\/\/menzendorff.de\/wp-content\/uploads\/2022\/08\/20220825_132503-768x1024.jpg\" alt=\"\" class=\"wp-image-3658\" srcset=\"http:\/\/menzendorff.de\/wp-content\/uploads\/2022\/08\/20220825_132503-768x1024.jpg 768w, http:\/\/menzendorff.de\/wp-content\/uploads\/2022\/08\/20220825_132503-225x300.jpg 225w, http:\/\/menzendorff.de\/wp-content\/uploads\/2022\/08\/20220825_132503-1152x1536.jpg 1152w, http:\/\/menzendorff.de\/wp-content\/uploads\/2022\/08\/20220825_132503-1536x2048.jpg 1536w, http:\/\/menzendorff.de\/wp-content\/uploads\/2022\/08\/20220825_132503-624x832.jpg 624w, http:\/\/menzendorff.de\/wp-content\/uploads\/2022\/08\/20220825_132503-scaled.jpg 1920w\" sizes=\"(max-width: 768px) 100vw, 768px\" \/><\/a><\/figure>\n\n\n\n<p>Auch innen erkennt man romanische und gotische B\u00f6gen aus verschiedenen Bauabschnitten. Teilweise konnte die begonnene Mittelachse nicht symmetrisch gehalten werden.<\/p>\n\n\n\n<figure class=\"wp-block-image size-large\"><a href=\"http:\/\/menzendorff.de\/wp-content\/uploads\/2022\/08\/20220825_132823-scaled.jpg\"><img loading=\"lazy\" width=\"1024\" height=\"768\" src=\"http:\/\/menzendorff.de\/wp-content\/uploads\/2022\/08\/20220825_132823-1024x768.jpg\" alt=\"\" class=\"wp-image-3659\" srcset=\"http:\/\/menzendorff.de\/wp-content\/uploads\/2022\/08\/20220825_132823-1024x768.jpg 1024w, http:\/\/menzendorff.de\/wp-content\/uploads\/2022\/08\/20220825_132823-300x225.jpg 300w, http:\/\/menzendorff.de\/wp-content\/uploads\/2022\/08\/20220825_132823-768x576.jpg 768w, http:\/\/menzendorff.de\/wp-content\/uploads\/2022\/08\/20220825_132823-1536x1152.jpg 1536w, http:\/\/menzendorff.de\/wp-content\/uploads\/2022\/08\/20220825_132823-2048x1536.jpg 2048w, http:\/\/menzendorff.de\/wp-content\/uploads\/2022\/08\/20220825_132823-624x468.jpg 624w\" sizes=\"(max-width: 1024px) 100vw, 1024px\" \/><\/a><\/figure>\n\n\n\n<p>Der Ostchor und der Altarraum.<\/p>\n\n\n\n<figure class=\"wp-block-image size-large\"><a href=\"http:\/\/menzendorff.de\/wp-content\/uploads\/2022\/08\/20220825_132853-scaled.jpg\"><img loading=\"lazy\" width=\"1024\" height=\"768\" src=\"http:\/\/menzendorff.de\/wp-content\/uploads\/2022\/08\/20220825_132853-1024x768.jpg\" alt=\"\" class=\"wp-image-3660\" srcset=\"http:\/\/menzendorff.de\/wp-content\/uploads\/2022\/08\/20220825_132853-1024x768.jpg 1024w, http:\/\/menzendorff.de\/wp-content\/uploads\/2022\/08\/20220825_132853-300x225.jpg 300w, http:\/\/menzendorff.de\/wp-content\/uploads\/2022\/08\/20220825_132853-768x576.jpg 768w, http:\/\/menzendorff.de\/wp-content\/uploads\/2022\/08\/20220825_132853-1536x1152.jpg 1536w, http:\/\/menzendorff.de\/wp-content\/uploads\/2022\/08\/20220825_132853-2048x1536.jpg 2048w, http:\/\/menzendorff.de\/wp-content\/uploads\/2022\/08\/20220825_132853-624x468.jpg 624w\" sizes=\"(max-width: 1024px) 100vw, 1024px\" \/><\/a><\/figure>\n\n\n\n<p>Mit diesem Blick vom Altar auf den Haupteingang im Westen verabschiedete ich mich von meinem Traumziel.<\/p>\n\n\n\n<p>Ein Blick auf die Uhr verriet mir, dass ich mein neues Hotel am Stadtrand von Metz noch bei allersch\u00f6nstem Nachmittagswetter erreichen und noch gen\u00fcgend Zeit und Gelegenheit haben w\u00fcrde, den exzellenten Pool ausgiebig zu nutzen. Ich beschloss den Abend dann mit einem f\u00fcrstlichen Abendessen (z.B. Beignets vom \u00c9glefin mit Meerrettich und Tomatenschaum als Vorspeise&#8230;.) und verlieh meiner Reise f\u00fcnf Sterne. Es war ein toller Tag, trotz der Panne. Alles hat wunderbar geklappt.<\/p>\n\n\n\n<p>Ich hatte schon in meinem Beitrag vom Mai 2018, &#8222;Grand-Est: Nachtr\u00e4ge f\u00fcr Elsass, Burgund und Champagne&#8220; (<a rel=\"noreferrer noopener\" href=\"http:\/\/menzendorff.de\/?p=2049\" target=\"_blank\">http:\/\/menzendorff.de\/?p=2049<\/a>) nachgewiesen, dass die Via Agrippa auch im \u00fcbrigen sehr dicht und auffallend regelm\u00e4\u00dfig Templer-Orte passiert. Von <strong>Metz<\/strong> sind es 60 Km nach <strong>Libdeau<\/strong> bei Toul. Von dort wiederum ist <strong>Bazoilles-sur-Meuse <\/strong>ebenfalls 60 km entfernt und in weiteren 60 Km liegt die Bischofs- und Templerstadt <strong>Langres:<\/strong><\/p>\n\n\n\n<p><a href=\"\"><\/a><\/p>\n\n\n\n<figure class=\"wp-block-image size-large\"><a href=\"http:\/\/menzendorff.de\/wp-content\/uploads\/2022\/09\/Paint-Metz-Beaune-.png\"><img loading=\"lazy\" width=\"769\" height=\"787\" src=\"http:\/\/menzendorff.de\/wp-content\/uploads\/2022\/09\/Paint-Metz-Beaune-.png\" alt=\"\" class=\"wp-image-3674\" srcset=\"http:\/\/menzendorff.de\/wp-content\/uploads\/2022\/09\/Paint-Metz-Beaune-.png 769w, http:\/\/menzendorff.de\/wp-content\/uploads\/2022\/09\/Paint-Metz-Beaune--293x300.png 293w, http:\/\/menzendorff.de\/wp-content\/uploads\/2022\/09\/Paint-Metz-Beaune--624x639.png 624w\" sizes=\"(max-width: 769px) 100vw, 769px\" \/><\/a><\/figure>\n\n\n\n<p>Eine r\u00f6mische Meile sind ca. 1,5 Km. Der Abstand von je 30 km zwischen den Stationen ist danach nicht zuf\u00e4llig. Er entspricht 20 r\u00f6mischen Meilen und einer klassischen Tagesetappe. Manche Templerorte sind auch nur ca. 15 km auseinander, so wie Cattenom und Metz. Andere sind 60 km auseinander, so wie Bazoilles und Langres. <\/p>\n\n\n\n<p>Der Ort <strong>Sepvigny<\/strong> teilt die Distanz zwischen <strong>Libdeau<\/strong> und <strong>Bazoilles-sur-Meuse<\/strong> fast genau in zwei H\u00e4lften von je 30 km. Die Templer haben sich &#8211; besonders f\u00fcr wichtige Fernwege &#8211; an dem Stra\u00dfennetz der R\u00f6mer orientiert und sich dieses teilweise zunutze gemacht. Und die Stationen haben Distanzen zueinander, die jeweils das zehn- zwanzig oder vierzigfache einer r\u00f6mischen Meile betragen. Q.e.d.<\/p>\n\n\n\n<p><\/p>\n","protected":false},"excerpt":{"rendered":"<p>Ende August 2022 hatte meine Frau einen Besuch der Tochter in Barcelona geplant. Ich nutzte die Fahrt zum Flughafen Frankfurt-Hahn und drei Tage Freizeit, um einige naheliegende Templer-Orte zu untersuchen. Schon bei der Planung der Reise fiel mir auf, dass viele dieser Orte in einer Reihe zu liegen schienen und dass die Distanzen dazwischen h\u00e4ufig [&hellip;]<\/p>\n","protected":false},"author":2,"featured_media":0,"comment_status":"closed","ping_status":"open","sticky":false,"template":"","format":"standard","meta":[],"categories":[1,35],"tags":[],"_links":{"self":[{"href":"http:\/\/menzendorff.de\/index.php?rest_route=\/wp\/v2\/posts\/3591"}],"collection":[{"href":"http:\/\/menzendorff.de\/index.php?rest_route=\/wp\/v2\/posts"}],"about":[{"href":"http:\/\/menzendorff.de\/index.php?rest_route=\/wp\/v2\/types\/post"}],"author":[{"embeddable":true,"href":"http:\/\/menzendorff.de\/index.php?rest_route=\/wp\/v2\/users\/2"}],"replies":[{"embeddable":true,"href":"http:\/\/menzendorff.de\/index.php?rest_route=%2Fwp%2Fv2%2Fcomments&post=3591"}],"version-history":[{"count":23,"href":"http:\/\/menzendorff.de\/index.php?rest_route=\/wp\/v2\/posts\/3591\/revisions"}],"predecessor-version":[{"id":3686,"href":"http:\/\/menzendorff.de\/index.php?rest_route=\/wp\/v2\/posts\/3591\/revisions\/3686"}],"wp:attachment":[{"href":"http:\/\/menzendorff.de\/index.php?rest_route=%2Fwp%2Fv2%2Fmedia&parent=3591"}],"wp:term":[{"taxonomy":"category","embeddable":true,"href":"http:\/\/menzendorff.de\/index.php?rest_route=%2Fwp%2Fv2%2Fcategories&post=3591"},{"taxonomy":"post_tag","embeddable":true,"href":"http:\/\/menzendorff.de\/index.php?rest_route=%2Fwp%2Fv2%2Ftags&post=3591"}],"curies":[{"name":"wp","href":"https:\/\/api.w.org\/{rel}","templated":true}]}}