{"id":499,"date":"2015-07-04T14:36:05","date_gmt":"2015-07-04T12:36:05","guid":{"rendered":"http:\/\/menzendorff.de\/?p=499"},"modified":"2019-04-21T11:26:49","modified_gmt":"2019-04-21T09:26:49","slug":"2015-juli-belgien-und-niederlande","status":"publish","type":"post","link":"http:\/\/menzendorff.de\/?p=499","title":{"rendered":"2015, Juli, Belgien"},"content":{"rendered":"<p><span style=\"font-size: xx-large;\">Templer in Belgien<br \/>\n<\/span><\/p>\n<p>Eine Reise in das &#8222;Dreil\u00e4ndereck&#8220; um Maastricht und Li\u00e8ge (L\u00fcttich) ergab die Gelegenheit, sich noch einmal die bereits Im Jahre 2011 <a href=\"http:\/\/menzendorff.de\/?p=55\">besuchte<\/a> Commanderie der Templer in der Gemeinde 4550 Nandrin (ca. 20 km s\u00fcd-westlich von L\u00fcttich) n\u00e4her anzusehen.<\/p>\n<p><span style=\"font-size: xx-large;\">1. Templer in Villers-le-Temple<\/span><\/p>\n<p>Diese Commanderie wurde gegr\u00fcndet von Gerard de Villers um 1257 (Hosten, De Tempeliers, S. 223). Zur Commanderie geh\u00f6rten noch einige Grundst\u00fccke in der n\u00e4heren Umgebung und zwei M\u00fchlen (aaO).<\/p>\n<p style=\"text-align: center;\"><a href=\"http:\/\/menzendorff.de\/wp-content\/uploads\/2015\/07\/Maastrich-und-Liege-122.jpg\"><img loading=\"lazy\" class=\"aligncenter wp-image-507 size-large\" src=\"http:\/\/menzendorff.de\/wp-content\/uploads\/2015\/07\/Maastrich-und-Liege-122-1024x683.jpg\" alt=\"Maastrich und Liege 122\" width=\"625\" height=\"417\" srcset=\"http:\/\/menzendorff.de\/wp-content\/uploads\/2015\/07\/Maastrich-und-Liege-122.jpg 1024w, http:\/\/menzendorff.de\/wp-content\/uploads\/2015\/07\/Maastrich-und-Liege-122-300x200.jpg 300w, http:\/\/menzendorff.de\/wp-content\/uploads\/2015\/07\/Maastrich-und-Liege-122-624x416.jpg 624w\" sizes=\"(max-width: 625px) 100vw, 625px\" \/><\/a>Ostchor der Kirche von Villers-le-Temple<\/p>\n<p style=\"text-align: center;\"><a href=\"http:\/\/menzendorff.de\/wp-content\/uploads\/2015\/07\/Maastrich-und-Liege-123.jpg\"><img loading=\"lazy\" class=\"aligncenter wp-image-508 size-large\" src=\"http:\/\/menzendorff.de\/wp-content\/uploads\/2015\/07\/Maastrich-und-Liege-123-1024x683.jpg\" alt=\"Maastrich und Liege 123\" width=\"625\" height=\"417\" srcset=\"http:\/\/menzendorff.de\/wp-content\/uploads\/2015\/07\/Maastrich-und-Liege-123.jpg 1024w, http:\/\/menzendorff.de\/wp-content\/uploads\/2015\/07\/Maastrich-und-Liege-123-300x200.jpg 300w, http:\/\/menzendorff.de\/wp-content\/uploads\/2015\/07\/Maastrich-und-Liege-123-624x416.jpg 624w\" sizes=\"(max-width: 625px) 100vw, 625px\" \/><\/a>\u00a0 Detailansicht Ostchor, Wappen des Commandeurs der Johanniter, &#8222;Fr. Laure de Breteuil&#8220;, 1762<\/p>\n<p>Ein Blick durchs verschlossene Hoftor der ummauerten Commanderie:<\/p>\n<p style=\"text-align: center;\"><a href=\"http:\/\/menzendorff.de\/wp-content\/uploads\/2015\/07\/Maastrich-und-Liege-131.jpg\"><img loading=\"lazy\" class=\"wp-image-510 size-large aligncenter\" src=\"http:\/\/menzendorff.de\/wp-content\/uploads\/2015\/07\/Maastrich-und-Liege-131-1024x683.jpg\" alt=\"Maastrich und Liege 131\" width=\"625\" height=\"417\" srcset=\"http:\/\/menzendorff.de\/wp-content\/uploads\/2015\/07\/Maastrich-und-Liege-131.jpg 1024w, http:\/\/menzendorff.de\/wp-content\/uploads\/2015\/07\/Maastrich-und-Liege-131-300x200.jpg 300w, http:\/\/menzendorff.de\/wp-content\/uploads\/2015\/07\/Maastrich-und-Liege-131-624x416.jpg 624w\" sizes=\"(max-width: 625px) 100vw, 625px\" \/><\/a>sog. &#8222;basse Cour de la Commanderie&#8220;<\/p>\n<p style=\"text-align: left;\">Was gibt es noch zu sehen in Villers-le-Temple:<\/p>\n<p style=\"text-align: center;\"><a href=\"http:\/\/menzendorff.de\/wp-content\/uploads\/2015\/07\/Maastrich-und-Liege-130.jpg\"><img loading=\"lazy\" class=\"aligncenter wp-image-509 size-large\" src=\"http:\/\/menzendorff.de\/wp-content\/uploads\/2015\/07\/Maastrich-und-Liege-130-1024x683.jpg\" alt=\"Maastrich und Liege 130\" width=\"625\" height=\"417\" srcset=\"http:\/\/menzendorff.de\/wp-content\/uploads\/2015\/07\/Maastrich-und-Liege-130.jpg 1024w, http:\/\/menzendorff.de\/wp-content\/uploads\/2015\/07\/Maastrich-und-Liege-130-300x200.jpg 300w, http:\/\/menzendorff.de\/wp-content\/uploads\/2015\/07\/Maastrich-und-Liege-130-624x416.jpg 624w\" sizes=\"(max-width: 625px) 100vw, 625px\" \/><\/a><a href=\"https:\/\/books.google.de\/books?id=ODKK6M9AL3oC&amp;pg=PA714&amp;lpg=PA714&amp;dq=Manoir+de+La+Tour+Villers+le+Temple&amp;source=bl&amp;ots=NNJEg76j68&amp;sig=NhoyZMDISdp19-0EX5sFH44xd_8&amp;hl=de&amp;sa=X&amp;ved=0CB4Q6AEwAGoVChMIrqrQ0LO6yAIVQo0sCh05FAiT#v=onepage&amp;q=Manoir%20de%20La%20Tour%20Villers%20le%20Temple&amp;f=false\">Manoir de la Tour<\/a>, 16. Jahrhundert<\/p>\n<p style=\"text-align: left;\">Derzeit &#8222;<em>a vendre<\/em>&#8222;, vorausgesetzt, man hat das n\u00f6tige Kleingeld.<\/p>\n<p><span style=\"font-size: xx-large;\">1. Templer in Haneffe<\/span><\/p>\n<p>Ebenfalls in der Province Li\u00e8ge, ca. 25 km nordwestlich von Villers-le-Temple, in der Gemeinde 4357 Donceel, befand sich eine weitere Commanderie der Templer, und zwar in dem Ort Haneffe.<\/p>\n<p style=\"text-align: center;\"><a href=\"http:\/\/menzendorff.de\/wp-content\/uploads\/2015\/07\/Maastrich-und-Liege-140.jpg\"><img loading=\"lazy\" class=\"alignleft wp-image-511 size-large\" src=\"http:\/\/menzendorff.de\/wp-content\/uploads\/2015\/07\/Maastrich-und-Liege-140-1024x683.jpg\" alt=\"Maastrich und Liege 140\" width=\"625\" height=\"417\" srcset=\"http:\/\/menzendorff.de\/wp-content\/uploads\/2015\/07\/Maastrich-und-Liege-140.jpg 1024w, http:\/\/menzendorff.de\/wp-content\/uploads\/2015\/07\/Maastrich-und-Liege-140-300x200.jpg 300w, http:\/\/menzendorff.de\/wp-content\/uploads\/2015\/07\/Maastrich-und-Liege-140-624x416.jpg 624w\" sizes=\"(max-width: 625px) 100vw, 625px\" \/><\/a>Haupteingang<\/p>\n<p style=\"text-align: left;\">Die Kapelle ist in einem recht schlechten Zustand und nur auf Absprache innen zu besichtigen. Es handelt sich um ein\u00a0 Nachfolgerbau der abgebrochenen Templerkapelle aus dem 17. Jahrhundert:<\/p>\n<p style=\"text-align: left;\"><a href=\"http:\/\/menzendorff.de\/wp-content\/uploads\/2015\/07\/Maastrich-und-Liege-153.jpg\"><img loading=\"lazy\" class=\"wp-image-513 size-large aligncenter\" src=\"http:\/\/menzendorff.de\/wp-content\/uploads\/2015\/07\/Maastrich-und-Liege-153-1024x683.jpg\" alt=\"Maastrich und Liege 153\" width=\"625\" height=\"417\" srcset=\"http:\/\/menzendorff.de\/wp-content\/uploads\/2015\/07\/Maastrich-und-Liege-153.jpg 1024w, http:\/\/menzendorff.de\/wp-content\/uploads\/2015\/07\/Maastrich-und-Liege-153-300x200.jpg 300w, http:\/\/menzendorff.de\/wp-content\/uploads\/2015\/07\/Maastrich-und-Liege-153-624x416.jpg 624w\" sizes=\"(max-width: 625px) 100vw, 625px\" \/><\/a><\/p>\n<p style=\"text-align: center;\">chapelle St. Jean-Baptiste, nach einer <a href=\"http:\/\/www.insolite-asso.fr\/spip.php?article156\">Inschrift<\/a> &#8222;RE EDIFIEE PAR LE CDR DE LA FONTAINE A 1628&#8220;<\/p>\n<p style=\"text-align: center;\"><a href=\"http:\/\/menzendorff.de\/wp-content\/uploads\/2015\/07\/Maastrich-und-Liege-143.jpg\"><img loading=\"lazy\" class=\"wp-image-512 size-full alignleft\" src=\"http:\/\/menzendorff.de\/wp-content\/uploads\/2015\/07\/Maastrich-und-Liege-143.jpg\" alt=\"Maastrich und Liege 143\" width=\"936\" height=\"768\" srcset=\"http:\/\/menzendorff.de\/wp-content\/uploads\/2015\/07\/Maastrich-und-Liege-143.jpg 936w, http:\/\/menzendorff.de\/wp-content\/uploads\/2015\/07\/Maastrich-und-Liege-143-300x246.jpg 300w, http:\/\/menzendorff.de\/wp-content\/uploads\/2015\/07\/Maastrich-und-Liege-143-624x512.jpg 624w\" sizes=\"(max-width: 936px) 100vw, 936px\" \/><\/a>Informationstafel vor Ort<\/p>\n<p>&nbsp;<\/p>\n<p><span style=\"font-size: xx-large;\">3. Templer in Maastricht ?<br \/>\n<\/span><\/p>\n<p>Im Juli 2015 folgte ich einer Einladung nach Maastricht, um an einer gef\u00fchrten H\u00f6hlenbegehung teilzunehmen. Es hatten sich ca. zwei dutzend interessierte Personen &#8211; vornehmlich aus Belgien, Frankreich und den Niederlanden zu dieser F\u00fchrung verabredet. Ein Ziel der F\u00fchrung war auch, zahlreiche teilweise r\u00e4tselhafte Malereien an den H\u00f6hlenw\u00e4nden zu interpretieren. Einige der Abbildungen an den W\u00e4nden sollen \u00c4hnlichkeiten mit Templermotiven haben. Das konnte ich mir nicht entgehen lassen! Wir trafen uns einige Kilometer s\u00fcdlich von Maastricht in einem am Ufer der Maas auf einer Anh\u00f6he gelegen Ausflugslokal namens <a href=\"http:\/\/www.slavante.nl\/index.html\">Buitengoed Slavante <\/a><\/p>\n<p style=\"text-align: left;\"><a href=\"http:\/\/menzendorff.de\/wp-content\/uploads\/2015\/07\/Maastrich-und-Liege-024.jpg\"><img loading=\"lazy\" class=\"aligncenter size-large wp-image-1122\" src=\"http:\/\/menzendorff.de\/wp-content\/uploads\/2015\/07\/Maastrich-und-Liege-024-1024x683.jpg\" alt=\"Maastrich und Liege 024\" width=\"625\" height=\"417\" srcset=\"http:\/\/menzendorff.de\/wp-content\/uploads\/2015\/07\/Maastrich-und-Liege-024.jpg 1024w, http:\/\/menzendorff.de\/wp-content\/uploads\/2015\/07\/Maastrich-und-Liege-024-300x200.jpg 300w, http:\/\/menzendorff.de\/wp-content\/uploads\/2015\/07\/Maastrich-und-Liege-024-768x512.jpg 768w, http:\/\/menzendorff.de\/wp-content\/uploads\/2015\/07\/Maastrich-und-Liege-024-624x416.jpg 624w\" sizes=\"(max-width: 625px) 100vw, 625px\" \/><\/a><\/p>\n<p>Mit dieser Anh\u00f6he beginnt ein Hochplateau, das sich auf einige Kilometer L\u00e4nge direkt am linken Maasufer nach S\u00fcden ausbreitet.<\/p>\n<p>Im Inneren des Bergs gibt es ein 200 Kilometer gro\u00dfes Labyrinth, welches k\u00fcnstlich erschaffen wurde. Einige Bergwerke sind zwar viel gr\u00f6\u00dfer als das des St. Pietersbergs, aber kaum ein anderes hat einen ebenso interessanten geschichtlichen Hintergrund. Das aktuell bestehende Labyrinth wurde in 800-j\u00e4hriger Handarbeit mit den verschiedensten Handwerkzeugen gebaut. &#8230; Man kann an den W\u00e4nden der G\u00e4nge Denkm\u00e4ler oder Skulpturen entdecken. <a href=\"https:\/\/de.wikipedia.org\/wiki\/Sint_Pietersberg\">(wikipedia)\u00a0<\/a><\/p>\n<p>Diesere Wikipedia-Eintrag ist nicht aktuell. Durch industrielle Aktivit\u00e4ten der letzten Jahre sind zwei drittel der Anlagen zerst\u00f6rt und es existieren jetzt nur noch ca. 70 Kilometer an G\u00e4ngen. (Quelle: Joris de Lange).<\/p>\n<p>Es war so gegen 13:00, als sich alle Teilnehmer versammelt hatten. Nach der Begr\u00fc\u00dfung und einer St\u00e4rkung verteilte man sich auf mehrere Fahrzeuge und fuhr entlang der Uferstrasse einige Kilometer weiter nach S\u00fcden \u00fcber die belgische Grenze hinweg, bis das Zeichen zum Anhalten gegeben wurde. Unser F\u00fchrer bat uns, die Lage des von uns benutzten Eingang in das Labyrinth nicht zu ver\u00f6ffentlichen. Denn es seien schon mindestens 2 Besucher in den H\u00f6hlen umgekommen. Man darf die Anlage <strong>unter allen Umst\u00e4nden nur mit einem sachkundigen F\u00fchrer betreten!<\/strong> Ich m\u00f6chte meine Leser hiermit ausdr\u00fccklich warnen. Der unbegleitete Aufenthalt in den H\u00f6hlen<strong> kann lebensgef\u00e4hrlich sein!<\/strong><\/p>\n<p><a href=\"http:\/\/menzendorff.de\/wp-content\/uploads\/2015\/07\/Maastrich-und-Liege-037.jpg\"><img loading=\"lazy\" class=\"aligncenter size-large wp-image-1123\" src=\"http:\/\/menzendorff.de\/wp-content\/uploads\/2015\/07\/Maastrich-und-Liege-037-1024x683.jpg\" alt=\"Maastrich und Liege 037\" width=\"625\" height=\"417\" srcset=\"http:\/\/menzendorff.de\/wp-content\/uploads\/2015\/07\/Maastrich-und-Liege-037.jpg 1024w, http:\/\/menzendorff.de\/wp-content\/uploads\/2015\/07\/Maastrich-und-Liege-037-300x200.jpg 300w, http:\/\/menzendorff.de\/wp-content\/uploads\/2015\/07\/Maastrich-und-Liege-037-768x512.jpg 768w, http:\/\/menzendorff.de\/wp-content\/uploads\/2015\/07\/Maastrich-und-Liege-037-624x416.jpg 624w\" sizes=\"(max-width: 625px) 100vw, 625px\" \/><\/a><\/p>\n<p>Jetzt hie\u00df es: Jacken anziehen und Taschenlampen kontrollieren und dann ging es an dieser Stelle hinein in das Abenteuer. Wir liefen mehr als eine halbe Stunde durch mehrere G\u00e4nge scheinbar kreuz- und quer, aus denen wenig zu berichten war, bis wir auf die hier interessierenden Malereien trafen. Die Stollen hatten eine H\u00f6he von gesch\u00e4tzt 6 oder 8 Metern und waren von oben nach unten in den Kalkstein hineingetrieben worden. Das ist auch der Grund, warum die \u00e4ltesten &#8222;Malereien&#8220; jeweils an den Decken zu finden waren. Es wurden keine Farben verwendet. Die Motive wurden vielmehr mittels Kerzenru\u00df hergestellt. Man nimmt an, dass die Sch\u00f6pfer dieser Abbildungen r\u00fccklings auf dem Stollenboden lagen, als der Stollen noch niedriger als ein Meter war. So ist zu erkl\u00e4ren, dass die Abbildungen mit einigermassen ruhigen H\u00e4nden erzeugt werden konnten.<\/p>\n<p style=\"text-align: center;\"><a href=\"http:\/\/menzendorff.de\/wp-content\/uploads\/2015\/07\/Maastrich-und-Liege-109.jpg\"><img loading=\"lazy\" class=\"aligncenter size-large wp-image-1128\" src=\"http:\/\/menzendorff.de\/wp-content\/uploads\/2015\/07\/Maastrich-und-Liege-109-1024x683.jpg\" alt=\"Maastrich und Liege 109\" width=\"625\" height=\"417\" srcset=\"http:\/\/menzendorff.de\/wp-content\/uploads\/2015\/07\/Maastrich-und-Liege-109.jpg 1024w, http:\/\/menzendorff.de\/wp-content\/uploads\/2015\/07\/Maastrich-und-Liege-109-300x200.jpg 300w, http:\/\/menzendorff.de\/wp-content\/uploads\/2015\/07\/Maastrich-und-Liege-109-768x512.jpg 768w, http:\/\/menzendorff.de\/wp-content\/uploads\/2015\/07\/Maastrich-und-Liege-109-624x416.jpg 624w\" sizes=\"(max-width: 625px) 100vw, 625px\" \/><\/a>In der Mitte dieser Motive l\u00e4\u00dft sich ein Templerkreuz ausmachen.<\/p>\n<p>Das Templerkreuz ist eingerahmt von einigen sog. <a href=\"http:\/\/austria-forum.org\/af\/Wissenssammlungen\/Symbole\/Kruckenkreuz\">Kruken-Kreuzen<\/a><\/p>\n<p>Diese Symbolform eines Kreuzes mit Querbalken ist schon aus de Antike bekannt. <a href=\"https:\/\/de.wikipedia.org\/wiki\/Gottfried_von_Bouillon\" target=\"_blank\" rel=\"noopener\">Gottfried von Bouillon<\/a>, der Begr\u00fcnder der Kreuzz\u00fcge, hat eine Abwandlung dieses Kreuzes zu seinem Wappen erkoren:<\/p>\n<p style=\"text-align: center;\"><a href=\"http:\/\/menzendorff.de\/wp-content\/uploads\/2015\/07\/Argonnen-und-Ardennen-Mai-2005-213.jpg\"><img loading=\"lazy\" class=\"aligncenter size-large wp-image-1133\" src=\"http:\/\/menzendorff.de\/wp-content\/uploads\/2015\/07\/Argonnen-und-Ardennen-Mai-2005-213-1024x741.jpg\" alt=\"Argonnen und Ardennen Mai 2005 213\" width=\"625\" height=\"452\" srcset=\"http:\/\/menzendorff.de\/wp-content\/uploads\/2015\/07\/Argonnen-und-Ardennen-Mai-2005-213.jpg 1024w, http:\/\/menzendorff.de\/wp-content\/uploads\/2015\/07\/Argonnen-und-Ardennen-Mai-2005-213-300x217.jpg 300w, http:\/\/menzendorff.de\/wp-content\/uploads\/2015\/07\/Argonnen-und-Ardennen-Mai-2005-213-768x556.jpg 768w, http:\/\/menzendorff.de\/wp-content\/uploads\/2015\/07\/Argonnen-und-Ardennen-Mai-2005-213-624x452.jpg 624w\" sizes=\"(max-width: 625px) 100vw, 625px\" \/><\/a>Chateau de <strong>Bouillon<\/strong>, Prov. Luxembourg<\/p>\n<p>Dieses Wappen wurde (in gelb) von dem K\u00f6nigreich Jerusalem der Kreuzfahrer \u00fcbernommen und ist heute noch das Wappen des Ordens der Grabesritter. Aber auch in Templerkirchen konnte ich eine \u00e4hnliche Darstellung entdecken, etwa in <a href=\"http:\/\/menzendorff.de\/?p=25\" target=\"_blank\" rel=\"noopener\">Brandenburg<\/a>:<\/p>\n<p style=\"text-align: center;\"><a href=\"http:\/\/menzendorff.de\/wp-content\/uploads\/2015\/07\/Berlin-Juli-2008-012.jpg\"><img loading=\"lazy\" class=\"aligncenter size-large wp-image-1135\" src=\"http:\/\/menzendorff.de\/wp-content\/uploads\/2015\/07\/Berlin-Juli-2008-012-1024x768.jpg\" alt=\"Berlin Juli 2008 012\" width=\"625\" height=\"469\" srcset=\"http:\/\/menzendorff.de\/wp-content\/uploads\/2015\/07\/Berlin-Juli-2008-012.jpg 1024w, http:\/\/menzendorff.de\/wp-content\/uploads\/2015\/07\/Berlin-Juli-2008-012-300x225.jpg 300w, http:\/\/menzendorff.de\/wp-content\/uploads\/2015\/07\/Berlin-Juli-2008-012-768x576.jpg 768w, http:\/\/menzendorff.de\/wp-content\/uploads\/2015\/07\/Berlin-Juli-2008-012-624x468.jpg 624w\" sizes=\"(max-width: 625px) 100vw, 625px\" \/><\/a>Templerkapelle, <strong>15518 Tempelberg<\/strong><\/p>\n<p>oder in <a href=\"http:\/\/menzendorff.de\/?p=64\" target=\"_blank\" rel=\"noopener\">S\u00fcpplingenburg:<\/a><\/p>\n<p><a href=\"http:\/\/menzendorff.de\/wp-content\/uploads\/2015\/07\/Norddeutschland-069.jpg\"><img loading=\"lazy\" class=\"size-large wp-image-1137\" src=\"http:\/\/menzendorff.de\/wp-content\/uploads\/2015\/07\/Norddeutschland-069-1024x685.jpg\" alt=\"SONY DSC\" width=\"625\" height=\"418\" srcset=\"http:\/\/menzendorff.de\/wp-content\/uploads\/2015\/07\/Norddeutschland-069.jpg 1024w, http:\/\/menzendorff.de\/wp-content\/uploads\/2015\/07\/Norddeutschland-069-300x201.jpg 300w, http:\/\/menzendorff.de\/wp-content\/uploads\/2015\/07\/Norddeutschland-069-768x514.jpg 768w, http:\/\/menzendorff.de\/wp-content\/uploads\/2015\/07\/Norddeutschland-069-624x417.jpg 624w\" sizes=\"(max-width: 625px) 100vw, 625px\" \/><\/a><\/p>\n<p style=\"text-align: center;\">Templerkirche, <strong>38376 S\u00fcpplingenburg<\/strong><\/p>\n<p>Diese Kreuze passen also gut in die Templerzeit und ihre Symbolik hinein. Aber es sollten sich noch mehr Vergleiche aufdr\u00e4ngen.<\/p>\n<p><a href=\"http:\/\/menzendorff.de\/wp-content\/uploads\/2015\/07\/Maastrich-und-Liege-101.jpg\"><img loading=\"lazy\" class=\"aligncenter size-large wp-image-1126\" src=\"http:\/\/menzendorff.de\/wp-content\/uploads\/2015\/07\/Maastrich-und-Liege-101-1024x683.jpg\" alt=\"Maastrich und Liege 101\" width=\"625\" height=\"417\" srcset=\"http:\/\/menzendorff.de\/wp-content\/uploads\/2015\/07\/Maastrich-und-Liege-101.jpg 1024w, http:\/\/menzendorff.de\/wp-content\/uploads\/2015\/07\/Maastrich-und-Liege-101-300x200.jpg 300w, http:\/\/menzendorff.de\/wp-content\/uploads\/2015\/07\/Maastrich-und-Liege-101-768x512.jpg 768w, http:\/\/menzendorff.de\/wp-content\/uploads\/2015\/07\/Maastrich-und-Liege-101-624x416.jpg 624w\" sizes=\"(max-width: 625px) 100vw, 625px\" \/><\/a>An einer anderen Stelle in diesem Abschnitt fanden sich an der Decke weitere Templerkreuze, aber auch ein stilisiertes Dame- und M\u00fchle- Brettspiel. Das M\u00fchlespiel ist schon seit der Antike bekannt. Nach wikipedia soll sich in der Aachener Pfalzkapelle so eine Abbildung finden lassen.<\/p>\n<p>Ein M\u00fchlespiel fand sich auch auf einer Dachziegel eingebrannt in der Templerkapelle von Slijpe:<\/p>\n<p style=\"text-align: center;\"><a href=\"http:\/\/menzendorff.de\/wp-content\/uploads\/2015\/07\/Slijpe.jpg\"><img loading=\"lazy\" class=\"aligncenter size-large wp-image-1141\" src=\"http:\/\/menzendorff.de\/wp-content\/uploads\/2015\/07\/Slijpe-1024x743.jpg\" alt=\"Slijpe\" width=\"625\" height=\"453\" srcset=\"http:\/\/menzendorff.de\/wp-content\/uploads\/2015\/07\/Slijpe.jpg 1024w, http:\/\/menzendorff.de\/wp-content\/uploads\/2015\/07\/Slijpe-300x218.jpg 300w, http:\/\/menzendorff.de\/wp-content\/uploads\/2015\/07\/Slijpe-768x557.jpg 768w, http:\/\/menzendorff.de\/wp-content\/uploads\/2015\/07\/Slijpe-624x453.jpg 624w\" sizes=\"(max-width: 625px) 100vw, 625px\" \/><\/a>(mit freundlicher Genehmigung von Jan Hosten, aus: De tempeliers, 2006).<\/p>\n<p style=\"text-align: left;\">Ein weiteres Motiv erregte meine Aufmerksamkeit, und zwar diese kreisrunden Objekte mit radialen Linien von einem inneren Kern auf den \u00e4u\u00dferen Umkreis.<\/p>\n<p><a href=\"http:\/\/menzendorff.de\/wp-content\/uploads\/2015\/07\/Maastrich-und-Liege-105.jpg\"><img loading=\"lazy\" class=\"aligncenter size-large wp-image-1127\" src=\"http:\/\/menzendorff.de\/wp-content\/uploads\/2015\/07\/Maastrich-und-Liege-105-1024x683.jpg\" alt=\"Maastrich und Liege 105\" width=\"625\" height=\"417\" srcset=\"http:\/\/menzendorff.de\/wp-content\/uploads\/2015\/07\/Maastrich-und-Liege-105.jpg 1024w, http:\/\/menzendorff.de\/wp-content\/uploads\/2015\/07\/Maastrich-und-Liege-105-300x200.jpg 300w, http:\/\/menzendorff.de\/wp-content\/uploads\/2015\/07\/Maastrich-und-Liege-105-768x512.jpg 768w, http:\/\/menzendorff.de\/wp-content\/uploads\/2015\/07\/Maastrich-und-Liege-105-624x416.jpg 624w\" sizes=\"(max-width: 625px) 100vw, 625px\" \/><\/a>Dies Motive haben starke \u00c4hnlichkeiten mit dem Skelett eines <a href=\"http:\/\/azalas.de\/blog\/?page_id=145\" target=\"_blank\" rel=\"noopener\">Seeigels<\/a>.<\/p>\n<p><a href=\"http:\/\/menzendorff.de\/wp-content\/uploads\/2015\/07\/Maastrich-und-Liege-081.jpg\"><img loading=\"lazy\" class=\"aligncenter size-large wp-image-1125\" src=\"http:\/\/menzendorff.de\/wp-content\/uploads\/2015\/07\/Maastrich-und-Liege-081-1024x683.jpg\" alt=\"Maastrich und Liege 081\" width=\"625\" height=\"417\" srcset=\"http:\/\/menzendorff.de\/wp-content\/uploads\/2015\/07\/Maastrich-und-Liege-081.jpg 1024w, http:\/\/menzendorff.de\/wp-content\/uploads\/2015\/07\/Maastrich-und-Liege-081-300x200.jpg 300w, http:\/\/menzendorff.de\/wp-content\/uploads\/2015\/07\/Maastrich-und-Liege-081-768x512.jpg 768w, http:\/\/menzendorff.de\/wp-content\/uploads\/2015\/07\/Maastrich-und-Liege-081-624x416.jpg 624w\" sizes=\"(max-width: 625px) 100vw, 625px\" \/><\/a>Dieses Beispiel fand sich in der N\u00e4he eines Galgens und zweier Totensch\u00e4del. Beim genaueren Betrachten findet man auch bei dem oberen Abbildung ein solches Galgenmotiv. Aber auch dieses seeigel\u00e4hnliche Motiv hat Entsprechungen in anderen Kirchen, die Bezug zu den Templern haben.<\/p>\n<p><a href=\"http:\/\/menzendorff.de\/wp-content\/uploads\/2015\/07\/Norddeutschland-052.jpg\"><img loading=\"lazy\" class=\"size-large wp-image-1146\" src=\"http:\/\/menzendorff.de\/wp-content\/uploads\/2015\/07\/Norddeutschland-052-1024x685.jpg\" alt=\"SONY DSC\" width=\"625\" height=\"418\" srcset=\"http:\/\/menzendorff.de\/wp-content\/uploads\/2015\/07\/Norddeutschland-052.jpg 1024w, http:\/\/menzendorff.de\/wp-content\/uploads\/2015\/07\/Norddeutschland-052-300x201.jpg 300w, http:\/\/menzendorff.de\/wp-content\/uploads\/2015\/07\/Norddeutschland-052-768x514.jpg 768w, http:\/\/menzendorff.de\/wp-content\/uploads\/2015\/07\/Norddeutschland-052-624x417.jpg 624w\" sizes=\"(max-width: 625px) 100vw, 625px\" \/><\/a><\/p>\n<p style=\"text-align: center;\">Templerkirche St. Johannis, <strong>38376 S\u00fcpplingenburg<\/strong><\/p>\n<p style=\"text-align: left;\">Das rechte Motive solle eine sich \u00f6ffnende und das linke eine geschlossene Bl\u00fcte darstellen, der Kreislauf des Lebens, A und O.\u00a0 Andere Templerkirchen haben vier solche Motive:<\/p>\n<p style=\"text-align: center;\"><a href=\"http:\/\/menzendorff.de\/wp-content\/uploads\/2015\/07\/Chatillon.jpg\"><img loading=\"lazy\" class=\"aligncenter size-large wp-image-1145\" src=\"http:\/\/menzendorff.de\/wp-content\/uploads\/2015\/07\/Chatillon-1024x768.jpg\" alt=\"Chatillon\" width=\"625\" height=\"469\" srcset=\"http:\/\/menzendorff.de\/wp-content\/uploads\/2015\/07\/Chatillon.jpg 1024w, http:\/\/menzendorff.de\/wp-content\/uploads\/2015\/07\/Chatillon-300x225.jpg 300w, http:\/\/menzendorff.de\/wp-content\/uploads\/2015\/07\/Chatillon-768x576.jpg 768w, http:\/\/menzendorff.de\/wp-content\/uploads\/2015\/07\/Chatillon-624x468.jpg 624w\" sizes=\"(max-width: 625px) 100vw, 625px\" \/><\/a>Chapelle des templiers St. Thibault,\u00a0 <strong>21400 Chatillon-sur-Seine<\/strong><\/p>\n<p style=\"text-align: center;\"><a href=\"http:\/\/menzendorff.de\/wp-content\/uploads\/2015\/07\/Nuits-sous-Ravieres.jpg\"><img loading=\"lazy\" class=\"aligncenter size-large wp-image-1147\" src=\"http:\/\/menzendorff.de\/wp-content\/uploads\/2015\/07\/Nuits-sous-Ravieres-1024x768.jpg\" alt=\"Nuits sous Ravieres\" width=\"625\" height=\"469\" srcset=\"http:\/\/menzendorff.de\/wp-content\/uploads\/2015\/07\/Nuits-sous-Ravieres.jpg 1024w, http:\/\/menzendorff.de\/wp-content\/uploads\/2015\/07\/Nuits-sous-Ravieres-300x225.jpg 300w, http:\/\/menzendorff.de\/wp-content\/uploads\/2015\/07\/Nuits-sous-Ravieres-768x576.jpg 768w, http:\/\/menzendorff.de\/wp-content\/uploads\/2015\/07\/Nuits-sous-Ravieres-624x468.jpg 624w\" sizes=\"(max-width: 625px) 100vw, 625px\" \/><\/a>Portal der Kirche von <strong>89390 Nuits-sur-Arman\u00e7on<\/strong><\/p>\n<p style=\"text-align: center;\"><a href=\"http:\/\/menzendorff.de\/wp-content\/uploads\/2015\/07\/Charente-020.jpg\"><img loading=\"lazy\" class=\"aligncenter size-large wp-image-1144\" src=\"http:\/\/menzendorff.de\/wp-content\/uploads\/2015\/07\/Charente-020-1024x768.jpg\" alt=\"Charente 020\" width=\"625\" height=\"469\" srcset=\"http:\/\/menzendorff.de\/wp-content\/uploads\/2015\/07\/Charente-020.jpg 1024w, http:\/\/menzendorff.de\/wp-content\/uploads\/2015\/07\/Charente-020-300x225.jpg 300w, http:\/\/menzendorff.de\/wp-content\/uploads\/2015\/07\/Charente-020-768x576.jpg 768w, http:\/\/menzendorff.de\/wp-content\/uploads\/2015\/07\/Charente-020-624x468.jpg 624w\" sizes=\"(max-width: 625px) 100vw, 625px\" \/><\/a>Wandmalerei Templerkapelle Cressac, <strong>16115 Cressac-St. Genis, Charente<\/strong><\/p>\n<p style=\"text-align: left;\">Ich kann derzeit noch nicht ausschliessen, dass sich solche Seeigel-Motive nicht auch auf anderen Kirchen befinden, die nichts mit den Templern zu tun hatten. Aber immerhin scheint es f\u00fcr die Epoche eine sinnstiftende Aussage gemacht haben und die \u00c4hnlichkeit zu den Abbildungen in der H\u00f6hle sind mindestens signifikant.<\/p>\n<p style=\"text-align: left;\">Es gab noch eine weitere Entsprechung. Unterhalb der Decke, an der Wand eines Stollens fand sich dieses Christus-Bild.<\/p>\n<p style=\"text-align: left;\"><a href=\"http:\/\/menzendorff.de\/wp-content\/uploads\/2015\/07\/Maastrich-und-Liege-073-1.jpg\"><img loading=\"lazy\" class=\"aligncenter size-large wp-image-1149\" src=\"http:\/\/menzendorff.de\/wp-content\/uploads\/2015\/07\/Maastrich-und-Liege-073-1-1024x633.jpg\" alt=\"Maastrich und Liege 073\" width=\"625\" height=\"386\" srcset=\"http:\/\/menzendorff.de\/wp-content\/uploads\/2015\/07\/Maastrich-und-Liege-073-1.jpg 1024w, http:\/\/menzendorff.de\/wp-content\/uploads\/2015\/07\/Maastrich-und-Liege-073-1-300x185.jpg 300w, http:\/\/menzendorff.de\/wp-content\/uploads\/2015\/07\/Maastrich-und-Liege-073-1-768x475.jpg 768w, http:\/\/menzendorff.de\/wp-content\/uploads\/2015\/07\/Maastrich-und-Liege-073-1-624x386.jpg 624w\" sizes=\"(max-width: 625px) 100vw, 625px\" \/><\/a>Das hatte frappierende \u00c4hnlichkeit mit einer Glasmalerei aus der Templerkapelle von Slijpe<\/p>\n<p style=\"text-align: center;\"><a href=\"http:\/\/menzendorff.de\/wp-content\/uploads\/2015\/07\/Slijpe-1.jpg\"><img loading=\"lazy\" class=\"aligncenter size-full wp-image-1150\" src=\"http:\/\/menzendorff.de\/wp-content\/uploads\/2015\/07\/Slijpe-1.jpg\" alt=\"Slijpe\" width=\"994\" height=\"768\" srcset=\"http:\/\/menzendorff.de\/wp-content\/uploads\/2015\/07\/Slijpe-1.jpg 994w, http:\/\/menzendorff.de\/wp-content\/uploads\/2015\/07\/Slijpe-1-300x232.jpg 300w, http:\/\/menzendorff.de\/wp-content\/uploads\/2015\/07\/Slijpe-1-768x593.jpg 768w, http:\/\/menzendorff.de\/wp-content\/uploads\/2015\/07\/Slijpe-1-624x482.jpg 624w\" sizes=\"(max-width: 994px) 100vw, 994px\" \/><\/a>(Mit freundlicher Genehmigung von Jan Hosten)<\/p>\n<p style=\"text-align: left;\">Nachdem feststeht, dass die Steinbr\u00fcche im Sint-Pietersberg seit 800 Jahren in Benutzung sind und viele der dort angebrachten Graffitis sehr gro\u00dfe bis signifikante \u00c4hnlichkeiten mit Verzierungen an nachgewiesenen Templerkirchen aufweisen, d\u00fcrfte zumindestens ein &#8222;Anfangsverdacht&#8220; daf\u00fcr sprechen, dass die Templer sich hier auch wirtschaftlich bet\u00e4tigt haben k\u00f6nnten. Aber waren die Templer auch in Maastricht beg\u00fctert? Ein lateinisches Dokument von 1269 soll das best\u00e4tigen:<\/p>\n<p style=\"text-align: center;\"><a href=\"http:\/\/menzendorff.de\/wp-content\/uploads\/2015\/07\/image002-1.jpg\"><img loading=\"lazy\" class=\"aligncenter size-full wp-image-1151\" src=\"http:\/\/menzendorff.de\/wp-content\/uploads\/2015\/07\/image002-1.jpg\" alt=\"image002\" width=\"794\" height=\"671\" srcset=\"http:\/\/menzendorff.de\/wp-content\/uploads\/2015\/07\/image002-1.jpg 794w, http:\/\/menzendorff.de\/wp-content\/uploads\/2015\/07\/image002-1-300x254.jpg 300w, http:\/\/menzendorff.de\/wp-content\/uploads\/2015\/07\/image002-1-768x649.jpg 768w, http:\/\/menzendorff.de\/wp-content\/uploads\/2015\/07\/image002-1-624x527.jpg 624w\" sizes=\"(max-width: 794px) 100vw, 794px\" \/><\/a>(Quelle: <a href=\"http:\/\/www.tempelieren.nl\/DCUltrajectum.html\" target=\"_blank\" rel=\"noopener\">Sporen van de Tempeliers in Nederland)<\/a><\/p>\n<p style=\"text-align: left;\">Im unteren Drittel der linken Spalte ist die Rede von &#8222;<em>expensis persolvi faciam in <strong>Trajecto<\/strong> per Fratres Domus Templi<\/em>&#8222;.<\/p>\n<p style=\"text-align: left;\"><strong><em>Trajectum <\/em><\/strong>kann sich aber auf Maastricht (=Trajectum ad Mosam) ebenso wie auf Utrecht (=trajectum ad Rhenum) beziehen. Trajectum heisst einfach nur \u00dcbergang (=hier Br\u00fccke) .<\/p>\n<p style=\"text-align: left;\">Der Frage, ob sich dieses Dokument auf Templer aus Utrecht oder aus Maastricht bezieht, oder ob sich daraus schliessen l\u00e4sst, dass der Templerorden \u00fcberhaupt in einer der beiden St\u00e4dte eine Niederlassung unterhielt, hat man sich auf der Seite <a href=\"http:\/\/www.tempelieren.nl\/DCUltrajectum.html\" target=\"_blank\" rel=\"noopener\">Sporen van de Tempeliers in Nederland<\/a> angenommen:<\/p>\n<p><b>Welk Trajectum?<\/b><\/p>\n<p>Indertijd was sprake van een Trajectum ad Rhenum (Utrecht) en een Trajectum ad Mosam (Maastricht). Welk werd hier bedoeld?<\/p>\n<p>Bij Utrecht is nooit sprake geweest van een vestiging van de Tempelorde. Guido van Avesnes, bisschop van Utrecht bericht voorts in 1307 aan de Franse koning, dat in zijn gebied geen huizen van de Tempelorde voorkomen. (<i>J<\/i>.<i>Schwalm: Reise nach Frankreich und Italien im Sommer 1903. <\/i>In: <i>Neues Archiv der Gesellschaft f\u00fcr \u00e4ltere deutsche Geschichtskunde.<\/i> XXIX (1904). Berlin, 1903. pg.635.) Naar het zich laat aanzien komt Utrecht hier dus niet in aanmerking. Met betrekking tot Maastricht heeft Ramakers uitvoerig betoogd, dat daar geen kommanderij of huis van de Tempelorde gevestigd is geweest (Zie verder: <a href=\"http:\/\/www.tempelieren.nl\/CBMaastricht.html\">Maastricht<\/a>.) Ook Maastricht als vestigingplaats van het tempelhuis komt dan te vervallen. Dit is een ongerijmdheid. Ergens schuilt hier een fout in de gedachtengang. De toekomst zal misschien leren welke fout. Hier is van belang te zien hoe het vaak gesteld is met onze kennis van de Tempelorde in ons land. Het is schimmige kennis. Zoals hier, we weten dat de Orde hier actief is geweest, maar nadere kennis over de wijze waarop ze hier was, over wat ze deed en hoe het haar verging ontbreekt veelal. Zoals hier, we weten dat er een tempelhuis was, maar reeds de juiste plaats is een vraag. Op dit glibberig pad beweegt zich deze site, Voorzichtigheid zal geboden zijn.<\/p>\n<p>Die Seite warnt, dass man sich dieser Frage nur vorsichtig n\u00e4hern kann, weil sie von vielen Ungereimtheiten flankiert ist. Die Frage, ob die Templer auch in Maastricht beg\u00fctert waren oder nicht, ist f\u00fcr die hier vertretene These, dass die Templer im Sint-Pietersberg einen Steinbruch betrieben haben k\u00f6nnten, nicht weiter von Belang. Man weiss sicher, dass die Templer jedenfalls in der belgischen Stadt Vis\u00e9 eine Komturei unterhalten haben, und Vis\u00e9 soll sich unmittelbar gegen\u00fcber von dem Steinbruch im Sint-Pietersberg befinden.<\/p>\n<p>Bei der \u00dcberpr\u00fcfung dieses Sachverhaltes stellte ich fest, dass der belgische Teil dieses Felsmassivs sogar im heutigen Gebiet der Gemeinde Vis\u00e9 selbst liegt:<\/p>\n<p style=\"text-align: center;\"><a href=\"http:\/\/menzendorff.de\/wp-content\/uploads\/2015\/07\/Vise.png\"><img loading=\"lazy\" class=\"aligncenter size-full wp-image-1161\" src=\"http:\/\/menzendorff.de\/wp-content\/uploads\/2015\/07\/Vise.png\" alt=\"Vise\" width=\"839\" height=\"919\" srcset=\"http:\/\/menzendorff.de\/wp-content\/uploads\/2015\/07\/Vise.png 839w, http:\/\/menzendorff.de\/wp-content\/uploads\/2015\/07\/Vise-274x300.png 274w, http:\/\/menzendorff.de\/wp-content\/uploads\/2015\/07\/Vise-768x841.png 768w, http:\/\/menzendorff.de\/wp-content\/uploads\/2015\/07\/Vise-624x683.png 624w\" sizes=\"(max-width: 839px) 100vw, 839px\" \/><\/a>(google maps)<\/p>\n<p style=\"text-align: left;\">Maastricht befindet sich n\u00f6rdlich von diesem Kartenausschnitte. Das Sint-Pieter-Massiv befindet sich am oberen Rand des Kartenausschnittes. Sein s\u00fcdlicher Ausl\u00e4ufer ragt in das Gebiet der Gemeinde Vis\u00e9 hinein.<\/p>\n<p style=\"text-align: left;\">\u00dcber die commanderie Vis\u00e9 werde ich im Jahre 2016 berichten. Ich bitte noch um etwas Geduld.<\/p>\n<p>&nbsp;<\/p>\n<p>&nbsp;<\/p>\n<p>&nbsp;<\/p>\n<p>&nbsp;<\/p>\n<p>&nbsp;<\/p>\n<p>&nbsp;<\/p>\n<p>&nbsp;<\/p>\n<p>&nbsp;<\/p>\n<table align=\"CENTER\">\n<tbody>\n<tr>\n<td align=\"CENTER\" width=\"100\"><\/td>\n<td align=\"CENTER\" width=\"100\"><\/td>\n<td align=\"CENTER\" width=\"100\"><\/td>\n<\/tr>\n<\/tbody>\n<\/table>\n<p>&nbsp;<\/p>\n<p>&nbsp;<\/p>\n<p>&nbsp;<\/p>\n<p>&nbsp;<\/p>\n<p>&nbsp;<\/p>\n","protected":false},"excerpt":{"rendered":"<p>Templer in Belgien Eine Reise in das &#8222;Dreil\u00e4ndereck&#8220; um Maastricht und Li\u00e8ge (L\u00fcttich) ergab die Gelegenheit, sich noch einmal die bereits Im Jahre 2011 besuchte Commanderie der Templer in der Gemeinde 4550 Nandrin (ca. 20 km s\u00fcd-westlich von L\u00fcttich) n\u00e4her anzusehen. 1. Templer in Villers-le-Temple Diese Commanderie wurde gegr\u00fcndet von Gerard de Villers um 1257 [&hellip;]<\/p>\n","protected":false},"author":2,"featured_media":0,"comment_status":"open","ping_status":"open","sticky":false,"template":"","format":"standard","meta":[],"categories":[7],"tags":[],"_links":{"self":[{"href":"http:\/\/menzendorff.de\/index.php?rest_route=\/wp\/v2\/posts\/499"}],"collection":[{"href":"http:\/\/menzendorff.de\/index.php?rest_route=\/wp\/v2\/posts"}],"about":[{"href":"http:\/\/menzendorff.de\/index.php?rest_route=\/wp\/v2\/types\/post"}],"author":[{"embeddable":true,"href":"http:\/\/menzendorff.de\/index.php?rest_route=\/wp\/v2\/users\/2"}],"replies":[{"embeddable":true,"href":"http:\/\/menzendorff.de\/index.php?rest_route=%2Fwp%2Fv2%2Fcomments&post=499"}],"version-history":[{"count":38,"href":"http:\/\/menzendorff.de\/index.php?rest_route=\/wp\/v2\/posts\/499\/revisions"}],"predecessor-version":[{"id":2804,"href":"http:\/\/menzendorff.de\/index.php?rest_route=\/wp\/v2\/posts\/499\/revisions\/2804"}],"wp:attachment":[{"href":"http:\/\/menzendorff.de\/index.php?rest_route=%2Fwp%2Fv2%2Fmedia&parent=499"}],"wp:term":[{"taxonomy":"category","embeddable":true,"href":"http:\/\/menzendorff.de\/index.php?rest_route=%2Fwp%2Fv2%2Fcategories&post=499"},{"taxonomy":"post_tag","embeddable":true,"href":"http:\/\/menzendorff.de\/index.php?rest_route=%2Fwp%2Fv2%2Ftags&post=499"}],"curies":[{"name":"wp","href":"https:\/\/api.w.org\/{rel}","templated":true}]}}