{"id":51,"date":"2013-09-02T10:58:58","date_gmt":"2013-09-02T08:58:58","guid":{"rendered":"http:\/\/menzendorff.de\/?p=51"},"modified":"2019-04-21T14:31:34","modified_gmt":"2019-04-21T12:31:34","slug":"2010-provence-2","status":"publish","type":"post","link":"http:\/\/menzendorff.de\/?p=51","title":{"rendered":"2010 Provence"},"content":{"rendered":"<p align=\"center\"><span style=\"font-size: xx-large;\">Templer in der Provence, Teil 3<\/span><\/p>\n<p align=\"left\">Die Familie verbrachte im August noch eine Woche des Sommerurlaubs an der C\u00f4te-d&#8217;Azur, genauer gesagt bei Fr\u00e9jus. Und weil mancher Mensch nun mal nicht alleine vom Strandgl\u00fcck alleine leben kann, wurden einige kleinere Ausfl\u00fcge zur Vervollst\u00e4ndigung der Templersammlung dieser Homepage benutzt.<\/p>\n<p align=\"center\"><span style=\"font-size: x-large;\">1. Comps-sur-Artuby<\/span><\/p>\n<p align=\"left\">Der erste Ausflug f\u00fchrte von der K\u00fcste weg ins Hinterland der C\u00f4te d&#8217;Azur, in die Haute Provence. Von Draguignan f\u00fchrt eine Passstrasse nach Digne und eine der h\u00f6chsten Erhebungen dieser Strecke wurde angeblich von den Templern bewacht. Von hier oben hat man eine festliche Aussicht!<\/p>\n<p align=\"center\"><img loading=\"lazy\" src=\"http:\/\/menzendorff.de\/images\/Artuby.jpg\" alt=\"\" width=\"594\" height=\"397\" border=\"0\" \/><\/p>\n<p align=\"center\"><i>chapelle St. Andr\u00e9<\/i><b>, 83840 Comps-sur-Artuby<\/b>, Var, R\u00e9gion Rh\u00f4ne-Alpes-C\u00f4te d&#8217;Azur (PACA)<\/p>\n<p align=\"center\"><img loading=\"lazy\" src=\"http:\/\/menzendorff.de\/images\/Provence%20024.jpg\" alt=\"\" width=\"594\" height=\"397\" border=\"0\" \/><\/p>\n<p align=\"center\">Chorapsis der Kapelle St. Andr\u00e9<\/p>\n<p align=\"center\"><img loading=\"lazy\" src=\"http:\/\/menzendorff.de\/images\/Provence%20012.jpg\" alt=\"\" width=\"594\" height=\"397\" border=\"0\" \/><\/p>\n<p align=\"center\"><i>chapelle St. Jean-Baptiste<\/i>,\u00a0<b>Comps-sur-Artuby<\/b><\/p>\n<p align=\"left\">Nach der Inschrift wurde die Kapelle von den Johannitern genau so ausgerichtet, dass am Morgen des 24. Juni, dem Tag des Schutzheiligen der Kapelle die Sonne in ein kreuzf\u00f6rmiges Fenster in der Apsis hineinstrahlt und durch die runde \u00d6ffnung oben in der Fassade sichtbar wird. So lange konnte ich dort leider nicht warten.<\/p>\n<p align=\"center\"><img loading=\"lazy\" src=\"http:\/\/menzendorff.de\/images\/Provence%20034.jpg\" alt=\"\" width=\"594\" height=\"397\" border=\"0\" \/><\/p>\n<p align=\"center\">Abschied vom H\u00fcgel<\/p>\n<p align=\"center\"><span style=\"font-size: x-large;\">2. St. Rapha\u00ebl<\/span><\/p>\n<p align=\"left\">Ein weiterer Ausflug in die Umgebung brachte uns nach St. Rapha<span style=\"font-size: medium;\">\u00ebl. Dort gabs auch f\u00fcr uns alle was zu sehen, Yachten, Boutiquen, hunderttausende von Ohrringen und Kettchen. Und auch eine enorm grosse Templerkirche.<\/span><\/p>\n<p align=\"center\"><img loading=\"lazy\" src=\"http:\/\/menzendorff.de\/images\/Rapahel.jpg\" alt=\"\" width=\"594\" height=\"397\" border=\"0\" \/><\/p>\n<p align=\"center\">eglise des Templiers,\u00a0<b>83700 St. Rapha<\/b><span style=\"font-size: medium;\">\u00ebl,\u00a0Ansicht von Osten<\/span><\/p>\n<p align=\"center\"><img loading=\"lazy\" src=\"http:\/\/menzendorff.de\/images\/Provence%20045.jpg\" alt=\"\" width=\"594\" height=\"397\" border=\"0\" \/><\/p>\n<p align=\"center\">S\u00fcdansicht<\/p>\n<p align=\"center\"><img loading=\"lazy\" src=\"http:\/\/menzendorff.de\/images\/Provence%20048.jpg\" alt=\"\" width=\"594\" height=\"397\" border=\"0\" \/><\/p>\n<p align=\"center\">Turm von S\u00fcden<\/p>\n<p align=\"center\"><img loading=\"lazy\" src=\"http:\/\/menzendorff.de\/images\/Provence%20049.jpg\" alt=\"\" width=\"594\" height=\"397\" border=\"0\" \/><\/p>\n<p align=\"center\">Templergeb\u00e4ude (?) neben der Kirche<\/p>\n<p align=\"center\"><span style=\"font-size: x-large;\">3. Cogolin<\/span><\/p>\n<p align=\"left\">Ein Ausflug nach St. Tropez mit seinen hier zum Teil wirklich sehr beeindruckenden Yachten (wo auf der Welt d\u00fcmpeln \u00e4hnlich viele Milliarden im Hafen? Wie bekommt man solche enormen Summen zusammen? Und was muss man tun, um es sich leisten zu k\u00f6nnen, zuzusehen, dass das Salzwasser und die \u00fcbrigen Witterungseinfl\u00fcsse den Wert solcher Luxus-Boote j\u00e4hrlich um einige Prozente &#8222;wegsp\u00fclt&#8220;?), Boutiquen und ebenfalls hunderttausenden von Ohringen erlaubten einen Abstecher nach Cogolin, wo die Templer ab 1204 die Besatzung eines Ch\u00e2teaus stellten. Von H\u00fcgel hier oben hatte man die \u00dcbersicht \u00fcber den Golf von St. Tropez und damit eine g\u00fcnstige strategische Position gegen die h\u00e4ufigen Sarazenen-\u00dcberf\u00e4lle. Von dem Ch\u00e2teau ist nicht mehr viel \u00fcbrig geblieben.<\/p>\n<p align=\"center\"><img loading=\"lazy\" src=\"http:\/\/menzendorff.de\/images\/Provence%20075.jpg\" alt=\"\" width=\"594\" height=\"397\" border=\"0\" \/><\/p>\n<p align=\"center\">Reste des\u00a0<i>Ch\u00e2teau de Cogolin<\/i>,\u00a0<b>83310 Cogolin<\/b>, Var<\/p>\n<p align=\"left\">Im Ort gibt es ein Templermuseum, das allerdings nur wenig Artefakte aus der Templerzeit zeigt. Es gibt so gut wie nichts an Gegenst\u00e4nden, die uns erhalten geblieben sind. So stellt man in der Ermangelung echter St\u00fccke einige Siegelabdr\u00fccke oder Modellrekonstruktionen mittelalterlicher Kriegs- und Belagerungswaffen aus und zahlreiche Schautafeln aus. Zu sehen gibt es ferner Puppen, bekleidet mit nachgeahmten Kleidungsst\u00fccken aus dem Mittelalter usw.<\/p>\n<p align=\"center\"><img loading=\"lazy\" src=\"http:\/\/menzendorff.de\/images\/Cogolin.jpg\" alt=\"\" width=\"594\" height=\"397\" border=\"0\" \/><\/p>\n<p align=\"left\">Dies ist ein Abdruck des Torwappens der (etwa 50 Km von Cogolin entfernten) Templerkomturei von Ruou (bei 83690 Villecroze) aus. Die Anlage konnte ich leider diesmal nicht besichtigen, dazu reichte die Zeit nicht. Das wird aber nachgeholt, versprochen.<\/p>\n<p align=\"left\"><a href=\"http:\/\/www.templiers.org\/ruou.php\">www.templiers.org\/ruou.php<\/a><\/p>\n<p align=\"center\"><span style=\"font-size: x-large;\">4. Roquebrune-sur-Argens<\/span><\/p>\n<p align=\"left\">Willst du immer weiter schweifen? Sieh, das Gute liegt so nah. Goethe hatte hier wieder einmal recht bekommen. In der Gemeinde meines Feriendomizils waren die Templer ebenfalls. Ich wusste das garnicht. Ich hatte mich nicht weiter auf die Gegend vorbereitet. Die Gemeinde hat drei Ortsteile, einen Strandbereich, eine Siedlung mit Feriendomizilen und eben einen historischen Ortskern, der wohl auf die karolingische Zeit zur\u00fcckgeht. Die Altstadt mutet sehr mittelalterlich an. Es ist sch\u00f6n, durch die G\u00e4sschen zu gehen und sich vorzustellen, wie es einst hier ausgesehen haben mag. Viele Geb\u00e4udereste sind noch aus dem fr\u00fchen 11. Jahrhundert.<\/p>\n<p align=\"left\">Die Templer haben sich hier gegen 1250 ein Haus, ein\u00a0<i>maison<\/i>\u00a0gekauft:<\/p>\n<p align=\"center\"><img loading=\"lazy\" src=\"http:\/\/menzendorff.de\/images\/Roquebrune.jpg\" alt=\"\" width=\"594\" height=\"397\" border=\"0\" \/><\/p>\n<p align=\"center\"><i>maison des Templiers,\u00a0<\/i><b>83520 Roquebrune-sur-Argens,<\/b><i>\u00a0<\/i>Var<\/p>\n<p align=\"center\"><img loading=\"lazy\" src=\"http:\/\/menzendorff.de\/images\/Provence%20154.jpg\" alt=\"\" width=\"594\" height=\"397\" border=\"0\" \/><\/p>\n<p align=\"left\">Das Haus ist vor wenigen Jahren kernsaniert und zu Wohnzwecken umgebaut worden. Zusammen mit den Resten der inneren Verteidigungsanlage dominiert es ein h\u00fcbsches Pl\u00e4tzchen im Ort.<\/p>\n<p align=\"center\"><img loading=\"lazy\" src=\"http:\/\/menzendorff.de\/images\/Provence%20142.jpg\" alt=\"\" width=\"594\" height=\"397\" border=\"0\" \/><\/p>\n<p align=\"center\">Stadttor aus dem 11. Jahrhundert<\/p>\n","protected":false},"excerpt":{"rendered":"<p>Templer in der Provence, Teil 3 Die Familie verbrachte im August noch eine Woche des Sommerurlaubs an der C\u00f4te-d&#8217;Azur, genauer gesagt bei Fr\u00e9jus. Und weil mancher Mensch nun mal nicht alleine vom Strandgl\u00fcck alleine leben kann, wurden einige kleinere Ausfl\u00fcge zur Vervollst\u00e4ndigung der Templersammlung dieser Homepage benutzt. 1. Comps-sur-Artuby Der erste Ausflug f\u00fchrte von der [&hellip;]<\/p>\n","protected":false},"author":1,"featured_media":0,"comment_status":"open","ping_status":"open","sticky":false,"template":"","format":"standard","meta":[],"categories":[18],"tags":[],"_links":{"self":[{"href":"http:\/\/menzendorff.de\/index.php?rest_route=\/wp\/v2\/posts\/51"}],"collection":[{"href":"http:\/\/menzendorff.de\/index.php?rest_route=\/wp\/v2\/posts"}],"about":[{"href":"http:\/\/menzendorff.de\/index.php?rest_route=\/wp\/v2\/types\/post"}],"author":[{"embeddable":true,"href":"http:\/\/menzendorff.de\/index.php?rest_route=\/wp\/v2\/users\/1"}],"replies":[{"embeddable":true,"href":"http:\/\/menzendorff.de\/index.php?rest_route=%2Fwp%2Fv2%2Fcomments&post=51"}],"version-history":[{"count":3,"href":"http:\/\/menzendorff.de\/index.php?rest_route=\/wp\/v2\/posts\/51\/revisions"}],"predecessor-version":[{"id":2824,"href":"http:\/\/menzendorff.de\/index.php?rest_route=\/wp\/v2\/posts\/51\/revisions\/2824"}],"wp:attachment":[{"href":"http:\/\/menzendorff.de\/index.php?rest_route=%2Fwp%2Fv2%2Fmedia&parent=51"}],"wp:term":[{"taxonomy":"category","embeddable":true,"href":"http:\/\/menzendorff.de\/index.php?rest_route=%2Fwp%2Fv2%2Fcategories&post=51"},{"taxonomy":"post_tag","embeddable":true,"href":"http:\/\/menzendorff.de\/index.php?rest_route=%2Fwp%2Fv2%2Ftags&post=51"}],"curies":[{"name":"wp","href":"https:\/\/api.w.org\/{rel}","templated":true}]}}