{"id":58,"date":"2013-09-02T11:01:02","date_gmt":"2013-09-02T09:01:02","guid":{"rendered":"http:\/\/menzendorff.de\/?p=58"},"modified":"2019-04-21T14:59:56","modified_gmt":"2019-04-21T12:59:56","slug":"2011-franche-comte-2","status":"publish","type":"post","link":"http:\/\/menzendorff.de\/?p=58","title":{"rendered":"2011 Franche-Comte 2"},"content":{"rendered":"<h1 align=\"center\"><span style=\"font-family: 'Book Antiqua', 'Times New Roman', Times;\"><b><b><b><b><b><b><b><b><b>Templer in der Franche-Comt\u00e9, Teil 2<\/b><\/b><\/b><\/b><\/b><\/b><\/b><\/b><\/b><\/span><\/h1>\n<p align=\"left\">Mein Mit-Forscher Thorsten Stute arbeitet &#8211; wie gesagt &#8211; am Buch \u00fcber die Templer in der Schweiz. Er fand heraus, dass es unabdingbar ist, sich besonders um die Templereien in der Franche-Comt\u00e9 zu k\u00fcmmern, ohne die das Problem der Templer mit der Schweiz nicht darstellbar sein w\u00fcrde. Ich will nicht zu viel verraten. Ich zeige nur einige Templerkapellen, die ich auf meiner ersten Reise in diese R\u00e9gion (<a href=\"http:\/\/menzendorff.de\/?p=53\">bitte hier nachlesen<\/a>) nicht &#8222;mitnehmen&#8220; konnte. Wir n\u00e4chtigten und speisten wieder hervorragend in unserer &#8211; meinem geneigten Leser bereits bekannten &#8211; immer noch sehr empfehlenswerten Bleibe in Champlive:\u00a0<a href=\"http:\/\/www.auberge-chateau-vaite.com\/\">http:\/\/www.auberge-chateau-vaite.com<\/a>.<b>\u00a0<\/b><\/p>\n<p>&nbsp;<\/p>\n<p align=\"center\"><span style=\"font-size: x-large;\">1. Fay<\/span><\/p>\n<p align=\"left\">Direkt nach unserem Eintreffen in unserer Bleibe am Freitag nachmittag, machten wir uns auf den Weg, die Ruinen der Kapelle von Fay nochmal zu suchen, die sich in der N\u00e4he des Ortes Dammartin-les-Templiers befinden musste.\u00a0<a href=\"http:\/\/menzendorff.de\/Franche%20Comte.htm\">Vgl. die erste Reise in die Franche-Comt\u00e9<\/a>. Thorsten hatte die Zwischenzeit genutzt und das Gel\u00e4nde ausgiebig und gr\u00fcndlich mit den Satelliten-Bildern von google untersucht. Den von ihm ins Auge gefassten Standort hat er sich per e-mail Anfrage vom B\u00fcrgermeister ders Ortes Dammartin-les-Templiers best\u00e4tigen lassen. Das Gel\u00e4nde steht in Privateigentum, sodass ich darauf verzichte, hier einen Lageplan einzuf\u00fcgen. Aber Bilder m\u00f6chte ich schon zeigen:<\/p>\n<p align=\"center\"><a href=\"http:\/\/menzendorff.de\/wp-content\/uploads\/2013\/09\/Fay1.jpg\"><img loading=\"lazy\" class=\"aligncenter size-full wp-image-818\" src=\"http:\/\/menzendorff.de\/wp-content\/uploads\/2013\/09\/Fay1.jpg\" alt=\"Fay1\" width=\"958\" height=\"640\" srcset=\"http:\/\/menzendorff.de\/wp-content\/uploads\/2013\/09\/Fay1.jpg 958w, http:\/\/menzendorff.de\/wp-content\/uploads\/2013\/09\/Fay1-300x200.jpg 300w, http:\/\/menzendorff.de\/wp-content\/uploads\/2013\/09\/Fay1-624x417.jpg 624w\" sizes=\"(max-width: 958px) 100vw, 958px\" \/><\/a>Die farblich ver\u00e4nderte Grasnarbe zeigt die Lage der ehemaligen Umfassungs-Mauer des Komtureigel\u00e4ndes an.<\/p>\n<p align=\"center\"><a href=\"http:\/\/menzendorff.de\/wp-content\/uploads\/2013\/09\/Fay2.jpg\"><img loading=\"lazy\" class=\"aligncenter size-full wp-image-819\" src=\"http:\/\/menzendorff.de\/wp-content\/uploads\/2013\/09\/Fay2.jpg\" alt=\"Fay2\" width=\"958\" height=\"640\" srcset=\"http:\/\/menzendorff.de\/wp-content\/uploads\/2013\/09\/Fay2.jpg 958w, http:\/\/menzendorff.de\/wp-content\/uploads\/2013\/09\/Fay2-300x200.jpg 300w, http:\/\/menzendorff.de\/wp-content\/uploads\/2013\/09\/Fay2-624x417.jpg 624w\" sizes=\"(max-width: 958px) 100vw, 958px\" \/><\/a>Das sind Reste einer zusammengesunkenen Geb\u00e4ude-Mauer. An manchen Stellen liegen noch von Menschenhand behauene Steine frei.<\/p>\n<p align=\"center\"><a href=\"http:\/\/menzendorff.de\/wp-content\/uploads\/2013\/09\/Fay3.jpg\"><img loading=\"lazy\" class=\"aligncenter size-full wp-image-820\" src=\"http:\/\/menzendorff.de\/wp-content\/uploads\/2013\/09\/Fay3.jpg\" alt=\"Fay3\" width=\"958\" height=\"719\" srcset=\"http:\/\/menzendorff.de\/wp-content\/uploads\/2013\/09\/Fay3.jpg 958w, http:\/\/menzendorff.de\/wp-content\/uploads\/2013\/09\/Fay3-300x225.jpg 300w, http:\/\/menzendorff.de\/wp-content\/uploads\/2013\/09\/Fay3-624x468.jpg 624w\" sizes=\"(max-width: 958px) 100vw, 958px\" \/><\/a><span style=\"font-family: Calibri;\">Die deutlichste Spur der Ruine: der Brunnenschacht<\/span><\/p>\n<p align=\"left\">Der B\u00fcrgermeister sollte uns noch darauf hinweisen, dass er es sehr bedauert, dass die staatliche Denkmalpflege hier keinen Handlungsbedarf erkennt. Offenbar ist die Komturei einem Brand zum Opfer gefallen und wurde nicht wieder aufgerichtet.<span style=\"font-family: Calibri;\">\u00a0Das Abendessen im Ch\u00e2teau de Vaite hat uns jedoch aufgerichtet und uns bereits jetzt f\u00fcr die doch recht lange Anreise entsch\u00e4digt.<br \/>\n<\/span><\/p>\n<p align=\"left\"><span style=\"color: #000000; font-family: Calibri;\">Am n\u00e4chsten Tag fuhren wir zun\u00e4chst in Richtung S\u00fcden, ins Departement 39 Jura und untersuchten einige der dortigen Templerorte auf sichtbare Spuren. Auf unserer Tour durch die s\u00fcdliche Franche-Comt\u00e9, auf den alten Wege von Dole in Richtung Schweiz besuchten wir die Region um Montagna-le-Templier.\u00a0 Um 1237 bekamen die Templer dort rund 20000 km\u00b2 Land vom Comte de Bourgogne geschenkt. In dieser h\u00fcgeligen Waldregion bauten sie diverse H\u00e4user und Kirchen. W\u00e4hrend Montagna-le-Templier nur den Namen erbte, sind es die kleinen, angrenzenden Gemeinden, wo man Reste von den Templern finden kann, auf einem H\u00fcgel bei Villechantria, in Saint-Julien und in den Ruinen von La Creux. F\u00fcr diese Orte, die alle etwas unzug\u00e4nglich sind, bedarf es entsprechender Ausr\u00fcstung, \u00fcber die wir nicht ausreichend verf\u00fcgten. Thorsten Stute wird davon sp\u00e4ter noch berichten.<\/span><\/p>\n<p align=\"left\"><span style=\"color: #1f497d; font-family: Calibri;\">\u00a0<\/span><\/p>\n<h1 align=\"center\"><span style=\"font-family: 'Book Antiqua', 'Times New Roman', Times;\"><b><b><b><b><b><span style=\"font-size: x-large;\">2. Montagna-le-Templier<\/span><\/b><\/b><\/b><\/b><\/b><\/span><\/h1>\n<p><a href=\"http:\/\/menzendorff.de\/wp-content\/uploads\/2013\/09\/Franche-Comte-002.jpg\"><img loading=\"lazy\" class=\"size-large wp-image-823\" src=\"http:\/\/menzendorff.de\/wp-content\/uploads\/2013\/09\/Franche-Comte-002-1024x685.jpg\" alt=\"SONY DSC\" width=\"625\" height=\"418\" srcset=\"http:\/\/menzendorff.de\/wp-content\/uploads\/2013\/09\/Franche-Comte-002.jpg 1024w, http:\/\/menzendorff.de\/wp-content\/uploads\/2013\/09\/Franche-Comte-002-300x201.jpg 300w, http:\/\/menzendorff.de\/wp-content\/uploads\/2013\/09\/Franche-Comte-002-624x417.jpg 624w\" sizes=\"(max-width: 625px) 100vw, 625px\" \/><\/a><\/p>\n<p align=\"center\">Waldkapelle,\u00a0<b>39347 Montagna-le-Templier<\/b><\/p>\n<p><span style=\"color: #000000; font-family: Calibri;\">Auf dem Weg dorthin begegnet man der Kapelle von St. Alban aus dem 15 Jhd. Es ist keine Templerkapelle, aber ein Ort mit irgendwie eigent\u00fcmlicher Ausstrahlung. Eine Heilquelle entspringt hinter der Kapelle und fliesst unter ihr hindurch, Kranke wurden fr\u00fcher dort und der in der N\u00e4he liegenden Maladerie gepflegt. Die T\u00fcr der Kapelle zeigt zum Wald.<\/span><\/p>\n<p align=\"center\"><span style=\"font-size: x-large;\">3. Dramelay<\/span><\/p>\n<p><a href=\"http:\/\/menzendorff.de\/wp-content\/uploads\/2013\/09\/Franche-Comte-017.jpg\"><img loading=\"lazy\" class=\"size-large wp-image-824\" src=\"http:\/\/menzendorff.de\/wp-content\/uploads\/2013\/09\/Franche-Comte-017-1024x685.jpg\" alt=\"SONY DSC\" width=\"625\" height=\"418\" srcset=\"http:\/\/menzendorff.de\/wp-content\/uploads\/2013\/09\/Franche-Comte-017.jpg 1024w, http:\/\/menzendorff.de\/wp-content\/uploads\/2013\/09\/Franche-Comte-017-300x201.jpg 300w, http:\/\/menzendorff.de\/wp-content\/uploads\/2013\/09\/Franche-Comte-017-624x417.jpg 624w\" sizes=\"(max-width: 625px) 100vw, 625px\" \/><\/a><\/p>\n<p align=\"center\">Kapelle,\u00a0<b>39240 Dramelay<\/b><\/p>\n<p><a href=\"http:\/\/menzendorff.de\/wp-content\/uploads\/2013\/09\/Franche-Comte-023.jpg\"><img loading=\"lazy\" class=\"size-large wp-image-825\" src=\"http:\/\/menzendorff.de\/wp-content\/uploads\/2013\/09\/Franche-Comte-023-1024x685.jpg\" alt=\"SONY DSC\" width=\"625\" height=\"418\" srcset=\"http:\/\/menzendorff.de\/wp-content\/uploads\/2013\/09\/Franche-Comte-023.jpg 1024w, http:\/\/menzendorff.de\/wp-content\/uploads\/2013\/09\/Franche-Comte-023-300x201.jpg 300w, http:\/\/menzendorff.de\/wp-content\/uploads\/2013\/09\/Franche-Comte-023-624x417.jpg 624w\" sizes=\"(max-width: 625px) 100vw, 625px\" \/><\/a><\/p>\n<p align=\"center\">Ch\u00e2teau de Dramelay, Geburtsort des 4. Grossmeisters der Templer, Bernard de Tremelay (1151 bis 1153)<\/p>\n<p align=\"left\">Der Weg zur Burg und zu einer besonders sch\u00f6nen Kapelle war aufgrund der tagelang zuvor herrschenden, schlechten Witterung ab hier schlichtweg unpassierbar, es sei denn, wir h\u00e4tten Neopren-Anz\u00fcge und eine kleine Planierraupe im Gep\u00e4ck gehabt. Das muss man mal im Sommer erklimmen.<\/p>\n<p align=\"center\"><span style=\"font-size: x-large;\">4. Chatagna<\/span><\/p>\n<p align=\"left\">Etwas weiter n\u00f6rdlich von Dramelay befindet sich der kleine Templerort Chatagna\u00a0 auf dem Gebiet der Gemeinde Chav\u00e9ria. Ein winziger Ort, eine sehr h\u00fcbsche Templerkapelle dominiert ihn.<\/p>\n<p><a href=\"http:\/\/menzendorff.de\/wp-content\/uploads\/2013\/09\/Franche-Comte-042.jpg\"><img loading=\"lazy\" class=\"size-large wp-image-826\" src=\"http:\/\/menzendorff.de\/wp-content\/uploads\/2013\/09\/Franche-Comte-042-1024x685.jpg\" alt=\"SONY DSC\" width=\"625\" height=\"418\" srcset=\"http:\/\/menzendorff.de\/wp-content\/uploads\/2013\/09\/Franche-Comte-042.jpg 1024w, http:\/\/menzendorff.de\/wp-content\/uploads\/2013\/09\/Franche-Comte-042-300x201.jpg 300w, http:\/\/menzendorff.de\/wp-content\/uploads\/2013\/09\/Franche-Comte-042-624x417.jpg 624w\" sizes=\"(max-width: 625px) 100vw, 625px\" \/><\/a><\/p>\n<p align=\"center\"><i>Chapelle des Templiers<\/i>,\u00a0<b>39270 Chatagna<\/b><\/p>\n<p><a href=\"http:\/\/menzendorff.de\/wp-content\/uploads\/2013\/09\/Franche-Comte-046.jpg\"><img loading=\"lazy\" class=\"size-large wp-image-827\" src=\"http:\/\/menzendorff.de\/wp-content\/uploads\/2013\/09\/Franche-Comte-046-1024x685.jpg\" alt=\"SONY DSC\" width=\"625\" height=\"418\" srcset=\"http:\/\/menzendorff.de\/wp-content\/uploads\/2013\/09\/Franche-Comte-046.jpg 1024w, http:\/\/menzendorff.de\/wp-content\/uploads\/2013\/09\/Franche-Comte-046-300x201.jpg 300w, http:\/\/menzendorff.de\/wp-content\/uploads\/2013\/09\/Franche-Comte-046-624x417.jpg 624w\" sizes=\"(max-width: 625px) 100vw, 625px\" \/><\/a><\/p>\n<p align=\"center\">R\u00fcckseite, Kapelle von Chatagna.<\/p>\n<p align=\"center\"><span style=\"font-family: Calibri; font-size: x-large;\">\u00a05. Graveleuse<\/span><\/p>\n<p align=\"left\">Einige Kilometer nordwestlich von Chatagna erreichten wir unsere letzte Etappe f\u00fcr diesen Tag, die Templerkapelle von Graveleuse auf dem Gebiet der Gemeinde Rosay. Die Templerkapelle ist aus dem 12. Jhd. und dort unterhielten die Templer ab dem Ende des 12. Jhd. ein Hospiz (Aubarbier, S. 63 und Inschrift). Davon steht kaum noch etwas, aber auch diese Kapelle ist sehr h\u00fcbsch. Sie befindet sich ausserhalb eines Ortes auf dem Gel\u00e4nde eines Bauerhofs und ist von einigen Mauerresten umstanden, die durchaus auch noch aus der Templerzeit stammen k\u00f6nnten.<\/p>\n<p><a href=\"http:\/\/menzendorff.de\/wp-content\/uploads\/2013\/09\/Franche-Comte-055.jpg\"><img loading=\"lazy\" class=\"size-large wp-image-828\" src=\"http:\/\/menzendorff.de\/wp-content\/uploads\/2013\/09\/Franche-Comte-055-1024x685.jpg\" alt=\"SONY DSC\" width=\"625\" height=\"418\" srcset=\"http:\/\/menzendorff.de\/wp-content\/uploads\/2013\/09\/Franche-Comte-055.jpg 1024w, http:\/\/menzendorff.de\/wp-content\/uploads\/2013\/09\/Franche-Comte-055-300x201.jpg 300w, http:\/\/menzendorff.de\/wp-content\/uploads\/2013\/09\/Franche-Comte-055-624x417.jpg 624w\" sizes=\"(max-width: 625px) 100vw, 625px\" \/><\/a><\/p>\n<p align=\"center\"><i>Chapelle des Templiers<\/i>,\u00a0<b>39466 Graveleuse<\/b><\/p>\n<p><a href=\"http:\/\/menzendorff.de\/wp-content\/uploads\/2016\/02\/Franche-Comte-059.jpg\"><img loading=\"lazy\" class=\"size-large wp-image-829\" src=\"http:\/\/menzendorff.de\/wp-content\/uploads\/2016\/02\/Franche-Comte-059-1024x685.jpg\" alt=\"SONY DSC\" width=\"625\" height=\"418\" srcset=\"http:\/\/menzendorff.de\/wp-content\/uploads\/2016\/02\/Franche-Comte-059.jpg 1024w, http:\/\/menzendorff.de\/wp-content\/uploads\/2016\/02\/Franche-Comte-059-300x201.jpg 300w, http:\/\/menzendorff.de\/wp-content\/uploads\/2016\/02\/Franche-Comte-059-624x417.jpg 624w\" sizes=\"(max-width: 625px) 100vw, 625px\" \/><\/a><\/p>\n<p align=\"center\">Altar und Ostchor<\/p>\n<p><a href=\"http:\/\/menzendorff.de\/wp-content\/uploads\/2016\/02\/Franche-Comte-061.jpg\"><img loading=\"lazy\" class=\"size-large wp-image-830\" src=\"http:\/\/menzendorff.de\/wp-content\/uploads\/2016\/02\/Franche-Comte-061-1024x685.jpg\" alt=\"SONY DSC\" width=\"625\" height=\"418\" srcset=\"http:\/\/menzendorff.de\/wp-content\/uploads\/2016\/02\/Franche-Comte-061.jpg 1024w, http:\/\/menzendorff.de\/wp-content\/uploads\/2016\/02\/Franche-Comte-061-300x201.jpg 300w, http:\/\/menzendorff.de\/wp-content\/uploads\/2016\/02\/Franche-Comte-061-624x417.jpg 624w\" sizes=\"(max-width: 625px) 100vw, 625px\" \/><\/a><\/p>\n<p align=\"center\">Malteserkreuz auf dem Schlussstein des Chors<\/p>\n<p align=\"left\">Der Ort Graveleuse lag nach der Inschrift des Tableaus vor der Kapelle an der alten R\u00f6merstrasse von Lyon (Lugdunum) nach Besan<span style=\"font-size: medium;\">\u00e7on (Vesontio). Nun beendeten wir unsere Tour und freuten wir uns auf unseren Aperitif mit dem B\u00fcrgermeister von Dammartin-les-Templiers und auf unser Abendessen.<\/span><\/p>\n<p align=\"center\"><span style=\"font-size: x-large;\">6. Montussaint<\/span><\/p>\n<p align=\"left\">Am zweiten Tag stand unsere Hauptattraktion an, die Commanderie von Falletans bei Dole. Auf dem Weg dahin streiften wir den Ort Montuissant, n\u00f6rdlich von Baume-les-Dames. Dort soll es Templerkreuze aus Stein zu sehen geben (Aubarbier, S. 64). Vor der Dorfkirche, rechts neben dem Eingang fanden wir diesen kreuzf\u00f6rmigen Stein. Es gab in dem Ensemble noch einen Stein, der die sog.\u00a0<i>fleur-de-lys,\u00a0<\/i>die Lilienbl\u00fcte, zeigte. Dieses heraldische Symbol steht in einem besonderen Bezug zu Frankreich.<\/p>\n<p><a href=\"http:\/\/menzendorff.de\/wp-content\/uploads\/2016\/02\/Franche-Comte-074.jpg\"><img loading=\"lazy\" class=\"size-large wp-image-831\" src=\"http:\/\/menzendorff.de\/wp-content\/uploads\/2016\/02\/Franche-Comte-074-1024x685.jpg\" alt=\"SONY DSC\" width=\"625\" height=\"418\" srcset=\"http:\/\/menzendorff.de\/wp-content\/uploads\/2016\/02\/Franche-Comte-074.jpg 1024w, http:\/\/menzendorff.de\/wp-content\/uploads\/2016\/02\/Franche-Comte-074-300x201.jpg 300w, http:\/\/menzendorff.de\/wp-content\/uploads\/2016\/02\/Franche-Comte-074-624x417.jpg 624w\" sizes=\"(max-width: 625px) 100vw, 625px\" \/><\/a><\/p>\n<p align=\"center\"><i>Dorfkirche<\/i>,\u00a0<b>25680 Montussaint<\/b><\/p>\n<p>Es k\u00f6nnte sich um einen Grenzstein handeln, oder auch um eine Grabstele. Im Volksmund w\u00fcrde dieser Stein jedenfalls Templerkreuz genannt und es ist angegeben, dass diese Objekte sehr selten in der Gegend gefunden worden seien. Das eingravierte Kreuz mit den Querbalken an den Enden erinnert an das Jerusalemkreuz (Kreuz des Ritterordens des hl. Grabs von Jerusalem.) http:\/\/de.wikipedia.org\/wiki\/Ritterorden_vom_Heiligen_Grab_zu_Jerusalem.<\/p>\n<p><span style=\"color: #1f497d; font-family: Calibri;\">\u00a0<\/span><\/p>\n<p align=\"center\"><span style=\"font-size: x-large;\">7.\u00a0 Le Temple-lez-Dole, Dole &#8211; Falletans<\/span><\/p>\n<p align=\"left\">Schlie\u00dflich fuhren wir nach Dole, der Hauptstadt des Dept. 39 Jura. Dort waren die Templer auch beg\u00fctert, aber es steht dort nichts mehr. \u00d6stlich vor den Toren von Dole befindet sich die Gemeinde Falletans, in deren Gebiet die Templerkomturei sich befindet. Die Kirche soll Steinskulpturen von Ritterk\u00f6pfen zeigen, die wir aber nicht fanden.<\/p>\n<p><a href=\"http:\/\/menzendorff.de\/wp-content\/uploads\/2016\/02\/Franche-Comte-081.jpg\"><img loading=\"lazy\" class=\"size-large wp-image-832\" src=\"http:\/\/menzendorff.de\/wp-content\/uploads\/2016\/02\/Franche-Comte-081-1024x685.jpg\" alt=\"SONY DSC\" width=\"625\" height=\"418\" srcset=\"http:\/\/menzendorff.de\/wp-content\/uploads\/2016\/02\/Franche-Comte-081.jpg 1024w, http:\/\/menzendorff.de\/wp-content\/uploads\/2016\/02\/Franche-Comte-081-300x201.jpg 300w, http:\/\/menzendorff.de\/wp-content\/uploads\/2016\/02\/Franche-Comte-081-624x417.jpg 624w\" sizes=\"(max-width: 625px) 100vw, 625px\" \/><\/a><\/p>\n<p align=\"center\"><i>Eglise<\/i>,\u00a0<b>39700 Falletans<\/b><\/p>\n<p><span style=\"color: #1f497d; font-family: Calibri;\">\u00a0<\/span><\/p>\n<p><span style=\"font-family: Calibri;\">Die Kommanderie von Dole wurde nach 1131 als Erste in der Freigrafschaft gegr\u00fcndet. Einer der ersten Kommandeure war 1134 Bernard de Dramelay, welcher sp\u00e4ter f\u00fcr kurze Zeit Grossmeister des Ordens wurde. Die eigentliche Kommanderie liegt einige wenige Kilometer s\u00fcd\u00f6stlich in einer Ansiedlung mit dem Namen Le Temple rechtsseitig der Doubs, oftmals auch als Kommanderie von Falletans bezeichnet.<\/span><\/p>\n<p><span style=\"color: #1f497d; font-family: Calibri;\">\u00a0<\/span><span style=\"font-family: Calibri;\">Hinter einer alten, ehemals massiven Mauer findet sich das Hauptgeb\u00e4ude der Komturei, dessen Erdgeschoss ein herrliches Tonnengew\u00f6lbe aus dem Mittelalter aufweisen soll. Das Anwesen ist derzeit offenbar verlassen, es wurde zuletzt von einem K\u00fcnstler bewohnt.<\/span><\/p>\n<p><a href=\"http:\/\/menzendorff.de\/wp-content\/uploads\/2016\/02\/Franche-Comte-086.jpg\"><img loading=\"lazy\" class=\"size-large wp-image-833\" src=\"http:\/\/menzendorff.de\/wp-content\/uploads\/2016\/02\/Franche-Comte-086-1024x685.jpg\" alt=\"SONY DSC\" width=\"625\" height=\"418\" srcset=\"http:\/\/menzendorff.de\/wp-content\/uploads\/2016\/02\/Franche-Comte-086.jpg 1024w, http:\/\/menzendorff.de\/wp-content\/uploads\/2016\/02\/Franche-Comte-086-300x201.jpg 300w, http:\/\/menzendorff.de\/wp-content\/uploads\/2016\/02\/Franche-Comte-086-624x417.jpg 624w\" sizes=\"(max-width: 625px) 100vw, 625px\" \/><\/a><\/p>\n<p align=\"center\"><i>Maison des Templiers<\/i>,\u00a0<b>39700 Temple-lez-Dole<\/b><\/p>\n<p><a href=\"http:\/\/menzendorff.de\/wp-content\/uploads\/2016\/02\/Franche-Comte-095.jpg\"><img loading=\"lazy\" class=\"size-large wp-image-834\" src=\"http:\/\/menzendorff.de\/wp-content\/uploads\/2016\/02\/Franche-Comte-095-1024x685.jpg\" alt=\"SONY DSC\" width=\"625\" height=\"418\" srcset=\"http:\/\/menzendorff.de\/wp-content\/uploads\/2016\/02\/Franche-Comte-095.jpg 1024w, http:\/\/menzendorff.de\/wp-content\/uploads\/2016\/02\/Franche-Comte-095-300x201.jpg 300w, http:\/\/menzendorff.de\/wp-content\/uploads\/2016\/02\/Franche-Comte-095-624x417.jpg 624w\" sizes=\"(max-width: 625px) 100vw, 625px\" \/><\/a><\/p>\n<p align=\"center\">Schild am ehemaligen Haupteingang der Komtureianlage<\/p>\n<p align=\"left\">Hier endete unser Ausflug in die Franche-Comt\u00e9, wir verabschiedeten uns von unseren wahlschweizerischen Mitforschern und kehrten getrennter Wege nach Hause zur\u00fcck.<\/p>\n","protected":false},"excerpt":{"rendered":"<p>Templer in der Franche-Comt\u00e9, Teil 2 Mein Mit-Forscher Thorsten Stute arbeitet &#8211; wie gesagt &#8211; am Buch \u00fcber die Templer in der Schweiz. Er fand heraus, dass es unabdingbar ist, sich besonders um die Templereien in der Franche-Comt\u00e9 zu k\u00fcmmern, ohne die das Problem der Templer mit der Schweiz nicht darstellbar sein w\u00fcrde. Ich will [&hellip;]<\/p>\n","protected":false},"author":1,"featured_media":0,"comment_status":"open","ping_status":"open","sticky":false,"template":"","format":"standard","meta":[],"categories":[20],"tags":[],"_links":{"self":[{"href":"http:\/\/menzendorff.de\/index.php?rest_route=\/wp\/v2\/posts\/58"}],"collection":[{"href":"http:\/\/menzendorff.de\/index.php?rest_route=\/wp\/v2\/posts"}],"about":[{"href":"http:\/\/menzendorff.de\/index.php?rest_route=\/wp\/v2\/types\/post"}],"author":[{"embeddable":true,"href":"http:\/\/menzendorff.de\/index.php?rest_route=\/wp\/v2\/users\/1"}],"replies":[{"embeddable":true,"href":"http:\/\/menzendorff.de\/index.php?rest_route=%2Fwp%2Fv2%2Fcomments&post=58"}],"version-history":[{"count":8,"href":"http:\/\/menzendorff.de\/index.php?rest_route=\/wp\/v2\/posts\/58\/revisions"}],"predecessor-version":[{"id":2838,"href":"http:\/\/menzendorff.de\/index.php?rest_route=\/wp\/v2\/posts\/58\/revisions\/2838"}],"wp:attachment":[{"href":"http:\/\/menzendorff.de\/index.php?rest_route=%2Fwp%2Fv2%2Fmedia&parent=58"}],"wp:term":[{"taxonomy":"category","embeddable":true,"href":"http:\/\/menzendorff.de\/index.php?rest_route=%2Fwp%2Fv2%2Fcategories&post=58"},{"taxonomy":"post_tag","embeddable":true,"href":"http:\/\/menzendorff.de\/index.php?rest_route=%2Fwp%2Fv2%2Ftags&post=58"}],"curies":[{"name":"wp","href":"https:\/\/api.w.org\/{rel}","templated":true}]}}