{"id":60,"date":"2013-09-02T11:01:40","date_gmt":"2013-09-02T09:01:40","guid":{"rendered":"http:\/\/menzendorff.de\/?p=60"},"modified":"2019-04-21T14:32:58","modified_gmt":"2019-04-21T12:32:58","slug":"2011-charente-medoc","status":"publish","type":"post","link":"http:\/\/menzendorff.de\/?p=60","title":{"rendered":"2011 Charente, Medoc"},"content":{"rendered":"<p align=\"center\"><span style=\"font-size: xx-large;\">Templer in der Charente und Aquitanien, Teil 3<\/span><\/p>\n<p align=\"left\">Ein weiterer Gesch\u00e4ftstermin brachte mich mehr oder weniger zuf\u00e4llig &#8211; per TGV, 1. Klasse, ein rasantes und angenehmes Verg\u00fcgen &#8211; in ein mir schon recht gut bekanntes Templergebiet an der franz\u00f6sischen Atlantikk\u00fcste. Es ist die Gegend zwischen La Rochelle und Bordeaux, die betreffenden R\u00e9gions von Frankreich heissen heute Charente-Poitou und Aquitaine. Die Departements, 17 Charente-Maritime und 33 Gironde, die ich besuchte grenzen aneinander. Nach dem Eintreffen, mein Zug hielt in Surg\u00e8res, ging es \u00fcber die letztens noch offengebliebene\u00a0<a href=\"http:\/\/menzendorff.de\/PoitouCharentes2.htm\">Templerdomaine in Le Mung<\/a>\u00a0zu meinem Quartier in der N\u00e4he der Stadt Saintes. Auch hier blieb genug Zeit, noch immer vorhandene &#8222;Templerl\u00fccken&#8220; in dieser Ecke Frankreichs zu f\u00fcllen. Surg\u00e9res und Saintes befinden sich im Departement Charente-Maritime.<\/p>\n<p align=\"center\"><span style=\"font-size: x-large;\">Le Mung<\/span><\/p>\n<p align=\"left\">Es ist meinem dort ortsans\u00e4ssigen &#8222;Forschungskumpanen&#8220; Rein Denich in der Zwischenzeit durch Zuhilfename von alten Karten und hochaufgel\u00f6sten Wanderkarten gelungen, Licht in das Dunkel dieser Angelegenheit zu bringen. Die Commanderie befindet sich n\u00e4mlich nicht auf dem Gebiet der heutigen politischen Gemeinde Le Mung, sondern vielmehr dem der Gemeinde Geay, und zwar an einer Furt der Charente, die fr\u00fcher eine Rolle gespielt haben wird. Heute sieht man noch die betreffenden Strassen von beiden Seiten auf die Ufer der Charente zulaufen, aber die Furt ist jetzt gesperrt. Vermutlich ist sie f\u00fcr den Bootsverkehr ausgegraben worden.<\/p>\n<p align=\"left\">Es gibt an der Stelle zwei Geb\u00e4ude mit Resten aus der Templerzeit. Ein als &#8222;La Commanderie&#8220; bezeichnetes Grundst\u00fcck ist von diesem Haus bestanden. Es ist nat\u00fcrlich lange nicht mehr im Originalzustand, aber man kann Reste aus der Templerzeit noch recht gut erkennen. Das Haus wird zur Zeit von einem englischen Ehepaar bewohnt, nachdem sie es sich zuvor sehr liebe- und geschmackvoll hergerichtetet hatten. Wir wurden sehr gastlich aufgenommen, es ist keine Selbstverst\u00e4ndlichkeit, in dieser Ecke der Welt ein gutgek\u00fchltes englisches Ale geniessen zu k\u00f6nnen. Die Eigent\u00fcmer berichteten uns, dass das Haus vorher jahrzehntelang leer gestanden habe und v\u00f6llig \u00fcberwuchert war. Nicht wissend, dass es ein Templerhaus gewesen sei, berichtete mir die Eigent\u00fcmerin, habe sie beim ersten Betreten des Hauses gesp\u00fcrt, dass es das &#8222;Richtige&#8220; f\u00fcr sie gewesen sei. Die beiden sind da schon eine Reihe von Jahren drin, es gibt einen alten Brotbackofen, der noch intakt ist. Es steht jetzt zum Verkauf, da es sich als f\u00fcr die Bed\u00fcrfnisse leider zu klein erwiesen hat.<\/p>\n<p align=\"center\"><img loading=\"lazy\" src=\"http:\/\/menzendorff.de\/images\/Mung1.jpg\" alt=\"\" width=\"594\" height=\"397\" border=\"0\" \/><\/p>\n<p align=\"left\">Dieses Haus ist noch einige 50 oder 100 Meter von der Charente entfernt. Eine schnurgerade Strasse f\u00fchrt dorthin, wo sich ein Geh\u00f6ft mit Stallungen und Wohngeb\u00e4uden befindet und dort, direkt am Ufer der Charente fanden wir auch unsere langgesuchte Kapellenruine von Le Mung. Die Geb\u00e4ude dieses Geh\u00f6fts k\u00f6nnten auch von der Basis her noch aus der Templerzeit stammen.<\/p>\n<p align=\"center\"><img loading=\"lazy\" src=\"http:\/\/menzendorff.de\/images\/Mung2.jpg\" alt=\"\" width=\"594\" height=\"397\" border=\"0\" \/><\/p>\n<p align=\"left\">Am n\u00e4chsten Morgen fuhren wir nach Royan, um mit der F\u00e4hre die Gironde zu \u00fcberqueren. Die Gironde kann man wohl kaum noch als Fluss bezeichnen, eher als Fjord oder Meerbusen. Sie bildet hier die Grenze zischen dem Departement Charente-Maritime und dem Departement Gironde einerseits, sowie auch zwischen den R\u00e9gions Poitou-Charentes und Aquitaine andererseits. Bei Royan m\u00fcndet sie ins offene Meer und man konnte auch bei perfekten Fahrwetter eine starke Str\u00f6mung des Gew\u00e4ssers feststellen. Im Mittalter barg das \u00dcberqueren an dieser Stelle sicher ganz erhebliche Risiken f\u00fcr Leib und Leben der Pilger, wurde aber praktiziert. Auf dem Weg zu unserem Termin blieb noch genug Zeit f\u00fcr einen ersten Ausflug zu den Templern auf dem M\u00e9doc.<\/p>\n<p align=\"center\"><span style=\"font-size: x-large;\">Saint Vivien-de-Medoc<\/span><\/p>\n<p align=\"left\">Was es genau hier einmal gab, von den Templern, war bislang noch nicht exakt in Erfahrung zu bringen. Die Website\u00a0<a href=\"http:\/\/www.templiers.net\/\">www.templiers.net<\/a>\u00a0listet den Ort und ordnet ihn einem angeblichen Maison du Temple de Grayan zu. Die Wanderkarte zeigt am s\u00fcdlichen Ortsausgang\u00a0 \u00f6stlich der Landstrasse D1 einen Ort &#8222;le Temple&#8220; und weiter \u00f6stlich davon befindet sich ein Eintrag les Pr\u00e8s du Temple&#8220;. Etwas weiter s\u00fcdlich und von der Landstrasse nun westlich befindet sich eine Gemarkung &#8222;la Commanderie&#8220; im Wald. Vor Ort fanden wir jedenfalls schon mal ein Strassenschild:<\/p>\n<p align=\"center\"><img loading=\"lazy\" src=\"http:\/\/menzendorff.de\/images\/Vivien.jpg\" alt=\"\" width=\"594\" height=\"397\" border=\"0\" \/><\/p>\n<p align=\"center\"><span style=\"font-size: x-large;\">St. Germain d&#8217;Esteuil<\/span><\/p>\n<p align=\"center\"><img loading=\"lazy\" src=\"http:\/\/menzendorff.de\/images\/Hopital1.jpg\" alt=\"\" width=\"594\" height=\"397\" border=\"0\" \/><\/p>\n<p align=\"center\"><span style=\"font-size: x-large;\">Vertheuil, Le Mignot<\/span><\/p>\n<p align=\"center\"><img loading=\"lazy\" src=\"http:\/\/menzendorff.de\/images\/Hopital2a.jpg\" alt=\"\" width=\"594\" height=\"397\" border=\"0\" \/><\/p>\n<p align=\"center\"><img loading=\"lazy\" src=\"http:\/\/menzendorff.de\/images\/Hopital2b.jpg\" alt=\"\" width=\"594\" height=\"397\" border=\"0\" \/><\/p>\n<p align=\"center\"><span style=\"font-size: x-large;\">Saint-Sauveur<\/span><\/p>\n<p align=\"center\"><img loading=\"lazy\" src=\"http:\/\/menzendorff.de\/images\/Sauv1.jpg\" alt=\"\" width=\"594\" height=\"397\" border=\"0\" \/><\/p>\n<p align=\"center\"><img loading=\"lazy\" src=\"http:\/\/menzendorff.de\/images\/Sauv2.jpg\" alt=\"\" width=\"594\" height=\"397\" border=\"0\" \/><\/p>\n<p align=\"center\"><span style=\"font-size: x-large;\">La Commanderie, St. Estephe<\/span><\/p>\n<p align=\"center\"><img loading=\"lazy\" src=\"http:\/\/menzendorff.de\/images\/La%20Commanderie.jpg\" alt=\"\" width=\"594\" height=\"397\" border=\"0\" \/><\/p>\n<p align=\"center\"><span style=\"font-size: x-large;\">St. Helene d&#8217;Etang<\/span><\/p>\n<p align=\"center\"><img loading=\"lazy\" src=\"http:\/\/menzendorff.de\/images\/Charente%20100.jpg\" alt=\"\" width=\"594\" height=\"397\" border=\"0\" \/><\/p>\n<p align=\"center\"><span style=\"font-size: x-large;\">Benon<\/span><\/p>\n<p align=\"center\"><img loading=\"lazy\" src=\"http:\/\/menzendorff.de\/images\/Benon1.jpg\" alt=\"\" width=\"594\" height=\"397\" border=\"0\" \/><\/p>\n<p align=\"center\"><img loading=\"lazy\" src=\"http:\/\/menzendorff.de\/images\/Benon2.jpg\" alt=\"\" width=\"594\" height=\"397\" border=\"0\" \/><\/p>\n<p align=\"center\"><img loading=\"lazy\" src=\"http:\/\/menzendorff.de\/images\/Benon3.jpg\" alt=\"\" width=\"594\" height=\"397\" border=\"0\" \/><\/p>\n<p align=\"center\"><img loading=\"lazy\" src=\"http:\/\/menzendorff.de\/images\/Benon4.jpg\" alt=\"\" width=\"594\" height=\"397\" border=\"0\" \/><\/p>\n<p align=\"center\"><span style=\"font-size: x-large;\">Le Temple de Sautuges<\/span><\/p>\n<p align=\"center\"><img loading=\"lazy\" src=\"http:\/\/menzendorff.de\/images\/Sautuges1.jpg\" alt=\"\" width=\"594\" height=\"397\" border=\"0\" \/><\/p>\n<p align=\"center\"><img loading=\"lazy\" src=\"http:\/\/menzendorff.de\/images\/Sautuges2.jpg\" alt=\"\" width=\"594\" height=\"397\" border=\"0\" \/><\/p>\n<p align=\"center\"><span style=\"font-size: x-large;\">Martignas-sur-Jalle<\/span><\/p>\n<p align=\"center\"><img loading=\"lazy\" src=\"http:\/\/menzendorff.de\/images\/Marti1.jpg\" alt=\"\" width=\"594\" height=\"397\" border=\"0\" \/><\/p>\n<p align=\"center\"><img loading=\"lazy\" src=\"http:\/\/menzendorff.de\/images\/Marti2.jpg\" alt=\"\" width=\"594\" height=\"397\" border=\"0\" \/><\/p>\n<p align=\"center\"><img loading=\"lazy\" src=\"http:\/\/menzendorff.de\/images\/Marti3.jpg\" alt=\"\" width=\"594\" height=\"397\" border=\"0\" \/><\/p>\n","protected":false},"excerpt":{"rendered":"<p>Templer in der Charente und Aquitanien, Teil 3 Ein weiterer Gesch\u00e4ftstermin brachte mich mehr oder weniger zuf\u00e4llig &#8211; per TGV, 1. Klasse, ein rasantes und angenehmes Verg\u00fcgen &#8211; in ein mir schon recht gut bekanntes Templergebiet an der franz\u00f6sischen Atlantikk\u00fcste. Es ist die Gegend zwischen La Rochelle und Bordeaux, die betreffenden R\u00e9gions von Frankreich heissen [&hellip;]<\/p>\n","protected":false},"author":1,"featured_media":0,"comment_status":"open","ping_status":"open","sticky":false,"template":"","format":"standard","meta":[],"categories":[17],"tags":[],"_links":{"self":[{"href":"http:\/\/menzendorff.de\/index.php?rest_route=\/wp\/v2\/posts\/60"}],"collection":[{"href":"http:\/\/menzendorff.de\/index.php?rest_route=\/wp\/v2\/posts"}],"about":[{"href":"http:\/\/menzendorff.de\/index.php?rest_route=\/wp\/v2\/types\/post"}],"author":[{"embeddable":true,"href":"http:\/\/menzendorff.de\/index.php?rest_route=\/wp\/v2\/users\/1"}],"replies":[{"embeddable":true,"href":"http:\/\/menzendorff.de\/index.php?rest_route=%2Fwp%2Fv2%2Fcomments&post=60"}],"version-history":[{"count":2,"href":"http:\/\/menzendorff.de\/index.php?rest_route=\/wp\/v2\/posts\/60\/revisions"}],"predecessor-version":[{"id":2826,"href":"http:\/\/menzendorff.de\/index.php?rest_route=\/wp\/v2\/posts\/60\/revisions\/2826"}],"wp:attachment":[{"href":"http:\/\/menzendorff.de\/index.php?rest_route=%2Fwp%2Fv2%2Fmedia&parent=60"}],"wp:term":[{"taxonomy":"category","embeddable":true,"href":"http:\/\/menzendorff.de\/index.php?rest_route=%2Fwp%2Fv2%2Fcategories&post=60"},{"taxonomy":"post_tag","embeddable":true,"href":"http:\/\/menzendorff.de\/index.php?rest_route=%2Fwp%2Fv2%2Ftags&post=60"}],"curies":[{"name":"wp","href":"https:\/\/api.w.org\/{rel}","templated":true}]}}