{"id":664,"date":"2015-11-07T20:31:35","date_gmt":"2015-11-07T18:31:35","guid":{"rendered":"http:\/\/menzendorff.de\/?p=664"},"modified":"2022-01-22T17:44:54","modified_gmt":"2022-01-22T15:44:54","slug":"2015-oktober-provincia-de-girona","status":"publish","type":"post","link":"http:\/\/menzendorff.de\/?p=664","title":{"rendered":"2015, Oktober, Catalunya &#8211; Teil 1"},"content":{"rendered":"<p><span style=\"font-size: xx-large;\">Katalonien &#8211; Teil 1, Giron\u00e8s<\/span><\/p>\n<p>In den Herbstferien stand eine Kurzurlaubsreise in das Giron\u00e8s an. Ich habe noch keine B\u00fccher \u00fcber die Templer in Spanien beschafft. Denn ich bin mit Frankreich, England und Deutschland noch lange nicht fertig. Aber man kann ruhig immer auch mal einen Blick \u00fcber den Topfrand hinaus werfen und im heutigen Katalonien waren die Templer sehr massiv verbreitet.<\/p>\n<p>Hier eine Karte aus dem Netz \u00fcber die Verbreitung der Templer im fr\u00fcheren K\u00f6nigreich Aragon:<\/p>\n<p style=\"text-align: center;\"><a href=\"http:\/\/menzendorff.de\/wp-content\/uploads\/2015\/11\/mapa-temple-corona-aragon.jpg\"><img loading=\"lazy\" class=\"aligncenter size-full wp-image-668\" src=\"http:\/\/menzendorff.de\/wp-content\/uploads\/2015\/11\/mapa-temple-corona-aragon.jpg\" alt=\"mapa temple corona aragon\" width=\"600\" height=\"781\" srcset=\"http:\/\/menzendorff.de\/wp-content\/uploads\/2015\/11\/mapa-temple-corona-aragon.jpg 600w, http:\/\/menzendorff.de\/wp-content\/uploads\/2015\/11\/mapa-temple-corona-aragon-230x300.jpg 230w\" sizes=\"(max-width: 600px) 100vw, 600px\" \/><\/a>copyright: <a href=\"http:\/\/tortosatemplaria.blogspot.de\/2015\/05\/principales-encomiendas-y-casas-de-la.html\">Tortosa Templaria Blogspot<\/a><\/p>\n<p>Das ist ne ganze Menge, bei weitem zuviel f\u00fcr unseren Kurztrip. Aber es ist nat\u00fcrlich auch eine Herausforderung. F\u00fcr das n\u00e4chste Jahr. Wir haben uns spontan f\u00fcr Mai 2016 eine Ferienwohnung in Katalonien gebucht und bis dahin habe ich auch genug Zeit, die entsprechenden B\u00fccher zu beschaffen. Doch jetzt erstmal auf den Nahbereich um Girona selbst konzentrieren. Wir wohnten in der kleinen, aber feinen Hafenstadt <a href=\"https:\/\/de.wikipedia.org\/wiki\/Sant_Feliu_de_Gu%C3%ADxols\">Sant Feliu de Guixols<\/a>, ca. 25 km s\u00fcd\u00f6stlich von Girona, die auch dann noch liebenswert ist, wenn alle Touristen l\u00e4ngst fort sind. Entz\u00fcckende kleine Gassen, teilweise irritierend steile Str\u00e4sschen in h\u00f6her gelegene Ortsteile, ein beschaulicher Jachthafen, Gesch\u00e4fte, vielf\u00e4ltige Gastronomie, eine Markthalle, und entlang der sehr reizvollen Strandpromenade prachtvolle Villen aus der <em>belle epoque<\/em><\/p>\n<p style=\"text-align: center;\"><a href=\"http:\/\/menzendorff.de\/wp-content\/uploads\/2015\/11\/Girona-Oktober-2015-112.jpg\"><img loading=\"lazy\" class=\"aligncenter size-large wp-image-673\" src=\"http:\/\/menzendorff.de\/wp-content\/uploads\/2015\/11\/Girona-Oktober-2015-112-1024x683.jpg\" alt=\"Girona Oktober 2015 112\" width=\"625\" height=\"417\" srcset=\"http:\/\/menzendorff.de\/wp-content\/uploads\/2015\/11\/Girona-Oktober-2015-112.jpg 1024w, http:\/\/menzendorff.de\/wp-content\/uploads\/2015\/11\/Girona-Oktober-2015-112-300x200.jpg 300w, http:\/\/menzendorff.de\/wp-content\/uploads\/2015\/11\/Girona-Oktober-2015-112-624x416.jpg 624w\" sizes=\"(max-width: 625px) 100vw, 625px\" \/><\/a>Casino dels Nois, Sant Feliu de Guixols<\/p>\n<p>herrliche \u00dcberreste eines Benediktinerklosters mit seiner Porta Ferrada und Wehrt\u00fcrmen:<\/p>\n<p style=\"text-align: center;\"><a href=\"http:\/\/menzendorff.de\/wp-content\/uploads\/2015\/11\/Girona-Oktober-2015-107.jpg\"><img loading=\"lazy\" class=\"aligncenter size-large wp-image-672\" src=\"http:\/\/menzendorff.de\/wp-content\/uploads\/2015\/11\/Girona-Oktober-2015-107-1024x683.jpg\" alt=\"Girona Oktober 2015 107\" width=\"625\" height=\"417\" srcset=\"http:\/\/menzendorff.de\/wp-content\/uploads\/2015\/11\/Girona-Oktober-2015-107.jpg 1024w, http:\/\/menzendorff.de\/wp-content\/uploads\/2015\/11\/Girona-Oktober-2015-107-300x200.jpg 300w, http:\/\/menzendorff.de\/wp-content\/uploads\/2015\/11\/Girona-Oktober-2015-107-624x416.jpg 624w\" sizes=\"(max-width: 625px) 100vw, 625px\" \/><\/a><em>Monestir de Sant Feliu<\/em>, beherbergt heute das historische Museum<\/p>\n<p>und schliesslich mein Geheimtipp f\u00fcr preiswerte und leckere Tapas, die <a href=\"https:\/\/www.facebook.com\/pages\/Restaurant-Bar-Extreme%C3%B1o\/391208067635466\">Bar Extreme\u00f1o. <\/a><\/p>\n<p>Schauen wir uns den realistischen Nahbereich f\u00fcr unseren Vier-Tage-Trip einmal an:<\/p>\n<p><a href=\"http:\/\/menzendorff.de\/wp-content\/uploads\/2015\/11\/Girones.jpg\"><img loading=\"lazy\" class=\"aligncenter size-full wp-image-676\" src=\"http:\/\/menzendorff.de\/wp-content\/uploads\/2015\/11\/Girones.jpg\" alt=\"Girones\" width=\"465\" height=\"428\" srcset=\"http:\/\/menzendorff.de\/wp-content\/uploads\/2015\/11\/Girones.jpg 465w, http:\/\/menzendorff.de\/wp-content\/uploads\/2015\/11\/Girones-300x276.jpg 300w\" sizes=\"(max-width: 465px) 100vw, 465px\" \/><\/a><\/p>\n<p>Sie lesen richtig. Perpiny\u00e0 oder heute besser bekannt unter <a href=\"http:\/\/menzendorff.de\/?p=46\">Perpignan<\/a>, war damals noch ein Teil von Spanien, ebenso wie das <a href=\"http:\/\/menzendorff.de\/?p=46\">Mas D\u00e9u<\/a>, das Sie mit mir schon im Jahre 2010 besichtigt haben und das gesamte heutige franz\u00f6sische Departement 66 Pyr\u00e9n\u00e9es-Orientales, Region Languedoc-Roussillon. Perpiny\u00e0 geh\u00f6rte zum K\u00f6nigreich Mallorca und Girona zu zum K\u00f6nigreich Aragon. \u00dcber Templer in Girona habe ich im Netz bisher noch nicht allzuviel &#8211; oder besser eher nichts &#8211; gefunden, aber der Ort Aiguaviva wird vielversprechend als Templerst\u00e4tte beschrieben, etwa in <a href=\"https:\/\/ca.wikipedia.org\/wiki\/Casa_dels_Templers\">Wikipedia<\/a>.<\/p>\n<p><span style=\"font-size: xx-large;\">1. Casa dels Templers, Aiguaviva<br \/>\n<\/span><\/p>\n<p>Es gibt dort ein<em><strong> Casa dels Templers, <\/strong><\/em>das auf der Webseite <a href=\"http:\/\/www.catalunyamedieval.es\/casa-dels-templers-aiguaviva-girones\/\">Catalunya Medieval\u00a0<\/a> oder auf der Seite <a href=\"http:\/\/www.monestirs.cat\/monst\/girones\/gi01magd.htm\">Monestirs de Catalunya<\/a> wunderbar mit vielen sch\u00f6nen Bildern beschrieben wird. Eine Wegbeschreibung findet man auf der Webseite des <a href=\"http:\/\/aiguaviva.cat\/index.php?pagina=195&amp;lloc=3&amp;idioma=1\">Ajuntament de Aiguaviva<\/a>. Es stellte sich heraus, dass die \u00d6rtlichkeit tats\u00e4chlich sehr leicht zu finden ist, man kann sie sogar von der Autobahn AP-7 sehen. Das Anwesen befindet sich unmittelbar an der Landstrasse GI 533, direkt am ersten Kreisel zwischen Vilablareix und Aiguaviva. Parkpl\u00e4tze gibt es keine. Die Geb\u00e4ude befinden sich offensichtlich in Privatbesitz. Obwohl es in den Listen der denkmalgesch\u00fctzen Objekte der Generalitat de Catalunya aufgenommen ist, gibt es vor Ort keinen Hinweis darauf, ob Besucher willkommen oder verboten sind. Das Anwesen ist hoch umz\u00e4unt und wird umfassend landwirtschaftlich genutzt. Es gibt keine asphaltierten Strassen oder Wege dahin. Man f\u00fchlt sich als unwillkommener Eindringling, wenn man versucht, sich \u00fcber\u00a0 ordentlich bestellte Felder ringsherum dem Anwesen auf holperigen Traktorwegen zu n\u00e4hern. Liegt das an dem w\u00fctend bellenden Hund? Egal, es gab auch keine Verbotsschilder, also ran an die Sache.<\/p>\n<p>Von vorne zu n\u00e4hern, machte den Hund noch w\u00fctender. Der Haupteingang aus Distanz.<\/p>\n<p style=\"text-align: center;\"><a href=\"http:\/\/menzendorff.de\/wp-content\/uploads\/2015\/11\/Girona-Oktober-2015-022.jpg\"><img loading=\"lazy\" class=\"aligncenter size-large wp-image-681\" src=\"http:\/\/menzendorff.de\/wp-content\/uploads\/2015\/11\/Girona-Oktober-2015-022-1024x683.jpg\" alt=\"Girona Oktober 2015 022\" width=\"625\" height=\"417\" srcset=\"http:\/\/menzendorff.de\/wp-content\/uploads\/2015\/11\/Girona-Oktober-2015-022.jpg 1024w, http:\/\/menzendorff.de\/wp-content\/uploads\/2015\/11\/Girona-Oktober-2015-022-300x200.jpg 300w, http:\/\/menzendorff.de\/wp-content\/uploads\/2015\/11\/Girona-Oktober-2015-022-624x416.jpg 624w\" sizes=\"(max-width: 625px) 100vw, 625px\" \/><\/a><strong><em>casa dels Templers,\u00a0 <\/em><\/strong>Aiguaviva, Provincia de Girona, Catalunya<\/p>\n<p>Wir umrundeten das ersichtlich aus dem 17. Jh. stammende Haus und erreichten, indem wir ein kleines Gewerbegebiet durchquerten, den Feldweg zur R\u00fcckseite des Anwesens.<\/p>\n<p><a href=\"http:\/\/menzendorff.de\/wp-content\/uploads\/2015\/11\/Girona-Oktober-2015-043.jpg\"><img loading=\"lazy\" class=\"aligncenter size-large wp-image-688\" src=\"http:\/\/menzendorff.de\/wp-content\/uploads\/2015\/11\/Girona-Oktober-2015-043-1024x683.jpg\" alt=\"Girona Oktober 2015 043\" width=\"625\" height=\"417\" srcset=\"http:\/\/menzendorff.de\/wp-content\/uploads\/2015\/11\/Girona-Oktober-2015-043.jpg 1024w, http:\/\/menzendorff.de\/wp-content\/uploads\/2015\/11\/Girona-Oktober-2015-043-300x200.jpg 300w, http:\/\/menzendorff.de\/wp-content\/uploads\/2015\/11\/Girona-Oktober-2015-043-624x416.jpg 624w\" sizes=\"(max-width: 625px) 100vw, 625px\" \/><\/a><\/p>\n<p>Hier liessen wir das Auto stehen und umrundeten das Gel\u00e4nde zu Fuss. Das st\u00f6rte den Hund offenbar nicht.<\/p>\n<p><a href=\"http:\/\/menzendorff.de\/wp-content\/uploads\/2015\/11\/Girona-Oktober-2015-035.jpg\"><img loading=\"lazy\" class=\"aligncenter size-large wp-image-687\" src=\"http:\/\/menzendorff.de\/wp-content\/uploads\/2015\/11\/Girona-Oktober-2015-035-1024x683.jpg\" alt=\"Girona Oktober 2015 035\" width=\"625\" height=\"417\" srcset=\"http:\/\/menzendorff.de\/wp-content\/uploads\/2015\/11\/Girona-Oktober-2015-035.jpg 1024w, http:\/\/menzendorff.de\/wp-content\/uploads\/2015\/11\/Girona-Oktober-2015-035-300x200.jpg 300w, http:\/\/menzendorff.de\/wp-content\/uploads\/2015\/11\/Girona-Oktober-2015-035-624x416.jpg 624w\" sizes=\"(max-width: 625px) 100vw, 625px\" \/><\/a>Neben diesem Schuppen mit Schie\u00dfscharten tauchte die Kapelle Santa Magdalena auf.<\/p>\n<p><a href=\"http:\/\/menzendorff.de\/wp-content\/uploads\/2015\/11\/Girona-Oktober-2015-023.jpg\"><img loading=\"lazy\" class=\"aligncenter size-large wp-image-686\" src=\"http:\/\/menzendorff.de\/wp-content\/uploads\/2015\/11\/Girona-Oktober-2015-023-1024x683.jpg\" alt=\"Girona Oktober 2015 023\" width=\"625\" height=\"417\" srcset=\"http:\/\/menzendorff.de\/wp-content\/uploads\/2015\/11\/Girona-Oktober-2015-023.jpg 1024w, http:\/\/menzendorff.de\/wp-content\/uploads\/2015\/11\/Girona-Oktober-2015-023-300x200.jpg 300w, http:\/\/menzendorff.de\/wp-content\/uploads\/2015\/11\/Girona-Oktober-2015-023-624x416.jpg 624w\" sizes=\"(max-width: 625px) 100vw, 625px\" \/><\/a>Etwas n\u00e4her ran:<\/p>\n<p style=\"text-align: center;\"><a href=\"http:\/\/menzendorff.de\/wp-content\/uploads\/2015\/11\/Girona-Oktober-2015-026.jpg\"><img loading=\"lazy\" class=\"aligncenter size-large wp-image-682\" src=\"http:\/\/menzendorff.de\/wp-content\/uploads\/2015\/11\/Girona-Oktober-2015-026-1024x683.jpg\" alt=\"Girona Oktober 2015 026\" width=\"625\" height=\"417\" srcset=\"http:\/\/menzendorff.de\/wp-content\/uploads\/2015\/11\/Girona-Oktober-2015-026.jpg 1024w, http:\/\/menzendorff.de\/wp-content\/uploads\/2015\/11\/Girona-Oktober-2015-026-300x200.jpg 300w, http:\/\/menzendorff.de\/wp-content\/uploads\/2015\/11\/Girona-Oktober-2015-026-624x416.jpg 624w\" sizes=\"(max-width: 625px) 100vw, 625px\" \/><\/a>Santa Magdalena de <strong>Aiguaviva<\/strong><\/p>\n<p>Der Bau ist auch aus dem 17. Jh., aber die Johanniter haben darauf geachtet, dass das Templerkreuz auf dem Glockent\u00fcrmchen erhalten blieb.<\/p>\n<p>Weil wir nicht nah genug an den Haupteingang herangelangen konnten, kann ich leider die Steinmetzarbeiten nicht mit eigenen Fotos zeigen. Das Haupttor als ganzes zeige ich Ihnen hier aufgrund ausdr\u00fccklicher schriftlicher Genehmigung von Ricard Ballo, Catalunya Medieval und mit dem Hinweis, das Copyright unbedingt zu beachten:<\/p>\n<p style=\"text-align: center;\"><a href=\"http:\/\/menzendorff.de\/wp-content\/uploads\/2015\/11\/Casa-dels-Templers-090919_725.jpg\"><img loading=\"lazy\" class=\"aligncenter size-large wp-image-766\" src=\"http:\/\/menzendorff.de\/wp-content\/uploads\/2015\/11\/Casa-dels-Templers-090919_725-1024x768.jpg\" alt=\"Casa dels Templers 090919_725\" width=\"625\" height=\"469\" srcset=\"http:\/\/menzendorff.de\/wp-content\/uploads\/2015\/11\/Casa-dels-Templers-090919_725.jpg 1024w, http:\/\/menzendorff.de\/wp-content\/uploads\/2015\/11\/Casa-dels-Templers-090919_725-300x225.jpg 300w, http:\/\/menzendorff.de\/wp-content\/uploads\/2015\/11\/Casa-dels-Templers-090919_725-624x468.jpg 624w\" sizes=\"(max-width: 625px) 100vw, 625px\" \/><\/a>copyright: <a href=\"http:\/\/www.catalunyamedieval.es\/casa-dels-templers-aiguaviva-girones\/\">Ricardo Ballo, Catalunya Medieval<\/a><\/p>\n<p style=\"text-align: left;\">Diese Seite wird den Freunden der Geschichte Katalonies allerw\u00e4rmstens empfohlen. Sie enth\u00e4lt Fotos von tausenden mittelalterlicher Bauwerke, geordnet nach den Provinzen Kataloniens und dem Bauwerkstyp. Diese Seite regt zum st\u00f6bern an und l\u00e4dt zu Zielen ein, die man im Urlaub mal ansteuern k\u00f6nnte, wenn einem der Strand langweilig geworden ist.<\/p>\n<p style=\"text-align: left;\">Detail des T\u00fcrsturzes:<\/p>\n<p style=\"text-align: center;\"><a href=\"http:\/\/menzendorff.de\/wp-content\/uploads\/2015\/11\/Aiguaviva-03.jpg\"><img loading=\"lazy\" class=\"aligncenter size-full wp-image-690\" src=\"http:\/\/menzendorff.de\/wp-content\/uploads\/2015\/11\/Aiguaviva-03.jpg\" alt=\"Aiguaviva-03\" width=\"300\" height=\"200\" \/><\/a>copyright: <a href=\"http:\/\/www.monestirs.cat\/monst\/girones\/gi01magd.htm\">Monestirs de Catalunya<\/a><\/p>\n<p>Die Templerkreuze stammen gewiss aus dem Bau im Urzustand. \u00dcber dieses Templerhaus ist bekannt, dass der letzte Bewohner &#8211; kein Ritter, sondern ein Handwerker &#8211; aus dem naheliegenden Ort Aiguaviva selbst stammte und Ramon de Vilert hiess (<a href=\"http:\/\/www.mediterranees.net\/moyen_age\/templiers\/derniers.html\">mediterran\u00e9es.net<\/a>).<\/p>\n<p style=\"text-align: center;\"><a href=\"http:\/\/menzendorff.de\/wp-content\/uploads\/2015\/11\/Girona-Oktober-2015-052.jpg\"><img loading=\"lazy\" class=\"aligncenter size-full wp-image-684\" src=\"http:\/\/menzendorff.de\/wp-content\/uploads\/2015\/11\/Girona-Oktober-2015-052.jpg\" alt=\"Girona Oktober 2015 052\" width=\"479\" height=\"341\" srcset=\"http:\/\/menzendorff.de\/wp-content\/uploads\/2015\/11\/Girona-Oktober-2015-052.jpg 479w, http:\/\/menzendorff.de\/wp-content\/uploads\/2015\/11\/Girona-Oktober-2015-052-300x214.jpg 300w\" sizes=\"(max-width: 479px) 100vw, 479px\" \/><\/a>Zu Ehren der Templer hat die Gemeinde eine Strasse nach dem Orden benannt und &#8230;<\/p>\n<p style=\"text-align: center;\"><a href=\"http:\/\/menzendorff.de\/wp-content\/uploads\/2015\/11\/Girona-Oktober-2015-064.jpg\"><img loading=\"lazy\" class=\"aligncenter size-large wp-image-696\" src=\"http:\/\/menzendorff.de\/wp-content\/uploads\/2015\/11\/Girona-Oktober-2015-064-1024x691.jpg\" alt=\"Girona Oktober 2015 064\" width=\"625\" height=\"422\" srcset=\"http:\/\/menzendorff.de\/wp-content\/uploads\/2015\/11\/Girona-Oktober-2015-064.jpg 1024w, http:\/\/menzendorff.de\/wp-content\/uploads\/2015\/11\/Girona-Oktober-2015-064-300x202.jpg 300w, http:\/\/menzendorff.de\/wp-content\/uploads\/2015\/11\/Girona-Oktober-2015-064-624x421.jpg 624w\" sizes=\"(max-width: 625px) 100vw, 625px\" \/><\/a>das Ortswappen mit einem Lamm Gottes mit Templerkreuz geschm\u00fcckt.<\/p>\n<p><span style=\"font-size: xx-large;\">2. Spurensuche Templer in Girona<br \/>\n<\/span><\/p>\n<p>Gibt man verschieden kombinierte Suchbegriffe, etwa templers girona oder giron\u00e8s ein, findet man keine direkten Treffer. Zumeist landet man auf einen Link nach Aiguaviva. Ich hatte bislang nur den Hinweis auf der eingangs gezeigten Karte und die blasse Erinnerung daran, dass mir vor acht Jahren beim Spaziergang in der Altstadt von Girona eine Art Platte an der Aussenwand der Kirche Sant Feliu de Girona aufgefallen war, die mir &#8222;templerisch&#8220; vorkam. Ich hatte damals keine Kamera dabei und konnte mich auch schon bald nicht mehr an Einzelheiten erinnern. Nun ergab sich die Gelegenheit, dem mal auf den Grund zu gehen.<\/p>\n<p style=\"text-align: center;\"><a href=\"http:\/\/menzendorff.de\/wp-content\/uploads\/2015\/11\/Girona-Oktober-2015-073.jpg\"><img loading=\"lazy\" class=\"aligncenter size-large wp-image-701\" src=\"http:\/\/menzendorff.de\/wp-content\/uploads\/2015\/11\/Girona-Oktober-2015-073-683x1024.jpg\" alt=\"Girona Oktober 2015 073\" width=\"625\" height=\"937\" srcset=\"http:\/\/menzendorff.de\/wp-content\/uploads\/2015\/11\/Girona-Oktober-2015-073.jpg 683w, http:\/\/menzendorff.de\/wp-content\/uploads\/2015\/11\/Girona-Oktober-2015-073-200x300.jpg 200w, http:\/\/menzendorff.de\/wp-content\/uploads\/2015\/11\/Girona-Oktober-2015-073-624x936.jpg 624w\" sizes=\"(max-width: 625px) 100vw, 625px\" \/><\/a>Sant Feliu de Girona<\/p>\n<p style=\"text-align: left;\">Der Bau der Kirche, die sich seit einem Papstbesuch Basilika nennen darf, wurde im 12. Jh. begonnen und bis ins 17. Jh. fortgesetzt. Man findet sie im Norden der Altstadt unterhalb der Kathedrale aus der Barockzeit. Man kann dort fr\u00fchchristliche S\u00e4rge aus dem 3.- 5. Jh. und das gotische Grab des heiligen Narziss, dem Stadtheiligen von Girona bestaunen. Ausserdem glaube ich, dass die Templer dort ihre Spuren hinterlassen haben. Dazu habe ich bisher aber noch nichts in der Literatur gefunden.<\/p>\n<p style=\"text-align: left;\">Seien Sie meine G\u00e4ste, und folgen Sie mir, wenn Sie wollen, bei meiner &#8222;Beweisaufnahme&#8220;. Wir n\u00e4hern uns der Kirche von S\u00fcden:<\/p>\n<p style=\"text-align: center;\"><a href=\"http:\/\/menzendorff.de\/wp-content\/uploads\/2015\/11\/Girona-Oktober-2015-077.jpg\"><img loading=\"lazy\" class=\"aligncenter size-large wp-image-702\" src=\"http:\/\/menzendorff.de\/wp-content\/uploads\/2015\/11\/Girona-Oktober-2015-077-1024x683.jpg\" alt=\"Girona Oktober 2015 077\" width=\"625\" height=\"417\" srcset=\"http:\/\/menzendorff.de\/wp-content\/uploads\/2015\/11\/Girona-Oktober-2015-077.jpg 1024w, http:\/\/menzendorff.de\/wp-content\/uploads\/2015\/11\/Girona-Oktober-2015-077-300x200.jpg 300w, http:\/\/menzendorff.de\/wp-content\/uploads\/2015\/11\/Girona-Oktober-2015-077-624x416.jpg 624w\" sizes=\"(max-width: 625px) 100vw, 625px\" \/><\/a>S\u00fcdpforte Sant Feliu de Girona<\/p>\n<p style=\"text-align: left;\">Direkt neben dem s\u00fcdlichen Eingang findet man diese oben beschriebene und aus grauem Stein gefertigte Platte.<\/p>\n<p style=\"text-align: left;\">N\u00e4her ran:<\/p>\n<p style=\"text-align: left;\"><a href=\"http:\/\/menzendorff.de\/wp-content\/uploads\/2015\/11\/Girona-Oktober-2015-081.jpg\"><img loading=\"lazy\" class=\"aligncenter size-large wp-image-703\" src=\"http:\/\/menzendorff.de\/wp-content\/uploads\/2015\/11\/Girona-Oktober-2015-081-1024x683.jpg\" alt=\"Girona Oktober 2015 081\" width=\"625\" height=\"417\" srcset=\"http:\/\/menzendorff.de\/wp-content\/uploads\/2015\/11\/Girona-Oktober-2015-081.jpg 1024w, http:\/\/menzendorff.de\/wp-content\/uploads\/2015\/11\/Girona-Oktober-2015-081-300x200.jpg 300w, http:\/\/menzendorff.de\/wp-content\/uploads\/2015\/11\/Girona-Oktober-2015-081-624x416.jpg 624w\" sizes=\"(max-width: 625px) 100vw, 625px\" \/><\/a><\/p>\n<p style=\"text-align: left;\">Man sieht (von aussen nach innen): 1.)\u00a0 zwei Menschenk\u00f6pfe, die nach innen schauen,\u00a0 2.) zwei Katzenk\u00f6pfe (oder was soll das sonst sein)<\/p>\n<p style=\"text-align: center;\">Noch n\u00e4her ran:<\/p>\n<p style=\"text-align: left;\"><a href=\"http:\/\/menzendorff.de\/wp-content\/uploads\/2015\/11\/Girona-Oktober-2015-082.jpg\"><img loading=\"lazy\" class=\"aligncenter size-large wp-image-704\" src=\"http:\/\/menzendorff.de\/wp-content\/uploads\/2015\/11\/Girona-Oktober-2015-082-1024x683.jpg\" alt=\"Girona Oktober 2015 082\" width=\"625\" height=\"417\" srcset=\"http:\/\/menzendorff.de\/wp-content\/uploads\/2015\/11\/Girona-Oktober-2015-082.jpg 1024w, http:\/\/menzendorff.de\/wp-content\/uploads\/2015\/11\/Girona-Oktober-2015-082-300x200.jpg 300w, http:\/\/menzendorff.de\/wp-content\/uploads\/2015\/11\/Girona-Oktober-2015-082-624x416.jpg 624w\" sizes=\"(max-width: 625px) 100vw, 625px\" \/><\/a><\/p>\n<p style=\"text-align: left;\">und in dem Sonnenmotiv 3.) ein Agnus dei mit einem Stab, der in einem Kreuz endet. Das alles erregte meine Neugier, denn solcher Zierrat kommt sehr h\u00e4ufig in Templerkirchen oder -kapellen vor.<\/p>\n<p style=\"text-align: left;\">1.) nach innen schauende Gesichter.<\/p>\n<p style=\"text-align: left;\">Ich muss nicht allzulange in meinem Ged\u00e4chtnis kramen, denn die letzte Sichtung einer solchen Skulptur ist noch garnicht so lange her. War es nicht in <a href=\"http:\/\/menzendorff.de\/?p=528\" target=\"_blank\" rel=\"noopener\">Temblecombe<\/a>?<\/p>\n<p style=\"text-align: center;\"><a href=\"http:\/\/menzendorff.de\/wp-content\/uploads\/2015\/11\/England-2015-Markus-Kamera-2-017.jpg\"><img loading=\"lazy\" class=\"aligncenter size-large wp-image-710\" src=\"http:\/\/menzendorff.de\/wp-content\/uploads\/2015\/11\/England-2015-Markus-Kamera-2-017-1024x695.jpg\" alt=\"England 2015 Markus Kamera 2 017\" width=\"625\" height=\"424\" srcset=\"http:\/\/menzendorff.de\/wp-content\/uploads\/2015\/11\/England-2015-Markus-Kamera-2-017.jpg 1024w, http:\/\/menzendorff.de\/wp-content\/uploads\/2015\/11\/England-2015-Markus-Kamera-2-017-300x204.jpg 300w, http:\/\/menzendorff.de\/wp-content\/uploads\/2015\/11\/England-2015-Markus-Kamera-2-017-624x424.jpg 624w\" sizes=\"(max-width: 625px) 100vw, 625px\" \/><\/a>Templar Church St. Mary, <strong>Templecombe<\/strong>, Somerset<\/p>\n<p>Aber das kenne ich auch noch von anderen Kapellen. Ich musste mir dazu bloss tausende von Fotos seit 2006 ansehen. Doch die hartn\u00e4ckige Suche hat sich gelohnt. <a href=\"http:\/\/menzendorff.de\/?p=11\" target=\"_blank\" rel=\"noopener\">Le Saulce d&#8217;Island<\/a> hat sowas auch:<\/p>\n<p style=\"text-align: center;\"><a href=\"http:\/\/menzendorff.de\/wp-content\/uploads\/2015\/11\/Burgund-331.jpg\"><img loading=\"lazy\" class=\"aligncenter size-large wp-image-711\" src=\"http:\/\/menzendorff.de\/wp-content\/uploads\/2015\/11\/Burgund-331-1024x448.jpg\" alt=\"Burgund 331\" width=\"625\" height=\"273\" srcset=\"http:\/\/menzendorff.de\/wp-content\/uploads\/2015\/11\/Burgund-331.jpg 1024w, http:\/\/menzendorff.de\/wp-content\/uploads\/2015\/11\/Burgund-331-300x131.jpg 300w, http:\/\/menzendorff.de\/wp-content\/uploads\/2015\/11\/Burgund-331-624x273.jpg 624w\" sizes=\"(max-width: 625px) 100vw, 625px\" \/><\/a>Templerkapelle <strong>Le Saulce d&#8217;Island, 89200 Avallon<\/strong>, Yonne, Burgund<\/p>\n<p style=\"text-align: left;\">Als ich diese Kapelle im Jahre 2007 aufsuchte, hatte ich wahrhaft grosses Gl\u00fcck. Man durfte das Gel\u00e4nde ausserhalb der Kapelle ohne Hindernis betreten. Wie mir Frau <a href=\"http:\/\/www.cf.ac.uk\/hisar\/people\/hn\/\" target=\"_blank\" rel=\"noopener\">Prof. Dr. Helen Nicholson<\/a>, deren zahlreiche B\u00fccher \u00fcber die Templer und ihre Prozesse man nicht oft genug empfehlen kann,\u00a0 ein paar Jahre sp\u00e4ter per e-mail mitteilte, ist das Gel\u00e4nde jetzt nicht mehr zu betreten sondern weitr\u00e4umig abgesperrt, sodass solche Fotos heuite nicht mehr m\u00f6glich sind.<\/p>\n<p style=\"text-align: left;\">Und wo gibt es sowas sonst noch? An der ber\u00fchmten Templerkirche von Montsaun\u00e8s:<\/p>\n<p style=\"text-align: center;\"><a href=\"http:\/\/menzendorff.de\/wp-content\/uploads\/2015\/11\/RlC07-175.jpg\"><img loading=\"lazy\" class=\"aligncenter size-full wp-image-714\" src=\"http:\/\/menzendorff.de\/wp-content\/uploads\/2015\/11\/RlC07-175.jpg\" alt=\"RlC07 175\" width=\"959\" height=\"747\" srcset=\"http:\/\/menzendorff.de\/wp-content\/uploads\/2015\/11\/RlC07-175.jpg 959w, http:\/\/menzendorff.de\/wp-content\/uploads\/2015\/11\/RlC07-175-300x234.jpg 300w, http:\/\/menzendorff.de\/wp-content\/uploads\/2015\/11\/RlC07-175-624x486.jpg 624w\" sizes=\"(max-width: 959px) 100vw, 959px\" \/><\/a>Kirche St. Christophe, <strong>31391 Montsaun\u00e8s<\/strong>, Haute-Garonne, Midi Pyren\u00e9es<\/p>\n<p style=\"text-align: left;\">Viel bewiesen ist damit noch nicht. Die Platte k\u00f6nnte durchaus etwas mit den Templer zu tun haben. Aber immerhin, dieses auff\u00e4llige Motiv war an drei sicher zugeschriebenen Templerkirchen zu finden, die tausende von Kilometern auseinanderliegen. In S\u00fcdengland, dem Burgund, den n\u00f6rdliche Pyren\u00e4en und eben im Giron\u00e8s. Jetzt m\u00fcsste man Pr\u00fcfungen anstellen, ob es sich hierbei nicht um ein typisches Motiv gehandelt haben k\u00f6nnte, was so auch an ganz gew\u00f6hnlichen Kirchen der Epoche gefunden werden kann. Ich werde die Augen offenhalten und bitte meine Leser insoweit um das gleiche.<\/p>\n<p style=\"text-align: left;\">Aber wir haben ja noch mehr Auff\u00e4lligkeiten:<\/p>\n<p style=\"text-align: left;\">2) Katzenk\u00f6pfe.<\/p>\n<p style=\"text-align: left;\"><a href=\"http:\/\/menzendorff.de\/wp-content\/uploads\/2015\/11\/Girona-Oktober-2015-081.jpg\"><img loading=\"lazy\" class=\"aligncenter size-large wp-image-703\" src=\"http:\/\/menzendorff.de\/wp-content\/uploads\/2015\/11\/Girona-Oktober-2015-081-1024x683.jpg\" alt=\"Girona Oktober 2015 081\" width=\"625\" height=\"417\" srcset=\"http:\/\/menzendorff.de\/wp-content\/uploads\/2015\/11\/Girona-Oktober-2015-081.jpg 1024w, http:\/\/menzendorff.de\/wp-content\/uploads\/2015\/11\/Girona-Oktober-2015-081-300x200.jpg 300w, http:\/\/menzendorff.de\/wp-content\/uploads\/2015\/11\/Girona-Oktober-2015-081-624x416.jpg 624w\" sizes=\"(max-width: 625px) 100vw, 625px\" \/><\/a><\/p>\n<p style=\"text-align: left;\">Gibt es die vielleicht auch an anderen Templerkirchen? Oh ja, doch. Prominentes Beispiel:<\/p>\n<p style=\"text-align: center;\"><a href=\"http:\/\/menzendorff.de\/wp-content\/uploads\/2015\/11\/KathedralenTour-079.jpg\"><img loading=\"lazy\" class=\"aligncenter size-large wp-image-720\" src=\"http:\/\/menzendorff.de\/wp-content\/uploads\/2015\/11\/KathedralenTour-079-1024x768.jpg\" alt=\"KathedralenTour 079\" width=\"625\" height=\"469\" srcset=\"http:\/\/menzendorff.de\/wp-content\/uploads\/2015\/11\/KathedralenTour-079-1024x768.jpg 1024w, http:\/\/menzendorff.de\/wp-content\/uploads\/2015\/11\/KathedralenTour-079-300x225.jpg 300w, http:\/\/menzendorff.de\/wp-content\/uploads\/2015\/11\/KathedralenTour-079-624x468.jpg 624w\" sizes=\"(max-width: 625px) 100vw, 625px\" \/><\/a>Templerkapelle, <strong>02020 Laon<\/strong>, Aisne, Picardie<\/p>\n<p style=\"text-align: left;\">Das bedeutet garnichts, sagen Sie? Es ist purer Zufall? Abwarten. Ich muss nur mal eben schnell wieder tausende Bilder durchforsten&#8230;..<\/p>\n<p style=\"text-align: left;\">und bin auch zahlreich auf Katzenk\u00f6pfe an anderen verb\u00fcrgten Templerkirchen und -kapellen gestossen:<\/p>\n<div id=\"attachment_728\" style=\"width: 635px\" class=\"wp-caption aligncenter\"><a href=\"http:\/\/menzendorff.de\/wp-content\/uploads\/2015\/11\/London-2009-139.jpg\"><img aria-describedby=\"caption-attachment-728\" loading=\"lazy\" class=\"size-large wp-image-728\" src=\"http:\/\/menzendorff.de\/wp-content\/uploads\/2015\/11\/London-2009-139-1024x768.jpg\" alt=\"London - Temple Church\" width=\"625\" height=\"469\" srcset=\"http:\/\/menzendorff.de\/wp-content\/uploads\/2015\/11\/London-2009-139.jpg 1024w, http:\/\/menzendorff.de\/wp-content\/uploads\/2015\/11\/London-2009-139-300x225.jpg 300w, http:\/\/menzendorff.de\/wp-content\/uploads\/2015\/11\/London-2009-139-624x468.jpg 624w\" sizes=\"(max-width: 625px) 100vw, 625px\" \/><\/a><p id=\"caption-attachment-728\" class=\"wp-caption-text\">London &#8211; Temple Church, copyright MM<\/p><\/div>\n<div id=\"attachment_726\" style=\"width: 635px\" class=\"wp-caption aligncenter\"><a href=\"http:\/\/menzendorff.de\/wp-content\/uploads\/2015\/11\/Laon.jpg\"><img aria-describedby=\"caption-attachment-726\" loading=\"lazy\" class=\"size-large wp-image-726\" src=\"http:\/\/menzendorff.de\/wp-content\/uploads\/2015\/11\/Laon-1024x768.jpg\" alt=\"Chapelle des Templiers, 02020 Laon, Aisne, Pcardie\" width=\"625\" height=\"469\" srcset=\"http:\/\/menzendorff.de\/wp-content\/uploads\/2015\/11\/Laon.jpg 1024w, http:\/\/menzendorff.de\/wp-content\/uploads\/2015\/11\/Laon-300x225.jpg 300w, http:\/\/menzendorff.de\/wp-content\/uploads\/2015\/11\/Laon-624x468.jpg 624w\" sizes=\"(max-width: 625px) 100vw, 625px\" \/><\/a><p id=\"caption-attachment-726\" class=\"wp-caption-text\">Chapelle des Templiers, 02020 Laon, Aisne, Picardie, copyright MM<\/p><\/div>\n<div id=\"attachment_727\" style=\"width: 635px\" class=\"wp-caption aligncenter\"><a href=\"http:\/\/menzendorff.de\/wp-content\/uploads\/2015\/11\/Laroque-de-Fa.jpg\"><img aria-describedby=\"caption-attachment-727\" loading=\"lazy\" class=\"size-large wp-image-727\" src=\"http:\/\/menzendorff.de\/wp-content\/uploads\/2015\/11\/Laroque-de-Fa-1024x768.jpg\" alt=\"Chapelle des Templiers, 11330 Laroque-de-Fa, Aude, Languedoc-Roussillon\" width=\"625\" height=\"469\" srcset=\"http:\/\/menzendorff.de\/wp-content\/uploads\/2015\/11\/Laroque-de-Fa.jpg 1024w, http:\/\/menzendorff.de\/wp-content\/uploads\/2015\/11\/Laroque-de-Fa-300x225.jpg 300w, http:\/\/menzendorff.de\/wp-content\/uploads\/2015\/11\/Laroque-de-Fa-624x468.jpg 624w\" sizes=\"(max-width: 625px) 100vw, 625px\" \/><\/a><p id=\"caption-attachment-727\" class=\"wp-caption-text\">Chapelle des Templiers, 11330 Laroque-de-Fa, Aude, Languedoc-Roussillon, copyright MM<\/p><\/div>\n<div id=\"attachment_729\" style=\"width: 635px\" class=\"wp-caption aligncenter\"><a href=\"http:\/\/menzendorff.de\/wp-content\/uploads\/2015\/11\/Malleyrand.jpg\"><img aria-describedby=\"caption-attachment-729\" loading=\"lazy\" class=\"size-large wp-image-729\" src=\"http:\/\/menzendorff.de\/wp-content\/uploads\/2015\/11\/Malleyrand-768x1024.jpg\" alt=\"Chapelle des Templiers, 16110 Yvrac-et-Malleyrand, Charente, Poitou-Charentes\" width=\"625\" height=\"833\" srcset=\"http:\/\/menzendorff.de\/wp-content\/uploads\/2015\/11\/Malleyrand.jpg 768w, http:\/\/menzendorff.de\/wp-content\/uploads\/2015\/11\/Malleyrand-225x300.jpg 225w, http:\/\/menzendorff.de\/wp-content\/uploads\/2015\/11\/Malleyrand-624x832.jpg 624w\" sizes=\"(max-width: 625px) 100vw, 625px\" \/><\/a><p id=\"caption-attachment-729\" class=\"wp-caption-text\">Chapelle des Templiers, 16110 Yvrac-et-Malleyrand, Charente, Poitou-Charentes, copyright Markus Menzendorff<\/p><\/div>\n<div id=\"attachment_730\" style=\"width: 635px\" class=\"wp-caption aligncenter\"><a href=\"http:\/\/menzendorff.de\/wp-content\/uploads\/2015\/11\/Martinas-sur-Jalle.jpg\"><img aria-describedby=\"caption-attachment-730\" loading=\"lazy\" class=\"size-large wp-image-730\" src=\"http:\/\/menzendorff.de\/wp-content\/uploads\/2015\/11\/Martinas-sur-Jalle-1024x685.jpg\" alt=\"SONY DSC\" width=\"625\" height=\"418\" srcset=\"http:\/\/menzendorff.de\/wp-content\/uploads\/2015\/11\/Martinas-sur-Jalle.jpg 1024w, http:\/\/menzendorff.de\/wp-content\/uploads\/2015\/11\/Martinas-sur-Jalle-300x201.jpg 300w, http:\/\/menzendorff.de\/wp-content\/uploads\/2015\/11\/Martinas-sur-Jalle-624x417.jpg 624w\" sizes=\"(max-width: 625px) 100vw, 625px\" \/><\/a><p id=\"caption-attachment-730\" class=\"wp-caption-text\">Eglise des Templiers, 33127 Martinas-sur-Jalle, Gironde, Aquitaine, copyright Markus Menzendorff<\/p><\/div>\n<p>Die H\u00e4ufung von Katzenk\u00f6pfen in Templerkirchen, die auch wieder weit ausseinander in Europa verstreut liegen, scheint mir signifikant zu sein. Ich habe zwar noch keine akribischen Statistiken im Vergleich mit gew\u00f6hnlichen Kirchen zusammengestellt. Ich halte aber auch gew\u00f6hnlich stets Ausschau in Kirchen nach Ausschm\u00fcckungsmerkmalen und mir ist etwas derartiges bisher noch nirgendwo sonst aufgefallen. Auch hier ist der geneigte Leser gefragt, mir seine etwa gegenteiligen Beobachtungen mitzuteilen.<\/p>\n<p>Kann man anhand dieses Befundes\u00a0 nur von einer ordenstypische Aufmerksamkeit des Templerordens gegen\u00fcber diesem Tier oder schon einer Art Verehrung, gar einer G\u00f6tzenanbetung sprechen? Oder sind das nur harmlose Sympathiebeweise einzelner Ordensmitglieder? Es ist unabweisbar, dass den Templern in den Prozessen, die zur Aufl\u00f6sung des Ordens f\u00fchrten, unter anderem auch die Anbetung von Katzen vorgeworfen wurde (Demurger, der letzte Templer, S. 241). Es lohnt sich also, \u00fcber die Hintergr\u00fcnde dieser Vorw\u00fcrfe und \u00fcber die Rolle der Katze im Mittelalter nachzudenken.<\/p>\n<p>&#8222;Die Bedeutung der Katze war im fr\u00fchen Mittelalter gering. Mit der zunehmenden Ausbreitung der \u2013 ebenfalls \u00fcber Seehandelswege eingeschleppten \u2013 Vorratssch\u00e4dlinge Wanderratte, Hausratte und Hausmaus ergab sich die Notwendigkeit ihrer Bek\u00e4mpfung, was im Sp\u00e4tmittelalter zu einer starken Zunahme der Hauskatzen f\u00fchrte.&#8220; (<a href=\"http:\/\/Die Bedeutung der Katze war im fr\u00fchen Mittelalter gering. Mit der zunehmenden Ausbreitung der \u2013 ebenfalls \u00fcber Seehandelswege eingeschleppten \u2013 Vorratssch\u00e4dlinge Wanderratte, Hausratte und Hausmaus ergab sich die Notwendigkeit ihrer Bek\u00e4mpfung, was im Sp\u00e4tmittelalter zu einer starken Zunahme der Hauskatzen f\u00fchrte.\">Wikipedia<\/a>).<\/p>\n<p>Katzen wurden als Haustiere unersetzlich und waren recht wertvoll. Im Sachsenspiegel der Jahre 1220-1230 wurde der Preis einer Katze mit dreivierteln des Preises von K\u00fchen oder Schafen festgesetzt (aaO). Katzen wurden aber nicht nur als n\u00fctzliches Haustier, sondern auch als &#8222;Gespielinnen&#8220; f\u00fcr adlige Damen gesch\u00e4tzt (ebenda). Allerdings war diese Wertsch\u00e4tzung der Katze nicht ungeteilt. Sie mu\u00dfte im Laufe der Zeit durch Aberglaube eine \u00c4nderung erfahren. Die Katze wurde zunehmend d\u00e4monisiert. Sie galt bald als ungl\u00fccksbringendes Wesen und als Begleiterin der Hexen (aaO).<\/p>\n<p>&#8222;Im Mittelalter verabscheut man die Katze als Ausgeburt der H\u00f6lle, verbrennt sie und misshandelt sie aufs \u00dcbelste. Im Mittelalter, besonders zwischen 1180 und 1233, wird die Katze auf Grund ihrer merkw\u00fcrdigen und unverstandenen Verhaltensweise zur Zielscheibe schwerster Anschuldigungen. Sie wird der Verbrechen beschuldigt, welche die Heiden den Christen, und sp\u00e4ter die Christen den Gnostikern und Juden zuschreiben. Man bringt sie mit Teufelsanbetungsritualen ketzerischer Sekten in Verbindung. Den Katharern zufolge erscheint der Teufel in Gestalt einer Katze. Im Jahr 1230 beschreibt der Bischof von Paris, Guillaume d&#8217;Auvergne, Luzifer in seinen Schriften als eine Kr\u00e4he oder Katze.&#8220; (<a href=\"http:\/\/www.royal-canin.de\/katze\/enzyklopaedie-der-katzen\/die-katze-der-mensch-und-die-geschichte\/die-katze-in-der-geschichte\/die-bedeutung-der-katze-in-der-geschichte\/\">Royal Canin<\/a>, die Bedeutung der Katze in der Geschichte).<\/p>\n<p>Malcolm Barber untersuchte schon 1973 die Anschuldigungen gegen die Templer, die jedenfalls 1308 insgesamt nicht wirklich etwas neues darstellten, vor dem Hintergrund von fr\u00fcheren anderweitigen Verfahren der Ketzerverfolgung (Anke Kr\u00fcger,\u00a0 Das &#8222;Baphomet-Idol&#8220;, in Histor. Jahrbuch 119 (1999), S. 124) . &#8222;So konnte er f\u00fcr den Artikel der Anbetung eines Katers Parallelvorw\u00fcrfe gegen h\u00e4retische Gruppen eruieren, die Walter Map in seiner um 1182 verfa\u00dften Schrift De Nugis Curialium, und Papst Gregor IX. in seiner 1233 erlassenen Bulle Vox in Rama berichteten&#8220; (Anke Kr\u00fcger, aaO). Allerdings weist Anke Kr\u00fcger darauf hin, dass der Vorwurf der Katzenanbetung gegen die Templer erst recht sp\u00e4t, n\u00e4mlich erst in der Befragung durch die Provinzialkommissionen erstmals erhoben wurde, &#8222;nachdem bereits drei Verfahren &#8211; das der k\u00f6niglichen Beamten und der Inquisition 1307\/8 und der Sonderkommission 1308 &#8211; gef\u00fchrt worden waren, in denen dieser Anklagepunkt nicht&#8220; erschien (aaO.., S.125).\u00a0 Auch nach Demurger tauchte der Katzenanbetungsvorwurf noch nicht in der Aufstellung der 127 Artikel vom 1308 auf (Demurger, Die Templer, S. 249), sondern erst in den 11 Anklagepunkten der sog. <em>Grandes Chroniques de France<\/em> (aaO). Dagegen bezieht sich Strelka offenbar auf ein anderes Dokument einer Anklage gegen den Orden vom 12.08.1308 (Strelka, <a href=\"https:\/\/books.google.de\/books?id=WYlTAgAAQBAJ&amp;pg=PA34&amp;lpg=PA34&amp;dq=Templer+Katzen&amp;source=bl&amp;ots=jtz7nUrWFn&amp;sig=srBESWR4vJ_8KYJJ5rNY90jF33c&amp;hl=de&amp;sa=X&amp;ved=0CCMQ6AEwAWoVChMIiN_gn6HdyAIViFksCh181AU7#v=onepage&amp;q=Templer%20Katzen&amp;f=false\">Dante und die Templergnosis<\/a>, S. 36). Ein diesem Datum \u00fcberschriebenes Dokument kann man bei Barber, (<a href=\"https:\/\/books.google.de\/books?id=GEu58-OIT1MC&amp;pg=PA248&amp;lpg=PA248&amp;dq=12.+August+1308&amp;source=bl&amp;ots=HmO198bd2c&amp;sig=QbQCGL3zP8sty52dqasjPclbtbo&amp;hl=de&amp;sa=X&amp;ved=0CCMQ6AEwAWoVChMIl5fah92SyQIVASksCh0Z8gPj#v=onepage&amp;q=12.%20August%201308&amp;f=false\">The Trial of the Templers, S. 248ff.<\/a>) als Appendix A einsehen. Es enth\u00e4lt aber ersichtlich mehr als 11 aber wohl auch nicht 127 Anklagepunkte und ist damit wohl nicht mit den beiden von Demurger zitierten Dokumenten identisch. Aber es enth\u00e4lt ausdr\u00fccklich den Vorwurf der Anbetung einer gewissen Katze, die manchmal in Versammlungen der Templer erschienen sei. Dieser Anklagepunkt beruhte ersichtlich nur auf einer einzigen Zeugenaussage, die durch List in die H\u00e4nde Nogarets, des Chefankl\u00e4gers des K\u00f6nigs von Frankreich gelangt war (Strelka, aaO, S. 37).<\/p>\n<p>Die Feinde des Tempels, soviel ist sicher, brauchten Anklagevorw\u00fcrfe, die unter der gerecht denkenden Bev\u00f6lkerung Ekel und Anwiderung ausl\u00f6ste, um erfolgreich zu sein. Die Bev\u00f6lkerung musste das aber auch glauben. Und die Vorw\u00fcrfe leicht verstehen k\u00f6nnen. Demurger bringt das mit einem Satz auf den Punkt: <strong>&#8222;Jede Anschuldigung bezog sich auf etwas Bekanntes, das dem gr\u00f6\u00dften Teil der Bev\u00f6lkerung unmittelbar zug\u00e4nglich war&#8220;<\/strong> (aaO). So bezog man sich zum &#8222;Beweis&#8220; der angeblich organisierten Homosexualit\u00e4t unter den Templern auf deren bekanntes Siegel, was zwei Ritter hintereinander auf einem Pferd abbildete:<\/p>\n<p><a href=\"http:\/\/menzendorff.de\/wp-content\/uploads\/2015\/11\/Siegel_Tempelritter.jpg\"><img loading=\"lazy\" class=\"size-large wp-image-740\" src=\"http:\/\/menzendorff.de\/wp-content\/uploads\/2015\/11\/Siegel_Tempelritter-1024x768.jpg\" alt=\"OLYMPUS DIGITAL CAMERA\" width=\"625\" height=\"469\" srcset=\"http:\/\/menzendorff.de\/wp-content\/uploads\/2015\/11\/Siegel_Tempelritter.jpg 1024w, http:\/\/menzendorff.de\/wp-content\/uploads\/2015\/11\/Siegel_Tempelritter-300x225.jpg 300w, http:\/\/menzendorff.de\/wp-content\/uploads\/2015\/11\/Siegel_Tempelritter-624x468.jpg 624w\" sizes=\"(max-width: 625px) 100vw, 625px\" \/><\/a><\/p>\n<p style=\"text-align: center;\">Quelle: <a href=\"http:\/\/www.google.de\/imgres?imgurl=https:\/\/upload.wikimedia.org\/wikipedia\/commons\/c\/c9\/Siegel_Tempelritter.jpg&amp;imgrefurl=https:\/\/de.wikipedia.org\/wiki\/Templerorden&amp;h=1536&amp;w=2048&amp;tbnid=2kh7gFrc2hkgDM:&amp;tbnh=90&amp;tbnw=120&amp;usg=__FbDkrUxkz1unQpiKYIQYxS8WsQM=&amp;docid=VRJjFGRcT1wcBM&amp;sa=X&amp;ved=0CDEQ9QEwAmoVChMIvdya2emSyQIVSf4sCh3cCQlY\">Wikipedia, copyright siehe dort<\/a><\/p>\n<p>Und so mag es auch mit den Katzenbildnissen an Dachtraufen gewesen sein. Die Erinnerung der Bev\u00f6lkerung an den Katzenwahn von 1230 wird leicht damit aufzufrischen gewesen sein, dass die Inquisitoren von ihren Kanzeln etwa geiferten: &#8222;und haben sie nicht schliesslich auch an jeder ihrer gottverlassenen Kirchen Katzenk\u00f6pfe angebracht, um die gerechte Christenheit zu verh\u00f6hnen?&#8220;<\/p>\n<p>W\u00e4re die Katze an den Kirchen ein &#8222;gnostisches Geheimzeichen&#8220; wie immer wieder gemunkelt wird, w\u00e4ren die Templer ganz sch\u00f6n dumm gewesen. Denn Geheimzeichen serviert man nicht auf dem Pr\u00e4sentierteller, wenn man nicht die Inquisition gegen sich aufbringen wollte. Der Argwohn von Teilen der Bev\u00f6lkerung gegen Katzen wird sich auch bei den Templern herumgesprochen haben. Wenn ich mir die Bilder der Katzenk\u00f6pfe so ansehe, haben die nichts geheimes, nichts bedrohliches und nichts verh\u00f6hnendes an sich. Sie wirken eher heiter, wie Karikaturen. Manchmal ist man sich garnicht sicher, ob die Bildnisse wirklich Katzen zeigen sollen. Katzenohren sind es wohl. Aber die Gesichter scheinen mitunter menschliche Gesichtsz\u00fcge zu tragen. Sind es Spott-Grimassen? Ich werde das Ph\u00e4nomen weiter beobachten.<\/p>\n<p>Zur\u00fcck zu Girona. Das dritte Symbol auf der Platte, das Lamm Gottes mit Kreuzfahne ist ein sehr h\u00e4ufig mit Gewi\u00dfheit belegbares und damit mindestens typisches &#8211; wenn gleich auch nicht etwa exklusives\u00a0 &#8211; Templersymbol. Wir finden es an a) Templergeb\u00e4uden, b)Templersiegeln und c) Templerortswappen<\/p>\n<p>a) Templergeb\u00e4ude:<\/p>\n<p style=\"text-align: center;\"><a href=\"http:\/\/menzendorff.de\/wp-content\/uploads\/2015\/11\/Burgund-253.jpg\"><img loading=\"lazy\" class=\"aligncenter size-large wp-image-744\" src=\"http:\/\/menzendorff.de\/wp-content\/uploads\/2015\/11\/Burgund-253-1024x717.jpg\" alt=\"Burgund 253\" width=\"625\" height=\"438\" srcset=\"http:\/\/menzendorff.de\/wp-content\/uploads\/2015\/11\/Burgund-253-1024x717.jpg 1024w, http:\/\/menzendorff.de\/wp-content\/uploads\/2015\/11\/Burgund-253-300x210.jpg 300w, http:\/\/menzendorff.de\/wp-content\/uploads\/2015\/11\/Burgund-253-624x437.jpg 624w, http:\/\/menzendorff.de\/wp-content\/uploads\/2015\/11\/Burgund-253.jpg 1078w\" sizes=\"(max-width: 625px) 100vw, 625px\" \/><\/a><em>chapelle<\/em> La Courroirie, <strong>21290 Voulaines-les-Templiers<\/strong>, C\u00f4te-d&#8217;Or, Bourgogne<\/p>\n<p style=\"text-align: center;\"><a href=\"http:\/\/menzendorff.de\/wp-content\/uploads\/2015\/11\/KathedralenTour-088.jpg\"><img loading=\"lazy\" class=\"aligncenter size-full wp-image-747\" src=\"http:\/\/menzendorff.de\/wp-content\/uploads\/2015\/11\/KathedralenTour-088.jpg\" alt=\"KathedralenTour 088\" width=\"965\" height=\"768\" srcset=\"http:\/\/menzendorff.de\/wp-content\/uploads\/2015\/11\/KathedralenTour-088.jpg 965w, http:\/\/menzendorff.de\/wp-content\/uploads\/2015\/11\/KathedralenTour-088-300x239.jpg 300w, http:\/\/menzendorff.de\/wp-content\/uploads\/2015\/11\/KathedralenTour-088-624x497.jpg 624w\" sizes=\"(max-width: 965px) 100vw, 965px\" \/><\/a>Schlussstein, <em>chapelle des Templiers,<\/em> <strong>02020 Laon, <\/strong>Aisne, Picardie<\/p>\n<p style=\"text-align: center;\"><a href=\"http:\/\/menzendorff.de\/wp-content\/uploads\/2015\/11\/Hof-Iben-016.jpg\"><img loading=\"lazy\" class=\"aligncenter size-full wp-image-746\" src=\"http:\/\/menzendorff.de\/wp-content\/uploads\/2015\/11\/Hof-Iben-016.jpg\" alt=\"Hof Iben 016\" width=\"1000\" height=\"750\" srcset=\"http:\/\/menzendorff.de\/wp-content\/uploads\/2015\/11\/Hof-Iben-016.jpg 1000w, http:\/\/menzendorff.de\/wp-content\/uploads\/2015\/11\/Hof-Iben-016-300x225.jpg 300w, http:\/\/menzendorff.de\/wp-content\/uploads\/2015\/11\/Hof-Iben-016-624x468.jpg 624w\" sizes=\"(max-width: 1000px) 100vw, 1000px\" \/><\/a>Schlusssstein, Templerkirche Hof Iben, <strong>55546 F\u00fcrfeld<\/strong>, Rheinland-Pfalz<\/p>\n<p style=\"text-align: center;\"><a href=\"http:\/\/menzendorff.de\/wp-content\/uploads\/2015\/11\/London-2009-127.jpg\"><img loading=\"lazy\" class=\"aligncenter size-full wp-image-748\" src=\"http:\/\/menzendorff.de\/wp-content\/uploads\/2015\/11\/London-2009-127.jpg\" alt=\"London 2009 127\" width=\"828\" height=\"768\" srcset=\"http:\/\/menzendorff.de\/wp-content\/uploads\/2015\/11\/London-2009-127.jpg 828w, http:\/\/menzendorff.de\/wp-content\/uploads\/2015\/11\/London-2009-127-300x278.jpg 300w, http:\/\/menzendorff.de\/wp-content\/uploads\/2015\/11\/London-2009-127-624x579.jpg 624w\" sizes=\"(max-width: 828px) 100vw, 828px\" \/><\/a> Portal<em> Middle Temple Treasury<\/em>, <strong>London WC2<\/strong><\/p>\n<p style=\"text-align: center;\"><a href=\"http:\/\/menzendorff.de\/wp-content\/uploads\/2015\/11\/Norddeutschland-033.jpg\"><img loading=\"lazy\" class=\"size-full wp-image-750 aligncenter\" src=\"http:\/\/menzendorff.de\/wp-content\/uploads\/2015\/11\/Norddeutschland-033.jpg\" alt=\"SONY DSC\" width=\"1000\" height=\"606\" srcset=\"http:\/\/menzendorff.de\/wp-content\/uploads\/2015\/11\/Norddeutschland-033.jpg 1000w, http:\/\/menzendorff.de\/wp-content\/uploads\/2015\/11\/Norddeutschland-033-300x182.jpg 300w, http:\/\/menzendorff.de\/wp-content\/uploads\/2015\/11\/Norddeutschland-033-624x378.jpg 624w\" sizes=\"(max-width: 1000px) 100vw, 1000px\" \/><\/a>Portal, Stadtkirche, <strong>38154 K\u00f6nigslutter<\/strong>, Niedersachsen<\/p>\n<p style=\"text-align: left;\">Letzere Kirche ist keine <em><a href=\"http:\/\/www.ordre-du-temple.de\/bs%20history.html\" target=\"_blank\" rel=\"noopener\">nachgewiesene<\/a><\/em> Templerkirche. Man muss das also <em>cum grano salis <\/em>aufnehmen. Aber K\u00f6nigslutter ist nur etwa 8 km von der nachweislichen <a href=\"http:\/\/menzendorff.de\/?p=64\">Templerkirche<\/a>\u00a0 <strong>38376 S\u00fcpplingenburg<\/strong> entfernt. Auf halbem Weg liegt die Gemeinde <strong>38154 Gro\u00df Steinum, <\/strong>die seit 1373 den Johannitern geh\u00f6rte. Da die Urspr\u00fcnge der Kirche im dunklen liegen und die ersten Geb\u00e4udeteile aus dem 12. Jahrhundert stammen, werden die Templer zumindestens einen Einfluss ausge\u00fcbt und diese Kirche sicher auch besucht haben. Vielleicht hatten sie die Pfarreirechte erhalten, aber dar\u00fcber gibt es offenbar heute jedenfalls keine Unterlagen.<\/p>\n<p style=\"text-align: left;\">b) Templersiegel, Auswahl<\/p>\n<p style=\"text-align: center;\"><a href=\"http:\/\/menzendorff.de\/wp-content\/uploads\/2015\/11\/M\u00e4rz-2006-078.jpg\"><img loading=\"lazy\" class=\"aligncenter size-large wp-image-749\" src=\"http:\/\/menzendorff.de\/wp-content\/uploads\/2015\/11\/M\u00e4rz-2006-078-1024x728.jpg\" alt=\"M\u00e4rz 2006 078\" width=\"625\" height=\"444\" srcset=\"http:\/\/menzendorff.de\/wp-content\/uploads\/2015\/11\/M\u00e4rz-2006-078-1024x728.jpg 1024w, http:\/\/menzendorff.de\/wp-content\/uploads\/2015\/11\/M\u00e4rz-2006-078-300x213.jpg 300w, http:\/\/menzendorff.de\/wp-content\/uploads\/2015\/11\/M\u00e4rz-2006-078-624x444.jpg 624w, http:\/\/menzendorff.de\/wp-content\/uploads\/2015\/11\/M\u00e4rz-2006-078.jpg 1111w\" sizes=\"(max-width: 625px) 100vw, 625px\" \/><\/a>Museum, <strong>12230 Ste. Eulalie-de-Cernon<\/strong>, Aveyron, Midi-Pyr\u00e9n\u00e9es, Siegel des Roncelin de Fos<\/p>\n<p style=\"text-align: center;\">\u00a0<a href=\"http:\/\/menzendorff.de\/wp-content\/uploads\/2015\/11\/Agnus_dei_seal_Artistic_representationi.jpg\"><img loading=\"lazy\" class=\"aligncenter size-full wp-image-758\" src=\"http:\/\/menzendorff.de\/wp-content\/uploads\/2015\/11\/Agnus_dei_seal_Artistic_representationi.jpg\" alt=\"Agnus_dei_seal_Artistic_representationi\" width=\"500\" height=\"500\" srcset=\"http:\/\/menzendorff.de\/wp-content\/uploads\/2015\/11\/Agnus_dei_seal_Artistic_representationi.jpg 500w, http:\/\/menzendorff.de\/wp-content\/uploads\/2015\/11\/Agnus_dei_seal_Artistic_representationi-150x150.jpg 150w, http:\/\/menzendorff.de\/wp-content\/uploads\/2015\/11\/Agnus_dei_seal_Artistic_representationi-300x300.jpg 300w\" sizes=\"(max-width: 500px) 100vw, 500px\" \/><\/a>Seal of Robert of Sandford, the Master of the Temple in 1241 in the British Library<\/p>\n<p style=\"text-align: center;\">Copyright: <a href=\"https:\/\/en.wikipedia.org\/wiki\/Knights_Templar_Seal#Agnus_Dei\">Wikipedia<\/a><\/p>\n<p style=\"text-align: left;\">c) Wappen von Templerorden<\/p>\n<p style=\"text-align: center;\"><a href=\"http:\/\/menzendorff.de\/wp-content\/uploads\/2015\/11\/Girona-Oktober-2015-063.jpg\"><img loading=\"lazy\" class=\"aligncenter size-full wp-image-745\" src=\"http:\/\/menzendorff.de\/wp-content\/uploads\/2015\/11\/Girona-Oktober-2015-063.jpg\" alt=\"Girona Oktober 2015 063\" width=\"944\" height=\"768\" srcset=\"http:\/\/menzendorff.de\/wp-content\/uploads\/2015\/11\/Girona-Oktober-2015-063.jpg 944w, http:\/\/menzendorff.de\/wp-content\/uploads\/2015\/11\/Girona-Oktober-2015-063-300x244.jpg 300w, http:\/\/menzendorff.de\/wp-content\/uploads\/2015\/11\/Girona-Oktober-2015-063-624x508.jpg 624w\" sizes=\"(max-width: 944px) 100vw, 944px\" \/><\/a>Wappen von <strong>17181 Aiguaviva, <\/strong>Girona, Catalunya<\/p>\n<p style=\"text-align: center;\">\n","protected":false},"excerpt":{"rendered":"<p>Katalonien &#8211; Teil 1, Giron\u00e8s In den Herbstferien stand eine Kurzurlaubsreise in das Giron\u00e8s an. Ich habe noch keine B\u00fccher \u00fcber die Templer in Spanien beschafft. Denn ich bin mit Frankreich, England und Deutschland noch lange nicht fertig. Aber man kann ruhig immer auch mal einen Blick \u00fcber den Topfrand hinaus werfen und im heutigen [&hellip;]<\/p>\n","protected":false},"author":2,"featured_media":0,"comment_status":"open","ping_status":"open","sticky":false,"template":"","format":"standard","meta":[],"categories":[9],"tags":[],"_links":{"self":[{"href":"http:\/\/menzendorff.de\/index.php?rest_route=\/wp\/v2\/posts\/664"}],"collection":[{"href":"http:\/\/menzendorff.de\/index.php?rest_route=\/wp\/v2\/posts"}],"about":[{"href":"http:\/\/menzendorff.de\/index.php?rest_route=\/wp\/v2\/types\/post"}],"author":[{"embeddable":true,"href":"http:\/\/menzendorff.de\/index.php?rest_route=\/wp\/v2\/users\/2"}],"replies":[{"embeddable":true,"href":"http:\/\/menzendorff.de\/index.php?rest_route=%2Fwp%2Fv2%2Fcomments&post=664"}],"version-history":[{"count":67,"href":"http:\/\/menzendorff.de\/index.php?rest_route=\/wp\/v2\/posts\/664\/revisions"}],"predecessor-version":[{"id":3384,"href":"http:\/\/menzendorff.de\/index.php?rest_route=\/wp\/v2\/posts\/664\/revisions\/3384"}],"wp:attachment":[{"href":"http:\/\/menzendorff.de\/index.php?rest_route=%2Fwp%2Fv2%2Fmedia&parent=664"}],"wp:term":[{"taxonomy":"category","embeddable":true,"href":"http:\/\/menzendorff.de\/index.php?rest_route=%2Fwp%2Fv2%2Fcategories&post=664"},{"taxonomy":"post_tag","embeddable":true,"href":"http:\/\/menzendorff.de\/index.php?rest_route=%2Fwp%2Fv2%2Ftags&post=664"}],"curies":[{"name":"wp","href":"https:\/\/api.w.org\/{rel}","templated":true}]}}