{"id":988,"date":"2016-05-15T14:55:58","date_gmt":"2016-05-15T12:55:58","guid":{"rendered":"http:\/\/menzendorff.de\/?p=988"},"modified":"2019-04-21T11:41:15","modified_gmt":"2019-04-21T09:41:15","slug":"2016-mai-catalunya-teil-2","status":"publish","type":"post","link":"http:\/\/menzendorff.de\/?p=988","title":{"rendered":"2016, Mai, Catalunya &#8211; Teil 2"},"content":{"rendered":"<p><span style=\"font-size: xx-large;\">Catalunya &#8211; Teil 2<\/span><\/p>\n<p>Der Ausflug im Oktober letzten Jahres nach Spanien hatte eindeutig Appetit gemacht, dort noch viel mehr \u00fcber die Templer zu lernen und zu sehen. Ich bestellte mir also erstmal ein Buch zum Einstieg, und zwar das Werk &#8222;<strong>Los templarios en la pen\u00ednsula ib\u00e9rica<\/strong>&#8220; von Fuguet,\u00a0 Joan und Plaza, Carmen, Barcelona, 2005, was ich allen Templerforschern und Spanienreisenden, die Interesse am Mittelalter mitbringen, nur w\u00e4rmstens empfehlen kann. Im Mai stand ein Urlaub in Katalonien an. Wir haben ein absolut traumhaft gelegenes Ferienhaus gemietet, das guten Freunden von uns geh\u00f6rt. Wir f\u00fchlten uns dort von der ersten Sekunde an wie zuhause, vor allem weil es an nichts fehlte. Das Haus liegt in der\u00a0 <span class=\"_Xbe\">Urbanitzacio Mas Tomasi, Dalt -Masos, 17256 Pals, zwischen der Altstadt von Pals und Platja de Pals auf einem H\u00fcgel, von dem man aus eine fantastische Fernsicht auf die Umgebung hat. <\/span><\/p>\n<p style=\"text-align: center;\"><a href=\"http:\/\/menzendorff.de\/wp-content\/uploads\/2017\/01\/Mas-Tomasi-2.jpg\"><img loading=\"lazy\" class=\"aligncenter size-large wp-image-1072\" src=\"http:\/\/menzendorff.de\/wp-content\/uploads\/2017\/01\/Mas-Tomasi-2-1024x576.jpg\" alt=\"Mas Tomasi 2\" width=\"625\" height=\"352\" srcset=\"http:\/\/menzendorff.de\/wp-content\/uploads\/2017\/01\/Mas-Tomasi-2.jpg 1024w, http:\/\/menzendorff.de\/wp-content\/uploads\/2017\/01\/Mas-Tomasi-2-300x169.jpg 300w, http:\/\/menzendorff.de\/wp-content\/uploads\/2017\/01\/Mas-Tomasi-2-768x432.jpg 768w, http:\/\/menzendorff.de\/wp-content\/uploads\/2017\/01\/Mas-Tomasi-2-624x351.jpg 624w\" sizes=\"(max-width: 625px) 100vw, 625px\" \/><\/a>Mas Tomasi mit Blick auf die Reisfelder von Pals und die H\u00fcgelkette Montgr\u00ed<\/p>\n<p>Unser wunderbares Domizil hatte Wifi, soda\u00df die Templerreise in aller Ruhe bei feinstem Wetter auf der Terrasse geplant werden konnte. Mit einer Karte und dem Buch begann ich, mir Ziele auszusuchen. Bei der Vielzahl der Templerorte in der n\u00e4heren Umgebung:<\/p>\n<p style=\"text-align: center;\"><a href=\"http:\/\/menzendorff.de\/wp-content\/uploads\/2017\/01\/Screenshot-2017-01-28-17.28.29.png\"><img loading=\"lazy\" class=\"aligncenter size-full wp-image-1059\" src=\"http:\/\/menzendorff.de\/wp-content\/uploads\/2017\/01\/Screenshot-2017-01-28-17.28.29.png\" alt=\"Screenshot 2017-01-28 17.28.29\" width=\"571\" height=\"412\" srcset=\"http:\/\/menzendorff.de\/wp-content\/uploads\/2017\/01\/Screenshot-2017-01-28-17.28.29.png 571w, http:\/\/menzendorff.de\/wp-content\/uploads\/2017\/01\/Screenshot-2017-01-28-17.28.29-300x216.png 300w\" sizes=\"(max-width: 571px) 100vw, 571px\" \/><\/a>Quelle: <a href=\"http:\/\/www.ebreguia.com\/rutadeltemple\/paginas_orden\/encomiendas.htm\">ebreguia<\/a><\/p>\n<p>war mir sofort klar, dass ich auch diesmal nur einen Bruchteil der Ziele erreichen w\u00fcrde. Die Auswahl erfolgte deshalb zum Einstieg eher willk\u00fcrlich. Die Linie von <strong>Tortosa<\/strong> nach <strong>Monts\u00f3<\/strong> ist mit gewaltigen Burgen besetzt. Das w\u00fcrde nicht an einem Tag zu schaffen sein. Puig-reig und Barbens sollte es f\u00fcr den Anfang tun und dort warteten auf mich weniger trutzige Burgen, sondern eher sch\u00f6ne Templerkapellen. Es ergab sich folgender Reiseplan:<\/p>\n<p style=\"text-align: center;\"><a href=\"http:\/\/menzendorff.de\/wp-content\/uploads\/2017\/01\/Plan.png\"><img loading=\"lazy\" class=\"aligncenter size-large wp-image-1063\" src=\"http:\/\/menzendorff.de\/wp-content\/uploads\/2017\/01\/Plan-1024x643.png\" alt=\"Plan\" width=\"625\" height=\"392\" srcset=\"http:\/\/menzendorff.de\/wp-content\/uploads\/2017\/01\/Plan-1024x643.png 1024w, http:\/\/menzendorff.de\/wp-content\/uploads\/2017\/01\/Plan-300x188.png 300w, http:\/\/menzendorff.de\/wp-content\/uploads\/2017\/01\/Plan-768x482.png 768w, http:\/\/menzendorff.de\/wp-content\/uploads\/2017\/01\/Plan-624x392.png 624w, http:\/\/menzendorff.de\/wp-content\/uploads\/2017\/01\/Plan.png 1129w\" sizes=\"(max-width: 625px) 100vw, 625px\" \/><\/a>google maps<\/p>\n<p>Die Generalitat de Catalunya teilt sich in die vier Provinzen Barcelona, Tarragona, Girona und Lleida. Jede Provinz ist sodann in sog. Comarcas gegliedert, die die Gemeinden zusammenfasst. Die reine Fahrzeit meiner Reise sollte 7 Stunden betragen. Ich mu\u00dfte also morgens um 7:00 losfahren, wenn ich noch Chancen auf ein Abendessen haben wollte.<\/p>\n<p><span style=\"font-size: xx-large;\">1 Provincia de Barcelona<\/span><\/p>\n<p><span style=\"font-size: xx-large;\">1.1 Comarca Beguerd\u00e0<br \/>\n<\/span><\/p>\n<p><span style=\"font-size: xx-large;\">Puig-reig<\/span><\/p>\n<p>Von Pals ging es erstmal s\u00fcdwestlich an Vic vorbei in Richtung Manresa und kurz davor wieder nach Norden, auf die Pyren\u00e4en zu. Puig-reig liegt (wie der Name schon sagt!) h\u00fcgelig und es dauerte eine Weile, bis ich die Zufahrt zur Templerkapelle dort fand.<\/p>\n<p><a href=\"http:\/\/menzendorff.de\/wp-content\/uploads\/2017\/01\/Pals-2016-300.jpg\"><img loading=\"lazy\" class=\"aligncenter size-large wp-image-994\" src=\"http:\/\/menzendorff.de\/wp-content\/uploads\/2017\/01\/Pals-2016-300-1024x683.jpg\" alt=\"Pals 2016 300\" width=\"625\" height=\"417\" srcset=\"http:\/\/menzendorff.de\/wp-content\/uploads\/2017\/01\/Pals-2016-300.jpg 1024w, http:\/\/menzendorff.de\/wp-content\/uploads\/2017\/01\/Pals-2016-300-300x200.jpg 300w, http:\/\/menzendorff.de\/wp-content\/uploads\/2017\/01\/Pals-2016-300-768x512.jpg 768w, http:\/\/menzendorff.de\/wp-content\/uploads\/2017\/01\/Pals-2016-300-624x416.jpg 624w\" sizes=\"(max-width: 625px) 100vw, 625px\" \/><\/a>Sie erhob sich neben einer modernen und grossen Pfarreikirche auf einer Anh\u00f6he \u00fcber der Gemeinde.<\/p>\n<p style=\"text-align: center;\"><a href=\"http:\/\/menzendorff.de\/wp-content\/uploads\/2017\/01\/Pals-2016-302.jpg\"><img loading=\"lazy\" class=\"aligncenter size-large wp-image-995\" src=\"http:\/\/menzendorff.de\/wp-content\/uploads\/2017\/01\/Pals-2016-302-683x1024.jpg\" alt=\"Pals 2016 302\" width=\"625\" height=\"937\" srcset=\"http:\/\/menzendorff.de\/wp-content\/uploads\/2017\/01\/Pals-2016-302.jpg 683w, http:\/\/menzendorff.de\/wp-content\/uploads\/2017\/01\/Pals-2016-302-200x300.jpg 200w, http:\/\/menzendorff.de\/wp-content\/uploads\/2017\/01\/Pals-2016-302-624x936.jpg 624w\" sizes=\"(max-width: 625px) 100vw, 625px\" \/><\/a>Esglesia de Sant Mart\u00ed, <strong>08692 Puig reig<\/strong>, Beguerd\u00e0<\/p>\n<p style=\"text-align: center;\"><a href=\"http:\/\/menzendorff.de\/wp-content\/uploads\/2017\/01\/Pals-2016-305.jpg\"><img loading=\"lazy\" class=\"aligncenter size-large wp-image-996\" src=\"http:\/\/menzendorff.de\/wp-content\/uploads\/2017\/01\/Pals-2016-305-1024x683.jpg\" alt=\"Pals 2016 305\" width=\"625\" height=\"417\" srcset=\"http:\/\/menzendorff.de\/wp-content\/uploads\/2017\/01\/Pals-2016-305.jpg 1024w, http:\/\/menzendorff.de\/wp-content\/uploads\/2017\/01\/Pals-2016-305-300x200.jpg 300w, http:\/\/menzendorff.de\/wp-content\/uploads\/2017\/01\/Pals-2016-305-768x512.jpg 768w, http:\/\/menzendorff.de\/wp-content\/uploads\/2017\/01\/Pals-2016-305-624x416.jpg 624w\" sizes=\"(max-width: 625px) 100vw, 625px\" \/><\/a>Hauptportal<\/p>\n<p><a href=\"http:\/\/menzendorff.de\/wp-content\/uploads\/2017\/01\/Pals-2016-310.jpg\"><img loading=\"lazy\" class=\"aligncenter size-large wp-image-997\" src=\"http:\/\/menzendorff.de\/wp-content\/uploads\/2017\/01\/Pals-2016-310-1024x683.jpg\" alt=\"Pals 2016 310\" width=\"625\" height=\"417\" srcset=\"http:\/\/menzendorff.de\/wp-content\/uploads\/2017\/01\/Pals-2016-310.jpg 1024w, http:\/\/menzendorff.de\/wp-content\/uploads\/2017\/01\/Pals-2016-310-300x200.jpg 300w, http:\/\/menzendorff.de\/wp-content\/uploads\/2017\/01\/Pals-2016-310-768x512.jpg 768w, http:\/\/menzendorff.de\/wp-content\/uploads\/2017\/01\/Pals-2016-310-624x416.jpg 624w\" sizes=\"(max-width: 625px) 100vw, 625px\" \/><\/a>Die seitlichen St\u00fctzen wurden 1954 bei Instandsetzungsarbeiten angebracht.<\/p>\n<p><a href=\"http:\/\/menzendorff.de\/wp-content\/uploads\/2017\/01\/Pals-2016-315.jpg\"><img loading=\"lazy\" class=\"aligncenter size-large wp-image-998\" src=\"http:\/\/menzendorff.de\/wp-content\/uploads\/2017\/01\/Pals-2016-315-1024x683.jpg\" alt=\"Pals 2016 315\" width=\"625\" height=\"417\" srcset=\"http:\/\/menzendorff.de\/wp-content\/uploads\/2017\/01\/Pals-2016-315.jpg 1024w, http:\/\/menzendorff.de\/wp-content\/uploads\/2017\/01\/Pals-2016-315-300x200.jpg 300w, http:\/\/menzendorff.de\/wp-content\/uploads\/2017\/01\/Pals-2016-315-768x512.jpg 768w, http:\/\/menzendorff.de\/wp-content\/uploads\/2017\/01\/Pals-2016-315-624x416.jpg 624w\" sizes=\"(max-width: 625px) 100vw, 625px\" \/><\/a>Die Kirche Sant Mart\u00ed diente sowohl der Gemeinde als Pfarreikirche als auch den Templern. Die L\u00e4ndereien erhielten die Templer im Jahre 1187 von einem Troubadour namens Guillem de Beguerd\u00e0. (Fuguet et al., S. 82) Sie errichteten ein <em>castillo<\/em>, dessen Reste in ein modernes Privathaus umgestaltet wurden (<a href=\"http:\/\/www.monestirs.cat\/monst\/bergue\/cbg22coma.htm\" target=\"_blank\" rel=\"noopener\">Monasterios de Catalunya<\/a>).\u00a0 Am Fusse dieser H\u00fcgel schl\u00e4ngelt sich der Flu\u00df Llobregat durch eine von den Templern errichtete Br\u00fccke. Dort betrieben die Templer M\u00fchlen (Fuguet et al., S. 82)<\/p>\n<p><span style=\"font-size: xx-large;\">Sant Sadurn\u00ed de Fonollet<\/span><\/p>\n<p>Zur Komturei von Puig-reig geh\u00f6rten noch drei untergeordnete Kapellen, Sant Sadurni de Fonollet, Sant Joan Degollat und Sant Andreu (aaO, S. 83). Ich konnte die erstgenannte im Navi finden. Sie war etwa 13 Km entfernt.<\/p>\n<p style=\"text-align: center;\"><a href=\"http:\/\/menzendorff.de\/wp-content\/uploads\/2017\/01\/Pals-2016-321.jpg\"><img loading=\"lazy\" class=\"aligncenter size-large wp-image-1000\" src=\"http:\/\/menzendorff.de\/wp-content\/uploads\/2017\/01\/Pals-2016-321-1024x683.jpg\" alt=\"Pals 2016 321\" width=\"625\" height=\"417\" srcset=\"http:\/\/menzendorff.de\/wp-content\/uploads\/2017\/01\/Pals-2016-321.jpg 1024w, http:\/\/menzendorff.de\/wp-content\/uploads\/2017\/01\/Pals-2016-321-300x200.jpg 300w, http:\/\/menzendorff.de\/wp-content\/uploads\/2017\/01\/Pals-2016-321-768x512.jpg 768w, http:\/\/menzendorff.de\/wp-content\/uploads\/2017\/01\/Pals-2016-321-624x416.jpg 624w\" sizes=\"(max-width: 625px) 100vw, 625px\" \/><\/a>Sant Sadurn\u00ed de Fonollet.<\/p>\n<p><a href=\"http:\/\/menzendorff.de\/wp-content\/uploads\/2017\/01\/Pals-2016-326.jpg\"><img loading=\"lazy\" class=\"aligncenter size-large wp-image-1001\" src=\"http:\/\/menzendorff.de\/wp-content\/uploads\/2017\/01\/Pals-2016-326-1024x683.jpg\" alt=\"Pals 2016 326\" width=\"625\" height=\"417\" srcset=\"http:\/\/menzendorff.de\/wp-content\/uploads\/2017\/01\/Pals-2016-326.jpg 1024w, http:\/\/menzendorff.de\/wp-content\/uploads\/2017\/01\/Pals-2016-326-300x200.jpg 300w, http:\/\/menzendorff.de\/wp-content\/uploads\/2017\/01\/Pals-2016-326-768x512.jpg 768w, http:\/\/menzendorff.de\/wp-content\/uploads\/2017\/01\/Pals-2016-326-624x416.jpg 624w\" sizes=\"(max-width: 625px) 100vw, 625px\" \/><\/a>Auch diese Besitzungen erwarben die Templer 1187 von Guillem de Beguerd\u00e0. <em>El lloc fou cedit pel trobador Guillem de Bergued\u00e0 als Templers l&#8217;any 1187. L&#8217;esgl\u00e9sia era sufrag\u00e0nia de la de Sant Mart\u00ed de Puig-reig, almenys aix\u00ed consta en una visita pastoral de l&#8217;any 1312.\u00a0<\/em> <a href=\"https:\/\/ca.wikipedia.org\/wiki\/Sant_Sadurn%C3%AD_de_Fonollet\" target=\"_blank\" rel=\"noopener\">Wikipedia<\/a><\/p>\n<p style=\"text-align: center;\"><a href=\"http:\/\/menzendorff.de\/wp-content\/uploads\/2017\/01\/Pals-2016-328.jpg\"><img loading=\"lazy\" class=\"aligncenter size-large wp-image-1002\" src=\"http:\/\/menzendorff.de\/wp-content\/uploads\/2017\/01\/Pals-2016-328-1024x683.jpg\" alt=\"Pals 2016 328\" width=\"625\" height=\"417\" srcset=\"http:\/\/menzendorff.de\/wp-content\/uploads\/2017\/01\/Pals-2016-328.jpg 1024w, http:\/\/menzendorff.de\/wp-content\/uploads\/2017\/01\/Pals-2016-328-300x200.jpg 300w, http:\/\/menzendorff.de\/wp-content\/uploads\/2017\/01\/Pals-2016-328-768x512.jpg 768w, http:\/\/menzendorff.de\/wp-content\/uploads\/2017\/01\/Pals-2016-328-624x416.jpg 624w\" sizes=\"(max-width: 625px) 100vw, 625px\" \/><\/a>Detail: romanisches Fenster \u00fcber der Westpforte.<\/p>\n<p><a href=\"http:\/\/menzendorff.de\/wp-content\/uploads\/2017\/01\/Pals-2016-333.jpg\"><img loading=\"lazy\" class=\"aligncenter size-large wp-image-1003\" src=\"http:\/\/menzendorff.de\/wp-content\/uploads\/2017\/01\/Pals-2016-333-1024x683.jpg\" alt=\"Pals 2016 333\" width=\"625\" height=\"417\" srcset=\"http:\/\/menzendorff.de\/wp-content\/uploads\/2017\/01\/Pals-2016-333.jpg 1024w, http:\/\/menzendorff.de\/wp-content\/uploads\/2017\/01\/Pals-2016-333-300x200.jpg 300w, http:\/\/menzendorff.de\/wp-content\/uploads\/2017\/01\/Pals-2016-333-768x512.jpg 768w, http:\/\/menzendorff.de\/wp-content\/uploads\/2017\/01\/Pals-2016-333-624x416.jpg 624w\" sizes=\"(max-width: 625px) 100vw, 625px\" \/><\/a>Ich verlie\u00df die comarca Beguerd\u00e0 nach S\u00fcden und machte mich auf in die Nachbarprovinz Lleida.<\/p>\n<p><span style=\"font-size: xx-large;\">2 Provincia de Lleida<\/span><\/p>\n<p><span style=\"font-size: xx-large;\">2.1 Comarca Pla d&#8217;Urgell<br \/>\n<\/span><\/p>\n<p><span style=\"font-size: xx-large;\">Barbens<\/span><\/p>\n<p>Nach etwas mehr als einer Stunde erreichte ich den Ort Barbens in tiefem Mittagsschlaf. Es war sonnig warm und absolut niemand war auf der Strasse, den ich h\u00e4tte nach dem Weg fragen k\u00f6nnen. Das erwies sich auch als unn\u00f6tig, denn der Ort ist recht klein. Ich durchquerte die Altstadt auf der Hauptstrasse und gelangte nach wenigen Minuten zu einem verlassenen Platz:<\/p>\n<p><a href=\"http:\/\/menzendorff.de\/wp-content\/uploads\/2017\/01\/Pals-2016-336.jpg\"><img loading=\"lazy\" class=\"aligncenter size-large wp-image-1005\" src=\"http:\/\/menzendorff.de\/wp-content\/uploads\/2017\/01\/Pals-2016-336-1024x683.jpg\" alt=\"Pals 2016 336\" width=\"625\" height=\"417\" srcset=\"http:\/\/menzendorff.de\/wp-content\/uploads\/2017\/01\/Pals-2016-336.jpg 1024w, http:\/\/menzendorff.de\/wp-content\/uploads\/2017\/01\/Pals-2016-336-300x200.jpg 300w, http:\/\/menzendorff.de\/wp-content\/uploads\/2017\/01\/Pals-2016-336-768x512.jpg 768w, http:\/\/menzendorff.de\/wp-content\/uploads\/2017\/01\/Pals-2016-336-624x416.jpg 624w\" sizes=\"(max-width: 625px) 100vw, 625px\" \/><\/a><\/p>\n<p>Es schien niemanden zu st\u00f6ren, dass ich mein Auto vorerst mitten auf dem Platz abstellte. Das Malteserkreuz im Wappen der Gemeinde zeigt mir erneut, dass offenbar in Spanien (ebenso wie in Italien) die Erinnerung an die Kreuzritter deutlicher aufrechterhalten wird, als etwa in Frankreich, wo bis heute noch h\u00e4ufig jedwede Hinweise auf Templerbesitzungen fehlen. Es war faszinierend. Rund um den Platz waren mehr oder weniger gut erhaltene Reste mittalterlicher Geb\u00e4ude teilweise in eine moderne Bebauung integriert worden.<\/p>\n<p style=\"text-align: center;\"><a href=\"http:\/\/menzendorff.de\/wp-content\/uploads\/2017\/01\/Pals-2016-340.jpg\"><img loading=\"lazy\" class=\"aligncenter size-large wp-image-1007\" src=\"http:\/\/menzendorff.de\/wp-content\/uploads\/2017\/01\/Pals-2016-340-683x1024.jpg\" alt=\"Pals 2016 340\" width=\"625\" height=\"937\" srcset=\"http:\/\/menzendorff.de\/wp-content\/uploads\/2017\/01\/Pals-2016-340.jpg 683w, http:\/\/menzendorff.de\/wp-content\/uploads\/2017\/01\/Pals-2016-340-200x300.jpg 200w, http:\/\/menzendorff.de\/wp-content\/uploads\/2017\/01\/Pals-2016-340-624x936.jpg 624w\" sizes=\"(max-width: 625px) 100vw, 625px\" \/><\/a>Esglesia Parroquia Santa Maria de Barbens<\/p>\n<p>&nbsp;<\/p>\n<p style=\"text-align: center;\"><a href=\"http:\/\/menzendorff.de\/wp-content\/uploads\/2017\/01\/Pals-2016-342.jpg\"><img loading=\"lazy\" class=\"aligncenter size-large wp-image-1008\" src=\"http:\/\/menzendorff.de\/wp-content\/uploads\/2017\/01\/Pals-2016-342-1024x683.jpg\" alt=\"Pals 2016 342\" width=\"625\" height=\"417\" srcset=\"http:\/\/menzendorff.de\/wp-content\/uploads\/2017\/01\/Pals-2016-342.jpg 1024w, http:\/\/menzendorff.de\/wp-content\/uploads\/2017\/01\/Pals-2016-342-300x200.jpg 300w, http:\/\/menzendorff.de\/wp-content\/uploads\/2017\/01\/Pals-2016-342-768x512.jpg 768w, http:\/\/menzendorff.de\/wp-content\/uploads\/2017\/01\/Pals-2016-342-624x416.jpg 624w\" sizes=\"(max-width: 625px) 100vw, 625px\" \/><\/a>Westfassade und Hauptportal<\/p>\n<p style=\"text-align: center;\"><a href=\"http:\/\/menzendorff.de\/wp-content\/uploads\/2017\/01\/Pals-2016-337.jpg\"><img loading=\"lazy\" class=\"aligncenter size-large wp-image-1006\" src=\"http:\/\/menzendorff.de\/wp-content\/uploads\/2017\/01\/Pals-2016-337-1024x683.jpg\" alt=\"Pals 2016 337\" width=\"625\" height=\"417\" srcset=\"http:\/\/menzendorff.de\/wp-content\/uploads\/2017\/01\/Pals-2016-337.jpg 1024w, http:\/\/menzendorff.de\/wp-content\/uploads\/2017\/01\/Pals-2016-337-300x200.jpg 300w, http:\/\/menzendorff.de\/wp-content\/uploads\/2017\/01\/Pals-2016-337-768x512.jpg 768w, http:\/\/menzendorff.de\/wp-content\/uploads\/2017\/01\/Pals-2016-337-624x416.jpg 624w\" sizes=\"(max-width: 625px) 100vw, 625px\" \/><\/a>Geb\u00e4ude aus dem 17. Jahrhundert.<\/p>\n<p style=\"text-align: center;\"><a href=\"http:\/\/menzendorff.de\/wp-content\/uploads\/2017\/01\/Pals-2016-345.jpg\"><img loading=\"lazy\" class=\"aligncenter size-large wp-image-1009\" src=\"http:\/\/menzendorff.de\/wp-content\/uploads\/2017\/01\/Pals-2016-345-1024x683.jpg\" alt=\"Pals 2016 345\" width=\"625\" height=\"417\" srcset=\"http:\/\/menzendorff.de\/wp-content\/uploads\/2017\/01\/Pals-2016-345.jpg 1024w, http:\/\/menzendorff.de\/wp-content\/uploads\/2017\/01\/Pals-2016-345-300x200.jpg 300w, http:\/\/menzendorff.de\/wp-content\/uploads\/2017\/01\/Pals-2016-345-768x512.jpg 768w, http:\/\/menzendorff.de\/wp-content\/uploads\/2017\/01\/Pals-2016-345-624x416.jpg 624w\" sizes=\"(max-width: 625px) 100vw, 625px\" \/><\/a>Portal der Stadtverwaltung, die im ehemaligen Malteserpalast untergebracht ist. Die Inschrift ist verr\u00e4t, dass die Komturei von dem Ritter Emmanuele de Montoliu y de Buxados im Jahre 1763 restauriert wurde.<\/p>\n<p style=\"text-align: center;\"><a href=\"http:\/\/menzendorff.de\/wp-content\/uploads\/2017\/01\/Pals-2016-345-1.jpg\"><img loading=\"lazy\" class=\"aligncenter size-large wp-image-1069\" src=\"http:\/\/menzendorff.de\/wp-content\/uploads\/2017\/01\/Pals-2016-345-1-1024x254.jpg\" alt=\"Pals 2016 345\" width=\"625\" height=\"155\" srcset=\"http:\/\/menzendorff.de\/wp-content\/uploads\/2017\/01\/Pals-2016-345-1.jpg 1024w, http:\/\/menzendorff.de\/wp-content\/uploads\/2017\/01\/Pals-2016-345-1-300x74.jpg 300w, http:\/\/menzendorff.de\/wp-content\/uploads\/2017\/01\/Pals-2016-345-1-768x191.jpg 768w, http:\/\/menzendorff.de\/wp-content\/uploads\/2017\/01\/Pals-2016-345-1-624x155.jpg 624w\" sizes=\"(max-width: 625px) 100vw, 625px\" \/><\/a>Solche Inschriften der Malteser m\u00fcssen mitte des 18. Jahrhunderts modern geworden sein. Hier ein Beispiel aus Belgien:<\/p>\n<p style=\"text-align: center;\"><a href=\"http:\/\/menzendorff.de\/wp-content\/uploads\/2017\/01\/Vir\u00e9.jpg\"><img loading=\"lazy\" class=\"aligncenter size-large wp-image-1073\" src=\"http:\/\/menzendorff.de\/wp-content\/uploads\/2017\/01\/Vir\u00e9-1024x256.jpg\" alt=\"Vir\u00e9\" width=\"625\" height=\"156\" srcset=\"http:\/\/menzendorff.de\/wp-content\/uploads\/2017\/01\/Vir\u00e9-1024x256.jpg 1024w, http:\/\/menzendorff.de\/wp-content\/uploads\/2017\/01\/Vir\u00e9-300x75.jpg 300w, http:\/\/menzendorff.de\/wp-content\/uploads\/2017\/01\/Vir\u00e9-768x192.jpg 768w, http:\/\/menzendorff.de\/wp-content\/uploads\/2017\/01\/Vir\u00e9-624x156.jpg 624w\" sizes=\"(max-width: 625px) 100vw, 625px\" \/><\/a>Commanderie de Vis\u00e9, Province de Li\u00e8ge, Belgien<\/p>\n<p><a href=\"http:\/\/menzendorff.de\/wp-content\/uploads\/2017\/01\/Pals-2016-346.jpg\"><img loading=\"lazy\" class=\"aligncenter size-large wp-image-1010\" src=\"http:\/\/menzendorff.de\/wp-content\/uploads\/2017\/01\/Pals-2016-346-1024x683.jpg\" alt=\"Pals 2016 346\" width=\"625\" height=\"417\" srcset=\"http:\/\/menzendorff.de\/wp-content\/uploads\/2017\/01\/Pals-2016-346.jpg 1024w, http:\/\/menzendorff.de\/wp-content\/uploads\/2017\/01\/Pals-2016-346-300x200.jpg 300w, http:\/\/menzendorff.de\/wp-content\/uploads\/2017\/01\/Pals-2016-346-768x512.jpg 768w, http:\/\/menzendorff.de\/wp-content\/uploads\/2017\/01\/Pals-2016-346-624x416.jpg 624w\" sizes=\"(max-width: 625px) 100vw, 625px\" \/><\/a>Die Gr\u00fcndung der <em>comanda templera<\/em> <em>de Barbens <\/em>erfolgte im Jahre 1168 anl\u00e4\u00dflich der Erweiterung der<em> comanda templera de Gardeny<\/em>, die hier in einem Gebiet mit ertragreichem Getreideanbau L\u00e4ndereien dazu erwarb (Fuguet et a., S. 93). Der Kern der Gemeinde Barbens ging sodann aus dieser befestigten landwirtschaftlichen Komturei hervor (aaO, S. 94). Die Reste der Befestigung zeigen sich auf der Aussenseite des Palastes aus der Johanniterzeit.<\/p>\n<p style=\"text-align: left;\"><a href=\"http:\/\/menzendorff.de\/wp-content\/uploads\/2017\/01\/Pals-2016-348.jpg\"><img loading=\"lazy\" class=\"aligncenter size-large wp-image-1011\" src=\"http:\/\/menzendorff.de\/wp-content\/uploads\/2017\/01\/Pals-2016-348-1024x683.jpg\" alt=\"Pals 2016 348\" width=\"625\" height=\"417\" srcset=\"http:\/\/menzendorff.de\/wp-content\/uploads\/2017\/01\/Pals-2016-348.jpg 1024w, http:\/\/menzendorff.de\/wp-content\/uploads\/2017\/01\/Pals-2016-348-300x200.jpg 300w, http:\/\/menzendorff.de\/wp-content\/uploads\/2017\/01\/Pals-2016-348-768x512.jpg 768w, http:\/\/menzendorff.de\/wp-content\/uploads\/2017\/01\/Pals-2016-348-624x416.jpg 624w\" sizes=\"(max-width: 625px) 100vw, 625px\" \/><\/a>Komturei heisst auf katalanisch <em>comanda<\/em> und auf spanisch <em>encomienda<\/em><em>.<\/em><\/p>\n<p style=\"text-align: left;\">Das Geb\u00e4ude ist ersichtlich erst k\u00fcrzlich grundlegend renoviert worden. Die Web-Seite<\/p>\n<p style=\"text-align: left;\"><a href=\"http:\/\/images.google.de\/imgres?imgurl=http:\/\/www.monestirs.cat\/monst\/plaur\/pu01barb\/Barbens-01.jpg&amp;imgrefurl=http:\/\/www.monestirs.cat\/monst\/plaur\/cpu01mari.htm&amp;h=200&amp;w=300&amp;tbnid=AyWvf6tZCnUMdM:&amp;vet=1&amp;tbnh=90&amp;tbnw=135&amp;docid=HepxadaUDva14M&amp;client=firefox-b&amp;usg=__X-uQKdtV2Gmp8RVAvU4bZB5sZDI=&amp;sa=X&amp;ved=0ahUKEwjpqv_61OfRAhUCSBQKHTotB-kQ9QEILzAE\">Monasterios de Catalunya<\/a><em><br \/>\n<\/em><\/p>\n<p style=\"text-align: left;\">zeigt den Zustand der Geb\u00e4ude von 2003.<\/p>\n<p><span style=\"font-size: xx-large;\">2.2 Comarca Segri\u00e0<br \/>\n<\/span><\/p>\n<p><span style=\"font-size: xx-large;\">Vilanova de la Barca<\/span><\/p>\n<p>Mein n\u00e4chstes Etappenziel lag etwa 30 km westlich in Richtung der Provinzhauptstadt Lleida in der Comarca Segri\u00e0.<\/p>\n<p><a href=\"http:\/\/menzendorff.de\/wp-content\/uploads\/2017\/01\/Pals-2016-356.jpg\"><img loading=\"lazy\" class=\"aligncenter size-large wp-image-1015\" src=\"http:\/\/menzendorff.de\/wp-content\/uploads\/2017\/01\/Pals-2016-356-1024x683.jpg\" alt=\"Pals 2016 356\" width=\"625\" height=\"417\" srcset=\"http:\/\/menzendorff.de\/wp-content\/uploads\/2017\/01\/Pals-2016-356.jpg 1024w, http:\/\/menzendorff.de\/wp-content\/uploads\/2017\/01\/Pals-2016-356-300x200.jpg 300w, http:\/\/menzendorff.de\/wp-content\/uploads\/2017\/01\/Pals-2016-356-768x512.jpg 768w, http:\/\/menzendorff.de\/wp-content\/uploads\/2017\/01\/Pals-2016-356-624x416.jpg 624w\" sizes=\"(max-width: 625px) 100vw, 625px\" \/><\/a><\/p>\n<p style=\"text-align: center;\">Esglesia Santa Maria, <strong>25612 Vilanova de la Barca<\/strong><\/p>\n<p><a href=\"http:\/\/menzendorff.de\/wp-content\/uploads\/2017\/01\/Pals-2016-361.jpg\"><img loading=\"lazy\" class=\"aligncenter size-large wp-image-1016\" src=\"http:\/\/menzendorff.de\/wp-content\/uploads\/2017\/01\/Pals-2016-361-1024x683.jpg\" alt=\"Pals 2016 361\" width=\"625\" height=\"417\" srcset=\"http:\/\/menzendorff.de\/wp-content\/uploads\/2017\/01\/Pals-2016-361.jpg 1024w, http:\/\/menzendorff.de\/wp-content\/uploads\/2017\/01\/Pals-2016-361-300x200.jpg 300w, http:\/\/menzendorff.de\/wp-content\/uploads\/2017\/01\/Pals-2016-361-768x512.jpg 768w, http:\/\/menzendorff.de\/wp-content\/uploads\/2017\/01\/Pals-2016-361-624x416.jpg 624w\" sizes=\"(max-width: 625px) 100vw, 625px\" \/><\/a>Die Kirche ist ersichtlich erst vor einigen Jahren saniert worden, wobei man darauf Wert legte, dass die moderne Bausubstanz sich deutlich von dem Vorbefund abhebt. Schr\u00e4g gegen\u00fcber befand sich ein Bauhof, was zur der Annahme berechtigt, dass die Ma\u00dfnahmen dieses Projektes auch noch nicht komplett abgeschlossen sind.<\/p>\n<p>Zustand in 2016:<\/p>\n<p><a href=\"http:\/\/menzendorff.de\/wp-content\/uploads\/2017\/01\/Pals-2016-352.jpg\"><img loading=\"lazy\" class=\"aligncenter size-large wp-image-1014\" src=\"http:\/\/menzendorff.de\/wp-content\/uploads\/2017\/01\/Pals-2016-352-1024x683.jpg\" alt=\"Pals 2016 352\" width=\"625\" height=\"417\" srcset=\"http:\/\/menzendorff.de\/wp-content\/uploads\/2017\/01\/Pals-2016-352.jpg 1024w, http:\/\/menzendorff.de\/wp-content\/uploads\/2017\/01\/Pals-2016-352-300x200.jpg 300w, http:\/\/menzendorff.de\/wp-content\/uploads\/2017\/01\/Pals-2016-352-768x512.jpg 768w, http:\/\/menzendorff.de\/wp-content\/uploads\/2017\/01\/Pals-2016-352-624x416.jpg 624w\" sizes=\"(max-width: 625px) 100vw, 625px\" \/><\/a><\/p>\n<p>Zustand bis 2005:<\/p>\n<p style=\"text-align: center;\"><a href=\"http:\/\/menzendorff.de\/wp-content\/uploads\/2016\/05\/Barca-1.jpg\"><img loading=\"lazy\" class=\"aligncenter size-large wp-image-1081\" src=\"http:\/\/menzendorff.de\/wp-content\/uploads\/2016\/05\/Barca-1-1024x624.jpg\" alt=\"Barca\" width=\"625\" height=\"381\" srcset=\"http:\/\/menzendorff.de\/wp-content\/uploads\/2016\/05\/Barca-1.jpg 1024w, http:\/\/menzendorff.de\/wp-content\/uploads\/2016\/05\/Barca-1-300x183.jpg 300w, http:\/\/menzendorff.de\/wp-content\/uploads\/2016\/05\/Barca-1-768x468.jpg 768w, http:\/\/menzendorff.de\/wp-content\/uploads\/2016\/05\/Barca-1-624x380.jpg 624w\" sizes=\"(max-width: 625px) 100vw, 625px\" \/><\/a>(Quelle: Los templarios en la pen\u00ednsula ib\u00e9rica, J. Fuguet und C. Plaza, Barcelona, 2005)<\/p>\n<p><span style=\"font-size: xx-large;\">Vilanova de la Segri\u00e0<br \/>\n<\/span><\/p>\n<p>Die n\u00e4chste Etappe erreichte ich in ca. 20 Minuten. Auch hier stelle ich fest, dass die Kirche sich in einem komplett durchrestaurierten Zustand befindet. Die spanischen Denkmalsch\u00fctzer setzten auch hier auf die Verwendung von leicht erkennbarem Ersatzmaterial:<\/p>\n<p style=\"text-align: center;\"><a href=\"http:\/\/menzendorff.de\/wp-content\/uploads\/2017\/01\/Pals-2016-363.jpg\"><img loading=\"lazy\" class=\"aligncenter size-large wp-image-1017\" src=\"http:\/\/menzendorff.de\/wp-content\/uploads\/2017\/01\/Pals-2016-363-1024x683.jpg\" alt=\"Pals 2016 363\" width=\"625\" height=\"417\" srcset=\"http:\/\/menzendorff.de\/wp-content\/uploads\/2017\/01\/Pals-2016-363.jpg 1024w, http:\/\/menzendorff.de\/wp-content\/uploads\/2017\/01\/Pals-2016-363-300x200.jpg 300w, http:\/\/menzendorff.de\/wp-content\/uploads\/2017\/01\/Pals-2016-363-768x512.jpg 768w, http:\/\/menzendorff.de\/wp-content\/uploads\/2017\/01\/Pals-2016-363-624x416.jpg 624w\" sizes=\"(max-width: 625px) 100vw, 625px\" \/><\/a>Esglesia de Sant Sebasti\u00e0, <strong>25133 Vilanova de la Barca<\/strong><\/p>\n<p><a href=\"http:\/\/menzendorff.de\/wp-content\/uploads\/2017\/01\/Pals-2016-366.jpg\"><img loading=\"lazy\" class=\"aligncenter size-large wp-image-1018\" src=\"http:\/\/menzendorff.de\/wp-content\/uploads\/2017\/01\/Pals-2016-366-1024x683.jpg\" alt=\"Pals 2016 366\" width=\"625\" height=\"417\" srcset=\"http:\/\/menzendorff.de\/wp-content\/uploads\/2017\/01\/Pals-2016-366.jpg 1024w, http:\/\/menzendorff.de\/wp-content\/uploads\/2017\/01\/Pals-2016-366-300x200.jpg 300w, http:\/\/menzendorff.de\/wp-content\/uploads\/2017\/01\/Pals-2016-366-768x512.jpg 768w, http:\/\/menzendorff.de\/wp-content\/uploads\/2017\/01\/Pals-2016-366-624x416.jpg 624w\" sizes=\"(max-width: 625px) 100vw, 625px\" \/><\/a>St. Sebastian ist der Schutzpatron der Stadt. Im Wappen befinden sich zwei gekreuzte Pfeile auf gr\u00fcnem Grund.<\/p>\n<p style=\"text-align: center;\"><a href=\"http:\/\/menzendorff.de\/wp-content\/uploads\/2017\/01\/Pals-2016-367.jpg\"><img loading=\"lazy\" class=\"aligncenter size-large wp-image-1019\" src=\"http:\/\/menzendorff.de\/wp-content\/uploads\/2017\/01\/Pals-2016-367-1024x683.jpg\" alt=\"Pals 2016 367\" width=\"625\" height=\"417\" srcset=\"http:\/\/menzendorff.de\/wp-content\/uploads\/2017\/01\/Pals-2016-367.jpg 1024w, http:\/\/menzendorff.de\/wp-content\/uploads\/2017\/01\/Pals-2016-367-300x200.jpg 300w, http:\/\/menzendorff.de\/wp-content\/uploads\/2017\/01\/Pals-2016-367-768x512.jpg 768w, http:\/\/menzendorff.de\/wp-content\/uploads\/2017\/01\/Pals-2016-367-624x416.jpg 624w\" sizes=\"(max-width: 625px) 100vw, 625px\" \/><\/a>halbkreisf\u00f6rmige Ostapsis<\/p>\n<p style=\"text-align: center;\"><a href=\"http:\/\/menzendorff.de\/wp-content\/uploads\/2017\/01\/Pals-2016-368.jpg\"><img loading=\"lazy\" class=\"aligncenter size-large wp-image-1020\" src=\"http:\/\/menzendorff.de\/wp-content\/uploads\/2017\/01\/Pals-2016-368-1024x683.jpg\" alt=\"Pals 2016 368\" width=\"625\" height=\"417\" srcset=\"http:\/\/menzendorff.de\/wp-content\/uploads\/2017\/01\/Pals-2016-368.jpg 1024w, http:\/\/menzendorff.de\/wp-content\/uploads\/2017\/01\/Pals-2016-368-300x200.jpg 300w, http:\/\/menzendorff.de\/wp-content\/uploads\/2017\/01\/Pals-2016-368-768x512.jpg 768w, http:\/\/menzendorff.de\/wp-content\/uploads\/2017\/01\/Pals-2016-368-624x416.jpg 624w\" sizes=\"(max-width: 625px) 100vw, 625px\" \/><\/a>Sicht von S\u00fcdost<\/p>\n<p style=\"text-align: left;\">Ich hatte den s\u00fcdwestlichsten Punkt meiner Tagesreise erreicht und konnte so langsam an die R\u00fcckfahrt denken. Zun\u00e4chst einmal musste ich wieder Richtung K\u00fcste fahren.<\/p>\n<p><span style=\"font-size: xx-large;\">3 Provincia de Tarragona<\/span><\/p>\n<p><span style=\"font-size: xx-large;\">3.1 Comarca Conca de la Barber\u00e0<br \/>\n<\/span><\/p>\n<p><span style=\"font-size: xx-large;\">Barber\u00e0 de la Conca<\/span><\/p>\n<p>Mein n\u00e4chstes und letztes Ziel f\u00fcr den Ausflug hatte ich mir in Barber\u00e0 in der comarca Conca gesetzt. Der Ort lag etwa 1 Autostunde s\u00fcd\u00f6stlich von Vilanova. Man mu\u00df hier etwas acht geben, denn es gibt noch einen Ort weiteren namens Barber\u00e0 in der N\u00e4he, der aber zwischen Sabadell und Badalona liegt. Das ist aber schon die comarca Vall\u00e8s. Zur besseren Unterscheidung gibt man den Namen der comarca regelm\u00e4ssig mit an. Es war schon nachmittags, als ich ankam. Ich parkte am Ortseingang am Fu\u00dfe dieser Strasse hier und machte mich an den Anstieg. Im Hintergrund sah man schon die befestigte <em>comanda<\/em> de <strong>Barber\u00e0:<\/strong><\/p>\n<p style=\"text-align: center;\"><a href=\"http:\/\/menzendorff.de\/wp-content\/uploads\/2017\/01\/Pals-2016-375-1.jpg\"><img loading=\"lazy\" class=\"aligncenter size-large wp-image-1023\" src=\"http:\/\/menzendorff.de\/wp-content\/uploads\/2017\/01\/Pals-2016-375-1-1024x683.jpg\" alt=\"Pals 2016 375\" width=\"625\" height=\"417\" srcset=\"http:\/\/menzendorff.de\/wp-content\/uploads\/2017\/01\/Pals-2016-375-1.jpg 1024w, http:\/\/menzendorff.de\/wp-content\/uploads\/2017\/01\/Pals-2016-375-1-300x200.jpg 300w, http:\/\/menzendorff.de\/wp-content\/uploads\/2017\/01\/Pals-2016-375-1-768x512.jpg 768w, http:\/\/menzendorff.de\/wp-content\/uploads\/2017\/01\/Pals-2016-375-1-624x416.jpg 624w\" sizes=\"(max-width: 625px) 100vw, 625px\" \/><\/a>Carrer de Promas\u00f3, <strong>Barber\u00e0 de la Conca<\/strong><\/p>\n<p style=\"text-align: center;\"><a href=\"http:\/\/menzendorff.de\/wp-content\/uploads\/2017\/01\/Pals-2016-378.jpg\"><img loading=\"lazy\" class=\"aligncenter size-large wp-image-1024\" src=\"http:\/\/menzendorff.de\/wp-content\/uploads\/2017\/01\/Pals-2016-378-1024x683.jpg\" alt=\"Pals 2016 378\" width=\"625\" height=\"417\" srcset=\"http:\/\/menzendorff.de\/wp-content\/uploads\/2017\/01\/Pals-2016-378.jpg 1024w, http:\/\/menzendorff.de\/wp-content\/uploads\/2017\/01\/Pals-2016-378-300x200.jpg 300w, http:\/\/menzendorff.de\/wp-content\/uploads\/2017\/01\/Pals-2016-378-768x512.jpg 768w, http:\/\/menzendorff.de\/wp-content\/uploads\/2017\/01\/Pals-2016-378-624x416.jpg 624w\" sizes=\"(max-width: 625px) 100vw, 625px\" \/><\/a>Ups. Das sah schon von weitem sehr geschlossen aus&#8230;<\/p>\n<p style=\"text-align: center;\"><a href=\"http:\/\/menzendorff.de\/wp-content\/uploads\/2017\/01\/Pals-2016-381.jpg\"><img loading=\"lazy\" class=\"aligncenter size-large wp-image-1025\" src=\"http:\/\/menzendorff.de\/wp-content\/uploads\/2017\/01\/Pals-2016-381-1024x683.jpg\" alt=\"Pals 2016 381\" width=\"625\" height=\"417\" srcset=\"http:\/\/menzendorff.de\/wp-content\/uploads\/2017\/01\/Pals-2016-381.jpg 1024w, http:\/\/menzendorff.de\/wp-content\/uploads\/2017\/01\/Pals-2016-381-300x200.jpg 300w, http:\/\/menzendorff.de\/wp-content\/uploads\/2017\/01\/Pals-2016-381-768x512.jpg 768w, http:\/\/menzendorff.de\/wp-content\/uploads\/2017\/01\/Pals-2016-381-624x416.jpg 624w\" sizes=\"(max-width: 625px) 100vw, 625px\" \/><\/a>&#8230; und der Befund verbesserte sich nicht, als ich die Pforte erreichte. Zu! Samstags nachmittags eigentlich auch kein Wunder. Hier w\u00fcrde ich nochmal herkommen m\u00fcssen.<\/p>\n<p><a href=\"http:\/\/menzendorff.de\/wp-content\/uploads\/2017\/01\/Pals-2016-383.jpg\"><img loading=\"lazy\" class=\"aligncenter size-large wp-image-1026\" src=\"http:\/\/menzendorff.de\/wp-content\/uploads\/2017\/01\/Pals-2016-383-1024x683.jpg\" alt=\"Pals 2016 383\" width=\"625\" height=\"417\" srcset=\"http:\/\/menzendorff.de\/wp-content\/uploads\/2017\/01\/Pals-2016-383.jpg 1024w, http:\/\/menzendorff.de\/wp-content\/uploads\/2017\/01\/Pals-2016-383-300x200.jpg 300w, http:\/\/menzendorff.de\/wp-content\/uploads\/2017\/01\/Pals-2016-383-768x512.jpg 768w, http:\/\/menzendorff.de\/wp-content\/uploads\/2017\/01\/Pals-2016-383-624x416.jpg 624w\" sizes=\"(max-width: 625px) 100vw, 625px\" \/><\/a>Auf diesem Schild konnte ich erkennen, was ich innen alles verpasste. Ich vertr\u00f6ste einstweilen\u00a0 meine Leser mit Fotos aus dem Innenbereichs aus der schon mehrfach von mir empfohlenen Seite <a href=\"http:\/\/www.monestirs.cat\/monst\/conca\/cco01salv.htm\">Monasterios de Catalunya.<\/a><\/p>\n<p>F\u00fcr die R\u00fcckfahrt w\u00fcrde ich zweieinhalb Stunden brauchen, soda\u00df ich die Reise hier abbrach und rechtzeitig zum Abendessen zuhause eintraf.<\/p>\n<p><span style=\"font-size: xx-large;\">1.1 Comarca <span class=\"st\">Vall\u00e8s Occidental<\/span><\/span><\/p>\n<p><span style=\"font-size: xx-large;\">Palau-solit\u00e0 i Plegamans<\/span><\/p>\n<p>Die Komturei von Palau-solit\u00e0 war an sich als letzte Etappe der oben beschriebenen Reise geplant, aber es passte zeitlich nicht und es war auch schon zuviel an Eindr\u00fccken. So mu\u00dfte diese Etappe aufgeschoben werden. Da wir am \u00fcbern\u00e4chsten Tag ohnehin nach Barcelona mu\u00dften, um unsere Tochter am Flughafen abzuholen, w\u00fcrden wir einfach etwas fr\u00fcher losfahren. Ich hatte die Templerkapelle nach Bildern, die ich schon mal im Internet gesehen hatte, als ein kleines asymetrisches Kapellchen in einem schlechten Erhaltungszustand in Erinnerung.<\/p>\n<p><a href=\"http:\/\/menzendorff.de\/wp-content\/uploads\/2016\/05\/DSC_0009.jpg\"><img loading=\"lazy\" class=\"aligncenter size-full wp-image-1098\" src=\"http:\/\/menzendorff.de\/wp-content\/uploads\/2016\/05\/DSC_0009.jpg\" alt=\"DSC_0009\" width=\"249\" height=\"299\" \/><\/a><\/p>\n<p style=\"text-align: left;\">Ein Blick in den Stadtplan von Palau best\u00e4tigt die Anwesenheit der Templer in diesem Ort. <a href=\"http:\/\/menzendorff.de\/wp-content\/uploads\/2016\/05\/Screenshot-2017-02-01-19.40.15.png\"><img loading=\"lazy\" class=\"aligncenter size-full wp-image-1096\" src=\"http:\/\/menzendorff.de\/wp-content\/uploads\/2016\/05\/Screenshot-2017-02-01-19.40.15.png\" alt=\"Screenshot 2017-02-01 19.40.15\" width=\"646\" height=\"540\" srcset=\"http:\/\/menzendorff.de\/wp-content\/uploads\/2016\/05\/Screenshot-2017-02-01-19.40.15.png 646w, http:\/\/menzendorff.de\/wp-content\/uploads\/2016\/05\/Screenshot-2017-02-01-19.40.15-300x251.png 300w, http:\/\/menzendorff.de\/wp-content\/uploads\/2016\/05\/Screenshot-2017-02-01-19.40.15-624x522.png 624w\" sizes=\"(max-width: 646px) 100vw, 646px\" \/><\/a>Google maps<\/p>\n<p style=\"text-align: left;\">Man erkennt die <em>Carrer Templers<\/em> und den <em>Cami Santa Magdalena <\/em>eine <em>Pla\u00e7a Santa Maria<\/em><\/p>\n<p>Wir kamen nach einer knapp eineinhalbst\u00fcndigen Autofahrt von Pals hier an und fanden unser Ziel schnell. Aber waren wir hier auch richtig? Ich konnte mir nicht vorstellen, wie sich so eine Kapellenruine in einem Ort ausmachen w\u00fcrde, der einen\u00a0\u00e4u\u00dferst gepflegten Gesamteindruck darbot und im \u00fcbrigen vornehmlich h\u00fcbsche, vermutlich teure Einfamilienh\u00e4user einladend pr\u00e4sentierte.\u00a0 Auch die Ortskirche Santa Maria zeigte sich in einwandfrei und stilsicher restauriertem Zustand:<\/p>\n<p style=\"text-align: center;\"><a href=\"http:\/\/menzendorff.de\/wp-content\/uploads\/2017\/01\/Pals-2016-152-1.jpg\"><img loading=\"lazy\" class=\"aligncenter size-large wp-image-1035\" src=\"http:\/\/menzendorff.de\/wp-content\/uploads\/2017\/01\/Pals-2016-152-1-1024x683.jpg\" alt=\"Pals 2016 152\" width=\"625\" height=\"417\" srcset=\"http:\/\/menzendorff.de\/wp-content\/uploads\/2017\/01\/Pals-2016-152-1.jpg 1024w, http:\/\/menzendorff.de\/wp-content\/uploads\/2017\/01\/Pals-2016-152-1-300x200.jpg 300w, http:\/\/menzendorff.de\/wp-content\/uploads\/2017\/01\/Pals-2016-152-1-768x512.jpg 768w, http:\/\/menzendorff.de\/wp-content\/uploads\/2017\/01\/Pals-2016-152-1-624x416.jpg 624w\" sizes=\"(max-width: 625px) 100vw, 625px\" \/><\/a>Santa Maria de Palau-solit\u00e0<\/p>\n<p><a href=\"http:\/\/menzendorff.de\/wp-content\/uploads\/2017\/01\/Pals-2016-147.jpg\"><img loading=\"lazy\" class=\"aligncenter size-large wp-image-1029\" src=\"http:\/\/menzendorff.de\/wp-content\/uploads\/2017\/01\/Pals-2016-147-1024x683.jpg\" alt=\"Pals 2016 147\" width=\"625\" height=\"417\" srcset=\"http:\/\/menzendorff.de\/wp-content\/uploads\/2017\/01\/Pals-2016-147.jpg 1024w, http:\/\/menzendorff.de\/wp-content\/uploads\/2017\/01\/Pals-2016-147-300x200.jpg 300w, http:\/\/menzendorff.de\/wp-content\/uploads\/2017\/01\/Pals-2016-147-768x512.jpg 768w, http:\/\/menzendorff.de\/wp-content\/uploads\/2017\/01\/Pals-2016-147-624x416.jpg 624w\" sizes=\"(max-width: 625px) 100vw, 625px\" \/><\/a><\/p>\n<p>Es ist deutlich zu erkennen, dass die Bausubstanz dieser Kirche ma\u00dfgeblich mittelalterlich ist. Die Einfassung des Portals d\u00fcrfte aus neuem Material bestehen. In unmittelbarer Umgebung der Kirche erkannte man mittelalterliche Mauerreste, die teilweise in modernere Geb\u00e4udestrukturen integriert waren.<\/p>\n<p style=\"text-align: center;\"><a href=\"http:\/\/menzendorff.de\/wp-content\/uploads\/2016\/05\/Pals-2016-159.jpg\"><img loading=\"lazy\" class=\"aligncenter size-large wp-image-1100\" src=\"http:\/\/menzendorff.de\/wp-content\/uploads\/2016\/05\/Pals-2016-159-1024x683.jpg\" alt=\"Pals 2016 159\" width=\"625\" height=\"417\" srcset=\"http:\/\/menzendorff.de\/wp-content\/uploads\/2016\/05\/Pals-2016-159.jpg 1024w, http:\/\/menzendorff.de\/wp-content\/uploads\/2016\/05\/Pals-2016-159-300x200.jpg 300w, http:\/\/menzendorff.de\/wp-content\/uploads\/2016\/05\/Pals-2016-159-768x512.jpg 768w, http:\/\/menzendorff.de\/wp-content\/uploads\/2016\/05\/Pals-2016-159-624x416.jpg 624w\" sizes=\"(max-width: 625px) 100vw, 625px\" \/><\/a>alter Ortskern von Palau-solit\u00e0<\/p>\n<p><a href=\"http:\/\/menzendorff.de\/wp-content\/uploads\/2017\/01\/Pals-2016-122.jpg\"><img loading=\"lazy\" class=\"aligncenter size-large wp-image-1030\" src=\"http:\/\/menzendorff.de\/wp-content\/uploads\/2017\/01\/Pals-2016-122-1024x683.jpg\" alt=\"Pals 2016 122\" width=\"625\" height=\"417\" srcset=\"http:\/\/menzendorff.de\/wp-content\/uploads\/2017\/01\/Pals-2016-122.jpg 1024w, http:\/\/menzendorff.de\/wp-content\/uploads\/2017\/01\/Pals-2016-122-300x200.jpg 300w, http:\/\/menzendorff.de\/wp-content\/uploads\/2017\/01\/Pals-2016-122-768x512.jpg 768w, http:\/\/menzendorff.de\/wp-content\/uploads\/2017\/01\/Pals-2016-122-624x416.jpg 624w\" sizes=\"(max-width: 625px) 100vw, 625px\" \/><\/a>Das Strassenschild befl\u00fcgelte uns, die Suche noch nicht so schnell aufzugeben. Am S\u00fcdeingang zu diesem Vorort von Palau war uns beim Vorbeifahren noch ein altes Gem\u00e4uer aufgefallen:<\/p>\n<p><a href=\"http:\/\/menzendorff.de\/wp-content\/uploads\/2017\/01\/Pals-2016-123.jpg\"><img loading=\"lazy\" class=\"aligncenter size-large wp-image-1031\" src=\"http:\/\/menzendorff.de\/wp-content\/uploads\/2017\/01\/Pals-2016-123-1024x683.jpg\" alt=\"Pals 2016 123\" width=\"625\" height=\"417\" srcset=\"http:\/\/menzendorff.de\/wp-content\/uploads\/2017\/01\/Pals-2016-123.jpg 1024w, http:\/\/menzendorff.de\/wp-content\/uploads\/2017\/01\/Pals-2016-123-300x200.jpg 300w, http:\/\/menzendorff.de\/wp-content\/uploads\/2017\/01\/Pals-2016-123-768x512.jpg 768w, http:\/\/menzendorff.de\/wp-content\/uploads\/2017\/01\/Pals-2016-123-624x416.jpg 624w\" sizes=\"(max-width: 625px) 100vw, 625px\" \/><\/a><\/p>\n<p><a href=\"http:\/\/menzendorff.de\/wp-content\/uploads\/2017\/01\/Pals-2016-126.jpg\"><img loading=\"lazy\" class=\"aligncenter size-large wp-image-1032\" src=\"http:\/\/menzendorff.de\/wp-content\/uploads\/2017\/01\/Pals-2016-126-1024x683.jpg\" alt=\"Pals 2016 126\" width=\"625\" height=\"417\" srcset=\"http:\/\/menzendorff.de\/wp-content\/uploads\/2017\/01\/Pals-2016-126.jpg 1024w, http:\/\/menzendorff.de\/wp-content\/uploads\/2017\/01\/Pals-2016-126-300x200.jpg 300w, http:\/\/menzendorff.de\/wp-content\/uploads\/2017\/01\/Pals-2016-126-768x512.jpg 768w, http:\/\/menzendorff.de\/wp-content\/uploads\/2017\/01\/Pals-2016-126-624x416.jpg 624w\" sizes=\"(max-width: 625px) 100vw, 625px\" \/><\/a>Es ist unklar geblieben, ob das vielleicht eine fr\u00fchere Ortsbefestigung oder ein Geh\u00f6ft ausserhalb des Ortskerns dargestellt hat, jedenfalls handelte es sich hier auch um mittelalterliche Mauern. An diese Mauern grenzte ein unbewohntes Haus, das von einer brusthohen Mauer umgeben und dessen Vorhof mit dichtem Geb\u00fcsch zugewachsen war. Hinter den B\u00fcschen blitzte einromanischer Torbogen hindurch, was das Adrenalin des Forschers m\u00e4chtig in Bewegung brachte. Nun, Turnen in der \u00d6ffentlichkeit ist nicht so sehr meine St\u00e4rke. Meiner Frau machte das indessen gar nichts aus. Das Wort, was ich zu vernehmen glaubte, als sie mir den Fotoapperat aus der Hand nahm und begann, \u00fcber die Mauer zu klettern, k\u00f6nnte &#8222;Memme&#8220; gelautet haben, aber da bin ich mir nicht sicher. Sie verschwand jedenfalls hinter den B\u00fcchen. Es raschelte und dauerte eine ganze Weile, bis sie wieder zum Vorschein kam, mit folgender Bildausbeute:<\/p>\n<p><a href=\"http:\/\/menzendorff.de\/wp-content\/uploads\/2017\/01\/Pals-2016-141.jpg\"><img loading=\"lazy\" class=\"aligncenter size-large wp-image-1033\" src=\"http:\/\/menzendorff.de\/wp-content\/uploads\/2017\/01\/Pals-2016-141-683x1024.jpg\" alt=\"Pals 2016 141\" width=\"625\" height=\"937\" srcset=\"http:\/\/menzendorff.de\/wp-content\/uploads\/2017\/01\/Pals-2016-141.jpg 683w, http:\/\/menzendorff.de\/wp-content\/uploads\/2017\/01\/Pals-2016-141-200x300.jpg 200w, http:\/\/menzendorff.de\/wp-content\/uploads\/2017\/01\/Pals-2016-141-624x936.jpg 624w\" sizes=\"(max-width: 625px) 100vw, 625px\" \/><\/a>Das war zwar immer noch nicht der Kapelleneingang, den ich suchte. Aber wir hatten hier ein Haus aus der Templerzeit entdeckt. Ich war deshalb nicht allzu traurig, dass unser Ausflug nicht das eigentliche Ziel erreichte. Das, was wir gefunden haben, h\u00e4tte ich auch nicht erwartet. Hier w\u00fcrde ich also noch einmal herkommen m\u00fcssen. Es w\u00fcrde garnicht so lange dauern, denn f\u00fcr die Herbstferien hatten wir bereits erneut unsere Traumunterkunft in Pals gebucht. Wir haben dann noch in Barcelona exquisit und mit fantastischem Ausblick am Yachthafen zu abend gegessen<\/p>\n<p style=\"text-align: center;\"><a href=\"http:\/\/menzendorff.de\/wp-content\/uploads\/2016\/05\/20160523_212659.jpg\"><img loading=\"lazy\" class=\"aligncenter size-large wp-image-1107\" src=\"http:\/\/menzendorff.de\/wp-content\/uploads\/2016\/05\/20160523_212659-1024x576.jpg\" alt=\"20160523_212659\" width=\"625\" height=\"352\" srcset=\"http:\/\/menzendorff.de\/wp-content\/uploads\/2016\/05\/20160523_212659.jpg 1024w, http:\/\/menzendorff.de\/wp-content\/uploads\/2016\/05\/20160523_212659-300x169.jpg 300w, http:\/\/menzendorff.de\/wp-content\/uploads\/2016\/05\/20160523_212659-768x432.jpg 768w, http:\/\/menzendorff.de\/wp-content\/uploads\/2016\/05\/20160523_212659-624x351.jpg 624w\" sizes=\"(max-width: 625px) 100vw, 625px\" \/><\/a>Barcelona, Yachthafen<\/p>\n<p>und anschlie\u00dfend unsere Tochter vom Flughafen abgeholt. Ab jetzt liess ich &#8211; jedenfalls f\u00fcr diesen Urlaub &#8211; von den Templern ab und wir erholten uns hier:<\/p>\n<p><a href=\"http:\/\/menzendorff.de\/wp-content\/uploads\/2016\/05\/Pals-2016-296.jpg\"><img loading=\"lazy\" class=\"aligncenter size-large wp-image-1102\" src=\"http:\/\/menzendorff.de\/wp-content\/uploads\/2016\/05\/Pals-2016-296-1024x683.jpg\" alt=\"Pals 2016 296\" width=\"625\" height=\"417\" srcset=\"http:\/\/menzendorff.de\/wp-content\/uploads\/2016\/05\/Pals-2016-296.jpg 1024w, http:\/\/menzendorff.de\/wp-content\/uploads\/2016\/05\/Pals-2016-296-300x200.jpg 300w, http:\/\/menzendorff.de\/wp-content\/uploads\/2016\/05\/Pals-2016-296-768x512.jpg 768w, http:\/\/menzendorff.de\/wp-content\/uploads\/2016\/05\/Pals-2016-296-624x416.jpg 624w\" sizes=\"(max-width: 625px) 100vw, 625px\" \/><\/a><\/p>\n","protected":false},"excerpt":{"rendered":"<p>Catalunya &#8211; Teil 2 Der Ausflug im Oktober letzten Jahres nach Spanien hatte eindeutig Appetit gemacht, dort noch viel mehr \u00fcber die Templer zu lernen und zu sehen. Ich bestellte mir also erstmal ein Buch zum Einstieg, und zwar das Werk &#8222;Los templarios en la pen\u00ednsula ib\u00e9rica&#8220; von Fuguet,\u00a0 Joan und Plaza, Carmen, Barcelona, 2005, [&hellip;]<\/p>\n","protected":false},"author":2,"featured_media":0,"comment_status":"open","ping_status":"open","sticky":false,"template":"","format":"standard","meta":[],"categories":[9],"tags":[],"_links":{"self":[{"href":"http:\/\/menzendorff.de\/index.php?rest_route=\/wp\/v2\/posts\/988"}],"collection":[{"href":"http:\/\/menzendorff.de\/index.php?rest_route=\/wp\/v2\/posts"}],"about":[{"href":"http:\/\/menzendorff.de\/index.php?rest_route=\/wp\/v2\/types\/post"}],"author":[{"embeddable":true,"href":"http:\/\/menzendorff.de\/index.php?rest_route=\/wp\/v2\/users\/2"}],"replies":[{"embeddable":true,"href":"http:\/\/menzendorff.de\/index.php?rest_route=%2Fwp%2Fv2%2Fcomments&post=988"}],"version-history":[{"count":50,"href":"http:\/\/menzendorff.de\/index.php?rest_route=\/wp\/v2\/posts\/988\/revisions"}],"predecessor-version":[{"id":2809,"href":"http:\/\/menzendorff.de\/index.php?rest_route=\/wp\/v2\/posts\/988\/revisions\/2809"}],"wp:attachment":[{"href":"http:\/\/menzendorff.de\/index.php?rest_route=%2Fwp%2Fv2%2Fmedia&parent=988"}],"wp:term":[{"taxonomy":"category","embeddable":true,"href":"http:\/\/menzendorff.de\/index.php?rest_route=%2Fwp%2Fv2%2Fcategories&post=988"},{"taxonomy":"post_tag","embeddable":true,"href":"http:\/\/menzendorff.de\/index.php?rest_route=%2Fwp%2Fv2%2Ftags&post=988"}],"curies":[{"name":"wp","href":"https:\/\/api.w.org\/{rel}","templated":true}]}}